{"id":10093,"date":"2018-11-06T13:45:57","date_gmt":"2018-11-06T11:45:57","guid":{"rendered":"https:\/\/blog-staging-es.raja-group.com\/?p=10093"},"modified":"2022-10-16T18:14:27","modified_gmt":"2022-10-16T16:14:27","slug":"embalaje-black-friday","status":"publish","type":"post","link":"https:\/\/www.rajapack.es\/blog-es\/embalaje-black-friday","title":{"rendered":"Los productos de embalaje m\u00e1s demandados de cara al Black Friday"},"content":{"rendered":"<p>Todo apunta a que el Black Friday 2018 ser\u00e1, una vez m\u00e1s, una fecha de r\u00e9cords comerciales. Las previsiones se\u00f1alan que <a href=\"https:\/\/www.efeempresas.com\/noticia\/proximo-black-friday-2018\/\" target=\"_blank\" rel=\"noopener\">las ventas online ascender\u00e1n a 1300 millones de euros en Espa\u00f1a<\/a>, lo que supone un incremento del 13% respecto a la cifra de 2017, seg\u00fan recoge EFE Empresas. Avanza, adem\u00e1s, la tendencia de adelantar las compras navide\u00f1as para aprovechar los descuentos que ofrecen los <em>retailers <\/em>y los comercios electr\u00f3nicos durante el \u00faltimo fin de semana de noviembre. \u00bfC\u00f3mo preparar tu tienda para afrontar este desaf\u00edo? Pues adquiriendo ya <strong>stock suficiente de embalaje para el Black Friday<\/strong>.<\/p>\n<p>Y, \u00bfqu\u00e9 tipo de productos de embalaje necesitas en esta \u00e9poca del a\u00f1o? En Rajapack hemos analizado <strong>cu\u00e1les de nuestras referencias experimentan una demanda mayor en las semanas previas al <em>viernes negro<\/em><\/strong>. \u00a1Repasa tus existencias y que el pr\u00f3ximo 23 de noviembre no te pille sin el embalaje apropiado!<\/p>\n<p>&nbsp;<\/p>\n<h2>Black Friday: embalajes para regalo<\/h2>\n<p>Los consumidores ven al Black Friday como una excelente oportunidad para adquirir los regalos de Navidad a buen precio. Por eso, las peticiones de <strong>embalajes para regalo <\/strong>que recibe Rajapack aumentan considerablemente durante el mes de noviembre.<\/p>\n<h3>1.\u00a0\u00a0\u00a0\u00a0\u00a0 Papel de regalo y papel de seda<\/h3>\n<p><a href=\"https:\/\/www.rajapack.es\/embalajes-para-regalo-comercio\/papel-regalo-portarrollos\/papel-kraft-regalo-clasico_OFF_ES_0555.html\"><img loading=\"lazy\" decoding=\"async\" class=\"alignright wp-image-10097 size-full\" src=\"https:\/\/www.rajapack.es\/blog-es\/wp-content\/uploads\/2018\/10\/papel-regalo-kraft.png\" alt=\"Papel de regalo kraft\" width=\"300\" height=\"234\" srcset=\"https:\/\/www.rajapack.es\/blog-es\/wp-content\/uploads\/2018\/10\/papel-regalo-kraft.png 300w, https:\/\/www.rajapack.es\/blog-es\/wp-content\/uploads\/2018\/10\/papel-regalo-kraft-288x225.png 288w\" sizes=\"(max-width: 300px) 100vw, 300px\" \/><\/a>Los usuarios buscan cuidar la presentaci\u00f3n de sus paquetes encargando diferentes tipos de papel, tanto para proteger el contenido como para envolverlo:<\/p>\n<ul>\n<li><strong><a href=\"https:\/\/www.rajapack.es\/embalajes-para-regalo-comercio\/papel-seda-relleno\/virutas-papel-relleno-color-sizzlepak_OFF_ES_0061.html\" target=\"_blank\" rel=\"noopener\">Virutas de papel<\/a> y <a href=\"https:\/\/www.rajapack.es\/embalajes-para-regalo-comercio\/papel-seda_C903510.html\" target=\"_blank\" rel=\"noopener\">papel de seda<\/a><\/strong> para rellenar los espacios vac\u00edos y evitar ara\u00f1azos y roces.<\/li>\n<li><strong><a href=\"https:\/\/www.rajapack.es\/embalajes-para-regalo-comercio\/papel-regalo-portarrollos\/papel-kraft-regalo-clasico_OFF_ES_0555.html\" target=\"_blank\" rel=\"noopener\">Papel kraft de regalo<\/a><\/strong>. En Rajapack lo tenemos disponible en seis colores, pero en la \u00e9poca pre-Black Friday los tonos que m\u00e1s triunfan son el rojo, el dorado y el plateado.<\/li>\n<\/ul>\n<h3>2.\u00a0\u00a0\u00a0\u00a0\u00a0 Cintas y lazos para regalo<\/h3>\n<p>El toque final lo aportan las <strong>cintas y lazos para regalo<\/strong>. Desde Rajapack hemos observado que los preferidos de nuestros clientes en estas fechas son las <a href=\"https:\/\/www.rajapack.es\/embalajes-para-regalo-comercio\/cintas-lazos-etiquetas-para-regalo\/cinta-aspecto-rafia_OFF_ES_0544.html\" target=\"_blank\" rel=\"noopener\">cintas efecto rafia de colores<\/a> y, sobre todo, las <a href=\"https:\/\/www.rajapack.es\/embalajes-para-regalo-comercio\/cintas-lazos-etiquetas-para-regalo\/cinta-aspecto-rafia-metalizada_OFF_ES_0545.html\" target=\"_blank\" rel=\"noopener\">bobinas de cinta de rafia metalizada en oro y plata<\/a>.<\/p>\n<p>&nbsp;<\/p>\n<h2>Embalajes de Black Friday para adelantarse a la Navidad<\/h2>\n<p>El Black Friday es un momento ideal para encargar <em>delicatessen<\/em> y especialidades gastron\u00f3micas que m\u00e1s adelante servir\u00e1n como detalle navide\u00f1o empresarial o particular. Por tanto, sube la demanda de embalajes para presentar botellas, jamones, latas, tarros, etc.<\/p>\n<h3>1.\u00a0\u00a0\u00a0\u00a0\u00a0 Estuches para botellas<\/h3>\n<p>Muy resistentes, con asa troquelada y capacidad para albergar uno, dos o tres elementos, nuestros <strong>estuches para botellas <\/strong>son una constante en los pedidos de embalaje que nos llegan a lo largo de estas semanas, tanto el <a href=\"https:\/\/www.rajapack.es\/embalajes-para-regalo-comercio\/embalajes-para-botellas-jamon\/estuche-presentacion-botellas-hevea_PDT00475.html\" target=\"_blank\" rel=\"noopener\">minimalista modelo H\u00e9v\u00e9a<\/a> como el <a href=\"https:\/\/www.rajapack.es\/embalajes-para-regalo-comercio\/embalajes-para-botellas-jamon\/estuche-presentacion-botellas-classic_OFF_ES_0550.html\" target=\"_blank\" rel=\"noopener\">elegante estuche para botellas Classic<\/a>.<\/p>\n<h3>2.\u00a0\u00a0\u00a0\u00a0\u00a0 Cajas para jamones<\/h3>\n<p>Fabricadas en cart\u00f3n de doble canal y recubiertas de papel kraft, nuestras <strong><a href=\"https:\/\/www.rajapack.es\/embalajes-para-regalo-comercio\/embalajes-para-botellas-jamon\/caja-expedicion-jamon_OFF_ES_0457.html\" target=\"_blank\" rel=\"noopener\">cajas para jamones<\/a><\/strong> se han ganado la confianza de nuestros clientes m\u00e1s atareados cuando se acerca la Navidad.<\/p>\n<p><a href=\"https:\/\/www.rajapack.es\/embalajes-para-regalo-comercio\/embalajes-para-botellas-jamon\/caja-expedicion-jamon_OFF_ES_0457.html\"><img loading=\"lazy\" decoding=\"async\" class=\"wp-image-10099 size-full aligncenter\" src=\"https:\/\/www.rajapack.es\/blog-es\/wp-content\/uploads\/2018\/10\/caja-jamones.png\" alt=\"Caja para jamones\" width=\"300\" height=\"282\" srcset=\"https:\/\/www.rajapack.es\/blog-es\/wp-content\/uploads\/2018\/10\/caja-jamones.png 300w, https:\/\/www.rajapack.es\/blog-es\/wp-content\/uploads\/2018\/10\/caja-jamones-239x225.png 239w\" sizes=\"(max-width: 300px) 100vw, 300px\" \/><\/a><\/p>\n<h3>3.\u00a0\u00a0\u00a0\u00a0\u00a0 Cajas de presentaci\u00f3n de productos<\/h3>\n<p>Tambi\u00e9n observamos un repunte apreciable en las ventas de nuestras <strong>cajas de presentaci\u00f3n de productos<\/strong>, muy \u00fatiles cuando se quiere incluir varios tipos de alimentos y sorprender con el <em>packaging <\/em>a los receptores. Dentro de nuestro cat\u00e1logo destacan la <a href=\"https:\/\/www.rajapack.es\/embalajes-para-regalo-comercio\/embalajes-para-botellas-jamon\/estuche-maletin-presentacion-productos-amarante_OFF_ES_0337.html\" target=\"_blank\" rel=\"noopener\">caja Horizon<\/a> y la <a href=\"https:\/\/www.rajapack.es\/embalajes-para-regalo-comercio\/sobres-para-regalo-bolsas-presentacion\/caja-regalo-cierre-iman_OFF_ES_0334.html\" target=\"_blank\" rel=\"noopener\">caja para regalo con cierre im\u00e1n<\/a>.<\/p>\n<p>&nbsp;<\/p>\n<h2>Libros, moda y tecnolog\u00eda: opciones para embalarlos en el Black Friday<\/h2>\n<p>Gran parte de las ventas online del Black Friday se orientan hacia <strong>la tecnolog\u00eda, la moda y el ocio<\/strong>. Para este tipo de objetos como ropa, calzado, material deportivo, libros, m\u00f3viles, <em>wearables<\/em>, etc., se imponen los embalajes de protecci\u00f3n y las cajas para env\u00edos postales. <strong>Si tienes una tienda online tenemos los embalajes que vas a necesitar<\/strong>.<\/p>\n<p><img loading=\"lazy\" decoding=\"async\" class=\"wp-image-10136 size-full\" src=\"https:\/\/www.rajapack.es\/blog-es\/wp-content\/uploads\/2018\/10\/Embalajes_Ecommerce1-e1541504572425.jpg\" alt=\"Embalajes para tiendas online\" width=\"633\" height=\"183\" srcset=\"https:\/\/www.rajapack.es\/blog-es\/wp-content\/uploads\/2018\/10\/Embalajes_Ecommerce1-e1541504572425.jpg 633w, https:\/\/www.rajapack.es\/blog-es\/wp-content\/uploads\/2018\/10\/Embalajes_Ecommerce1-e1541504572425-430x124.jpg 430w\" sizes=\"(max-width: 633px) 100vw, 633px\" \/><\/p>\n<p><img loading=\"lazy\" decoding=\"async\" class=\"wp-image-10137 size-full\" src=\"https:\/\/www.rajapack.es\/blog-es\/wp-content\/uploads\/2018\/10\/Embalajes_Ecommerce2.jpg\" alt=\"\" width=\"599\" height=\"185\" srcset=\"https:\/\/www.rajapack.es\/blog-es\/wp-content\/uploads\/2018\/10\/Embalajes_Ecommerce2.jpg 599w, https:\/\/www.rajapack.es\/blog-es\/wp-content\/uploads\/2018\/10\/Embalajes_Ecommerce2-430x133.jpg 430w, https:\/\/www.rajapack.es\/blog-es\/wp-content\/uploads\/2018\/10\/Embalajes_Ecommerce2-375x116.jpg 375w\" sizes=\"(max-width: 599px) 100vw, 599px\" \/><\/p>\n<h3>Cajas y estuches para env\u00edos postales<\/h3>\n<p>Nuestra gama de <strong><a href=\"https:\/\/www.rajapack.es\/cajas-carton-contenedores-cajas-postales\/cajas-estuches-para-envios-postales_C1030.html\" target=\"_blank\" rel=\"noopener\">embalaje para env\u00edos postales<\/a><\/strong> registra un pico de demanda cuando se aproxima el <em>viernes negro<\/em>, especialmente los estuches para libros, las cajas adaptables o los kits de e-commerce. Como complemento, y para aportar seguridad en el transporte, tambi\u00e9n se incrementa la adquisici\u00f3n de:<\/p>\n<ul>\n<li><a href=\"https:\/\/www.rajapack.es\/sobres-bolsas-tubos-envio\/sobres-acolchados_C2010.html\" target=\"_blank\" rel=\"noopener\">Sobres acolchados<\/a> con pl\u00e1stico de burbujas.<\/li>\n<li>Y el propio <a href=\"https:\/\/www.rajapack.es\/relleno-proteccion\/plastico-burbujas_C4010.html\" target=\"_blank\" rel=\"noopener\">pl\u00e1stico de burbujas<\/a> en rollos y en bolsitas.<\/li>\n<\/ul>\n<p>&nbsp;<\/p>\n<p><a href=\"https:\/\/www.rajapack.es\/blog-es\/black-friday-2017-preparate-record-ventas\" target=\"_blank\" rel=\"noopener\">Prepara para el Black Friday tu e-commerce<\/a> o tu negocio. Y no descuides los detalles, si tu tienda ofrece una experiencia de compra impecable, seguro que tu cliente repetir\u00e1 en la campa\u00f1a de Navidad, el Black Friday solo es el pistoletazo de salida de una campa\u00f1a que acaba de comenzar.<\/p>\n<p><strong>Y recuerda que en Rajapack tenemos todos los productos de embalaje que necesitas<\/strong> para empaquetar y enviar tus mercanc\u00edas. No te quedes atr\u00e1s y \u00a1haz tu pedido ya!<\/p>\n","protected":false},"excerpt":{"rendered":"<p>En las semanas previas al Black Friday crece la demanda de ciertos productos de embalaje: los imprescindibles para afrontar esta fecha con solvencia en los establecimientos f\u00edsicos y en las tiendas online. Descubre cu\u00e1les son y toma medidas para evitar que la temporada m\u00e1s comercial del a\u00f1o te pille sin suficientes existencias.<\/p>\n","protected":false},"author":31,"featured_media":10132,"comment_status":"open","ping_status":"open","sticky":false,"template":"","format":"standard","meta":{"_acf_changed":false,"footnotes":""},"categories":[4],"tags":[106],"class_list":["post-10093","post","type-post","status-publish","format-standard","has-post-thumbnail","hentry","category-embalaje","tag-embalajes"],"acf":[],"yoast_head":"\n<title>Black Friday: productos de embalaje m\u00e1s demandados | Rajapack<\/title>\n<meta name=\"description\" content=\"Rajapack analiza cu\u00e1les son los productos de embalaje m\u00e1s solicitados en las semanas previas al Black Friday. \u00a1Que no falten en tu tienda!\" \/>\n<meta name=\"robots\" content=\"index, follow, max-snippet:-1, max-image-preview:large, max-video-preview:-1\" \/>\n<link rel=\"canonical\" href=\"https:\/\/www.rajapack.es\/blog-es\/embalaje-black-friday\" \/>\n<meta property=\"og:locale\" content=\"es_ES\" \/>\n<meta property=\"og:type\" content=\"article\" \/>\n<meta property=\"og:title\" content=\"Black Friday: productos de embalaje m\u00e1s demandados | Rajapack\" \/>\n<meta property=\"og:description\" content=\"Rajapack analiza cu\u00e1les son los productos de embalaje m\u00e1s solicitados en las semanas previas al Black Friday. \u00a1Que no falten en tu tienda!\" \/>\n<meta property=\"og:url\" content=\"https:\/\/www.rajapack.es\/blog-es\/embalaje-black-friday\" \/>\n<meta property=\"og:site_name\" content=\"RAJAPACK Blog | Consejos de embalaje, log\u00edstica y m\u00e1s\" \/>\n<meta property=\"article:publisher\" content=\"https:\/\/www.facebook.com\/Rajapack.es\" \/>\n<meta property=\"article:published_time\" content=\"2018-11-06T11:45:57+00:00\" \/>\n<meta property=\"article:modified_time\" content=\"2022-10-16T16:14:27+00:00\" \/>\n<meta property=\"og:image\" content=\"https:\/\/www.rajapack.es\/blog-es\/wp-content\/uploads\/2018\/10\/black-friday-embalaje.gif\" \/>\n\t<meta property=\"og:image:width\" content=\"850\" \/>\n\t<meta property=\"og:image:height\" content=\"450\" \/>\n\t<meta property=\"og:image:type\" content=\"image\/gif\" \/>\n<meta name=\"author\" content=\"Beatriz GONZALES\" \/>\n<meta name=\"twitter:card\" content=\"summary_large_image\" \/>\n<meta name=\"twitter:creator\" content=\"@RajapackES\" \/>\n<meta name=\"twitter:site\" content=\"@RajapackES\" \/>\n<meta name=\"twitter:label1\" content=\"Escrito por\" \/>\n\t<meta name=\"twitter:data1\" content=\"Beatriz GONZALES\" \/>\n\t<meta name=\"twitter:label2\" content=\"Tiempo de lectura\" \/>\n\t<meta name=\"twitter:data2\" content=\"4 minutos\" \/>\n<script type=\"application\/ld+json\" class=\"yoast-schema-graph\">{\n\t    \"@context\": \"https:\/\/schema.org\",\n\t    \"@graph\": [\n\t        {\n\t            \"@type\": \"Article\",\n\t            \"@id\": \"https:\/\/www.rajapack.es\/blog-es\/embalaje-black-friday#article\",\n\t            \"isPartOf\": {\n\t                \"@id\": \"https:\/\/www.rajapack.es\/blog-es\/embalaje-black-friday\"\n\t            },\n\t            \"author\": {\n\t                \"name\": \"Beatriz GONZALES\",\n\t                \"@id\": \"https:\/\/www.rajapack.es\/blog-es\/#\/schema\/person\/9fac94e7fcd0aa6d015f7202bd4e2b0f\"\n\t            },\n\t            \"headline\": \"Los productos de embalaje m\u00e1s demandados de cara al Black Friday\",\n\t            \"datePublished\": \"2018-11-06T11:45:57+00:00\",\n\t            \"dateModified\": \"2022-10-16T16:14:27+00:00\",\n\t            \"mainEntityOfPage\": {\n\t                \"@id\": \"https:\/\/www.rajapack.es\/blog-es\/embalaje-black-friday\"\n\t            },\n\t            \"wordCount\": 770,\n\t            \"commentCount\": 0,\n\t            \"publisher\": {\n\t                \"@id\": \"https:\/\/www.rajapack.es\/blog-es\/#organization\"\n\t            },\n\t            \"image\": {\n\t                \"@id\": \"https:\/\/www.rajapack.es\/blog-es\/embalaje-black-friday#primaryimage\"\n\t            },\n\t            \"thumbnailUrl\": \"https:\/\/www.rajapack.es\/blog-es\/wp-content\/uploads\/2018\/10\/black-friday-embalaje.gif\",\n\t            \"keywords\": [\n\t                \"embalajes\"\n\t            ],\n\t            \"articleSection\": [\n\t                \"Novedades &amp; Consejos de embalaje\"\n\t            ],\n\t            \"inLanguage\": \"es\",\n\t            \"potentialAction\": [\n\t                {\n\t                    \"@type\": \"CommentAction\",\n\t                    \"name\": \"Comment\",\n\t                    \"target\": [\n\t                        \"https:\/\/www.rajapack.es\/blog-es\/embalaje-black-friday#respond\"\n\t                    ]\n\t                }\n\t            ]\n\t        },\n\t        {\n\t            \"@type\": \"WebPage\",\n\t            \"@id\": \"https:\/\/www.rajapack.es\/blog-es\/embalaje-black-friday\",\n\t            \"url\": \"https:\/\/www.rajapack.es\/blog-es\/embalaje-black-friday\",\n\t            \"name\": \"Black Friday: productos de embalaje m\u00e1s demandados | Rajapack\",\n\t            \"isPartOf\": {\n\t                \"@id\": \"https:\/\/www.rajapack.es\/blog-es\/#website\"\n\t            },\n\t            \"primaryImageOfPage\": {\n\t                \"@id\": \"https:\/\/www.rajapack.es\/blog-es\/embalaje-black-friday#primaryimage\"\n\t            },\n\t            \"image\": {\n\t                \"@id\": \"https:\/\/www.rajapack.es\/blog-es\/embalaje-black-friday#primaryimage\"\n\t            },\n\t            \"thumbnailUrl\": \"https:\/\/www.rajapack.es\/blog-es\/wp-content\/uploads\/2018\/10\/black-friday-embalaje.gif\",\n\t            \"datePublished\": \"2018-11-06T11:45:57+00:00\",\n\t            \"dateModified\": \"2022-10-16T16:14:27+00:00\",\n\t            \"description\": \"Rajapack analiza cu\u00e1les son los productos de embalaje m\u00e1s solicitados en las semanas previas al Black Friday. \u00a1Que no falten en tu tienda!\",\n\t            \"inLanguage\": \"es\",\n\t            \"potentialAction\": [\n\t                {\n\t                    \"@type\": \"ReadAction\",\n\t                    \"target\": [\n\t                        \"https:\/\/www.rajapack.es\/blog-es\/embalaje-black-friday\"\n\t                    ]\n\t                }\n\t            ]\n\t        },\n\t        {\n\t            \"@type\": \"ImageObject\",\n\t            \"inLanguage\": \"es\",\n\t            \"@id\": \"https:\/\/www.rajapack.es\/blog-es\/embalaje-black-friday#primaryimage\",\n\t            \"url\": \"https:\/\/www.rajapack.es\/blog-es\/wp-content\/uploads\/2018\/10\/black-friday-embalaje.gif\",\n\t            \"contentUrl\": \"https:\/\/www.rajapack.es\/blog-es\/wp-content\/uploads\/2018\/10\/black-friday-embalaje.gif\",\n\t            \"width\": 850,\n\t            \"height\": 450,\n\t            \"caption\": \"Black Friday Embalajes\"\n\t        },\n\t        {\n\t            \"@type\": \"WebSite\",\n\t            \"@id\": \"https:\/\/www.rajapack.es\/blog-es\/#website\",\n\t            \"url\": \"https:\/\/www.rajapack.es\/blog-es\/\",\n\t            \"name\": \"RAJAPACK Blog | Consejos de embalaje, log\u00edstica y m\u00e1s\",\n\t            \"description\": \"Consejos de embalaje, logistica y m\u00e1s\",\n\t            \"publisher\": {\n\t                \"@id\": \"https:\/\/www.rajapack.es\/blog-es\/#organization\"\n\t            },\n\t            \"potentialAction\": [\n\t                {\n\t                    \"@type\": \"SearchAction\",\n\t                    \"target\": {\n\t                        \"@type\": \"EntryPoint\",\n\t                        \"urlTemplate\": \"https:\/\/www.rajapack.es\/blog-es\/?s={search_term_string}\"\n\t                    },\n\t                    \"query-input\": {\n\t                        \"@type\": \"PropertyValueSpecification\",\n\t                        \"valueRequired\": true,\n\t                        \"valueName\": \"search_term_string\"\n\t                    }\n\t                }\n\t            ],\n\t            \"inLanguage\": \"es\"\n\t        },\n\t        {\n\t            \"@type\": \"Organization\",\n\t            \"@id\": \"https:\/\/www.rajapack.es\/blog-es\/#organization\",\n\t            \"name\": \"RAJA ES\",\n\t            \"url\": \"https:\/\/www.rajapack.es\/blog-es\/\",\n\t            \"logo\": {\n\t                \"@type\": \"ImageObject\",\n\t                \"inLanguage\": \"es\",\n\t                \"@id\": \"https:\/\/www.rajapack.es\/blog-es\/#\/schema\/logo\/image\/\",\n\t                \"url\": \"https:\/\/www.rajapack.es\/blog-es\/wp-content\/uploads\/2021\/10\/logo-mobile@3x.png\",\n\t                \"contentUrl\": \"https:\/\/www.rajapack.es\/blog-es\/wp-content\/uploads\/2021\/10\/logo-mobile@3x.png\",\n\t                \"width\": 534,\n\t                \"height\": 114,\n\t                \"caption\": \"RAJA ES\"\n\t            },\n\t            \"image\": {\n\t                \"@id\": \"https:\/\/www.rajapack.es\/blog-es\/#\/schema\/logo\/image\/\"\n\t            },\n\t            \"sameAs\": [\n\t                \"https:\/\/www.facebook.com\/Rajapack.es\",\n\t                \"https:\/\/x.com\/RajapackES\",\n\t                \"https:\/\/www.linkedin.com\/company\/rajapack-spain\/\",\n\t                \"https:\/\/www.youtube.com\/user\/RajapackES\"\n\t            ]\n\t        },\n\t        {\n\t            \"@type\": \"Person\",\n\t            \"@id\": \"https:\/\/www.rajapack.es\/blog-es\/#\/schema\/person\/9fac94e7fcd0aa6d015f7202bd4e2b0f\",\n\t            \"name\": \"Beatriz GONZALES\",\n\t            \"image\": {\n\t                \"@type\": \"ImageObject\",\n\t                \"inLanguage\": \"es\",\n\t                \"@id\": \"https:\/\/www.rajapack.es\/blog-es\/#\/schema\/person\/image\/\",\n\t                \"url\": \"https:\/\/secure.gravatar.com\/avatar\/8d60a8c60719946f0508b6546da3680b?s=96&d=mm&r=g\",\n\t                \"contentUrl\": \"https:\/\/secure.gravatar.com\/avatar\/8d60a8c60719946f0508b6546da3680b?s=96&d=mm&r=g\",\n\t                \"caption\": \"Beatriz GONZALES\"\n\t            },\n\t            \"description\": \"User Wordpress\",\n\t            \"url\": \"https:\/\/www.rajapack.es\/blog-es\/author\/beatriz-gonzales\"\n\t        }\n\t    ]\n\t}<\/script>\n","yoast_head_json":{"title":"Black Friday: productos de embalaje m\u00e1s demandados | Rajapack","description":"Rajapack analiza cu\u00e1les son los productos de embalaje m\u00e1s solicitados en las semanas previas al Black Friday. \u00a1Que no falten en tu tienda!","robots":{"index":"index","follow":"follow","max-snippet":"max-snippet:-1","max-image-preview":"max-image-preview:large","max-video-preview":"max-video-preview:-1"},"canonical":"https:\/\/www.rajapack.es\/blog-es\/embalaje-black-friday","og_locale":"es_ES","og_type":"article","og_title":"Black Friday: productos de embalaje m\u00e1s demandados | Rajapack","og_description":"Rajapack analiza cu\u00e1les son los productos de embalaje m\u00e1s solicitados en las semanas previas al Black Friday. \u00a1Que no falten en tu tienda!","og_url":"https:\/\/www.rajapack.es\/blog-es\/embalaje-black-friday","og_site_name":"RAJAPACK Blog | Consejos de embalaje, log\u00edstica y m\u00e1s","article_publisher":"https:\/\/www.facebook.com\/Rajapack.es","article_published_time":"2018-11-06T11:45:57+00:00","article_modified_time":"2022-10-16T16:14:27+00:00","og_image":[{"width":850,"height":450,"url":"https:\/\/www.rajapack.es\/blog-es\/wp-content\/uploads\/2018\/10\/black-friday-embalaje.gif","type":"image\/gif"}],"author":"Beatriz GONZALES","twitter_card":"summary_large_image","twitter_creator":"@RajapackES","twitter_site":"@RajapackES","twitter_misc":{"Escrito por":"Beatriz GONZALES","Tiempo de lectura":"4 minutos"},"schema":{"@context":"https:\/\/schema.org","@graph":[{"@type":"Article","@id":"https:\/\/www.rajapack.es\/blog-es\/embalaje-black-friday#article","isPartOf":{"@id":"https:\/\/www.rajapack.es\/blog-es\/embalaje-black-friday"},"author":{"name":"Beatriz GONZALES","@id":"https:\/\/www.rajapack.es\/blog-es\/#\/schema\/person\/9fac94e7fcd0aa6d015f7202bd4e2b0f"},"headline":"Los productos de embalaje m\u00e1s demandados de cara al Black Friday","datePublished":"2018-11-06T11:45:57+00:00","dateModified":"2022-10-16T16:14:27+00:00","mainEntityOfPage":{"@id":"https:\/\/www.rajapack.es\/blog-es\/embalaje-black-friday"},"wordCount":770,"commentCount":0,"publisher":{"@id":"https:\/\/www.rajapack.es\/blog-es\/#organization"},"image":{"@id":"https:\/\/www.rajapack.es\/blog-es\/embalaje-black-friday#primaryimage"},"thumbnailUrl":"https:\/\/www.rajapack.es\/blog-es\/wp-content\/uploads\/2018\/10\/black-friday-embalaje.gif","keywords":["embalajes"],"articleSection":["Novedades &amp; Consejos de embalaje"],"inLanguage":"es","potentialAction":[{"@type":"CommentAction","name":"Comment","target":["https:\/\/www.rajapack.es\/blog-es\/embalaje-black-friday#respond"]}]},{"@type":"WebPage","@id":"https:\/\/www.rajapack.es\/blog-es\/embalaje-black-friday","url":"https:\/\/www.rajapack.es\/blog-es\/embalaje-black-friday","name":"Black Friday: productos de embalaje m\u00e1s demandados | Rajapack","isPartOf":{"@id":"https:\/\/www.rajapack.es\/blog-es\/#website"},"primaryImageOfPage":{"@id":"https:\/\/www.rajapack.es\/blog-es\/embalaje-black-friday#primaryimage"},"image":{"@id":"https:\/\/www.rajapack.es\/blog-es\/embalaje-black-friday#primaryimage"},"thumbnailUrl":"https:\/\/www.rajapack.es\/blog-es\/wp-content\/uploads\/2018\/10\/black-friday-embalaje.gif","datePublished":"2018-11-06T11:45:57+00:00","dateModified":"2022-10-16T16:14:27+00:00","description":"Rajapack analiza cu\u00e1les son los productos de embalaje m\u00e1s solicitados en las semanas previas al Black Friday. \u00a1Que no falten en tu tienda!","inLanguage":"es","potentialAction":[{"@type":"ReadAction","target":["https:\/\/www.rajapack.es\/blog-es\/embalaje-black-friday"]}]},{"@type":"ImageObject","inLanguage":"es","@id":"https:\/\/www.rajapack.es\/blog-es\/embalaje-black-friday#primaryimage","url":"https:\/\/www.rajapack.es\/blog-es\/wp-content\/uploads\/2018\/10\/black-friday-embalaje.gif","contentUrl":"https:\/\/www.rajapack.es\/blog-es\/wp-content\/uploads\/2018\/10\/black-friday-embalaje.gif","width":850,"height":450,"caption":"Black Friday Embalajes"},{"@type":"WebSite","@id":"https:\/\/www.rajapack.es\/blog-es\/#website","url":"https:\/\/www.rajapack.es\/blog-es\/","name":"RAJAPACK Blog | Consejos de embalaje, log\u00edstica y m\u00e1s","description":"Consejos de embalaje, logistica y m\u00e1s","publisher":{"@id":"https:\/\/www.rajapack.es\/blog-es\/#organization"},"potentialAction":[{"@type":"SearchAction","target":{"@type":"EntryPoint","urlTemplate":"https:\/\/www.rajapack.es\/blog-es\/?s={search_term_string}"},"query-input":{"@type":"PropertyValueSpecification","valueRequired":true,"valueName":"search_term_string"}}],"inLanguage":"es"},{"@type":"Organization","@id":"https:\/\/www.rajapack.es\/blog-es\/#organization","name":"RAJA ES","url":"https:\/\/www.rajapack.es\/blog-es\/","logo":{"@type":"ImageObject","inLanguage":"es","@id":"https:\/\/www.rajapack.es\/blog-es\/#\/schema\/logo\/image\/","url":"https:\/\/www.rajapack.es\/blog-es\/wp-content\/uploads\/2021\/10\/logo-mobile@3x.png","contentUrl":"https:\/\/www.rajapack.es\/blog-es\/wp-content\/uploads\/2021\/10\/logo-mobile@3x.png","width":534,"height":114,"caption":"RAJA ES"},"image":{"@id":"https:\/\/www.rajapack.es\/blog-es\/#\/schema\/logo\/image\/"},"sameAs":["https:\/\/www.facebook.com\/Rajapack.es","https:\/\/x.com\/RajapackES","https:\/\/www.linkedin.com\/company\/rajapack-spain\/","https:\/\/www.youtube.com\/user\/RajapackES"]},{"@type":"Person","@id":"https:\/\/www.rajapack.es\/blog-es\/#\/schema\/person\/9fac94e7fcd0aa6d015f7202bd4e2b0f","name":"Beatriz GONZALES","image":{"@type":"ImageObject","inLanguage":"es","@id":"https:\/\/www.rajapack.es\/blog-es\/#\/schema\/person\/image\/","url":"https:\/\/secure.gravatar.com\/avatar\/8d60a8c60719946f0508b6546da3680b?s=96&d=mm&r=g","contentUrl":"https:\/\/secure.gravatar.com\/avatar\/8d60a8c60719946f0508b6546da3680b?s=96&d=mm&r=g","caption":"Beatriz GONZALES"},"description":"User Wordpress","url":"https:\/\/www.rajapack.es\/blog-es\/author\/beatriz-gonzales"}]}},"_links":{"self":[{"href":"https:\/\/www.rajapack.es\/blog-es\/wp-json\/wp\/v2\/posts\/10093"}],"collection":[{"href":"https:\/\/www.rajapack.es\/blog-es\/wp-json\/wp\/v2\/posts"}],"about":[{"href":"https:\/\/www.rajapack.es\/blog-es\/wp-json\/wp\/v2\/types\/post"}],"author":[{"embeddable":true,"href":"https:\/\/www.rajapack.es\/blog-es\/wp-json\/wp\/v2\/users\/31"}],"replies":[{"embeddable":true,"href":"https:\/\/www.rajapack.es\/blog-es\/wp-json\/wp\/v2\/comments?post=10093"}],"version-history":[{"count":0,"href":"https:\/\/www.rajapack.es\/blog-es\/wp-json\/wp\/v2\/posts\/10093\/revisions"}],"wp:featuredmedia":[{"embeddable":true,"href":"https:\/\/www.rajapack.es\/blog-es\/wp-json\/wp\/v2\/media\/10132"}],"wp:attachment":[{"href":"https:\/\/www.rajapack.es\/blog-es\/wp-json\/wp\/v2\/media?parent=10093"}],"wp:term":[{"taxonomy":"category","embeddable":true,"href":"https:\/\/www.rajapack.es\/blog-es\/wp-json\/wp\/v2\/categories?post=10093"},{"taxonomy":"post_tag","embeddable":true,"href":"https:\/\/www.rajapack.es\/blog-es\/wp-json\/wp\/v2\/tags?post=10093"}],"curies":[{"name":"wp","href":"https:\/\/api.w.org\/{rel}","templated":true}]}}