{"id":10193,"date":"2018-11-23T16:58:23","date_gmt":"2018-11-23T14:58:23","guid":{"rendered":"https:\/\/blog-staging-es.raja-group.com\/?p=10193"},"modified":"2022-10-16T17:11:48","modified_gmt":"2022-10-16T15:11:48","slug":"marc-marquez-cajas-hormiguero","status":"publish","type":"post","link":"https:\/\/www.rajapack.es\/blog-es\/marc-marquez-cajas-hormiguero","title":{"rendered":"El Hormiguero: Marc M\u00e1rquez compite con nuestras cajas"},"content":{"rendered":"<p>Ayer, 22 de noviembre,<strong> \u00a1estuvimos por novena vez en El Hormiguero!<\/strong> \u00bfLo viste? Seguro que s\u00ed porque fue el programa m\u00e1s visto en Antena 3, con un 14&#8217;7% de share y 2.684.000 espectadores \ud83d\ude09<\/p>\n<p>Esta vez, nuestras protagonistas, <a href=\"https:\/\/www.rajapack.es\/cajas-carton-contenedores-cajas-postales_C10.html\">las cajas<\/a>, ayudaron a Marc M\u00e1rquez (vigente Campe\u00f3n del Mundo de MotoGP) y Pablo Motos para que pudieran hacer 2 tipos de carreras, te lo explicamos a continuaci\u00f3n:<\/p>\n<h2>\u00bfC\u00f3mo fue la primera carrera de El Hormiguero?<\/h2>\n<p>Pablo Motos le llama <strong>\u00abEl primer videojuego anal\u00f3gico\u00bb<\/strong>, el\u00a0equipo de El Hormiguero mont\u00f3 2 sillas, cada una de ellas<span style=\"color: #ff0000;\">\u00a0<\/span>ten\u00eda una propia pantalla. Estas sillas son las que utilizan Pablo y Marc para conducir 2 coches teledirigidos que se mueven f\u00edsicamente por una pista construida dentro del plat\u00f3 de El Hormiguero. Y es ah\u00ed donde cobran protagonismo nuestras cajas: Formaban parte de la pista.<\/p>\n<p>Lo m\u00e1s interesante de esta carrera es que si ganaba Pablo o Marc una persona del p\u00fablico (que eran todos amantes de MotoGP) se pod\u00eda llevar&#8230; \u00a1una moto Repsol Honda CBR1000RR!<\/p>\n<p>Si quieres saber qui\u00e9n gana&#8230; Mira este v\u00eddeo: <a href=\"https:\/\/www.atresplayer.com\/antena3\/programas\/el-hormiguero\/clips\/video-marc-marquez-pablo-motos-retan-carrera-motocuadrigas_5bf72fa47ed1a8c62d08a4d8\/\">Carrera de coches teledirigidos con Marc M\u00e1rquez.<\/a><\/p>\n<p><img loading=\"lazy\" decoding=\"async\" class=\"aligncenter wp-image-10196 size-full\" src=\"https:\/\/www.rajapack.es\/blog-es\/wp-content\/uploads\/2018\/11\/marc_marquez1.jpg\" alt=\"Carrera Marc Marquez hormiguero\" width=\"850\" height=\"450\" srcset=\"https:\/\/www.rajapack.es\/blog-es\/wp-content\/uploads\/2018\/11\/marc_marquez1.jpg 850w, https:\/\/www.rajapack.es\/blog-es\/wp-content\/uploads\/2018\/11\/marc_marquez1-430x228.jpg 430w, https:\/\/www.rajapack.es\/blog-es\/wp-content\/uploads\/2018\/11\/marc_marquez1-768x407.jpg 768w, https:\/\/www.rajapack.es\/blog-es\/wp-content\/uploads\/2018\/11\/marc_marquez1-375x199.jpg 375w\" sizes=\"(max-width: 850px) 100vw, 850px\" \/><\/p>\n<h2>\u00bfC\u00f3mo fue la segunda carrera del Hormiguero?<\/h2>\n<p>A esta carrera la llamaron las <strong>\u00abMotocu\u00e1drigas\u00bb<\/strong>, recuerda las cu\u00e1drigas romanas, pero en vez de caballos&#8230; \u00a1Utilizaron motos!<\/p>\n<p>Las Motocu\u00e1drigas pesaban mucho y era muy dif\u00edcil frenar, pero a pesar de todo y sum\u00e1ndole la lesi\u00f3n de hombro de Marc M\u00e1rquez, pudieron hacer la carrera a la perfecci\u00f3n. \u00a1Pero no vamos a hacerte spoiler! Si quieres saber qui\u00e9n gana&#8230; Mira este v\u00eddeo: <a href=\"https:\/\/www.atresplayer.com\/antena3\/programas\/el-hormiguero\/clips\/video-marc-marquez-pablo-motos-retan-carrera-motocuadrigas_5bf72fa47ed1a8c62d08a4d8\/\">Carrera de Motocu\u00e1drigas con Marc M\u00e1rquez.<\/a><\/p>\n<p><img loading=\"lazy\" decoding=\"async\" class=\"aligncenter wp-image-10199 size-full\" src=\"https:\/\/www.rajapack.es\/blog-es\/wp-content\/uploads\/2018\/11\/marc_marquez4.jpg\" alt=\"Carrera motos Marc Marquez contra Pablo Motos\" width=\"850\" height=\"450\" srcset=\"https:\/\/www.rajapack.es\/blog-es\/wp-content\/uploads\/2018\/11\/marc_marquez4.jpg 850w, https:\/\/www.rajapack.es\/blog-es\/wp-content\/uploads\/2018\/11\/marc_marquez4-430x228.jpg 430w, https:\/\/www.rajapack.es\/blog-es\/wp-content\/uploads\/2018\/11\/marc_marquez4-768x407.jpg 768w, https:\/\/www.rajapack.es\/blog-es\/wp-content\/uploads\/2018\/11\/marc_marquez4-375x199.jpg 375w\" sizes=\"(max-width: 850px) 100vw, 850px\" \/><\/p>\n<h2>\u00bfQuieres saber m\u00e1s de nuestras cajas de cart\u00f3n?<\/h2>\n<p>Contamos con m\u00e1s de 800 formatos de cajas en stock, \u00a1y te las entregamos en 24\/48h\u00a0en cualquier parte de la Espa\u00f1a peninsular!<\/p>\n<p>La calidad de nuestras cajas postales y cajas de cart\u00f3n son excelentes, asegura la m\u00e1xima protecci\u00f3n de todos tus productos, resisten la humedad, las variaciones de temperatura&#8230; \u00a1Comprobad\u00edsimo en este episodio de El Hormiguero!<\/p>\n<div class=\"su-button-center\"><a href=\"https:\/\/www.rajapack.es\/cajas-carton-contenedores-cajas-postales_C10.html\" class=\"su-button su-button-style-3d\" style=\"color:#FFFFFF;background-color:#2D89EF;border-color:#246ec0;border-radius:9px\" target=\"_blank\" rel=\"noopener noreferrer\"><span style=\"color:#FFFFFF;padding:8px 24px;font-size:18px;line-height:27px;border-color:#6cadf4;border-radius:9px;text-shadow:none\"><i class=\"sui sui-mouse-pointer\" style=\"font-size:18px;color:#FFFFFF\"><\/i> Comprar cajas de cart\u00f3n<\/span><\/a><\/div>\n<p>Si quieres ver el episodio completo, haz click en el siguiente enlace o v\u00eddeo: <a href=\"https:\/\/www.atresplayer.com\/antena3\/programas\/el-hormiguero\/temporada-8\/marc-marquez_5bf6e93e7ed1a8c62ee04792\/\">Marc M\u00e1rquez visita El Hormiguero.<\/a><\/p>\n<p><a href=\"https:\/\/www.atresplayer.com\/antena3\/programas\/el-hormiguero\/temporada-8\/marc-marquez_5bf6e93e7ed1a8c62ee04792\/\"><img loading=\"lazy\" decoding=\"async\" class=\"aligncenter wp-image-10200 size-full\" src=\"https:\/\/www.rajapack.es\/blog-es\/wp-content\/uploads\/2018\/11\/marc_marquez_hormiguero_rajapack_play.png\" alt=\"Video carrera Marc Marquez vs Pablo Motos en El Hormiguero\" width=\"850\" height=\"450\" srcset=\"https:\/\/www.rajapack.es\/blog-es\/wp-content\/uploads\/2018\/11\/marc_marquez_hormiguero_rajapack_play.png 850w, https:\/\/www.rajapack.es\/blog-es\/wp-content\/uploads\/2018\/11\/marc_marquez_hormiguero_rajapack_play-430x228.png 430w, https:\/\/www.rajapack.es\/blog-es\/wp-content\/uploads\/2018\/11\/marc_marquez_hormiguero_rajapack_play-768x407.png 768w, https:\/\/www.rajapack.es\/blog-es\/wp-content\/uploads\/2018\/11\/marc_marquez_hormiguero_rajapack_play-375x199.png 375w\" sizes=\"(max-width: 850px) 100vw, 850px\" \/><\/a><\/p>\n<p>\u00bfSab\u00edas que hemos estado otras veces en El Hormiguero? Aqu\u00ed tienes todas las veces en las que nos hemos visto involucrados en alguna aventura de Pablo Motos:\u00a0<a href=\"https:\/\/www.rajapack.es\/blog-es\/tag\/el-hormiguero\" target=\"_blank\" rel=\"noopener noreferrer\">Rajapack colabora con El Hormiguero<\/a><\/p>\n","protected":false},"excerpt":{"rendered":"<p>Ayer, 22 de noviembre, \u00a1estuvimos por novena vez en El Hormiguero! \u00bfLo viste? Seguro que s\u00ed porque fue el programa m\u00e1s visto en Antena 3, con un 14&#8217;7% de share y 2.684.000 espectadores \ud83d\ude09<br \/>\nPablo Motos le llama \u00abEl primer videojuego anal\u00f3gico\u00bb, el\u00a0equipo de El Hormiguero mont\u00f3 2 sillas, cada una de ellas\u00a0ten\u00eda una propia pantalla.<\/p>\n","protected":false},"author":49,"featured_media":10194,"comment_status":"open","ping_status":"open","sticky":false,"template":"","format":"standard","meta":{"_acf_changed":false,"footnotes":""},"categories":[4],"tags":[],"class_list":["post-10193","post","type-post","status-publish","format-standard","has-post-thumbnail","hentry","category-embalaje"],"acf":[],"yoast_head":"\n<title>El Hormiguero: Marc M\u00e1rquez compite con nuestras cajas RAJAPACK<\/title>\n<meta name=\"description\" content=\"\u00a1Ayer nuestras cajas ayudaron a que Marc M\u00e1rquez y Pablo Motos compitieran en 2 carreras muy locas en el Hormiguero! \u00bfQuieres verlo?\" \/>\n<meta name=\"robots\" content=\"index, follow, max-snippet:-1, max-image-preview:large, max-video-preview:-1\" \/>\n<link rel=\"canonical\" href=\"https:\/\/www.rajapack.es\/blog-es\/marc-marquez-cajas-hormiguero\" \/>\n<meta property=\"og:locale\" content=\"es_ES\" \/>\n<meta property=\"og:type\" content=\"article\" \/>\n<meta property=\"og:title\" content=\"El Hormiguero: Marc M\u00e1rquez compite con nuestras cajas RAJAPACK\" \/>\n<meta property=\"og:description\" content=\"\u00a1Ayer nuestras cajas ayudaron a que Marc M\u00e1rquez y Pablo Motos compitieran en 2 carreras muy locas en el Hormiguero! \u00bfQuieres verlo?\" \/>\n<meta property=\"og:url\" content=\"https:\/\/www.rajapack.es\/blog-es\/marc-marquez-cajas-hormiguero\" \/>\n<meta property=\"og:site_name\" content=\"RAJAPACK Blog | Consejos de embalaje, log\u00edstica y m\u00e1s\" \/>\n<meta property=\"article:publisher\" content=\"https:\/\/www.facebook.com\/Rajapack.es\" \/>\n<meta property=\"article:published_time\" content=\"2018-11-23T14:58:23+00:00\" \/>\n<meta property=\"article:modified_time\" content=\"2022-10-16T15:11:48+00:00\" \/>\n<meta property=\"og:image\" content=\"https:\/\/www.rajapack.es\/blog-es\/wp-content\/uploads\/2018\/11\/marc_marquez6.jpg\" \/>\n\t<meta property=\"og:image:width\" content=\"850\" \/>\n\t<meta property=\"og:image:height\" content=\"450\" \/>\n\t<meta property=\"og:image:type\" content=\"image\/jpeg\" \/>\n<meta name=\"author\" content=\"Sara Alcaraz G\u00e1lvez\" \/>\n<meta name=\"twitter:card\" content=\"summary_large_image\" \/>\n<meta name=\"twitter:creator\" content=\"@RajapackES\" \/>\n<meta name=\"twitter:site\" content=\"@RajapackES\" \/>\n<meta name=\"twitter:label1\" content=\"Escrito por\" \/>\n\t<meta name=\"twitter:data1\" content=\"Sara Alcaraz G\u00e1lvez\" \/>\n\t<meta name=\"twitter:label2\" content=\"Tiempo de lectura\" \/>\n\t<meta name=\"twitter:data2\" content=\"2 minutos\" \/>\n<script type=\"application\/ld+json\" class=\"yoast-schema-graph\">{\n\t    \"@context\": \"https:\/\/schema.org\",\n\t    \"@graph\": [\n\t        {\n\t            \"@type\": \"Article\",\n\t            \"@id\": \"https:\/\/www.rajapack.es\/blog-es\/marc-marquez-cajas-hormiguero#article\",\n\t            \"isPartOf\": {\n\t                \"@id\": \"https:\/\/www.rajapack.es\/blog-es\/marc-marquez-cajas-hormiguero\"\n\t            },\n\t            \"author\": {\n\t                \"name\": \"Sara Alcaraz G\u00e1lvez\",\n\t                \"@id\": \"https:\/\/www.rajapack.es\/blog-es\/#\/schema\/person\/354d66fd4e68e587bf52f90a52f6e0d3\"\n\t            },\n\t            \"headline\": \"El Hormiguero: Marc M\u00e1rquez compite con nuestras cajas\",\n\t            \"datePublished\": \"2018-11-23T14:58:23+00:00\",\n\t            \"dateModified\": \"2022-10-16T15:11:48+00:00\",\n\t            \"mainEntityOfPage\": {\n\t                \"@id\": \"https:\/\/www.rajapack.es\/blog-es\/marc-marquez-cajas-hormiguero\"\n\t            },\n\t            \"wordCount\": 442,\n\t            \"commentCount\": 0,\n\t            \"publisher\": {\n\t                \"@id\": \"https:\/\/www.rajapack.es\/blog-es\/#organization\"\n\t            },\n\t            \"image\": {\n\t                \"@id\": \"https:\/\/www.rajapack.es\/blog-es\/marc-marquez-cajas-hormiguero#primaryimage\"\n\t            },\n\t            \"thumbnailUrl\": \"https:\/\/www.rajapack.es\/blog-es\/wp-content\/uploads\/2018\/11\/marc_marquez6.jpg\",\n\t            \"articleSection\": [\n\t                \"Novedades &amp; Consejos de embalaje\"\n\t            ],\n\t            \"inLanguage\": \"es\",\n\t            \"potentialAction\": [\n\t                {\n\t                    \"@type\": \"CommentAction\",\n\t                    \"name\": \"Comment\",\n\t                    \"target\": [\n\t                        \"https:\/\/www.rajapack.es\/blog-es\/marc-marquez-cajas-hormiguero#respond\"\n\t                    ]\n\t                }\n\t            ]\n\t        },\n\t        {\n\t            \"@type\": \"WebPage\",\n\t            \"@id\": \"https:\/\/www.rajapack.es\/blog-es\/marc-marquez-cajas-hormiguero\",\n\t            \"url\": \"https:\/\/www.rajapack.es\/blog-es\/marc-marquez-cajas-hormiguero\",\n\t            \"name\": \"El Hormiguero: Marc M\u00e1rquez compite con nuestras cajas RAJAPACK\",\n\t            \"isPartOf\": {\n\t                \"@id\": \"https:\/\/www.rajapack.es\/blog-es\/#website\"\n\t            },\n\t            \"primaryImageOfPage\": {\n\t                \"@id\": \"https:\/\/www.rajapack.es\/blog-es\/marc-marquez-cajas-hormiguero#primaryimage\"\n\t            },\n\t            \"image\": {\n\t                \"@id\": \"https:\/\/www.rajapack.es\/blog-es\/marc-marquez-cajas-hormiguero#primaryimage\"\n\t            },\n\t            \"thumbnailUrl\": \"https:\/\/www.rajapack.es\/blog-es\/wp-content\/uploads\/2018\/11\/marc_marquez6.jpg\",\n\t            \"datePublished\": \"2018-11-23T14:58:23+00:00\",\n\t            \"dateModified\": \"2022-10-16T15:11:48+00:00\",\n\t            \"description\": \"\u00a1Ayer nuestras cajas ayudaron a que Marc M\u00e1rquez y Pablo Motos compitieran en 2 carreras muy locas en el Hormiguero! \u00bfQuieres verlo?\",\n\t            \"inLanguage\": \"es\",\n\t            \"potentialAction\": [\n\t                {\n\t                    \"@type\": \"ReadAction\",\n\t                    \"target\": [\n\t                        \"https:\/\/www.rajapack.es\/blog-es\/marc-marquez-cajas-hormiguero\"\n\t                    ]\n\t                }\n\t            ]\n\t        },\n\t        {\n\t            \"@type\": \"ImageObject\",\n\t            \"inLanguage\": \"es\",\n\t            \"@id\": \"https:\/\/www.rajapack.es\/blog-es\/marc-marquez-cajas-hormiguero#primaryimage\",\n\t            \"url\": \"https:\/\/www.rajapack.es\/blog-es\/wp-content\/uploads\/2018\/11\/marc_marquez6.jpg\",\n\t            \"contentUrl\": \"https:\/\/www.rajapack.es\/blog-es\/wp-content\/uploads\/2018\/11\/marc_marquez6.jpg\",\n\t            \"width\": 850,\n\t            \"height\": 450\n\t        },\n\t        {\n\t            \"@type\": \"WebSite\",\n\t            \"@id\": \"https:\/\/www.rajapack.es\/blog-es\/#website\",\n\t            \"url\": \"https:\/\/www.rajapack.es\/blog-es\/\",\n\t            \"name\": \"RAJAPACK Blog | Consejos de embalaje, log\u00edstica y m\u00e1s\",\n\t            \"description\": \"Consejos de embalaje, logistica y m\u00e1s\",\n\t            \"publisher\": {\n\t                \"@id\": \"https:\/\/www.rajapack.es\/blog-es\/#organization\"\n\t            },\n\t            \"potentialAction\": [\n\t                {\n\t                    \"@type\": \"SearchAction\",\n\t                    \"target\": {\n\t                        \"@type\": \"EntryPoint\",\n\t                        \"urlTemplate\": \"https:\/\/www.rajapack.es\/blog-es\/?s={search_term_string}\"\n\t                    },\n\t                    \"query-input\": {\n\t                        \"@type\": \"PropertyValueSpecification\",\n\t                        \"valueRequired\": true,\n\t                        \"valueName\": \"search_term_string\"\n\t                    }\n\t                }\n\t            ],\n\t            \"inLanguage\": \"es\"\n\t        },\n\t        {\n\t            \"@type\": \"Organization\",\n\t            \"@id\": \"https:\/\/www.rajapack.es\/blog-es\/#organization\",\n\t            \"name\": \"RAJA ES\",\n\t            \"url\": \"https:\/\/www.rajapack.es\/blog-es\/\",\n\t            \"logo\": {\n\t                \"@type\": \"ImageObject\",\n\t                \"inLanguage\": \"es\",\n\t                \"@id\": \"https:\/\/www.rajapack.es\/blog-es\/#\/schema\/logo\/image\/\",\n\t                \"url\": \"https:\/\/www.rajapack.es\/blog-es\/wp-content\/uploads\/2021\/10\/logo-mobile@3x.png\",\n\t                \"contentUrl\": \"https:\/\/www.rajapack.es\/blog-es\/wp-content\/uploads\/2021\/10\/logo-mobile@3x.png\",\n\t                \"width\": 534,\n\t                \"height\": 114,\n\t                \"caption\": \"RAJA ES\"\n\t            },\n\t            \"image\": {\n\t                \"@id\": \"https:\/\/www.rajapack.es\/blog-es\/#\/schema\/logo\/image\/\"\n\t            },\n\t            \"sameAs\": [\n\t                \"https:\/\/www.facebook.com\/Rajapack.es\",\n\t                \"https:\/\/x.com\/RajapackES\",\n\t                \"https:\/\/www.linkedin.com\/company\/rajapack-spain\/\",\n\t                \"https:\/\/www.youtube.com\/user\/RajapackES\"\n\t            ]\n\t        },\n\t        {\n\t            \"@type\": \"Person\",\n\t            \"@id\": \"https:\/\/www.rajapack.es\/blog-es\/#\/schema\/person\/354d66fd4e68e587bf52f90a52f6e0d3\",\n\t            \"name\": \"Sara Alcaraz G\u00e1lvez\",\n\t            \"image\": {\n\t                \"@type\": \"ImageObject\",\n\t                \"inLanguage\": \"es\",\n\t                \"@id\": \"https:\/\/www.rajapack.es\/blog-es\/#\/schema\/person\/image\/\",\n\t                \"url\": \"https:\/\/secure.gravatar.com\/avatar\/67c8c00f9d1fb8454864b9abb11edc1d?s=96&d=mm&r=g\",\n\t                \"contentUrl\": \"https:\/\/secure.gravatar.com\/avatar\/67c8c00f9d1fb8454864b9abb11edc1d?s=96&d=mm&r=g\",\n\t                \"caption\": \"Sara Alcaraz G\u00e1lvez\"\n\t            },\n\t            \"sameAs\": [\n\t                \"https:\/\/www.linkedin.com\/in\/saraalca\/\"\n\t            ],\n\t            \"url\": \"https:\/\/www.rajapack.es\/blog-es\/author\/saraalcarazgalvez\"\n\t        }\n\t    ]\n\t}<\/script>\n","yoast_head_json":{"title":"El Hormiguero: Marc M\u00e1rquez compite con nuestras cajas RAJAPACK","description":"\u00a1Ayer nuestras cajas ayudaron a que Marc M\u00e1rquez y Pablo Motos compitieran en 2 carreras muy locas en el Hormiguero! \u00bfQuieres verlo?","robots":{"index":"index","follow":"follow","max-snippet":"max-snippet:-1","max-image-preview":"max-image-preview:large","max-video-preview":"max-video-preview:-1"},"canonical":"https:\/\/www.rajapack.es\/blog-es\/marc-marquez-cajas-hormiguero","og_locale":"es_ES","og_type":"article","og_title":"El Hormiguero: Marc M\u00e1rquez compite con nuestras cajas RAJAPACK","og_description":"\u00a1Ayer nuestras cajas ayudaron a que Marc M\u00e1rquez y Pablo Motos compitieran en 2 carreras muy locas en el Hormiguero! \u00bfQuieres verlo?","og_url":"https:\/\/www.rajapack.es\/blog-es\/marc-marquez-cajas-hormiguero","og_site_name":"RAJAPACK Blog | Consejos de embalaje, log\u00edstica y m\u00e1s","article_publisher":"https:\/\/www.facebook.com\/Rajapack.es","article_published_time":"2018-11-23T14:58:23+00:00","article_modified_time":"2022-10-16T15:11:48+00:00","og_image":[{"width":850,"height":450,"url":"https:\/\/www.rajapack.es\/blog-es\/wp-content\/uploads\/2018\/11\/marc_marquez6.jpg","type":"image\/jpeg"}],"author":"Sara Alcaraz G\u00e1lvez","twitter_card":"summary_large_image","twitter_creator":"@RajapackES","twitter_site":"@RajapackES","twitter_misc":{"Escrito por":"Sara Alcaraz G\u00e1lvez","Tiempo de lectura":"2 minutos"},"schema":{"@context":"https:\/\/schema.org","@graph":[{"@type":"Article","@id":"https:\/\/www.rajapack.es\/blog-es\/marc-marquez-cajas-hormiguero#article","isPartOf":{"@id":"https:\/\/www.rajapack.es\/blog-es\/marc-marquez-cajas-hormiguero"},"author":{"name":"Sara Alcaraz G\u00e1lvez","@id":"https:\/\/www.rajapack.es\/blog-es\/#\/schema\/person\/354d66fd4e68e587bf52f90a52f6e0d3"},"headline":"El Hormiguero: Marc M\u00e1rquez compite con nuestras cajas","datePublished":"2018-11-23T14:58:23+00:00","dateModified":"2022-10-16T15:11:48+00:00","mainEntityOfPage":{"@id":"https:\/\/www.rajapack.es\/blog-es\/marc-marquez-cajas-hormiguero"},"wordCount":442,"commentCount":0,"publisher":{"@id":"https:\/\/www.rajapack.es\/blog-es\/#organization"},"image":{"@id":"https:\/\/www.rajapack.es\/blog-es\/marc-marquez-cajas-hormiguero#primaryimage"},"thumbnailUrl":"https:\/\/www.rajapack.es\/blog-es\/wp-content\/uploads\/2018\/11\/marc_marquez6.jpg","articleSection":["Novedades &amp; Consejos de embalaje"],"inLanguage":"es","potentialAction":[{"@type":"CommentAction","name":"Comment","target":["https:\/\/www.rajapack.es\/blog-es\/marc-marquez-cajas-hormiguero#respond"]}]},{"@type":"WebPage","@id":"https:\/\/www.rajapack.es\/blog-es\/marc-marquez-cajas-hormiguero","url":"https:\/\/www.rajapack.es\/blog-es\/marc-marquez-cajas-hormiguero","name":"El Hormiguero: Marc M\u00e1rquez compite con nuestras cajas RAJAPACK","isPartOf":{"@id":"https:\/\/www.rajapack.es\/blog-es\/#website"},"primaryImageOfPage":{"@id":"https:\/\/www.rajapack.es\/blog-es\/marc-marquez-cajas-hormiguero#primaryimage"},"image":{"@id":"https:\/\/www.rajapack.es\/blog-es\/marc-marquez-cajas-hormiguero#primaryimage"},"thumbnailUrl":"https:\/\/www.rajapack.es\/blog-es\/wp-content\/uploads\/2018\/11\/marc_marquez6.jpg","datePublished":"2018-11-23T14:58:23+00:00","dateModified":"2022-10-16T15:11:48+00:00","description":"\u00a1Ayer nuestras cajas ayudaron a que Marc M\u00e1rquez y Pablo Motos compitieran en 2 carreras muy locas en el Hormiguero! \u00bfQuieres verlo?","inLanguage":"es","potentialAction":[{"@type":"ReadAction","target":["https:\/\/www.rajapack.es\/blog-es\/marc-marquez-cajas-hormiguero"]}]},{"@type":"ImageObject","inLanguage":"es","@id":"https:\/\/www.rajapack.es\/blog-es\/marc-marquez-cajas-hormiguero#primaryimage","url":"https:\/\/www.rajapack.es\/blog-es\/wp-content\/uploads\/2018\/11\/marc_marquez6.jpg","contentUrl":"https:\/\/www.rajapack.es\/blog-es\/wp-content\/uploads\/2018\/11\/marc_marquez6.jpg","width":850,"height":450},{"@type":"WebSite","@id":"https:\/\/www.rajapack.es\/blog-es\/#website","url":"https:\/\/www.rajapack.es\/blog-es\/","name":"RAJAPACK Blog | Consejos de embalaje, log\u00edstica y m\u00e1s","description":"Consejos de embalaje, logistica y m\u00e1s","publisher":{"@id":"https:\/\/www.rajapack.es\/blog-es\/#organization"},"potentialAction":[{"@type":"SearchAction","target":{"@type":"EntryPoint","urlTemplate":"https:\/\/www.rajapack.es\/blog-es\/?s={search_term_string}"},"query-input":{"@type":"PropertyValueSpecification","valueRequired":true,"valueName":"search_term_string"}}],"inLanguage":"es"},{"@type":"Organization","@id":"https:\/\/www.rajapack.es\/blog-es\/#organization","name":"RAJA ES","url":"https:\/\/www.rajapack.es\/blog-es\/","logo":{"@type":"ImageObject","inLanguage":"es","@id":"https:\/\/www.rajapack.es\/blog-es\/#\/schema\/logo\/image\/","url":"https:\/\/www.rajapack.es\/blog-es\/wp-content\/uploads\/2021\/10\/logo-mobile@3x.png","contentUrl":"https:\/\/www.rajapack.es\/blog-es\/wp-content\/uploads\/2021\/10\/logo-mobile@3x.png","width":534,"height":114,"caption":"RAJA ES"},"image":{"@id":"https:\/\/www.rajapack.es\/blog-es\/#\/schema\/logo\/image\/"},"sameAs":["https:\/\/www.facebook.com\/Rajapack.es","https:\/\/x.com\/RajapackES","https:\/\/www.linkedin.com\/company\/rajapack-spain\/","https:\/\/www.youtube.com\/user\/RajapackES"]},{"@type":"Person","@id":"https:\/\/www.rajapack.es\/blog-es\/#\/schema\/person\/354d66fd4e68e587bf52f90a52f6e0d3","name":"Sara Alcaraz G\u00e1lvez","image":{"@type":"ImageObject","inLanguage":"es","@id":"https:\/\/www.rajapack.es\/blog-es\/#\/schema\/person\/image\/","url":"https:\/\/secure.gravatar.com\/avatar\/67c8c00f9d1fb8454864b9abb11edc1d?s=96&d=mm&r=g","contentUrl":"https:\/\/secure.gravatar.com\/avatar\/67c8c00f9d1fb8454864b9abb11edc1d?s=96&d=mm&r=g","caption":"Sara Alcaraz G\u00e1lvez"},"sameAs":["https:\/\/www.linkedin.com\/in\/saraalca\/"],"url":"https:\/\/www.rajapack.es\/blog-es\/author\/saraalcarazgalvez"}]}},"_links":{"self":[{"href":"https:\/\/www.rajapack.es\/blog-es\/wp-json\/wp\/v2\/posts\/10193"}],"collection":[{"href":"https:\/\/www.rajapack.es\/blog-es\/wp-json\/wp\/v2\/posts"}],"about":[{"href":"https:\/\/www.rajapack.es\/blog-es\/wp-json\/wp\/v2\/types\/post"}],"author":[{"embeddable":true,"href":"https:\/\/www.rajapack.es\/blog-es\/wp-json\/wp\/v2\/users\/49"}],"replies":[{"embeddable":true,"href":"https:\/\/www.rajapack.es\/blog-es\/wp-json\/wp\/v2\/comments?post=10193"}],"version-history":[{"count":0,"href":"https:\/\/www.rajapack.es\/blog-es\/wp-json\/wp\/v2\/posts\/10193\/revisions"}],"wp:featuredmedia":[{"embeddable":true,"href":"https:\/\/www.rajapack.es\/blog-es\/wp-json\/wp\/v2\/media\/10194"}],"wp:attachment":[{"href":"https:\/\/www.rajapack.es\/blog-es\/wp-json\/wp\/v2\/media?parent=10193"}],"wp:term":[{"taxonomy":"category","embeddable":true,"href":"https:\/\/www.rajapack.es\/blog-es\/wp-json\/wp\/v2\/categories?post=10193"},{"taxonomy":"post_tag","embeddable":true,"href":"https:\/\/www.rajapack.es\/blog-es\/wp-json\/wp\/v2\/tags?post=10193"}],"curies":[{"name":"wp","href":"https:\/\/api.w.org\/{rel}","templated":true}]}}