{"id":10435,"date":"2022-10-24T23:30:00","date_gmt":"2022-10-24T21:30:00","guid":{"rendered":"https:\/\/blog-staging-es.raja-group.com\/?p=10435"},"modified":"2025-05-09T14:46:46","modified_gmt":"2025-05-09T12:46:46","slug":"packaging-personalizado","status":"publish","type":"post","link":"https:\/\/www.rajapack.es\/blog-es\/packaging-personalizado","title":{"rendered":"Packaging personalizado: c\u00f3mo conseguir un embalaje a la medida de tu marca"},"content":{"rendered":"\r\n<p>Usar un\u00a0<strong>packaging personalizado<\/strong>\u00a0en los env\u00edos de tu e-commerce puede marcar la diferencia en los niveles de fidelizaci\u00f3n de tus clientes. Una buena presentaci\u00f3n del producto siempre ayudar\u00e1 a que los usuarios se inclinen por tu marca. En estos casos, el envoltorio no solo ha de tener calidad, sino que adem\u00e1s conviene que sea atractivo para los clientes. Distintos estudios han demostrado que una experiencia de\u00a0<a href=\"https:\/\/www.rajapack.es\/blog-es\/cajas-embalajes-youtube-se-dice-unboxing\" target=\"_blank\" rel=\"noreferrer noopener\"><em>unboxing\u00a0<\/em><\/a>placentera es un factor muy valorado entre los consumidores y que, adem\u00e1s, estos lo tienen muy en cuenta a la hora de decidir si hacer o no un nuevo pedido en una tienda <em>online<\/em>.<\/p>\r\n\r\n\r\n\r\n<p>No cabe duda: el\u00a0<a href=\"https:\/\/www.rajapack.es\/blog-es\/embalaje\/embalaje-personalizado-fidelizar-clientes\/\" target=\"_blank\" rel=\"noreferrer noopener\">embalaje personalizado<\/a>\u00a0es a d\u00eda de hoy un\u00a0<em>must<\/em>\u00a0para cualquier negocio que venda por Internet.<\/p>\r\n\r\n\r\n\r\n<div id=\"ez-toc-container\" class=\"ez-toc-v2_0_72 counter-hierarchy ez-toc-counter ez-toc-grey ez-toc-container-direction\">\n<div class=\"ez-toc-title-container\">\n<p class=\"ez-toc-title\" style=\"cursor:inherit\">Tabla de contenidos<\/p>\n<span class=\"ez-toc-title-toggle\"><a href=\"#\" class=\"ez-toc-pull-right ez-toc-btn ez-toc-btn-xs ez-toc-btn-default ez-toc-toggle\" aria-label=\"Toggle Table of Content\"><span class=\"ez-toc-js-icon-con\"><span class=\"\"><span class=\"eztoc-hide\" style=\"display:none;\">Toggle<\/span><span class=\"ez-toc-icon-toggle-span\"><svg style=\"fill: #999;color:#999\" xmlns=\"http:\/\/www.w3.org\/2000\/svg\" class=\"list-377408\" width=\"20px\" height=\"20px\" viewBox=\"0 0 24 24\" fill=\"none\"><path d=\"M6 6H4v2h2V6zm14 0H8v2h12V6zM4 11h2v2H4v-2zm16 0H8v2h12v-2zM4 16h2v2H4v-2zm16 0H8v2h12v-2z\" fill=\"currentColor\"><\/path><\/svg><svg style=\"fill: #999;color:#999\" class=\"arrow-unsorted-368013\" xmlns=\"http:\/\/www.w3.org\/2000\/svg\" width=\"10px\" height=\"10px\" viewBox=\"0 0 24 24\" version=\"1.2\" baseProfile=\"tiny\"><path d=\"M18.2 9.3l-6.2-6.3-6.2 6.3c-.2.2-.3.4-.3.7s.1.5.3.7c.2.2.4.3.7.3h11c.3 0 .5-.1.7-.3.2-.2.3-.5.3-.7s-.1-.5-.3-.7zM5.8 14.7l6.2 6.3 6.2-6.3c.2-.2.3-.5.3-.7s-.1-.5-.3-.7c-.2-.2-.4-.3-.7-.3h-11c-.3 0-.5.1-.7.3-.2.2-.3.5-.3.7s.1.5.3.7z\"\/><\/svg><\/span><\/span><\/span><\/a><\/span><\/div>\n<nav><ul class='ez-toc-list ez-toc-list-level-1 ' ><li class='ez-toc-page-1 ez-toc-heading-level-2'><a class=\"ez-toc-link ez-toc-heading-1\" href=\"https:\/\/www.rajapack.es\/blog-es\/packaging-personalizado\/#Packaging_personalizado_la_tendencia_de_la_proxima_decada\" title=\"Packaging personalizado: la tendencia de la pr\u00f3xima d\u00e9cada\">Packaging personalizado: la tendencia de la pr\u00f3xima d\u00e9cada<\/a><\/li><li class='ez-toc-page-1 ez-toc-heading-level-2'><a class=\"ez-toc-link ez-toc-heading-2\" href=\"https:\/\/www.rajapack.es\/blog-es\/packaging-personalizado\/#%C2%BFComo_disenar_tu_packaging_personalizado_con_RAJAPACK\" title=\"\u00bfC\u00f3mo dise\u00f1ar tu packaging personalizado con RAJAPACK?\">\u00bfC\u00f3mo dise\u00f1ar tu packaging personalizado con RAJAPACK?<\/a><ul class='ez-toc-list-level-3' ><li class='ez-toc-heading-level-3'><a class=\"ez-toc-link ez-toc-heading-3\" href=\"https:\/\/www.rajapack.es\/blog-es\/packaging-personalizado\/#1_Cajas_de_carton_personalizadas_de_colores\" title=\"1.\u00a0\u00a0\u00a0\u00a0\u00a0 Cajas de cart\u00f3n personalizadas de colores\">1.\u00a0\u00a0\u00a0\u00a0\u00a0 Cajas de cart\u00f3n personalizadas de colores<\/a><\/li><li class='ez-toc-page-1 ez-toc-heading-level-3'><a class=\"ez-toc-link ez-toc-heading-4\" href=\"https:\/\/www.rajapack.es\/blog-es\/packaging-personalizado\/#2_Insercion_de_tu_marca_en_cajas_bolsas_y_cintas_adhesivas\" title=\"2.\u00a0\u00a0\u00a0\u00a0\u00a0 Inserci\u00f3n de tu marca en cajas, bolsas y cintas adhesivas\">2.\u00a0\u00a0\u00a0\u00a0\u00a0 Inserci\u00f3n de tu marca en cajas, bolsas y cintas adhesivas<\/a><\/li><li class='ez-toc-page-1 ez-toc-heading-level-3'><a class=\"ez-toc-link ez-toc-heading-5\" href=\"https:\/\/www.rajapack.es\/blog-es\/packaging-personalizado\/#3_Mensajes_estacionales_en_el_packaging_personalizado\" title=\"3.\u00a0\u00a0\u00a0\u00a0\u00a0 Mensajes estacionales en el packaging personalizado\">3.\u00a0\u00a0\u00a0\u00a0\u00a0 Mensajes estacionales en el packaging personalizado<\/a><\/li><li class='ez-toc-page-1 ez-toc-heading-level-3'><a class=\"ez-toc-link ez-toc-heading-6\" href=\"https:\/\/www.rajapack.es\/blog-es\/packaging-personalizado\/#4_Etiquetas_adhesivas_personalizadas\" title=\"4.\u00a0\u00a0\u00a0\u00a0\u00a0 Etiquetas adhesivas personalizadas\">4.\u00a0\u00a0\u00a0\u00a0\u00a0 Etiquetas adhesivas personalizadas<\/a><\/li><li class='ez-toc-page-1 ez-toc-heading-level-3'><a class=\"ez-toc-link ez-toc-heading-7\" href=\"https:\/\/www.rajapack.es\/blog-es\/packaging-personalizado\/#5_Cintas_adhesivas_personalizadas\" title=\"5.\u00a0\u00a0\u00a0\u00a0\u00a0 Cintas adhesivas personalizadas\">5.\u00a0\u00a0\u00a0\u00a0\u00a0 Cintas adhesivas personalizadas<\/a><\/li><\/ul><\/li><li class='ez-toc-page-1 ez-toc-heading-level-2'><a class=\"ez-toc-link ez-toc-heading-8\" href=\"https:\/\/www.rajapack.es\/blog-es\/packaging-personalizado\/#%C2%A1Cuidado_Personalizado_pero_se_discreto\" title=\"\u00a1Cuidado! Personalizado, pero s\u00e9 discreto\">\u00a1Cuidado! Personalizado, pero s\u00e9 discreto<\/a><\/li><li class='ez-toc-page-1 ez-toc-heading-level-2'><a class=\"ez-toc-link ez-toc-heading-9\" href=\"https:\/\/www.rajapack.es\/blog-es\/packaging-personalizado\/#Ventajas_de_utilizar_un_packaging_personalizado\" title=\"Ventajas de utilizar un packaging personalizado\">Ventajas de utilizar un packaging personalizado<\/a><\/li><li class='ez-toc-page-1 ez-toc-heading-level-2'><a class=\"ez-toc-link ez-toc-heading-10\" href=\"https:\/\/www.rajapack.es\/blog-es\/packaging-personalizado\/#Clothink_Un_caso_de_exito_de_packaging_personalizado\" title=\"Clothink. Un caso de \u00e9xito de packaging personalizado\">Clothink. Un caso de \u00e9xito de packaging personalizado<\/a><\/li><\/ul><\/nav><\/div>\n<h2 class=\"wp-block-heading\"><span class=\"ez-toc-section\" id=\"Packaging_personalizado_la_tendencia_de_la_proxima_decada\"><\/span>Packaging personalizado: la tendencia de la pr\u00f3xima d\u00e9cada<span class=\"ez-toc-section-end\"><\/span><\/h2>\r\n\r\n\r\n\r\n<p>Si no te ha convencido este primer argumento sobre la importancia del packaging personalizado, seguro que lo har\u00e1n los datos. En el\u00a0<a href=\"https:\/\/www.lek.com\/insights\/ei\/packaging-industry-brand-owner-challenges-are-path-opportunity\" target=\"_blank\" rel=\"noreferrer noopener nofollow\"><em>2021 Brand Owner Packaging Survey<\/em>\u00a0de L.E.K. Consulting<\/a>, basado en una encuesta con m\u00e1s de 400 marcas, se pone de relieve que\u00a0<strong>la mayor\u00eda de las empresas preguntadas realiza el mayor de sus gastos en la impresi\u00f3n y dise\u00f1o del packaging<\/strong>\u00a0porque consideran el empaque como una herramienta de alto ROI para la concienciaci\u00f3n, la promoci\u00f3n y las ventas.\u00a0<\/p>\r\n\r\n\r\n\r\n<p>Este mismo estudio subraya que:\u00a0<\/p>\r\n\r\n\r\n\r\n<ul class=\"wp-block-list\">\r\n<li>El enfoque principal de las marcas es transformar su packaging en\u00a0<a href=\"https:\/\/www.rajapack.es\/embalaje-ecologico_cms_000041.html\" target=\"_blank\" rel=\"noreferrer noopener\">embalajes ecol\u00f3gicos,<\/a>\u00a0disminuyendo el n\u00famero y tipos de materiales utilizados, as\u00ed como dise\u00f1ar envases reciclables y m\u00e1s ligeros.\u00a0<\/li>\r\n<li>Un 56% de los encuestados ha aumentado su gasto en empaques de comercio electr\u00f3nico en relaci\u00f3n con los formatos regulares.\u00a0<\/li>\r\n<li>Los\u00a0<strong>embalajes ecol\u00f3gicos<\/strong>\u00a0se est\u00e1n convirtiendo en la opci\u00f3n de preferencia para la mayor\u00eda de los packagings personalizados.<\/li>\r\n<\/ul>\r\n\r\n\r\n\r\n<h2 class=\"wp-block-heading\"><span class=\"ez-toc-section\" id=\"%C2%BFComo_disenar_tu_packaging_personalizado_con_RAJAPACK\"><\/span>\u00bfC\u00f3mo dise\u00f1ar tu packaging personalizado con RAJAPACK?<span class=\"ez-toc-section-end\"><\/span><\/h2>\r\n\r\n\r\n\r\n<p>En el dise\u00f1o a medida de tus paquetes debes aprovechar todas las herramientas que tienes a tu alcance. Por eso, en RAJAPACK te lo ponemos f\u00e1cil y te ofrecemos todas las necesarias para\u00a0<a href=\"https:\/\/www.rajapack.es\/personalizacion-embalajes_cms_000069.html\" target=\"_blank\" rel=\"noreferrer noopener\">personalizar el embalaje de tu marca<\/a>. <strong>Aqu\u00ed tienes algunas opciones sencillas para conquistar a tu p\u00fablico con el packaging totalmente adaptado al dise\u00f1o de tu negocio<\/strong>:<\/p>\r\n\r\n\r\n\r\n<h3 class=\"wp-block-heading\"><span class=\"ez-toc-section\" id=\"1_Cajas_de_carton_personalizadas_de_colores\"><\/span>1.\u00a0\u00a0\u00a0\u00a0\u00a0 Cajas de cart\u00f3n personalizadas de colores<span class=\"ez-toc-section-end\"><\/span><\/h3>\r\n\r\n\r\n\r\n<div class=\"wp-block-media-text alignwide is-stacked-on-mobile\">\r\n<figure class=\"wp-block-media-text__media\"><img loading=\"lazy\" decoding=\"async\" width=\"350\" height=\"229\" class=\"wp-image-15170 size-full\" src=\"https:\/\/www.rajapack.es\/blog-es\/wp-content\/uploads\/2019\/02\/cajas-personalizadas-raja-embalajes.jpg\" alt=\"Cajas de cart\u00f3n de colores personalizadas\" \/><\/figure>\r\n<div class=\"wp-block-media-text__content\">\r\n<p>Dale alegr\u00eda a tus <strong>cajas de cart\u00f3n<\/strong> ti\u00f1\u00e9ndolas de tus colores corporativos. Puedes hacerlo usando un solo tono o eligiendo un d\u00fao que combine bien entre s\u00ed para crear contrastes.<\/p>\r\n<\/div>\r\n<\/div>\r\n\r\n\r\n\r\n<h3 class=\"wp-block-heading\"><span class=\"ez-toc-section\" id=\"2_Insercion_de_tu_marca_en_cajas_bolsas_y_cintas_adhesivas\"><\/span>2.\u00a0\u00a0\u00a0\u00a0\u00a0 Inserci\u00f3n de tu marca en cajas, bolsas y cintas adhesivas<span class=\"ez-toc-section-end\"><\/span><\/h3>\r\n\r\n\r\n\r\n<div class=\"wp-block-media-text alignwide has-media-on-the-right is-stacked-on-mobile\">\r\n<figure class=\"wp-block-media-text__media\"><img loading=\"lazy\" decoding=\"async\" width=\"350\" height=\"210\" class=\"wp-image-15169 size-full\" src=\"https:\/\/www.rajapack.es\/blog-es\/wp-content\/uploads\/2019\/02\/bolsas-personalizadas-raja-embalajes.jpg\" alt=\"Bolsas kraft liso con asas personalizadas\" \/><\/figure>\r\n<div class=\"wp-block-media-text__content\">\r\n<p>Es la idea m\u00e1s evidente, pero tambi\u00e9n una de las m\u00e1s efectivas: estampar el logotipo de tu marca en cajas, cintas adhesivas o <a href=\"https:\/\/www.rajapack.es\/sacos-personalizados_cms_000060.html\" target=\"_blank\" rel=\"noreferrer noopener\">bolsas personalizadas<\/a>. Esto proporciona continuidad en la experiencia del cliente, ya que asocia la imagen en la web con la presentaci\u00f3n de los productos cuando se entregan al destinatario. Y, adem\u00e1s, as\u00ed no habr\u00e1 lugar a dudas sobre la procedencia del env\u00edo.<\/p>\r\n<\/div>\r\n<\/div>\r\n\r\n\r\n\r\n<h3 class=\"wp-block-heading\"><span class=\"ez-toc-section\" id=\"3_Mensajes_estacionales_en_el_packaging_personalizado\"><\/span>3.\u00a0\u00a0\u00a0\u00a0\u00a0 Mensajes estacionales en el packaging personalizado<span class=\"ez-toc-section-end\"><\/span><\/h3>\r\n\r\n\r\n\r\n<p>El packaging personalizado puede servirte tambi\u00e9n para impulsar campa\u00f1as comerciales estacionales. Algunos ejemplos:<\/p>\r\n\r\n\r\n\r\n<ul class=\"wp-block-list\">\r\n<li>Cajas de cart\u00f3n personalizadas espec\u00edficas para los periodos de\u00a0<strong>rebajas<\/strong>.<\/li>\r\n<li><strong>Presentaciones navide\u00f1as<\/strong>\u00a0para los productos expedidos desde finales de noviembre y hasta el d\u00eda de Reyes. Puedes aportarle un toque personal con lazos o etiquetas en tonos rojos, dorados y plateados.<\/li>\r\n<li>Una\u00a0cinta adhesiva personalizada\u00a0para utilizar exclusivamente en el\u00a0<a href=\"https:\/\/www.rajapack.es\/blog-es\/black-friday-ecoresponsable\" target=\"_blank\" rel=\"noreferrer noopener\"><strong>Black Friday<\/strong><\/a>, reservada para las compras en esa fecha. Lo bueno de esta opci\u00f3n es que, si eliges un dise\u00f1o atemporal, podr\u00e1s reutilizar lo que te haya sobrado para el a\u00f1o siguiente.<\/li>\r\n<li>Bolsas personalizadas para hacer un gui\u00f1o a\u00a0<strong>eventos de gran calado<\/strong>\u00a0(tanto generales como sectoriales), como pueden ser unos Juegos Ol\u00edmpicos, un Mundial o una efem\u00e9ride art\u00edstica o cultural.<\/li>\r\n<\/ul>\r\n\r\n\r\n\r\n<h3 class=\"wp-block-heading\"><span class=\"ez-toc-section\" id=\"4_Etiquetas_adhesivas_personalizadas\"><\/span>4.\u00a0\u00a0\u00a0\u00a0\u00a0 Etiquetas adhesivas personalizadas<span class=\"ez-toc-section-end\"><\/span><\/h3>\r\n\r\n\r\n\r\n<div class=\"wp-block-media-text alignwide has-media-on-the-right is-stacked-on-mobile\">\r\n<figure class=\"wp-block-media-text__media\"><img loading=\"lazy\" decoding=\"async\" width=\"350\" height=\"229\" class=\"wp-image-15171 size-full\" src=\"https:\/\/www.rajapack.es\/blog-es\/wp-content\/uploads\/2019\/02\/etiquetas-personalizadas-raja-embalajes.jpg\" alt=\"Etiquetas personalizadas con informaci\u00f3n de cada negocio\" \/><\/figure>\r\n<div class=\"wp-block-media-text__content\">\r\n<p>Las <a href=\"https:\/\/www.rajapack.es\/etiquetaje-senalizacion\/etiquetas-para-impresora-e-identificacion\/etiquetas-impresion-transferencia-termica_PDT00832.html\" target=\"_blank\" rel=\"noreferrer noopener\">pegatinas en rollo<\/a> personalizadas para tu empresa son muy pr\u00e1cticas para ahorrarte tiempo, ya que un simple adhesivo puede contener la informaci\u00f3n que quieres transmitir sobre tu negocio con el logotipo, los colores corporativos, la direcci\u00f3n web o los datos que consideres relevantes.<\/p>\r\n<\/div>\r\n<\/div>\r\n\r\n\r\n\r\n<h3 class=\"wp-block-heading\"><span class=\"ez-toc-section\" id=\"5_Cintas_adhesivas_personalizadas\"><\/span>5.\u00a0\u00a0\u00a0\u00a0\u00a0 Cintas adhesivas personalizadas<span class=\"ez-toc-section-end\"><\/span><\/h3>\r\n\r\n\r\n\r\n<p>Desde p\u00e1gina web de RAJAPACK puedes dise\u00f1ar tus propias <a href=\"https:\/\/www.rajapack.es\/cintas-adhesivas-flejes-colas\/cintas-adhesivas-personalizadas_C502010.html\" target=\"_blank\" rel=\"noreferrer noopener\">cintas adhesivas personalizadas<\/a>. El cat\u00e1logo\u00a0 para adaptar las cintas a tus necesidades es tan amplio que te permite hacer hasta <strong>150 combinaciones diferentes<\/strong>, teniendo en cuenta los materiales, los colores y los tama\u00f1os. Personalizar una cinta adhesiva es muy f\u00e1cil y para ello <a href=\"https:\/\/www.rajapack.es\/blog-es\/cinta-adhesiva-personalizada\/\" target=\"_blank\" rel=\"noreferrer noopener\">solo tienes que seguir estos c\u00f3modos pasos<\/a>:<\/p>\r\n\r\n\r\n\r\n<div class=\"wp-block-media-text alignwide is-stacked-on-mobile\">\r\n<figure class=\"wp-block-media-text__media\"><img loading=\"lazy\" decoding=\"async\" width=\"350\" height=\"229\" class=\"wp-image-15172 size-full\" src=\"https:\/\/www.rajapack.es\/blog-es\/wp-content\/uploads\/2019\/02\/cintas-adhesivas-personalizadas-raja-embalajes.jpg\" alt=\"Cintas adhesivas personalizadas con el simulador virtual de RAJAPACK\" \/><\/figure>\r\n<div class=\"wp-block-media-text__content\">\r\n<ul class=\"wp-block-list\" id=\"block-b9ecc819-f593-4869-9178-ea81981861f9\">\r\n<li>En primer lugar, debes elegir el <strong>material<\/strong> que quieres para tu cinta, puede ser de polipropileno, de PVC o de papel, y el <strong>tama\u00f1o<\/strong> de esta.<\/li>\r\n<li>A continuaci\u00f3n, personaliza tu cinta con el <strong>simulador digital<\/strong> incorporando el logo de tu negocio, eligiendo los colores que quieras utilizar y determinando el \u00e1rea de impresi\u00f3n.<\/li>\r\n<li>Cuando ya has <strong>visualizado tu dise\u00f1o<\/strong>, el \u00faltimo paso es finalizar tu pedido.<\/li>\r\n<li>Nuestros expertos revisar\u00e1n tu propuesta y recibir\u00e1s una <strong>prueba en PDF<\/strong>. Cuando hayas aprobado este dise\u00f1o preliminar, en un periodo de entre tres y cuatro semanas recibir\u00e1s tu cinta adhesiva personalizada.<\/li>\r\n<\/ul>\r\n<\/div>\r\n<\/div>\r\n\r\n\r\n\r\n<h2 class=\"wp-block-heading\"><span class=\"ez-toc-section\" id=\"%C2%A1Cuidado_Personalizado_pero_se_discreto\"><\/span>\u00a1Cuidado! Personalizado, pero s\u00e9 discreto<span class=\"ez-toc-section-end\"><\/span><\/h2>\r\n\r\n\r\n\r\n<p><strong>Un consejo extra:<\/strong>\u00a0utiliza el packaging personalizado para fomentar el recuerdo de tu marca, pero s\u00e9 precavido en su utilizaci\u00f3n. Existen ciertos casos en los que los clientes prefieren recibir sus pedidos en un\u00a0<a href=\"https:\/\/www.rajapack.es\/blog-es\/embalaje-discreto\" target=\"_blank\" rel=\"noreferrer noopener\"><strong>embalaje discreto<\/strong><\/a>, que no deje adivinar lo que se guarda en su interior. Si esto es aplicable a tus productos\u2026 \u00a1respeta la intimidad de tus usuarios!<\/p>\r\n\r\n\r\n\r\n<h2 class=\"wp-block-heading\"><span class=\"ez-toc-section\" id=\"Ventajas_de_utilizar_un_packaging_personalizado\"><\/span>Ventajas de utilizar un packaging personalizado<span class=\"ez-toc-section-end\"><\/span><\/h2>\r\n\r\n\r\n\r\n<p>\u00bfPor qu\u00e9 conviene emplear un packaging a medida de tu empresa? Porque un dise\u00f1o personalizado en tus env\u00edos te ofrece <strong>una serie de ventajas para fomentar la experiencia de compra<\/strong>, es decir, las emociones y est\u00edmulos que un cliente siente al adquirir un determinado producto. Estos son los beneficios de utilizar un packaging personalizado:<\/p>\r\n\r\n\r\n\r\n<ul class=\"wp-block-list\">\r\n<li><strong>Potencia tu marca.<\/strong> Un packaging adaptado a tu negocio funciona como una herramienta de marketing muy poderosa, ya que el cliente sabr\u00e1 inmediatamente qu\u00e9 empresa ha realizado el env\u00edo.<\/li>\r\n<li><strong>Fomenta el recuerdo de tu marca.<\/strong> Ya sea por el logotipo, la tipograf\u00eda, los colores o el eslogan, el cliente reconocer\u00e1 inmediatamente el pr\u00f3ximo env\u00edo realizado por tu comercio.<\/li>\r\n<li><strong>Mejora la percepci\u00f3n del consumidor y te acerca a tu cliente.<\/strong> Un dise\u00f1o bonito, llamativo y cuidado que muestre los valores de la empresa mejorar\u00e1 la idea que el consumidor tiene de ella y te permitir\u00e1 conectar emocionalmente con los usuarios.<\/li>\r\n<li><strong>Demuestra tu compromiso con el medioambiente.<\/strong> El empleo de un packaging que adem\u00e1s sea <a href=\"https:\/\/www.rajapack.es\/medioambiente\/seleccion-ecoresponsable\" target=\"_blank\" rel=\"noreferrer noopener\">EcoResponsable<\/a> se alinea con la responsabilidad social corporativa y respeta los principios ecol\u00f3gicos y medioambientales.<\/li>\r\n<li><strong>A\u00f1ade un valor creativo.<\/strong> Un dise\u00f1o cuidado y \u00fanico es clave tanto para diferenciarse de los dem\u00e1s como para crear una imagen de marca para el consumidor.<\/li>\r\n<li><strong>Fideliza a tus clientes.<\/strong> Una buena imagen es esencial si se pretende conseguir la continuidad de los usuarios e, incluso, su transformaci\u00f3n en embajadores de marca. Un consumidor fiel puede recomendar los productos a sus familiares y amigos, por lo que estos pueden convertirse en clientes potenciales.<\/li>\r\n<li><strong>Diferencia tu producto del resto de marcas.<\/strong> Una forma de potenciar tu negocio es distinguirte de tu competencia a trav\u00e9s de la personalizaci\u00f3n.<\/li>\r\n<li><strong>Aumenta el posicionamiento de marca.<\/strong> En definitiva, todas las ventajas anteriores sirven para conseguir un posicionamiento m\u00e1s s\u00f3lido de tu marca dentro del mercado y un crecimiento en tu empresa.<\/li>\r\n<\/ul>\r\n\r\n\r\n\r\n<h2 class=\"wp-block-heading\"><span class=\"ez-toc-section\" id=\"Clothink_Un_caso_de_exito_de_packaging_personalizado\"><\/span>Clothink. Un caso de \u00e9xito de packaging personalizado<span class=\"ez-toc-section-end\"><\/span><\/h2>\r\n\r\n\r\n\r\n<p>\u00bfSabes c\u00f3mo los clientes de RAJAPACK incorporan el packaging personalizado a su estrategia de marca? \u00a1Descubre la historia de <a href=\"https:\/\/www.clothinkwear.com\/\" target=\"_blank\" rel=\"noreferrer noopener\">Clothink<\/a>!<\/p>\r\n\r\n\r\n<center><iframe loading=\"lazy\" title=\"YouTube video player\" src=\"https:\/\/www.youtube.com\/embed\/8TeQaHGiq8U\" width=\"560\" height=\"315\" frameborder=\"0\" allowfullscreen=\"allowfullscreen\"><\/iframe><\/center>\r\n\r\n\r\n<p>Como puedes ver, unos productos de embalaje personalizados son imprescindibles para fomentar tu imagen, hacer crecer a tu empresa y distinguirte de la competencia. Si t\u00fa tambi\u00e9n quieres potenciar tu imagen de marca con un dise\u00f1o de packaging a medida, no dudes en contactar con nosotros. <strong>En RAJAPACK contamos con los mejores <\/strong><a href=\"https:\/\/www.rajapack.es\/personalizacion-embalajes_cms_000069.html\" target=\"_blank\" rel=\"noreferrer noopener\"><strong>embalajes personalizables<\/strong><\/a><strong> para adaptar el empaquetado a tus necesidades, porque nos gusta tomarnos tu imagen como algo personal.<\/strong><\/p>\r\n","protected":false},"excerpt":{"rendered":"<p>Cajas de cart\u00f3n, cintas adhesivas, bolsas\u2026 Con RAJAPACK puedes configurar a tu gusto la apariencia de distintos productos de embalaje para conseguir el mejor packaging personalizado posible para tu marca. Sorprende a tus clientes, fidel\u00edzalos con una experiencia de \u2018unboxing\u2019 \u00fanica y volver\u00e1n una y otra vez a tu tienda online. \u00a1Te contamos c\u00f3mo lograrlo!<\/p>\n","protected":false},"author":31,"featured_media":17233,"comment_status":"open","ping_status":"open","sticky":false,"template":"","format":"standard","meta":{"_acf_changed":false,"footnotes":""},"categories":[4],"tags":[50,71,511],"class_list":["post-10435","post","type-post","status-publish","format-standard","has-post-thumbnail","hentry","category-embalaje","tag-cajas-de-carton","tag-cintas-adhesivas","tag-embalajes-personalizados"],"acf":[],"yoast_head":"\n<title>Packaging personalizado | RAJAPACK<\/title>\n<meta name=\"description\" content=\"El packaging personalizado hace \u00fanica tu marca. Descubre con RAJAPACK c\u00f3mo conseguir embalajes a medida de tu empresa.\" \/>\n<meta name=\"robots\" content=\"index, follow, max-snippet:-1, max-image-preview:large, max-video-preview:-1\" \/>\n<link rel=\"canonical\" href=\"https:\/\/www.rajapack.es\/blog-es\/packaging-personalizado\" \/>\n<meta property=\"og:locale\" content=\"es_ES\" \/>\n<meta property=\"og:type\" content=\"article\" \/>\n<meta property=\"og:title\" content=\"Packaging personalizado | RAJAPACK\" \/>\n<meta property=\"og:description\" content=\"El packaging personalizado hace \u00fanica tu marca. Descubre con RAJAPACK c\u00f3mo conseguir embalajes a medida de tu empresa.\" \/>\n<meta property=\"og:url\" content=\"https:\/\/www.rajapack.es\/blog-es\/packaging-personalizado\" \/>\n<meta property=\"og:site_name\" content=\"RAJAPACK Blog | Consejos de embalaje, log\u00edstica y m\u00e1s\" \/>\n<meta property=\"article:publisher\" content=\"https:\/\/www.facebook.com\/Rajapack.es\" \/>\n<meta property=\"article:published_time\" content=\"2022-10-24T21:30:00+00:00\" \/>\n<meta property=\"article:modified_time\" content=\"2025-05-09T12:46:46+00:00\" \/>\n<meta property=\"og:image\" content=\"https:\/\/www.rajapack.es\/blog-es\/wp-content\/uploads\/2022\/10\/FS_GettyImages-1221366438.webp\" \/>\n\t<meta property=\"og:image:width\" content=\"1000\" \/>\n\t<meta property=\"og:image:height\" content=\"638\" \/>\n\t<meta property=\"og:image:type\" content=\"image\/webp\" \/>\n<meta name=\"author\" content=\"Beatriz GONZALES\" \/>\n<meta name=\"twitter:card\" content=\"summary_large_image\" \/>\n<meta name=\"twitter:creator\" content=\"@RajapackES\" \/>\n<meta name=\"twitter:site\" content=\"@RajapackES\" \/>\n<meta name=\"twitter:label1\" content=\"Escrito por\" \/>\n\t<meta name=\"twitter:data1\" content=\"Beatriz GONZALES\" \/>\n\t<meta name=\"twitter:label2\" content=\"Tiempo de lectura\" \/>\n\t<meta name=\"twitter:data2\" content=\"7 minutos\" \/>\n<script type=\"application\/ld+json\" class=\"yoast-schema-graph\">{\n\t    \"@context\": \"https:\/\/schema.org\",\n\t    \"@graph\": [\n\t        {\n\t            \"@type\": \"Article\",\n\t            \"@id\": \"https:\/\/www.rajapack.es\/blog-es\/packaging-personalizado#article\",\n\t            \"isPartOf\": {\n\t                \"@id\": \"https:\/\/www.rajapack.es\/blog-es\/packaging-personalizado\"\n\t            },\n\t            \"author\": {\n\t                \"name\": \"Beatriz GONZALES\",\n\t                \"@id\": \"https:\/\/www.rajapack.es\/blog-es\/#\/schema\/person\/9fac94e7fcd0aa6d015f7202bd4e2b0f\"\n\t            },\n\t            \"headline\": \"Packaging personalizado: c\u00f3mo conseguir un embalaje a la medida de tu marca\",\n\t            \"datePublished\": \"2022-10-24T21:30:00+00:00\",\n\t            \"dateModified\": \"2025-05-09T12:46:46+00:00\",\n\t            \"mainEntityOfPage\": {\n\t                \"@id\": \"https:\/\/www.rajapack.es\/blog-es\/packaging-personalizado\"\n\t            },\n\t            \"wordCount\": 1382,\n\t            \"commentCount\": 8,\n\t            \"publisher\": {\n\t                \"@id\": \"https:\/\/www.rajapack.es\/blog-es\/#organization\"\n\t            },\n\t            \"image\": {\n\t                \"@id\": \"https:\/\/www.rajapack.es\/blog-es\/packaging-personalizado#primaryimage\"\n\t            },\n\t            \"thumbnailUrl\": \"https:\/\/www.rajapack.es\/blog-es\/wp-content\/uploads\/2022\/10\/FS_GettyImages-1221366438.webp\",\n\t            \"keywords\": [\n\t                \"Cajas de cart\u00f3n\",\n\t                \"Cintas Adhesivas\",\n\t                \"embalajes personalizados\"\n\t            ],\n\t            \"articleSection\": [\n\t                \"Novedades &amp; Consejos de embalaje\"\n\t            ],\n\t            \"inLanguage\": \"es\",\n\t            \"potentialAction\": [\n\t                {\n\t                    \"@type\": \"CommentAction\",\n\t                    \"name\": \"Comment\",\n\t                    \"target\": [\n\t                        \"https:\/\/www.rajapack.es\/blog-es\/packaging-personalizado#respond\"\n\t                    ]\n\t                }\n\t            ]\n\t        },\n\t        {\n\t            \"@type\": \"WebPage\",\n\t            \"@id\": \"https:\/\/www.rajapack.es\/blog-es\/packaging-personalizado\",\n\t            \"url\": \"https:\/\/www.rajapack.es\/blog-es\/packaging-personalizado\",\n\t            \"name\": \"Packaging personalizado | RAJAPACK\",\n\t            \"isPartOf\": {\n\t                \"@id\": \"https:\/\/www.rajapack.es\/blog-es\/#website\"\n\t            },\n\t            \"primaryImageOfPage\": {\n\t                \"@id\": \"https:\/\/www.rajapack.es\/blog-es\/packaging-personalizado#primaryimage\"\n\t            },\n\t            \"image\": {\n\t                \"@id\": \"https:\/\/www.rajapack.es\/blog-es\/packaging-personalizado#primaryimage\"\n\t            },\n\t            \"thumbnailUrl\": \"https:\/\/www.rajapack.es\/blog-es\/wp-content\/uploads\/2022\/10\/FS_GettyImages-1221366438.webp\",\n\t            \"datePublished\": \"2022-10-24T21:30:00+00:00\",\n\t            \"dateModified\": \"2025-05-09T12:46:46+00:00\",\n\t            \"description\": \"El packaging personalizado hace \u00fanica tu marca. Descubre con RAJAPACK c\u00f3mo conseguir embalajes a medida de tu empresa.\",\n\t            \"inLanguage\": \"es\",\n\t            \"potentialAction\": [\n\t                {\n\t                    \"@type\": \"ReadAction\",\n\t                    \"target\": [\n\t                        \"https:\/\/www.rajapack.es\/blog-es\/packaging-personalizado\"\n\t                    ]\n\t                }\n\t            ]\n\t        },\n\t        {\n\t            \"@type\": \"ImageObject\",\n\t            \"inLanguage\": \"es\",\n\t            \"@id\": \"https:\/\/www.rajapack.es\/blog-es\/packaging-personalizado#primaryimage\",\n\t            \"url\": \"https:\/\/www.rajapack.es\/blog-es\/wp-content\/uploads\/2022\/10\/FS_GettyImages-1221366438.webp\",\n\t            \"contentUrl\": \"https:\/\/www.rajapack.es\/blog-es\/wp-content\/uploads\/2022\/10\/FS_GettyImages-1221366438.webp\",\n\t            \"width\": 1000,\n\t            \"height\": 638\n\t        },\n\t        {\n\t            \"@type\": \"WebSite\",\n\t            \"@id\": \"https:\/\/www.rajapack.es\/blog-es\/#website\",\n\t            \"url\": \"https:\/\/www.rajapack.es\/blog-es\/\",\n\t            \"name\": \"RAJAPACK Blog | Consejos de embalaje, log\u00edstica y m\u00e1s\",\n\t            \"description\": \"Consejos de embalaje, logistica y m\u00e1s\",\n\t            \"publisher\": {\n\t                \"@id\": \"https:\/\/www.rajapack.es\/blog-es\/#organization\"\n\t            },\n\t            \"potentialAction\": [\n\t                {\n\t                    \"@type\": \"SearchAction\",\n\t                    \"target\": {\n\t                        \"@type\": \"EntryPoint\",\n\t                        \"urlTemplate\": \"https:\/\/www.rajapack.es\/blog-es\/?s={search_term_string}\"\n\t                    },\n\t                    \"query-input\": {\n\t                        \"@type\": \"PropertyValueSpecification\",\n\t                        \"valueRequired\": true,\n\t                        \"valueName\": \"search_term_string\"\n\t                    }\n\t                }\n\t            ],\n\t            \"inLanguage\": \"es\"\n\t        },\n\t        {\n\t            \"@type\": \"Organization\",\n\t            \"@id\": \"https:\/\/www.rajapack.es\/blog-es\/#organization\",\n\t            \"name\": \"RAJA ES\",\n\t            \"url\": \"https:\/\/www.rajapack.es\/blog-es\/\",\n\t            \"logo\": {\n\t                \"@type\": \"ImageObject\",\n\t                \"inLanguage\": \"es\",\n\t                \"@id\": \"https:\/\/www.rajapack.es\/blog-es\/#\/schema\/logo\/image\/\",\n\t                \"url\": \"https:\/\/www.rajapack.es\/blog-es\/wp-content\/uploads\/2021\/10\/logo-mobile@3x.png\",\n\t                \"contentUrl\": \"https:\/\/www.rajapack.es\/blog-es\/wp-content\/uploads\/2021\/10\/logo-mobile@3x.png\",\n\t                \"width\": 534,\n\t                \"height\": 114,\n\t                \"caption\": \"RAJA ES\"\n\t            },\n\t            \"image\": {\n\t                \"@id\": \"https:\/\/www.rajapack.es\/blog-es\/#\/schema\/logo\/image\/\"\n\t            },\n\t            \"sameAs\": [\n\t                \"https:\/\/www.facebook.com\/Rajapack.es\",\n\t                \"https:\/\/x.com\/RajapackES\",\n\t                \"https:\/\/www.linkedin.com\/company\/rajapack-spain\/\",\n\t                \"https:\/\/www.youtube.com\/user\/RajapackES\"\n\t            ]\n\t        },\n\t        {\n\t            \"@type\": \"Person\",\n\t            \"@id\": \"https:\/\/www.rajapack.es\/blog-es\/#\/schema\/person\/9fac94e7fcd0aa6d015f7202bd4e2b0f\",\n\t            \"name\": \"Beatriz GONZALES\",\n\t            \"image\": {\n\t                \"@type\": \"ImageObject\",\n\t                \"inLanguage\": \"es\",\n\t                \"@id\": \"https:\/\/www.rajapack.es\/blog-es\/#\/schema\/person\/image\/\",\n\t                \"url\": \"https:\/\/secure.gravatar.com\/avatar\/8d60a8c60719946f0508b6546da3680b?s=96&d=mm&r=g\",\n\t                \"contentUrl\": \"https:\/\/secure.gravatar.com\/avatar\/8d60a8c60719946f0508b6546da3680b?s=96&d=mm&r=g\",\n\t                \"caption\": \"Beatriz GONZALES\"\n\t            },\n\t            \"description\": \"User Wordpress\",\n\t            \"url\": \"https:\/\/www.rajapack.es\/blog-es\/author\/beatriz-gonzales\"\n\t        }\n\t    ]\n\t}<\/script>\n","yoast_head_json":{"title":"Packaging personalizado | RAJAPACK","description":"El packaging personalizado hace \u00fanica tu marca. Descubre con RAJAPACK c\u00f3mo conseguir embalajes a medida de tu empresa.","robots":{"index":"index","follow":"follow","max-snippet":"max-snippet:-1","max-image-preview":"max-image-preview:large","max-video-preview":"max-video-preview:-1"},"canonical":"https:\/\/www.rajapack.es\/blog-es\/packaging-personalizado","og_locale":"es_ES","og_type":"article","og_title":"Packaging personalizado | RAJAPACK","og_description":"El packaging personalizado hace \u00fanica tu marca. Descubre con RAJAPACK c\u00f3mo conseguir embalajes a medida de tu empresa.","og_url":"https:\/\/www.rajapack.es\/blog-es\/packaging-personalizado","og_site_name":"RAJAPACK Blog | Consejos de embalaje, log\u00edstica y m\u00e1s","article_publisher":"https:\/\/www.facebook.com\/Rajapack.es","article_published_time":"2022-10-24T21:30:00+00:00","article_modified_time":"2025-05-09T12:46:46+00:00","og_image":[{"width":1000,"height":638,"url":"https:\/\/www.rajapack.es\/blog-es\/wp-content\/uploads\/2022\/10\/FS_GettyImages-1221366438.webp","type":"image\/webp"}],"author":"Beatriz GONZALES","twitter_card":"summary_large_image","twitter_creator":"@RajapackES","twitter_site":"@RajapackES","twitter_misc":{"Escrito por":"Beatriz GONZALES","Tiempo de lectura":"7 minutos"},"schema":{"@context":"https:\/\/schema.org","@graph":[{"@type":"Article","@id":"https:\/\/www.rajapack.es\/blog-es\/packaging-personalizado#article","isPartOf":{"@id":"https:\/\/www.rajapack.es\/blog-es\/packaging-personalizado"},"author":{"name":"Beatriz GONZALES","@id":"https:\/\/www.rajapack.es\/blog-es\/#\/schema\/person\/9fac94e7fcd0aa6d015f7202bd4e2b0f"},"headline":"Packaging personalizado: c\u00f3mo conseguir un embalaje a la medida de tu marca","datePublished":"2022-10-24T21:30:00+00:00","dateModified":"2025-05-09T12:46:46+00:00","mainEntityOfPage":{"@id":"https:\/\/www.rajapack.es\/blog-es\/packaging-personalizado"},"wordCount":1382,"commentCount":8,"publisher":{"@id":"https:\/\/www.rajapack.es\/blog-es\/#organization"},"image":{"@id":"https:\/\/www.rajapack.es\/blog-es\/packaging-personalizado#primaryimage"},"thumbnailUrl":"https:\/\/www.rajapack.es\/blog-es\/wp-content\/uploads\/2022\/10\/FS_GettyImages-1221366438.webp","keywords":["Cajas de cart\u00f3n","Cintas Adhesivas","embalajes personalizados"],"articleSection":["Novedades &amp; Consejos de embalaje"],"inLanguage":"es","potentialAction":[{"@type":"CommentAction","name":"Comment","target":["https:\/\/www.rajapack.es\/blog-es\/packaging-personalizado#respond"]}]},{"@type":"WebPage","@id":"https:\/\/www.rajapack.es\/blog-es\/packaging-personalizado","url":"https:\/\/www.rajapack.es\/blog-es\/packaging-personalizado","name":"Packaging personalizado | RAJAPACK","isPartOf":{"@id":"https:\/\/www.rajapack.es\/blog-es\/#website"},"primaryImageOfPage":{"@id":"https:\/\/www.rajapack.es\/blog-es\/packaging-personalizado#primaryimage"},"image":{"@id":"https:\/\/www.rajapack.es\/blog-es\/packaging-personalizado#primaryimage"},"thumbnailUrl":"https:\/\/www.rajapack.es\/blog-es\/wp-content\/uploads\/2022\/10\/FS_GettyImages-1221366438.webp","datePublished":"2022-10-24T21:30:00+00:00","dateModified":"2025-05-09T12:46:46+00:00","description":"El packaging personalizado hace \u00fanica tu marca. Descubre con RAJAPACK c\u00f3mo conseguir embalajes a medida de tu empresa.","inLanguage":"es","potentialAction":[{"@type":"ReadAction","target":["https:\/\/www.rajapack.es\/blog-es\/packaging-personalizado"]}]},{"@type":"ImageObject","inLanguage":"es","@id":"https:\/\/www.rajapack.es\/blog-es\/packaging-personalizado#primaryimage","url":"https:\/\/www.rajapack.es\/blog-es\/wp-content\/uploads\/2022\/10\/FS_GettyImages-1221366438.webp","contentUrl":"https:\/\/www.rajapack.es\/blog-es\/wp-content\/uploads\/2022\/10\/FS_GettyImages-1221366438.webp","width":1000,"height":638},{"@type":"WebSite","@id":"https:\/\/www.rajapack.es\/blog-es\/#website","url":"https:\/\/www.rajapack.es\/blog-es\/","name":"RAJAPACK Blog | Consejos de embalaje, log\u00edstica y m\u00e1s","description":"Consejos de embalaje, logistica y m\u00e1s","publisher":{"@id":"https:\/\/www.rajapack.es\/blog-es\/#organization"},"potentialAction":[{"@type":"SearchAction","target":{"@type":"EntryPoint","urlTemplate":"https:\/\/www.rajapack.es\/blog-es\/?s={search_term_string}"},"query-input":{"@type":"PropertyValueSpecification","valueRequired":true,"valueName":"search_term_string"}}],"inLanguage":"es"},{"@type":"Organization","@id":"https:\/\/www.rajapack.es\/blog-es\/#organization","name":"RAJA ES","url":"https:\/\/www.rajapack.es\/blog-es\/","logo":{"@type":"ImageObject","inLanguage":"es","@id":"https:\/\/www.rajapack.es\/blog-es\/#\/schema\/logo\/image\/","url":"https:\/\/www.rajapack.es\/blog-es\/wp-content\/uploads\/2021\/10\/logo-mobile@3x.png","contentUrl":"https:\/\/www.rajapack.es\/blog-es\/wp-content\/uploads\/2021\/10\/logo-mobile@3x.png","width":534,"height":114,"caption":"RAJA ES"},"image":{"@id":"https:\/\/www.rajapack.es\/blog-es\/#\/schema\/logo\/image\/"},"sameAs":["https:\/\/www.facebook.com\/Rajapack.es","https:\/\/x.com\/RajapackES","https:\/\/www.linkedin.com\/company\/rajapack-spain\/","https:\/\/www.youtube.com\/user\/RajapackES"]},{"@type":"Person","@id":"https:\/\/www.rajapack.es\/blog-es\/#\/schema\/person\/9fac94e7fcd0aa6d015f7202bd4e2b0f","name":"Beatriz GONZALES","image":{"@type":"ImageObject","inLanguage":"es","@id":"https:\/\/www.rajapack.es\/blog-es\/#\/schema\/person\/image\/","url":"https:\/\/secure.gravatar.com\/avatar\/8d60a8c60719946f0508b6546da3680b?s=96&d=mm&r=g","contentUrl":"https:\/\/secure.gravatar.com\/avatar\/8d60a8c60719946f0508b6546da3680b?s=96&d=mm&r=g","caption":"Beatriz GONZALES"},"description":"User Wordpress","url":"https:\/\/www.rajapack.es\/blog-es\/author\/beatriz-gonzales"}]}},"_links":{"self":[{"href":"https:\/\/www.rajapack.es\/blog-es\/wp-json\/wp\/v2\/posts\/10435"}],"collection":[{"href":"https:\/\/www.rajapack.es\/blog-es\/wp-json\/wp\/v2\/posts"}],"about":[{"href":"https:\/\/www.rajapack.es\/blog-es\/wp-json\/wp\/v2\/types\/post"}],"author":[{"embeddable":true,"href":"https:\/\/www.rajapack.es\/blog-es\/wp-json\/wp\/v2\/users\/31"}],"replies":[{"embeddable":true,"href":"https:\/\/www.rajapack.es\/blog-es\/wp-json\/wp\/v2\/comments?post=10435"}],"version-history":[{"count":1,"href":"https:\/\/www.rajapack.es\/blog-es\/wp-json\/wp\/v2\/posts\/10435\/revisions"}],"predecessor-version":[{"id":17234,"href":"https:\/\/www.rajapack.es\/blog-es\/wp-json\/wp\/v2\/posts\/10435\/revisions\/17234"}],"wp:featuredmedia":[{"embeddable":true,"href":"https:\/\/www.rajapack.es\/blog-es\/wp-json\/wp\/v2\/media\/17233"}],"wp:attachment":[{"href":"https:\/\/www.rajapack.es\/blog-es\/wp-json\/wp\/v2\/media?parent=10435"}],"wp:term":[{"taxonomy":"category","embeddable":true,"href":"https:\/\/www.rajapack.es\/blog-es\/wp-json\/wp\/v2\/categories?post=10435"},{"taxonomy":"post_tag","embeddable":true,"href":"https:\/\/www.rajapack.es\/blog-es\/wp-json\/wp\/v2\/tags?post=10435"}],"curies":[{"name":"wp","href":"https:\/\/api.w.org\/{rel}","templated":true}]}}