{"id":10621,"date":"2019-05-09T09:30:26","date_gmt":"2019-05-09T07:30:26","guid":{"rendered":"https:\/\/blog-staging-es.raja-group.com\/?p=10621"},"modified":"2022-04-01T16:19:30","modified_gmt":"2022-04-01T14:19:30","slug":"marta-carriedo-packaging-influencers-rajapack-clientes","status":"publish","type":"post","link":"https:\/\/www.rajapack.es\/blog-es\/marta-carriedo-packaging-influencers-rajapack-clientes","title":{"rendered":"Marta Carriedo y el packaging para influencers [Clientes RAJAPACK]"},"content":{"rendered":"\r\n<p>Hoy nos adentramos en el <strong>mundo de la moda de la mano de <a href=\"https:\/\/www.instagram.com\/martacarriedo\/\">Marta Carriedo<\/a><\/strong>. Marta es una joven influencer que, tras estudiar econom\u00eda y trabajar durante unos a\u00f1os en una auditor\u00eda, se dio cuenta de que necesitaba cambiar de rumbo. Dej\u00f3 todo para dedicarse de lleno al mundo de la moda, en un momento en el que la palabra \u201cblogger o influencer\u201d no cobraba el sentido que tiene hoy en d\u00eda.<\/p>\r\n\r\n\r\n\r\n<div class=\"wp-block-image\">\r\n<figure class=\"alignleft is-resized\"><img loading=\"lazy\" decoding=\"async\" class=\"wp-image-10716\" src=\"https:\/\/www.rajapack.es\/blog-es\/wp-content\/uploads\/2019\/03\/cajas_MC-1.jpg\" alt=\"\" width=\"172\" height=\"258\" srcset=\"https:\/\/www.rajapack.es\/blog-es\/wp-content\/uploads\/2019\/03\/cajas_MC-1.jpg 300w, https:\/\/www.rajapack.es\/blog-es\/wp-content\/uploads\/2019\/03\/cajas_MC-1-287x430.jpg 287w, https:\/\/www.rajapack.es\/blog-es\/wp-content\/uploads\/2019\/03\/cajas_MC-1-150x225.jpg 150w\" sizes=\"(max-width: 172px) 100vw, 172px\" \/><\/figure>\r\n<\/div>\r\n\r\n\r\n\r\n<p>M\u00e1s de siete a\u00f1os han pasado ya y a d\u00eda de hoy se puede decir que Marta es una de las influencers y empresarias mas reconocidas de nuestro pa\u00eds, con m\u00e1s de medio mill\u00f3n de seguidores en Instagram.<\/p>\r\n\r\n\r\n\r\n<p>Contact\u00f3 con Rajapack hace ocho meses, muy ilusionada por el lanzamiento de su tienda online <a href=\"http:\/\/www.martacarriedocollection.com\/\">martacarriedocollection.com<\/a> y estamos felices de poder trabajar con ella. Nos encarg\u00f3 <strong>tres tipos de cajas de cart\u00f3n personalizadas, una para cada tipo de producto que vende en su tienda online<\/strong>. Hemos quedado para hablar con ella y que nos cuente su experiencia con nosotros. \u00bfQuieres saber m\u00e1s?<\/p>\r\n\r\n\r\n\r\n<p class=\"has-text-color\" style=\"color: #3a7bbf;\">\u25ba<strong>Hola Marta, antes que nada muchas gracias por atendernos, nos gustar\u00eda saber c\u00f3mo nos conociste.<\/strong><\/p>\r\n\r\n\r\n\r\n<p>\u00a1Hola, gracias a vosotros! Desde hace un tiempo ten\u00eda en mente lanzar mi propia colecci\u00f3n y como sab\u00e9is hay que dedicar mucho tiempo, no s\u00f3lo a materializar la idea que tienes, si no a la b\u00fasqueda de proveedores. <strong>Es fundamental para la imagen de una marca contar con buenos proveedores.<\/strong> Un buen amigo, que tambi\u00e9n tiene una tienda online, me pas\u00f3 vuestro contacto y una vez que habl\u00e9 con vosotros lo tuve claro.<\/p>\r\n\r\n\r\n\r\n<p class=\"has-text-color\" style=\"color: #3a7bbf;\">\u25ba<strong>\u00bfQu\u00e9 es lo que m\u00e1s valoras en un proveedor?<\/strong><\/p>\r\n\r\n\r\n\r\n<p>Lo m\u00e1s importante para mi es la calidad. Ten\u00eda claro que las cajas donde ir\u00edan mis productos tendr\u00edan que tener <strong>una buena calidad y poder aguantar los golpes que pudiese haber en los env\u00edos<\/strong>. Nosotras enviamos a todo el mundo, por lo que quiero que el producto llegue perfecto ya sea dentro de Espa\u00f1a o a China.<\/p>\r\n\r\n\r\n\r\n<p class=\"has-text-color\" style=\"color: #3a7bbf;\">\u25ba <strong>\u00bfPor qu\u00e9 elegiste estas cajas y de tres tipos distintas?<\/strong><\/p>\r\n\r\n\r\n\r\n<div class=\"wp-block-image\">\r\n<figure class=\"alignleft is-resized\"><img loading=\"lazy\" decoding=\"async\" class=\"wp-image-10942\" src=\"https:\/\/www.rajapack.es\/blog-es\/wp-content\/uploads\/2019\/05\/marca-carriedo-cajas-4.jpg\" alt=\"\" width=\"332\" height=\"332\" srcset=\"https:\/\/www.rajapack.es\/blog-es\/wp-content\/uploads\/2019\/05\/marca-carriedo-cajas-4.jpg 606w, https:\/\/www.rajapack.es\/blog-es\/wp-content\/uploads\/2019\/05\/marca-carriedo-cajas-4-430x430.jpg 430w, https:\/\/www.rajapack.es\/blog-es\/wp-content\/uploads\/2019\/05\/marca-carriedo-cajas-4-120x120.jpg 120w, https:\/\/www.rajapack.es\/blog-es\/wp-content\/uploads\/2019\/05\/marca-carriedo-cajas-4-150x150.jpg 150w, https:\/\/www.rajapack.es\/blog-es\/wp-content\/uploads\/2019\/05\/marca-carriedo-cajas-4-225x225.jpg 225w, https:\/\/www.rajapack.es\/blog-es\/wp-content\/uploads\/2019\/05\/marca-carriedo-cajas-4-100x100.jpg 100w\" sizes=\"(max-width: 332px) 100vw, 332px\" \/><\/figure>\r\n<\/div>\r\n\r\n\r\n\r\n<p>Estas cajas son comod\u00edsimas. No pesan absolutamente nada lo cual hace que mis env\u00edos vayan protegidos pero que no me salgan por un ojo de la cara. Tambi\u00e9n <strong>son muy f\u00e1ciles de montar y desplegadas no abultan casi nada<\/strong>. No tendr\u00edamos espacio en la oficina para otro tipo de cajas, ya que estas las tenemos colocadas unas encima de otras y nos permite tener much\u00edsimo m\u00e1s espacio. <strong>Eleg\u00ed estos tres tipos porque tengo productos de diferentes tama\u00f1os<\/strong>. Por una lado, las joyas, como abultan poco, van en las cajitas peque\u00f1as. Las botellas y las velas, encajan a la perfecci\u00f3n en el tama\u00f1o intermedio y las grandes las usamos en env\u00edos donde haya muchos productos.<\/p>\r\n\r\n\r\n\r\n<p class=\"has-text-color\" style=\"color: #3a7bbf;\">\u25ba <strong>\u00bfPor qu\u00e9 elegiste este dise\u00f1o?<\/strong><\/p>\r\n\r\n\r\n\r\n<p>Yo siempre soy de blancos y negros. Es cierto que cuando <strong>me met\u00ed en vuestra web a coger ideas de cajitas que ten\u00e9is<\/strong>, algunas me gustaron mucho y me ayudasteis a elegir. Pero para mi, menos es m\u00e1s, y, en este caso, \u00a1las cajitas blancas con el logo negro me encantan! Son los dos colores que m\u00e1s me definen y que la gente asocia conmigo.<\/p>\r\n\r\n\r\n\r\n<p class=\"has-text-color\" style=\"color: #3a7bbf;\">\u25ba<strong>\u00bfC\u00f3mo valorar\u00edas la calidad de nuestro servicio?<\/strong><\/p>\r\n\r\n\r\n\r\n<p>Mira, una de las cosas m\u00e1s importantes para mi, que voy acelerada siempre, es la rapidez. <strong>Necesito proveedores r\u00e1pidos a la hora de contestar e-mails o llamadas y enviar el pedido. <\/strong>Con vosotros es todo muy f\u00e1cil y r\u00e1pido. Con el ritmo que llevamos hoy en d\u00eda, que todo es para ayer, no podemos permitirnos retrasos, llamadas 3 d\u00edas despu\u00e9s, productos que llegan mal o simplemente m\u00e1s de 2 semanas de tiempo de env\u00edo. Me gusta de Rajapack que siendo una calidad alta, siguen manteniendo la excelencia tambi\u00e9n en el trato con el cliente y en los cortos plazos de env\u00edo de la mercanc\u00eda.<\/p>\r\n\r\n\r\n\r\n<p class=\"has-text-color\" style=\"color: #3a7bbf;\">\u25ba<strong>\u00bfRecomendar\u00edas Rajapack a cualquier emprendedor, que como t\u00fa, est\u00e9 buscando proveedores?<\/strong><\/p>\r\n\r\n\r\n\r\n<p>\u00a1Por supuesto! He tratado con muchos proveedores y la verdad es que con vosotros da gusto trabajar. <strong>He tenido contacto con varias personas de vuestro equipo y \u00a1el trato ha sido siempre excelente!<\/strong><\/p>\r\n\r\n\r\n\r\n<figure class=\"wp-block-image\"><a href=\"https:\/\/www.instagram.com\/p\/Br416WthuVS\/\" target=\"_blank\" rel=\"noreferrer noopener\"><img loading=\"lazy\" decoding=\"async\" width=\"939\" height=\"604\" class=\"wp-image-10933\" src=\"https:\/\/www.rajapack.es\/blog-es\/wp-content\/uploads\/2019\/05\/marta-carriedo-cajas-2.jpg\" alt=\"Dise\u00f1o Cajas personalizadas Marta Carriedo\" srcset=\"https:\/\/www.rajapack.es\/blog-es\/wp-content\/uploads\/2019\/05\/marta-carriedo-cajas-2.jpg 939w, https:\/\/www.rajapack.es\/blog-es\/wp-content\/uploads\/2019\/05\/marta-carriedo-cajas-2-430x277.jpg 430w, https:\/\/www.rajapack.es\/blog-es\/wp-content\/uploads\/2019\/05\/marta-carriedo-cajas-2-768x494.jpg 768w, https:\/\/www.rajapack.es\/blog-es\/wp-content\/uploads\/2019\/05\/marta-carriedo-cajas-2-350x225.jpg 350w\" sizes=\"(max-width: 939px) 100vw, 939px\" \/><\/a><\/figure>\r\n\r\n\r\n\r\n<div class=\"wp-block-image\">\r\n<figure class=\"aligncenter\"><img loading=\"lazy\" decoding=\"async\" width=\"821\" height=\"607\" class=\"wp-image-10934\" src=\"https:\/\/www.rajapack.es\/blog-es\/wp-content\/uploads\/2019\/05\/marta-carriedo-cajas-3.jpg\" alt=\"Personalizaci\u00f3n de cajas dise\u00f1o Marta Carriedo\" srcset=\"https:\/\/www.rajapack.es\/blog-es\/wp-content\/uploads\/2019\/05\/marta-carriedo-cajas-3.jpg 821w, https:\/\/www.rajapack.es\/blog-es\/wp-content\/uploads\/2019\/05\/marta-carriedo-cajas-3-430x318.jpg 430w, https:\/\/www.rajapack.es\/blog-es\/wp-content\/uploads\/2019\/05\/marta-carriedo-cajas-3-768x568.jpg 768w, https:\/\/www.rajapack.es\/blog-es\/wp-content\/uploads\/2019\/05\/marta-carriedo-cajas-3-304x225.jpg 304w\" sizes=\"(max-width: 821px) 100vw, 821px\" \/><\/figure>\r\n<\/div>\r\n\r\n\r\n\r\n<p>Ha sido un placer poder charlar con Marta y conocer de primera mano su experiencia con nosotros. \u00a1Aqu\u00ed pod\u00e9is ver sus stories que hablan sobre nosotros!<\/p>\r\n\r\n\r\n\r\n<figure><iframe loading=\"lazy\" src=\"https:\/\/www.youtube.com\/embed\/QcprkmMfQLc\" width=\"560\" height=\"315\" allowfullscreen=\"allowfullscreen\"><\/iframe><\/figure>\r\n\r\n\r\n\r\n<p><strong>\u00bfNecesita tu empresa cajas personalizadas?<\/strong> \u00a1D\u00e9jate aconsejar por nuestro equipo de personalizaci\u00f3n! Contacta con nosotros a trav\u00e9s del email: <a href=\"mailto:personalizacion@rajapack.es\" target=\"_blank\" rel=\"noreferrer noopener\">personalizacion@rajapack.es<\/a> o llamando gratuitamente al <strong>900 877 022<\/strong>.<\/p>\r\n\r\n\r\n\r\n<figure><iframe loading=\"lazy\" src=\"https:\/\/www.youtube.com\/embed\/BKw-web98c4\" width=\"560\" height=\"315\" allowfullscreen=\"allowfullscreen\"><\/iframe><\/figure>\r\n","protected":false},"excerpt":{"rendered":"<p>\u00a1La influencer Marta Carriedo ha sacado su primera colecci\u00f3n y nos ha escogido como partners! Sus cajas personalizadas son una monada, \u00a1insp\u00edrate con su entrevista!<\/p>\n","protected":false},"author":49,"featured_media":10711,"comment_status":"open","ping_status":"open","sticky":false,"template":"","format":"standard","meta":{"_acf_changed":false,"footnotes":""},"categories":[2],"tags":[50,101,511],"class_list":["post-10621","post","type-post","status-publish","format-standard","has-post-thumbnail","hentry","category-clientes","tag-cajas-de-carton","tag-ecommerce","tag-embalajes-personalizados"],"acf":[],"yoast_head":"\n<title>Marta Carriedo y el packaging para influencers [Clientes RAJAPACK] RAJAPACK<\/title>\n<meta name=\"description\" content=\"Marta Carriedo, destacada influencer, abre un ecommerce con productos de su colecci\u00f3n: Marta Carriedo Collection. \u00a1Insp\u00edrate con sus cajas personalizadas!\" \/>\n<meta name=\"robots\" content=\"index, follow, max-snippet:-1, max-image-preview:large, max-video-preview:-1\" \/>\n<link rel=\"canonical\" href=\"https:\/\/www.rajapack.es\/blog-es\/marta-carriedo-packaging-influencers-rajapack-clientes\" \/>\n<meta property=\"og:locale\" content=\"es_ES\" \/>\n<meta property=\"og:type\" content=\"article\" \/>\n<meta property=\"og:title\" content=\"Marta Carriedo y el packaging para influencers [Clientes RAJAPACK] RAJAPACK\" \/>\n<meta property=\"og:description\" content=\"Marta Carriedo, destacada influencer, abre un ecommerce con productos de su colecci\u00f3n: Marta Carriedo Collection. \u00a1Insp\u00edrate con sus cajas personalizadas!\" \/>\n<meta property=\"og:url\" content=\"https:\/\/www.rajapack.es\/blog-es\/marta-carriedo-packaging-influencers-rajapack-clientes\" \/>\n<meta property=\"og:site_name\" content=\"RAJAPACK Blog | Consejos de embalaje, log\u00edstica y m\u00e1s\" \/>\n<meta property=\"article:publisher\" content=\"https:\/\/www.facebook.com\/Rajapack.es\" \/>\n<meta property=\"article:published_time\" content=\"2019-05-09T07:30:26+00:00\" \/>\n<meta property=\"article:modified_time\" content=\"2022-04-01T14:19:30+00:00\" \/>\n<meta property=\"og:image\" content=\"https:\/\/www.rajapack.es\/blog-es\/wp-content\/uploads\/2019\/03\/marta-carriedo.jpg\" \/>\n\t<meta property=\"og:image:width\" content=\"850\" \/>\n\t<meta property=\"og:image:height\" content=\"450\" \/>\n\t<meta property=\"og:image:type\" content=\"image\/jpeg\" \/>\n<meta name=\"author\" content=\"Sara Alcaraz G\u00e1lvez\" \/>\n<meta name=\"twitter:card\" content=\"summary_large_image\" \/>\n<meta name=\"twitter:creator\" content=\"@RajapackES\" \/>\n<meta name=\"twitter:site\" content=\"@RajapackES\" \/>\n<meta name=\"twitter:label1\" content=\"Escrito por\" \/>\n\t<meta name=\"twitter:data1\" content=\"Sara Alcaraz G\u00e1lvez\" \/>\n\t<meta name=\"twitter:label2\" content=\"Tiempo de lectura\" \/>\n\t<meta name=\"twitter:data2\" content=\"4 minutos\" \/>\n<script type=\"application\/ld+json\" class=\"yoast-schema-graph\">{\n\t    \"@context\": \"https:\/\/schema.org\",\n\t    \"@graph\": [\n\t        {\n\t            \"@type\": \"Article\",\n\t            \"@id\": \"https:\/\/www.rajapack.es\/blog-es\/marta-carriedo-packaging-influencers-rajapack-clientes#article\",\n\t            \"isPartOf\": {\n\t                \"@id\": \"https:\/\/www.rajapack.es\/blog-es\/marta-carriedo-packaging-influencers-rajapack-clientes\"\n\t            },\n\t            \"author\": {\n\t                \"name\": \"Sara Alcaraz G\u00e1lvez\",\n\t                \"@id\": \"https:\/\/www.rajapack.es\/blog-es\/#\/schema\/person\/354d66fd4e68e587bf52f90a52f6e0d3\"\n\t            },\n\t            \"headline\": \"Marta Carriedo y el packaging para influencers [Clientes RAJAPACK]\",\n\t            \"datePublished\": \"2019-05-09T07:30:26+00:00\",\n\t            \"dateModified\": \"2022-04-01T14:19:30+00:00\",\n\t            \"mainEntityOfPage\": {\n\t                \"@id\": \"https:\/\/www.rajapack.es\/blog-es\/marta-carriedo-packaging-influencers-rajapack-clientes\"\n\t            },\n\t            \"wordCount\": 797,\n\t            \"commentCount\": 0,\n\t            \"publisher\": {\n\t                \"@id\": \"https:\/\/www.rajapack.es\/blog-es\/#organization\"\n\t            },\n\t            \"image\": {\n\t                \"@id\": \"https:\/\/www.rajapack.es\/blog-es\/marta-carriedo-packaging-influencers-rajapack-clientes#primaryimage\"\n\t            },\n\t            \"thumbnailUrl\": \"https:\/\/www.rajapack.es\/blog-es\/wp-content\/uploads\/2019\/03\/marta-carriedo.jpg\",\n\t            \"keywords\": [\n\t                \"Cajas de cart\u00f3n\",\n\t                \"ecommerce\",\n\t                \"embalajes personalizados\"\n\t            ],\n\t            \"articleSection\": [\n\t                \"Clientes\"\n\t            ],\n\t            \"inLanguage\": \"es\",\n\t            \"potentialAction\": [\n\t                {\n\t                    \"@type\": \"CommentAction\",\n\t                    \"name\": \"Comment\",\n\t                    \"target\": [\n\t                        \"https:\/\/www.rajapack.es\/blog-es\/marta-carriedo-packaging-influencers-rajapack-clientes#respond\"\n\t                    ]\n\t                }\n\t            ]\n\t        },\n\t        {\n\t            \"@type\": \"WebPage\",\n\t            \"@id\": \"https:\/\/www.rajapack.es\/blog-es\/marta-carriedo-packaging-influencers-rajapack-clientes\",\n\t            \"url\": \"https:\/\/www.rajapack.es\/blog-es\/marta-carriedo-packaging-influencers-rajapack-clientes\",\n\t            \"name\": \"Marta Carriedo y el packaging para influencers [Clientes RAJAPACK] RAJAPACK\",\n\t            \"isPartOf\": {\n\t                \"@id\": \"https:\/\/www.rajapack.es\/blog-es\/#website\"\n\t            },\n\t            \"primaryImageOfPage\": {\n\t                \"@id\": \"https:\/\/www.rajapack.es\/blog-es\/marta-carriedo-packaging-influencers-rajapack-clientes#primaryimage\"\n\t            },\n\t            \"image\": {\n\t                \"@id\": \"https:\/\/www.rajapack.es\/blog-es\/marta-carriedo-packaging-influencers-rajapack-clientes#primaryimage\"\n\t            },\n\t            \"thumbnailUrl\": \"https:\/\/www.rajapack.es\/blog-es\/wp-content\/uploads\/2019\/03\/marta-carriedo.jpg\",\n\t            \"datePublished\": \"2019-05-09T07:30:26+00:00\",\n\t            \"dateModified\": \"2022-04-01T14:19:30+00:00\",\n\t            \"description\": \"Marta Carriedo, destacada influencer, abre un ecommerce con productos de su colecci\u00f3n: Marta Carriedo Collection. \u00a1Insp\u00edrate con sus cajas personalizadas!\",\n\t            \"inLanguage\": \"es\",\n\t            \"potentialAction\": [\n\t                {\n\t                    \"@type\": \"ReadAction\",\n\t                    \"target\": [\n\t                        \"https:\/\/www.rajapack.es\/blog-es\/marta-carriedo-packaging-influencers-rajapack-clientes\"\n\t                    ]\n\t                }\n\t            ]\n\t        },\n\t        {\n\t            \"@type\": \"ImageObject\",\n\t            \"inLanguage\": \"es\",\n\t            \"@id\": \"https:\/\/www.rajapack.es\/blog-es\/marta-carriedo-packaging-influencers-rajapack-clientes#primaryimage\",\n\t            \"url\": \"https:\/\/www.rajapack.es\/blog-es\/wp-content\/uploads\/2019\/03\/marta-carriedo.jpg\",\n\t            \"contentUrl\": \"https:\/\/www.rajapack.es\/blog-es\/wp-content\/uploads\/2019\/03\/marta-carriedo.jpg\",\n\t            \"width\": 850,\n\t            \"height\": 450\n\t        },\n\t        {\n\t            \"@type\": \"WebSite\",\n\t            \"@id\": \"https:\/\/www.rajapack.es\/blog-es\/#website\",\n\t            \"url\": \"https:\/\/www.rajapack.es\/blog-es\/\",\n\t            \"name\": \"RAJAPACK Blog | Consejos de embalaje, log\u00edstica y m\u00e1s\",\n\t            \"description\": \"Consejos de embalaje, logistica y m\u00e1s\",\n\t            \"publisher\": {\n\t                \"@id\": \"https:\/\/www.rajapack.es\/blog-es\/#organization\"\n\t            },\n\t            \"potentialAction\": [\n\t                {\n\t                    \"@type\": \"SearchAction\",\n\t                    \"target\": {\n\t                        \"@type\": \"EntryPoint\",\n\t                        \"urlTemplate\": \"https:\/\/www.rajapack.es\/blog-es\/?s={search_term_string}\"\n\t                    },\n\t                    \"query-input\": {\n\t                        \"@type\": \"PropertyValueSpecification\",\n\t                        \"valueRequired\": true,\n\t                        \"valueName\": \"search_term_string\"\n\t                    }\n\t                }\n\t            ],\n\t            \"inLanguage\": \"es\"\n\t        },\n\t        {\n\t            \"@type\": \"Organization\",\n\t            \"@id\": \"https:\/\/www.rajapack.es\/blog-es\/#organization\",\n\t            \"name\": \"RAJA ES\",\n\t            \"url\": \"https:\/\/www.rajapack.es\/blog-es\/\",\n\t            \"logo\": {\n\t                \"@type\": \"ImageObject\",\n\t                \"inLanguage\": \"es\",\n\t                \"@id\": \"https:\/\/www.rajapack.es\/blog-es\/#\/schema\/logo\/image\/\",\n\t                \"url\": \"https:\/\/www.rajapack.es\/blog-es\/wp-content\/uploads\/2021\/10\/logo-mobile@3x.png\",\n\t                \"contentUrl\": \"https:\/\/www.rajapack.es\/blog-es\/wp-content\/uploads\/2021\/10\/logo-mobile@3x.png\",\n\t                \"width\": 534,\n\t                \"height\": 114,\n\t                \"caption\": \"RAJA ES\"\n\t            },\n\t            \"image\": {\n\t                \"@id\": \"https:\/\/www.rajapack.es\/blog-es\/#\/schema\/logo\/image\/\"\n\t            },\n\t            \"sameAs\": [\n\t                \"https:\/\/www.facebook.com\/Rajapack.es\",\n\t                \"https:\/\/x.com\/RajapackES\",\n\t                \"https:\/\/www.linkedin.com\/company\/rajapack-spain\/\",\n\t                \"https:\/\/www.youtube.com\/user\/RajapackES\"\n\t            ]\n\t        },\n\t        {\n\t            \"@type\": \"Person\",\n\t            \"@id\": \"https:\/\/www.rajapack.es\/blog-es\/#\/schema\/person\/354d66fd4e68e587bf52f90a52f6e0d3\",\n\t            \"name\": \"Sara Alcaraz G\u00e1lvez\",\n\t            \"image\": {\n\t                \"@type\": \"ImageObject\",\n\t                \"inLanguage\": \"es\",\n\t                \"@id\": \"https:\/\/www.rajapack.es\/blog-es\/#\/schema\/person\/image\/\",\n\t                \"url\": \"https:\/\/secure.gravatar.com\/avatar\/67c8c00f9d1fb8454864b9abb11edc1d?s=96&d=mm&r=g\",\n\t                \"contentUrl\": \"https:\/\/secure.gravatar.com\/avatar\/67c8c00f9d1fb8454864b9abb11edc1d?s=96&d=mm&r=g\",\n\t                \"caption\": \"Sara Alcaraz G\u00e1lvez\"\n\t            },\n\t            \"sameAs\": [\n\t                \"https:\/\/www.linkedin.com\/in\/saraalca\/\"\n\t            ],\n\t            \"url\": \"https:\/\/www.rajapack.es\/blog-es\/author\/saraalcarazgalvez\"\n\t        }\n\t    ]\n\t}<\/script>\n","yoast_head_json":{"title":"Marta Carriedo y el packaging para influencers [Clientes RAJAPACK] RAJAPACK","description":"Marta Carriedo, destacada influencer, abre un ecommerce con productos de su colecci\u00f3n: Marta Carriedo Collection. \u00a1Insp\u00edrate con sus cajas personalizadas!","robots":{"index":"index","follow":"follow","max-snippet":"max-snippet:-1","max-image-preview":"max-image-preview:large","max-video-preview":"max-video-preview:-1"},"canonical":"https:\/\/www.rajapack.es\/blog-es\/marta-carriedo-packaging-influencers-rajapack-clientes","og_locale":"es_ES","og_type":"article","og_title":"Marta Carriedo y el packaging para influencers [Clientes RAJAPACK] RAJAPACK","og_description":"Marta Carriedo, destacada influencer, abre un ecommerce con productos de su colecci\u00f3n: Marta Carriedo Collection. \u00a1Insp\u00edrate con sus cajas personalizadas!","og_url":"https:\/\/www.rajapack.es\/blog-es\/marta-carriedo-packaging-influencers-rajapack-clientes","og_site_name":"RAJAPACK Blog | Consejos de embalaje, log\u00edstica y m\u00e1s","article_publisher":"https:\/\/www.facebook.com\/Rajapack.es","article_published_time":"2019-05-09T07:30:26+00:00","article_modified_time":"2022-04-01T14:19:30+00:00","og_image":[{"width":850,"height":450,"url":"https:\/\/www.rajapack.es\/blog-es\/wp-content\/uploads\/2019\/03\/marta-carriedo.jpg","type":"image\/jpeg"}],"author":"Sara Alcaraz G\u00e1lvez","twitter_card":"summary_large_image","twitter_creator":"@RajapackES","twitter_site":"@RajapackES","twitter_misc":{"Escrito por":"Sara Alcaraz G\u00e1lvez","Tiempo de lectura":"4 minutos"},"schema":{"@context":"https:\/\/schema.org","@graph":[{"@type":"Article","@id":"https:\/\/www.rajapack.es\/blog-es\/marta-carriedo-packaging-influencers-rajapack-clientes#article","isPartOf":{"@id":"https:\/\/www.rajapack.es\/blog-es\/marta-carriedo-packaging-influencers-rajapack-clientes"},"author":{"name":"Sara Alcaraz G\u00e1lvez","@id":"https:\/\/www.rajapack.es\/blog-es\/#\/schema\/person\/354d66fd4e68e587bf52f90a52f6e0d3"},"headline":"Marta Carriedo y el packaging para influencers [Clientes RAJAPACK]","datePublished":"2019-05-09T07:30:26+00:00","dateModified":"2022-04-01T14:19:30+00:00","mainEntityOfPage":{"@id":"https:\/\/www.rajapack.es\/blog-es\/marta-carriedo-packaging-influencers-rajapack-clientes"},"wordCount":797,"commentCount":0,"publisher":{"@id":"https:\/\/www.rajapack.es\/blog-es\/#organization"},"image":{"@id":"https:\/\/www.rajapack.es\/blog-es\/marta-carriedo-packaging-influencers-rajapack-clientes#primaryimage"},"thumbnailUrl":"https:\/\/www.rajapack.es\/blog-es\/wp-content\/uploads\/2019\/03\/marta-carriedo.jpg","keywords":["Cajas de cart\u00f3n","ecommerce","embalajes personalizados"],"articleSection":["Clientes"],"inLanguage":"es","potentialAction":[{"@type":"CommentAction","name":"Comment","target":["https:\/\/www.rajapack.es\/blog-es\/marta-carriedo-packaging-influencers-rajapack-clientes#respond"]}]},{"@type":"WebPage","@id":"https:\/\/www.rajapack.es\/blog-es\/marta-carriedo-packaging-influencers-rajapack-clientes","url":"https:\/\/www.rajapack.es\/blog-es\/marta-carriedo-packaging-influencers-rajapack-clientes","name":"Marta Carriedo y el packaging para influencers [Clientes RAJAPACK] RAJAPACK","isPartOf":{"@id":"https:\/\/www.rajapack.es\/blog-es\/#website"},"primaryImageOfPage":{"@id":"https:\/\/www.rajapack.es\/blog-es\/marta-carriedo-packaging-influencers-rajapack-clientes#primaryimage"},"image":{"@id":"https:\/\/www.rajapack.es\/blog-es\/marta-carriedo-packaging-influencers-rajapack-clientes#primaryimage"},"thumbnailUrl":"https:\/\/www.rajapack.es\/blog-es\/wp-content\/uploads\/2019\/03\/marta-carriedo.jpg","datePublished":"2019-05-09T07:30:26+00:00","dateModified":"2022-04-01T14:19:30+00:00","description":"Marta Carriedo, destacada influencer, abre un ecommerce con productos de su colecci\u00f3n: Marta Carriedo Collection. \u00a1Insp\u00edrate con sus cajas personalizadas!","inLanguage":"es","potentialAction":[{"@type":"ReadAction","target":["https:\/\/www.rajapack.es\/blog-es\/marta-carriedo-packaging-influencers-rajapack-clientes"]}]},{"@type":"ImageObject","inLanguage":"es","@id":"https:\/\/www.rajapack.es\/blog-es\/marta-carriedo-packaging-influencers-rajapack-clientes#primaryimage","url":"https:\/\/www.rajapack.es\/blog-es\/wp-content\/uploads\/2019\/03\/marta-carriedo.jpg","contentUrl":"https:\/\/www.rajapack.es\/blog-es\/wp-content\/uploads\/2019\/03\/marta-carriedo.jpg","width":850,"height":450},{"@type":"WebSite","@id":"https:\/\/www.rajapack.es\/blog-es\/#website","url":"https:\/\/www.rajapack.es\/blog-es\/","name":"RAJAPACK Blog | Consejos de embalaje, log\u00edstica y m\u00e1s","description":"Consejos de embalaje, logistica y m\u00e1s","publisher":{"@id":"https:\/\/www.rajapack.es\/blog-es\/#organization"},"potentialAction":[{"@type":"SearchAction","target":{"@type":"EntryPoint","urlTemplate":"https:\/\/www.rajapack.es\/blog-es\/?s={search_term_string}"},"query-input":{"@type":"PropertyValueSpecification","valueRequired":true,"valueName":"search_term_string"}}],"inLanguage":"es"},{"@type":"Organization","@id":"https:\/\/www.rajapack.es\/blog-es\/#organization","name":"RAJA ES","url":"https:\/\/www.rajapack.es\/blog-es\/","logo":{"@type":"ImageObject","inLanguage":"es","@id":"https:\/\/www.rajapack.es\/blog-es\/#\/schema\/logo\/image\/","url":"https:\/\/www.rajapack.es\/blog-es\/wp-content\/uploads\/2021\/10\/logo-mobile@3x.png","contentUrl":"https:\/\/www.rajapack.es\/blog-es\/wp-content\/uploads\/2021\/10\/logo-mobile@3x.png","width":534,"height":114,"caption":"RAJA ES"},"image":{"@id":"https:\/\/www.rajapack.es\/blog-es\/#\/schema\/logo\/image\/"},"sameAs":["https:\/\/www.facebook.com\/Rajapack.es","https:\/\/x.com\/RajapackES","https:\/\/www.linkedin.com\/company\/rajapack-spain\/","https:\/\/www.youtube.com\/user\/RajapackES"]},{"@type":"Person","@id":"https:\/\/www.rajapack.es\/blog-es\/#\/schema\/person\/354d66fd4e68e587bf52f90a52f6e0d3","name":"Sara Alcaraz G\u00e1lvez","image":{"@type":"ImageObject","inLanguage":"es","@id":"https:\/\/www.rajapack.es\/blog-es\/#\/schema\/person\/image\/","url":"https:\/\/secure.gravatar.com\/avatar\/67c8c00f9d1fb8454864b9abb11edc1d?s=96&d=mm&r=g","contentUrl":"https:\/\/secure.gravatar.com\/avatar\/67c8c00f9d1fb8454864b9abb11edc1d?s=96&d=mm&r=g","caption":"Sara Alcaraz G\u00e1lvez"},"sameAs":["https:\/\/www.linkedin.com\/in\/saraalca\/"],"url":"https:\/\/www.rajapack.es\/blog-es\/author\/saraalcarazgalvez"}]}},"_links":{"self":[{"href":"https:\/\/www.rajapack.es\/blog-es\/wp-json\/wp\/v2\/posts\/10621"}],"collection":[{"href":"https:\/\/www.rajapack.es\/blog-es\/wp-json\/wp\/v2\/posts"}],"about":[{"href":"https:\/\/www.rajapack.es\/blog-es\/wp-json\/wp\/v2\/types\/post"}],"author":[{"embeddable":true,"href":"https:\/\/www.rajapack.es\/blog-es\/wp-json\/wp\/v2\/users\/49"}],"replies":[{"embeddable":true,"href":"https:\/\/www.rajapack.es\/blog-es\/wp-json\/wp\/v2\/comments?post=10621"}],"version-history":[{"count":0,"href":"https:\/\/www.rajapack.es\/blog-es\/wp-json\/wp\/v2\/posts\/10621\/revisions"}],"wp:featuredmedia":[{"embeddable":true,"href":"https:\/\/www.rajapack.es\/blog-es\/wp-json\/wp\/v2\/media\/10711"}],"wp:attachment":[{"href":"https:\/\/www.rajapack.es\/blog-es\/wp-json\/wp\/v2\/media?parent=10621"}],"wp:term":[{"taxonomy":"category","embeddable":true,"href":"https:\/\/www.rajapack.es\/blog-es\/wp-json\/wp\/v2\/categories?post=10621"},{"taxonomy":"post_tag","embeddable":true,"href":"https:\/\/www.rajapack.es\/blog-es\/wp-json\/wp\/v2\/tags?post=10621"}],"curies":[{"name":"wp","href":"https:\/\/api.w.org\/{rel}","templated":true}]}}