{"id":11392,"date":"2019-10-16T09:30:33","date_gmt":"2019-10-16T07:30:33","guid":{"rendered":"https:\/\/blog-staging-es.raja-group.com\/?p=11392"},"modified":"2022-10-16T18:06:08","modified_gmt":"2022-10-16T16:06:08","slug":"embalaje-relleno-black-friday","status":"publish","type":"post","link":"https:\/\/www.rajapack.es\/blog-es\/embalaje-relleno-black-friday","title":{"rendered":"Embalajes para Black Friday: relleno y protecci\u00f3n (1\/3)"},"content":{"rendered":"\n<p>El <strong>Black Friday 2019 se celebra el pr\u00f3ximo 29 de noviembre<\/strong>. Los espa\u00f1oles prev\u00e9n gastar este d\u00eda una media de <strong>173 euros por persona<\/strong>, <a aria-label=\" (abre en una nueva pesta\u00f1a)\" href=\"https:\/\/black-friday.global\/es-es\/\" target=\"_blank\" rel=\"noreferrer noopener nofollow\">seg\u00fan datos de Black Friday Global<\/a>. Se avecina por tanto una avalancha de pedidos en tu e-commerce, por lo que es fundamental que te hagas YA con los <a href=\"https:\/\/www.rajapack.es\/blog-es\/embalaje-black-friday\">productos de embalaje m\u00e1s demandados<\/a>.<\/p>\n\n\n\n<p>Para pon\u00e9rtelo m\u00e1s f\u00e1cil, iniciamos con este post una serie de art\u00edculos que tienen como objetivo ayudarte a elegir el material de embalaje m\u00e1s adecuado para que tu Black Friday 2019 sea todo un \u00e9xito. <\/p>\n\n\n\n<p><strong>En este primero hablamos de la protecci\u00f3n<\/strong>, por qu\u00e9 es importante y qu\u00e9 embalajes de relleno utilizar. <\/p>\n\n\n\n<blockquote class=\"wp-block-quote is-layout-flow wp-block-quote-is-layout-flow\"><p>\u00bfSab\u00edas que nada menos que un <strong>8% de los pedidos de Black Friday llegan da\u00f1ados a su destino<\/strong>, y un porcentaje apreciable de los usuarios considera que la culpa la tiene la mala elecci\u00f3n del embalaje?<\/p><\/blockquote>\n\n\n\n<p>En RAJAPACK te aconsejamos que adquieras <strong>materiales de relleno y protecci\u00f3n<\/strong> resistentes y de calidad para proteger tus productos, pero adem\u00e1s, para fidelizar a tus clientes. Ten en cuenta que en Black Friday recibir\u00e1s muchas ventas de primeros clientes.<strong> Aprovecha para ofrecerles una primera impresi\u00f3n impecable con un embalaje efectivo, atractivo y sostenible. <\/strong><\/p>\n\n\n\n<h2 class=\"wp-block-heading\">Black Friday, la fecha en la que se realizan el 50% de las compras\nnavide\u00f1as<\/h2>\n\n\n\n<p>Los consumidores cada vez adelantan m\u00e1s sus compras de Navidad. Y esto no es porque, de repente, nos hayamos vuelto muy previsores, sino porque esperamos que el Black Friday nos d\u00e9 acceso a las gangas m\u00e1s codiciadas. El <em><a href=\"https:\/\/assets.kpmg\/content\/dam\/kpmg\/uk\/pdf\/2019\/01\/kpmg-annual-retail-survey-2019.pdf\" target=\"_blank\" rel=\"noreferrer noopener nofollow\" aria-label=\" (abre en una nueva pesta\u00f1a)\">Annual Retail Survey 2019 <\/a><\/em><a href=\"https:\/\/assets.kpmg\/content\/dam\/kpmg\/uk\/pdf\/2019\/01\/kpmg-annual-retail-survey-2019.pdf\" target=\"_blank\" rel=\"noreferrer noopener\" aria-label=\" (abre en una nueva pesta\u00f1a)\">de KPMG<\/a> apunta que el 57% de los brit\u00e1nicos que adquirieron algo en el Black Friday lo hicieron intencionadamente en esa fecha con el fin de conseguir jugosos descuentos.<\/p>\n\n\n<div class=\"wp-block-image\">\n<figure class=\"aligncenter\"><img loading=\"lazy\" decoding=\"async\" width=\"500\" height=\"300\" src=\"https:\/\/www.rajapack.es\/blog-es\/wp-content\/uploads\/2019\/10\/black-friday-2019-previsiones.jpg\" alt=\"Previsiones para el Black Friday 2019\" class=\"wp-image-11398\" srcset=\"https:\/\/www.rajapack.es\/blog-es\/wp-content\/uploads\/2019\/10\/black-friday-2019-previsiones.jpg 500w, https:\/\/www.rajapack.es\/blog-es\/wp-content\/uploads\/2019\/10\/black-friday-2019-previsiones-300x180.jpg 300w, https:\/\/www.rajapack.es\/blog-es\/wp-content\/uploads\/2019\/10\/black-friday-2019-previsiones-375x225.jpg 375w\" sizes=\"(max-width: 500px) 100vw, 500px\" \/><\/figure><\/div>\n\n\n<p>Por otro lado, el \u00faltimo <em><a href=\"https:\/\/www.salesforce.com\/solutions\/industries\/retail\/holiday-shopping-report\/\" target=\"_blank\" rel=\"noreferrer noopener nofollow\" aria-label=\" (abre en una nueva pesta\u00f1a)\">Holiday Shopping Report <\/a><\/em><a href=\"https:\/\/www.salesforce.com\/solutions\/industries\/retail\/holiday-shopping-report\/\" target=\"_blank\" rel=\"noreferrer noopener\" aria-label=\" (abre en una nueva pesta\u00f1a)\">de Salesforce<\/a> (confeccionado con datos de Estados Unidos, Reino Unido, Francia, Alemania, Canad\u00e1, Australia y Nueva Zelanda y los pa\u00edses n\u00f3rdicos) revela que, en 2018, los usuarios ten\u00edan <strong>hechas el 50% de sus compras navide\u00f1as antes del 3 de diciembre<\/strong>. De hecho, la denominada Cyber Week (con los d\u00edas anteriores y posteriores al Black Friday) aport\u00f3 a los <em>retailers<\/em> el 37% de los beneficios obtenidos en toda la temporada navide\u00f1a.<\/p>\n\n\n\n<h3 class=\"wp-block-heading\">La semana post-Black Friday, un reto para la preparaci\u00f3n de pedidos y para\nla log\u00edstica<\/h3>\n\n\n\n<p>En la semana posterior al Black Friday, <strong>el volumen de paquetes que manejan las empresas de mensajer\u00eda crece nada menos que un 68%<\/strong> en comparaci\u00f3n con la semana precedente. As\u00ed lo confirman los <a href=\"http:\/\/blog.luxerone.com\/record-breaking-holiday-package-statistics-2018\" target=\"_blank\" rel=\"noreferrer noopener nofollow\" aria-label=\" (abre en una nueva pesta\u00f1a)\">datos recogidos en Estados Unidos por Luxer One<\/a>, que tambi\u00e9n se\u00f1alan que en 2018 la cantidad de paquetes expedidos durante este periodo se increment\u00f3 en un 5% con respecto al a\u00f1o anterior.<\/p>\n\n\n\n<p>Esta situaci\u00f3n plantea un gran reto para los encargados de\nla preparaci\u00f3n de pedidos y de su reparto: hay que trabajar con rapidez,\neficacia y organizaci\u00f3n para lograr que <strong>los\nproductos lleguen en perfecto estado al cliente correcto<\/strong> en el menor tiempo\nposible.<\/p>\n\n\n<div class=\"wp-block-image\">\n<figure class=\"aligncenter\"><img loading=\"lazy\" decoding=\"async\" width=\"500\" height=\"300\" src=\"https:\/\/www.rajapack.es\/blog-es\/wp-content\/uploads\/2019\/10\/black-friday-2019-preparacion-pedidos.jpg\" alt=\"Preparaci\u00f3n de pedidos durante el Black Friday\" class=\"wp-image-11400\" srcset=\"https:\/\/www.rajapack.es\/blog-es\/wp-content\/uploads\/2019\/10\/black-friday-2019-preparacion-pedidos.jpg 500w, https:\/\/www.rajapack.es\/blog-es\/wp-content\/uploads\/2019\/10\/black-friday-2019-preparacion-pedidos-300x180.jpg 300w, https:\/\/www.rajapack.es\/blog-es\/wp-content\/uploads\/2019\/10\/black-friday-2019-preparacion-pedidos-375x225.jpg 375w\" sizes=\"(max-width: 500px) 100vw, 500px\" \/><\/figure><\/div>\n\n\n<h2 class=\"wp-block-heading\">La importancia del embalaje de relleno en los pedidos de Black Friday<\/h2>\n\n\n\n<p>Velar por la adecuada <strong>protecci\u00f3n\nde los productos de tu e-commerce<\/strong>, de manera que no se estropeen durante el\ntransporte, es fundamental durante todo el a\u00f1o. Forma parte de la labor de\nmimar la <strong>experiencia de compra<\/strong>. Pero\nen el Black Friday cobra una dimensi\u00f3n especial:<\/p>\n\n\n\n<ul class=\"wp-block-list\"><li>Muchos usuarios tendr\u00e1n el <strong>primer contacto con tu marca<\/strong> aprovechando las ofertas de esta\n\u00e9poca. Es tu oportunidad para fidelizarlos\u2026 o para perderlos para siempre.<\/li><li>Las compras navide\u00f1as son especialmente\nilusionantes. Como muestra, Luxer One destaca que tras el Black Friday los\nconsumidores tardan un 43% menos en recoger las compras en sus taquillas que\ndurante el resto del a\u00f1o (9,4 horas frente a casi el doble, 16,4). En este\ncontexto de alta expectaci\u00f3n, que el paquete acabe estropeado <strong>resulta extremadamente decepcionante<\/strong>.<\/li><\/ul>\n\n\n<div class=\"wp-block-image\">\n<figure class=\"aligncenter\"><img loading=\"lazy\" decoding=\"async\" width=\"500\" height=\"300\" src=\"https:\/\/www.rajapack.es\/blog-es\/wp-content\/uploads\/2019\/10\/black-friday-2019-embalaje-relleno.jpg\" alt=\"Embalaje de relleno en la preparaci\u00f3n de pedidos del Black Friday\" class=\"wp-image-11399\" srcset=\"https:\/\/www.rajapack.es\/blog-es\/wp-content\/uploads\/2019\/10\/black-friday-2019-embalaje-relleno.jpg 500w, https:\/\/www.rajapack.es\/blog-es\/wp-content\/uploads\/2019\/10\/black-friday-2019-embalaje-relleno-300x180.jpg 300w, https:\/\/www.rajapack.es\/blog-es\/wp-content\/uploads\/2019\/10\/black-friday-2019-embalaje-relleno-375x225.jpg 375w\" sizes=\"(max-width: 500px) 100vw, 500px\" \/><\/figure><\/div>\n\n\n<p>Varios estudios desarrollados en Reino Unido han comprobado que el <strong>8% de los productos encargados en Black Friday llegan en mal estado a los clientes<\/strong>. De estos, alrededor del 30% se encuentran tan da\u00f1ados que no son aptos para el uso. El 40% de los encuestados considera que la culpa la tiene la incorrecta manipulaci\u00f3n de las empresas de mensajer\u00eda. Pero <strong>hay un 15% que lo achaca al uso de un embalaje inapropiado<\/strong>.<\/p>\n\n\n\n<h2 class=\"wp-block-heading\">\u00bfQu\u00e9 embalaje de relleno y protecci\u00f3n utilizar en Black Friday?<\/h2>\n\n\n\n<p>La propuesta de RAJAPACK para este Black Friday 2019 es que <a href=\"https:\/\/www.rajapack.es\/blog-es\/optimizacion-embalaje\">optimices el embalaje de tu tienda online<\/a> con materiales de relleno respetuosos con el medioambiente. \u00bfConoces nuestro surtido de <a href=\"https:\/\/www.rajapack.es\/relleno-proteccion\/proteccion-ecoresponsable_C4080.html\"><strong>embalajes de protecci\u00f3n EcoResponsables<\/strong><\/a>? Algunas opciones son:<\/p>\n\n\n\n<ul class=\"wp-block-list\"><li><strong>Papel kraft<\/strong> 100% natural y reciclable.<\/li><li><strong>Chips de relleno<\/strong> fabricados con almid\u00f3n de ma\u00edz, 100% reciclables, biodegradables y compostables.<\/li><li><strong>Virutas de papel de colores<\/strong>, completamente reciclables y con un 80% de sustancias recicladas en su composici\u00f3n.<\/li><li><strong>Bolsas de aire ecol\u00f3gicas<\/strong>, hechas con materia prima 20% reciclada y 100% reciclables.<\/li><li><strong>Pl\u00e1stico de burbujas <\/strong>elaborado con polietileno de origen reciclado en un 50%.<\/li><li><strong>Cantoneras de cart\u00f3n <\/strong>100% recicladas y reciclables<\/li><\/ul>\n\n\n\n<figure class=\"wp-block-image\"><img loading=\"lazy\" decoding=\"async\" width=\"664\" height=\"242\" src=\"https:\/\/www.rajapack.es\/blog-es\/wp-content\/uploads\/2019\/10\/Embalaje_Relleno_EcoResponsable.jpg\" alt=\"\" class=\"wp-image-11415\" srcset=\"https:\/\/www.rajapack.es\/blog-es\/wp-content\/uploads\/2019\/10\/Embalaje_Relleno_EcoResponsable.jpg 664w, https:\/\/www.rajapack.es\/blog-es\/wp-content\/uploads\/2019\/10\/Embalaje_Relleno_EcoResponsable-300x109.jpg 300w, https:\/\/www.rajapack.es\/blog-es\/wp-content\/uploads\/2019\/10\/Embalaje_Relleno_EcoResponsable-375x137.jpg 375w\" sizes=\"(max-width: 664px) 100vw, 664px\" \/><\/figure>\n\n\n\n<p>Compra ya todo lo que necesitas para empaquetar tus pedidos en este Black Friday. \u00a1Que ni uno solo de tus clientes se lleve una decepci\u00f3n por recibir su encargo en malas condiciones! En la tienda online de RAJAPACK encontrar\u00e1s <strong>m\u00e1s de 4 000 referencias \u00a1siempre en stock!<\/strong> <\/p>\n\n\n\n<p><strong>\u00bfY en RAJAPACK tendremos Black Friday? <\/strong><\/p>\n\n\n\n<ul class=\"wp-block-list\"><li> <a rel=\"noreferrer noopener\" href=\"https:\/\/www.rajapack.es\/suscripcion-newsletter-rajapack.html\" target=\"_blank\">Inscr\u00edbete a la newsletter de RAJAPACK<\/a> y no te pierdas ninguna de nuestras promociones, incluida la promoci\u00f3n de Black Friday \ud83d\ude09<br>Y por supuesto, muy pronto, el mejor <a href=\"https:\/\/www.rajapack.es\/black-friday_cms_000100.html\">Black Friday de embalajes en RAJAPACK<\/a>, \u00a1ya lo estamos preparando todo! <\/li><\/ul>\n\n\n\n<p>En el pr\u00f3ximo art\u00edculo, <strong>embalajes para Black Friday: impacta con tu marca.<\/strong><\/p>\n\n\n<div class=\"wp-block-image\">\n<figure class=\"aligncenter\"><a href=\"https:\/\/www.rajapack.es\/embalaje-ecologico_C9630.html\" target=\"_blank\" rel=\"noreferrer noopener\"><img loading=\"lazy\" decoding=\"async\" width=\"850\" height=\"277\" src=\"https:\/\/www.rajapack.es\/blog-es\/wp-content\/uploads\/2019\/08\/CTA-soluciones-ecologicas-Guia-B.jpg\" alt=\"Embalaje ecol\u00f3gico: 150 productos disponibles en RAJA\" class=\"wp-image-11287\" srcset=\"https:\/\/www.rajapack.es\/blog-es\/wp-content\/uploads\/2019\/08\/CTA-soluciones-ecologicas-Guia-B.jpg 850w, https:\/\/www.rajapack.es\/blog-es\/wp-content\/uploads\/2019\/08\/CTA-soluciones-ecologicas-Guia-B-300x98.jpg 300w, https:\/\/www.rajapack.es\/blog-es\/wp-content\/uploads\/2019\/08\/CTA-soluciones-ecologicas-Guia-B-768x250.jpg 768w, https:\/\/www.rajapack.es\/blog-es\/wp-content\/uploads\/2019\/08\/CTA-soluciones-ecologicas-Guia-B-375x122.jpg 375w\" sizes=\"(max-width: 850px) 100vw, 850px\" \/><\/a><\/figure><\/div>","protected":false},"excerpt":{"rendered":"<p>El 8% de las compras online que realizan los usuarios durante el Black Friday llegan da\u00f1adas a su destino. Y aunque la mayor\u00eda culpa al transportista, un apreciable 15% de los consumidores lo achaca a la elecci\u00f3n de un embalaje inadecuado. Toma medidas para que tu e-commerce no entregue ni un paquete defectuoso en este Black Friday 2019, \u00a1en RAJAPACK tienes todos los productos de relleno y protecci\u00f3n que necesitas!<\/p>\n","protected":false},"author":31,"featured_media":11470,"comment_status":"open","ping_status":"open","sticky":false,"template":"","format":"standard","meta":{"_acf_changed":false,"footnotes":""},"categories":[4],"tags":[106],"class_list":["post-11392","post","type-post","status-publish","format-standard","has-post-thumbnail","hentry","category-embalaje","tag-embalajes"],"acf":[],"yoast_head":"\n<title>Embalaje de relleno, imprescindible en el Black Friday | RAJAPACK<\/title>\n<meta name=\"description\" content=\"El 8% de las compras online del Black Friday llegan da\u00f1adas. Ev\u00edtalo con un buen embalaje de relleno y protecci\u00f3n. \u00a1Conf\u00eda en RAJAPACK!\" \/>\n<meta name=\"robots\" content=\"index, follow, max-snippet:-1, max-image-preview:large, max-video-preview:-1\" \/>\n<link rel=\"canonical\" href=\"https:\/\/www.rajapack.es\/blog-es\/embalaje-relleno-black-friday\" \/>\n<meta property=\"og:locale\" content=\"es_ES\" \/>\n<meta property=\"og:type\" content=\"article\" \/>\n<meta property=\"og:title\" content=\"Embalaje de relleno, imprescindible en el Black Friday | RAJAPACK\" \/>\n<meta property=\"og:description\" content=\"El 8% de las compras online del Black Friday llegan da\u00f1adas. Ev\u00edtalo con un buen embalaje de relleno y protecci\u00f3n. \u00a1Conf\u00eda en RAJAPACK!\" \/>\n<meta property=\"og:url\" content=\"https:\/\/www.rajapack.es\/blog-es\/embalaje-relleno-black-friday\" \/>\n<meta property=\"og:site_name\" content=\"RAJAPACK Blog | Consejos de embalaje, log\u00edstica y m\u00e1s\" \/>\n<meta property=\"article:publisher\" content=\"https:\/\/www.facebook.com\/Rajapack.es\" \/>\n<meta property=\"article:published_time\" content=\"2019-10-16T07:30:33+00:00\" \/>\n<meta property=\"article:modified_time\" content=\"2022-10-16T16:06:08+00:00\" \/>\n<meta property=\"og:image\" content=\"https:\/\/www.rajapack.es\/blog-es\/wp-content\/uploads\/2019\/10\/relleno-embalaje.jpg\" \/>\n\t<meta property=\"og:image:width\" content=\"850\" \/>\n\t<meta property=\"og:image:height\" content=\"450\" \/>\n\t<meta property=\"og:image:type\" content=\"image\/jpeg\" \/>\n<meta name=\"author\" content=\"Beatriz GONZALES\" \/>\n<meta name=\"twitter:card\" content=\"summary_large_image\" \/>\n<meta name=\"twitter:creator\" content=\"@RajapackES\" \/>\n<meta name=\"twitter:site\" content=\"@RajapackES\" \/>\n<meta name=\"twitter:label1\" content=\"Escrito por\" \/>\n\t<meta name=\"twitter:data1\" content=\"Beatriz GONZALES\" \/>\n\t<meta name=\"twitter:label2\" content=\"Tiempo de lectura\" \/>\n\t<meta name=\"twitter:data2\" content=\"5 minutos\" \/>\n<script type=\"application\/ld+json\" class=\"yoast-schema-graph\">{\n\t    \"@context\": \"https:\/\/schema.org\",\n\t    \"@graph\": [\n\t        {\n\t            \"@type\": \"Article\",\n\t            \"@id\": \"https:\/\/www.rajapack.es\/blog-es\/embalaje-relleno-black-friday#article\",\n\t            \"isPartOf\": {\n\t                \"@id\": \"https:\/\/www.rajapack.es\/blog-es\/embalaje-relleno-black-friday\"\n\t            },\n\t            \"author\": {\n\t                \"name\": \"Beatriz GONZALES\",\n\t                \"@id\": \"https:\/\/www.rajapack.es\/blog-es\/#\/schema\/person\/9fac94e7fcd0aa6d015f7202bd4e2b0f\"\n\t            },\n\t            \"headline\": \"Embalajes para Black Friday: relleno y protecci\u00f3n (1\/3)\",\n\t            \"datePublished\": \"2019-10-16T07:30:33+00:00\",\n\t            \"dateModified\": \"2022-10-16T16:06:08+00:00\",\n\t            \"mainEntityOfPage\": {\n\t                \"@id\": \"https:\/\/www.rajapack.es\/blog-es\/embalaje-relleno-black-friday\"\n\t            },\n\t            \"wordCount\": 957,\n\t            \"commentCount\": 0,\n\t            \"publisher\": {\n\t                \"@id\": \"https:\/\/www.rajapack.es\/blog-es\/#organization\"\n\t            },\n\t            \"image\": {\n\t                \"@id\": \"https:\/\/www.rajapack.es\/blog-es\/embalaje-relleno-black-friday#primaryimage\"\n\t            },\n\t            \"thumbnailUrl\": \"https:\/\/www.rajapack.es\/blog-es\/wp-content\/uploads\/2019\/10\/relleno-embalaje.jpg\",\n\t            \"keywords\": [\n\t                \"embalajes\"\n\t            ],\n\t            \"articleSection\": [\n\t                \"Novedades &amp; Consejos de embalaje\"\n\t            ],\n\t            \"inLanguage\": \"es\",\n\t            \"potentialAction\": [\n\t                {\n\t                    \"@type\": \"CommentAction\",\n\t                    \"name\": \"Comment\",\n\t                    \"target\": [\n\t                        \"https:\/\/www.rajapack.es\/blog-es\/embalaje-relleno-black-friday#respond\"\n\t                    ]\n\t                }\n\t            ]\n\t        },\n\t        {\n\t            \"@type\": \"WebPage\",\n\t            \"@id\": \"https:\/\/www.rajapack.es\/blog-es\/embalaje-relleno-black-friday\",\n\t            \"url\": \"https:\/\/www.rajapack.es\/blog-es\/embalaje-relleno-black-friday\",\n\t            \"name\": \"Embalaje de relleno, imprescindible en el Black Friday | RAJAPACK\",\n\t            \"isPartOf\": {\n\t                \"@id\": \"https:\/\/www.rajapack.es\/blog-es\/#website\"\n\t            },\n\t            \"primaryImageOfPage\": {\n\t                \"@id\": \"https:\/\/www.rajapack.es\/blog-es\/embalaje-relleno-black-friday#primaryimage\"\n\t            },\n\t            \"image\": {\n\t                \"@id\": \"https:\/\/www.rajapack.es\/blog-es\/embalaje-relleno-black-friday#primaryimage\"\n\t            },\n\t            \"thumbnailUrl\": \"https:\/\/www.rajapack.es\/blog-es\/wp-content\/uploads\/2019\/10\/relleno-embalaje.jpg\",\n\t            \"datePublished\": \"2019-10-16T07:30:33+00:00\",\n\t            \"dateModified\": \"2022-10-16T16:06:08+00:00\",\n\t            \"description\": \"El 8% de las compras online del Black Friday llegan da\u00f1adas. Ev\u00edtalo con un buen embalaje de relleno y protecci\u00f3n. \u00a1Conf\u00eda en RAJAPACK!\",\n\t            \"inLanguage\": \"es\",\n\t            \"potentialAction\": [\n\t                {\n\t                    \"@type\": \"ReadAction\",\n\t                    \"target\": [\n\t                        \"https:\/\/www.rajapack.es\/blog-es\/embalaje-relleno-black-friday\"\n\t                    ]\n\t                }\n\t            ]\n\t        },\n\t        {\n\t            \"@type\": \"ImageObject\",\n\t            \"inLanguage\": \"es\",\n\t            \"@id\": \"https:\/\/www.rajapack.es\/blog-es\/embalaje-relleno-black-friday#primaryimage\",\n\t            \"url\": \"https:\/\/www.rajapack.es\/blog-es\/wp-content\/uploads\/2019\/10\/relleno-embalaje.jpg\",\n\t            \"contentUrl\": \"https:\/\/www.rajapack.es\/blog-es\/wp-content\/uploads\/2019\/10\/relleno-embalaje.jpg\",\n\t            \"width\": 850,\n\t            \"height\": 450\n\t        },\n\t        {\n\t            \"@type\": \"WebSite\",\n\t            \"@id\": \"https:\/\/www.rajapack.es\/blog-es\/#website\",\n\t            \"url\": \"https:\/\/www.rajapack.es\/blog-es\/\",\n\t            \"name\": \"RAJAPACK Blog | Consejos de embalaje, log\u00edstica y m\u00e1s\",\n\t            \"description\": \"Consejos de embalaje, logistica y m\u00e1s\",\n\t            \"publisher\": {\n\t                \"@id\": \"https:\/\/www.rajapack.es\/blog-es\/#organization\"\n\t            },\n\t            \"potentialAction\": [\n\t                {\n\t                    \"@type\": \"SearchAction\",\n\t                    \"target\": {\n\t                        \"@type\": \"EntryPoint\",\n\t                        \"urlTemplate\": \"https:\/\/www.rajapack.es\/blog-es\/?s={search_term_string}\"\n\t                    },\n\t                    \"query-input\": {\n\t                        \"@type\": \"PropertyValueSpecification\",\n\t                        \"valueRequired\": true,\n\t                        \"valueName\": \"search_term_string\"\n\t                    }\n\t                }\n\t            ],\n\t            \"inLanguage\": \"es\"\n\t        },\n\t        {\n\t            \"@type\": \"Organization\",\n\t            \"@id\": \"https:\/\/www.rajapack.es\/blog-es\/#organization\",\n\t            \"name\": \"RAJA ES\",\n\t            \"url\": \"https:\/\/www.rajapack.es\/blog-es\/\",\n\t            \"logo\": {\n\t                \"@type\": \"ImageObject\",\n\t                \"inLanguage\": \"es\",\n\t                \"@id\": \"https:\/\/www.rajapack.es\/blog-es\/#\/schema\/logo\/image\/\",\n\t                \"url\": \"https:\/\/www.rajapack.es\/blog-es\/wp-content\/uploads\/2021\/10\/logo-mobile@3x.png\",\n\t                \"contentUrl\": \"https:\/\/www.rajapack.es\/blog-es\/wp-content\/uploads\/2021\/10\/logo-mobile@3x.png\",\n\t                \"width\": 534,\n\t                \"height\": 114,\n\t                \"caption\": \"RAJA ES\"\n\t            },\n\t            \"image\": {\n\t                \"@id\": \"https:\/\/www.rajapack.es\/blog-es\/#\/schema\/logo\/image\/\"\n\t            },\n\t            \"sameAs\": [\n\t                \"https:\/\/www.facebook.com\/Rajapack.es\",\n\t                \"https:\/\/x.com\/RajapackES\",\n\t                \"https:\/\/www.linkedin.com\/company\/rajapack-spain\/\",\n\t                \"https:\/\/www.youtube.com\/user\/RajapackES\"\n\t            ]\n\t        },\n\t        {\n\t            \"@type\": \"Person\",\n\t            \"@id\": \"https:\/\/www.rajapack.es\/blog-es\/#\/schema\/person\/9fac94e7fcd0aa6d015f7202bd4e2b0f\",\n\t            \"name\": \"Beatriz GONZALES\",\n\t            \"image\": {\n\t                \"@type\": \"ImageObject\",\n\t                \"inLanguage\": \"es\",\n\t                \"@id\": \"https:\/\/www.rajapack.es\/blog-es\/#\/schema\/person\/image\/\",\n\t                \"url\": \"https:\/\/secure.gravatar.com\/avatar\/8d60a8c60719946f0508b6546da3680b?s=96&d=mm&r=g\",\n\t                \"contentUrl\": \"https:\/\/secure.gravatar.com\/avatar\/8d60a8c60719946f0508b6546da3680b?s=96&d=mm&r=g\",\n\t                \"caption\": \"Beatriz GONZALES\"\n\t            },\n\t            \"description\": \"User Wordpress\",\n\t            \"url\": \"https:\/\/www.rajapack.es\/blog-es\/author\/beatriz-gonzales\"\n\t        }\n\t    ]\n\t}<\/script>\n","yoast_head_json":{"title":"Embalaje de relleno, imprescindible en el Black Friday | RAJAPACK","description":"El 8% de las compras online del Black Friday llegan da\u00f1adas. Ev\u00edtalo con un buen embalaje de relleno y protecci\u00f3n. \u00a1Conf\u00eda en RAJAPACK!","robots":{"index":"index","follow":"follow","max-snippet":"max-snippet:-1","max-image-preview":"max-image-preview:large","max-video-preview":"max-video-preview:-1"},"canonical":"https:\/\/www.rajapack.es\/blog-es\/embalaje-relleno-black-friday","og_locale":"es_ES","og_type":"article","og_title":"Embalaje de relleno, imprescindible en el Black Friday | RAJAPACK","og_description":"El 8% de las compras online del Black Friday llegan da\u00f1adas. Ev\u00edtalo con un buen embalaje de relleno y protecci\u00f3n. \u00a1Conf\u00eda en RAJAPACK!","og_url":"https:\/\/www.rajapack.es\/blog-es\/embalaje-relleno-black-friday","og_site_name":"RAJAPACK Blog | Consejos de embalaje, log\u00edstica y m\u00e1s","article_publisher":"https:\/\/www.facebook.com\/Rajapack.es","article_published_time":"2019-10-16T07:30:33+00:00","article_modified_time":"2022-10-16T16:06:08+00:00","og_image":[{"width":850,"height":450,"url":"https:\/\/www.rajapack.es\/blog-es\/wp-content\/uploads\/2019\/10\/relleno-embalaje.jpg","type":"image\/jpeg"}],"author":"Beatriz GONZALES","twitter_card":"summary_large_image","twitter_creator":"@RajapackES","twitter_site":"@RajapackES","twitter_misc":{"Escrito por":"Beatriz GONZALES","Tiempo de lectura":"5 minutos"},"schema":{"@context":"https:\/\/schema.org","@graph":[{"@type":"Article","@id":"https:\/\/www.rajapack.es\/blog-es\/embalaje-relleno-black-friday#article","isPartOf":{"@id":"https:\/\/www.rajapack.es\/blog-es\/embalaje-relleno-black-friday"},"author":{"name":"Beatriz GONZALES","@id":"https:\/\/www.rajapack.es\/blog-es\/#\/schema\/person\/9fac94e7fcd0aa6d015f7202bd4e2b0f"},"headline":"Embalajes para Black Friday: relleno y protecci\u00f3n (1\/3)","datePublished":"2019-10-16T07:30:33+00:00","dateModified":"2022-10-16T16:06:08+00:00","mainEntityOfPage":{"@id":"https:\/\/www.rajapack.es\/blog-es\/embalaje-relleno-black-friday"},"wordCount":957,"commentCount":0,"publisher":{"@id":"https:\/\/www.rajapack.es\/blog-es\/#organization"},"image":{"@id":"https:\/\/www.rajapack.es\/blog-es\/embalaje-relleno-black-friday#primaryimage"},"thumbnailUrl":"https:\/\/www.rajapack.es\/blog-es\/wp-content\/uploads\/2019\/10\/relleno-embalaje.jpg","keywords":["embalajes"],"articleSection":["Novedades &amp; Consejos de embalaje"],"inLanguage":"es","potentialAction":[{"@type":"CommentAction","name":"Comment","target":["https:\/\/www.rajapack.es\/blog-es\/embalaje-relleno-black-friday#respond"]}]},{"@type":"WebPage","@id":"https:\/\/www.rajapack.es\/blog-es\/embalaje-relleno-black-friday","url":"https:\/\/www.rajapack.es\/blog-es\/embalaje-relleno-black-friday","name":"Embalaje de relleno, imprescindible en el Black Friday | RAJAPACK","isPartOf":{"@id":"https:\/\/www.rajapack.es\/blog-es\/#website"},"primaryImageOfPage":{"@id":"https:\/\/www.rajapack.es\/blog-es\/embalaje-relleno-black-friday#primaryimage"},"image":{"@id":"https:\/\/www.rajapack.es\/blog-es\/embalaje-relleno-black-friday#primaryimage"},"thumbnailUrl":"https:\/\/www.rajapack.es\/blog-es\/wp-content\/uploads\/2019\/10\/relleno-embalaje.jpg","datePublished":"2019-10-16T07:30:33+00:00","dateModified":"2022-10-16T16:06:08+00:00","description":"El 8% de las compras online del Black Friday llegan da\u00f1adas. Ev\u00edtalo con un buen embalaje de relleno y protecci\u00f3n. \u00a1Conf\u00eda en RAJAPACK!","inLanguage":"es","potentialAction":[{"@type":"ReadAction","target":["https:\/\/www.rajapack.es\/blog-es\/embalaje-relleno-black-friday"]}]},{"@type":"ImageObject","inLanguage":"es","@id":"https:\/\/www.rajapack.es\/blog-es\/embalaje-relleno-black-friday#primaryimage","url":"https:\/\/www.rajapack.es\/blog-es\/wp-content\/uploads\/2019\/10\/relleno-embalaje.jpg","contentUrl":"https:\/\/www.rajapack.es\/blog-es\/wp-content\/uploads\/2019\/10\/relleno-embalaje.jpg","width":850,"height":450},{"@type":"WebSite","@id":"https:\/\/www.rajapack.es\/blog-es\/#website","url":"https:\/\/www.rajapack.es\/blog-es\/","name":"RAJAPACK Blog | Consejos de embalaje, log\u00edstica y m\u00e1s","description":"Consejos de embalaje, logistica y m\u00e1s","publisher":{"@id":"https:\/\/www.rajapack.es\/blog-es\/#organization"},"potentialAction":[{"@type":"SearchAction","target":{"@type":"EntryPoint","urlTemplate":"https:\/\/www.rajapack.es\/blog-es\/?s={search_term_string}"},"query-input":{"@type":"PropertyValueSpecification","valueRequired":true,"valueName":"search_term_string"}}],"inLanguage":"es"},{"@type":"Organization","@id":"https:\/\/www.rajapack.es\/blog-es\/#organization","name":"RAJA ES","url":"https:\/\/www.rajapack.es\/blog-es\/","logo":{"@type":"ImageObject","inLanguage":"es","@id":"https:\/\/www.rajapack.es\/blog-es\/#\/schema\/logo\/image\/","url":"https:\/\/www.rajapack.es\/blog-es\/wp-content\/uploads\/2021\/10\/logo-mobile@3x.png","contentUrl":"https:\/\/www.rajapack.es\/blog-es\/wp-content\/uploads\/2021\/10\/logo-mobile@3x.png","width":534,"height":114,"caption":"RAJA ES"},"image":{"@id":"https:\/\/www.rajapack.es\/blog-es\/#\/schema\/logo\/image\/"},"sameAs":["https:\/\/www.facebook.com\/Rajapack.es","https:\/\/x.com\/RajapackES","https:\/\/www.linkedin.com\/company\/rajapack-spain\/","https:\/\/www.youtube.com\/user\/RajapackES"]},{"@type":"Person","@id":"https:\/\/www.rajapack.es\/blog-es\/#\/schema\/person\/9fac94e7fcd0aa6d015f7202bd4e2b0f","name":"Beatriz GONZALES","image":{"@type":"ImageObject","inLanguage":"es","@id":"https:\/\/www.rajapack.es\/blog-es\/#\/schema\/person\/image\/","url":"https:\/\/secure.gravatar.com\/avatar\/8d60a8c60719946f0508b6546da3680b?s=96&d=mm&r=g","contentUrl":"https:\/\/secure.gravatar.com\/avatar\/8d60a8c60719946f0508b6546da3680b?s=96&d=mm&r=g","caption":"Beatriz GONZALES"},"description":"User Wordpress","url":"https:\/\/www.rajapack.es\/blog-es\/author\/beatriz-gonzales"}]}},"_links":{"self":[{"href":"https:\/\/www.rajapack.es\/blog-es\/wp-json\/wp\/v2\/posts\/11392"}],"collection":[{"href":"https:\/\/www.rajapack.es\/blog-es\/wp-json\/wp\/v2\/posts"}],"about":[{"href":"https:\/\/www.rajapack.es\/blog-es\/wp-json\/wp\/v2\/types\/post"}],"author":[{"embeddable":true,"href":"https:\/\/www.rajapack.es\/blog-es\/wp-json\/wp\/v2\/users\/31"}],"replies":[{"embeddable":true,"href":"https:\/\/www.rajapack.es\/blog-es\/wp-json\/wp\/v2\/comments?post=11392"}],"version-history":[{"count":0,"href":"https:\/\/www.rajapack.es\/blog-es\/wp-json\/wp\/v2\/posts\/11392\/revisions"}],"wp:featuredmedia":[{"embeddable":true,"href":"https:\/\/www.rajapack.es\/blog-es\/wp-json\/wp\/v2\/media\/11470"}],"wp:attachment":[{"href":"https:\/\/www.rajapack.es\/blog-es\/wp-json\/wp\/v2\/media?parent=11392"}],"wp:term":[{"taxonomy":"category","embeddable":true,"href":"https:\/\/www.rajapack.es\/blog-es\/wp-json\/wp\/v2\/categories?post=11392"},{"taxonomy":"post_tag","embeddable":true,"href":"https:\/\/www.rajapack.es\/blog-es\/wp-json\/wp\/v2\/tags?post=11392"}],"curies":[{"name":"wp","href":"https:\/\/api.w.org\/{rel}","templated":true}]}}