{"id":11441,"date":"2019-10-28T15:33:56","date_gmt":"2019-10-28T13:33:56","guid":{"rendered":"https:\/\/blog-staging-es.raja-group.com\/?p=11441"},"modified":"2025-01-30T04:24:47","modified_gmt":"2025-01-30T02:24:47","slug":"embalajes-para-black-friday-mejora-experiencia-cliente","status":"publish","type":"post","link":"https:\/\/www.rajapack.es\/blog-es\/embalajes-para-black-friday-mejora-experiencia-cliente","title":{"rendered":"Embalajes para Black Friday: mejora la experiencia de cliente (3\/3)"},"content":{"rendered":"\n<p>El&nbsp;<strong>Black Friday 2019 se celebra el pr\u00f3ximo 29 de noviembre<\/strong> y todo apunta a que este a\u00f1o ser\u00e1, una vez m\u00e1s, una fecha de r\u00e9cords para el comercio. La tendencia de aprovechar los descuentos de los e-commerce para las compras navide\u00f1as se dispara y las marcas se afanan para hacer frente a la avalancha de pedidos a preparar y expedir. <\/p>\n\n\n\n<p>Si tienes un e-commerce y todo el engranaje ha funcionado a la perfecci\u00f3n hasta la expedici\u00f3n y env\u00edo del paquete, aprovecha el momento de la verdad que supone recibirlo, para<strong> fidelizar a tus clientes con embalajes pr\u00e1cticos, efectivos, atractivos y sostenibles. <\/strong><\/p>\n\n\n\n<p>\u21e8 Tras los posts en los que te habl\u00e1bamos de la <a href=\"https:\/\/www.rajapack.es\/blog-es\/embalaje-relleno-black-friday\">importancia del embalaje de relleno en Black Friday<\/a> y de la necesidad de <a href=\"https:\/\/www.rajapack.es\/blog-es\/embalajes-black-friday-impacto-marca\">reforzar la comunicaci\u00f3n de marca en Black Friday con embalajes personalizados<\/a>, cerramos la serie de 3 art\u00edculos afrontando una tem\u00e1tica que preocupa a cualquier e-commerce: <strong>\u00bfC\u00f3mo puedo mejorar, gracias al embalaje, la experiencia de mi cliente al recibir su paquete?<\/strong> <\/p>\n\n\n\n<h2 class=\"wp-block-heading\">Facilita la apertura del embalaje<\/h2>\n\n\n\n<p><strong>La apertura de un paquete es un momento clave para la imagen de tu negocio<\/strong>, querer abrir un paquete y no conseguir abrirlo es de lo m\u00e1s frustrante y \u00a1es el primer contacto que tiene tu cliente con tu producto!<\/p>\n\n\n<div class=\"wp-block-image\">\n<figure class=\"alignleft is-resized\"><img loading=\"lazy\" decoding=\"async\" src=\"https:\/\/raja.scene7.com\/is\/image\/Raja\/products\/caja-carton-montaje-instantaneo-cierre-adhesivo-canal-simple_OFF_ES_0523.jpg?image=M_PF50_O_A5_FR$default$\" alt=\"Caja de cart\u00c3\u00b3n montaje instant\u00c3\u00a1neo y cierre adhesivo canal simple\" style=\"width:190px;height:190px\"\/><\/figure><\/div>\n\n\n<p>Las <a rel=\"noreferrer noopener\" aria-label=\"ajas con banda adhesiva y apertura mediante banda dentada (abre en una nueva pesta\u00f1a)\" href=\"https:\/\/www.rajapack.es\/cajas-carton-contenedores-cajas-postales\/cajas-carton-cajas-americanas\/caja-a-fondo-automatico-y-cierre-adhesivo_OFF_ES_0523.html\" target=\"_blank\">cajas con banda adhesiva y apertura mediante banda dentada<\/a> son perfectas para abrir paquetes sin estr\u00e9s, se acab\u00f3 el ir a buscar tijeras por toda la casa. El cliente solo debe estirar de la esquina y la l\u00ednea de puntos har\u00e1 el resto.<\/p>\n\n\n\n<div class=\"wp-block-media-text alignwide has-media-on-the-right\" style=\"grid-template-columns:auto 37%\"><div class=\"wp-block-media-text__content\">\n<p>Las <a href=\"https:\/\/www.rajapack.es\/cajas-carton-contenedores-cajas-postales\/cajas-estuches-para-envios-postales\/caja-postal-marron-rajapost_OFF_ES_0042.html\" target=\"_blank\" rel=\"noreferrer noopener\" aria-label=\"cajas postales con leng\u00fceta (abre en una nueva pesta\u00f1a)\">cajas postales con leng\u00fceta<\/a> son tambi\u00e9n una buena soluci\u00f3n, son muy f\u00e1ciles de montar y el cliente para abrirlas solo tiene que hacer una peque\u00f1a presi\u00f3n en el cierre al abrir la caja. <\/p>\n<\/div><figure class=\"wp-block-media-text__media\"><img loading=\"lazy\" decoding=\"async\" src=\"https:\/\/www.rajapack.es\/blog-es\/wp-content\/uploads\/2019\/05\/caja-carton-cierre-pestanas.jpg\" alt=\"Sistemas de cierre para cajas de cart\u00c3\u00b3n: pesta\u00c3\u00b1as o leng\u00c3\u00bcetas\"\/><\/figure><\/div>\n\n\n\n<p><\/p>\n\n\n\n<h2 class=\"wp-block-heading\">Facilita la devoluci\u00f3n<\/h2>\n\n\n\n<p>Seg\u00fan el Observatorio Cetelem 2018, <strong>el 35% de los compradores online han realizado la devoluci\u00f3n de alg\u00fan producto comprado.<\/strong><\/p>\n\n\n\n<p>Este mismo estudio tambi\u00e9n observa que la devoluci\u00f3n sigue siendo uno de los 2 aspectos percibidos m\u00e1s negativos a la hora de realizar compras online, solo un 9% ha notado alguna mejor\u00eda en la facilidad en la devoluci\u00f3n.<\/p>\n\n\n\n<p>Fideliza a tu cliente facilit\u00e1ndole, si as\u00ed lo desea, que pueda devolver alguno de los productos comprados. En contra de lo que puedas pensar, hacer m\u00e1s f\u00e1cil este proceso, puede ayudar a fidelizarlo y que est\u00e9 m\u00e1s dispuesto a una compra posterior. <\/p>\n\n\n\n<h3 class=\"wp-block-heading\">Embalajes \u00abIda y Vuelta\u00bb<\/h3>\n\n\n<div class=\"wp-block-image\">\n<figure class=\"alignright is-resized\"><img loading=\"lazy\" decoding=\"async\" width=\"1024\" height=\"960\" src=\"https:\/\/www.rajapack.es\/blog-es\/wp-content\/uploads\/2019\/10\/Captura-1024x960.jpg\" alt=\"\" class=\"wp-image-11483\" style=\"width:228px;height:213px\" srcset=\"https:\/\/www.rajapack.es\/blog-es\/wp-content\/uploads\/2019\/10\/Captura-1024x960.jpg 1024w, https:\/\/www.rajapack.es\/blog-es\/wp-content\/uploads\/2019\/10\/Captura-300x281.jpg 300w, https:\/\/www.rajapack.es\/blog-es\/wp-content\/uploads\/2019\/10\/Captura-768x720.jpg 768w, https:\/\/www.rajapack.es\/blog-es\/wp-content\/uploads\/2019\/10\/Captura-240x225.jpg 240w, https:\/\/www.rajapack.es\/blog-es\/wp-content\/uploads\/2019\/10\/Captura.jpg 1032w\" sizes=\"(max-width: 1024px) 100vw, 1024px\" \/><\/figure><\/div>\n\n\n<p>Son el embalaje ideal para facilitar las devoluciones, <strong>permiten a tu cliente reutilizar el embalaje en caso de devoluci\u00f3n. Y a ti te asegurar\u00e1 que tu producto llegue en perfectas condiciones<\/strong>. Esto se hace gracias a su doble tira adhesiva, una vez utilizada una, se rasga la parte sobrante por la l\u00ednea de puntos y puedes utilizar la segunda banda adhesiva para cerrar.<\/p>\n\n\n\n<p>Las <a rel=\"noreferrer noopener\" aria-label=\"cajas de &quot;Ida y Vuelta&quot; (abre en una nueva pesta\u00f1a)\" href=\"https:\/\/www.rajapack.es\/cajas-carton-contenedores-cajas-postales\/cajas-carton-cajas-americanas\/caja-a-fondo-automatico-y-doble-banda-adhesiva_OFF_ES_0629.html\" target=\"_blank\">cajas de \u00abIda y Vuelta\u00bb<\/a> son ya uno de los embalajes m\u00e1s utilizados por los grandes e-commerce, especialmente en Moda. Tambi\u00e9n tienes la opci\u00f3n tanto de <a rel=\"noreferrer noopener\" aria-label=\"sobres de ida y vuelta en kraft (abre en una nueva pesta\u00f1a)\" href=\"https:\/\/www.rajapack.es\/sobres-bolsas-tubos-envio\/sobres-papel-para-correspondencia\/sobre-kraft-doble-banda-adhesiva_OFF_ES_00795.html\" target=\"_blank\">sobres de ida y vuelta en kraft<\/a> como <a rel=\"noreferrer noopener\" aria-label=\"sobres en pl\u00e1stico opaco (abre en una nueva pesta\u00f1a)\" href=\"https:\/\/www.rajapack.es\/sobres-bolsas-tubos-envio\/sobres-bolsas-plastico-para-envio\/bolsa-plastico-opaca-ida-vuelta_OFF_ES_0703.html\" target=\"_blank\">sobres en pl\u00e1stico opaco<\/a>. <\/p>\n\n\n\n<figure class=\"wp-block-image\"><img loading=\"lazy\" decoding=\"async\" width=\"1024\" height=\"294\" src=\"https:\/\/www.rajapack.es\/blog-es\/wp-content\/uploads\/2019\/10\/ida-y-vuelta-1024x294.jpg\" alt=\"\" class=\"wp-image-11482\" srcset=\"https:\/\/www.rajapack.es\/blog-es\/wp-content\/uploads\/2019\/10\/ida-y-vuelta-1024x294.jpg 1024w, https:\/\/www.rajapack.es\/blog-es\/wp-content\/uploads\/2019\/10\/ida-y-vuelta-300x86.jpg 300w, https:\/\/www.rajapack.es\/blog-es\/wp-content\/uploads\/2019\/10\/ida-y-vuelta-768x221.jpg 768w, https:\/\/www.rajapack.es\/blog-es\/wp-content\/uploads\/2019\/10\/ida-y-vuelta-375x108.jpg 375w, https:\/\/www.rajapack.es\/blog-es\/wp-content\/uploads\/2019\/10\/ida-y-vuelta.jpg 1259w\" sizes=\"(max-width: 1024px) 100vw, 1024px\" \/><\/figure>\n\n\n\n<h2 class=\"wp-block-heading\">Facilita la gesti\u00f3n de residuos con embalaje sostenible<\/h2>\n\n\n\n<p>Los clientes est\u00e1n cada vez m\u00e1s concienciados con el medio ambiente y la sostenibilidad, y rechazan el sobreembalaje. Por lo que <strong>optar por un <a href=\"https:\/\/www.rajapack.es\/embalaje-ecologico_cms_000041.html\" target=\"_blank\" rel=\"noreferrer noopener\" aria-label=\"embalaje EcoResponsable (abre en una nueva pesta\u00f1a)\">embalaje EcoResponsable <\/a>es la mejor opci\u00f3n para mejorar la imagen de tu marca, y ofrecer una agradable experiencia. <\/strong> Hay diferentes maneras de conseguirlo:<\/p>\n\n\n\n<h3 class=\"wp-block-heading\">Reduce el embalaje<\/h3>\n\n\n<div class=\"wp-block-image\">\n<figure class=\"alignleft is-resized\"><img loading=\"lazy\" decoding=\"async\" width=\"542\" height=\"420\" src=\"https:\/\/www.rajapack.es\/blog-es\/wp-content\/uploads\/2019\/10\/image-3.png\" alt=\"\" class=\"wp-image-11487\" style=\"width:192px;height:148px\" srcset=\"https:\/\/www.rajapack.es\/blog-es\/wp-content\/uploads\/2019\/10\/image-3.png 542w, https:\/\/www.rajapack.es\/blog-es\/wp-content\/uploads\/2019\/10\/image-3-300x232.png 300w, https:\/\/www.rajapack.es\/blog-es\/wp-content\/uploads\/2019\/10\/image-3-290x225.png 290w\" sizes=\"(max-width: 542px) 100vw, 542px\" \/><\/figure><\/div>\n\n\n<p>Menos es m\u00e1s. <strong>Reduce los elementos utilizados en tu embalaje<\/strong>, utiliza la caja adecuada que minimice el uso de relleno y evita el relleno de part\u00edculas: abrir un paquete y que se llene todo el suelo de virutas es estresante para tu cliente y muy malo para tu imagen de marca. Como soluciones posibles de relleno simplificado tienes el relleno de papel, el relleno ecol\u00f3gico por excelencia, no dejar\u00e1 residuos esparcidos por todos lados y su reciclaje es de lo m\u00e1s f\u00e1cil: Todo directo al contenedor azul.<\/p>\n\n\n\n<p>Si tu producto es muy delicado, tienes otra soluci\u00f3n: Utilizar embalaje con relleno integrado, \u00e9ste puede ser de pl\u00e1stico o de espuma.<\/p>\n\n\n\n<figure class=\"wp-block-image\"><img loading=\"lazy\" decoding=\"async\" width=\"1024\" height=\"294\" src=\"https:\/\/www.rajapack.es\/blog-es\/wp-content\/uploads\/2019\/10\/proteccion-integrada-embalaje-1024x294.jpg\" alt=\"\" class=\"wp-image-11486\" srcset=\"https:\/\/www.rajapack.es\/blog-es\/wp-content\/uploads\/2019\/10\/proteccion-integrada-embalaje-1024x294.jpg 1024w, https:\/\/www.rajapack.es\/blog-es\/wp-content\/uploads\/2019\/10\/proteccion-integrada-embalaje-300x86.jpg 300w, https:\/\/www.rajapack.es\/blog-es\/wp-content\/uploads\/2019\/10\/proteccion-integrada-embalaje-768x221.jpg 768w, https:\/\/www.rajapack.es\/blog-es\/wp-content\/uploads\/2019\/10\/proteccion-integrada-embalaje-375x108.jpg 375w, https:\/\/www.rajapack.es\/blog-es\/wp-content\/uploads\/2019\/10\/proteccion-integrada-embalaje.jpg 1259w\" sizes=\"(max-width: 1024px) 100vw, 1024px\" \/><\/figure>\n\n\n\n<h3 class=\"wp-block-heading\">S\u00e9 ecol\u00f3gico<\/h3>\n\n\n\n<p><strong>Olv\u00eddate del pl\u00e1stico y empieza a utilizar productos que vengan de materias primas renovables y que permitan su reciclado despu\u00e9s de su uso.<\/strong><\/p>\n\n\n\n<p>Los clientes de hoy en d\u00eda est\u00e1n cada vez m\u00e1s concienciados sobre el medio ambiente y la ecolog\u00eda, utilizar embalaje de pl\u00e1stico perjudicar\u00eda tu imagen de marca, \u00a1as\u00ed que te recomendamos que renueves tu embalaje!<\/p>\n\n\n\n<figure class=\"wp-block-image\"><img loading=\"lazy\" decoding=\"async\" width=\"1024\" height=\"294\" src=\"https:\/\/www.rajapack.es\/blog-es\/wp-content\/uploads\/2019\/10\/embalaje-ecoresponsable-1024x294.jpg\" alt=\"\" class=\"wp-image-11489\" srcset=\"https:\/\/www.rajapack.es\/blog-es\/wp-content\/uploads\/2019\/10\/embalaje-ecoresponsable-1024x294.jpg 1024w, https:\/\/www.rajapack.es\/blog-es\/wp-content\/uploads\/2019\/10\/embalaje-ecoresponsable-300x86.jpg 300w, https:\/\/www.rajapack.es\/blog-es\/wp-content\/uploads\/2019\/10\/embalaje-ecoresponsable-768x221.jpg 768w, https:\/\/www.rajapack.es\/blog-es\/wp-content\/uploads\/2019\/10\/embalaje-ecoresponsable-375x108.jpg 375w, https:\/\/www.rajapack.es\/blog-es\/wp-content\/uploads\/2019\/10\/embalaje-ecoresponsable.jpg 1259w\" sizes=\"(max-width: 1024px) 100vw, 1024px\" \/><\/figure>\n\n\n\n<p>Aqu\u00ed encontrar\u00e1s nuestros productos m\u00e1s EcoResponsables: <a href=\"https:\/\/www.rajapack.es\/embalaje-ecologico_C9630.html\" target=\"_blank\" rel=\"noreferrer noopener\" aria-label=\" (abre en una nueva pesta\u00f1a)\">Embalajes EcoResponsables para e-Commerce.<\/a><\/p>\n\n\n\n<p><strong>\u00bfY en RAJAPACK tendremos Black Friday? <\/strong><\/p>\n\n\n\n<ul class=\"wp-block-list\">\n<li><a aria-label=\"Inscr\u00edbete a la newsletter de RAJA (abre en una nueva pesta\u00f1a)\" href=\"https:\/\/www.rajapack.es\/suscripcion-newsletter-rajapack.html\" target=\"_blank\" rel=\"noreferrer noopener\">Inscr\u00edbete a la newsletter de RAJAPACK<\/a> y no te pierdas ninguna de nuestras promociones, incluida la promoci\u00f3n de Black Friday \ud83d\ude09<\/li>\n\n\n\n<li>Y por supuesto, muy pronto, el mejor <a href=\"https:\/\/www.rajapack.es\/black-friday_cms_000100.html\">Black Friday de embalajes en RAJAPACK<\/a>, \u00a1ya lo estamos preparando todo!<\/li>\n<\/ul>\n\n\n\n<p>Lee nuestros \u00faltimos 2 art\u00edculos sobre \u00abEmbalajes para Black Friday\u00bb:<\/p>\n\n\n\n<ul class=\"wp-block-list\">\n<li><strong><a href=\"https:\/\/www.rajapack.es\/blog-es\/embalaje-relleno-black-friday\">Embalajes para Black Friday: relleno y protecci\u00f3n (1\/3).<\/a><\/strong><\/li>\n\n\n\n<li><strong><a href=\"https:\/\/www.rajapack.es.local\/blog-es\/embalajes-black-friday-impacto-marca\">Embalajes para Black Friday: impacta con tu marca (2\/3).<\/a><\/strong><\/li>\n<\/ul>\n\n\n\n<figure class=\"wp-block-image\"><a href=\"https:\/\/www.rajapack.es\/embalajes-tiendas-online_cms_000068.html?utm_campaign=blog_cta&amp;utm_medium=referral&amp;utm_source=blog&amp;utm_content=ecommerce&amp;utm_term=cta\" target=\"_blank\" rel=\"noreferrer noopener\"><img loading=\"lazy\" decoding=\"async\" width=\"850\" height=\"277\" src=\"https:\/\/www.rajapack.es\/blog-es\/wp-content\/uploads\/2019\/08\/CTA-Embalaje-para-ecommerceB.jpg\" alt=\"\" class=\"wp-image-11283\" srcset=\"https:\/\/www.rajapack.es\/blog-es\/wp-content\/uploads\/2019\/08\/CTA-Embalaje-para-ecommerceB.jpg 850w, https:\/\/www.rajapack.es\/blog-es\/wp-content\/uploads\/2019\/08\/CTA-Embalaje-para-ecommerceB-300x98.jpg 300w, https:\/\/www.rajapack.es\/blog-es\/wp-content\/uploads\/2019\/08\/CTA-Embalaje-para-ecommerceB-768x250.jpg 768w, https:\/\/www.rajapack.es\/blog-es\/wp-content\/uploads\/2019\/08\/CTA-Embalaje-para-ecommerceB-375x122.jpg 375w\" sizes=\"(max-width: 850px) 100vw, 850px\" \/><\/a><\/figure>\n","protected":false},"excerpt":{"rendered":"<p>Aprovecha el Black Friday para reforzar la experiencia al cliente a trav\u00e9s del embalaje de tu marca. Facilita las devoluciones, la apertura del embalaje y la gesti\u00f3n de residuos. \u00a1Toma nota de estas ideas de RAJAPACK!<\/p>\n","protected":false},"author":49,"featured_media":11467,"comment_status":"open","ping_status":"open","sticky":false,"template":"","format":"standard","meta":{"_acf_changed":false,"footnotes":""},"categories":[4],"tags":[101,106],"class_list":["post-11441","post","type-post","status-publish","format-standard","has-post-thumbnail","hentry","category-embalaje","tag-ecommerce","tag-embalajes"],"acf":[],"yoast_head":"\n<title>Embalajes para Black Friday: mejora la experiencia de cliente | RAJAPACK<\/title>\n<meta name=\"description\" content=\"Aprovecha el Black Friday para reforzar la experiencia al cliente a trav\u00e9s del embalaje de tu marca. \u00a1Toma nota de estas ideas de RAJAPACK!\" \/>\n<meta name=\"robots\" content=\"index, follow, max-snippet:-1, max-image-preview:large, max-video-preview:-1\" \/>\n<link rel=\"canonical\" href=\"https:\/\/www.rajapack.es\/blog-es\/embalajes-para-black-friday-mejora-experiencia-cliente\" \/>\n<meta property=\"og:locale\" content=\"es_ES\" \/>\n<meta property=\"og:type\" content=\"article\" \/>\n<meta property=\"og:title\" content=\"Embalajes para Black Friday: mejora la experiencia de cliente | RAJAPACK\" \/>\n<meta property=\"og:description\" content=\"Aprovecha el Black Friday para reforzar la experiencia al cliente a trav\u00e9s del embalaje de tu marca. \u00a1Toma nota de estas ideas de RAJAPACK!\" \/>\n<meta property=\"og:url\" content=\"https:\/\/www.rajapack.es\/blog-es\/embalajes-para-black-friday-mejora-experiencia-cliente\" \/>\n<meta property=\"og:site_name\" content=\"RAJAPACK Blog | Consejos de embalaje, log\u00edstica y m\u00e1s\" \/>\n<meta property=\"article:publisher\" content=\"https:\/\/www.facebook.com\/Rajapack.es\" \/>\n<meta property=\"article:published_time\" content=\"2019-10-28T13:33:56+00:00\" \/>\n<meta property=\"article:modified_time\" content=\"2025-01-30T02:24:47+00:00\" \/>\n<meta property=\"og:image\" content=\"https:\/\/www.rajapack.es\/blog-es\/wp-content\/uploads\/2019\/10\/experiencia-1.jpg\" \/>\n\t<meta property=\"og:image:width\" content=\"850\" \/>\n\t<meta property=\"og:image:height\" content=\"450\" \/>\n\t<meta property=\"og:image:type\" content=\"image\/jpeg\" \/>\n<meta name=\"author\" content=\"Sara Alcaraz G\u00e1lvez\" \/>\n<meta name=\"twitter:card\" content=\"summary_large_image\" \/>\n<meta name=\"twitter:creator\" content=\"@RajapackES\" \/>\n<meta name=\"twitter:site\" content=\"@RajapackES\" \/>\n<meta name=\"twitter:label1\" content=\"Escrito por\" \/>\n\t<meta name=\"twitter:data1\" content=\"Sara Alcaraz G\u00e1lvez\" \/>\n\t<meta name=\"twitter:label2\" content=\"Tiempo de lectura\" \/>\n\t<meta name=\"twitter:data2\" content=\"4 minutos\" \/>\n<script type=\"application\/ld+json\" class=\"yoast-schema-graph\">{\n\t    \"@context\": \"https:\/\/schema.org\",\n\t    \"@graph\": [\n\t        {\n\t            \"@type\": \"Article\",\n\t            \"@id\": \"https:\/\/www.rajapack.es\/blog-es\/embalajes-para-black-friday-mejora-experiencia-cliente#article\",\n\t            \"isPartOf\": {\n\t                \"@id\": \"https:\/\/www.rajapack.es\/blog-es\/embalajes-para-black-friday-mejora-experiencia-cliente\"\n\t            },\n\t            \"author\": {\n\t                \"name\": \"Sara Alcaraz G\u00e1lvez\",\n\t                \"@id\": \"https:\/\/www.rajapack.es\/blog-es\/#\/schema\/person\/354d66fd4e68e587bf52f90a52f6e0d3\"\n\t            },\n\t            \"headline\": \"Embalajes para Black Friday: mejora la experiencia de cliente (3\/3)\",\n\t            \"datePublished\": \"2019-10-28T13:33:56+00:00\",\n\t            \"dateModified\": \"2025-01-30T02:24:47+00:00\",\n\t            \"mainEntityOfPage\": {\n\t                \"@id\": \"https:\/\/www.rajapack.es\/blog-es\/embalajes-para-black-friday-mejora-experiencia-cliente\"\n\t            },\n\t            \"wordCount\": 874,\n\t            \"commentCount\": 0,\n\t            \"publisher\": {\n\t                \"@id\": \"https:\/\/www.rajapack.es\/blog-es\/#organization\"\n\t            },\n\t            \"image\": {\n\t                \"@id\": \"https:\/\/www.rajapack.es\/blog-es\/embalajes-para-black-friday-mejora-experiencia-cliente#primaryimage\"\n\t            },\n\t            \"thumbnailUrl\": \"https:\/\/www.rajapack.es\/blog-es\/wp-content\/uploads\/2019\/10\/experiencia-1.jpg\",\n\t            \"keywords\": [\n\t                \"ecommerce\",\n\t                \"embalajes\"\n\t            ],\n\t            \"articleSection\": [\n\t                \"Novedades &amp; Consejos de embalaje\"\n\t            ],\n\t            \"inLanguage\": \"es\",\n\t            \"potentialAction\": [\n\t                {\n\t                    \"@type\": \"CommentAction\",\n\t                    \"name\": \"Comment\",\n\t                    \"target\": [\n\t                        \"https:\/\/www.rajapack.es\/blog-es\/embalajes-para-black-friday-mejora-experiencia-cliente#respond\"\n\t                    ]\n\t                }\n\t            ]\n\t        },\n\t        {\n\t            \"@type\": \"WebPage\",\n\t            \"@id\": \"https:\/\/www.rajapack.es\/blog-es\/embalajes-para-black-friday-mejora-experiencia-cliente\",\n\t            \"url\": \"https:\/\/www.rajapack.es\/blog-es\/embalajes-para-black-friday-mejora-experiencia-cliente\",\n\t            \"name\": \"Embalajes para Black Friday: mejora la experiencia de cliente | RAJAPACK\",\n\t            \"isPartOf\": {\n\t                \"@id\": \"https:\/\/www.rajapack.es\/blog-es\/#website\"\n\t            },\n\t            \"primaryImageOfPage\": {\n\t                \"@id\": \"https:\/\/www.rajapack.es\/blog-es\/embalajes-para-black-friday-mejora-experiencia-cliente#primaryimage\"\n\t            },\n\t            \"image\": {\n\t                \"@id\": \"https:\/\/www.rajapack.es\/blog-es\/embalajes-para-black-friday-mejora-experiencia-cliente#primaryimage\"\n\t            },\n\t            \"thumbnailUrl\": \"https:\/\/www.rajapack.es\/blog-es\/wp-content\/uploads\/2019\/10\/experiencia-1.jpg\",\n\t            \"datePublished\": \"2019-10-28T13:33:56+00:00\",\n\t            \"dateModified\": \"2025-01-30T02:24:47+00:00\",\n\t            \"description\": \"Aprovecha el Black Friday para reforzar la experiencia al cliente a trav\u00e9s del embalaje de tu marca. \u00a1Toma nota de estas ideas de RAJAPACK!\",\n\t            \"inLanguage\": \"es\",\n\t            \"potentialAction\": [\n\t                {\n\t                    \"@type\": \"ReadAction\",\n\t                    \"target\": [\n\t                        \"https:\/\/www.rajapack.es\/blog-es\/embalajes-para-black-friday-mejora-experiencia-cliente\"\n\t                    ]\n\t                }\n\t            ]\n\t        },\n\t        {\n\t            \"@type\": \"ImageObject\",\n\t            \"inLanguage\": \"es\",\n\t            \"@id\": \"https:\/\/www.rajapack.es\/blog-es\/embalajes-para-black-friday-mejora-experiencia-cliente#primaryimage\",\n\t            \"url\": \"https:\/\/www.rajapack.es\/blog-es\/wp-content\/uploads\/2019\/10\/experiencia-1.jpg\",\n\t            \"contentUrl\": \"https:\/\/www.rajapack.es\/blog-es\/wp-content\/uploads\/2019\/10\/experiencia-1.jpg\",\n\t            \"width\": 850,\n\t            \"height\": 450,\n\t            \"caption\": \"Mejorar experiencia cliente con embalaje\"\n\t        },\n\t        {\n\t            \"@type\": \"WebSite\",\n\t            \"@id\": \"https:\/\/www.rajapack.es\/blog-es\/#website\",\n\t            \"url\": \"https:\/\/www.rajapack.es\/blog-es\/\",\n\t            \"name\": \"RAJAPACK Blog | Consejos de embalaje, log\u00edstica y m\u00e1s\",\n\t            \"description\": \"Consejos de embalaje, logistica y m\u00e1s\",\n\t            \"publisher\": {\n\t                \"@id\": \"https:\/\/www.rajapack.es\/blog-es\/#organization\"\n\t            },\n\t            \"potentialAction\": [\n\t                {\n\t                    \"@type\": \"SearchAction\",\n\t                    \"target\": {\n\t                        \"@type\": \"EntryPoint\",\n\t                        \"urlTemplate\": \"https:\/\/www.rajapack.es\/blog-es\/?s={search_term_string}\"\n\t                    },\n\t                    \"query-input\": {\n\t                        \"@type\": \"PropertyValueSpecification\",\n\t                        \"valueRequired\": true,\n\t                        \"valueName\": \"search_term_string\"\n\t                    }\n\t                }\n\t            ],\n\t            \"inLanguage\": \"es\"\n\t        },\n\t        {\n\t            \"@type\": \"Organization\",\n\t            \"@id\": \"https:\/\/www.rajapack.es\/blog-es\/#organization\",\n\t            \"name\": \"RAJA ES\",\n\t            \"url\": \"https:\/\/www.rajapack.es\/blog-es\/\",\n\t            \"logo\": {\n\t                \"@type\": \"ImageObject\",\n\t                \"inLanguage\": \"es\",\n\t                \"@id\": \"https:\/\/www.rajapack.es\/blog-es\/#\/schema\/logo\/image\/\",\n\t                \"url\": \"https:\/\/www.rajapack.es\/blog-es\/wp-content\/uploads\/2021\/10\/logo-mobile@3x.png\",\n\t                \"contentUrl\": \"https:\/\/www.rajapack.es\/blog-es\/wp-content\/uploads\/2021\/10\/logo-mobile@3x.png\",\n\t                \"width\": 534,\n\t                \"height\": 114,\n\t                \"caption\": \"RAJA ES\"\n\t            },\n\t            \"image\": {\n\t                \"@id\": \"https:\/\/www.rajapack.es\/blog-es\/#\/schema\/logo\/image\/\"\n\t            },\n\t            \"sameAs\": [\n\t                \"https:\/\/www.facebook.com\/Rajapack.es\",\n\t                \"https:\/\/x.com\/RajapackES\",\n\t                \"https:\/\/www.linkedin.com\/company\/rajapack-spain\/\",\n\t                \"https:\/\/www.youtube.com\/user\/RajapackES\"\n\t            ]\n\t        },\n\t        {\n\t            \"@type\": \"Person\",\n\t            \"@id\": \"https:\/\/www.rajapack.es\/blog-es\/#\/schema\/person\/354d66fd4e68e587bf52f90a52f6e0d3\",\n\t            \"name\": \"Sara Alcaraz G\u00e1lvez\",\n\t            \"image\": {\n\t                \"@type\": \"ImageObject\",\n\t                \"inLanguage\": \"es\",\n\t                \"@id\": \"https:\/\/www.rajapack.es\/blog-es\/#\/schema\/person\/image\/\",\n\t                \"url\": \"https:\/\/secure.gravatar.com\/avatar\/67c8c00f9d1fb8454864b9abb11edc1d?s=96&d=mm&r=g\",\n\t                \"contentUrl\": \"https:\/\/secure.gravatar.com\/avatar\/67c8c00f9d1fb8454864b9abb11edc1d?s=96&d=mm&r=g\",\n\t                \"caption\": \"Sara Alcaraz G\u00e1lvez\"\n\t            },\n\t            \"sameAs\": [\n\t                \"https:\/\/www.linkedin.com\/in\/saraalca\/\"\n\t            ],\n\t            \"url\": \"https:\/\/www.rajapack.es\/blog-es\/author\/saraalcarazgalvez\"\n\t        }\n\t    ]\n\t}<\/script>\n","yoast_head_json":{"title":"Embalajes para Black Friday: mejora la experiencia de cliente | RAJAPACK","description":"Aprovecha el Black Friday para reforzar la experiencia al cliente a trav\u00e9s del embalaje de tu marca. \u00a1Toma nota de estas ideas de RAJAPACK!","robots":{"index":"index","follow":"follow","max-snippet":"max-snippet:-1","max-image-preview":"max-image-preview:large","max-video-preview":"max-video-preview:-1"},"canonical":"https:\/\/www.rajapack.es\/blog-es\/embalajes-para-black-friday-mejora-experiencia-cliente","og_locale":"es_ES","og_type":"article","og_title":"Embalajes para Black Friday: mejora la experiencia de cliente | RAJAPACK","og_description":"Aprovecha el Black Friday para reforzar la experiencia al cliente a trav\u00e9s del embalaje de tu marca. \u00a1Toma nota de estas ideas de RAJAPACK!","og_url":"https:\/\/www.rajapack.es\/blog-es\/embalajes-para-black-friday-mejora-experiencia-cliente","og_site_name":"RAJAPACK Blog | Consejos de embalaje, log\u00edstica y m\u00e1s","article_publisher":"https:\/\/www.facebook.com\/Rajapack.es","article_published_time":"2019-10-28T13:33:56+00:00","article_modified_time":"2025-01-30T02:24:47+00:00","og_image":[{"width":850,"height":450,"url":"https:\/\/www.rajapack.es\/blog-es\/wp-content\/uploads\/2019\/10\/experiencia-1.jpg","type":"image\/jpeg"}],"author":"Sara Alcaraz G\u00e1lvez","twitter_card":"summary_large_image","twitter_creator":"@RajapackES","twitter_site":"@RajapackES","twitter_misc":{"Escrito por":"Sara Alcaraz G\u00e1lvez","Tiempo de lectura":"4 minutos"},"schema":{"@context":"https:\/\/schema.org","@graph":[{"@type":"Article","@id":"https:\/\/www.rajapack.es\/blog-es\/embalajes-para-black-friday-mejora-experiencia-cliente#article","isPartOf":{"@id":"https:\/\/www.rajapack.es\/blog-es\/embalajes-para-black-friday-mejora-experiencia-cliente"},"author":{"name":"Sara Alcaraz G\u00e1lvez","@id":"https:\/\/www.rajapack.es\/blog-es\/#\/schema\/person\/354d66fd4e68e587bf52f90a52f6e0d3"},"headline":"Embalajes para Black Friday: mejora la experiencia de cliente (3\/3)","datePublished":"2019-10-28T13:33:56+00:00","dateModified":"2025-01-30T02:24:47+00:00","mainEntityOfPage":{"@id":"https:\/\/www.rajapack.es\/blog-es\/embalajes-para-black-friday-mejora-experiencia-cliente"},"wordCount":874,"commentCount":0,"publisher":{"@id":"https:\/\/www.rajapack.es\/blog-es\/#organization"},"image":{"@id":"https:\/\/www.rajapack.es\/blog-es\/embalajes-para-black-friday-mejora-experiencia-cliente#primaryimage"},"thumbnailUrl":"https:\/\/www.rajapack.es\/blog-es\/wp-content\/uploads\/2019\/10\/experiencia-1.jpg","keywords":["ecommerce","embalajes"],"articleSection":["Novedades &amp; Consejos de embalaje"],"inLanguage":"es","potentialAction":[{"@type":"CommentAction","name":"Comment","target":["https:\/\/www.rajapack.es\/blog-es\/embalajes-para-black-friday-mejora-experiencia-cliente#respond"]}]},{"@type":"WebPage","@id":"https:\/\/www.rajapack.es\/blog-es\/embalajes-para-black-friday-mejora-experiencia-cliente","url":"https:\/\/www.rajapack.es\/blog-es\/embalajes-para-black-friday-mejora-experiencia-cliente","name":"Embalajes para Black Friday: mejora la experiencia de cliente | RAJAPACK","isPartOf":{"@id":"https:\/\/www.rajapack.es\/blog-es\/#website"},"primaryImageOfPage":{"@id":"https:\/\/www.rajapack.es\/blog-es\/embalajes-para-black-friday-mejora-experiencia-cliente#primaryimage"},"image":{"@id":"https:\/\/www.rajapack.es\/blog-es\/embalajes-para-black-friday-mejora-experiencia-cliente#primaryimage"},"thumbnailUrl":"https:\/\/www.rajapack.es\/blog-es\/wp-content\/uploads\/2019\/10\/experiencia-1.jpg","datePublished":"2019-10-28T13:33:56+00:00","dateModified":"2025-01-30T02:24:47+00:00","description":"Aprovecha el Black Friday para reforzar la experiencia al cliente a trav\u00e9s del embalaje de tu marca. \u00a1Toma nota de estas ideas de RAJAPACK!","inLanguage":"es","potentialAction":[{"@type":"ReadAction","target":["https:\/\/www.rajapack.es\/blog-es\/embalajes-para-black-friday-mejora-experiencia-cliente"]}]},{"@type":"ImageObject","inLanguage":"es","@id":"https:\/\/www.rajapack.es\/blog-es\/embalajes-para-black-friday-mejora-experiencia-cliente#primaryimage","url":"https:\/\/www.rajapack.es\/blog-es\/wp-content\/uploads\/2019\/10\/experiencia-1.jpg","contentUrl":"https:\/\/www.rajapack.es\/blog-es\/wp-content\/uploads\/2019\/10\/experiencia-1.jpg","width":850,"height":450,"caption":"Mejorar experiencia cliente con embalaje"},{"@type":"WebSite","@id":"https:\/\/www.rajapack.es\/blog-es\/#website","url":"https:\/\/www.rajapack.es\/blog-es\/","name":"RAJAPACK Blog | Consejos de embalaje, log\u00edstica y m\u00e1s","description":"Consejos de embalaje, logistica y m\u00e1s","publisher":{"@id":"https:\/\/www.rajapack.es\/blog-es\/#organization"},"potentialAction":[{"@type":"SearchAction","target":{"@type":"EntryPoint","urlTemplate":"https:\/\/www.rajapack.es\/blog-es\/?s={search_term_string}"},"query-input":{"@type":"PropertyValueSpecification","valueRequired":true,"valueName":"search_term_string"}}],"inLanguage":"es"},{"@type":"Organization","@id":"https:\/\/www.rajapack.es\/blog-es\/#organization","name":"RAJA ES","url":"https:\/\/www.rajapack.es\/blog-es\/","logo":{"@type":"ImageObject","inLanguage":"es","@id":"https:\/\/www.rajapack.es\/blog-es\/#\/schema\/logo\/image\/","url":"https:\/\/www.rajapack.es\/blog-es\/wp-content\/uploads\/2021\/10\/logo-mobile@3x.png","contentUrl":"https:\/\/www.rajapack.es\/blog-es\/wp-content\/uploads\/2021\/10\/logo-mobile@3x.png","width":534,"height":114,"caption":"RAJA ES"},"image":{"@id":"https:\/\/www.rajapack.es\/blog-es\/#\/schema\/logo\/image\/"},"sameAs":["https:\/\/www.facebook.com\/Rajapack.es","https:\/\/x.com\/RajapackES","https:\/\/www.linkedin.com\/company\/rajapack-spain\/","https:\/\/www.youtube.com\/user\/RajapackES"]},{"@type":"Person","@id":"https:\/\/www.rajapack.es\/blog-es\/#\/schema\/person\/354d66fd4e68e587bf52f90a52f6e0d3","name":"Sara Alcaraz G\u00e1lvez","image":{"@type":"ImageObject","inLanguage":"es","@id":"https:\/\/www.rajapack.es\/blog-es\/#\/schema\/person\/image\/","url":"https:\/\/secure.gravatar.com\/avatar\/67c8c00f9d1fb8454864b9abb11edc1d?s=96&d=mm&r=g","contentUrl":"https:\/\/secure.gravatar.com\/avatar\/67c8c00f9d1fb8454864b9abb11edc1d?s=96&d=mm&r=g","caption":"Sara Alcaraz G\u00e1lvez"},"sameAs":["https:\/\/www.linkedin.com\/in\/saraalca\/"],"url":"https:\/\/www.rajapack.es\/blog-es\/author\/saraalcarazgalvez"}]}},"_links":{"self":[{"href":"https:\/\/www.rajapack.es\/blog-es\/wp-json\/wp\/v2\/posts\/11441"}],"collection":[{"href":"https:\/\/www.rajapack.es\/blog-es\/wp-json\/wp\/v2\/posts"}],"about":[{"href":"https:\/\/www.rajapack.es\/blog-es\/wp-json\/wp\/v2\/types\/post"}],"author":[{"embeddable":true,"href":"https:\/\/www.rajapack.es\/blog-es\/wp-json\/wp\/v2\/users\/49"}],"replies":[{"embeddable":true,"href":"https:\/\/www.rajapack.es\/blog-es\/wp-json\/wp\/v2\/comments?post=11441"}],"version-history":[{"count":0,"href":"https:\/\/www.rajapack.es\/blog-es\/wp-json\/wp\/v2\/posts\/11441\/revisions"}],"wp:featuredmedia":[{"embeddable":true,"href":"https:\/\/www.rajapack.es\/blog-es\/wp-json\/wp\/v2\/media\/11467"}],"wp:attachment":[{"href":"https:\/\/www.rajapack.es\/blog-es\/wp-json\/wp\/v2\/media?parent=11441"}],"wp:term":[{"taxonomy":"category","embeddable":true,"href":"https:\/\/www.rajapack.es\/blog-es\/wp-json\/wp\/v2\/categories?post=11441"},{"taxonomy":"post_tag","embeddable":true,"href":"https:\/\/www.rajapack.es\/blog-es\/wp-json\/wp\/v2\/tags?post=11441"}],"curies":[{"name":"wp","href":"https:\/\/api.w.org\/{rel}","templated":true}]}}