{"id":11449,"date":"2019-10-28T14:07:28","date_gmt":"2019-10-28T12:07:28","guid":{"rendered":"https:\/\/blog-staging-es.raja-group.com\/?p=11449"},"modified":"2022-10-16T18:02:39","modified_gmt":"2022-10-16T16:02:39","slug":"embalajes-black-friday-impacto-marca","status":"publish","type":"post","link":"https:\/\/www.rajapack.es\/blog-es\/embalajes-black-friday-impacto-marca","title":{"rendered":"Embalajes para Black Friday: impacta con tu marca (2\/3)"},"content":{"rendered":"\r\n<p>Despu\u00e9s de abordar la <a href=\"https:\/\/www.rajapack.es\/blog-es\/embalaje-relleno-black-friday\" target=\"_blank\" rel=\"noreferrer noopener\" aria-label=\" (abre en una nueva pesta\u00f1a)\">importancia del embalaje de relleno en el Black Friday<\/a>, hoy queremos mostrarte c\u00f3mo puedes aprovechar la campa\u00f1a del <em>viernes negro<\/em> para <strong>reforzar tu estrategia de comunicaci\u00f3n de marca<\/strong> a trav\u00e9s de la presentaci\u00f3n de tus paquetes y bolsas.<\/p>\r\n\r\n\r\n\r\n<p>Trabajar el <em>branding<\/em> por medio del embalaje es esencial tanto en el comercio online como en el comercio f\u00edsico. En el caso del e-commerce <strong>es el <em>packaging<\/em> el que protagoniza el primer contacto f\u00edsico entre cliente y marca<\/strong>, entre consumidor y producto y en el caso de una tienda, el packaging se vuelve una forma id\u00f3nea de publicitar tu marca y tu campa\u00f1a.<\/p>\r\n\r\n\r\n\r\n<p>Aunque parezca sorprendente, no todos los negocios son conscientes de esto. Los datos son inapelables. Seg\u00fan el <a href=\"https:\/\/www.dssmith.com\/contentassets\/a006ee8ff78a4ea9a6ffed24c796f8a5\/ds_smith_whitepaper-nobleed_v10.pdf\" target=\"_blank\" rel=\"noreferrer noopener\" aria-label=\" (abre en una nueva pesta\u00f1a)\">estudio <\/a><em><a href=\"https:\/\/www.dssmith.com\/contentassets\/a006ee8ff78a4ea9a6ffed24c796f8a5\/ds_smith_whitepaper-nobleed_v10.pdf\" target=\"_blank\" rel=\"noreferrer noopener\" aria-label=\" (abre en una nueva pesta\u00f1a)\">Transforming e-commerce: Why poor packaging is bad for business and how to avoid it<\/a><\/em><a href=\"https:\/\/www.dssmith.com\/contentassets\/a006ee8ff78a4ea9a6ffed24c796f8a5\/ds_smith_whitepaper-nobleed_v10.pdf\" target=\"_blank\" rel=\"noreferrer noopener\" aria-label=\" (abre en una nueva pesta\u00f1a)\"> de DS Smith<\/a>:<\/p>\r\n\r\n\r\n\r\n<ul class=\"wp-block-list\">\r\n<li>Un 39% de los compradores brit\u00e1nicos ha recibido alguna vez un pedido con un empaquetado deficiente.<\/li>\r\n<li>A uno de cada cinco esta circunstancia le ha provocado enfado o desilusi\u00f3n.<\/li>\r\n<li>El 26% declara que no volver\u00eda a comprar en un e-commerce tras haber recogido un pedido mal empaquetado.<\/li>\r\n<\/ul>\r\n\r\n\r\n\r\n<p>\u00bfConvencido de los motivos por los que deber\u00edas <strong>mimar la apariencia de tu embalaje<\/strong>, m\u00e1s que nunca, en el Black Friday? Pues ahora llega el momento de pensar en el c\u00f3mo. En RAJAPACK te presentamos <strong>cuatro ideas de optimizaci\u00f3n del <em>packaging<\/em> que intensificar\u00e1n el impacto de tu marca en los clientes<\/strong>, tanto en los nuevos como en los de siempre. \u00a1Pru\u00e9balas!<\/p>\r\n\r\n\r\n\r\n<h2 class=\"wp-block-heading\">1.\u00a0\u00a0\u00a0\u00a0\u00a0 Dise\u00f1o personalizado y omnicanal<\/h2>\r\n\r\n\r\n\r\n<p>El avance de la <strong>compra omnicanal<\/strong>, llamada a eclosionar en este Black Friday, constituye una oportunidad para que inviertas en:<\/p>\r\n\r\n\r\n\r\n<ul class=\"wp-block-list\">\r\n<li>La <strong><a href=\"https:\/\/www.rajapack.es\/personalizacion-embalajes_cms_000069.html\" target=\"_blank\" rel=\"noreferrer noopener\" aria-label=\" (abre en una nueva pesta\u00f1a)\">personalizaci\u00f3n<\/a><\/strong><a href=\"https:\/\/www.rajapack.es\/personalizacion-embalajes_cms_000069.html\" target=\"_blank\" rel=\"noreferrer noopener\" aria-label=\" (abre en una nueva pesta\u00f1a)\"> de tu embalaje<\/a>.<\/li>\r\n<li>La <strong>unificaci\u00f3n el dise\u00f1o del <em>packaging<\/em><\/strong> que utilizas en tu almac\u00e9n para la preparaci\u00f3n de pedidos con el del embalaje que manejan tus tiendas f\u00edsicas.<\/li>\r\n<\/ul>\r\n\r\n\r\n\r\n<div class=\"wp-block-image\">\r\n<figure class=\"alignright\"><img loading=\"lazy\" decoding=\"async\" width=\"400\" height=\"260\" class=\"wp-image-11459\" src=\"https:\/\/www.rajapack.es\/blog-es\/wp-content\/uploads\/2019\/10\/black-friday-impacto-marca-embalaje-personalizado.png\" alt=\"Embalaje personalizado para impactar con tu marca en el Black Friday\" srcset=\"https:\/\/www.rajapack.es\/blog-es\/wp-content\/uploads\/2019\/10\/black-friday-impacto-marca-embalaje-personalizado.png 400w, https:\/\/www.rajapack.es\/blog-es\/wp-content\/uploads\/2019\/10\/black-friday-impacto-marca-embalaje-personalizado-300x195.png 300w, https:\/\/www.rajapack.es\/blog-es\/wp-content\/uploads\/2019\/10\/black-friday-impacto-marca-embalaje-personalizado-346x225.png 346w\" sizes=\"(max-width: 400px) 100vw, 400px\" \/><\/figure>\r\n<\/div>\r\n\r\n\r\n\r\n<p>Esto es b\u00e1sico para transmitir una imagen de marca consistente en un escenario en el que lo online y lo offline se funden, con la generalizaci\u00f3n de pr\u00e1cticas como:<\/p>\r\n\r\n\r\n\r\n<ul class=\"wp-block-list\">\r\n<li>El <em>click-and-collect<\/em>: compra online y recoge tus productos en la tienda.<\/li>\r\n<li>La devoluci\u00f3n en el establecimiento de las compras efectuadas en el e-commerce.<\/li>\r\n<\/ul>\r\n\r\n\r\n\r\n<p>La homogeneizaci\u00f3n del dise\u00f1o del embalaje para este entorno omnicanal tiene otra gran ventaja: el <strong>ahorro de costes<\/strong>. Y es que centralizar la selecci\u00f3n y la configuraci\u00f3n de cajas, bolsas, rellenos, etc., para almac\u00e9n y tienda suele redundar en la consecuci\u00f3n de mejores precios. La clave est\u00e1 en que comprar\u00e1s un menor n\u00famero de referencias, pero en mayor cantidad, con lo que podr\u00e1s beneficiarte de <a href=\"https:\/\/www.rajapack.es\/grandes-cuentas_cms_000079.html\" target=\"_blank\" rel=\"noreferrer noopener\" aria-label=\" (abre en una nueva pesta\u00f1a)\">descuentos por volumen para grandes cuentas<\/a>.<\/p>\r\n\r\n\r\n\r\n<h2 class=\"wp-block-heading\">2.\u00a0\u00a0\u00a0\u00a0\u00a0 Dise\u00f1o adaptado a la campa\u00f1a estacional<\/h2>\r\n\r\n\r\n\r\n<p>Por otro lado, no solo se trata de apostar por un <a href=\"https:\/\/www.rajapack.es\/blog-es\/packaging-personalizado\" target=\"_blank\" rel=\"noreferrer noopener\" aria-label=\" (abre en una nueva pesta\u00f1a)\">embalaje personalizado para tu marca<\/a>\u2026 sino tambi\u00e9n de <strong>adaptarlo a la estacionalidad del negocio<\/strong>. Tu <em>packaging<\/em> debe hablar de tu identidad y, adem\u00e1s, anunciar a gritos que estamos en Black Friday. Algunas v\u00edas muy sencillas para conseguirlo son:<\/p>\r\n\r\n\r\n\r\n<ul class=\"wp-block-list\">\r\n<li>Encargar unas etiquetas adhesivas o una <a href=\"https:\/\/www.rajapack.es\/cintas-adhesivas-flejes-colas\/cintas-adhesivas-personalizadas_C502010.html\" target=\"_blank\" rel=\"noreferrer noopener\" aria-label=\" (abre en una nueva pesta\u00f1a)\">cinta adhesiva personalizada<\/a> exclusiva para los pedidos de la <em>black week<\/em>.<\/li>\r\n<li>Limitarte al juego blanco\/negro en las tintas de impresi\u00f3n.<\/li>\r\n<li>Preparar etiquetas de cart\u00f3n con agujero e hilo met\u00e1lico para colgar con una nota de agradecimiento.<\/li>\r\n<li>Utilizar <a href=\"https:\/\/www.rajapack.es\/embalajes-para-regalo-comercio\/embalajes-para-regalos-bolsas-presentacion_C9040.html\" target=\"_blank\" rel=\"noreferrer noopener\" aria-label=\" (abre en una nueva pesta\u00f1a)\">sobres y cajas para regalo<\/a>. Recuerda que gran parte de la poblaci\u00f3n deja hechas el 50% de sus compras navide\u00f1as durante el Black Friday.<\/li>\r\n<li>Incluir un mensaje motivador, un c\u00f3digo promocional o un dibujo llamativo en el reverso de la tapa.<\/li>\r\n<\/ul>\r\n\r\n\r\n\r\n<div class=\"wp-block-image\">\r\n<figure class=\"aligncenter\"><img loading=\"lazy\" decoding=\"async\" width=\"500\" height=\"350\" class=\"wp-image-11457\" src=\"https:\/\/www.rajapack.es\/blog-es\/wp-content\/uploads\/2019\/10\/black-friday-impacto-marca-diseno-estacional.jpg\" alt=\"Dise\u00f1o estacional para generar impacto de marca con el embalaje en el Black Friday\" srcset=\"https:\/\/www.rajapack.es\/blog-es\/wp-content\/uploads\/2019\/10\/black-friday-impacto-marca-diseno-estacional.jpg 500w, https:\/\/www.rajapack.es\/blog-es\/wp-content\/uploads\/2019\/10\/black-friday-impacto-marca-diseno-estacional-300x210.jpg 300w, https:\/\/www.rajapack.es\/blog-es\/wp-content\/uploads\/2019\/10\/black-friday-impacto-marca-diseno-estacional-321x225.jpg 321w\" sizes=\"(max-width: 500px) 100vw, 500px\" \/><\/figure>\r\n<\/div>\r\n\r\n\r\n\r\n<h2 class=\"wp-block-heading\">3.\u00a0\u00a0\u00a0\u00a0\u00a0 Transmisi\u00f3n de los valores de tu marca a trav\u00e9s del embalaje<\/h2>\r\n\r\n\r\n\r\n<p>Adem\u00e1s de invertir en la personalizaci\u00f3n del embalaje para Black Friday, no deber\u00edas obviar sutiles detalles que contribuyen a <strong>transmitir los valores de tu marca<\/strong>. Por ejemplo, si uno de ellos es el <strong>respeto al medioambiente<\/strong>, tu <em>packaging<\/em> tendr\u00eda que atenerse a dos principios:<\/p>\r\n\r\n\r\n\r\n<ul class=\"wp-block-list\">\r\n<li>El uso de <a href=\"https:\/\/www.rajapack.es\/medioambiente\/seleccion-ecoresponsable\" target=\"_blank\" rel=\"noreferrer noopener\" aria-label=\" (abre en una nueva pesta\u00f1a)\">embalajes EcoResponsables<\/a>, hechos con materiales reciclados y reciclables.<\/li>\r\n<li>El compromiso para eliminar lo superfluo en la preparaci\u00f3n de paquetes. De esta forma, no solo ahorrar\u00e1s gastos, sino que tambi\u00e9n evitar\u00e1s que <a href=\"https:\/\/www.rajapack.es\/blog-es\/embalaje-imagen-de-marca\" target=\"_blank\" rel=\"noreferrer noopener\" aria-label=\" (abre en una nueva pesta\u00f1a)\">el exceso de embalaje da\u00f1e tu imagen de marca<\/a>.<\/li>\r\n<\/ul>\r\n\r\n\r\n\r\n<div class=\"wp-block-image\">\r\n<figure class=\"aligncenter\"><img loading=\"lazy\" decoding=\"async\" width=\"500\" height=\"350\" class=\"wp-image-11454\" src=\"https:\/\/www.rajapack.es\/blog-es\/wp-content\/uploads\/2019\/10\/black-friday-impacto-marca-ecoresponsable.jpg\" alt=\"Embalaje EcoResponsable para generar impacto de marca en el Black Friday\" srcset=\"https:\/\/www.rajapack.es\/blog-es\/wp-content\/uploads\/2019\/10\/black-friday-impacto-marca-ecoresponsable.jpg 500w, https:\/\/www.rajapack.es\/blog-es\/wp-content\/uploads\/2019\/10\/black-friday-impacto-marca-ecoresponsable-300x210.jpg 300w, https:\/\/www.rajapack.es\/blog-es\/wp-content\/uploads\/2019\/10\/black-friday-impacto-marca-ecoresponsable-321x225.jpg 321w\" sizes=\"(max-width: 500px) 100vw, 500px\" \/><\/figure>\r\n<\/div>\r\n\r\n\r\n\r\n<h2 class=\"wp-block-heading\">4.\u00a0\u00a0\u00a0\u00a0\u00a0 Generaci\u00f3n de \u2018social engagement\u2019 a trav\u00e9s del \u2018packaging\u2019<\/h2>\r\n\r\n\r\n\r\n<p>Con las tres ideas anteriores, lograr\u00e1s un embalaje de 9 para el Black Friday. \u00bfC\u00f3mo llegar hasta el 10? F\u00e1cil. Teniendo en mente el prop\u00f3sito de <strong>generar <em>social engagement<\/em> a trav\u00e9s del embalaje<\/strong>.<\/p>\r\n\r\n\r\n\r\n<p>\u00bfEs esto posible? \u00a1Por supuesto! Los <em>millennials<\/em> son la generaci\u00f3n del <em><a href=\"https:\/\/www.rajapack.es\/blog-es\/cajas-embalajes-youtube-se-dice-unboxing\" target=\"_blank\" rel=\"noreferrer noopener\" aria-label=\" (abre en una nueva pesta\u00f1a)\">unboxing<\/a><\/em>. Ofr\u00e9celes un embalaje atractivo y se les despertar\u00e1n unas ganas irrefrenables de <strong>compartir en redes sociales su experiencia de desempaquetado<\/strong>. De este modo, nacer\u00e1 el contenido online generado por el propio usuario (<em>user generated content<\/em>), que en t\u00e9rminos de marketing y construcci\u00f3n de marca te aporta beneficios como:<\/p>\r\n\r\n\r\n\r\n<ul class=\"wp-block-list\">\r\n<li><strong>Credibilidad.<\/strong> Los comentarios positivos de un tercero acerca de un producto reciben m\u00e1s cr\u00e9dito que los realizados por alguien que sea parte interesada.<\/li>\r\n<li><strong>Repercusi\u00f3n multiplataforma.<\/strong> La narraci\u00f3n del <em>unboxing <\/em>puede desarrollarse en m\u00faltiples formatos y plataformas: un v\u00eddeo en Youtube, un tuit en Twitter, un post en un blog personal, una publicaci\u00f3n en Facebook\u2026 Quiz\u00e1s as\u00ed empieces a tener presencia en una red social en la que ni siquiera estabas antes.<\/li>\r\n<\/ul>\r\n\r\n\r\n\r\n<div class=\"wp-block-image\">\r\n<figure class=\"aligncenter\"><img loading=\"lazy\" decoding=\"async\" width=\"500\" height=\"300\" class=\"wp-image-11455\" src=\"https:\/\/www.rajapack.es\/blog-es\/wp-content\/uploads\/2019\/10\/black-friday-impacto-marca-unboxing.jpg\" alt=\"Generar impacto de marca con el embalaje en el Black Friday: unboxing\" srcset=\"https:\/\/www.rajapack.es\/blog-es\/wp-content\/uploads\/2019\/10\/black-friday-impacto-marca-unboxing.jpg 500w, https:\/\/www.rajapack.es\/blog-es\/wp-content\/uploads\/2019\/10\/black-friday-impacto-marca-unboxing-300x180.jpg 300w, https:\/\/www.rajapack.es\/blog-es\/wp-content\/uploads\/2019\/10\/black-friday-impacto-marca-unboxing-375x225.jpg 375w\" sizes=\"(max-width: 500px) 100vw, 500px\" \/><\/figure>\r\n<\/div>\r\n\r\n\r\n\r\n<p>No dejes pasar la oportunidad de triunfar en el Black Friday con una de las herramientas de marketing y fidelizaci\u00f3n m\u00e1s poderosas que hay: <strong>el embalaje<\/strong>. En RAJAPACK podemos ayudarte a crear un <em>packaging<\/em> que comunique toda la esencia de tu marca. Contacta con nosotros, \u00a1te esperamos!<\/p>\r\n\r\n<p>&nbsp;<\/p>\r\n<div class=\"su-youtube su-u-responsive-media-yes\"><iframe loading=\"lazy\" width=\"600\" height=\"400\" src=\"https:\/\/www.youtube.com\/embed\/eQ5JnP1v-B8?\" frameborder=\"0\" allowfullscreen allow=\"autoplay; encrypted-media; picture-in-picture\" title=\"\"><\/iframe><\/div>\r\n<p>&nbsp;<\/p>\r\n<p>&nbsp;<\/p>\r\n<p><\/p>\r\n<figure class=\"wp-block-image\"><a href=\"\/embalajes-tiendas-online_cms_000068.html\" target=\"_blank\" rel=\"noreferrer noopener\"><img loading=\"lazy\" decoding=\"async\" width=\"850\" height=\"277\" class=\"wp-image-11283\" src=\"https:\/\/www.rajapack.es\/blog-es\/wp-content\/uploads\/2019\/08\/CTA-Embalaje-para-ecommerceB.jpg\" alt=\"Embalaje para e-commerce: siempre en stock en RAJA\" srcset=\"https:\/\/www.rajapack.es\/blog-es\/wp-content\/uploads\/2019\/08\/CTA-Embalaje-para-ecommerceB.jpg 850w, https:\/\/www.rajapack.es\/blog-es\/wp-content\/uploads\/2019\/08\/CTA-Embalaje-para-ecommerceB-300x98.jpg 300w, https:\/\/www.rajapack.es\/blog-es\/wp-content\/uploads\/2019\/08\/CTA-Embalaje-para-ecommerceB-768x250.jpg 768w, https:\/\/www.rajapack.es\/blog-es\/wp-content\/uploads\/2019\/08\/CTA-Embalaje-para-ecommerceB-375x122.jpg 375w\" sizes=\"(max-width: 850px) 100vw, 850px\" \/><\/a><\/figure>\r\n<p><\/p>","protected":false},"excerpt":{"rendered":"<p>Un embalaje original, personalizado y de calidad es una baza ganadora para reforzar tu estrategia de comunicaci\u00f3n de marca en el Black Friday. \u00bfC\u00f3mo puedes trabajar tu branding y favorecer que tus clientes te recuerden y vuelvan a comprar tras la resaca del \u2018viernes negro\u2019? \u00a1Ap\u00fantate estas 4 ideas de RAJAPACK!<\/p>\n","protected":false},"author":31,"featured_media":11528,"comment_status":"open","ping_status":"open","sticky":false,"template":"","format":"standard","meta":{"_acf_changed":false,"footnotes":""},"categories":[4],"tags":[106,511],"class_list":["post-11449","post","type-post","status-publish","format-standard","has-post-thumbnail","hentry","category-embalaje","tag-embalajes","tag-embalajes-personalizados"],"acf":[],"yoast_head":"\n<title>Embalajes para Black Friday: impacta con tu marca | RAJAPACK<\/title>\n<meta name=\"description\" content=\"Aprovecha el Black Friday para reforzar tu estrategia de comunicaci\u00f3n de marca a trav\u00e9s del embalaje. \u00a1Toma nota de estas 4 ideas de RAJAPACK!\" \/>\n<meta name=\"robots\" content=\"index, follow, max-snippet:-1, max-image-preview:large, max-video-preview:-1\" \/>\n<link rel=\"canonical\" href=\"https:\/\/www.rajapack.es\/blog-es\/embalajes-black-friday-impacto-marca\" \/>\n<meta property=\"og:locale\" content=\"es_ES\" \/>\n<meta property=\"og:type\" content=\"article\" \/>\n<meta property=\"og:title\" content=\"Embalajes para Black Friday: impacta con tu marca | RAJAPACK\" \/>\n<meta property=\"og:description\" content=\"Aprovecha el Black Friday para reforzar tu estrategia de comunicaci\u00f3n de marca a trav\u00e9s del embalaje. \u00a1Toma nota de estas 4 ideas de RAJAPACK!\" \/>\n<meta property=\"og:url\" content=\"https:\/\/www.rajapack.es\/blog-es\/embalajes-black-friday-impacto-marca\" \/>\n<meta property=\"og:site_name\" content=\"RAJAPACK Blog | Consejos de embalaje, log\u00edstica y m\u00e1s\" \/>\n<meta property=\"article:publisher\" content=\"https:\/\/www.facebook.com\/Rajapack.es\" \/>\n<meta property=\"article:published_time\" content=\"2019-10-28T12:07:28+00:00\" \/>\n<meta property=\"article:modified_time\" content=\"2022-10-16T16:02:39+00:00\" \/>\n<meta property=\"og:image\" content=\"https:\/\/www.rajapack.es\/blog-es\/wp-content\/uploads\/2019\/10\/BF-relleno-Final_bolsasycaja.jpg\" \/>\n\t<meta property=\"og:image:width\" content=\"850\" \/>\n\t<meta property=\"og:image:height\" content=\"450\" \/>\n\t<meta property=\"og:image:type\" content=\"image\/jpeg\" \/>\n<meta name=\"author\" content=\"Beatriz GONZALES\" \/>\n<meta name=\"twitter:card\" content=\"summary_large_image\" \/>\n<meta name=\"twitter:creator\" content=\"@RajapackES\" \/>\n<meta name=\"twitter:site\" content=\"@RajapackES\" \/>\n<meta name=\"twitter:label1\" content=\"Escrito por\" \/>\n\t<meta name=\"twitter:data1\" content=\"Beatriz GONZALES\" \/>\n\t<meta name=\"twitter:label2\" content=\"Tiempo de lectura\" \/>\n\t<meta name=\"twitter:data2\" content=\"5 minutos\" \/>\n<script type=\"application\/ld+json\" class=\"yoast-schema-graph\">{\n\t    \"@context\": \"https:\/\/schema.org\",\n\t    \"@graph\": [\n\t        {\n\t            \"@type\": \"Article\",\n\t            \"@id\": \"https:\/\/www.rajapack.es\/blog-es\/embalajes-black-friday-impacto-marca#article\",\n\t            \"isPartOf\": {\n\t                \"@id\": \"https:\/\/www.rajapack.es\/blog-es\/embalajes-black-friday-impacto-marca\"\n\t            },\n\t            \"author\": {\n\t                \"name\": \"Beatriz GONZALES\",\n\t                \"@id\": \"https:\/\/www.rajapack.es\/blog-es\/#\/schema\/person\/9fac94e7fcd0aa6d015f7202bd4e2b0f\"\n\t            },\n\t            \"headline\": \"Embalajes para Black Friday: impacta con tu marca (2\/3)\",\n\t            \"datePublished\": \"2019-10-28T12:07:28+00:00\",\n\t            \"dateModified\": \"2022-10-16T16:02:39+00:00\",\n\t            \"mainEntityOfPage\": {\n\t                \"@id\": \"https:\/\/www.rajapack.es\/blog-es\/embalajes-black-friday-impacto-marca\"\n\t            },\n\t            \"wordCount\": 995,\n\t            \"commentCount\": 0,\n\t            \"publisher\": {\n\t                \"@id\": \"https:\/\/www.rajapack.es\/blog-es\/#organization\"\n\t            },\n\t            \"image\": {\n\t                \"@id\": \"https:\/\/www.rajapack.es\/blog-es\/embalajes-black-friday-impacto-marca#primaryimage\"\n\t            },\n\t            \"thumbnailUrl\": \"https:\/\/www.rajapack.es\/blog-es\/wp-content\/uploads\/2019\/10\/BF-relleno-Final_bolsasycaja.jpg\",\n\t            \"keywords\": [\n\t                \"embalajes\",\n\t                \"embalajes personalizados\"\n\t            ],\n\t            \"articleSection\": [\n\t                \"Novedades &amp; Consejos de embalaje\"\n\t            ],\n\t            \"inLanguage\": \"es\",\n\t            \"potentialAction\": [\n\t                {\n\t                    \"@type\": \"CommentAction\",\n\t                    \"name\": \"Comment\",\n\t                    \"target\": [\n\t                        \"https:\/\/www.rajapack.es\/blog-es\/embalajes-black-friday-impacto-marca#respond\"\n\t                    ]\n\t                }\n\t            ]\n\t        },\n\t        {\n\t            \"@type\": \"WebPage\",\n\t            \"@id\": \"https:\/\/www.rajapack.es\/blog-es\/embalajes-black-friday-impacto-marca\",\n\t            \"url\": \"https:\/\/www.rajapack.es\/blog-es\/embalajes-black-friday-impacto-marca\",\n\t            \"name\": \"Embalajes para Black Friday: impacta con tu marca | RAJAPACK\",\n\t            \"isPartOf\": {\n\t                \"@id\": \"https:\/\/www.rajapack.es\/blog-es\/#website\"\n\t            },\n\t            \"primaryImageOfPage\": {\n\t                \"@id\": \"https:\/\/www.rajapack.es\/blog-es\/embalajes-black-friday-impacto-marca#primaryimage\"\n\t            },\n\t            \"image\": {\n\t                \"@id\": \"https:\/\/www.rajapack.es\/blog-es\/embalajes-black-friday-impacto-marca#primaryimage\"\n\t            },\n\t            \"thumbnailUrl\": \"https:\/\/www.rajapack.es\/blog-es\/wp-content\/uploads\/2019\/10\/BF-relleno-Final_bolsasycaja.jpg\",\n\t            \"datePublished\": \"2019-10-28T12:07:28+00:00\",\n\t            \"dateModified\": \"2022-10-16T16:02:39+00:00\",\n\t            \"description\": \"Aprovecha el Black Friday para reforzar tu estrategia de comunicaci\u00f3n de marca a trav\u00e9s del embalaje. \u00a1Toma nota de estas 4 ideas de RAJAPACK!\",\n\t            \"inLanguage\": \"es\",\n\t            \"potentialAction\": [\n\t                {\n\t                    \"@type\": \"ReadAction\",\n\t                    \"target\": [\n\t                        \"https:\/\/www.rajapack.es\/blog-es\/embalajes-black-friday-impacto-marca\"\n\t                    ]\n\t                }\n\t            ]\n\t        },\n\t        {\n\t            \"@type\": \"ImageObject\",\n\t            \"inLanguage\": \"es\",\n\t            \"@id\": \"https:\/\/www.rajapack.es\/blog-es\/embalajes-black-friday-impacto-marca#primaryimage\",\n\t            \"url\": \"https:\/\/www.rajapack.es\/blog-es\/wp-content\/uploads\/2019\/10\/BF-relleno-Final_bolsasycaja.jpg\",\n\t            \"contentUrl\": \"https:\/\/www.rajapack.es\/blog-es\/wp-content\/uploads\/2019\/10\/BF-relleno-Final_bolsasycaja.jpg\",\n\t            \"width\": 850,\n\t            \"height\": 450\n\t        },\n\t        {\n\t            \"@type\": \"WebSite\",\n\t            \"@id\": \"https:\/\/www.rajapack.es\/blog-es\/#website\",\n\t            \"url\": \"https:\/\/www.rajapack.es\/blog-es\/\",\n\t            \"name\": \"RAJAPACK Blog | Consejos de embalaje, log\u00edstica y m\u00e1s\",\n\t            \"description\": \"Consejos de embalaje, logistica y m\u00e1s\",\n\t            \"publisher\": {\n\t                \"@id\": \"https:\/\/www.rajapack.es\/blog-es\/#organization\"\n\t            },\n\t            \"potentialAction\": [\n\t                {\n\t                    \"@type\": \"SearchAction\",\n\t                    \"target\": {\n\t                        \"@type\": \"EntryPoint\",\n\t                        \"urlTemplate\": \"https:\/\/www.rajapack.es\/blog-es\/?s={search_term_string}\"\n\t                    },\n\t                    \"query-input\": {\n\t                        \"@type\": \"PropertyValueSpecification\",\n\t                        \"valueRequired\": true,\n\t                        \"valueName\": \"search_term_string\"\n\t                    }\n\t                }\n\t            ],\n\t            \"inLanguage\": \"es\"\n\t        },\n\t        {\n\t            \"@type\": \"Organization\",\n\t            \"@id\": \"https:\/\/www.rajapack.es\/blog-es\/#organization\",\n\t            \"name\": \"RAJA ES\",\n\t            \"url\": \"https:\/\/www.rajapack.es\/blog-es\/\",\n\t            \"logo\": {\n\t                \"@type\": \"ImageObject\",\n\t                \"inLanguage\": \"es\",\n\t                \"@id\": \"https:\/\/www.rajapack.es\/blog-es\/#\/schema\/logo\/image\/\",\n\t                \"url\": \"https:\/\/www.rajapack.es\/blog-es\/wp-content\/uploads\/2021\/10\/logo-mobile@3x.png\",\n\t                \"contentUrl\": \"https:\/\/www.rajapack.es\/blog-es\/wp-content\/uploads\/2021\/10\/logo-mobile@3x.png\",\n\t                \"width\": 534,\n\t                \"height\": 114,\n\t                \"caption\": \"RAJA ES\"\n\t            },\n\t            \"image\": {\n\t                \"@id\": \"https:\/\/www.rajapack.es\/blog-es\/#\/schema\/logo\/image\/\"\n\t            },\n\t            \"sameAs\": [\n\t                \"https:\/\/www.facebook.com\/Rajapack.es\",\n\t                \"https:\/\/x.com\/RajapackES\",\n\t                \"https:\/\/www.linkedin.com\/company\/rajapack-spain\/\",\n\t                \"https:\/\/www.youtube.com\/user\/RajapackES\"\n\t            ]\n\t        },\n\t        {\n\t            \"@type\": \"Person\",\n\t            \"@id\": \"https:\/\/www.rajapack.es\/blog-es\/#\/schema\/person\/9fac94e7fcd0aa6d015f7202bd4e2b0f\",\n\t            \"name\": \"Beatriz GONZALES\",\n\t            \"image\": {\n\t                \"@type\": \"ImageObject\",\n\t                \"inLanguage\": \"es\",\n\t                \"@id\": \"https:\/\/www.rajapack.es\/blog-es\/#\/schema\/person\/image\/\",\n\t                \"url\": \"https:\/\/secure.gravatar.com\/avatar\/8d60a8c60719946f0508b6546da3680b?s=96&d=mm&r=g\",\n\t                \"contentUrl\": \"https:\/\/secure.gravatar.com\/avatar\/8d60a8c60719946f0508b6546da3680b?s=96&d=mm&r=g\",\n\t                \"caption\": \"Beatriz GONZALES\"\n\t            },\n\t            \"description\": \"User Wordpress\",\n\t            \"url\": \"https:\/\/www.rajapack.es\/blog-es\/author\/beatriz-gonzales\"\n\t        }\n\t    ]\n\t}<\/script>\n","yoast_head_json":{"title":"Embalajes para Black Friday: impacta con tu marca | RAJAPACK","description":"Aprovecha el Black Friday para reforzar tu estrategia de comunicaci\u00f3n de marca a trav\u00e9s del embalaje. \u00a1Toma nota de estas 4 ideas de RAJAPACK!","robots":{"index":"index","follow":"follow","max-snippet":"max-snippet:-1","max-image-preview":"max-image-preview:large","max-video-preview":"max-video-preview:-1"},"canonical":"https:\/\/www.rajapack.es\/blog-es\/embalajes-black-friday-impacto-marca","og_locale":"es_ES","og_type":"article","og_title":"Embalajes para Black Friday: impacta con tu marca | RAJAPACK","og_description":"Aprovecha el Black Friday para reforzar tu estrategia de comunicaci\u00f3n de marca a trav\u00e9s del embalaje. \u00a1Toma nota de estas 4 ideas de RAJAPACK!","og_url":"https:\/\/www.rajapack.es\/blog-es\/embalajes-black-friday-impacto-marca","og_site_name":"RAJAPACK Blog | Consejos de embalaje, log\u00edstica y m\u00e1s","article_publisher":"https:\/\/www.facebook.com\/Rajapack.es","article_published_time":"2019-10-28T12:07:28+00:00","article_modified_time":"2022-10-16T16:02:39+00:00","og_image":[{"width":850,"height":450,"url":"https:\/\/www.rajapack.es\/blog-es\/wp-content\/uploads\/2019\/10\/BF-relleno-Final_bolsasycaja.jpg","type":"image\/jpeg"}],"author":"Beatriz GONZALES","twitter_card":"summary_large_image","twitter_creator":"@RajapackES","twitter_site":"@RajapackES","twitter_misc":{"Escrito por":"Beatriz GONZALES","Tiempo de lectura":"5 minutos"},"schema":{"@context":"https:\/\/schema.org","@graph":[{"@type":"Article","@id":"https:\/\/www.rajapack.es\/blog-es\/embalajes-black-friday-impacto-marca#article","isPartOf":{"@id":"https:\/\/www.rajapack.es\/blog-es\/embalajes-black-friday-impacto-marca"},"author":{"name":"Beatriz GONZALES","@id":"https:\/\/www.rajapack.es\/blog-es\/#\/schema\/person\/9fac94e7fcd0aa6d015f7202bd4e2b0f"},"headline":"Embalajes para Black Friday: impacta con tu marca (2\/3)","datePublished":"2019-10-28T12:07:28+00:00","dateModified":"2022-10-16T16:02:39+00:00","mainEntityOfPage":{"@id":"https:\/\/www.rajapack.es\/blog-es\/embalajes-black-friday-impacto-marca"},"wordCount":995,"commentCount":0,"publisher":{"@id":"https:\/\/www.rajapack.es\/blog-es\/#organization"},"image":{"@id":"https:\/\/www.rajapack.es\/blog-es\/embalajes-black-friday-impacto-marca#primaryimage"},"thumbnailUrl":"https:\/\/www.rajapack.es\/blog-es\/wp-content\/uploads\/2019\/10\/BF-relleno-Final_bolsasycaja.jpg","keywords":["embalajes","embalajes personalizados"],"articleSection":["Novedades &amp; Consejos de embalaje"],"inLanguage":"es","potentialAction":[{"@type":"CommentAction","name":"Comment","target":["https:\/\/www.rajapack.es\/blog-es\/embalajes-black-friday-impacto-marca#respond"]}]},{"@type":"WebPage","@id":"https:\/\/www.rajapack.es\/blog-es\/embalajes-black-friday-impacto-marca","url":"https:\/\/www.rajapack.es\/blog-es\/embalajes-black-friday-impacto-marca","name":"Embalajes para Black Friday: impacta con tu marca | RAJAPACK","isPartOf":{"@id":"https:\/\/www.rajapack.es\/blog-es\/#website"},"primaryImageOfPage":{"@id":"https:\/\/www.rajapack.es\/blog-es\/embalajes-black-friday-impacto-marca#primaryimage"},"image":{"@id":"https:\/\/www.rajapack.es\/blog-es\/embalajes-black-friday-impacto-marca#primaryimage"},"thumbnailUrl":"https:\/\/www.rajapack.es\/blog-es\/wp-content\/uploads\/2019\/10\/BF-relleno-Final_bolsasycaja.jpg","datePublished":"2019-10-28T12:07:28+00:00","dateModified":"2022-10-16T16:02:39+00:00","description":"Aprovecha el Black Friday para reforzar tu estrategia de comunicaci\u00f3n de marca a trav\u00e9s del embalaje. \u00a1Toma nota de estas 4 ideas de RAJAPACK!","inLanguage":"es","potentialAction":[{"@type":"ReadAction","target":["https:\/\/www.rajapack.es\/blog-es\/embalajes-black-friday-impacto-marca"]}]},{"@type":"ImageObject","inLanguage":"es","@id":"https:\/\/www.rajapack.es\/blog-es\/embalajes-black-friday-impacto-marca#primaryimage","url":"https:\/\/www.rajapack.es\/blog-es\/wp-content\/uploads\/2019\/10\/BF-relleno-Final_bolsasycaja.jpg","contentUrl":"https:\/\/www.rajapack.es\/blog-es\/wp-content\/uploads\/2019\/10\/BF-relleno-Final_bolsasycaja.jpg","width":850,"height":450},{"@type":"WebSite","@id":"https:\/\/www.rajapack.es\/blog-es\/#website","url":"https:\/\/www.rajapack.es\/blog-es\/","name":"RAJAPACK Blog | Consejos de embalaje, log\u00edstica y m\u00e1s","description":"Consejos de embalaje, logistica y m\u00e1s","publisher":{"@id":"https:\/\/www.rajapack.es\/blog-es\/#organization"},"potentialAction":[{"@type":"SearchAction","target":{"@type":"EntryPoint","urlTemplate":"https:\/\/www.rajapack.es\/blog-es\/?s={search_term_string}"},"query-input":{"@type":"PropertyValueSpecification","valueRequired":true,"valueName":"search_term_string"}}],"inLanguage":"es"},{"@type":"Organization","@id":"https:\/\/www.rajapack.es\/blog-es\/#organization","name":"RAJA ES","url":"https:\/\/www.rajapack.es\/blog-es\/","logo":{"@type":"ImageObject","inLanguage":"es","@id":"https:\/\/www.rajapack.es\/blog-es\/#\/schema\/logo\/image\/","url":"https:\/\/www.rajapack.es\/blog-es\/wp-content\/uploads\/2021\/10\/logo-mobile@3x.png","contentUrl":"https:\/\/www.rajapack.es\/blog-es\/wp-content\/uploads\/2021\/10\/logo-mobile@3x.png","width":534,"height":114,"caption":"RAJA ES"},"image":{"@id":"https:\/\/www.rajapack.es\/blog-es\/#\/schema\/logo\/image\/"},"sameAs":["https:\/\/www.facebook.com\/Rajapack.es","https:\/\/x.com\/RajapackES","https:\/\/www.linkedin.com\/company\/rajapack-spain\/","https:\/\/www.youtube.com\/user\/RajapackES"]},{"@type":"Person","@id":"https:\/\/www.rajapack.es\/blog-es\/#\/schema\/person\/9fac94e7fcd0aa6d015f7202bd4e2b0f","name":"Beatriz GONZALES","image":{"@type":"ImageObject","inLanguage":"es","@id":"https:\/\/www.rajapack.es\/blog-es\/#\/schema\/person\/image\/","url":"https:\/\/secure.gravatar.com\/avatar\/8d60a8c60719946f0508b6546da3680b?s=96&d=mm&r=g","contentUrl":"https:\/\/secure.gravatar.com\/avatar\/8d60a8c60719946f0508b6546da3680b?s=96&d=mm&r=g","caption":"Beatriz GONZALES"},"description":"User Wordpress","url":"https:\/\/www.rajapack.es\/blog-es\/author\/beatriz-gonzales"}]}},"_links":{"self":[{"href":"https:\/\/www.rajapack.es\/blog-es\/wp-json\/wp\/v2\/posts\/11449"}],"collection":[{"href":"https:\/\/www.rajapack.es\/blog-es\/wp-json\/wp\/v2\/posts"}],"about":[{"href":"https:\/\/www.rajapack.es\/blog-es\/wp-json\/wp\/v2\/types\/post"}],"author":[{"embeddable":true,"href":"https:\/\/www.rajapack.es\/blog-es\/wp-json\/wp\/v2\/users\/31"}],"replies":[{"embeddable":true,"href":"https:\/\/www.rajapack.es\/blog-es\/wp-json\/wp\/v2\/comments?post=11449"}],"version-history":[{"count":0,"href":"https:\/\/www.rajapack.es\/blog-es\/wp-json\/wp\/v2\/posts\/11449\/revisions"}],"wp:featuredmedia":[{"embeddable":true,"href":"https:\/\/www.rajapack.es\/blog-es\/wp-json\/wp\/v2\/media\/11528"}],"wp:attachment":[{"href":"https:\/\/www.rajapack.es\/blog-es\/wp-json\/wp\/v2\/media?parent=11449"}],"wp:term":[{"taxonomy":"category","embeddable":true,"href":"https:\/\/www.rajapack.es\/blog-es\/wp-json\/wp\/v2\/categories?post=11449"},{"taxonomy":"post_tag","embeddable":true,"href":"https:\/\/www.rajapack.es\/blog-es\/wp-json\/wp\/v2\/tags?post=11449"}],"curies":[{"name":"wp","href":"https:\/\/api.w.org\/{rel}","templated":true}]}}