{"id":1186,"date":"2014-05-30T10:00:36","date_gmt":"2014-05-30T08:00:36","guid":{"rendered":"https:\/\/blog-staging-es.raja-group.com\/?p=1186"},"modified":"2022-04-04T01:25:56","modified_gmt":"2022-04-03T23:25:56","slug":"lamparas-de-carton-y-diseno-ecologicas-2","status":"publish","type":"post","link":"https:\/\/www.rajapack.es\/blog-es\/lamparas-de-carton-y-diseno-ecologicas-2","title":{"rendered":"L\u00e1mparas de cart\u00f3n y dise\u00f1o ecol\u00f3gicas"},"content":{"rendered":"<p style=\"text-align: justify;\">Hoy en d\u00eda, el cart\u00f3n se encuentra muy presente a nuestro alrededor ya que se utiliza en muchos tipos de envases y <a title=\"material de embalaje\" href=\"https:\/\/www.rajapack.es\/relleno-proteccion_C40.html\" target=\"_blank\" rel=\"noopener noreferrer\"><strong>material de embalaje<\/strong><\/a>. Tenemos claro que es el material estrella en cajas, embalajes y presentaci\u00f3n de muchos productos. Adem\u00e1s, lo encontramos a diario en elementos tan cotidianos como rollos de papel higi\u00e9nico, o envases de productos de alimentaci\u00f3n.<\/p>\n<p style=\"text-align: justify;\">Estos son los sitios en los que digamos es habitual encontrar este material pero desde hace un tiempo el cart\u00f3n est\u00e1 haci\u00e9ndose tambi\u00e9n un hueco en la decoraci\u00f3n. Tal vez un exceso de imaginaci\u00f3n o una forma de ahorro es lo que ha llevado a la reutilizaci\u00f3n de este material, a reinventar su uso y redise\u00f1ar la forma de ver este material. De esta manera hemos descubierto una tienda de l\u00e1mparas de cart\u00f3n con elegantes y originales dise\u00f1os.<\/p>\n<p style=\"text-align: justify;\">Una empresa gallega ha dise\u00f1ado \u00e9stas\u00a0l\u00e1mparas\u00a0de cart\u00f3n que se suministran con bombillas de bajo consumo, equipamiento el\u00e9ctrico y est\u00e1n barnizadas con barniz ignifugo (resistente al fuego). \u00a1A nosotros nos han encantado!<\/p>\n<p style=\"text-align: justify;\">En su p\u00e1gina web <a title=\"L\u00e1mparas de Cart\u00f3n\" href=\"http:\/\/lamparasdecarton.com\" target=\"_blank\" rel=\"noopener noreferrer\">www.lamparasdecarton.com<\/a> se adaptan a las necesidades de cada cliente y cada proyecto, personalizando la imagen corporativa (colores, logo, etc) de una empresa, oficina o comercio. Tambi\u00e9n realizan mobiliario de cart\u00f3n para exposiciones y stands de ferias, complementos para escaparates, eventos promocionales, etc<\/p>\n<p style=\"text-align: justify;\">No hay que olvidarse que en las \u00faltimas d\u00e9cadas <strong>el cart\u00f3n<\/strong> ha tomado un papel fundamental en la conservaci\u00f3n del planeta por su f\u00e1cil reutilizaci\u00f3n y facilidad para trabajarlo. Cada a\u00f1o se organizan decenas de congresos, concursos y exposiciones en todo el mundo que su tema central es el cart\u00f3n.<\/p>\n<p style=\"text-align: justify;\">Todo un descubrimiento para los amantes de lo ecol\u00f3gico y lo moderno.<\/p>\n<p style=\"text-align: justify;\">Y tanto nos ha cautivado este tema que queremos abrir un espacio en nuestro blog a mostraros ejemplos de decoraci\u00f3n y arte que utilizan como base el cart\u00f3n. Si es tu caso y utilizas el cart\u00f3n de forma art\u00edstica, escr\u00edbenos a webmarketing@rajapack.es<\/p>\n<p><a href=\"https:\/\/www.rajapack.es\/blog-es\/wp-content\/uploads\/2014\/05\/01-VISTA-PANTALLAS-2.jpg\"><img loading=\"lazy\" decoding=\"async\" class=\"aligncenter wp-image-1191\" src=\"https:\/\/www.rajapack.es\/blog-es\/wp-content\/uploads\/2014\/05\/01-VISTA-PANTALLAS-2.jpg\" alt=\"01-VISTA-PANTALLAS\" width=\"649\" height=\"487\" srcset=\"https:\/\/www.rajapack.es\/blog-es\/wp-content\/uploads\/2014\/05\/01-VISTA-PANTALLAS-2.jpg 900w, https:\/\/www.rajapack.es\/blog-es\/wp-content\/uploads\/2014\/05\/01-VISTA-PANTALLAS-2-430x323.jpg 430w, https:\/\/www.rajapack.es\/blog-es\/wp-content\/uploads\/2014\/05\/01-VISTA-PANTALLAS-2-320x240.jpg 320w, https:\/\/www.rajapack.es\/blog-es\/wp-content\/uploads\/2014\/05\/01-VISTA-PANTALLAS-2-768x576.jpg 768w, https:\/\/www.rajapack.es\/blog-es\/wp-content\/uploads\/2014\/05\/01-VISTA-PANTALLAS-2-300x225.jpg 300w\" sizes=\"(max-width: 649px) 100vw, 649px\" \/><\/a><\/p>\n","protected":false},"excerpt":{"rendered":"<p>Hoy en d\u00eda, el cart\u00f3n se encuentra muy presente a nuestro alrededor ya que se utiliza en muchos tipos de envases y material de embalaje. Tenemos claro que es el [&#8230;]<\/p>\n","protected":false},"author":11,"featured_media":1198,"comment_status":"open","ping_status":"open","sticky":false,"template":"","format":"standard","meta":{"_acf_changed":false,"footnotes":""},"categories":[4],"tags":[99],"class_list":["post-1186","post","type-post","status-publish","format-standard","has-post-thumbnail","hentry","category-embalaje","tag-ecologia"],"acf":[],"yoast_head":"\n<title>L\u00e1mparas de cart\u00f3n y dise\u00f1o ecol\u00f3gicas RAJAPACK<\/title>\n<meta name=\"description\" content=\"Hoy en d\u00eda, el cart\u00f3n se encuentra muy presente a nuestro alrededor ya que se utiliza en muchos tipos de envases y material de embalaje. Pero hay m\u00e1s formas\" \/>\n<meta name=\"robots\" content=\"index, follow, max-snippet:-1, max-image-preview:large, max-video-preview:-1\" \/>\n<link rel=\"canonical\" href=\"https:\/\/www.rajapack.es\/blog-es\/lamparas-de-carton-y-diseno-ecologicas-2\" \/>\n<meta property=\"og:locale\" content=\"es_ES\" \/>\n<meta property=\"og:type\" content=\"article\" \/>\n<meta property=\"og:title\" content=\"L\u00e1mparas de cart\u00f3n y dise\u00f1o ecol\u00f3gicas RAJAPACK\" \/>\n<meta property=\"og:description\" content=\"Hoy en d\u00eda, el cart\u00f3n se encuentra muy presente a nuestro alrededor ya que se utiliza en muchos tipos de envases y material de embalaje. Pero hay m\u00e1s formas\" \/>\n<meta property=\"og:url\" content=\"https:\/\/www.rajapack.es\/blog-es\/lamparas-de-carton-y-diseno-ecologicas-2\" \/>\n<meta property=\"og:site_name\" content=\"RAJAPACK Blog | Consejos de embalaje, log\u00edstica y m\u00e1s\" \/>\n<meta property=\"article:publisher\" content=\"https:\/\/www.facebook.com\/Rajapack.es\" \/>\n<meta property=\"article:published_time\" content=\"2014-05-30T08:00:36+00:00\" \/>\n<meta property=\"article:modified_time\" content=\"2022-04-03T23:25:56+00:00\" \/>\n<meta property=\"og:image\" content=\"https:\/\/www.rajapack.es\/blog-es\/wp-content\/uploads\/2014\/05\/528-2.jpg\" \/>\n\t<meta property=\"og:image:width\" content=\"528\" \/>\n\t<meta property=\"og:image:height\" content=\"396\" \/>\n\t<meta property=\"og:image:type\" content=\"image\/jpeg\" \/>\n<meta name=\"author\" content=\"Rajapack\" \/>\n<meta name=\"twitter:card\" content=\"summary_large_image\" \/>\n<meta name=\"twitter:creator\" content=\"@RajapackES\" \/>\n<meta name=\"twitter:site\" content=\"@RajapackES\" \/>\n<meta name=\"twitter:label1\" content=\"Escrito por\" \/>\n\t<meta name=\"twitter:data1\" content=\"Rajapack\" \/>\n\t<meta name=\"twitter:label2\" content=\"Tiempo de lectura\" \/>\n\t<meta name=\"twitter:data2\" content=\"2 minutos\" \/>\n<script type=\"application\/ld+json\" class=\"yoast-schema-graph\">{\n\t    \"@context\": \"https:\/\/schema.org\",\n\t    \"@graph\": [\n\t        {\n\t            \"@type\": \"Article\",\n\t            \"@id\": \"https:\/\/www.rajapack.es\/blog-es\/lamparas-de-carton-y-diseno-ecologicas-2#article\",\n\t            \"isPartOf\": {\n\t                \"@id\": \"https:\/\/www.rajapack.es\/blog-es\/lamparas-de-carton-y-diseno-ecologicas-2\"\n\t            },\n\t            \"author\": {\n\t                \"name\": \"Rajapack\",\n\t                \"@id\": \"https:\/\/www.rajapack.es\/blog-es\/#\/schema\/person\/400c27752a59dd208888711c96f5fc9d\"\n\t            },\n\t            \"headline\": \"L\u00e1mparas de cart\u00f3n y dise\u00f1o ecol\u00f3gicas\",\n\t            \"datePublished\": \"2014-05-30T08:00:36+00:00\",\n\t            \"dateModified\": \"2022-04-03T23:25:56+00:00\",\n\t            \"mainEntityOfPage\": {\n\t                \"@id\": \"https:\/\/www.rajapack.es\/blog-es\/lamparas-de-carton-y-diseno-ecologicas-2\"\n\t            },\n\t            \"wordCount\": 372,\n\t            \"commentCount\": 0,\n\t            \"publisher\": {\n\t                \"@id\": \"https:\/\/www.rajapack.es\/blog-es\/#organization\"\n\t            },\n\t            \"image\": {\n\t                \"@id\": \"https:\/\/www.rajapack.es\/blog-es\/lamparas-de-carton-y-diseno-ecologicas-2#primaryimage\"\n\t            },\n\t            \"thumbnailUrl\": \"https:\/\/www.rajapack.es\/blog-es\/wp-content\/uploads\/2014\/05\/528-2.jpg\",\n\t            \"keywords\": [\n\t                \"ecolog\u00eda\"\n\t            ],\n\t            \"articleSection\": [\n\t                \"Novedades &amp; Consejos de embalaje\"\n\t            ],\n\t            \"inLanguage\": \"es\",\n\t            \"potentialAction\": [\n\t                {\n\t                    \"@type\": \"CommentAction\",\n\t                    \"name\": \"Comment\",\n\t                    \"target\": [\n\t                        \"https:\/\/www.rajapack.es\/blog-es\/lamparas-de-carton-y-diseno-ecologicas-2#respond\"\n\t                    ]\n\t                }\n\t            ]\n\t        },\n\t        {\n\t            \"@type\": \"WebPage\",\n\t            \"@id\": \"https:\/\/www.rajapack.es\/blog-es\/lamparas-de-carton-y-diseno-ecologicas-2\",\n\t            \"url\": \"https:\/\/www.rajapack.es\/blog-es\/lamparas-de-carton-y-diseno-ecologicas-2\",\n\t            \"name\": \"L\u00e1mparas de cart\u00f3n y dise\u00f1o ecol\u00f3gicas RAJAPACK\",\n\t            \"isPartOf\": {\n\t                \"@id\": \"https:\/\/www.rajapack.es\/blog-es\/#website\"\n\t            },\n\t            \"primaryImageOfPage\": {\n\t                \"@id\": \"https:\/\/www.rajapack.es\/blog-es\/lamparas-de-carton-y-diseno-ecologicas-2#primaryimage\"\n\t            },\n\t            \"image\": {\n\t                \"@id\": \"https:\/\/www.rajapack.es\/blog-es\/lamparas-de-carton-y-diseno-ecologicas-2#primaryimage\"\n\t            },\n\t            \"thumbnailUrl\": \"https:\/\/www.rajapack.es\/blog-es\/wp-content\/uploads\/2014\/05\/528-2.jpg\",\n\t            \"datePublished\": \"2014-05-30T08:00:36+00:00\",\n\t            \"dateModified\": \"2022-04-03T23:25:56+00:00\",\n\t            \"description\": \"Hoy en d\u00eda, el cart\u00f3n se encuentra muy presente a nuestro alrededor ya que se utiliza en muchos tipos de envases y material de embalaje. Pero hay m\u00e1s formas\",\n\t            \"inLanguage\": \"es\",\n\t            \"potentialAction\": [\n\t                {\n\t                    \"@type\": \"ReadAction\",\n\t                    \"target\": [\n\t                        \"https:\/\/www.rajapack.es\/blog-es\/lamparas-de-carton-y-diseno-ecologicas-2\"\n\t                    ]\n\t                }\n\t            ]\n\t        },\n\t        {\n\t            \"@type\": \"ImageObject\",\n\t            \"inLanguage\": \"es\",\n\t            \"@id\": \"https:\/\/www.rajapack.es\/blog-es\/lamparas-de-carton-y-diseno-ecologicas-2#primaryimage\",\n\t            \"url\": \"https:\/\/www.rajapack.es\/blog-es\/wp-content\/uploads\/2014\/05\/528-2.jpg\",\n\t            \"contentUrl\": \"https:\/\/www.rajapack.es\/blog-es\/wp-content\/uploads\/2014\/05\/528-2.jpg\",\n\t            \"width\": 528,\n\t            \"height\": 396\n\t        },\n\t        {\n\t            \"@type\": \"WebSite\",\n\t            \"@id\": \"https:\/\/www.rajapack.es\/blog-es\/#website\",\n\t            \"url\": \"https:\/\/www.rajapack.es\/blog-es\/\",\n\t            \"name\": \"RAJAPACK Blog | Consejos de embalaje, log\u00edstica y m\u00e1s\",\n\t            \"description\": \"Consejos de embalaje, logistica y m\u00e1s\",\n\t            \"publisher\": {\n\t                \"@id\": \"https:\/\/www.rajapack.es\/blog-es\/#organization\"\n\t            },\n\t            \"potentialAction\": [\n\t                {\n\t                    \"@type\": \"SearchAction\",\n\t                    \"target\": {\n\t                        \"@type\": \"EntryPoint\",\n\t                        \"urlTemplate\": \"https:\/\/www.rajapack.es\/blog-es\/?s={search_term_string}\"\n\t                    },\n\t                    \"query-input\": {\n\t                        \"@type\": \"PropertyValueSpecification\",\n\t                        \"valueRequired\": true,\n\t                        \"valueName\": \"search_term_string\"\n\t                    }\n\t                }\n\t            ],\n\t            \"inLanguage\": \"es\"\n\t        },\n\t        {\n\t            \"@type\": \"Organization\",\n\t            \"@id\": \"https:\/\/www.rajapack.es\/blog-es\/#organization\",\n\t            \"name\": \"RAJA ES\",\n\t            \"url\": \"https:\/\/www.rajapack.es\/blog-es\/\",\n\t            \"logo\": {\n\t                \"@type\": \"ImageObject\",\n\t                \"inLanguage\": \"es\",\n\t                \"@id\": \"https:\/\/www.rajapack.es\/blog-es\/#\/schema\/logo\/image\/\",\n\t                \"url\": \"https:\/\/www.rajapack.es\/blog-es\/wp-content\/uploads\/2021\/10\/logo-mobile@3x.png\",\n\t                \"contentUrl\": \"https:\/\/www.rajapack.es\/blog-es\/wp-content\/uploads\/2021\/10\/logo-mobile@3x.png\",\n\t                \"width\": 534,\n\t                \"height\": 114,\n\t                \"caption\": \"RAJA ES\"\n\t            },\n\t            \"image\": {\n\t                \"@id\": \"https:\/\/www.rajapack.es\/blog-es\/#\/schema\/logo\/image\/\"\n\t            },\n\t            \"sameAs\": [\n\t                \"https:\/\/www.facebook.com\/Rajapack.es\",\n\t                \"https:\/\/x.com\/RajapackES\",\n\t                \"https:\/\/www.linkedin.com\/company\/rajapack-spain\/\",\n\t                \"https:\/\/www.youtube.com\/user\/RajapackES\"\n\t            ]\n\t        },\n\t        {\n\t            \"@type\": \"Person\",\n\t            \"@id\": \"https:\/\/www.rajapack.es\/blog-es\/#\/schema\/person\/400c27752a59dd208888711c96f5fc9d\",\n\t            \"name\": \"Rajapack\",\n\t            \"image\": {\n\t                \"@type\": \"ImageObject\",\n\t                \"inLanguage\": \"es\",\n\t                \"@id\": \"https:\/\/www.rajapack.es\/blog-es\/#\/schema\/person\/image\/\",\n\t                \"url\": \"https:\/\/secure.gravatar.com\/avatar\/38091fb406fcb37229e1256d26439fbc?s=96&d=mm&r=g\",\n\t                \"contentUrl\": \"https:\/\/secure.gravatar.com\/avatar\/38091fb406fcb37229e1256d26439fbc?s=96&d=mm&r=g\",\n\t                \"caption\": \"Rajapack\"\n\t            },\n\t            \"url\": \"https:\/\/www.rajapack.es\/blog-es\/author\/relevant_traffic\"\n\t        }\n\t    ]\n\t}<\/script>\n","yoast_head_json":{"title":"L\u00e1mparas de cart\u00f3n y dise\u00f1o ecol\u00f3gicas RAJAPACK","description":"Hoy en d\u00eda, el cart\u00f3n se encuentra muy presente a nuestro alrededor ya que se utiliza en muchos tipos de envases y material de embalaje. Pero hay m\u00e1s formas","robots":{"index":"index","follow":"follow","max-snippet":"max-snippet:-1","max-image-preview":"max-image-preview:large","max-video-preview":"max-video-preview:-1"},"canonical":"https:\/\/www.rajapack.es\/blog-es\/lamparas-de-carton-y-diseno-ecologicas-2","og_locale":"es_ES","og_type":"article","og_title":"L\u00e1mparas de cart\u00f3n y dise\u00f1o ecol\u00f3gicas RAJAPACK","og_description":"Hoy en d\u00eda, el cart\u00f3n se encuentra muy presente a nuestro alrededor ya que se utiliza en muchos tipos de envases y material de embalaje. Pero hay m\u00e1s formas","og_url":"https:\/\/www.rajapack.es\/blog-es\/lamparas-de-carton-y-diseno-ecologicas-2","og_site_name":"RAJAPACK Blog | Consejos de embalaje, log\u00edstica y m\u00e1s","article_publisher":"https:\/\/www.facebook.com\/Rajapack.es","article_published_time":"2014-05-30T08:00:36+00:00","article_modified_time":"2022-04-03T23:25:56+00:00","og_image":[{"width":528,"height":396,"url":"https:\/\/www.rajapack.es\/blog-es\/wp-content\/uploads\/2014\/05\/528-2.jpg","type":"image\/jpeg"}],"author":"Rajapack","twitter_card":"summary_large_image","twitter_creator":"@RajapackES","twitter_site":"@RajapackES","twitter_misc":{"Escrito por":"Rajapack","Tiempo de lectura":"2 minutos"},"schema":{"@context":"https:\/\/schema.org","@graph":[{"@type":"Article","@id":"https:\/\/www.rajapack.es\/blog-es\/lamparas-de-carton-y-diseno-ecologicas-2#article","isPartOf":{"@id":"https:\/\/www.rajapack.es\/blog-es\/lamparas-de-carton-y-diseno-ecologicas-2"},"author":{"name":"Rajapack","@id":"https:\/\/www.rajapack.es\/blog-es\/#\/schema\/person\/400c27752a59dd208888711c96f5fc9d"},"headline":"L\u00e1mparas de cart\u00f3n y dise\u00f1o ecol\u00f3gicas","datePublished":"2014-05-30T08:00:36+00:00","dateModified":"2022-04-03T23:25:56+00:00","mainEntityOfPage":{"@id":"https:\/\/www.rajapack.es\/blog-es\/lamparas-de-carton-y-diseno-ecologicas-2"},"wordCount":372,"commentCount":0,"publisher":{"@id":"https:\/\/www.rajapack.es\/blog-es\/#organization"},"image":{"@id":"https:\/\/www.rajapack.es\/blog-es\/lamparas-de-carton-y-diseno-ecologicas-2#primaryimage"},"thumbnailUrl":"https:\/\/www.rajapack.es\/blog-es\/wp-content\/uploads\/2014\/05\/528-2.jpg","keywords":["ecolog\u00eda"],"articleSection":["Novedades &amp; Consejos de embalaje"],"inLanguage":"es","potentialAction":[{"@type":"CommentAction","name":"Comment","target":["https:\/\/www.rajapack.es\/blog-es\/lamparas-de-carton-y-diseno-ecologicas-2#respond"]}]},{"@type":"WebPage","@id":"https:\/\/www.rajapack.es\/blog-es\/lamparas-de-carton-y-diseno-ecologicas-2","url":"https:\/\/www.rajapack.es\/blog-es\/lamparas-de-carton-y-diseno-ecologicas-2","name":"L\u00e1mparas de cart\u00f3n y dise\u00f1o ecol\u00f3gicas RAJAPACK","isPartOf":{"@id":"https:\/\/www.rajapack.es\/blog-es\/#website"},"primaryImageOfPage":{"@id":"https:\/\/www.rajapack.es\/blog-es\/lamparas-de-carton-y-diseno-ecologicas-2#primaryimage"},"image":{"@id":"https:\/\/www.rajapack.es\/blog-es\/lamparas-de-carton-y-diseno-ecologicas-2#primaryimage"},"thumbnailUrl":"https:\/\/www.rajapack.es\/blog-es\/wp-content\/uploads\/2014\/05\/528-2.jpg","datePublished":"2014-05-30T08:00:36+00:00","dateModified":"2022-04-03T23:25:56+00:00","description":"Hoy en d\u00eda, el cart\u00f3n se encuentra muy presente a nuestro alrededor ya que se utiliza en muchos tipos de envases y material de embalaje. Pero hay m\u00e1s formas","inLanguage":"es","potentialAction":[{"@type":"ReadAction","target":["https:\/\/www.rajapack.es\/blog-es\/lamparas-de-carton-y-diseno-ecologicas-2"]}]},{"@type":"ImageObject","inLanguage":"es","@id":"https:\/\/www.rajapack.es\/blog-es\/lamparas-de-carton-y-diseno-ecologicas-2#primaryimage","url":"https:\/\/www.rajapack.es\/blog-es\/wp-content\/uploads\/2014\/05\/528-2.jpg","contentUrl":"https:\/\/www.rajapack.es\/blog-es\/wp-content\/uploads\/2014\/05\/528-2.jpg","width":528,"height":396},{"@type":"WebSite","@id":"https:\/\/www.rajapack.es\/blog-es\/#website","url":"https:\/\/www.rajapack.es\/blog-es\/","name":"RAJAPACK Blog | Consejos de embalaje, log\u00edstica y m\u00e1s","description":"Consejos de embalaje, logistica y m\u00e1s","publisher":{"@id":"https:\/\/www.rajapack.es\/blog-es\/#organization"},"potentialAction":[{"@type":"SearchAction","target":{"@type":"EntryPoint","urlTemplate":"https:\/\/www.rajapack.es\/blog-es\/?s={search_term_string}"},"query-input":{"@type":"PropertyValueSpecification","valueRequired":true,"valueName":"search_term_string"}}],"inLanguage":"es"},{"@type":"Organization","@id":"https:\/\/www.rajapack.es\/blog-es\/#organization","name":"RAJA ES","url":"https:\/\/www.rajapack.es\/blog-es\/","logo":{"@type":"ImageObject","inLanguage":"es","@id":"https:\/\/www.rajapack.es\/blog-es\/#\/schema\/logo\/image\/","url":"https:\/\/www.rajapack.es\/blog-es\/wp-content\/uploads\/2021\/10\/logo-mobile@3x.png","contentUrl":"https:\/\/www.rajapack.es\/blog-es\/wp-content\/uploads\/2021\/10\/logo-mobile@3x.png","width":534,"height":114,"caption":"RAJA ES"},"image":{"@id":"https:\/\/www.rajapack.es\/blog-es\/#\/schema\/logo\/image\/"},"sameAs":["https:\/\/www.facebook.com\/Rajapack.es","https:\/\/x.com\/RajapackES","https:\/\/www.linkedin.com\/company\/rajapack-spain\/","https:\/\/www.youtube.com\/user\/RajapackES"]},{"@type":"Person","@id":"https:\/\/www.rajapack.es\/blog-es\/#\/schema\/person\/400c27752a59dd208888711c96f5fc9d","name":"Rajapack","image":{"@type":"ImageObject","inLanguage":"es","@id":"https:\/\/www.rajapack.es\/blog-es\/#\/schema\/person\/image\/","url":"https:\/\/secure.gravatar.com\/avatar\/38091fb406fcb37229e1256d26439fbc?s=96&d=mm&r=g","contentUrl":"https:\/\/secure.gravatar.com\/avatar\/38091fb406fcb37229e1256d26439fbc?s=96&d=mm&r=g","caption":"Rajapack"},"url":"https:\/\/www.rajapack.es\/blog-es\/author\/relevant_traffic"}]}},"_links":{"self":[{"href":"https:\/\/www.rajapack.es\/blog-es\/wp-json\/wp\/v2\/posts\/1186"}],"collection":[{"href":"https:\/\/www.rajapack.es\/blog-es\/wp-json\/wp\/v2\/posts"}],"about":[{"href":"https:\/\/www.rajapack.es\/blog-es\/wp-json\/wp\/v2\/types\/post"}],"author":[{"embeddable":true,"href":"https:\/\/www.rajapack.es\/blog-es\/wp-json\/wp\/v2\/users\/11"}],"replies":[{"embeddable":true,"href":"https:\/\/www.rajapack.es\/blog-es\/wp-json\/wp\/v2\/comments?post=1186"}],"version-history":[{"count":0,"href":"https:\/\/www.rajapack.es\/blog-es\/wp-json\/wp\/v2\/posts\/1186\/revisions"}],"wp:featuredmedia":[{"embeddable":true,"href":"https:\/\/www.rajapack.es\/blog-es\/wp-json\/wp\/v2\/media\/1198"}],"wp:attachment":[{"href":"https:\/\/www.rajapack.es\/blog-es\/wp-json\/wp\/v2\/media?parent=1186"}],"wp:term":[{"taxonomy":"category","embeddable":true,"href":"https:\/\/www.rajapack.es\/blog-es\/wp-json\/wp\/v2\/categories?post=1186"},{"taxonomy":"post_tag","embeddable":true,"href":"https:\/\/www.rajapack.es\/blog-es\/wp-json\/wp\/v2\/tags?post=1186"}],"curies":[{"name":"wp","href":"https:\/\/api.w.org\/{rel}","templated":true}]}}