{"id":12041,"date":"2020-03-23T12:41:19","date_gmt":"2020-03-23T10:41:19","guid":{"rendered":"https:\/\/blog-staging-es.raja-group.com\/?p=12041"},"modified":"2025-09-17T16:53:19","modified_gmt":"2025-09-17T14:53:19","slug":"raja-donacion-farmacia-trebol-embalaje","status":"publish","type":"post","link":"https:\/\/www.rajapack.es\/blog-es\/raja-donacion-farmacia-trebol-embalaje","title":{"rendered":"RAJAPACK dona embalaje a varias asociaciones ante la pandemia del COVID-19"},"content":{"rendered":"\n<p>Mientras la pandemia del nuevo coronavirus (COVID-19) sigue afectando al mundo entero, las empresas y las personas intentan apoyar a la causa de todas las formas que les sea posible.<\/p>\n\n\n\n<p>RAJAPACK siempre ha cre\u00eddo en la responsabilidad corporativa y m\u00e1s en situaciones de emergencia como la que estamos viviendo ahora mismo, as\u00ed que&nbsp;<strong>hemos pensado en c\u00f3mo contribuir a la causa y hemos decidido hacerlo con una colaboraci\u00f3n con&nbsp;<a href=\"https:\/\/www.farmaciastrebol.com\/\" target=\"_blank\" rel=\"noreferrer noopener\">Farmacias Tr\u00e9bol<\/a><\/strong>&nbsp;que est\u00e1n en el pie del ca\u00f1\u00f3n dando el mejor servicio posible a pesar de las circunstancias.<\/p>\n\n\n\n<p>La donaci\u00f3n se envi\u00f3 el martes desde nuestra filial en Ripollet y les lleg\u00f3 en 24h a Madrid.<\/p>\n\n\n\n<figure class=\"wp-block-image size-large\"><img loading=\"lazy\" decoding=\"async\" width=\"1008\" height=\"567\" src=\"https:\/\/www.rajapack.es\/blog-es\/wp-content\/uploads\/2020\/03\/2020-03-19.jpg\" alt=\"\" class=\"wp-image-12043\" srcset=\"https:\/\/www.rajapack.es\/blog-es\/wp-content\/uploads\/2020\/03\/2020-03-19.jpg 1008w, https:\/\/www.rajapack.es\/blog-es\/wp-content\/uploads\/2020\/03\/2020-03-19-300x169.jpg 300w, https:\/\/www.rajapack.es\/blog-es\/wp-content\/uploads\/2020\/03\/2020-03-19-768x432.jpg 768w, https:\/\/www.rajapack.es\/blog-es\/wp-content\/uploads\/2020\/03\/2020-03-19-375x211.jpg 375w\" sizes=\"(max-width: 1008px) 100vw, 1008px\" \/><figcaption class=\"wp-element-caption\">Cajas donadas por RAJAPACK en las instalaciones de Farmacias Tr\u00e9bol<\/figcaption><\/figure>\n\n\n\n<h2 class=\"wp-block-heading\">\u00bfPor qu\u00e9 Farmacias Tr\u00e9bol?<\/h2>\n\n\n<div class=\"wp-block-image\">\n<figure class=\"alignleft size-large is-resized\"><img loading=\"lazy\" decoding=\"async\" width=\"661\" height=\"339\" src=\"https:\/\/www.rajapack.es\/blog-es\/wp-content\/uploads\/2020\/03\/image-4.png\" alt=\"\" class=\"wp-image-12051\" style=\"width:234px;height:120px\" srcset=\"https:\/\/www.rajapack.es\/blog-es\/wp-content\/uploads\/2020\/03\/image-4.png 661w, https:\/\/www.rajapack.es\/blog-es\/wp-content\/uploads\/2020\/03\/image-4-300x154.png 300w, https:\/\/www.rajapack.es\/blog-es\/wp-content\/uploads\/2020\/03\/image-4-375x192.png 375w\" sizes=\"(max-width: 661px) 100vw, 661px\" \/><\/figure><\/div>\n\n\n<p>Farmacias Tr\u00e9bol es una empresa con m\u00e1s de 40 farmacias distribuidas por toda Espa\u00f1a, adem\u00e1s, tambi\u00e9n venden online.<\/p>\n\n\n\n<p>El sector farmac\u00e9utico sigue trabajando a pesar del estado de alarma para poder abastecer a todas las personas que necesitan sus servicios, desde RAJAPACK queremos agradecer la gran entrega por parte del personal, que trabajando estos d\u00edas quedan expuestos al Coronavirus (COVID-19).<\/p>\n\n\n\n<p>Farmacias Tr\u00e9bol, desde su sede central en Madrid, distribuyen tanto a sus farmacias como al cliente final.<\/p>\n\n\n<div class=\"wp-block-image\">\n<figure class=\"alignleft is-resized\"><img loading=\"lazy\" decoding=\"async\" src=\"https:\/\/raja.scene7.com\/is\/image\/Raja\/products\/caja-carton-montaje-instantaneo-cierre-adhesivo-canal-simple_OFF_ES_0523.jpg?image=M_PF50_A1_FR$default$&amp;hei=300&amp;wid=300\" alt=\"Caja de cart\u00f3n montaje instant\u00e1neo y cierre adhesivo canal simple\" style=\"width:121px;height:121px\"\/><\/figure><\/div>\n\n\n<p>Debido al confinamiento domiciliario, los pedidos online se han disparado, muchas personas deciden hacerlo as\u00ed para no arriesgarse a contraer la enfermedad, para recompensar su labor social decidimos enviarles 5 palets de&nbsp;<a href=\"https:\/\/www.rajapack.es\/cajas-carton-contenedores-cajas-postales\/cajas-carton-cajas-americanas\/caja-a-fondo-automatico-y-cierre-adhesivo_OFF_ES_0523.html\" target=\"_blank\" rel=\"noreferrer noopener\">cajas con montaje instant\u00e1neo y cierre adhesivo<\/a>, estas cajas son de muy f\u00e1cil montaje para facilitar la tarea de env\u00edo de paquetes, 4.000 cajas con las que podr\u00e1n ser m\u00e1s r\u00e1pidos y eficaces en sus env\u00edos.<\/p>\n\n\n\n<h2 class=\"wp-block-heading\">Donamos 120 cintas adhesivas al proyecto LibreGuard<\/h2>\n\n\n\n<p><em>Actualizaci\u00f3n del 31\/03\/2020<\/em><\/p>\n\n\n\n<p>Despu\u00e9s del anuncio del gobierno sobre el confinamiento total, hemos decidido seguir apoyando proyectos que nos ayuden a acabar con el virus. Esta vez nos hemos decantado por el proyecto Libreguard.<\/p>\n\n\n\n<h3 class=\"wp-block-heading\">\u00bfQu\u00e9 es el proyecto LibreGuard?<\/h3>\n\n\n\n<p>Se trata de un proyecto colaborativo iniciado por el estudio <a href=\"https:\/\/coudre.studio\/\" target=\"_blank\" rel=\"noreferrer noopener\">Coudre<\/a> y <a href=\"http:\/\/coda-office.com\/\" target=\"_blank\" rel=\"noreferrer noopener\">Coda BarcelonaTech<\/a>, ellos dise\u00f1an, producen y distribuyen m\u00e1scaras impresas en 3D para el personal sanitario.<\/p>\n\n\n\n<ul class=\"wp-block-list\">\n<li>Estas m\u00e1scaras son de producci\u00f3n r\u00e1pida (se imprimen en 80 segundos)<\/li>\n\n\n\n<li>Son muy baratas (20 c\u00e9ntimos).<\/li>\n\n\n\n<li>El montaje es f\u00e1cil y r\u00e1pido (2 minutos aproximadamente)<\/li>\n\n\n\n<li>La limpieza es tambi\u00e9n r\u00e1pida y segura que que la estructura es reutilizable y el frontal desechable.<\/li>\n<\/ul>\n\n\n\n<p>Con la donaci\u00f3n de nuestras cintas adhesivas de doble cara se mejorar\u00e1 el dise\u00f1o dando un refuerzo superior entre la estructura y el frontal.<\/p>\n\n\n\n<figure class=\"wp-block-image size-large\"><img loading=\"lazy\" decoding=\"async\" width=\"1024\" height=\"536\" src=\"https:\/\/www.rajapack.es\/blog-es\/wp-content\/uploads\/2020\/03\/POST-FB-mascaras-1024x536.webp\" alt=\"\" class=\"wp-image-17216\" srcset=\"https:\/\/www.rajapack.es\/blog-es\/wp-content\/uploads\/2020\/03\/POST-FB-mascaras-1024x536.webp 1024w, https:\/\/www.rajapack.es\/blog-es\/wp-content\/uploads\/2020\/03\/POST-FB-mascaras-430x225.webp 430w, https:\/\/www.rajapack.es\/blog-es\/wp-content\/uploads\/2020\/03\/POST-FB-mascaras-768x402.webp 768w, https:\/\/www.rajapack.es\/blog-es\/wp-content\/uploads\/2020\/03\/POST-FB-mascaras.webp 1200w\" sizes=\"(max-width: 1024px) 100vw, 1024px\" \/><\/figure>\n\n\n\n<h2 class=\"wp-block-heading\">Donamos 200 bolsas kraft recicladas al Centro de Acogida e Integraci\u00f3n Santiago Masarnau en Madrid<\/h2>\n\n\n\n<p><em>Actualizaci\u00f3n 03\/04\/2020<\/em><\/p>\n\n\n\n<p>El Centro de Acogida e Integraci\u00f3n Santiago Masarnau, de la <a href=\"http:\/\/www.ssvp.es\/\" target=\"_blank\" rel=\"noreferrer noopener\">Sociedad de San Vicente de Pa\u00fal<\/a>, fue creado para atender a personas sin techo. Actualmente cuentan con servicios muy diversos, como, por ejemplo, talleres formativos, comedor y alimentos, atenci\u00f3n social, asistencia sanitaria y jur\u00eddica, orientaci\u00f3n laboral&#8230;<\/p>\n\n\n\n<p>Con la crisis del COVID-19, ellos siguen dando atenci\u00f3n a estas personas sin recursos, siguen atendiendo a una media de 100 personas\/d\u00eda. Debido a las medidas de seguridad de la pandemia, su comedor ha tenido que cerrar al p\u00fablico pero como alternativa, <strong>preparan y reparten comida a domicilio<\/strong>.<\/p>\n\n\n\n<p>Ellos contactaron con nosotros a trav\u00e9s de nuestro Facebook, @Rajapack.es, pidiendo nuestra colaboraci\u00f3n con embalaje alimentario o cualquier tipo de embalaje que les facilite la tarea de llevar la comida de forma seguro a los domicilios de las personas necesitadas. \u00a1Y as\u00ed lo hicimos! Colaboramos con 200 <a href=\"https:\/\/www.rajapack.es\/embalajes-para-regalo-comercio\/bolsas-papel-con-asas\/bolsa-kraft-reciclado_PDT00488.html\" target=\"_blank\" rel=\"noreferrer noopener\">bolsas kraft recicladas<\/a> que esperamos de todo coraz\u00f3n que les sirva para seguir adelante.<\/p>\n\n\n\n<figure class=\"wp-block-image size-large\"><img loading=\"lazy\" decoding=\"async\" width=\"1024\" height=\"576\" src=\"https:\/\/www.rajapack.es\/blog-es\/wp-content\/uploads\/2020\/04\/thumbnail_IMG-20200403-WA00021-1024x576.jpg\" alt=\"\" class=\"wp-image-12088\" srcset=\"https:\/\/www.rajapack.es\/blog-es\/wp-content\/uploads\/2020\/04\/thumbnail_IMG-20200403-WA00021-1024x576.jpg 1024w, https:\/\/www.rajapack.es\/blog-es\/wp-content\/uploads\/2020\/04\/thumbnail_IMG-20200403-WA00021-300x169.jpg 300w, https:\/\/www.rajapack.es\/blog-es\/wp-content\/uploads\/2020\/04\/thumbnail_IMG-20200403-WA00021-768x432.jpg 768w, https:\/\/www.rajapack.es\/blog-es\/wp-content\/uploads\/2020\/04\/thumbnail_IMG-20200403-WA00021-375x211.jpg 375w, https:\/\/www.rajapack.es\/blog-es\/wp-content\/uploads\/2020\/04\/thumbnail_IMG-20200403-WA00021.jpg 1280w\" sizes=\"(max-width: 1024px) 100vw, 1024px\" \/><figcaption class=\"wp-element-caption\">\u00a1Nuestras bolsas kraft llegaron en 24h a Madrid para ayudar a los m\u00e1s necesitados!<\/figcaption><\/figure>\n\n\n\n<h2 class=\"wp-block-heading\">Donamos 500 cajas a la Fundaci\u00f3n Pan y Peces<\/h2>\n\n\n\n<p><em>Actualizaci\u00f3n 22\/04\/2020<\/em><\/p>\n\n\n\n<p>La <a href=\"https:\/\/www.fundacionpanypeces.org\/\" target=\"_blank\" rel=\"noreferrer noopener\">Fundaci\u00f3n Pan y Peces<\/a>, antes del Estado de Alarma declarado por la crisis del Coronavirus, repart\u00eda comida a 800 familias sin recursos en el barrio madrile\u00f1o de Chamber\u00ed.<\/p>\n\n\n\n<p>Ahora la entrega de alimentos cara a cara es m\u00e1s complicada, as\u00ed que tuvieron que cerrar&#8230; hasta que consiguieron contactar con varios voluntarios y Bomberos Unidos para crear una red donde pod\u00edan repartir comida a domicilio. Fue en esta fase cuando decidieron contactarnos a trav\u00e9s de nuestras redes sociales, necesitaban 500 <a href=\"https:\/\/www.rajapack.es\/cajas-carton-contenedores-cajas-postales\/cajas-carton-cajas-americanas\/caja-carton-canal-simple-rajabox-partir-40cm-largo_PDT01649.html\" target=\"_blank\" rel=\"noreferrer noopener\">cajas de cart\u00f3n<\/a> para meter los alimentos que quer\u00edan donar. Sin dudar, nosotros les proporcionamos lo que necesitaban.<\/p>\n\n\n\n<figure class=\"wp-block-image size-full\"><img loading=\"lazy\" decoding=\"async\" width=\"1024\" height=\"666\" src=\"https:\/\/www.rajapack.es\/blog-es\/wp-content\/uploads\/2020\/03\/image-1024x666-1.webp\" alt=\"\" class=\"wp-image-17358\" srcset=\"https:\/\/www.rajapack.es\/blog-es\/wp-content\/uploads\/2020\/03\/image-1024x666-1.webp 1024w, https:\/\/www.rajapack.es\/blog-es\/wp-content\/uploads\/2020\/03\/image-1024x666-1-430x280.webp 430w, https:\/\/www.rajapack.es\/blog-es\/wp-content\/uploads\/2020\/03\/image-1024x666-1-768x500.webp 768w\" sizes=\"(max-width: 1024px) 100vw, 1024px\" \/><\/figure>\n\n\n\n<h2 class=\"wp-block-heading\">Donamos 1000 cajas al movimiento social #COVIDAMAKERS<\/h2>\n\n\n\n<p><em>Actualizaci\u00f3n 11\/05\/2020<\/em><\/p>\n\n\n\n<p>\u00a1Seguimos con las donaciones! Hemos donado 1000 cajas al movimiento social #COVIDAMAKERS para que puedan seguir enviando pantallas de protecci\u00f3n de fabricaci\u00f3n 3D que ellos mismos hacen.<\/p>\n\n\n\n<p>Esta organizaci\u00f3n sin \u00e1nimo de lucro han repartido ya m\u00e1s de 60.000 pantallas y \u00a1tienen previsto fabricar 200.000 unidades!<\/p>\n\n\n\n<p>Con estas fotos nos lo agradecen:<\/p>\n\n\n\n<figure class=\"wp-block-image size-large\"><img loading=\"lazy\" decoding=\"async\" width=\"1024\" height=\"484\" src=\"https:\/\/www.rajapack.es\/blog-es\/wp-content\/uploads\/2020\/05\/IMG-20200506-WA0000-1024x484.jpg\" alt=\"\" class=\"wp-image-12181\" srcset=\"https:\/\/www.rajapack.es\/blog-es\/wp-content\/uploads\/2020\/05\/IMG-20200506-WA0000-1024x484.jpg 1024w, https:\/\/www.rajapack.es\/blog-es\/wp-content\/uploads\/2020\/05\/IMG-20200506-WA0000-430x203.jpg 430w, https:\/\/www.rajapack.es\/blog-es\/wp-content\/uploads\/2020\/05\/IMG-20200506-WA0000-768x363.jpg 768w, https:\/\/www.rajapack.es\/blog-es\/wp-content\/uploads\/2020\/05\/IMG-20200506-WA0000-1536x727.jpg 1536w, https:\/\/www.rajapack.es\/blog-es\/wp-content\/uploads\/2020\/05\/IMG-20200506-WA0000.jpg 1600w\" sizes=\"(max-width: 1024px) 100vw, 1024px\" \/><\/figure>\n\n\n\n<h2 class=\"wp-block-heading\">Donamos otras 1000 cajas a la Cruz Roja<\/h2>\n\n\n\n<p><em>Actualizaci\u00f3n 12\/05\/2020<\/em><\/p>\n\n\n\n<p>La Cruz Roja est\u00e1 haciendo un trabajo excepcional en esta crisis del coronavirus, es por esa raz\u00f3n que hemos querido donar 1000 unidades de la referencia CAD53ES. Utilizan nuestras cajas para el reparto de comida.<\/p>\n\n\n\n<p>\u00a1Y nos dan las gracias con estas fotos!<\/p>\n\n\n\n<figure class=\"wp-block-gallery columns-2 is-cropped wp-block-gallery-1 is-layout-flex wp-block-gallery-is-layout-flex\">\r\n<ul class=\"blocks-gallery-grid\">\r\n<li class=\"blocks-gallery-item\">\r\n<figure><img loading=\"lazy\" decoding=\"async\" class=\"alignnone size-full wp-image-14417\" src=\"https:\/\/www.rajapack.es\/blog-es\/wp-content\/uploads\/2020\/03\/nombre-1.png\" alt=\"\" width=\"200\" height=\"300\" \/><\/figure>\r\n<\/li>\r\n<li class=\"blocks-gallery-item\">\r\n<figure><img loading=\"lazy\" decoding=\"async\" class=\"alignnone size-full wp-image-14418\" src=\"https:\/\/www.rajapack.es\/blog-es\/wp-content\/uploads\/2020\/03\/nombre.png\" alt=\"\" width=\"200\" height=\"300\" \/><img loading=\"lazy\" decoding=\"async\" width=\"498\" height=\"1024\" class=\"wp-image-12182\" src=\"https:\/\/www.rajapack.es\/blog-es\/wp-content\/uploads\/2020\/05\/20200511_102034-498x1024.jpg\" alt=\"\" data-id=\"12182\" data-full-url=\"https:\/\/www.rajapack.es\/blog-es\/wp-content\/uploads\/2020\/05\/20200511_102034-scaled.jpg\" data-link=\"https:\/\/www.rajapack.es\/blog-es\/noticias\/raja-donacion-farmacia-trebol-embalaje\/attachment\/20200511_102034\/\" srcset=\"https:\/\/www.rajapack.es\/blog-es\/wp-content\/uploads\/2020\/05\/20200511_102034-498x1024.jpg 498w, https:\/\/www.rajapack.es\/blog-es\/wp-content\/uploads\/2020\/05\/20200511_102034-209x430.jpg 209w, https:\/\/www.rajapack.es\/blog-es\/wp-content\/uploads\/2020\/05\/20200511_102034-768x1580.jpg 768w, https:\/\/www.rajapack.es\/blog-es\/wp-content\/uploads\/2020\/05\/20200511_102034-747x1536.jpg 747w, https:\/\/www.rajapack.es\/blog-es\/wp-content\/uploads\/2020\/05\/20200511_102034-996x2048.jpg 996w, https:\/\/www.rajapack.es\/blog-es\/wp-content\/uploads\/2020\/05\/20200511_102034-scaled.jpg 1244w\" sizes=\"(max-width: 498px) 100vw, 498px\" \/><img loading=\"lazy\" decoding=\"async\" width=\"498\" height=\"1024\" class=\"wp-image-12183\" src=\"https:\/\/www.rajapack.es\/blog-es\/wp-content\/uploads\/2020\/05\/20200511_102612-498x1024.jpg\" alt=\"\" data-id=\"12183\" data-full-url=\"https:\/\/www.rajapack.es\/blog-es\/wp-content\/uploads\/2020\/05\/20200511_102612-scaled.jpg\" data-link=\"https:\/\/www.rajapack.es\/blog-es\/noticias\/raja-donacion-farmacia-trebol-embalaje\/attachment\/20200511_102612\/\" srcset=\"https:\/\/www.rajapack.es\/blog-es\/wp-content\/uploads\/2020\/05\/20200511_102612-498x1024.jpg 498w, https:\/\/www.rajapack.es\/blog-es\/wp-content\/uploads\/2020\/05\/20200511_102612-209x430.jpg 209w, https:\/\/www.rajapack.es\/blog-es\/wp-content\/uploads\/2020\/05\/20200511_102612-768x1580.jpg 768w, https:\/\/www.rajapack.es\/blog-es\/wp-content\/uploads\/2020\/05\/20200511_102612-747x1536.jpg 747w, https:\/\/www.rajapack.es\/blog-es\/wp-content\/uploads\/2020\/05\/20200511_102612-996x2048.jpg 996w, https:\/\/www.rajapack.es\/blog-es\/wp-content\/uploads\/2020\/05\/20200511_102612-scaled.jpg 1244w\" sizes=\"(max-width: 498px) 100vw, 498px\" \/><\/figure>\r\n<\/li>\r\n<\/ul>\r\n<\/figure>\n\n\n\n<h2 class=\"wp-block-heading\">El Grupo RAJA tambi\u00e9n se solidariza<\/h2>\n\n\n\n<h3 class=\"wp-block-heading\">Rajapack Italia se une a la recaudaci\u00f3n de 100.000\u20ac para el hospital de Piacenza<\/h3>\n\n\n\n<p>Traducci\u00f3n: Confapi dona equipos para seis camas de cuidados \u00abintensivos\u00bb. Las empresas registradas han recaudado 100 mil euros para el hospital de Piacenza.<\/p>\n\n\n<div class=\"wp-block-image\">\n<figure class=\"aligncenter size-large\"><a href=\"https:\/\/www.linkedin.com\/posts\/rajapack-belgium_covid19-samensterk-limburgtegencorona-activity-6645681051526148097-eTOb\"><img loading=\"lazy\" decoding=\"async\" width=\"536\" height=\"851\" src=\"https:\/\/www.rajapack.es\/blog-es\/wp-content\/uploads\/2020\/03\/image-3.png\" alt=\"\" class=\"wp-image-12046\" srcset=\"https:\/\/www.rajapack.es\/blog-es\/wp-content\/uploads\/2020\/03\/image-3.png 536w, https:\/\/www.rajapack.es\/blog-es\/wp-content\/uploads\/2020\/03\/image-3-189x300.png 189w, https:\/\/www.rajapack.es\/blog-es\/wp-content\/uploads\/2020\/03\/image-3-142x225.png 142w\" sizes=\"(max-width: 536px) 100vw, 536px\" \/><\/a><\/figure><\/div>\n\n\n<p>&nbsp;<\/p>\n\n\n\n<h3 class=\"wp-block-heading\">Rajapack B\u00e9lgica dona todo su stock en mascarillas al Hospital az Vesalius<\/h3>\n\n\n<div class=\"wp-block-image\">\n<figure class=\"aligncenter size-full\"><img loading=\"lazy\" decoding=\"async\" width=\"535\" height=\"839\" src=\"https:\/\/www.rajapack.es\/blog-es\/wp-content\/uploads\/2020\/03\/image-2-1.webp\" alt=\"\" class=\"wp-image-17209\" srcset=\"https:\/\/www.rajapack.es\/blog-es\/wp-content\/uploads\/2020\/03\/image-2-1.webp 535w, https:\/\/www.rajapack.es\/blog-es\/wp-content\/uploads\/2020\/03\/image-2-1-274x430.webp 274w\" sizes=\"(max-width: 535px) 100vw, 535px\" \/><\/figure><\/div>\n\n\n<p>Son tiempos de incertidumbre y de colaboraci\u00f3n ciudadana, \u00a1toda ayuda es buena para superar esta pandemia!<\/p>\n\n\n\n<h2 class=\"wp-block-heading\">RAJAPACK Espa\u00f1a frente el coronavirus<\/h2>\n\n\n\n<p>Aprovechamos para recordar que a pesar de las circunstancias actuales, <strong>estamos 100% operativos para atender tus pedidos y consultas<\/strong>.<\/p>\n\n\n\n<p>Nuestro equipo de comerciales y atenci\u00f3n al cliente est\u00e1n trabajando en remoto para darte respuesta en nuestros canales habituales: tel\u00e9fono, email, chat y redes sociales. Adem\u00e1s, nuestra web est\u00e1 totalmente operativa.<\/p>\n\n\n\n<p>Tambi\u00e9n hemos implementado medidas preventivas para garantizarte, como siempre, el stock de embalajes que puedes necesitar. Y aunque la situaci\u00f3n es excepcional, y siempre que las condiciones lo permitan, intentaremos cumplir nuestros plazo de entrega de 24\/48 horas en Espa\u00f1a Peninsular.<\/p>\n\n\n\n<p>Eso s\u00ed, te informamos que desde el viernes pasado ya no atendemos visitas en nuestro Showroom, y hemos deshabilitado la opci\u00f3n de recogida en nuestras instalaciones, Click&amp;Collect.<\/p>\n\n\n\n<p>Esperamos que la situaci\u00f3n se restablezca lo antes posible y \u00a1aprovechamos para agradecerte la confianza depositada!<\/p>\n\n\n\n<figure class=\"wp-block-image size-large\"><img loading=\"lazy\" decoding=\"async\" width=\"1024\" height=\"536\" src=\"https:\/\/www.rajapack.es\/blog-es\/wp-content\/uploads\/2020\/03\/c\u00f3mo-lavarse-las-manos-1024x536.png\" alt=\"La filial espa\u00f1ola de RAJAPACK dona 4.000 cajas para Farmacias Tr\u00e9bol, \u00a1juntos podremos \" class=\"wp-image-12054\" srcset=\"https:\/\/www.rajapack.es\/blog-es\/wp-content\/uploads\/2020\/03\/c\u00f3mo-lavarse-las-manos-1024x536.png 1024w, https:\/\/www.rajapack.es\/blog-es\/wp-content\/uploads\/2020\/03\/c\u00f3mo-lavarse-las-manos-300x157.png 300w, https:\/\/www.rajapack.es\/blog-es\/wp-content\/uploads\/2020\/03\/c\u00f3mo-lavarse-las-manos-768x402.png 768w, https:\/\/www.rajapack.es\/blog-es\/wp-content\/uploads\/2020\/03\/c\u00f3mo-lavarse-las-manos-375x196.png 375w, https:\/\/www.rajapack.es\/blog-es\/wp-content\/uploads\/2020\/03\/c\u00f3mo-lavarse-las-manos.png 1200w\" sizes=\"(max-width: 1024px) 100vw, 1024px\" \/><\/figure>\n","protected":false},"excerpt":{"rendered":"<p>La filial espa\u00f1ola de RAJAPACK dona 4.000 cajas a Farmacias Tr\u00e9bol. Una donaci\u00f3n que se une a la del resto de filiales europeas del Grupo RAJA. \u00a1Juntos podemos controlar el Coronavirus!<\/p>\n","protected":false},"author":49,"featured_media":12049,"comment_status":"open","ping_status":"open","sticky":false,"template":"","format":"standard","meta":{"_acf_changed":false,"footnotes":""},"categories":[6],"tags":[50,163],"class_list":["post-12041","post","type-post","status-publish","format-standard","has-post-thumbnail","hentry","category-noticias","tag-cajas-de-carton","tag-grupo-raja"],"acf":[],"yoast_head":"\n<title>RAJAPACK dona embalaje a asociaciones ante la pandemia del coronavirus<\/title>\n<meta name=\"description\" content=\"Embalajs RAJA dona m\u00e1s de 4.000 embalajes a Farmacias Tr\u00e9bol para garantizar su servicio durante la pandemia del Coronavirus (COVID-19).\" \/>\n<meta name=\"robots\" content=\"index, follow, max-snippet:-1, max-image-preview:large, max-video-preview:-1\" \/>\n<link rel=\"canonical\" href=\"https:\/\/www.rajapack.es\/blog-es\/raja-donacion-farmacia-trebol-embalaje\" \/>\n<meta property=\"og:locale\" content=\"es_ES\" \/>\n<meta property=\"og:type\" content=\"article\" \/>\n<meta property=\"og:title\" content=\"RAJAPACK dona embalaje a asociaciones ante la pandemia del coronavirus\" \/>\n<meta property=\"og:description\" content=\"Embalajs RAJA dona m\u00e1s de 4.000 embalajes a Farmacias Tr\u00e9bol para garantizar su servicio durante la pandemia del Coronavirus (COVID-19).\" \/>\n<meta property=\"og:url\" content=\"https:\/\/www.rajapack.es\/blog-es\/raja-donacion-farmacia-trebol-embalaje\" \/>\n<meta property=\"og:site_name\" content=\"RAJAPACK Blog | Consejos de embalaje, log\u00edstica y m\u00e1s\" \/>\n<meta property=\"article:publisher\" content=\"https:\/\/www.facebook.com\/Rajapack.es\" \/>\n<meta property=\"article:published_time\" content=\"2020-03-23T10:41:19+00:00\" \/>\n<meta property=\"article:modified_time\" content=\"2025-09-17T14:53:19+00:00\" \/>\n<meta property=\"og:image\" content=\"https:\/\/www.rajapack.es\/blog-es\/wp-content\/uploads\/2020\/03\/fachada-blog.jpg\" \/>\n\t<meta property=\"og:image:width\" content=\"850\" \/>\n\t<meta property=\"og:image:height\" content=\"450\" \/>\n\t<meta property=\"og:image:type\" content=\"image\/jpeg\" \/>\n<meta name=\"author\" content=\"Sara Alcaraz G\u00e1lvez\" \/>\n<meta name=\"twitter:card\" content=\"summary_large_image\" \/>\n<meta name=\"twitter:creator\" content=\"@RajapackES\" \/>\n<meta name=\"twitter:site\" content=\"@RajapackES\" \/>\n<meta name=\"twitter:label1\" content=\"Escrito por\" \/>\n\t<meta name=\"twitter:data1\" content=\"Sara Alcaraz G\u00e1lvez\" \/>\n\t<meta name=\"twitter:label2\" content=\"Tiempo de lectura\" \/>\n\t<meta name=\"twitter:data2\" content=\"5 minutos\" \/>\n<script type=\"application\/ld+json\" class=\"yoast-schema-graph\">{\n\t    \"@context\": \"https:\/\/schema.org\",\n\t    \"@graph\": [\n\t        {\n\t            \"@type\": \"Article\",\n\t            \"@id\": \"https:\/\/www.rajapack.es\/blog-es\/raja-donacion-farmacia-trebol-embalaje#article\",\n\t            \"isPartOf\": {\n\t                \"@id\": \"https:\/\/www.rajapack.es\/blog-es\/raja-donacion-farmacia-trebol-embalaje\"\n\t            },\n\t            \"author\": {\n\t                \"name\": \"Sara Alcaraz G\u00e1lvez\",\n\t                \"@id\": \"https:\/\/www.rajapack.es\/blog-es\/#\/schema\/person\/354d66fd4e68e587bf52f90a52f6e0d3\"\n\t            },\n\t            \"headline\": \"RAJAPACK dona embalaje a varias asociaciones ante la pandemia del COVID-19\",\n\t            \"datePublished\": \"2020-03-23T10:41:19+00:00\",\n\t            \"dateModified\": \"2025-09-17T14:53:19+00:00\",\n\t            \"mainEntityOfPage\": {\n\t                \"@id\": \"https:\/\/www.rajapack.es\/blog-es\/raja-donacion-farmacia-trebol-embalaje\"\n\t            },\n\t            \"wordCount\": 1101,\n\t            \"commentCount\": 0,\n\t            \"publisher\": {\n\t                \"@id\": \"https:\/\/www.rajapack.es\/blog-es\/#organization\"\n\t            },\n\t            \"image\": {\n\t                \"@id\": \"https:\/\/www.rajapack.es\/blog-es\/raja-donacion-farmacia-trebol-embalaje#primaryimage\"\n\t            },\n\t            \"thumbnailUrl\": \"https:\/\/www.rajapack.es\/blog-es\/wp-content\/uploads\/2020\/03\/fachada-blog.jpg\",\n\t            \"keywords\": [\n\t                \"Cajas de cart\u00f3n\",\n\t                \"Grupo Raja\"\n\t            ],\n\t            \"articleSection\": [\n\t                \"Noticias y eventos\"\n\t            ],\n\t            \"inLanguage\": \"es\",\n\t            \"potentialAction\": [\n\t                {\n\t                    \"@type\": \"CommentAction\",\n\t                    \"name\": \"Comment\",\n\t                    \"target\": [\n\t                        \"https:\/\/www.rajapack.es\/blog-es\/raja-donacion-farmacia-trebol-embalaje#respond\"\n\t                    ]\n\t                }\n\t            ]\n\t        },\n\t        {\n\t            \"@type\": \"WebPage\",\n\t            \"@id\": \"https:\/\/www.rajapack.es\/blog-es\/raja-donacion-farmacia-trebol-embalaje\",\n\t            \"url\": \"https:\/\/www.rajapack.es\/blog-es\/raja-donacion-farmacia-trebol-embalaje\",\n\t            \"name\": \"RAJAPACK dona embalaje a asociaciones ante la pandemia del coronavirus\",\n\t            \"isPartOf\": {\n\t                \"@id\": \"https:\/\/www.rajapack.es\/blog-es\/#website\"\n\t            },\n\t            \"primaryImageOfPage\": {\n\t                \"@id\": \"https:\/\/www.rajapack.es\/blog-es\/raja-donacion-farmacia-trebol-embalaje#primaryimage\"\n\t            },\n\t            \"image\": {\n\t                \"@id\": \"https:\/\/www.rajapack.es\/blog-es\/raja-donacion-farmacia-trebol-embalaje#primaryimage\"\n\t            },\n\t            \"thumbnailUrl\": \"https:\/\/www.rajapack.es\/blog-es\/wp-content\/uploads\/2020\/03\/fachada-blog.jpg\",\n\t            \"datePublished\": \"2020-03-23T10:41:19+00:00\",\n\t            \"dateModified\": \"2025-09-17T14:53:19+00:00\",\n\t            \"description\": \"Embalajs RAJA dona m\u00e1s de 4.000 embalajes a Farmacias Tr\u00e9bol para garantizar su servicio durante la pandemia del Coronavirus (COVID-19).\",\n\t            \"inLanguage\": \"es\",\n\t            \"potentialAction\": [\n\t                {\n\t                    \"@type\": \"ReadAction\",\n\t                    \"target\": [\n\t                        \"https:\/\/www.rajapack.es\/blog-es\/raja-donacion-farmacia-trebol-embalaje\"\n\t                    ]\n\t                }\n\t            ]\n\t        },\n\t        {\n\t            \"@type\": \"ImageObject\",\n\t            \"inLanguage\": \"es\",\n\t            \"@id\": \"https:\/\/www.rajapack.es\/blog-es\/raja-donacion-farmacia-trebol-embalaje#primaryimage\",\n\t            \"url\": \"https:\/\/www.rajapack.es\/blog-es\/wp-content\/uploads\/2020\/03\/fachada-blog.jpg\",\n\t            \"contentUrl\": \"https:\/\/www.rajapack.es\/blog-es\/wp-content\/uploads\/2020\/03\/fachada-blog.jpg\",\n\t            \"width\": 850,\n\t            \"height\": 450\n\t        },\n\t        {\n\t            \"@type\": \"WebSite\",\n\t            \"@id\": \"https:\/\/www.rajapack.es\/blog-es\/#website\",\n\t            \"url\": \"https:\/\/www.rajapack.es\/blog-es\/\",\n\t            \"name\": \"RAJAPACK Blog | Consejos de embalaje, log\u00edstica y m\u00e1s\",\n\t            \"description\": \"Consejos de embalaje, logistica y m\u00e1s\",\n\t            \"publisher\": {\n\t                \"@id\": \"https:\/\/www.rajapack.es\/blog-es\/#organization\"\n\t            },\n\t            \"potentialAction\": [\n\t                {\n\t                    \"@type\": \"SearchAction\",\n\t                    \"target\": {\n\t                        \"@type\": \"EntryPoint\",\n\t                        \"urlTemplate\": \"https:\/\/www.rajapack.es\/blog-es\/?s={search_term_string}\"\n\t                    },\n\t                    \"query-input\": {\n\t                        \"@type\": \"PropertyValueSpecification\",\n\t                        \"valueRequired\": true,\n\t                        \"valueName\": \"search_term_string\"\n\t                    }\n\t                }\n\t            ],\n\t            \"inLanguage\": \"es\"\n\t        },\n\t        {\n\t            \"@type\": \"Organization\",\n\t            \"@id\": \"https:\/\/www.rajapack.es\/blog-es\/#organization\",\n\t            \"name\": \"RAJA ES\",\n\t            \"url\": \"https:\/\/www.rajapack.es\/blog-es\/\",\n\t            \"logo\": {\n\t                \"@type\": \"ImageObject\",\n\t                \"inLanguage\": \"es\",\n\t                \"@id\": \"https:\/\/www.rajapack.es\/blog-es\/#\/schema\/logo\/image\/\",\n\t                \"url\": \"https:\/\/www.rajapack.es\/blog-es\/wp-content\/uploads\/2021\/10\/logo-mobile@3x.png\",\n\t                \"contentUrl\": \"https:\/\/www.rajapack.es\/blog-es\/wp-content\/uploads\/2021\/10\/logo-mobile@3x.png\",\n\t                \"width\": 534,\n\t                \"height\": 114,\n\t                \"caption\": \"RAJA ES\"\n\t            },\n\t            \"image\": {\n\t                \"@id\": \"https:\/\/www.rajapack.es\/blog-es\/#\/schema\/logo\/image\/\"\n\t            },\n\t            \"sameAs\": [\n\t                \"https:\/\/www.facebook.com\/Rajapack.es\",\n\t                \"https:\/\/x.com\/RajapackES\",\n\t                \"https:\/\/www.linkedin.com\/company\/rajapack-spain\/\",\n\t                \"https:\/\/www.youtube.com\/user\/RajapackES\"\n\t            ]\n\t        },\n\t        {\n\t            \"@type\": \"Person\",\n\t            \"@id\": \"https:\/\/www.rajapack.es\/blog-es\/#\/schema\/person\/354d66fd4e68e587bf52f90a52f6e0d3\",\n\t            \"name\": \"Sara Alcaraz G\u00e1lvez\",\n\t            \"image\": {\n\t                \"@type\": \"ImageObject\",\n\t                \"inLanguage\": \"es\",\n\t                \"@id\": \"https:\/\/www.rajapack.es\/blog-es\/#\/schema\/person\/image\/\",\n\t                \"url\": \"https:\/\/secure.gravatar.com\/avatar\/67c8c00f9d1fb8454864b9abb11edc1d?s=96&d=mm&r=g\",\n\t                \"contentUrl\": \"https:\/\/secure.gravatar.com\/avatar\/67c8c00f9d1fb8454864b9abb11edc1d?s=96&d=mm&r=g\",\n\t                \"caption\": \"Sara Alcaraz G\u00e1lvez\"\n\t            },\n\t            \"sameAs\": [\n\t                \"https:\/\/www.linkedin.com\/in\/saraalca\/\"\n\t            ],\n\t            \"url\": \"https:\/\/www.rajapack.es\/blog-es\/author\/saraalcarazgalvez\"\n\t        }\n\t    ]\n\t}<\/script>\n","yoast_head_json":{"title":"RAJAPACK dona embalaje a asociaciones ante la pandemia del coronavirus","description":"Embalajs RAJA dona m\u00e1s de 4.000 embalajes a Farmacias Tr\u00e9bol para garantizar su servicio durante la pandemia del Coronavirus (COVID-19).","robots":{"index":"index","follow":"follow","max-snippet":"max-snippet:-1","max-image-preview":"max-image-preview:large","max-video-preview":"max-video-preview:-1"},"canonical":"https:\/\/www.rajapack.es\/blog-es\/raja-donacion-farmacia-trebol-embalaje","og_locale":"es_ES","og_type":"article","og_title":"RAJAPACK dona embalaje a asociaciones ante la pandemia del coronavirus","og_description":"Embalajs RAJA dona m\u00e1s de 4.000 embalajes a Farmacias Tr\u00e9bol para garantizar su servicio durante la pandemia del Coronavirus (COVID-19).","og_url":"https:\/\/www.rajapack.es\/blog-es\/raja-donacion-farmacia-trebol-embalaje","og_site_name":"RAJAPACK Blog | Consejos de embalaje, log\u00edstica y m\u00e1s","article_publisher":"https:\/\/www.facebook.com\/Rajapack.es","article_published_time":"2020-03-23T10:41:19+00:00","article_modified_time":"2025-09-17T14:53:19+00:00","og_image":[{"width":850,"height":450,"url":"https:\/\/www.rajapack.es\/blog-es\/wp-content\/uploads\/2020\/03\/fachada-blog.jpg","type":"image\/jpeg"}],"author":"Sara Alcaraz G\u00e1lvez","twitter_card":"summary_large_image","twitter_creator":"@RajapackES","twitter_site":"@RajapackES","twitter_misc":{"Escrito por":"Sara Alcaraz G\u00e1lvez","Tiempo de lectura":"5 minutos"},"schema":{"@context":"https:\/\/schema.org","@graph":[{"@type":"Article","@id":"https:\/\/www.rajapack.es\/blog-es\/raja-donacion-farmacia-trebol-embalaje#article","isPartOf":{"@id":"https:\/\/www.rajapack.es\/blog-es\/raja-donacion-farmacia-trebol-embalaje"},"author":{"name":"Sara Alcaraz G\u00e1lvez","@id":"https:\/\/www.rajapack.es\/blog-es\/#\/schema\/person\/354d66fd4e68e587bf52f90a52f6e0d3"},"headline":"RAJAPACK dona embalaje a varias asociaciones ante la pandemia del COVID-19","datePublished":"2020-03-23T10:41:19+00:00","dateModified":"2025-09-17T14:53:19+00:00","mainEntityOfPage":{"@id":"https:\/\/www.rajapack.es\/blog-es\/raja-donacion-farmacia-trebol-embalaje"},"wordCount":1101,"commentCount":0,"publisher":{"@id":"https:\/\/www.rajapack.es\/blog-es\/#organization"},"image":{"@id":"https:\/\/www.rajapack.es\/blog-es\/raja-donacion-farmacia-trebol-embalaje#primaryimage"},"thumbnailUrl":"https:\/\/www.rajapack.es\/blog-es\/wp-content\/uploads\/2020\/03\/fachada-blog.jpg","keywords":["Cajas de cart\u00f3n","Grupo Raja"],"articleSection":["Noticias y eventos"],"inLanguage":"es","potentialAction":[{"@type":"CommentAction","name":"Comment","target":["https:\/\/www.rajapack.es\/blog-es\/raja-donacion-farmacia-trebol-embalaje#respond"]}]},{"@type":"WebPage","@id":"https:\/\/www.rajapack.es\/blog-es\/raja-donacion-farmacia-trebol-embalaje","url":"https:\/\/www.rajapack.es\/blog-es\/raja-donacion-farmacia-trebol-embalaje","name":"RAJAPACK dona embalaje a asociaciones ante la pandemia del coronavirus","isPartOf":{"@id":"https:\/\/www.rajapack.es\/blog-es\/#website"},"primaryImageOfPage":{"@id":"https:\/\/www.rajapack.es\/blog-es\/raja-donacion-farmacia-trebol-embalaje#primaryimage"},"image":{"@id":"https:\/\/www.rajapack.es\/blog-es\/raja-donacion-farmacia-trebol-embalaje#primaryimage"},"thumbnailUrl":"https:\/\/www.rajapack.es\/blog-es\/wp-content\/uploads\/2020\/03\/fachada-blog.jpg","datePublished":"2020-03-23T10:41:19+00:00","dateModified":"2025-09-17T14:53:19+00:00","description":"Embalajs RAJA dona m\u00e1s de 4.000 embalajes a Farmacias Tr\u00e9bol para garantizar su servicio durante la pandemia del Coronavirus (COVID-19).","inLanguage":"es","potentialAction":[{"@type":"ReadAction","target":["https:\/\/www.rajapack.es\/blog-es\/raja-donacion-farmacia-trebol-embalaje"]}]},{"@type":"ImageObject","inLanguage":"es","@id":"https:\/\/www.rajapack.es\/blog-es\/raja-donacion-farmacia-trebol-embalaje#primaryimage","url":"https:\/\/www.rajapack.es\/blog-es\/wp-content\/uploads\/2020\/03\/fachada-blog.jpg","contentUrl":"https:\/\/www.rajapack.es\/blog-es\/wp-content\/uploads\/2020\/03\/fachada-blog.jpg","width":850,"height":450},{"@type":"WebSite","@id":"https:\/\/www.rajapack.es\/blog-es\/#website","url":"https:\/\/www.rajapack.es\/blog-es\/","name":"RAJAPACK Blog | Consejos de embalaje, log\u00edstica y m\u00e1s","description":"Consejos de embalaje, logistica y m\u00e1s","publisher":{"@id":"https:\/\/www.rajapack.es\/blog-es\/#organization"},"potentialAction":[{"@type":"SearchAction","target":{"@type":"EntryPoint","urlTemplate":"https:\/\/www.rajapack.es\/blog-es\/?s={search_term_string}"},"query-input":{"@type":"PropertyValueSpecification","valueRequired":true,"valueName":"search_term_string"}}],"inLanguage":"es"},{"@type":"Organization","@id":"https:\/\/www.rajapack.es\/blog-es\/#organization","name":"RAJA ES","url":"https:\/\/www.rajapack.es\/blog-es\/","logo":{"@type":"ImageObject","inLanguage":"es","@id":"https:\/\/www.rajapack.es\/blog-es\/#\/schema\/logo\/image\/","url":"https:\/\/www.rajapack.es\/blog-es\/wp-content\/uploads\/2021\/10\/logo-mobile@3x.png","contentUrl":"https:\/\/www.rajapack.es\/blog-es\/wp-content\/uploads\/2021\/10\/logo-mobile@3x.png","width":534,"height":114,"caption":"RAJA ES"},"image":{"@id":"https:\/\/www.rajapack.es\/blog-es\/#\/schema\/logo\/image\/"},"sameAs":["https:\/\/www.facebook.com\/Rajapack.es","https:\/\/x.com\/RajapackES","https:\/\/www.linkedin.com\/company\/rajapack-spain\/","https:\/\/www.youtube.com\/user\/RajapackES"]},{"@type":"Person","@id":"https:\/\/www.rajapack.es\/blog-es\/#\/schema\/person\/354d66fd4e68e587bf52f90a52f6e0d3","name":"Sara Alcaraz G\u00e1lvez","image":{"@type":"ImageObject","inLanguage":"es","@id":"https:\/\/www.rajapack.es\/blog-es\/#\/schema\/person\/image\/","url":"https:\/\/secure.gravatar.com\/avatar\/67c8c00f9d1fb8454864b9abb11edc1d?s=96&d=mm&r=g","contentUrl":"https:\/\/secure.gravatar.com\/avatar\/67c8c00f9d1fb8454864b9abb11edc1d?s=96&d=mm&r=g","caption":"Sara Alcaraz G\u00e1lvez"},"sameAs":["https:\/\/www.linkedin.com\/in\/saraalca\/"],"url":"https:\/\/www.rajapack.es\/blog-es\/author\/saraalcarazgalvez"}]}},"_links":{"self":[{"href":"https:\/\/www.rajapack.es\/blog-es\/wp-json\/wp\/v2\/posts\/12041"}],"collection":[{"href":"https:\/\/www.rajapack.es\/blog-es\/wp-json\/wp\/v2\/posts"}],"about":[{"href":"https:\/\/www.rajapack.es\/blog-es\/wp-json\/wp\/v2\/types\/post"}],"author":[{"embeddable":true,"href":"https:\/\/www.rajapack.es\/blog-es\/wp-json\/wp\/v2\/users\/49"}],"replies":[{"embeddable":true,"href":"https:\/\/www.rajapack.es\/blog-es\/wp-json\/wp\/v2\/comments?post=12041"}],"version-history":[{"count":4,"href":"https:\/\/www.rajapack.es\/blog-es\/wp-json\/wp\/v2\/posts\/12041\/revisions"}],"predecessor-version":[{"id":17722,"href":"https:\/\/www.rajapack.es\/blog-es\/wp-json\/wp\/v2\/posts\/12041\/revisions\/17722"}],"wp:featuredmedia":[{"embeddable":true,"href":"https:\/\/www.rajapack.es\/blog-es\/wp-json\/wp\/v2\/media\/12049"}],"wp:attachment":[{"href":"https:\/\/www.rajapack.es\/blog-es\/wp-json\/wp\/v2\/media?parent=12041"}],"wp:term":[{"taxonomy":"category","embeddable":true,"href":"https:\/\/www.rajapack.es\/blog-es\/wp-json\/wp\/v2\/categories?post=12041"},{"taxonomy":"post_tag","embeddable":true,"href":"https:\/\/www.rajapack.es\/blog-es\/wp-json\/wp\/v2\/tags?post=12041"}],"curies":[{"name":"wp","href":"https:\/\/api.w.org\/{rel}","templated":true}]}}