{"id":12094,"date":"2020-04-16T15:26:15","date_gmt":"2020-04-16T13:26:15","guid":{"rendered":"https:\/\/blog-staging-es.raja-group.com\/?p=12094"},"modified":"2022-10-17T00:03:13","modified_gmt":"2022-10-16T22:03:13","slug":"covid-19-embalaje-ecommerce","status":"publish","type":"post","link":"https:\/\/www.rajapack.es\/blog-es\/covid-19-embalaje-ecommerce","title":{"rendered":"Embalaje y gesti\u00f3n de pedidos en e-commerce durante la crisis del coronavirus"},"content":{"rendered":"\n<p>Muchas son las inc\u00f3gnitas que se abren ante la <em>nueva normalidad<\/em> que se instaurar\u00e1 con la remisi\u00f3n de la pandemia del coronavirus. Pero ya hay una certeza innegable, propiciada por la imposici\u00f3n de medidas de distanciamiento social, y que ha venido para quedarse: <strong>el crecimiento de las ventas online<\/strong>. El cierre de establecimientos f\u00edsicos y la prudencia, que aconseja limitar las salidas a la calle, empujan a los consumidores a realizar sus compras desde ordenadores, tablets y smartphones. Para los e-commerces, esto plantea un reto doble:<\/p>\n\n\n\n<ul class=\"wp-block-list\"><li>La <strong>satisfacci\u00f3n de una demanda en aumento<\/strong> en un contexto problem\u00e1tico para desarrollar una actividad laboral fluida, y con dificultades para el suministro de materiales y para las rutas log\u00edsticas.<\/li><li>El <strong>respeto a unas medidas de seguridad e higiene espec\u00edficas<\/strong> en la producci\u00f3n, preparaci\u00f3n y entrega de las mercanc\u00edas para minimizar el riesgo de contagio de empleados, transportistas y clientes.<\/li><\/ul>\n\n\n\n<p>En RAJAPACK queremos estar a tu lado, tanto para facilitarte todos los productos de embalaje que tu empresa necesita en este complejo per\u00edodo, como para ayudarte a enfrentar estos nuevos desaf\u00edos. Sigue leyendo y soluciona tus dudas sobre <em>packaging<\/em> y gesti\u00f3n de pedidos durante la crisis de la COVID-19.<\/p>\n\n\n\n<h2 class=\"wp-block-heading\">E-commerce y coronavirus: \u00bfqu\u00e9 nos espera durante los pr\u00f3ximos meses?<\/h2>\n\n\n\n<p>La consultora Nielsen ha identificado <a href=\"https:\/\/www.nielsen.com\/us\/en\/insights\/article\/2020\/key-consumer-behavior-thresholds-identified-as-the-coronavirus-outbreak-evolves\/\" target=\"_blank\" rel=\"noreferrer noopener nofollow\">seis fases que marcan el comportamiento de las sociedades en el combate de la enfermedad<\/a>. En pa\u00edses como Espa\u00f1a nos encontramos, actualmente, en la quinta, una etapa de <strong>limitaci\u00f3n de movimientos<\/strong> que comporta la realizaci\u00f3n de compras muy espor\u00e1dicas y roturas de stock de algunos productos. Este tiempo precede al per\u00edodo de retorno a la normalidad, marcado por una permanente preocupaci\u00f3n por la salud, el mantenimiento de h\u00e1bitos de higiene y la preferencia por las transacciones online. Todo ello con el fin de evitar los espacios demasiado concurridos, posibles focos de expansi\u00f3n del virus, pero tambi\u00e9n con el prop\u00f3sito de<strong> acceder a mercanc\u00edas agotadas en los establecimientos f\u00edsicos<\/strong> que s\u00ed est\u00e1n disponibles en un trato directo con el productor.<\/p>\n\n\n<div class=\"wp-block-image\">\n<figure class=\"aligncenter size-large\"><img loading=\"lazy\" decoding=\"async\" width=\"600\" height=\"400\" src=\"https:\/\/www.rajapack.es\/blog-es\/wp-content\/uploads\/2020\/04\/preparacion-pedidos-coronavirus.jpg\" alt=\"Preparaci\u00f3n de productos de alimentaci\u00f3n para el env\u00edo durante la crisis del coronavirus\" class=\"wp-image-12105\" srcset=\"https:\/\/www.rajapack.es\/blog-es\/wp-content\/uploads\/2020\/04\/preparacion-pedidos-coronavirus.jpg 600w, https:\/\/www.rajapack.es\/blog-es\/wp-content\/uploads\/2020\/04\/preparacion-pedidos-coronavirus-300x200.jpg 300w, https:\/\/www.rajapack.es\/blog-es\/wp-content\/uploads\/2020\/04\/preparacion-pedidos-coronavirus-338x225.jpg 338w\" sizes=\"(max-width: 600px) 100vw, 600px\" \/><\/figure><\/div>\n\n\n<p>\u00bfC\u00f3mo se refleja la implantaci\u00f3n de medidas de confinamiento en el comercio electr\u00f3nico? Los primeros datos nos apuntan ya algunas claves:<\/p>\n\n\n\n<ul class=\"wp-block-list\"><li>La <strong>adquisici\u00f3n de productos de alimentaci\u00f3n v\u00eda online<\/strong>, casi anecd\u00f3tica hasta el momento en Espa\u00f1a, se ha disparado en nuestro pa\u00eds con la implantaci\u00f3n del estado de alarma. Nielsen constata que el gasto en <a href=\"https:\/\/www.nielsen.com\/eu\/en\/insights\/article\/2020\/covid-19-the-unexpected-catalyst-for-tech-adoption\/\" target=\"_blank\" rel=\"noreferrer noopener nofollow\">compras a trav\u00e9s de Internet de los denominados Fast Moving Consumer Goods<\/a> (comestibles, art\u00edculos de limpieza y de cuidado personal) <strong>se increment\u00f3 en un 62% en la primera semana de la cuarentena<\/strong>, en comparaci\u00f3n con una semana equivalente del a\u00f1o anterior.<\/li><li>A mediados de marzo, <strong>Amazon<\/strong> anunci\u00f3 la contrataci\u00f3n de 100 000 nuevos trabajadores en Estados Unidos para hacer frente al esperado repunte de la demanda. Un mes despu\u00e9s, ha comunicado <a href=\"https:\/\/blog.aboutamazon.com\/company-news\/amazon-hiring-for-additional-75-000-jobs\" target=\"_blank\" rel=\"noreferrer noopener nofollow\">la <strong>incorporaci\u00f3n de 75 000 empleados m\u00e1s<\/strong><\/a>, as\u00ed como una mejora en los salarios de la plantilla.<\/li><\/ul>\n\n\n\n<p>Todo este furor comercial tiene repercusiones en el sector del embalaje. <a href=\"https:\/\/www.fefco.org\/sites\/default\/files\/2020-03_PR%20COVID-19%20Corrugated%20industry%20provides%20sufficient%20transport%20packaging_0.pdf\" target=\"_blank\" rel=\"noreferrer noopener nofollow\">La FEFCO (European Federation of Corrugated Board Manufacturers) ha tranquilizado los \u00e1nimos<\/a>, afirmando que no faltar\u00e1 <a href=\"https:\/\/www.rajapack.es\/blog-es\/carton-corrugado-tipos-usos-embalaje\/\">cart\u00f3n corrugado<\/a> para abastecer a <strong>industrias de sectores estrat\u00e9gicos<\/strong> como la alimentaci\u00f3n, la farmacia o los equipamientos m\u00e9dicos. Por su parte, la Asociaci\u00f3n de Operadores Log\u00edsticos de Elementos Reutilizables Ecosostenibles (ARECO) ha comunicado que, en la segunda quincena de marzo, la <a href=\"http:\/\/www.areco.org.es\/uploads\/noticias\/NP%20aumento%20demanda%20envases%20crisis%20covid19.pdf\" target=\"_blank\" rel=\"noreferrer noopener nofollow\">demanda de cajas reutilizables para la distribuci\u00f3n de productos frescos en Espa\u00f1a<\/a> creci\u00f3 un 25%. Seg\u00fan ARECO, \u201cse movieron alrededor de 12,5 millones m\u00e1s de envases, lo que equivaldr\u00eda a 125 000 toneladas m\u00e1s de productos\u201d.<\/p>\n\n\n\n<h2 class=\"wp-block-heading\">Buenas pr\u00e1cticas en e-commerce para la crisis de la COVID-19<\/h2>\n\n\n\n<p>Para las empresas que disponen de tienda online, mantener la actividad durante el estado de alarma requiere modificar la organizaci\u00f3n del trabajo y tener en cuenta las siguientes <strong>buenas pr\u00e1cticas en e-commerce para estos tiempos de coronavirus<\/strong>:<\/p>\n\n\n\n<h3 class=\"wp-block-heading\">1.&nbsp;&nbsp;&nbsp;&nbsp;&nbsp; Medidas de protecci\u00f3n en la preparaci\u00f3n de pedidos<\/h3>\n\n\n\n<p>La zona de preparaci\u00f3n de pedidos debe disponer de los <a href=\"https:\/\/www.rajapack.es\/higiene-limpieza_C75.html\" target=\"_blank\" rel=\"noreferrer noopener\">productos b\u00e1sicos para la higiene y la seguridad de los operarios<\/a>:<\/p>\n\n\n<div class=\"wp-block-image\">\n<figure class=\"alignright size-large\"><a href=\"https:\/\/www.rajapack.es\/cintas-adhesivas-flejes-colas\/cintas-enmascarar-senalizacion-aislantes\/banda-adhesiva-senalizacion-3m_PDT02330.html\" target=\"_blank\" rel=\"noopener noreferrer\"><img loading=\"lazy\" decoding=\"async\" width=\"300\" height=\"300\" src=\"https:\/\/www.rajapack.es\/blog-es\/wp-content\/uploads\/2020\/04\/cinta-adhesiva-senalizacion-3m.jpg\" alt=\"Cinta adhesiva de se\u00f1alizaci\u00f3n 3M\" class=\"wp-image-12100\" srcset=\"https:\/\/www.rajapack.es\/blog-es\/wp-content\/uploads\/2020\/04\/cinta-adhesiva-senalizacion-3m.jpg 300w, https:\/\/www.rajapack.es\/blog-es\/wp-content\/uploads\/2020\/04\/cinta-adhesiva-senalizacion-3m-120x120.jpg 120w, https:\/\/www.rajapack.es\/blog-es\/wp-content\/uploads\/2020\/04\/cinta-adhesiva-senalizacion-3m-150x150.jpg 150w, https:\/\/www.rajapack.es\/blog-es\/wp-content\/uploads\/2020\/04\/cinta-adhesiva-senalizacion-3m-225x225.jpg 225w, https:\/\/www.rajapack.es\/blog-es\/wp-content\/uploads\/2020\/04\/cinta-adhesiva-senalizacion-3m-100x100.jpg 100w\" sizes=\"(max-width: 300px) 100vw, 300px\" \/><\/a><\/figure><\/div>\n\n\n<ul class=\"wp-block-list\"><li><a href=\"https:\/\/www.rajapack.es\/higiene-limpieza_C75.html\" target=\"_blank\" rel=\"noreferrer noopener\">Accesorios para el lavado frecuente de manos<\/a>, mediante agua y jab\u00f3n o con soluciones hidroalcoh\u00f3licas, y pa\u00f1uelos de usar y tirar.<\/li><li><a href=\"https:\/\/www.rajapack.es\/almacenaje-manutencion-seguridad_C70.html\" target=\"_blank\" rel=\"noreferrer noopener\">Equipos de protecci\u00f3n individual<\/a>, incluyendo <a href=\"https:\/\/www.rajapack.es\/almacenaje-manutencion-seguridad\/guantes-proteccion_C7060.html\" target=\"_blank\" rel=\"noreferrer noopener\">guantes desechables<\/a> que deben ser renovados a menudos. Respecto a las <strong>mascarillas<\/strong>, el Gobierno aclara, en su \u00faltima <a href=\"https:\/\/www.lamoncloa.gob.es\/serviciosdeprensa\/notasprensa\/presidencia\/Paginas\/2020\/10042020_buenaspracticas.aspx\" target=\"_blank\" rel=\"noreferrer noopener\">gu\u00eda de buenas pr\u00e1cticas en los centros de trabajo<\/a>, que su utilizaci\u00f3n no es imprescindible si el tipo de trabajo no lo requiere y si se mantiene una distancia interpersonal m\u00ednima de dos metros.<\/li><li>Se\u00f1alizaci\u00f3n de espacios por medio de <a href=\"https:\/\/www.rajapack.es\/cintas-adhesivas-flejes-colas\/cintas-adhesivas-tecnicas_C5040.html\" target=\"_blank\" rel=\"noreferrer noopener\">cintas adhesivas t\u00e9cnicas<\/a>, que se pegan en el suelo para delimitar la zona de movimiento de cada trabajador. En caso de que no se pueda sostener la separaci\u00f3n aconsejada de dos metros, se recomienda <strong>dividir las plantillas<\/strong> y escalonar los turnos de trabajo; o bien instalar <strong>mamparas<\/strong> que a\u00edslen a unos individuos de otros.<\/li><\/ul>\n\n\n\n<p>El Gobierno, insta, asimismo, a <strong>no compartir equipos<\/strong> en la medida de lo posible; y a <strong>desinfectar a diario<\/strong> el mobiliario, las herramientas y el suelo con <a href=\"https:\/\/www.mscbs.gob.es\/profesionales\/saludPublica\/ccayes\/alertasActual\/nCov-China\/documentos\/Listado_virucidas.pdf\" target=\"_blank\" rel=\"noreferrer noopener\">estos virucidas autorizados<\/a>.<\/p>\n\n\n\n<h3 class=\"wp-block-heading\">2.&nbsp;&nbsp;&nbsp;&nbsp;&nbsp; Actualizaci\u00f3n de las condiciones del servicio en el sitio web<\/h3>\n\n\n\n<p>La falta de suministros, las restricciones en el reparto o la menor disponibilidad de mano de obra afectan, por fuerza, al servicio de un e-commerce durante el estado de alarma. Ante esta contingencia, <strong>transparencia<\/strong>. Informa a tus clientes mediante mensajes destacados en la <em>home<\/em> de tu sitio web y en las p\u00e1ginas de producto de:<\/p>\n\n\n\n<ul class=\"wp-block-list\"><li>La disponibilidad de los diferentes art\u00edculos.<\/li><li>El tiempo de entrega previsto, y si cabe esperar que haya retrasos.<\/li><li>Las medidas de seguridad en los protocolos de gesti\u00f3n de pedidos y de env\u00edo de cada paquete.<\/li><li>La opci\u00f3n de recibir los productos cuando la situaci\u00f3n se haya normalizado, o de acceder a un reembolso si no se dispone de ellos en un plazo determinado.<\/li><li>Las condiciones de desistimiento, devoluci\u00f3n y aplicaci\u00f3n de garant\u00edas.<\/li><\/ul>\n\n\n\n<p>Una excelente herramienta para mantener el contacto con tus clientes y, a la vez, comunicarles cualquier novedad relacionada con tu comercio electr\u00f3nico son las <strong><em>newsletters<\/em><\/strong>. Acost\u00fambrate a planificar boletines que visiten peri\u00f3dicamente el buz\u00f3n de tus suscriptores.<\/p>\n\n\n\n<h3 class=\"wp-block-heading\">3.&nbsp;&nbsp;&nbsp;&nbsp;&nbsp; Elecci\u00f3n de embalajes que simplifican el reparto<\/h3>\n\n\n\n<p>La actividad de <strong>Correos<\/strong> y de las <strong>principales empresas de mensajer\u00eda<\/strong> se ha visto afectada por las disposiciones del Gobierno estatal. En el caso de la compa\u00f1\u00eda p\u00fablica, se han dictado <a href=\"https:\/\/www.correos.com\/sala-prensa\/correos-adopta-medidas-extraordinarias\/\" target=\"_blank\" rel=\"noreferrer noopener\">medidas extraordinarias<\/a> que suspenden los repartos en s\u00e1bado y cancelan los turnos de tarde, concentrando las tareas de distribuci\u00f3n por las ma\u00f1anas y organiz\u00e1ndolas con el <strong>personal m\u00ednimo imprescindible<\/strong>. <a href=\"https:\/\/www.correos.es\/ss\/Satellite\/site\/pagina-1363205018300\/sidioma=es_ES\" target=\"_blank\" rel=\"noreferrer noopener\">En este enlace se pueden consultar las incidencias en vigor<\/a> relacionadas con la emergencia de la COVID-19.<\/p>\n\n\n<div class=\"wp-block-image\">\n<figure class=\"aligncenter size-large\"><img loading=\"lazy\" decoding=\"async\" width=\"600\" height=\"367\" src=\"https:\/\/www.rajapack.es\/blog-es\/wp-content\/uploads\/2020\/04\/reparto-pedidos-ecommerce-coronavirus.jpg\" alt=\"Mensajera con equipos de protecci\u00f3n contra el coronavirus con un paquete en el almac\u00e9n\" class=\"wp-image-12106\" srcset=\"https:\/\/www.rajapack.es\/blog-es\/wp-content\/uploads\/2020\/04\/reparto-pedidos-ecommerce-coronavirus.jpg 600w, https:\/\/www.rajapack.es\/blog-es\/wp-content\/uploads\/2020\/04\/reparto-pedidos-ecommerce-coronavirus-300x184.jpg 300w, https:\/\/www.rajapack.es\/blog-es\/wp-content\/uploads\/2020\/04\/reparto-pedidos-ecommerce-coronavirus-368x225.jpg 368w\" sizes=\"(max-width: 600px) 100vw, 600px\" \/><\/figure><\/div>\n\n\n<p>Los comercios electr\u00f3nicos tienen en su mano seleccionar los productos de <a href=\"https:\/\/www.rajapack.es\/embalajes-tiendas-online_cms_000068.html\" target=\"_blank\" rel=\"noreferrer noopener\">embalaje para e-commerce<\/a> m\u00e1s apropiados, que hagan m\u00e1s f\u00e1cil la tarea de los transportistas. Algunos consejos \u00fatiles son:<\/p>\n\n\n\n<ul class=\"wp-block-list\"><li><a href=\"https:\/\/www.rajapack.es\/relleno-proteccion_C40.html\" target=\"_blank\" rel=\"noreferrer noopener\">Reforzar la <strong>protecci\u00f3n<\/strong> de los objetos<\/a> con pl\u00e1stico de burbujas, chips de relleno o papel kraft para prevenir los da\u00f1os durante el traslado.<\/li><li>Encajar, en la medida de lo posible, los pedidos en <a href=\"https:\/\/www.rajapack.es\/sobres-bolsas-tubos-envio_C20.html\" target=\"_blank\" rel=\"noreferrer noopener\"><strong>sobres<\/strong><\/a><strong> o estuches<\/strong>. De esta forma, los repartidores podr\u00e1n depositarlos en el <strong>buz\u00f3n<\/strong>, sin necesidad de mantener contacto f\u00edsico alguno con el receptor y completando m\u00e1s r\u00e1pido su ruta de distribuci\u00f3n.<\/li><\/ul>\n\n\n\n<h3 class=\"wp-block-heading\">4.&nbsp;&nbsp;&nbsp;&nbsp;&nbsp; Uso de embalajes que facilitan las devoluciones<\/h3>\n\n\n\n<p>Cabe esperar que, cuando se d\u00e9 por terminado el estado de alarma, una gran cantidad de consumidores quiera <strong>devolver art\u00edculos que ha comprado online durante la cuarentena<\/strong>. Para, una vez m\u00e1s, facilitarle los tr\u00e1mites tanto a particulares como a empresas de mensajer\u00eda, s\u00e9 previsor ahora y haz llegar tus productos en contenedores que simplifiquen la log\u00edstica inversa, como <a href=\"https:\/\/www.rajapack.es\/embalajes-tiendas-online\/facilitar-gestion-devoluciones_C9634.html\" target=\"_blank\" rel=\"noreferrer noopener\">estos <strong>embalajes de ida y vuelta<\/strong> de RAJAPACK<\/a>.<\/p>\n\n\n<div class=\"wp-block-image\">\n<figure class=\"aligncenter size-large\"><a href=\"https:\/\/www.rajapack.es\/cajas-carton-contenedores-cajas-postales\/cajas-carton-cajas-americanas\/caja-a-fondo-automatico-y-doble-banda-adhesiva_OFF_ES_0629.html\" target=\"_blank\" rel=\"noopener noreferrer\"><img loading=\"lazy\" decoding=\"async\" width=\"300\" height=\"300\" src=\"https:\/\/www.rajapack.es\/blog-es\/wp-content\/uploads\/2019\/11\/caja-ida-vuelta.jpg\" alt=\"Caja de cart\u00f3n de ida y vuelta con doble cierre adhesivo\" class=\"wp-image-11590\" srcset=\"https:\/\/www.rajapack.es\/blog-es\/wp-content\/uploads\/2019\/11\/caja-ida-vuelta.jpg 300w, https:\/\/www.rajapack.es\/blog-es\/wp-content\/uploads\/2019\/11\/caja-ida-vuelta-120x120.jpg 120w, https:\/\/www.rajapack.es\/blog-es\/wp-content\/uploads\/2019\/11\/caja-ida-vuelta-150x150.jpg 150w, https:\/\/www.rajapack.es\/blog-es\/wp-content\/uploads\/2019\/11\/caja-ida-vuelta-225x225.jpg 225w, https:\/\/www.rajapack.es\/blog-es\/wp-content\/uploads\/2019\/11\/caja-ida-vuelta-100x100.jpg 100w\" sizes=\"(max-width: 300px) 100vw, 300px\" \/><\/a><\/figure><\/div>\n\n\n<h3 class=\"wp-block-heading\">5.&nbsp;&nbsp;&nbsp;&nbsp;&nbsp; La presentaci\u00f3n sigue importando\u2026 y quiz\u00e1s m\u00e1s que nunca<\/h3>\n\n\n\n<p>Ante la imposibilidad de interacci\u00f3n f\u00edsica, dialogar con tus clientes a trav\u00e9s de <strong>una presentaci\u00f3n espectacular de tus pedidos<\/strong> cobra hoy m\u00e1s importancia que nunca. Por eso, te invitamos a recordar <a href=\"https:\/\/www.rajapack.es\/blog-es\/8-claves-paquete-perfecto-envio-ecommerce\/\">las 8 claves del paquete perfecto para un env\u00edo e-commerce<\/a> y a no descuidarlas. Qu\u00e9 mejor manera que seguir confiando en <em>packaging<\/em> EcoResponsable, o que incluir notas personalizadas con mensajes de \u00e1nimo para esta cuarentena, para mimar la relaci\u00f3n de confianza entre tu marca y sus fieles.<\/p>\n\n\n\n<h3 class=\"wp-block-heading\">6.&nbsp;&nbsp;&nbsp;&nbsp;&nbsp; Normas de seguridad en la entrega a domicilio<\/h3>\n\n\n\n<p>Finalmente, hay que tener presentes una serie de medidas preventivas en el \u00faltimo eslab\u00f3n de la cadena del comercio electr\u00f3nico: la <strong>entrega a domicilio<\/strong>. Para ello, las autoridades transmiten estas recomendaciones:<\/p>\n\n\n\n<h4 class=\"wp-block-heading\">Consejos para los repartidores<\/h4>\n\n\n\n<ul class=\"wp-block-list\"><li>Depositar siempre los env\u00edos en el <strong>buz\u00f3n<\/strong>, salvo que no quepan en en este recept\u00e1culo o que sean de entrega exclusiva al destinatario.<\/li><li>Llamar al timbre y desplazarse unos pasos hacia atr\u00e1s antes de que el interlocutor abra la puerta.<\/li><li>Anotar en la PDA los datos del receptor (nombre, apellidos y DNI) y registrar la recogida <strong>sin firma<\/strong>.<\/li><li>Dejar el paquete sobre el felpudo, el suelo o el mostrador, respetando la distancia de seguridad.<\/li><li>Trabajar en solitario, desplaz\u00e1ndose tan solo <strong>un transportista por veh\u00edculo<\/strong>; y desinfectar este \u00faltimo diariamente.<\/li><\/ul>\n\n\n\n<h4 class=\"wp-block-heading\">Consejos para los consumidores<\/h4>\n\n\n\n<ul class=\"wp-block-list\"><li>Aguardar unos segundos antes de abrir la puerta para que el repartidor disponga de margen para alejarse.<\/li><li>Elegir el <strong>pago online en el momento de la compra<\/strong> o, si hay que optar por el pago contra reembolso, abonar el importe con tarjeta o v\u00eda app m\u00f3vil.<\/li><li>Esperar a que el mensajero se marche para coger el paquete e introducirlo en el hogar.<\/li><li>Para extraer los productos, abrir el paquete, <strong>lavarse las manos<\/strong>, sacar los art\u00edculos, desechar el embalaje, e higienizar las manos de nuevo antes de manipular los objetos. Limpiar cuidadosamente la superficie sobre la que haya descansado el env\u00edo.<\/li><\/ul>\n\n\n<div class=\"wp-block-image\">\n<figure class=\"aligncenter size-large\"><img loading=\"lazy\" decoding=\"async\" width=\"600\" height=\"400\" src=\"https:\/\/www.rajapack.es\/blog-es\/wp-content\/uploads\/2020\/04\/recogida-paquete-coronavirus.jpg\" alt=\"Una cliente recoge un paquete depositado en la puerta como precauci\u00f3n ante el coronavirus\" class=\"wp-image-12108\" srcset=\"https:\/\/www.rajapack.es\/blog-es\/wp-content\/uploads\/2020\/04\/recogida-paquete-coronavirus.jpg 600w, https:\/\/www.rajapack.es\/blog-es\/wp-content\/uploads\/2020\/04\/recogida-paquete-coronavirus-300x200.jpg 300w, https:\/\/www.rajapack.es\/blog-es\/wp-content\/uploads\/2020\/04\/recogida-paquete-coronavirus-338x225.jpg 338w\" sizes=\"(max-width: 600px) 100vw, 600px\" \/><\/figure><\/div>\n\n\n<h2 class=\"wp-block-heading\">RAJAPACK, tu proveedor de embalaje 100% operativo, ahora y siempre<\/h2>\n\n\n\n<p>En RAJAPACK somos conscientes del <strong>papel central que desempe\u00f1a el embalaje durante la crisis del coronavirus<\/strong>. Por eso, estamos colaborando con <a href=\"https:\/\/www.rajapack.es\/blog-es\/raja-donacion-farmacia-trebol-embalaje\/\">donaciones que hacen posible el env\u00edo de productos de primera necesidad<\/a>, y continuamos abiertos, trabajando a pleno rendimiento y <strong>100% operativos durante el estado de alarma<\/strong>.<\/p>\n\n\n\n<p>P\u00eddenos lo que necesites para la <strong>preparaci\u00f3n de tus pedidos<\/strong>. Ayudaremos a tu e-commerce a continuar funcionando con \u00e9xito en esta etapa de lucha contra la COVID-19. \u00a1Contacta con nosotros!<\/p>\n\n\n<div class=\"wp-block-image\">\n<figure class=\"aligncenter size-large\"><a href=\"https:\/\/www.rajapack.es\/embalajes-tiendas-online_cms_000068.html\" target=\"_blank\" rel=\"noopener noreferrer\"><img loading=\"lazy\" decoding=\"async\" width=\"850\" height=\"277\" src=\"https:\/\/www.rajapack.es\/blog-es\/wp-content\/uploads\/2019\/08\/CTA-Embalaje-para-ecommerceB.jpg\" alt=\"Embalaje para e-commerce: siempre en stock en RAJA\" class=\"wp-image-11283\" srcset=\"https:\/\/www.rajapack.es\/blog-es\/wp-content\/uploads\/2019\/08\/CTA-Embalaje-para-ecommerceB.jpg 850w, https:\/\/www.rajapack.es\/blog-es\/wp-content\/uploads\/2019\/08\/CTA-Embalaje-para-ecommerceB-300x98.jpg 300w, https:\/\/www.rajapack.es\/blog-es\/wp-content\/uploads\/2019\/08\/CTA-Embalaje-para-ecommerceB-768x250.jpg 768w, https:\/\/www.rajapack.es\/blog-es\/wp-content\/uploads\/2019\/08\/CTA-Embalaje-para-ecommerceB-375x122.jpg 375w\" sizes=\"(max-width: 850px) 100vw, 850px\" \/><\/a><\/figure><\/div>","protected":false},"excerpt":{"rendered":"<p>La crisis del coronavirus y las medidas de confinamiento que ha tra\u00eddo consigo est\u00e1n disparando las ventas del comercio electr\u00f3nico en un gran n\u00famero de pa\u00edses, Espa\u00f1a incluida. \u00bfQu\u00e9 embalaje usar para facilitar la preparaci\u00f3n y entrega de los pedidos y qu\u00e9 medidas de seguridad tomar para garantizar la salud de trabajadores, repartidores y clientes? En RAJAPACK tenemos las respuestas.<\/p>\n","protected":false},"author":31,"featured_media":12110,"comment_status":"open","ping_status":"open","sticky":false,"template":"","format":"standard","meta":{"_acf_changed":false,"footnotes":""},"categories":[4],"tags":[101,106],"class_list":["post-12094","post","type-post","status-publish","format-standard","has-post-thumbnail","hentry","category-embalaje","tag-ecommerce","tag-embalajes"],"acf":[],"yoast_head":"\n<title>COVID-19: claves del embalaje para e-commerce - RAJAPACK<\/title>\n<meta name=\"description\" content=\"\u00bfQu\u00e9 embalaje usar en tu e-commerce y c\u00f3mo abordar la preparaci\u00f3n y entrega de pedidos durante la crisis del coronavirus? RAJAPACK responde.\" \/>\n<meta name=\"robots\" content=\"index, follow, max-snippet:-1, max-image-preview:large, max-video-preview:-1\" \/>\n<link rel=\"canonical\" href=\"https:\/\/www.rajapack.es\/blog-es\/covid-19-embalaje-ecommerce\" \/>\n<meta property=\"og:locale\" content=\"es_ES\" \/>\n<meta property=\"og:type\" content=\"article\" \/>\n<meta property=\"og:title\" content=\"COVID-19: claves del embalaje para e-commerce - RAJAPACK\" \/>\n<meta property=\"og:description\" content=\"\u00bfQu\u00e9 embalaje usar en tu e-commerce y c\u00f3mo abordar la preparaci\u00f3n y entrega de pedidos durante la crisis del coronavirus? RAJAPACK responde.\" \/>\n<meta property=\"og:url\" content=\"https:\/\/www.rajapack.es\/blog-es\/covid-19-embalaje-ecommerce\" \/>\n<meta property=\"og:site_name\" content=\"RAJAPACK Blog | Consejos de embalaje, log\u00edstica y m\u00e1s\" \/>\n<meta property=\"article:publisher\" content=\"https:\/\/www.facebook.com\/Rajapack.es\" \/>\n<meta property=\"article:published_time\" content=\"2020-04-16T13:26:15+00:00\" \/>\n<meta property=\"article:modified_time\" content=\"2022-10-16T22:03:13+00:00\" \/>\n<meta property=\"og:image\" content=\"https:\/\/www.rajapack.es\/blog-es\/wp-content\/uploads\/2020\/04\/embalaje-ecommerce-coronavirus.jpg\" \/>\n\t<meta property=\"og:image:width\" content=\"850\" \/>\n\t<meta property=\"og:image:height\" content=\"450\" \/>\n\t<meta property=\"og:image:type\" content=\"image\/jpeg\" \/>\n<meta name=\"author\" content=\"Beatriz GONZALES\" \/>\n<meta name=\"twitter:card\" content=\"summary_large_image\" \/>\n<meta name=\"twitter:creator\" content=\"@RajapackES\" \/>\n<meta name=\"twitter:site\" content=\"@RajapackES\" \/>\n<meta name=\"twitter:label1\" content=\"Escrito por\" \/>\n\t<meta name=\"twitter:data1\" content=\"Beatriz GONZALES\" \/>\n\t<meta name=\"twitter:label2\" content=\"Tiempo de lectura\" \/>\n\t<meta name=\"twitter:data2\" content=\"9 minutos\" \/>\n<script type=\"application\/ld+json\" class=\"yoast-schema-graph\">{\n\t    \"@context\": \"https:\/\/schema.org\",\n\t    \"@graph\": [\n\t        {\n\t            \"@type\": \"Article\",\n\t            \"@id\": \"https:\/\/www.rajapack.es\/blog-es\/covid-19-embalaje-ecommerce#article\",\n\t            \"isPartOf\": {\n\t                \"@id\": \"https:\/\/www.rajapack.es\/blog-es\/covid-19-embalaje-ecommerce\"\n\t            },\n\t            \"author\": {\n\t                \"name\": \"Beatriz GONZALES\",\n\t                \"@id\": \"https:\/\/www.rajapack.es\/blog-es\/#\/schema\/person\/9fac94e7fcd0aa6d015f7202bd4e2b0f\"\n\t            },\n\t            \"headline\": \"Embalaje y gesti\u00f3n de pedidos en e-commerce durante la crisis del coronavirus\",\n\t            \"datePublished\": \"2020-04-16T13:26:15+00:00\",\n\t            \"dateModified\": \"2022-10-16T22:03:13+00:00\",\n\t            \"mainEntityOfPage\": {\n\t                \"@id\": \"https:\/\/www.rajapack.es\/blog-es\/covid-19-embalaje-ecommerce\"\n\t            },\n\t            \"wordCount\": 1831,\n\t            \"commentCount\": 0,\n\t            \"publisher\": {\n\t                \"@id\": \"https:\/\/www.rajapack.es\/blog-es\/#organization\"\n\t            },\n\t            \"image\": {\n\t                \"@id\": \"https:\/\/www.rajapack.es\/blog-es\/covid-19-embalaje-ecommerce#primaryimage\"\n\t            },\n\t            \"thumbnailUrl\": \"https:\/\/www.rajapack.es\/blog-es\/wp-content\/uploads\/2020\/04\/embalaje-ecommerce-coronavirus.jpg\",\n\t            \"keywords\": [\n\t                \"ecommerce\",\n\t                \"embalajes\"\n\t            ],\n\t            \"articleSection\": [\n\t                \"Novedades &amp; Consejos de embalaje\"\n\t            ],\n\t            \"inLanguage\": \"es\",\n\t            \"potentialAction\": [\n\t                {\n\t                    \"@type\": \"CommentAction\",\n\t                    \"name\": \"Comment\",\n\t                    \"target\": [\n\t                        \"https:\/\/www.rajapack.es\/blog-es\/covid-19-embalaje-ecommerce#respond\"\n\t                    ]\n\t                }\n\t            ]\n\t        },\n\t        {\n\t            \"@type\": \"WebPage\",\n\t            \"@id\": \"https:\/\/www.rajapack.es\/blog-es\/covid-19-embalaje-ecommerce\",\n\t            \"url\": \"https:\/\/www.rajapack.es\/blog-es\/covid-19-embalaje-ecommerce\",\n\t            \"name\": \"COVID-19: claves del embalaje para e-commerce - RAJAPACK\",\n\t            \"isPartOf\": {\n\t                \"@id\": \"https:\/\/www.rajapack.es\/blog-es\/#website\"\n\t            },\n\t            \"primaryImageOfPage\": {\n\t                \"@id\": \"https:\/\/www.rajapack.es\/blog-es\/covid-19-embalaje-ecommerce#primaryimage\"\n\t            },\n\t            \"image\": {\n\t                \"@id\": \"https:\/\/www.rajapack.es\/blog-es\/covid-19-embalaje-ecommerce#primaryimage\"\n\t            },\n\t            \"thumbnailUrl\": \"https:\/\/www.rajapack.es\/blog-es\/wp-content\/uploads\/2020\/04\/embalaje-ecommerce-coronavirus.jpg\",\n\t            \"datePublished\": \"2020-04-16T13:26:15+00:00\",\n\t            \"dateModified\": \"2022-10-16T22:03:13+00:00\",\n\t            \"description\": \"\u00bfQu\u00e9 embalaje usar en tu e-commerce y c\u00f3mo abordar la preparaci\u00f3n y entrega de pedidos durante la crisis del coronavirus? RAJAPACK responde.\",\n\t            \"inLanguage\": \"es\",\n\t            \"potentialAction\": [\n\t                {\n\t                    \"@type\": \"ReadAction\",\n\t                    \"target\": [\n\t                        \"https:\/\/www.rajapack.es\/blog-es\/covid-19-embalaje-ecommerce\"\n\t                    ]\n\t                }\n\t            ]\n\t        },\n\t        {\n\t            \"@type\": \"ImageObject\",\n\t            \"inLanguage\": \"es\",\n\t            \"@id\": \"https:\/\/www.rajapack.es\/blog-es\/covid-19-embalaje-ecommerce#primaryimage\",\n\t            \"url\": \"https:\/\/www.rajapack.es\/blog-es\/wp-content\/uploads\/2020\/04\/embalaje-ecommerce-coronavirus.jpg\",\n\t            \"contentUrl\": \"https:\/\/www.rajapack.es\/blog-es\/wp-content\/uploads\/2020\/04\/embalaje-ecommerce-coronavirus.jpg\",\n\t            \"width\": 850,\n\t            \"height\": 450,\n\t            \"caption\": \"Embalaje y gesti\u00f3n de pedidos en e-commerce durante la crisis del coronavirus\"\n\t        },\n\t        {\n\t            \"@type\": \"WebSite\",\n\t            \"@id\": \"https:\/\/www.rajapack.es\/blog-es\/#website\",\n\t            \"url\": \"https:\/\/www.rajapack.es\/blog-es\/\",\n\t            \"name\": \"RAJAPACK Blog | Consejos de embalaje, log\u00edstica y m\u00e1s\",\n\t            \"description\": \"Consejos de embalaje, logistica y m\u00e1s\",\n\t            \"publisher\": {\n\t                \"@id\": \"https:\/\/www.rajapack.es\/blog-es\/#organization\"\n\t            },\n\t            \"potentialAction\": [\n\t                {\n\t                    \"@type\": \"SearchAction\",\n\t                    \"target\": {\n\t                        \"@type\": \"EntryPoint\",\n\t                        \"urlTemplate\": \"https:\/\/www.rajapack.es\/blog-es\/?s={search_term_string}\"\n\t                    },\n\t                    \"query-input\": {\n\t                        \"@type\": \"PropertyValueSpecification\",\n\t                        \"valueRequired\": true,\n\t                        \"valueName\": \"search_term_string\"\n\t                    }\n\t                }\n\t            ],\n\t            \"inLanguage\": \"es\"\n\t        },\n\t        {\n\t            \"@type\": \"Organization\",\n\t            \"@id\": \"https:\/\/www.rajapack.es\/blog-es\/#organization\",\n\t            \"name\": \"RAJA ES\",\n\t            \"url\": \"https:\/\/www.rajapack.es\/blog-es\/\",\n\t            \"logo\": {\n\t                \"@type\": \"ImageObject\",\n\t                \"inLanguage\": \"es\",\n\t                \"@id\": \"https:\/\/www.rajapack.es\/blog-es\/#\/schema\/logo\/image\/\",\n\t                \"url\": \"https:\/\/www.rajapack.es\/blog-es\/wp-content\/uploads\/2021\/10\/logo-mobile@3x.png\",\n\t                \"contentUrl\": \"https:\/\/www.rajapack.es\/blog-es\/wp-content\/uploads\/2021\/10\/logo-mobile@3x.png\",\n\t                \"width\": 534,\n\t                \"height\": 114,\n\t                \"caption\": \"RAJA ES\"\n\t            },\n\t            \"image\": {\n\t                \"@id\": \"https:\/\/www.rajapack.es\/blog-es\/#\/schema\/logo\/image\/\"\n\t            },\n\t            \"sameAs\": [\n\t                \"https:\/\/www.facebook.com\/Rajapack.es\",\n\t                \"https:\/\/x.com\/RajapackES\",\n\t                \"https:\/\/www.linkedin.com\/company\/rajapack-spain\/\",\n\t                \"https:\/\/www.youtube.com\/user\/RajapackES\"\n\t            ]\n\t        },\n\t        {\n\t            \"@type\": \"Person\",\n\t            \"@id\": \"https:\/\/www.rajapack.es\/blog-es\/#\/schema\/person\/9fac94e7fcd0aa6d015f7202bd4e2b0f\",\n\t            \"name\": \"Beatriz GONZALES\",\n\t            \"image\": {\n\t                \"@type\": \"ImageObject\",\n\t                \"inLanguage\": \"es\",\n\t                \"@id\": \"https:\/\/www.rajapack.es\/blog-es\/#\/schema\/person\/image\/\",\n\t                \"url\": \"https:\/\/secure.gravatar.com\/avatar\/8d60a8c60719946f0508b6546da3680b?s=96&d=mm&r=g\",\n\t                \"contentUrl\": \"https:\/\/secure.gravatar.com\/avatar\/8d60a8c60719946f0508b6546da3680b?s=96&d=mm&r=g\",\n\t                \"caption\": \"Beatriz GONZALES\"\n\t            },\n\t            \"description\": \"User Wordpress\",\n\t            \"url\": \"https:\/\/www.rajapack.es\/blog-es\/author\/beatriz-gonzales\"\n\t        }\n\t    ]\n\t}<\/script>\n","yoast_head_json":{"title":"COVID-19: claves del embalaje para e-commerce - RAJAPACK","description":"\u00bfQu\u00e9 embalaje usar en tu e-commerce y c\u00f3mo abordar la preparaci\u00f3n y entrega de pedidos durante la crisis del coronavirus? RAJAPACK responde.","robots":{"index":"index","follow":"follow","max-snippet":"max-snippet:-1","max-image-preview":"max-image-preview:large","max-video-preview":"max-video-preview:-1"},"canonical":"https:\/\/www.rajapack.es\/blog-es\/covid-19-embalaje-ecommerce","og_locale":"es_ES","og_type":"article","og_title":"COVID-19: claves del embalaje para e-commerce - RAJAPACK","og_description":"\u00bfQu\u00e9 embalaje usar en tu e-commerce y c\u00f3mo abordar la preparaci\u00f3n y entrega de pedidos durante la crisis del coronavirus? RAJAPACK responde.","og_url":"https:\/\/www.rajapack.es\/blog-es\/covid-19-embalaje-ecommerce","og_site_name":"RAJAPACK Blog | Consejos de embalaje, log\u00edstica y m\u00e1s","article_publisher":"https:\/\/www.facebook.com\/Rajapack.es","article_published_time":"2020-04-16T13:26:15+00:00","article_modified_time":"2022-10-16T22:03:13+00:00","og_image":[{"width":850,"height":450,"url":"https:\/\/www.rajapack.es\/blog-es\/wp-content\/uploads\/2020\/04\/embalaje-ecommerce-coronavirus.jpg","type":"image\/jpeg"}],"author":"Beatriz GONZALES","twitter_card":"summary_large_image","twitter_creator":"@RajapackES","twitter_site":"@RajapackES","twitter_misc":{"Escrito por":"Beatriz GONZALES","Tiempo de lectura":"9 minutos"},"schema":{"@context":"https:\/\/schema.org","@graph":[{"@type":"Article","@id":"https:\/\/www.rajapack.es\/blog-es\/covid-19-embalaje-ecommerce#article","isPartOf":{"@id":"https:\/\/www.rajapack.es\/blog-es\/covid-19-embalaje-ecommerce"},"author":{"name":"Beatriz GONZALES","@id":"https:\/\/www.rajapack.es\/blog-es\/#\/schema\/person\/9fac94e7fcd0aa6d015f7202bd4e2b0f"},"headline":"Embalaje y gesti\u00f3n de pedidos en e-commerce durante la crisis del coronavirus","datePublished":"2020-04-16T13:26:15+00:00","dateModified":"2022-10-16T22:03:13+00:00","mainEntityOfPage":{"@id":"https:\/\/www.rajapack.es\/blog-es\/covid-19-embalaje-ecommerce"},"wordCount":1831,"commentCount":0,"publisher":{"@id":"https:\/\/www.rajapack.es\/blog-es\/#organization"},"image":{"@id":"https:\/\/www.rajapack.es\/blog-es\/covid-19-embalaje-ecommerce#primaryimage"},"thumbnailUrl":"https:\/\/www.rajapack.es\/blog-es\/wp-content\/uploads\/2020\/04\/embalaje-ecommerce-coronavirus.jpg","keywords":["ecommerce","embalajes"],"articleSection":["Novedades &amp; Consejos de embalaje"],"inLanguage":"es","potentialAction":[{"@type":"CommentAction","name":"Comment","target":["https:\/\/www.rajapack.es\/blog-es\/covid-19-embalaje-ecommerce#respond"]}]},{"@type":"WebPage","@id":"https:\/\/www.rajapack.es\/blog-es\/covid-19-embalaje-ecommerce","url":"https:\/\/www.rajapack.es\/blog-es\/covid-19-embalaje-ecommerce","name":"COVID-19: claves del embalaje para e-commerce - RAJAPACK","isPartOf":{"@id":"https:\/\/www.rajapack.es\/blog-es\/#website"},"primaryImageOfPage":{"@id":"https:\/\/www.rajapack.es\/blog-es\/covid-19-embalaje-ecommerce#primaryimage"},"image":{"@id":"https:\/\/www.rajapack.es\/blog-es\/covid-19-embalaje-ecommerce#primaryimage"},"thumbnailUrl":"https:\/\/www.rajapack.es\/blog-es\/wp-content\/uploads\/2020\/04\/embalaje-ecommerce-coronavirus.jpg","datePublished":"2020-04-16T13:26:15+00:00","dateModified":"2022-10-16T22:03:13+00:00","description":"\u00bfQu\u00e9 embalaje usar en tu e-commerce y c\u00f3mo abordar la preparaci\u00f3n y entrega de pedidos durante la crisis del coronavirus? RAJAPACK responde.","inLanguage":"es","potentialAction":[{"@type":"ReadAction","target":["https:\/\/www.rajapack.es\/blog-es\/covid-19-embalaje-ecommerce"]}]},{"@type":"ImageObject","inLanguage":"es","@id":"https:\/\/www.rajapack.es\/blog-es\/covid-19-embalaje-ecommerce#primaryimage","url":"https:\/\/www.rajapack.es\/blog-es\/wp-content\/uploads\/2020\/04\/embalaje-ecommerce-coronavirus.jpg","contentUrl":"https:\/\/www.rajapack.es\/blog-es\/wp-content\/uploads\/2020\/04\/embalaje-ecommerce-coronavirus.jpg","width":850,"height":450,"caption":"Embalaje y gesti\u00f3n de pedidos en e-commerce durante la crisis del coronavirus"},{"@type":"WebSite","@id":"https:\/\/www.rajapack.es\/blog-es\/#website","url":"https:\/\/www.rajapack.es\/blog-es\/","name":"RAJAPACK Blog | Consejos de embalaje, log\u00edstica y m\u00e1s","description":"Consejos de embalaje, logistica y m\u00e1s","publisher":{"@id":"https:\/\/www.rajapack.es\/blog-es\/#organization"},"potentialAction":[{"@type":"SearchAction","target":{"@type":"EntryPoint","urlTemplate":"https:\/\/www.rajapack.es\/blog-es\/?s={search_term_string}"},"query-input":{"@type":"PropertyValueSpecification","valueRequired":true,"valueName":"search_term_string"}}],"inLanguage":"es"},{"@type":"Organization","@id":"https:\/\/www.rajapack.es\/blog-es\/#organization","name":"RAJA ES","url":"https:\/\/www.rajapack.es\/blog-es\/","logo":{"@type":"ImageObject","inLanguage":"es","@id":"https:\/\/www.rajapack.es\/blog-es\/#\/schema\/logo\/image\/","url":"https:\/\/www.rajapack.es\/blog-es\/wp-content\/uploads\/2021\/10\/logo-mobile@3x.png","contentUrl":"https:\/\/www.rajapack.es\/blog-es\/wp-content\/uploads\/2021\/10\/logo-mobile@3x.png","width":534,"height":114,"caption":"RAJA ES"},"image":{"@id":"https:\/\/www.rajapack.es\/blog-es\/#\/schema\/logo\/image\/"},"sameAs":["https:\/\/www.facebook.com\/Rajapack.es","https:\/\/x.com\/RajapackES","https:\/\/www.linkedin.com\/company\/rajapack-spain\/","https:\/\/www.youtube.com\/user\/RajapackES"]},{"@type":"Person","@id":"https:\/\/www.rajapack.es\/blog-es\/#\/schema\/person\/9fac94e7fcd0aa6d015f7202bd4e2b0f","name":"Beatriz GONZALES","image":{"@type":"ImageObject","inLanguage":"es","@id":"https:\/\/www.rajapack.es\/blog-es\/#\/schema\/person\/image\/","url":"https:\/\/secure.gravatar.com\/avatar\/8d60a8c60719946f0508b6546da3680b?s=96&d=mm&r=g","contentUrl":"https:\/\/secure.gravatar.com\/avatar\/8d60a8c60719946f0508b6546da3680b?s=96&d=mm&r=g","caption":"Beatriz GONZALES"},"description":"User Wordpress","url":"https:\/\/www.rajapack.es\/blog-es\/author\/beatriz-gonzales"}]}},"_links":{"self":[{"href":"https:\/\/www.rajapack.es\/blog-es\/wp-json\/wp\/v2\/posts\/12094"}],"collection":[{"href":"https:\/\/www.rajapack.es\/blog-es\/wp-json\/wp\/v2\/posts"}],"about":[{"href":"https:\/\/www.rajapack.es\/blog-es\/wp-json\/wp\/v2\/types\/post"}],"author":[{"embeddable":true,"href":"https:\/\/www.rajapack.es\/blog-es\/wp-json\/wp\/v2\/users\/31"}],"replies":[{"embeddable":true,"href":"https:\/\/www.rajapack.es\/blog-es\/wp-json\/wp\/v2\/comments?post=12094"}],"version-history":[{"count":0,"href":"https:\/\/www.rajapack.es\/blog-es\/wp-json\/wp\/v2\/posts\/12094\/revisions"}],"wp:featuredmedia":[{"embeddable":true,"href":"https:\/\/www.rajapack.es\/blog-es\/wp-json\/wp\/v2\/media\/12110"}],"wp:attachment":[{"href":"https:\/\/www.rajapack.es\/blog-es\/wp-json\/wp\/v2\/media?parent=12094"}],"wp:term":[{"taxonomy":"category","embeddable":true,"href":"https:\/\/www.rajapack.es\/blog-es\/wp-json\/wp\/v2\/categories?post=12094"},{"taxonomy":"post_tag","embeddable":true,"href":"https:\/\/www.rajapack.es\/blog-es\/wp-json\/wp\/v2\/tags?post=12094"}],"curies":[{"name":"wp","href":"https:\/\/api.w.org\/{rel}","templated":true}]}}