{"id":12113,"date":"2020-05-14T16:53:56","date_gmt":"2020-05-14T14:53:56","guid":{"rendered":"https:\/\/blog-staging-es.raja-group.com\/?p=12113"},"modified":"2025-01-30T04:01:02","modified_gmt":"2025-01-30T02:01:02","slug":"seguridad-en-tiempos-de-covid-19-asegura-la-distancia-social-en-el-trabajo","status":"publish","type":"post","link":"https:\/\/www.rajapack.es\/blog-es\/seguridad-en-tiempos-de-covid-19-asegura-la-distancia-social-en-el-trabajo","title":{"rendered":"Seguridad en tiempos de la COVID-19: Asegura la distancia social en el trabajo"},"content":{"rendered":"\n<p>La presencia del Coronavirus est\u00e1 haciendo que las empresas tengan que implementar, y en tiempo r\u00e9cord, nuevos protocolos y medidas dirigidas a garantizar la seguridad de su personal y sus clientes antes de retomar su actividad.<\/p>\n\n\n\n<p>Tanto si trabajas en un almac\u00e9n, como en un comercio u oficina, descubre aqu\u00ed buenas pr\u00e1cticas y <a href=\"https:\/\/www.rajapack.es\/productos-covid19_C9647.html\" target=\"_blank\" rel=\"noreferrer noopener\">productos indispensables que pueden ayudarte, d\u00eda a d\u00eda, a enfrentar la crisis del COVID-19<\/a>, tomando todas las precauciones necesarias.<\/p>\n\n\n\n<div class=\"wp-block-group has-pale-cyan-blue-background-color has-background\"><div class=\"wp-block-group__inner-container is-layout-flow wp-block-group-is-layout-flow\">\n<h4 class=\"wp-block-heading\">Recordatorio: \u00bfQu\u00e9 medidas tomar para garantizar la salud de tu equipo y tus clientes?<\/h4>\n\n\n\n<p>Nunca est\u00e1 de m\u00e1s recordar los peque\u00f1os gestos para garantizar la salud de todos:<\/p>\n\n\n\n<ul class=\"wp-block-list\">\n<li>L\u00e1vate las manos con frecuencia<\/li>\n\n\n\n<li>Estornuda o tose en la parte interior del codo<\/li>\n\n\n\n<li>Utiliza pa\u00f1uelos desechables<\/li>\n\n\n\n<li>Utiliza m\u00e1scara siempre y cuando sea posible<\/li>\n\n\n\n<li>Saluda sin tocar<\/li>\n<\/ul>\n<\/div><\/div>\n\n\n\n<p>Gestos de barrera para garantizar la seguridad en el almac\u00e9n<\/p>\n\n\n\n<h2 class=\"wp-block-heading\">Los productos indispensables para proteger a tu equipo<\/h2>\n\n\n\n<p>\u00bfComo garantizamos la seguridad de tus clientes y personal durante la pandemia del coronavirus?<\/p>\n\n\n\n<h3 class=\"wp-block-heading\">\u00bfQu\u00e9 tipo de mascarillas hay?<\/h3>\n\n\n\n<div class=\"wp-block-media-text alignwide has-media-on-the-right is-stacked-on-mobile\" style=\"grid-template-columns:auto 29%\"><div class=\"wp-block-media-text__content\">\n<p class=\"has-normal-font-size\"><a href=\"https:\/\/www.rajapack.es\/almacenaje-manutencion-seguridad\/mascarillas-proteccion-respiratoria\/mascarilla-homologada-KN95-FFP2_OFF_ES_1042.html\" target=\"_blank\" rel=\"noreferrer noopener\">Las m\u00e1scaras de categor\u00eda FFP1 y FFP2<\/a> son las mascarillas que recomienda el Ministerio de Consumo para profesionales en contacto con el virus y colectivos vulnerables, estas protegen al portador de la m\u00e1scara contra la inhalaci\u00f3n de part\u00edculas en el aire que puedan contener agentes infecciosos.<\/p>\n<\/div><figure class=\"wp-block-media-text__media\"><img loading=\"lazy\" decoding=\"async\" src=\"https:\/\/raja.scene7.com\/is\/image\/Raja\/products\/mascarilla-homologada-kn95-ffp2_OFF_ES_1042.jpg?image=M_FFP2KN95_S_SEW$default$&amp;hei=300&amp;wid=300\" alt=\"Mascarilla homologada KN95 \/ FFP2\"\/><\/figure><\/div>\n\n\n\n<div class=\"wp-block-media-text alignwide is-stacked-on-mobile\" style=\"grid-template-columns:24% auto\"><figure class=\"wp-block-media-text__media\"><img loading=\"lazy\" decoding=\"async\" src=\"https:\/\/raja.scene7.com\/is\/image\/Raja\/products\/mascarilla-quirurgica-3-capas_OFF_ES_1040.jpg?image=M_MASQ3P_P_FR$default$&amp;hei=300&amp;wid=300\" alt=\"Mascarilla quir\u00fargica 3 capas\"\/><\/figure><div class=\"wp-block-media-text__content\">\n<p class=\"has-normal-font-size\">Pero para el resto de la poblaci\u00f3n, las que se recomiendan son las mascarillas alternativas para uso no sanitario, llamadas \u00abm\u00e1scarillas de barrera\u00bb, estas son, por ejemplo, las <a href=\"https:\/\/www.rajapack.es\/almacenaje-manutencion-seguridad\/mascarillas-proteccion-respiratoria\/mascarilla-quirurgica-3-capas_OFF_ES_1040.html\" target=\"_blank\" rel=\"noreferrer noopener\">mascarillas quir\u00fargicas de 3 capas<\/a>. Estas mascarillas son m\u00e1s seguras porque son m\u00e1s f\u00e1ciles de llevar, es decir, las personas que no est\u00e1n habituadas y formadas para llevarlas tienen a tocarse la cara menos.<\/p>\n<\/div><\/div>\n\n\n\n<p>Si quieres m\u00e1s informaci\u00f3n sobre estas mascarillas, puedes encontrarla <a href=\"https:\/\/elpais.com\/sociedad\/2020-05-14\/consumo-desaconseja-las-mascarillas-ffp2-repartidas-en-madrid-para-la-poblacion-general.html\" target=\"_blank\" rel=\"noreferrer noopener\">aqu\u00ed<\/a>, el gobierno ha preparado tambi\u00e9n una <a href=\"https:\/\/www.lamoncloa.gob.es\/serviciosdeprensa\/notasprensa\/consumo\/Documents\/2020\/030520%20GU%C3%8DA%20COMPRA%20MASCARILLAS.pdf\">gu\u00eda informativa sobre el uso de mascarillas<\/a>.<\/p>\n\n\n\n<div class=\"wp-block-media-text alignwide has-media-on-the-right is-stacked-on-mobile\" style=\"grid-template-columns:auto 35%\"><div class=\"wp-block-media-text__content\">\n<p class=\"has-normal-font-size\"><a href=\"https:\/\/www.rajapack.es\/almacenaje-manutencion-seguridad\/proteccion-ojos-cabeza-oidos\/protector-facial-reutilizable_OFF_ES_1038.html\" target=\"_blank\" rel=\"noreferrer noopener\">La m\u00e1scara de protecci\u00f3n facial reutilizable<\/a> es un complemento adicional para conseguir un efecto de protecci\u00f3n total junto a las mascarillas, ya que el coronavirus se propaga a trav\u00e9s de gotitas que pueden entrar por la nariz, boca y ojos.<\/p>\n<\/div><figure class=\"wp-block-media-text__media\"><img loading=\"lazy\" decoding=\"async\" src=\"https:\/\/raja.scene7.com\/is\/image\/Raja\/products\/mascara-proteccion-facial-reutilizable_OFF_ES_1038.jpg?image=M_VISERA_P_IT$default$&amp;hei=300&amp;wid=300\" alt=\"M\u00e1scara de protecci\u00f3n facial reutilizable\"\/><\/figure><\/div>\n\n\n\n<h3 class=\"wp-block-heading\">\u00bfQu\u00e9 guantes usar para evitar la propagacion del virus?<\/h3>\n\n\n\n<div class=\"wp-block-media-text alignwide is-stacked-on-mobile\" style=\"grid-template-columns:28% auto\"><figure class=\"wp-block-media-text__media\"><img loading=\"lazy\" decoding=\"async\" src=\"https:\/\/raja.scene7.com\/is\/image\/Raja\/products\/guantes-desechables-nitrilo_OFF_ES_0611.jpg?image=M_19560_A_ES$default$&amp;hei=300&amp;wid=300\" alt=\"Guantes desechables de nitrilo\"\/><\/figure><div class=\"wp-block-media-text__content\">\n<p class=\"has-normal-font-size\">Tanto los <a href=\"https:\/\/www.rajapack.es\/almacenaje-manutencion-seguridad\/guantes-proteccion\/guantes-latex-solo-mapa_PDT01359.html\" target=\"_blank\" rel=\"noreferrer noopener\">guantes de l\u00e1tex en polvo<\/a> como los <a href=\"https:\/\/www.rajapack.es\/almacenaje-manutencion-seguridad\/guantes-desechables_C706010.html\" target=\"_blank\" rel=\"noreferrer noopener\">guantes de nitrilo<\/a> desechables son buenas opciones para tener disponibles para clientes y empleados. La diferencia entre ellos es que los guantes de l\u00e1tex en polvo son m\u00e1s f\u00e1ciles de poner y quitar, aunque no son recomendados para manipular alimentos.<\/p>\n<\/div><\/div>\n\n\n\n<div class=\"wp-block-media-text alignwide has-media-on-the-right is-stacked-on-mobile\" style=\"grid-template-columns:auto 31%\"><div class=\"wp-block-media-text__content\">\n<p class=\"has-normal-font-size\">Tengas guantes o no, utiliza siempre que sea posible un <a href=\"https:\/\/www.rajapack.es\/higiene-limpieza\/papel-secado-papel-higienico\/gel-hidroalcoholico-manos_OFF_ES_1041.html\" target=\"_blank\" rel=\"noreferrer noopener\">gel hidroalcoh\u00f3lico de manos<\/a>. Este eliminar\u00e1 rastros del virus en la superficie de los guantes o manos. Si tienes un comercio o recibes visitas de clientes y\/o proveedores facilita dispensadores de gel en la recepci\u00f3n o entrada a tu tienda. Igualmente facil\u00edtalo a los transportistas y repartidores para que hagan uso de \u00e9l antes y despu\u00e9s de cada entrega.<\/p>\n<\/div><figure class=\"wp-block-media-text__media\"><img loading=\"lazy\" decoding=\"async\" src=\"https:\/\/raja.scene7.com\/is\/image\/Raja\/products\/gel-hidroalcoholico-manos_OFF_ES_1041.jpg?image=M_GEL500ES_S_ESW$default$&amp;hei=300&amp;wid=300\" alt=\"Gel hidroalcoh\u00f3lico de manos\"\/><\/figure><\/div>\n\n\n\n<h4 class=\"wp-block-heading\">Un \u00abpeque\u00f1o extra\u00bb para ir m\u00e1s all\u00e1: el term\u00f3metro infrarrojo<\/h4>\n\n\n\n<p>Para tener un proceso de seguridad adicional puedes tener un term\u00f3metro infrarrojo para medir la temperatura de toda personas que entren en tu recinto, almac\u00e9n o tienda. De esta forma podr\u00e1s asegurarte que nadie con este s\u00edntoma tan caracter\u00edstico de la COVID-19 pondr\u00e1 en riesgo a otras personas.<\/p>\n\n\n\n<h2 class=\"wp-block-heading\">\u00bfC\u00f3mo garantizar las distancias de seguridad?<\/h2>\n\n\n\n<p>Como ya sabes, uno de los gestos de barrera esenciales para evitar la propagaci\u00f3n del virus es respetar la distancia de seguridad de 2 metros.<\/p>\n\n\n\n<p>Estos productos pueden ayudarte a que se respete entre tus empleados y clientes:<\/p>\n\n\n\n<ul class=\"wp-block-list\">\n<li><strong><a href=\"https:\/\/www.rajapack.es\/cintas-adhesivas-flejes-colas\/cintas-enmascarar-senalizacion-aislantes\/cinta-distanciamiento-social_OFF_ES_1036.html\" target=\"_blank\" rel=\"noreferrer noopener\">Cinta adhesiva de distanciamiento social<\/a> o el <a href=\"https:\/\/www.rajapack.es\/almacenaje-manutencion-seguridad\/senalizacion-seguridad\/kit-adhesivo-distancia-social_OFF_ES_1039.html\" target=\"_blank\" rel=\"noreferrer noopener\">kit adhesivo de se\u00f1alizaci\u00f3n de distancia social<\/a><\/strong>, indican las distancias de seguridad en cada ubicaci\u00f3n que lo necesite de modo recordatorio visual.<\/li>\n\n\n\n<li><strong><a href=\"https:\/\/www.rajapack.es\/almacenaje-manutencion-seguridad\/senalizacion-seguridad\/separador-protector-carton_OFF_ES_1037.html\" target=\"_blank\" rel=\"noreferrer noopener\">Separador protector de cart\u00f3n<\/a>, <a href=\"https:\/\/www.rajapack.es\/almacenaje-manutencion-seguridad\/senalizacion-seguridad\/panel-protector-plexiglas_OFF_ES_1035.html\" target=\"_blank\" rel=\"noreferrer noopener\">panel protector de plexigl\u00e1s<\/a><\/strong> o la mampara de protecci\u00f3n de metacrilato transparente son particularmente efectivos para separar las estaciones de trabajo y prevenir la emisi\u00f3n de gotitas que potencialmente pueden contener el virus.<\/li>\n<\/ul>\n\n\n\n<figure class=\"wp-block-gallery has-nested-images columns-2 is-cropped wp-block-gallery-1 is-layout-flex wp-block-gallery-is-layout-flex\">\n<figure class=\"wp-block-image size-thumbnail\"><img loading=\"lazy\" decoding=\"async\" width=\"150\" height=\"150\" data-id=\"12203\" src=\"https:\/\/www.rajapack.es\/blog-es\/wp-content\/uploads\/2020\/05\/cinta-adhesiva-distanciamiento-social_OFF_ES_1036-150x150.jpg\" alt=\"\" class=\"wp-image-12203\" srcset=\"https:\/\/www.rajapack.es\/blog-es\/wp-content\/uploads\/2020\/05\/cinta-adhesiva-distanciamiento-social_OFF_ES_1036-150x150.jpg 150w, https:\/\/www.rajapack.es\/blog-es\/wp-content\/uploads\/2020\/05\/cinta-adhesiva-distanciamiento-social_OFF_ES_1036-120x120.jpg 120w, https:\/\/www.rajapack.es\/blog-es\/wp-content\/uploads\/2020\/05\/cinta-adhesiva-distanciamiento-social_OFF_ES_1036.jpg 300w\" sizes=\"(max-width: 150px) 100vw, 150px\" \/><figcaption class=\"wp-element-caption\">Cinta adhesiva de distanciamiento social<\/figcaption><\/figure>\n\n\n\n<figure class=\"wp-block-image size-thumbnail\"><img loading=\"lazy\" decoding=\"async\" width=\"150\" height=\"150\" data-id=\"12204\" src=\"https:\/\/www.rajapack.es\/blog-es\/wp-content\/uploads\/2020\/05\/kit-adhesivo-senalizacion-distancia-social_OFF_ES_1039-150x150.jpg\" alt=\"\" class=\"wp-image-12204\" srcset=\"https:\/\/www.rajapack.es\/blog-es\/wp-content\/uploads\/2020\/05\/kit-adhesivo-senalizacion-distancia-social_OFF_ES_1039-150x150.jpg 150w, https:\/\/www.rajapack.es\/blog-es\/wp-content\/uploads\/2020\/05\/kit-adhesivo-senalizacion-distancia-social_OFF_ES_1039-120x120.jpg 120w, https:\/\/www.rajapack.es\/blog-es\/wp-content\/uploads\/2020\/05\/kit-adhesivo-senalizacion-distancia-social_OFF_ES_1039.jpg 300w\" sizes=\"(max-width: 150px) 100vw, 150px\" \/><figcaption class=\"wp-element-caption\">Kit adhesivo de se\u00f1alizaci\u00f3n de distancia social<\/figcaption><\/figure>\n\n\n\n<figure class=\"wp-block-image size-thumbnail\"><img loading=\"lazy\" decoding=\"async\" width=\"150\" height=\"150\" data-id=\"12206\" src=\"https:\/\/www.rajapack.es\/blog-es\/wp-content\/uploads\/2020\/05\/separador-protector-carton_OFF_ES_1037-150x150.jpg\" alt=\"\" class=\"wp-image-12206\" srcset=\"https:\/\/www.rajapack.es\/blog-es\/wp-content\/uploads\/2020\/05\/separador-protector-carton_OFF_ES_1037-150x150.jpg 150w, https:\/\/www.rajapack.es\/blog-es\/wp-content\/uploads\/2020\/05\/separador-protector-carton_OFF_ES_1037-120x120.jpg 120w, https:\/\/www.rajapack.es\/blog-es\/wp-content\/uploads\/2020\/05\/separador-protector-carton_OFF_ES_1037.jpg 300w\" sizes=\"(max-width: 150px) 100vw, 150px\" \/><figcaption class=\"wp-element-caption\">Separador protector de cart\u00f3n<\/figcaption><\/figure>\n\n\n\n<figure class=\"wp-block-image size-thumbnail\"><img loading=\"lazy\" decoding=\"async\" width=\"150\" height=\"150\" data-id=\"12205\" src=\"https:\/\/www.rajapack.es\/blog-es\/wp-content\/uploads\/2020\/05\/panel-protector-plexiglas_OFF_ES_1035-150x150.jpg\" alt=\"\" class=\"wp-image-12205\" srcset=\"https:\/\/www.rajapack.es\/blog-es\/wp-content\/uploads\/2020\/05\/panel-protector-plexiglas_OFF_ES_1035-150x150.jpg 150w, https:\/\/www.rajapack.es\/blog-es\/wp-content\/uploads\/2020\/05\/panel-protector-plexiglas_OFF_ES_1035-120x120.jpg 120w, https:\/\/www.rajapack.es\/blog-es\/wp-content\/uploads\/2020\/05\/panel-protector-plexiglas_OFF_ES_1035.jpg 300w\" sizes=\"(max-width: 150px) 100vw, 150px\" \/><figcaption class=\"wp-element-caption\">Panel protector de plexigl\u00e1s<\/figcaption><\/figure>\n<\/figure>\n\n\n\n<figure class=\"wp-block-image size-full\"><a href=\"https:\/\/www.rajapack.es\/productos-covid19_C9647.html\" target=\"_blank\" rel=\"noopener noreferrer\"><img loading=\"lazy\" decoding=\"async\" width=\"1390\" height=\"480\" src=\"https:\/\/www.rajapack.es\/blog-es\/wp-content\/uploads\/2020\/05\/ES200401_ban-hp-MC-covid19.png\" alt=\"\" class=\"wp-image-12209\" srcset=\"https:\/\/www.rajapack.es\/blog-es\/wp-content\/uploads\/2020\/05\/ES200401_ban-hp-MC-covid19.png 1390w, https:\/\/www.rajapack.es\/blog-es\/wp-content\/uploads\/2020\/05\/ES200401_ban-hp-MC-covid19-430x148.png 430w, https:\/\/www.rajapack.es\/blog-es\/wp-content\/uploads\/2020\/05\/ES200401_ban-hp-MC-covid19-1024x354.png 1024w, https:\/\/www.rajapack.es\/blog-es\/wp-content\/uploads\/2020\/05\/ES200401_ban-hp-MC-covid19-768x265.png 768w\" sizes=\"(max-width: 1390px) 100vw, 1390px\" \/><\/a><\/figure>\n\n\n\n<p>En RAJAPACK estamos ampliando nuestra gama de higiene y seguridad en el trabajo. En los \u00faltimos d\u00edas hemos incorporado <a href=\"https:\/\/www.rajapack.es\/productos-covid19_C9647.html\" target=\"_blank\" rel=\"noreferrer noopener\">productos de seguridad y protecci\u00f3n contra el COVID-19<\/a> para ayudarte a seguir las normas de distanciamiento social e higiene. Te invitamos a visitar nuestra web, \u00a1hay muchas novedades por venir!<\/p>\n\n\n\n<p>Nuestros especialistas en embalaje est\u00e1n trabajando desde casa y est\u00e1n listos para ayudar a ofrecer asesoramiento. Puede ponerse en contacto con el equipo mediante el chat de nuestra web, por correo electr\u00f3nico en <a href=\"mailto:pedidos@rajapack.es\" target=\"_blank\" rel=\"noreferrer noopener\">pedidos@rajapack.es<\/a> o llamando a nuestro tel\u00e9fono gratuito: 900 877 025.<\/p>\n\n\n\n<p>Para mantenerse en contacto con los \u00faltimos productos de protecci\u00f3n COVID-19, puede suscribirse a nuestro bolet\u00edn para recibir actualizaciones de productos y noticias de RAJAPACK: <a href=\"https:\/\/www.rajapack.es\/suscripcion-newsletter-rajapack.html\" target=\"_blank\" rel=\"noreferrer noopener\">Inscr\u00edbete a la newsletter de RAJAPACK<\/a><\/p>\n\n\n<div class=\"wp-block-image\">\n<figure class=\"aligncenter size-large\"><img loading=\"lazy\" decoding=\"async\" width=\"381\" height=\"1024\" src=\"https:\/\/www.rajapack.es\/blog-es\/wp-content\/uploads\/2020\/05\/Raja_Infographi_v3-381x1024.jpg\" alt=\"\" class=\"wp-image-12272\" srcset=\"https:\/\/www.rajapack.es\/blog-es\/wp-content\/uploads\/2020\/05\/Raja_Infographi_v3-381x1024.jpg 381w, https:\/\/www.rajapack.es\/blog-es\/wp-content\/uploads\/2020\/05\/Raja_Infographi_v3-160x430.jpg 160w, https:\/\/www.rajapack.es\/blog-es\/wp-content\/uploads\/2020\/05\/Raja_Infographi_v3.jpg 500w\" sizes=\"(max-width: 381px) 100vw, 381px\" \/><\/figure><\/div>","protected":false},"excerpt":{"rendered":"<p>La seguridad es lo m\u00e1s importante, en este post te explicamos qu\u00e9 medidas tomar en tu negocio para proteger a tus empleados y clientes de la COVID-19<\/p>\n","protected":false},"author":49,"featured_media":12163,"comment_status":"open","ping_status":"open","sticky":false,"template":"","format":"standard","meta":{"_acf_changed":false,"footnotes":""},"categories":[4],"tags":[77,460],"class_list":["post-12113","post","type-post","status-publish","format-standard","has-post-thumbnail","hentry","category-embalaje","tag-comercio","tag-consejos"],"acf":[],"yoast_head":"\n<title>Seguridad en tiempos de la COVID-19: Asegura la distancia social en el trabajo RAJAPACK<\/title>\n<meta name=\"description\" content=\"La seguridad es lo m\u00e1s importante, en este post te explicamos qu\u00e9 medidas tomar en tu negocio para proteger a tus empleados y clientes de la COVID-19.\" \/>\n<meta name=\"robots\" content=\"index, follow, max-snippet:-1, max-image-preview:large, max-video-preview:-1\" \/>\n<link rel=\"canonical\" href=\"https:\/\/www.rajapack.es\/blog-es\/seguridad-en-tiempos-de-covid-19-asegura-la-distancia-social-en-el-trabajo\" \/>\n<meta property=\"og:locale\" content=\"es_ES\" \/>\n<meta property=\"og:type\" content=\"article\" \/>\n<meta property=\"og:title\" content=\"Seguridad en tiempos de la COVID-19: Asegura la distancia social en el trabajo RAJAPACK\" \/>\n<meta property=\"og:description\" content=\"La seguridad es lo m\u00e1s importante, en este post te explicamos qu\u00e9 medidas tomar en tu negocio para proteger a tus empleados y clientes de la COVID-19.\" \/>\n<meta property=\"og:url\" content=\"https:\/\/www.rajapack.es\/blog-es\/seguridad-en-tiempos-de-covid-19-asegura-la-distancia-social-en-el-trabajo\" \/>\n<meta property=\"og:site_name\" content=\"RAJAPACK Blog | Consejos de embalaje, log\u00edstica y m\u00e1s\" \/>\n<meta property=\"article:publisher\" content=\"https:\/\/www.facebook.com\/Rajapack.es\" \/>\n<meta property=\"article:published_time\" content=\"2020-05-14T14:53:56+00:00\" \/>\n<meta property=\"article:modified_time\" content=\"2025-01-30T02:01:02+00:00\" \/>\n<meta property=\"og:image\" content=\"https:\/\/www.rajapack.es\/blog-es\/wp-content\/uploads\/2020\/04\/mascara.jpg\" \/>\n\t<meta property=\"og:image:width\" content=\"850\" \/>\n\t<meta property=\"og:image:height\" content=\"450\" \/>\n\t<meta property=\"og:image:type\" content=\"image\/jpeg\" \/>\n<meta name=\"author\" content=\"Sara Alcaraz G\u00e1lvez\" \/>\n<meta name=\"twitter:card\" content=\"summary_large_image\" \/>\n<meta name=\"twitter:creator\" content=\"@RajapackES\" \/>\n<meta name=\"twitter:site\" content=\"@RajapackES\" \/>\n<meta name=\"twitter:label1\" content=\"Escrito por\" \/>\n\t<meta name=\"twitter:data1\" content=\"Sara Alcaraz G\u00e1lvez\" \/>\n\t<meta name=\"twitter:label2\" content=\"Tiempo de lectura\" \/>\n\t<meta name=\"twitter:data2\" content=\"4 minutos\" \/>\n<script type=\"application\/ld+json\" class=\"yoast-schema-graph\">{\n\t    \"@context\": \"https:\/\/schema.org\",\n\t    \"@graph\": [\n\t        {\n\t            \"@type\": \"Article\",\n\t            \"@id\": \"https:\/\/www.rajapack.es\/blog-es\/seguridad-en-tiempos-de-covid-19-asegura-la-distancia-social-en-el-trabajo#article\",\n\t            \"isPartOf\": {\n\t                \"@id\": \"https:\/\/www.rajapack.es\/blog-es\/seguridad-en-tiempos-de-covid-19-asegura-la-distancia-social-en-el-trabajo\"\n\t            },\n\t            \"author\": {\n\t                \"name\": \"Sara Alcaraz G\u00e1lvez\",\n\t                \"@id\": \"https:\/\/www.rajapack.es\/blog-es\/#\/schema\/person\/354d66fd4e68e587bf52f90a52f6e0d3\"\n\t            },\n\t            \"headline\": \"Seguridad en tiempos de la COVID-19: Asegura la distancia social en el trabajo\",\n\t            \"datePublished\": \"2020-05-14T14:53:56+00:00\",\n\t            \"dateModified\": \"2025-01-30T02:01:02+00:00\",\n\t            \"mainEntityOfPage\": {\n\t                \"@id\": \"https:\/\/www.rajapack.es\/blog-es\/seguridad-en-tiempos-de-covid-19-asegura-la-distancia-social-en-el-trabajo\"\n\t            },\n\t            \"wordCount\": 853,\n\t            \"commentCount\": 0,\n\t            \"publisher\": {\n\t                \"@id\": \"https:\/\/www.rajapack.es\/blog-es\/#organization\"\n\t            },\n\t            \"image\": {\n\t                \"@id\": \"https:\/\/www.rajapack.es\/blog-es\/seguridad-en-tiempos-de-covid-19-asegura-la-distancia-social-en-el-trabajo#primaryimage\"\n\t            },\n\t            \"thumbnailUrl\": \"https:\/\/www.rajapack.es\/blog-es\/wp-content\/uploads\/2020\/04\/mascara.jpg\",\n\t            \"keywords\": [\n\t                \"comercio\",\n\t                \"consejos\"\n\t            ],\n\t            \"articleSection\": [\n\t                \"Novedades &amp; Consejos de embalaje\"\n\t            ],\n\t            \"inLanguage\": \"es\",\n\t            \"potentialAction\": [\n\t                {\n\t                    \"@type\": \"CommentAction\",\n\t                    \"name\": \"Comment\",\n\t                    \"target\": [\n\t                        \"https:\/\/www.rajapack.es\/blog-es\/seguridad-en-tiempos-de-covid-19-asegura-la-distancia-social-en-el-trabajo#respond\"\n\t                    ]\n\t                }\n\t            ]\n\t        },\n\t        {\n\t            \"@type\": \"WebPage\",\n\t            \"@id\": \"https:\/\/www.rajapack.es\/blog-es\/seguridad-en-tiempos-de-covid-19-asegura-la-distancia-social-en-el-trabajo\",\n\t            \"url\": \"https:\/\/www.rajapack.es\/blog-es\/seguridad-en-tiempos-de-covid-19-asegura-la-distancia-social-en-el-trabajo\",\n\t            \"name\": \"Seguridad en tiempos de la COVID-19: Asegura la distancia social en el trabajo RAJAPACK\",\n\t            \"isPartOf\": {\n\t                \"@id\": \"https:\/\/www.rajapack.es\/blog-es\/#website\"\n\t            },\n\t            \"primaryImageOfPage\": {\n\t                \"@id\": \"https:\/\/www.rajapack.es\/blog-es\/seguridad-en-tiempos-de-covid-19-asegura-la-distancia-social-en-el-trabajo#primaryimage\"\n\t            },\n\t            \"image\": {\n\t                \"@id\": \"https:\/\/www.rajapack.es\/blog-es\/seguridad-en-tiempos-de-covid-19-asegura-la-distancia-social-en-el-trabajo#primaryimage\"\n\t            },\n\t            \"thumbnailUrl\": \"https:\/\/www.rajapack.es\/blog-es\/wp-content\/uploads\/2020\/04\/mascara.jpg\",\n\t            \"datePublished\": \"2020-05-14T14:53:56+00:00\",\n\t            \"dateModified\": \"2025-01-30T02:01:02+00:00\",\n\t            \"description\": \"La seguridad es lo m\u00e1s importante, en este post te explicamos qu\u00e9 medidas tomar en tu negocio para proteger a tus empleados y clientes de la COVID-19.\",\n\t            \"inLanguage\": \"es\",\n\t            \"potentialAction\": [\n\t                {\n\t                    \"@type\": \"ReadAction\",\n\t                    \"target\": [\n\t                        \"https:\/\/www.rajapack.es\/blog-es\/seguridad-en-tiempos-de-covid-19-asegura-la-distancia-social-en-el-trabajo\"\n\t                    ]\n\t                }\n\t            ]\n\t        },\n\t        {\n\t            \"@type\": \"ImageObject\",\n\t            \"inLanguage\": \"es\",\n\t            \"@id\": \"https:\/\/www.rajapack.es\/blog-es\/seguridad-en-tiempos-de-covid-19-asegura-la-distancia-social-en-el-trabajo#primaryimage\",\n\t            \"url\": \"https:\/\/www.rajapack.es\/blog-es\/wp-content\/uploads\/2020\/04\/mascara.jpg\",\n\t            \"contentUrl\": \"https:\/\/www.rajapack.es\/blog-es\/wp-content\/uploads\/2020\/04\/mascara.jpg\",\n\t            \"width\": 850,\n\t            \"height\": 450\n\t        },\n\t        {\n\t            \"@type\": \"WebSite\",\n\t            \"@id\": \"https:\/\/www.rajapack.es\/blog-es\/#website\",\n\t            \"url\": \"https:\/\/www.rajapack.es\/blog-es\/\",\n\t            \"name\": \"RAJAPACK Blog | Consejos de embalaje, log\u00edstica y m\u00e1s\",\n\t            \"description\": \"Consejos de embalaje, logistica y m\u00e1s\",\n\t            \"publisher\": {\n\t                \"@id\": \"https:\/\/www.rajapack.es\/blog-es\/#organization\"\n\t            },\n\t            \"potentialAction\": [\n\t                {\n\t                    \"@type\": \"SearchAction\",\n\t                    \"target\": {\n\t                        \"@type\": \"EntryPoint\",\n\t                        \"urlTemplate\": \"https:\/\/www.rajapack.es\/blog-es\/?s={search_term_string}\"\n\t                    },\n\t                    \"query-input\": {\n\t                        \"@type\": \"PropertyValueSpecification\",\n\t                        \"valueRequired\": true,\n\t                        \"valueName\": \"search_term_string\"\n\t                    }\n\t                }\n\t            ],\n\t            \"inLanguage\": \"es\"\n\t        },\n\t        {\n\t            \"@type\": \"Organization\",\n\t            \"@id\": \"https:\/\/www.rajapack.es\/blog-es\/#organization\",\n\t            \"name\": \"RAJA ES\",\n\t            \"url\": \"https:\/\/www.rajapack.es\/blog-es\/\",\n\t            \"logo\": {\n\t                \"@type\": \"ImageObject\",\n\t                \"inLanguage\": \"es\",\n\t                \"@id\": \"https:\/\/www.rajapack.es\/blog-es\/#\/schema\/logo\/image\/\",\n\t                \"url\": \"https:\/\/www.rajapack.es\/blog-es\/wp-content\/uploads\/2021\/10\/logo-mobile@3x.png\",\n\t                \"contentUrl\": \"https:\/\/www.rajapack.es\/blog-es\/wp-content\/uploads\/2021\/10\/logo-mobile@3x.png\",\n\t                \"width\": 534,\n\t                \"height\": 114,\n\t                \"caption\": \"RAJA ES\"\n\t            },\n\t            \"image\": {\n\t                \"@id\": \"https:\/\/www.rajapack.es\/blog-es\/#\/schema\/logo\/image\/\"\n\t            },\n\t            \"sameAs\": [\n\t                \"https:\/\/www.facebook.com\/Rajapack.es\",\n\t                \"https:\/\/x.com\/RajapackES\",\n\t                \"https:\/\/www.linkedin.com\/company\/rajapack-spain\/\",\n\t                \"https:\/\/www.youtube.com\/user\/RajapackES\"\n\t            ]\n\t        },\n\t        {\n\t            \"@type\": \"Person\",\n\t            \"@id\": \"https:\/\/www.rajapack.es\/blog-es\/#\/schema\/person\/354d66fd4e68e587bf52f90a52f6e0d3\",\n\t            \"name\": \"Sara Alcaraz G\u00e1lvez\",\n\t            \"image\": {\n\t                \"@type\": \"ImageObject\",\n\t                \"inLanguage\": \"es\",\n\t                \"@id\": \"https:\/\/www.rajapack.es\/blog-es\/#\/schema\/person\/image\/\",\n\t                \"url\": \"https:\/\/secure.gravatar.com\/avatar\/67c8c00f9d1fb8454864b9abb11edc1d?s=96&d=mm&r=g\",\n\t                \"contentUrl\": \"https:\/\/secure.gravatar.com\/avatar\/67c8c00f9d1fb8454864b9abb11edc1d?s=96&d=mm&r=g\",\n\t                \"caption\": \"Sara Alcaraz G\u00e1lvez\"\n\t            },\n\t            \"sameAs\": [\n\t                \"https:\/\/www.linkedin.com\/in\/saraalca\/\"\n\t            ],\n\t            \"url\": \"https:\/\/www.rajapack.es\/blog-es\/author\/saraalcarazgalvez\"\n\t        }\n\t    ]\n\t}<\/script>\n","yoast_head_json":{"title":"Seguridad en tiempos de la COVID-19: Asegura la distancia social en el trabajo RAJAPACK","description":"La seguridad es lo m\u00e1s importante, en este post te explicamos qu\u00e9 medidas tomar en tu negocio para proteger a tus empleados y clientes de la COVID-19.","robots":{"index":"index","follow":"follow","max-snippet":"max-snippet:-1","max-image-preview":"max-image-preview:large","max-video-preview":"max-video-preview:-1"},"canonical":"https:\/\/www.rajapack.es\/blog-es\/seguridad-en-tiempos-de-covid-19-asegura-la-distancia-social-en-el-trabajo","og_locale":"es_ES","og_type":"article","og_title":"Seguridad en tiempos de la COVID-19: Asegura la distancia social en el trabajo RAJAPACK","og_description":"La seguridad es lo m\u00e1s importante, en este post te explicamos qu\u00e9 medidas tomar en tu negocio para proteger a tus empleados y clientes de la COVID-19.","og_url":"https:\/\/www.rajapack.es\/blog-es\/seguridad-en-tiempos-de-covid-19-asegura-la-distancia-social-en-el-trabajo","og_site_name":"RAJAPACK Blog | Consejos de embalaje, log\u00edstica y m\u00e1s","article_publisher":"https:\/\/www.facebook.com\/Rajapack.es","article_published_time":"2020-05-14T14:53:56+00:00","article_modified_time":"2025-01-30T02:01:02+00:00","og_image":[{"width":850,"height":450,"url":"https:\/\/www.rajapack.es\/blog-es\/wp-content\/uploads\/2020\/04\/mascara.jpg","type":"image\/jpeg"}],"author":"Sara Alcaraz G\u00e1lvez","twitter_card":"summary_large_image","twitter_creator":"@RajapackES","twitter_site":"@RajapackES","twitter_misc":{"Escrito por":"Sara Alcaraz G\u00e1lvez","Tiempo de lectura":"4 minutos"},"schema":{"@context":"https:\/\/schema.org","@graph":[{"@type":"Article","@id":"https:\/\/www.rajapack.es\/blog-es\/seguridad-en-tiempos-de-covid-19-asegura-la-distancia-social-en-el-trabajo#article","isPartOf":{"@id":"https:\/\/www.rajapack.es\/blog-es\/seguridad-en-tiempos-de-covid-19-asegura-la-distancia-social-en-el-trabajo"},"author":{"name":"Sara Alcaraz G\u00e1lvez","@id":"https:\/\/www.rajapack.es\/blog-es\/#\/schema\/person\/354d66fd4e68e587bf52f90a52f6e0d3"},"headline":"Seguridad en tiempos de la COVID-19: Asegura la distancia social en el trabajo","datePublished":"2020-05-14T14:53:56+00:00","dateModified":"2025-01-30T02:01:02+00:00","mainEntityOfPage":{"@id":"https:\/\/www.rajapack.es\/blog-es\/seguridad-en-tiempos-de-covid-19-asegura-la-distancia-social-en-el-trabajo"},"wordCount":853,"commentCount":0,"publisher":{"@id":"https:\/\/www.rajapack.es\/blog-es\/#organization"},"image":{"@id":"https:\/\/www.rajapack.es\/blog-es\/seguridad-en-tiempos-de-covid-19-asegura-la-distancia-social-en-el-trabajo#primaryimage"},"thumbnailUrl":"https:\/\/www.rajapack.es\/blog-es\/wp-content\/uploads\/2020\/04\/mascara.jpg","keywords":["comercio","consejos"],"articleSection":["Novedades &amp; Consejos de embalaje"],"inLanguage":"es","potentialAction":[{"@type":"CommentAction","name":"Comment","target":["https:\/\/www.rajapack.es\/blog-es\/seguridad-en-tiempos-de-covid-19-asegura-la-distancia-social-en-el-trabajo#respond"]}]},{"@type":"WebPage","@id":"https:\/\/www.rajapack.es\/blog-es\/seguridad-en-tiempos-de-covid-19-asegura-la-distancia-social-en-el-trabajo","url":"https:\/\/www.rajapack.es\/blog-es\/seguridad-en-tiempos-de-covid-19-asegura-la-distancia-social-en-el-trabajo","name":"Seguridad en tiempos de la COVID-19: Asegura la distancia social en el trabajo RAJAPACK","isPartOf":{"@id":"https:\/\/www.rajapack.es\/blog-es\/#website"},"primaryImageOfPage":{"@id":"https:\/\/www.rajapack.es\/blog-es\/seguridad-en-tiempos-de-covid-19-asegura-la-distancia-social-en-el-trabajo#primaryimage"},"image":{"@id":"https:\/\/www.rajapack.es\/blog-es\/seguridad-en-tiempos-de-covid-19-asegura-la-distancia-social-en-el-trabajo#primaryimage"},"thumbnailUrl":"https:\/\/www.rajapack.es\/blog-es\/wp-content\/uploads\/2020\/04\/mascara.jpg","datePublished":"2020-05-14T14:53:56+00:00","dateModified":"2025-01-30T02:01:02+00:00","description":"La seguridad es lo m\u00e1s importante, en este post te explicamos qu\u00e9 medidas tomar en tu negocio para proteger a tus empleados y clientes de la COVID-19.","inLanguage":"es","potentialAction":[{"@type":"ReadAction","target":["https:\/\/www.rajapack.es\/blog-es\/seguridad-en-tiempos-de-covid-19-asegura-la-distancia-social-en-el-trabajo"]}]},{"@type":"ImageObject","inLanguage":"es","@id":"https:\/\/www.rajapack.es\/blog-es\/seguridad-en-tiempos-de-covid-19-asegura-la-distancia-social-en-el-trabajo#primaryimage","url":"https:\/\/www.rajapack.es\/blog-es\/wp-content\/uploads\/2020\/04\/mascara.jpg","contentUrl":"https:\/\/www.rajapack.es\/blog-es\/wp-content\/uploads\/2020\/04\/mascara.jpg","width":850,"height":450},{"@type":"WebSite","@id":"https:\/\/www.rajapack.es\/blog-es\/#website","url":"https:\/\/www.rajapack.es\/blog-es\/","name":"RAJAPACK Blog | Consejos de embalaje, log\u00edstica y m\u00e1s","description":"Consejos de embalaje, logistica y m\u00e1s","publisher":{"@id":"https:\/\/www.rajapack.es\/blog-es\/#organization"},"potentialAction":[{"@type":"SearchAction","target":{"@type":"EntryPoint","urlTemplate":"https:\/\/www.rajapack.es\/blog-es\/?s={search_term_string}"},"query-input":{"@type":"PropertyValueSpecification","valueRequired":true,"valueName":"search_term_string"}}],"inLanguage":"es"},{"@type":"Organization","@id":"https:\/\/www.rajapack.es\/blog-es\/#organization","name":"RAJA ES","url":"https:\/\/www.rajapack.es\/blog-es\/","logo":{"@type":"ImageObject","inLanguage":"es","@id":"https:\/\/www.rajapack.es\/blog-es\/#\/schema\/logo\/image\/","url":"https:\/\/www.rajapack.es\/blog-es\/wp-content\/uploads\/2021\/10\/logo-mobile@3x.png","contentUrl":"https:\/\/www.rajapack.es\/blog-es\/wp-content\/uploads\/2021\/10\/logo-mobile@3x.png","width":534,"height":114,"caption":"RAJA ES"},"image":{"@id":"https:\/\/www.rajapack.es\/blog-es\/#\/schema\/logo\/image\/"},"sameAs":["https:\/\/www.facebook.com\/Rajapack.es","https:\/\/x.com\/RajapackES","https:\/\/www.linkedin.com\/company\/rajapack-spain\/","https:\/\/www.youtube.com\/user\/RajapackES"]},{"@type":"Person","@id":"https:\/\/www.rajapack.es\/blog-es\/#\/schema\/person\/354d66fd4e68e587bf52f90a52f6e0d3","name":"Sara Alcaraz G\u00e1lvez","image":{"@type":"ImageObject","inLanguage":"es","@id":"https:\/\/www.rajapack.es\/blog-es\/#\/schema\/person\/image\/","url":"https:\/\/secure.gravatar.com\/avatar\/67c8c00f9d1fb8454864b9abb11edc1d?s=96&d=mm&r=g","contentUrl":"https:\/\/secure.gravatar.com\/avatar\/67c8c00f9d1fb8454864b9abb11edc1d?s=96&d=mm&r=g","caption":"Sara Alcaraz G\u00e1lvez"},"sameAs":["https:\/\/www.linkedin.com\/in\/saraalca\/"],"url":"https:\/\/www.rajapack.es\/blog-es\/author\/saraalcarazgalvez"}]}},"_links":{"self":[{"href":"https:\/\/www.rajapack.es\/blog-es\/wp-json\/wp\/v2\/posts\/12113"}],"collection":[{"href":"https:\/\/www.rajapack.es\/blog-es\/wp-json\/wp\/v2\/posts"}],"about":[{"href":"https:\/\/www.rajapack.es\/blog-es\/wp-json\/wp\/v2\/types\/post"}],"author":[{"embeddable":true,"href":"https:\/\/www.rajapack.es\/blog-es\/wp-json\/wp\/v2\/users\/49"}],"replies":[{"embeddable":true,"href":"https:\/\/www.rajapack.es\/blog-es\/wp-json\/wp\/v2\/comments?post=12113"}],"version-history":[{"count":0,"href":"https:\/\/www.rajapack.es\/blog-es\/wp-json\/wp\/v2\/posts\/12113\/revisions"}],"wp:featuredmedia":[{"embeddable":true,"href":"https:\/\/www.rajapack.es\/blog-es\/wp-json\/wp\/v2\/media\/12163"}],"wp:attachment":[{"href":"https:\/\/www.rajapack.es\/blog-es\/wp-json\/wp\/v2\/media?parent=12113"}],"wp:term":[{"taxonomy":"category","embeddable":true,"href":"https:\/\/www.rajapack.es\/blog-es\/wp-json\/wp\/v2\/categories?post=12113"},{"taxonomy":"post_tag","embeddable":true,"href":"https:\/\/www.rajapack.es\/blog-es\/wp-json\/wp\/v2\/tags?post=12113"}],"curies":[{"name":"wp","href":"https:\/\/api.w.org\/{rel}","templated":true}]}}