{"id":12276,"date":"2020-06-15T09:00:00","date_gmt":"2020-06-15T07:00:00","guid":{"rendered":"https:\/\/blog-staging-es.raja-group.com\/?p=12276"},"modified":"2022-10-17T00:06:34","modified_gmt":"2022-10-16T22:06:34","slug":"demanda-embalaje-sectores-crisis-coronavirus","status":"publish","type":"post","link":"https:\/\/www.rajapack.es\/blog-es\/demanda-embalaje-sectores-crisis-coronavirus","title":{"rendered":"\u00bfC\u00f3mo ha evolucionado la demanda sectorial de embalaje durante la crisis del coronavirus?"},"content":{"rendered":"\n<p>Los patrones de <strong>demanda de embalaje<\/strong> de los diferentes sectores productivos se han visto tremendamente alterados con la <strong>crisis del coronavirus<\/strong>. Por un lado, el par\u00f3n obligado de la actividad econ\u00f3mica ha hecho que la compra de <em>packaging<\/em> cayera dr\u00e1sticamente en \u00e1mbitos como la industria B2B, la moda o el mundo del lujo. En la otra cara de la moneda, los denominados <strong>sectores esenciales<\/strong> han tenido que reforzar su stock con m\u00e1s productos para empaquetar con el fin de proteger la mercanc\u00eda y acelerar la preparaci\u00f3n de pedidos.<\/p>\n\n\n\n<p>Concretamente, <strong>la alimentaci\u00f3n y los e-commerces<\/strong> han debido evolucionar a marchas forzadas para satisfacer los requerimientos de una poblaci\u00f3n confinada. Sin embargo, ahora que avanzamos en la desescalada y que la nueva normalidad est\u00e1 cerca, \u00bfqu\u00e9 suceder\u00e1? Ve\u00e1moslo repasando las conclusiones de los primeros <strong>estudios sobre la demanda de embalaje en este convulso periodo<\/strong>.<\/p>\n\n\n\n<h2 class=\"wp-block-heading\">El \u2018packaging\u2019 alimentario, protagonista durante la crisis de la COVID-19<\/h2>\n\n\n\n<p>Un <a href=\"https:\/\/www.mckinsey.com\/industries\/paper-forest-products-and-packaging\/our-insights\/how-the-packaging-industry-can-navigate-the-coronavirus-pandemic\" target=\"_blank\" rel=\"noreferrer noopener nofollow\">an\u00e1lisis de McKinsey sobre el afrontamiento de la pandemia por parte de la industria del embalaje<\/a> estima que, con la cuarentena, <strong>un 14% de los estadounidenses increment\u00f3 su consumo de alimentos<\/strong>, y un 1% compr\u00f3 m\u00e1s productos para el hogar. Estas cifras contrastan con que el 50% recort\u00f3 su gasto habitual en ropa, el 47% en calzado y el 38% en maquillaje y cuidado de la piel.<\/p>\n\n\n\n<p>Para los <a href=\"https:\/\/www.rajapack.es\/blog-es\/embalaje-seguridad-poscovid-supermercados-restaurantes\/\">supermercados<\/a>, la situaci\u00f3n derivada de la expansi\u00f3n de la COVID-19 ha supuesto un reto de adaptaci\u00f3n a un cliente que:<\/p>\n\n\n<div class=\"wp-block-image\">\n<figure class=\"alignright size-large\"><a href=\"https:\/\/www.rajapack.es\/cajas-carton-contenedores-cajas-postales\/cajas-carton-cajas-americanas\/caja-carton-canal-doble-rajabox-menos-50cm-largo_PDT01529.html\" target=\"_blank\" rel=\"noopener noreferrer\"><img loading=\"lazy\" decoding=\"async\" width=\"300\" height=\"300\" src=\"https:\/\/www.rajapack.es\/blog-es\/wp-content\/uploads\/2020\/06\/caja-carton-canal-doble-menos-50-cm-largo-raja_PDT01529.jpg\" alt=\"Caja de cart\u00f3n de canal doble menos de 50cm de Embalajes RAJA\" class=\"wp-image-12280\" srcset=\"https:\/\/www.rajapack.es\/blog-es\/wp-content\/uploads\/2020\/06\/caja-carton-canal-doble-menos-50-cm-largo-raja_PDT01529.jpg 300w, https:\/\/www.rajapack.es\/blog-es\/wp-content\/uploads\/2020\/06\/caja-carton-canal-doble-menos-50-cm-largo-raja_PDT01529-150x150.jpg 150w, https:\/\/www.rajapack.es\/blog-es\/wp-content\/uploads\/2020\/06\/caja-carton-canal-doble-menos-50-cm-largo-raja_PDT01529-120x120.jpg 120w\" sizes=\"(max-width: 300px) 100vw, 300px\" \/><\/a><\/figure><\/div>\n\n\n<ul class=\"wp-block-list\"><li>Compra m\u00e1s, porque el consumo de alimentos y bebidas que antes rentabilizaba el canal Horeca ahora se desarrolla en casa.<\/li><li>Hace m\u00e1s pedidos a domicilio y de tipo <em>click &amp; collect<\/em>.<\/li><li>Tiene reparos a la hora de adquirir alimentos no envasados o a granel.<\/li><\/ul>\n\n\n\n<p>Esto ha cristalizado, seg\u00fan McKinsey, en un <strong>mayor uso de <a href=\"https:\/\/www.rajapack.es\/cajas-carton-contenedores-cajas-postales_C10.html\" target=\"_blank\" rel=\"noreferrer noopener\">cajas de cart\u00f3n<\/a> y <a href=\"https:\/\/www.rajapack.es\/film-paletizacion_C55.html\" target=\"_blank\" rel=\"noreferrer noopener\">film estirable<\/a> por parte de supermercados e hipermercados<\/strong>. Asimismo, el levantamiento de las medidas estrictas de distancia social favorece el florecimiento del reparto a domicilio y el <em>take away<\/em>, lo que se traduce en una mayor inversi\u00f3n en <a href=\"https:\/\/www.rajapack.es\/cajas-carton-contenedores-cajas-postales\/embalaje-comida-para-llevar_C107050.html\" target=\"_blank\" rel=\"noreferrer noopener\"><em>packaging<\/em> alimentario para llevar<\/a> por parte de los restaurantes.<\/p>\n\n\n\n<h2 class=\"wp-block-heading\">Embalaje e-commerce para una digitalizaci\u00f3n a marchas forzadas<\/h2>\n\n\n\n<p>De manera complementaria, y con el fin de salvar un negocio imposible de mantener en los entornos f\u00edsicos, la venta online ha sido el otro gran beneficiado -y gran demandante de embalaje- de esta crisis. El <a href=\"https:\/\/www.rajapack.es\/blog-es\/covid-19-embalaje-ecommerce\/\">embalaje para e-commerce<\/a> juega un papel crucial en \u00e1mbitos como la <strong>farmacia y parafarmacia<\/strong>, uno de los m\u00e1s activos debido a:<\/p>\n\n\n\n<ul class=\"wp-block-list\"><li>La compra en masa de <a href=\"https:\/\/www.rajapack.es\/productos-covid19_C9647.html\" target=\"_blank\" rel=\"noreferrer noopener\">productos de protecci\u00f3n frente al coronavirus<\/a> (como mascarillas, geles hidroalcoh\u00f3licos o guantes).<\/li><li>Un nuevo inter\u00e9s por el autocuidado, con el fin de preservar la salud durante el confinamiento.<\/li><\/ul>\n\n\n<div class=\"wp-block-image\">\n<figure class=\"aligncenter size-large\"><a href=\"https:\/\/www.rajapack.es\/productos-covid19_C9647.html\" target=\"_blank\" rel=\"noopener noreferrer\"><img loading=\"lazy\" decoding=\"async\" width=\"1024\" height=\"354\" src=\"https:\/\/www.rajapack.es\/blog-es\/wp-content\/uploads\/2020\/05\/ES200401_ban-hp-MC-covid19-1024x354.png\" alt=\"Material de protecci\u00f3n COVID-19 de Embalajes RAJA\" class=\"wp-image-12209\" srcset=\"https:\/\/www.rajapack.es\/blog-es\/wp-content\/uploads\/2020\/05\/ES200401_ban-hp-MC-covid19-1024x354.png 1024w, https:\/\/www.rajapack.es\/blog-es\/wp-content\/uploads\/2020\/05\/ES200401_ban-hp-MC-covid19-430x148.png 430w, https:\/\/www.rajapack.es\/blog-es\/wp-content\/uploads\/2020\/05\/ES200401_ban-hp-MC-covid19-768x265.png 768w, https:\/\/www.rajapack.es\/blog-es\/wp-content\/uploads\/2020\/05\/ES200401_ban-hp-MC-covid19.png 1390w\" sizes=\"(max-width: 1024px) 100vw, 1024px\" \/><\/a><\/figure><\/div>\n\n\n<h3 class=\"wp-block-heading\">Productos de embalaje m\u00e1s demandados por las tiendas online durante la pandemia<\/h3>\n\n\n<div class=\"wp-block-image\">\n<figure class=\"alignright size-large\"><a href=\"https:\/\/www.rajapack.es\/bolsas-envases\/bolsas-plastico-para-acondicionamiento\/bolsa-plastico-cierre-zip-franjas-blancas-60-micras-rajagrip-super_PDT02458.html\" target=\"_blank\" rel=\"noopener noreferrer\"><img loading=\"lazy\" decoding=\"async\" width=\"300\" height=\"300\" src=\"https:\/\/www.rajapack.es\/blog-es\/wp-content\/uploads\/2020\/06\/bolsa-plastico-cierre-zip-franjas-blancas-60-micras-galga-240-raja_PDT02458.jpg\" alt=\"Bolsa de pl\u00e1stico con cierre zip de Embalajes RAJA\" class=\"wp-image-12279\" srcset=\"https:\/\/www.rajapack.es\/blog-es\/wp-content\/uploads\/2020\/06\/bolsa-plastico-cierre-zip-franjas-blancas-60-micras-galga-240-raja_PDT02458.jpg 300w, https:\/\/www.rajapack.es\/blog-es\/wp-content\/uploads\/2020\/06\/bolsa-plastico-cierre-zip-franjas-blancas-60-micras-galga-240-raja_PDT02458-150x150.jpg 150w, https:\/\/www.rajapack.es\/blog-es\/wp-content\/uploads\/2020\/06\/bolsa-plastico-cierre-zip-franjas-blancas-60-micras-galga-240-raja_PDT02458-120x120.jpg 120w\" sizes=\"(max-width: 300px) 100vw, 300px\" \/><\/a><\/figure><\/div>\n\n\n<p>En su <a href=\"https:\/\/www.rajapack.it\/blog-it\/barometro-imballaggi-e-logistica-ai-tempi-del-coronavirus\/\" target=\"_blank\" rel=\"noreferrer noopener\">bar\u00f3metro del embalaje durante la emergencia sanitaria<\/a>, RAJAPACK Italia ha registrado un <strong>aumento notable de nuevos clientes en el segmento de productos para e-commerce<\/strong>. El 14% de ellos proceden del mundo del <strong>ocio, los deportes, y el bricolaje<\/strong>; el 8% corresponde a belleza, electr\u00f3nica, mundo infantil, muebles y accesorios para el hogar; el 6% a la industria alimentaria; y bares\/restaurantes y farmacias se quedan con sendas cuotas del 3%, respectivamente.<\/p>\n\n\n\n<p>Asimismo, seg\u00fan este bar\u00f3metro, los <strong>productos de embalaje para e-commerce m\u00e1s solicitados<\/strong> son:<\/p>\n\n\n\n<ul class=\"wp-block-list\"><li><a href=\"http:\/\/cuya%20demanda%20ha%20crecido%20un%2021%25%20en%20marzo%20y%20abril%20de%20este%20a\u00f1o%20con%20respecto%20al%20mismo%20periodo%20de%202019.\" target=\"_blank\" rel=\"noreferrer noopener\">Embalaje de relleno y protecci\u00f3n<\/a>, cuya demanda ha crecido un 25% en marzo y abril de este a\u00f1o con respecto al mismo periodo de 2019.<\/li><li><a href=\"https:\/\/www.rajapack.es\/bolsas-envases\/bolsas-plastico-cierre-zip_C301020.html\" target=\"_blank\" rel=\"noreferrer noopener\">Bolsas de pl\u00e1stico con cierre zip<\/a>, con un avance del 23%.<\/li><li><a href=\"https:\/\/www.rajapack.es\/cajas-carton-contenedores-cajas-postales_C10.html\" target=\"_blank\" rel=\"noreferrer noopener\">Cajas de cart\u00f3n y postales<\/a>, con un incremento del 21%.<\/li><\/ul>\n\n\n\n<h2 class=\"wp-block-heading\">La demanda de embalaje en la nueva normalidad<\/h2>\n\n\n\n<p>A medida que la realidad poscovid se imponga, cabe esperar que <strong>la demanda sectorial de embalaje regrese a la situaci\u00f3n previa<\/strong>. No obstante, hay varias tendencias derivadas de la disrupci\u00f3n por la COVID-19 que perdurar\u00e1n, al menos, durante varios meses:<\/p>\n\n\n\n<ul class=\"wp-block-list\"><li><strong>El pl\u00e1stico y el cart\u00f3n corrugado<\/strong> se consolidar\u00e1n como los materiales de embalaje preferidos por las empresas. El primero, por ser percibido como higi\u00e9nico y seguro; el segundo, porque algunos estudios sugieren que la supervivencia del coronavirus sobre \u00e9l es menor que sobre otras superficies. Una <a href=\"https:\/\/www.packaging-gateway.com\/news\/covid-19-demand-increase-various-packaging-formats\/\" target=\"_blank\" rel=\"noreferrer noopener nofollow\">encuesta de Verdict<\/a> corrobora que la demanda de pl\u00e1stico ha aumentado un 44%, y la de cart\u00f3n, un 32% a ra\u00edz del estallido de la pandemia.<\/li><li><strong>Las opciones de un solo uso ganar\u00e1n terreno frente a las reutilizables<\/strong>, al menos en un primer momento. La alarma por la COVID-19 ha incrementado el consumo de envases, <a href=\"https:\/\/www.ecoembes.com\/es\/ciudadanos\/sala-de-prensa\/notas-de-prensa\/reciclaje-de-envases-contenedor-amarillo-crece\" target=\"_blank\" rel=\"noreferrer noopener nofollow\">fen\u00f3meno que corrobora Ecoembes<\/a>, que detect\u00f3 un aumento del 15% en el reciclado de art\u00edculos en el contenedor amarillo durante las primeras semanas del estado de alarma. No obstante, sigue adelante la tramitaci\u00f3n de leyes para <a href=\"https:\/\/www.rajapack.es\/blog-es\/prohibicion-plasticos-un-solo-uso\/\">prohibir los pl\u00e1sticos de un solo uso<\/a> a medio plazo. El Ministerio para la Transici\u00f3n Ecol\u00f3gica espa\u00f1ol ha presentado un <a href=\"https:\/\/www.miteco.gob.es\/es\/prensa\/ultimas-noticias\/arranca-la-tramitaci%C3%B3n-del-anteproyecto-de-ley-de-residuos-para-impulsar-una-econom%C3%ADa-circular-mejorar-la-gesti%C3%B3n-de-residuos-en-espa%C3%B1a-y-luchar\/tcm:30-509531\" target=\"_blank\" rel=\"noreferrer noopener\">anteproyecto de Ley de Residuos y Suelos Contaminados<\/a> que prev\u00e9 sacar del mercado los cubiertos y el menaje de estas caracter\u00edsticas en julio de 2021, entre otras iniciativas dirigidas a reducir la generaci\u00f3n de desechos y a fomentar su recuperaci\u00f3n.<\/li><\/ul>\n\n\n\n<p><strong>En RAJAPACK<\/strong><strong> hemos permanecido 100% operativos<\/strong> durante todo este tiempo para darte el mejor servicio, y a partir de ahora continuaremos al pie del ca\u00f1\u00f3n para apoyarte en la reanudaci\u00f3n general de la actividad econ\u00f3mica. \u00a1Conf\u00eda en nosotros para impulsar tu empresa y tu e-commerce!<\/p>\n\n\n<div class=\"wp-block-image\">\n<figure class=\"aligncenter size-large\"><a href=\"https:\/\/www.rajapack.es\/embalajes-tiendas-online_cms_000068.html\" target=\"_blank\" rel=\"noopener noreferrer\"><img loading=\"lazy\" decoding=\"async\" width=\"850\" height=\"277\" src=\"https:\/\/www.rajapack.es\/blog-es\/wp-content\/uploads\/2019\/08\/CTA-Embalaje-para-ecommerceB.jpg\" alt=\"Embalaje para e-commerce: siempre en stock en RAJA\" class=\"wp-image-11283\" srcset=\"https:\/\/www.rajapack.es\/blog-es\/wp-content\/uploads\/2019\/08\/CTA-Embalaje-para-ecommerceB.jpg 850w, https:\/\/www.rajapack.es\/blog-es\/wp-content\/uploads\/2019\/08\/CTA-Embalaje-para-ecommerceB-300x98.jpg 300w, https:\/\/www.rajapack.es\/blog-es\/wp-content\/uploads\/2019\/08\/CTA-Embalaje-para-ecommerceB-768x250.jpg 768w, https:\/\/www.rajapack.es\/blog-es\/wp-content\/uploads\/2019\/08\/CTA-Embalaje-para-ecommerceB-375x122.jpg 375w\" sizes=\"(max-width: 850px) 100vw, 850px\" \/><\/a><\/figure><\/div>","protected":false},"excerpt":{"rendered":"<p>La emergencia sanitaria por la COVID-19 y el confinamiento han reducido la demanda de embalaje de ciertos sectores productivos, que se han visto obligados a interrumpir o recortar su actividad. Sin embargo, otros, como la alimentaci\u00f3n o el e-commerce, han tenido que aprovisionarse aceleradamente para ser capaces de empaquetar un volumen creciente de pedidos. \u00bfQu\u00e9 ocurrir\u00e1 con la desescalada y la llegada de la nueva normalidad?<\/p>\n","protected":false},"author":31,"featured_media":12292,"comment_status":"open","ping_status":"open","sticky":false,"template":"","format":"standard","meta":{"_acf_changed":false,"footnotes":""},"categories":[4],"tags":[106],"class_list":["post-12276","post","type-post","status-publish","format-standard","has-post-thumbnail","hentry","category-embalaje","tag-embalajes"],"acf":[],"yoast_head":"\n<title>COVID-19: demanda de embalaje por sectores | RAJAPACK<\/title>\n<meta name=\"description\" content=\"La alimentaci\u00f3n y el e-commerce han espoleado la demanda de embalaje durante la crisis del coronavirus. \u00bfQu\u00e9 ocurrir\u00e1 a partir de ahora?\" \/>\n<meta name=\"robots\" content=\"index, follow, max-snippet:-1, max-image-preview:large, max-video-preview:-1\" \/>\n<link rel=\"canonical\" href=\"https:\/\/www.rajapack.es\/blog-es\/demanda-embalaje-sectores-crisis-coronavirus\" \/>\n<meta property=\"og:locale\" content=\"es_ES\" \/>\n<meta property=\"og:type\" content=\"article\" \/>\n<meta property=\"og:title\" content=\"COVID-19: demanda de embalaje por sectores | RAJAPACK\" \/>\n<meta property=\"og:description\" content=\"La alimentaci\u00f3n y el e-commerce han espoleado la demanda de embalaje durante la crisis del coronavirus. \u00bfQu\u00e9 ocurrir\u00e1 a partir de ahora?\" \/>\n<meta property=\"og:url\" content=\"https:\/\/www.rajapack.es\/blog-es\/demanda-embalaje-sectores-crisis-coronavirus\" \/>\n<meta property=\"og:site_name\" content=\"RAJAPACK Blog | Consejos de embalaje, log\u00edstica y m\u00e1s\" \/>\n<meta property=\"article:publisher\" content=\"https:\/\/www.facebook.com\/Rajapack.es\" \/>\n<meta property=\"article:published_time\" content=\"2020-06-15T07:00:00+00:00\" \/>\n<meta property=\"article:modified_time\" content=\"2022-10-16T22:06:34+00:00\" \/>\n<meta property=\"og:image\" content=\"https:\/\/www.rajapack.es\/blog-es\/wp-content\/uploads\/2020\/06\/demanda-embalaje-sectores-coronavirus.jpg\" \/>\n\t<meta property=\"og:image:width\" content=\"850\" \/>\n\t<meta property=\"og:image:height\" content=\"450\" \/>\n\t<meta property=\"og:image:type\" content=\"image\/jpeg\" \/>\n<meta name=\"author\" content=\"Beatriz GONZALES\" \/>\n<meta name=\"twitter:card\" content=\"summary_large_image\" \/>\n<meta name=\"twitter:creator\" content=\"@RajapackES\" \/>\n<meta name=\"twitter:site\" content=\"@RajapackES\" \/>\n<meta name=\"twitter:label1\" content=\"Escrito por\" \/>\n\t<meta name=\"twitter:data1\" content=\"Beatriz GONZALES\" \/>\n\t<meta name=\"twitter:label2\" content=\"Tiempo de lectura\" \/>\n\t<meta name=\"twitter:data2\" content=\"5 minutos\" \/>\n<script type=\"application\/ld+json\" class=\"yoast-schema-graph\">{\n\t    \"@context\": \"https:\/\/schema.org\",\n\t    \"@graph\": [\n\t        {\n\t            \"@type\": \"Article\",\n\t            \"@id\": \"https:\/\/www.rajapack.es\/blog-es\/demanda-embalaje-sectores-crisis-coronavirus#article\",\n\t            \"isPartOf\": {\n\t                \"@id\": \"https:\/\/www.rajapack.es\/blog-es\/demanda-embalaje-sectores-crisis-coronavirus\"\n\t            },\n\t            \"author\": {\n\t                \"name\": \"Beatriz GONZALES\",\n\t                \"@id\": \"https:\/\/www.rajapack.es\/blog-es\/#\/schema\/person\/9fac94e7fcd0aa6d015f7202bd4e2b0f\"\n\t            },\n\t            \"headline\": \"\u00bfC\u00f3mo ha evolucionado la demanda sectorial de embalaje durante la crisis del coronavirus?\",\n\t            \"datePublished\": \"2020-06-15T07:00:00+00:00\",\n\t            \"dateModified\": \"2022-10-16T22:06:34+00:00\",\n\t            \"mainEntityOfPage\": {\n\t                \"@id\": \"https:\/\/www.rajapack.es\/blog-es\/demanda-embalaje-sectores-crisis-coronavirus\"\n\t            },\n\t            \"wordCount\": 936,\n\t            \"commentCount\": 0,\n\t            \"publisher\": {\n\t                \"@id\": \"https:\/\/www.rajapack.es\/blog-es\/#organization\"\n\t            },\n\t            \"image\": {\n\t                \"@id\": \"https:\/\/www.rajapack.es\/blog-es\/demanda-embalaje-sectores-crisis-coronavirus#primaryimage\"\n\t            },\n\t            \"thumbnailUrl\": \"https:\/\/www.rajapack.es\/blog-es\/wp-content\/uploads\/2020\/06\/demanda-embalaje-sectores-coronavirus.jpg\",\n\t            \"keywords\": [\n\t                \"embalajes\"\n\t            ],\n\t            \"articleSection\": [\n\t                \"Novedades &amp; Consejos de embalaje\"\n\t            ],\n\t            \"inLanguage\": \"es\",\n\t            \"potentialAction\": [\n\t                {\n\t                    \"@type\": \"CommentAction\",\n\t                    \"name\": \"Comment\",\n\t                    \"target\": [\n\t                        \"https:\/\/www.rajapack.es\/blog-es\/demanda-embalaje-sectores-crisis-coronavirus#respond\"\n\t                    ]\n\t                }\n\t            ]\n\t        },\n\t        {\n\t            \"@type\": \"WebPage\",\n\t            \"@id\": \"https:\/\/www.rajapack.es\/blog-es\/demanda-embalaje-sectores-crisis-coronavirus\",\n\t            \"url\": \"https:\/\/www.rajapack.es\/blog-es\/demanda-embalaje-sectores-crisis-coronavirus\",\n\t            \"name\": \"COVID-19: demanda de embalaje por sectores | RAJAPACK\",\n\t            \"isPartOf\": {\n\t                \"@id\": \"https:\/\/www.rajapack.es\/blog-es\/#website\"\n\t            },\n\t            \"primaryImageOfPage\": {\n\t                \"@id\": \"https:\/\/www.rajapack.es\/blog-es\/demanda-embalaje-sectores-crisis-coronavirus#primaryimage\"\n\t            },\n\t            \"image\": {\n\t                \"@id\": \"https:\/\/www.rajapack.es\/blog-es\/demanda-embalaje-sectores-crisis-coronavirus#primaryimage\"\n\t            },\n\t            \"thumbnailUrl\": \"https:\/\/www.rajapack.es\/blog-es\/wp-content\/uploads\/2020\/06\/demanda-embalaje-sectores-coronavirus.jpg\",\n\t            \"datePublished\": \"2020-06-15T07:00:00+00:00\",\n\t            \"dateModified\": \"2022-10-16T22:06:34+00:00\",\n\t            \"description\": \"La alimentaci\u00f3n y el e-commerce han espoleado la demanda de embalaje durante la crisis del coronavirus. \u00bfQu\u00e9 ocurrir\u00e1 a partir de ahora?\",\n\t            \"inLanguage\": \"es\",\n\t            \"potentialAction\": [\n\t                {\n\t                    \"@type\": \"ReadAction\",\n\t                    \"target\": [\n\t                        \"https:\/\/www.rajapack.es\/blog-es\/demanda-embalaje-sectores-crisis-coronavirus\"\n\t                    ]\n\t                }\n\t            ]\n\t        },\n\t        {\n\t            \"@type\": \"ImageObject\",\n\t            \"inLanguage\": \"es\",\n\t            \"@id\": \"https:\/\/www.rajapack.es\/blog-es\/demanda-embalaje-sectores-crisis-coronavirus#primaryimage\",\n\t            \"url\": \"https:\/\/www.rajapack.es\/blog-es\/wp-content\/uploads\/2020\/06\/demanda-embalaje-sectores-coronavirus.jpg\",\n\t            \"contentUrl\": \"https:\/\/www.rajapack.es\/blog-es\/wp-content\/uploads\/2020\/06\/demanda-embalaje-sectores-coronavirus.jpg\",\n\t            \"width\": 850,\n\t            \"height\": 450,\n\t            \"caption\": \"\u00bfC\u00f3mo ha evolucionado la demanda sectorial de embalaje durante la crisis del coronavirus?\"\n\t        },\n\t        {\n\t            \"@type\": \"WebSite\",\n\t            \"@id\": \"https:\/\/www.rajapack.es\/blog-es\/#website\",\n\t            \"url\": \"https:\/\/www.rajapack.es\/blog-es\/\",\n\t            \"name\": \"RAJAPACK Blog | Consejos de embalaje, log\u00edstica y m\u00e1s\",\n\t            \"description\": \"Consejos de embalaje, logistica y m\u00e1s\",\n\t            \"publisher\": {\n\t                \"@id\": \"https:\/\/www.rajapack.es\/blog-es\/#organization\"\n\t            },\n\t            \"potentialAction\": [\n\t                {\n\t                    \"@type\": \"SearchAction\",\n\t                    \"target\": {\n\t                        \"@type\": \"EntryPoint\",\n\t                        \"urlTemplate\": \"https:\/\/www.rajapack.es\/blog-es\/?s={search_term_string}\"\n\t                    },\n\t                    \"query-input\": {\n\t                        \"@type\": \"PropertyValueSpecification\",\n\t                        \"valueRequired\": true,\n\t                        \"valueName\": \"search_term_string\"\n\t                    }\n\t                }\n\t            ],\n\t            \"inLanguage\": \"es\"\n\t        },\n\t        {\n\t            \"@type\": \"Organization\",\n\t            \"@id\": \"https:\/\/www.rajapack.es\/blog-es\/#organization\",\n\t            \"name\": \"RAJA ES\",\n\t            \"url\": \"https:\/\/www.rajapack.es\/blog-es\/\",\n\t            \"logo\": {\n\t                \"@type\": \"ImageObject\",\n\t                \"inLanguage\": \"es\",\n\t                \"@id\": \"https:\/\/www.rajapack.es\/blog-es\/#\/schema\/logo\/image\/\",\n\t                \"url\": \"https:\/\/www.rajapack.es\/blog-es\/wp-content\/uploads\/2021\/10\/logo-mobile@3x.png\",\n\t                \"contentUrl\": \"https:\/\/www.rajapack.es\/blog-es\/wp-content\/uploads\/2021\/10\/logo-mobile@3x.png\",\n\t                \"width\": 534,\n\t                \"height\": 114,\n\t                \"caption\": \"RAJA ES\"\n\t            },\n\t            \"image\": {\n\t                \"@id\": \"https:\/\/www.rajapack.es\/blog-es\/#\/schema\/logo\/image\/\"\n\t            },\n\t            \"sameAs\": [\n\t                \"https:\/\/www.facebook.com\/Rajapack.es\",\n\t                \"https:\/\/x.com\/RajapackES\",\n\t                \"https:\/\/www.linkedin.com\/company\/rajapack-spain\/\",\n\t                \"https:\/\/www.youtube.com\/user\/RajapackES\"\n\t            ]\n\t        },\n\t        {\n\t            \"@type\": \"Person\",\n\t            \"@id\": \"https:\/\/www.rajapack.es\/blog-es\/#\/schema\/person\/9fac94e7fcd0aa6d015f7202bd4e2b0f\",\n\t            \"name\": \"Beatriz GONZALES\",\n\t            \"image\": {\n\t                \"@type\": \"ImageObject\",\n\t                \"inLanguage\": \"es\",\n\t                \"@id\": \"https:\/\/www.rajapack.es\/blog-es\/#\/schema\/person\/image\/\",\n\t                \"url\": \"https:\/\/secure.gravatar.com\/avatar\/8d60a8c60719946f0508b6546da3680b?s=96&d=mm&r=g\",\n\t                \"contentUrl\": \"https:\/\/secure.gravatar.com\/avatar\/8d60a8c60719946f0508b6546da3680b?s=96&d=mm&r=g\",\n\t                \"caption\": \"Beatriz GONZALES\"\n\t            },\n\t            \"description\": \"User Wordpress\",\n\t            \"url\": \"https:\/\/www.rajapack.es\/blog-es\/author\/beatriz-gonzales\"\n\t        }\n\t    ]\n\t}<\/script>\n","yoast_head_json":{"title":"COVID-19: demanda de embalaje por sectores | RAJAPACK","description":"La alimentaci\u00f3n y el e-commerce han espoleado la demanda de embalaje durante la crisis del coronavirus. \u00bfQu\u00e9 ocurrir\u00e1 a partir de ahora?","robots":{"index":"index","follow":"follow","max-snippet":"max-snippet:-1","max-image-preview":"max-image-preview:large","max-video-preview":"max-video-preview:-1"},"canonical":"https:\/\/www.rajapack.es\/blog-es\/demanda-embalaje-sectores-crisis-coronavirus","og_locale":"es_ES","og_type":"article","og_title":"COVID-19: demanda de embalaje por sectores | RAJAPACK","og_description":"La alimentaci\u00f3n y el e-commerce han espoleado la demanda de embalaje durante la crisis del coronavirus. \u00bfQu\u00e9 ocurrir\u00e1 a partir de ahora?","og_url":"https:\/\/www.rajapack.es\/blog-es\/demanda-embalaje-sectores-crisis-coronavirus","og_site_name":"RAJAPACK Blog | Consejos de embalaje, log\u00edstica y m\u00e1s","article_publisher":"https:\/\/www.facebook.com\/Rajapack.es","article_published_time":"2020-06-15T07:00:00+00:00","article_modified_time":"2022-10-16T22:06:34+00:00","og_image":[{"width":850,"height":450,"url":"https:\/\/www.rajapack.es\/blog-es\/wp-content\/uploads\/2020\/06\/demanda-embalaje-sectores-coronavirus.jpg","type":"image\/jpeg"}],"author":"Beatriz GONZALES","twitter_card":"summary_large_image","twitter_creator":"@RajapackES","twitter_site":"@RajapackES","twitter_misc":{"Escrito por":"Beatriz GONZALES","Tiempo de lectura":"5 minutos"},"schema":{"@context":"https:\/\/schema.org","@graph":[{"@type":"Article","@id":"https:\/\/www.rajapack.es\/blog-es\/demanda-embalaje-sectores-crisis-coronavirus#article","isPartOf":{"@id":"https:\/\/www.rajapack.es\/blog-es\/demanda-embalaje-sectores-crisis-coronavirus"},"author":{"name":"Beatriz GONZALES","@id":"https:\/\/www.rajapack.es\/blog-es\/#\/schema\/person\/9fac94e7fcd0aa6d015f7202bd4e2b0f"},"headline":"\u00bfC\u00f3mo ha evolucionado la demanda sectorial de embalaje durante la crisis del coronavirus?","datePublished":"2020-06-15T07:00:00+00:00","dateModified":"2022-10-16T22:06:34+00:00","mainEntityOfPage":{"@id":"https:\/\/www.rajapack.es\/blog-es\/demanda-embalaje-sectores-crisis-coronavirus"},"wordCount":936,"commentCount":0,"publisher":{"@id":"https:\/\/www.rajapack.es\/blog-es\/#organization"},"image":{"@id":"https:\/\/www.rajapack.es\/blog-es\/demanda-embalaje-sectores-crisis-coronavirus#primaryimage"},"thumbnailUrl":"https:\/\/www.rajapack.es\/blog-es\/wp-content\/uploads\/2020\/06\/demanda-embalaje-sectores-coronavirus.jpg","keywords":["embalajes"],"articleSection":["Novedades &amp; Consejos de embalaje"],"inLanguage":"es","potentialAction":[{"@type":"CommentAction","name":"Comment","target":["https:\/\/www.rajapack.es\/blog-es\/demanda-embalaje-sectores-crisis-coronavirus#respond"]}]},{"@type":"WebPage","@id":"https:\/\/www.rajapack.es\/blog-es\/demanda-embalaje-sectores-crisis-coronavirus","url":"https:\/\/www.rajapack.es\/blog-es\/demanda-embalaje-sectores-crisis-coronavirus","name":"COVID-19: demanda de embalaje por sectores | RAJAPACK","isPartOf":{"@id":"https:\/\/www.rajapack.es\/blog-es\/#website"},"primaryImageOfPage":{"@id":"https:\/\/www.rajapack.es\/blog-es\/demanda-embalaje-sectores-crisis-coronavirus#primaryimage"},"image":{"@id":"https:\/\/www.rajapack.es\/blog-es\/demanda-embalaje-sectores-crisis-coronavirus#primaryimage"},"thumbnailUrl":"https:\/\/www.rajapack.es\/blog-es\/wp-content\/uploads\/2020\/06\/demanda-embalaje-sectores-coronavirus.jpg","datePublished":"2020-06-15T07:00:00+00:00","dateModified":"2022-10-16T22:06:34+00:00","description":"La alimentaci\u00f3n y el e-commerce han espoleado la demanda de embalaje durante la crisis del coronavirus. \u00bfQu\u00e9 ocurrir\u00e1 a partir de ahora?","inLanguage":"es","potentialAction":[{"@type":"ReadAction","target":["https:\/\/www.rajapack.es\/blog-es\/demanda-embalaje-sectores-crisis-coronavirus"]}]},{"@type":"ImageObject","inLanguage":"es","@id":"https:\/\/www.rajapack.es\/blog-es\/demanda-embalaje-sectores-crisis-coronavirus#primaryimage","url":"https:\/\/www.rajapack.es\/blog-es\/wp-content\/uploads\/2020\/06\/demanda-embalaje-sectores-coronavirus.jpg","contentUrl":"https:\/\/www.rajapack.es\/blog-es\/wp-content\/uploads\/2020\/06\/demanda-embalaje-sectores-coronavirus.jpg","width":850,"height":450,"caption":"\u00bfC\u00f3mo ha evolucionado la demanda sectorial de embalaje durante la crisis del coronavirus?"},{"@type":"WebSite","@id":"https:\/\/www.rajapack.es\/blog-es\/#website","url":"https:\/\/www.rajapack.es\/blog-es\/","name":"RAJAPACK Blog | Consejos de embalaje, log\u00edstica y m\u00e1s","description":"Consejos de embalaje, logistica y m\u00e1s","publisher":{"@id":"https:\/\/www.rajapack.es\/blog-es\/#organization"},"potentialAction":[{"@type":"SearchAction","target":{"@type":"EntryPoint","urlTemplate":"https:\/\/www.rajapack.es\/blog-es\/?s={search_term_string}"},"query-input":{"@type":"PropertyValueSpecification","valueRequired":true,"valueName":"search_term_string"}}],"inLanguage":"es"},{"@type":"Organization","@id":"https:\/\/www.rajapack.es\/blog-es\/#organization","name":"RAJA ES","url":"https:\/\/www.rajapack.es\/blog-es\/","logo":{"@type":"ImageObject","inLanguage":"es","@id":"https:\/\/www.rajapack.es\/blog-es\/#\/schema\/logo\/image\/","url":"https:\/\/www.rajapack.es\/blog-es\/wp-content\/uploads\/2021\/10\/logo-mobile@3x.png","contentUrl":"https:\/\/www.rajapack.es\/blog-es\/wp-content\/uploads\/2021\/10\/logo-mobile@3x.png","width":534,"height":114,"caption":"RAJA ES"},"image":{"@id":"https:\/\/www.rajapack.es\/blog-es\/#\/schema\/logo\/image\/"},"sameAs":["https:\/\/www.facebook.com\/Rajapack.es","https:\/\/x.com\/RajapackES","https:\/\/www.linkedin.com\/company\/rajapack-spain\/","https:\/\/www.youtube.com\/user\/RajapackES"]},{"@type":"Person","@id":"https:\/\/www.rajapack.es\/blog-es\/#\/schema\/person\/9fac94e7fcd0aa6d015f7202bd4e2b0f","name":"Beatriz GONZALES","image":{"@type":"ImageObject","inLanguage":"es","@id":"https:\/\/www.rajapack.es\/blog-es\/#\/schema\/person\/image\/","url":"https:\/\/secure.gravatar.com\/avatar\/8d60a8c60719946f0508b6546da3680b?s=96&d=mm&r=g","contentUrl":"https:\/\/secure.gravatar.com\/avatar\/8d60a8c60719946f0508b6546da3680b?s=96&d=mm&r=g","caption":"Beatriz GONZALES"},"description":"User Wordpress","url":"https:\/\/www.rajapack.es\/blog-es\/author\/beatriz-gonzales"}]}},"_links":{"self":[{"href":"https:\/\/www.rajapack.es\/blog-es\/wp-json\/wp\/v2\/posts\/12276"}],"collection":[{"href":"https:\/\/www.rajapack.es\/blog-es\/wp-json\/wp\/v2\/posts"}],"about":[{"href":"https:\/\/www.rajapack.es\/blog-es\/wp-json\/wp\/v2\/types\/post"}],"author":[{"embeddable":true,"href":"https:\/\/www.rajapack.es\/blog-es\/wp-json\/wp\/v2\/users\/31"}],"replies":[{"embeddable":true,"href":"https:\/\/www.rajapack.es\/blog-es\/wp-json\/wp\/v2\/comments?post=12276"}],"version-history":[{"count":0,"href":"https:\/\/www.rajapack.es\/blog-es\/wp-json\/wp\/v2\/posts\/12276\/revisions"}],"wp:featuredmedia":[{"embeddable":true,"href":"https:\/\/www.rajapack.es\/blog-es\/wp-json\/wp\/v2\/media\/12292"}],"wp:attachment":[{"href":"https:\/\/www.rajapack.es\/blog-es\/wp-json\/wp\/v2\/media?parent=12276"}],"wp:term":[{"taxonomy":"category","embeddable":true,"href":"https:\/\/www.rajapack.es\/blog-es\/wp-json\/wp\/v2\/categories?post=12276"},{"taxonomy":"post_tag","embeddable":true,"href":"https:\/\/www.rajapack.es\/blog-es\/wp-json\/wp\/v2\/tags?post=12276"}],"curies":[{"name":"wp","href":"https:\/\/api.w.org\/{rel}","templated":true}]}}