{"id":12311,"date":"2020-06-29T12:38:30","date_gmt":"2020-06-29T10:38:30","guid":{"rendered":"https:\/\/blog-staging-es.raja-group.com\/?p=12311"},"modified":"2025-01-30T02:35:07","modified_gmt":"2025-01-30T00:35:07","slug":"seguridad-medioambiente-embalaje-covid","status":"publish","type":"post","link":"https:\/\/www.rajapack.es\/blog-es\/seguridad-medioambiente-embalaje-covid","title":{"rendered":"Seguridad y medioambiente: \u00bfes posible conjugar ambos valores en el embalaje de la nueva normalidad?"},"content":{"rendered":"\n<p>La industria del embalaje \u201cha demostrado ser un sector esencial e imprescindible para que el mundo siga funcionando\u201d durante la emergencia sanitaria por el virus SARS-CoV-2. As\u00ed lo afirma el sal\u00f3n Hispack de la Fira de Barcelona, que capitanea una campa\u00f1a de reconocimiento bajo el <em>hashtag<\/em> <a href=\"http:\/\/www.hispack.com\/news\/-\/noticias\/detalle\/16442104\/noticia_testimonials_covid19\" target=\"_blank\" rel=\"noreferrer noopener nofollow\"><strong>#LaFuerzadelPackaging<\/strong><\/a>. Y es que el embalaje:<\/p>\n\n\n\n<ul class=\"wp-block-list\">\n<li>Ha sido crucial a la hora de garantizar la seguridad en el transporte de alimentos y productos farmac\u00e9uticos.<\/li>\n\n\n\n<li>Ha hecho posible el incremento de las ventas online y de la entrega a domicilio, simplificando la preparaci\u00f3n de pedidos.<\/li>\n\n\n\n<li>Ha ayudado a reforzar la higiene en \u00e1mbitos como la hosteler\u00eda y la restauraci\u00f3n.<\/li>\n<\/ul>\n\n\n\n<p>Sin embargo, protegerse del virus por medio del envasado, el embolsado y el empleo de art\u00edculos de un solo uso tambi\u00e9n tiene su cara B: un <strong>aumento en el consumo de pl\u00e1sticos<\/strong> que ha desplazado temporalmente a otras opciones de <a href=\"https:\/\/www.rajapack.es\/blog-es\/principios-basicos-embalaje-sostenible\/\"><strong>embalaje m\u00e1s sostenibles<\/strong><\/a><strong>.<\/strong> Seg\u00fan <a href=\"https:\/\/www.ecoembes.com\/es\/ciudadanos\/sala-de-prensa\/notas-de-prensa\/reciclaje-de-envases-contenedor-amarillo-crece\" target=\"_blank\" rel=\"noreferrer noopener nofollow\">registros de Ecoembes<\/a>, el volumen de residuos depositados en el contenedor amarillo creci\u00f3 un 15% en las primeras semanas del estado de alarma. \u00bfSer\u00e1 factible cuidar de nuestra salud y, a la vez, del planeta en la nueva normalidad? \u00bfQu\u00e9 papel debe desempe\u00f1ar el embalaje? En RAJAPACK buscamos respuestas contigo.<\/p>\n\n\n\n<h2 class=\"wp-block-heading\">Consumo de envases, embalajes y EPI durante la crisis del coronavirus<\/h2>\n\n\n\n<p>El <a href=\"https:\/\/www.rajapack.es\/blog-es\/demanda-embalaje-sectores-crisis-coronavirus\/\">repunte de la demanda de envases y embalajes por la pandemia<\/a> se ha concentrado en los sectores de <strong>la alimentaci\u00f3n, la farmacia y el comercio electr\u00f3nico<\/strong>. Los consumidores han apostado en mayor medida por los productos envasados (incluidos los frescos, frutas, verduras y pan) y por hacer m\u00e1s compras desde casa, ya sea por tel\u00e9fono o v\u00eda online, lo que ha hecho ganar protagonismo al <a href=\"https:\/\/www.rajapack.es\/embalajes-tiendas-online_cms_000068.html\" target=\"_blank\" rel=\"noreferrer noopener\">embalaje para e-commerce<\/a>.<\/p>\n\n\n\n<p>Por otra parte, <a href=\"https:\/\/www.rajapack.es\/blog-es\/embalaje-seguridad-poscovid-supermercados-restaurantes\/\">supermercados y establecimientos de <em>delivery<\/em> y comida para llevar<\/a> han tenido que invertir, adem\u00e1s de en <em>packaging<\/em>, en la seguridad de sus clientes y empleados, dot\u00e1ndoles de <a href=\"https:\/\/www.rajapack.es\/productos-covid19_C9647.html\" target=\"_blank\" rel=\"noreferrer noopener\">productos de protecci\u00f3n frente a la COVID-19<\/a>.<\/p>\n\n\n\n<p>Estos <strong>equipos de protecci\u00f3n individual (EPI) y colectiva<\/strong> son, precisamente y en gran parte, los responsables de que se haya disparado la <strong>generaci\u00f3n de residuos pl\u00e1sticos<\/strong>. Muchos de ellos, como las <a href=\"https:\/\/www.rajapack.es\/blog-es\/como-elegir-una-mascarilla-filtrante-antipolvo-las-clases-ffp-y-mas\/\">mascarillas<\/a> y guantes, son de usar y tirar; y otros, como las gafas, las viseras faciales o los paneles de plexigl\u00e1s, no tendr\u00e1n m\u00e1s recorrido cuando se declare el fin de la pandemia. El problema se agrava porque, con el fin de evitar la propagaci\u00f3n del virus, es preciso desecharlos al margen de los circuitos de reciclaje. Por ello, uno de los grandes retos mundiales a corto plazo ser\u00e1 gestionar correctamente la eliminaci\u00f3n de estos materiales.<\/p>\n\n\n<div class=\"wp-block-image\">\n<figure class=\"aligncenter size-large\"><img loading=\"lazy\" decoding=\"async\" width=\"600\" height=\"400\" src=\"https:\/\/www.rajapack.es\/blog-es\/wp-content\/uploads\/2020\/06\/embalaje-sostenible-medioambiente-covid.jpg\" alt=\"Uso de equipos de protecci\u00f3n desechables frente a la COVID-19 en el supermercado\" class=\"wp-image-12317\" srcset=\"https:\/\/www.rajapack.es\/blog-es\/wp-content\/uploads\/2020\/06\/embalaje-sostenible-medioambiente-covid.jpg 600w, https:\/\/www.rajapack.es\/blog-es\/wp-content\/uploads\/2020\/06\/embalaje-sostenible-medioambiente-covid-430x287.jpg 430w\" sizes=\"(max-width: 600px) 100vw, 600px\" \/><\/figure><\/div>\n\n\n<h2 class=\"wp-block-heading\">El papel del \u2018packaging\u2019 y los art\u00edculos de un solo uso en la desescalada<\/h2>\n\n\n\n<p>Si el embalaje y los envases han sido claves durante la fase cr\u00edtica de la lucha contra el coronavirus, no lo ser\u00e1n menos durante la desescalada y la nueva normalidad. Una <a href=\"https:\/\/www.nielsen.com\/nl\/en\/insights\/article\/2020\/life-beyond-covid-19\/\" target=\"_blank\" rel=\"noreferrer noopener nofollow\">encuesta de Nielsen<\/a> se\u00f1ala que los h\u00e1bitos de compra online han llegado para quedarse: un 24% de los preguntados se\u00f1ala que <strong>continuar\u00e1 adquiriendo alimentos frescos a trav\u00e9s de Internet<\/strong>, mientras que un 26% har\u00e1 lo mismo con la comida envasada, y un 27%, con las bebidas.<\/p>\n\n\n\n<p>Entre tanto, en una <a href=\"https:\/\/www.foodretail.es\/retailers\/supermercados-retos-post-covid-mercadona-consum-ikea_0_1441355881.html\" target=\"_blank\" rel=\"noreferrer noopener nofollow\">mesa redonda virtual organizada por Ainia<\/a> con representantes de tres gigantes del gran consumo (Mercadona, Consum e IKEA) se constata que los ciudadanos han encontrado en el <em>packaging<\/em> y en el pl\u00e1stico <strong>un plus de seguridad a\u00f1adido frente a la COVID-19<\/strong>. Los <em>retailers<\/em> subrayan la utilidad de estas soluciones de envasado durante la epidemia, y opinan que esta tendencia es un \u201cpaso atr\u00e1s necesario\u201d en t\u00e9rminos medioambientales. Pero apuntan que la b\u00fasqueda de soluciones alternativas, as\u00ed como la promoci\u00f3n del reciclaje y la <a href=\"https:\/\/www.rajapack.es\/blog-es\/curiosidades\/embalaje-economia-circular\/\" target=\"_blank\" rel=\"noreferrer noopener\">econom\u00eda circular<\/a>, seguir\u00e1n siendo prioritarias en su agenda.<\/p>\n\n\n\n<p>En esta misma l\u00ednea, el Ministerio para la Transici\u00f3n Ecol\u00f3gica est\u00e1 trabajando en un&nbsp;<a href=\"https:\/\/www.miteco.gob.es\/es\/prensa\/ultimas-noticias\/arranca-la-tramitaci%C3%B3n-del-anteproyecto-de-ley-de-residuos-para-impulsar-una-econom%C3%ADa-circular-mejorar-la-gesti%C3%B3n-de-residuos-en-espa%C3%B1a-y-luchar\/tcm:30-509531\" target=\"_blank\" rel=\"noreferrer noopener nofollow\">anteproyecto de Ley de Residuos y Suelos Contaminados<\/a>&nbsp;que prev\u00e9, entre otras medidas, <strong>prohibir la comercializaci\u00f3n de platos, vasos, cubiertos y pajitas de un solo uso<\/strong> a partir de julio de 2021.<\/p>\n\n\n\n<h2 class=\"wp-block-heading\">Principios para un embalaje sostenible y seguro en la nueva normalidad<\/h2>\n\n\n\n<p>A nivel pr\u00e1ctico, \u00bfqu\u00e9 puedes hacer para <strong>compatibilizar la prevenci\u00f3n de la COVID-19 con el respeto al medioambiente<\/strong> en la selecci\u00f3n de embalajes para tu negocio? En RAJAPACK te damos tres ideas:<\/p>\n\n\n<div class=\"wp-block-image\">\n<figure class=\"alignright size-large\"><a href=\"https:\/\/www.rajapack.es\/higiene-limpieza\/gestion-recogida-residuos\/bolsa-basura-plastico-regenerado-raja_PDT02391.html\" target=\"_blank\" rel=\"noopener noreferrer\"><img loading=\"lazy\" decoding=\"async\" width=\"300\" height=\"300\" src=\"https:\/\/www.rajapack.es\/blog-es\/wp-content\/uploads\/2020\/06\/bolsa-basura-plastico-regenerado-raja_PDT02391.jpg\" alt=\"Embalaje EcoResponsable: bolsa de basura de pl\u00e1stico regenerado\" class=\"wp-image-12314\" srcset=\"https:\/\/www.rajapack.es\/blog-es\/wp-content\/uploads\/2020\/06\/bolsa-basura-plastico-regenerado-raja_PDT02391.jpg 300w, https:\/\/www.rajapack.es\/blog-es\/wp-content\/uploads\/2020\/06\/bolsa-basura-plastico-regenerado-raja_PDT02391-150x150.jpg 150w, https:\/\/www.rajapack.es\/blog-es\/wp-content\/uploads\/2020\/06\/bolsa-basura-plastico-regenerado-raja_PDT02391-120x120.jpg 120w\" sizes=\"(max-width: 300px) 100vw, 300px\" \/><\/a><\/figure><\/div>\n\n\n<ol class=\"wp-block-list\">\n<li>Un <strong>embalaje reutilizable o retornable<\/strong> no tiene por qu\u00e9 ser menos seguro que uno desechable. Basta con someterlo a un adecuado proceso de limpieza y desinfecci\u00f3n con los <a href=\"https:\/\/www.mscbs.gob.es\/profesionales\/saludPublica\/ccayes\/alertasActual\/nCov-China\/documentos\/Listado_virucidas.pdf\" target=\"_blank\" rel=\"noreferrer noopener nofollow\">viricidas autorizados por el Gobierno<\/a>. De hecho, la Agencia Espa\u00f1ola de Seguridad Alimentaria y Nutrici\u00f3n (Aecosan) no insta, por ejemplo, a sustituir las bolsas reutilizables por otras de un solo uso a la hora de hacer la compra; <a href=\"http:\/\/www.aecosan.msssi.gob.es\/AECOSAN\/docs\/documentos\/noticias\/2020\/Recomendacion_consumidor_COV19.pdf\" target=\"_blank\" rel=\"noreferrer noopener nofollow\">lo que aconseja es lavarlas despu\u00e9s de cada uso<\/a>.<\/li>\n\n\n\n<li><strong>No hay que confundir protecci\u00f3n anticoronavirus con <\/strong><a href=\"https:\/\/www.rajapack.es\/blog-es\/embalaje-imagen-de-marca\" target=\"_blank\" rel=\"noreferrer noopener\"><strong>exceso de embalaje<\/strong><\/a>. El <em>packaging<\/em> debe tener el formato y el tama\u00f1o justos para la mercanc\u00eda que albergue: no por meter una caja dentro de otra o superponer capas de distintos materiales, con el desperdicio que eso supone, viajar\u00e1 el producto m\u00e1s seguro.<\/li>\n\n\n\n<li>Los <strong><a href=\"https:\/\/www.rajapack.es\/embalaje-ecologico_C9630.html\" target=\"_blank\" rel=\"noreferrer noopener\">embalajes EcoResponsables de RAJAPACK<\/a><\/strong>, elaborados con materias primas recicladas y\/o reciclables, son la mejor soluci\u00f3n para conseguir un <em>packaging<\/em> de calidad, ecol\u00f3gico y resistente, \u00a1ahora y siempre!<\/li>\n<\/ol>\n\n\n\n<p>\u00a1No pierdas de vista <a href=\"https:\/\/www.rajapack.es\/medioambiente\" target=\"_blank\" rel=\"noreferrer noopener\">las 5-R del embalaje<\/a>! Con RAJAPACK no tendr\u00e1s que elegir entre la satisfacci\u00f3n de tus clientes y tu conciencia verde. Visita nuestra tienda online o ll\u00e1manos y <strong>\u00a1equipa tu almac\u00e9n con el <em>packaging<\/em> m\u00e1s resistente e innovador!<\/strong><\/p>\n\n\n<div class=\"wp-block-image\">\n<figure class=\"aligncenter size-large\"><a href=\"https:\/\/www.rajapack.es\/embalaje-ecologico_C9630.html\" target=\"_blank\" rel=\"noopener noreferrer\"><img loading=\"lazy\" decoding=\"async\" width=\"850\" height=\"277\" src=\"https:\/\/www.rajapack.es\/blog-es\/wp-content\/uploads\/2020\/02\/CTA-soluciones-ecologicas-Guia-B.jpg\" alt=\"Soluciones de embalaje ecol\u00f3gico de Embalajes RAJA\" class=\"wp-image-11847\" srcset=\"https:\/\/www.rajapack.es\/blog-es\/wp-content\/uploads\/2020\/02\/CTA-soluciones-ecologicas-Guia-B.jpg 850w, https:\/\/www.rajapack.es\/blog-es\/wp-content\/uploads\/2020\/02\/CTA-soluciones-ecologicas-Guia-B-300x98.jpg 300w, https:\/\/www.rajapack.es\/blog-es\/wp-content\/uploads\/2020\/02\/CTA-soluciones-ecologicas-Guia-B-768x250.jpg 768w, https:\/\/www.rajapack.es\/blog-es\/wp-content\/uploads\/2020\/02\/CTA-soluciones-ecologicas-Guia-B-375x122.jpg 375w\" sizes=\"(max-width: 850px) 100vw, 850px\" \/><\/a><\/figure><\/div>","protected":false},"excerpt":{"rendered":"<p>El consumo de envases y embalajes ha crecido durante la crisis del coronavirus. \u00bfLos motivos? El aumento de las compras online, la preferencia por la comida para llevar y a domicilio o la seguridad que proporcionan los productos envasados en contraposici\u00f3n a los art\u00edculos a granel. \u00bfSer\u00e1 posible compatibilizar esta tendencia, que conlleva un mayor gasto de pl\u00e1stico, con el cuidado del medioambiente en la nueva normalidad?<\/p>\n","protected":false},"author":31,"featured_media":12336,"comment_status":"open","ping_status":"open","sticky":false,"template":"","format":"standard","meta":{"_acf_changed":false,"footnotes":""},"categories":[547,4],"tags":[99],"class_list":["post-12311","post","type-post","status-publish","format-standard","has-post-thumbnail","hentry","category-medio-ambiente-embalaje","category-embalaje","tag-ecologia"],"acf":[],"yoast_head":"\n<title>Embalaje sostenible para la era pos-COVID-19 | RAJAPACK<\/title>\n<meta name=\"description\" content=\"\u00bfEs posible conjugar el cuidado del medio ambiente con el incremento del consumo de envases y embalajes por la crisis del coronavirus?\" \/>\n<meta name=\"robots\" content=\"index, follow, max-snippet:-1, max-image-preview:large, max-video-preview:-1\" \/>\n<link rel=\"canonical\" href=\"https:\/\/www.rajapack.es\/blog-es\/seguridad-medioambiente-embalaje-covid\" \/>\n<meta property=\"og:locale\" content=\"es_ES\" \/>\n<meta property=\"og:type\" content=\"article\" \/>\n<meta property=\"og:title\" content=\"Embalaje sostenible para la era pos-COVID-19 | RAJAPACK\" \/>\n<meta property=\"og:description\" content=\"\u00bfEs posible conjugar el cuidado del medio ambiente con el incremento del consumo de envases y embalajes por la crisis del coronavirus?\" \/>\n<meta property=\"og:url\" content=\"https:\/\/www.rajapack.es\/blog-es\/seguridad-medioambiente-embalaje-covid\" \/>\n<meta property=\"og:site_name\" content=\"RAJAPACK Blog | Consejos de embalaje, log\u00edstica y m\u00e1s\" \/>\n<meta property=\"article:publisher\" content=\"https:\/\/www.facebook.com\/Rajapack.es\" \/>\n<meta property=\"article:published_time\" content=\"2020-06-29T10:38:30+00:00\" \/>\n<meta property=\"article:modified_time\" content=\"2025-01-30T00:35:07+00:00\" \/>\n<meta property=\"og:image\" content=\"https:\/\/www.rajapack.es\/blog-es\/wp-content\/uploads\/2020\/06\/seguridad-medioambiente-emabalaje-nueva-normalidad.jpg\" \/>\n\t<meta property=\"og:image:width\" content=\"850\" \/>\n\t<meta property=\"og:image:height\" content=\"450\" \/>\n\t<meta property=\"og:image:type\" content=\"image\/jpeg\" \/>\n<meta name=\"author\" content=\"Beatriz GONZALES\" \/>\n<meta name=\"twitter:card\" content=\"summary_large_image\" \/>\n<meta name=\"twitter:creator\" content=\"@RajapackES\" \/>\n<meta name=\"twitter:site\" content=\"@RajapackES\" \/>\n<meta name=\"twitter:label1\" content=\"Escrito por\" \/>\n\t<meta name=\"twitter:data1\" content=\"Beatriz GONZALES\" \/>\n\t<meta name=\"twitter:label2\" content=\"Tiempo de lectura\" \/>\n\t<meta name=\"twitter:data2\" content=\"5 minutos\" \/>\n<script type=\"application\/ld+json\" class=\"yoast-schema-graph\">{\n\t    \"@context\": \"https:\/\/schema.org\",\n\t    \"@graph\": [\n\t        {\n\t            \"@type\": \"Article\",\n\t            \"@id\": \"https:\/\/www.rajapack.es\/blog-es\/seguridad-medioambiente-embalaje-covid#article\",\n\t            \"isPartOf\": {\n\t                \"@id\": \"https:\/\/www.rajapack.es\/blog-es\/seguridad-medioambiente-embalaje-covid\"\n\t            },\n\t            \"author\": {\n\t                \"name\": \"Beatriz GONZALES\",\n\t                \"@id\": \"https:\/\/www.rajapack.es\/blog-es\/#\/schema\/person\/9fac94e7fcd0aa6d015f7202bd4e2b0f\"\n\t            },\n\t            \"headline\": \"Seguridad y medioambiente: \u00bfes posible conjugar ambos valores en el embalaje de la nueva normalidad?\",\n\t            \"datePublished\": \"2020-06-29T10:38:30+00:00\",\n\t            \"dateModified\": \"2025-01-30T00:35:07+00:00\",\n\t            \"mainEntityOfPage\": {\n\t                \"@id\": \"https:\/\/www.rajapack.es\/blog-es\/seguridad-medioambiente-embalaje-covid\"\n\t            },\n\t            \"wordCount\": 969,\n\t            \"commentCount\": 2,\n\t            \"publisher\": {\n\t                \"@id\": \"https:\/\/www.rajapack.es\/blog-es\/#organization\"\n\t            },\n\t            \"image\": {\n\t                \"@id\": \"https:\/\/www.rajapack.es\/blog-es\/seguridad-medioambiente-embalaje-covid#primaryimage\"\n\t            },\n\t            \"thumbnailUrl\": \"https:\/\/www.rajapack.es\/blog-es\/wp-content\/uploads\/2020\/06\/seguridad-medioambiente-emabalaje-nueva-normalidad.jpg\",\n\t            \"keywords\": [\n\t                \"ecolog\u00eda\"\n\t            ],\n\t            \"articleSection\": [\n\t                \"Medio ambiente &amp; Embalaje\",\n\t                \"Novedades &amp; Consejos de embalaje\"\n\t            ],\n\t            \"inLanguage\": \"es\",\n\t            \"potentialAction\": [\n\t                {\n\t                    \"@type\": \"CommentAction\",\n\t                    \"name\": \"Comment\",\n\t                    \"target\": [\n\t                        \"https:\/\/www.rajapack.es\/blog-es\/seguridad-medioambiente-embalaje-covid#respond\"\n\t                    ]\n\t                }\n\t            ]\n\t        },\n\t        {\n\t            \"@type\": \"WebPage\",\n\t            \"@id\": \"https:\/\/www.rajapack.es\/blog-es\/seguridad-medioambiente-embalaje-covid\",\n\t            \"url\": \"https:\/\/www.rajapack.es\/blog-es\/seguridad-medioambiente-embalaje-covid\",\n\t            \"name\": \"Embalaje sostenible para la era pos-COVID-19 | RAJAPACK\",\n\t            \"isPartOf\": {\n\t                \"@id\": \"https:\/\/www.rajapack.es\/blog-es\/#website\"\n\t            },\n\t            \"primaryImageOfPage\": {\n\t                \"@id\": \"https:\/\/www.rajapack.es\/blog-es\/seguridad-medioambiente-embalaje-covid#primaryimage\"\n\t            },\n\t            \"image\": {\n\t                \"@id\": \"https:\/\/www.rajapack.es\/blog-es\/seguridad-medioambiente-embalaje-covid#primaryimage\"\n\t            },\n\t            \"thumbnailUrl\": \"https:\/\/www.rajapack.es\/blog-es\/wp-content\/uploads\/2020\/06\/seguridad-medioambiente-emabalaje-nueva-normalidad.jpg\",\n\t            \"datePublished\": \"2020-06-29T10:38:30+00:00\",\n\t            \"dateModified\": \"2025-01-30T00:35:07+00:00\",\n\t            \"description\": \"\u00bfEs posible conjugar el cuidado del medio ambiente con el incremento del consumo de envases y embalajes por la crisis del coronavirus?\",\n\t            \"inLanguage\": \"es\",\n\t            \"potentialAction\": [\n\t                {\n\t                    \"@type\": \"ReadAction\",\n\t                    \"target\": [\n\t                        \"https:\/\/www.rajapack.es\/blog-es\/seguridad-medioambiente-embalaje-covid\"\n\t                    ]\n\t                }\n\t            ]\n\t        },\n\t        {\n\t            \"@type\": \"ImageObject\",\n\t            \"inLanguage\": \"es\",\n\t            \"@id\": \"https:\/\/www.rajapack.es\/blog-es\/seguridad-medioambiente-embalaje-covid#primaryimage\",\n\t            \"url\": \"https:\/\/www.rajapack.es\/blog-es\/wp-content\/uploads\/2020\/06\/seguridad-medioambiente-emabalaje-nueva-normalidad.jpg\",\n\t            \"contentUrl\": \"https:\/\/www.rajapack.es\/blog-es\/wp-content\/uploads\/2020\/06\/seguridad-medioambiente-emabalaje-nueva-normalidad.jpg\",\n\t            \"width\": 850,\n\t            \"height\": 450,\n\t            \"caption\": \"Seguridad y medioambiente: \u00bfes posible conjugar ambos valores en el embalaje de la nueva normalidad?\"\n\t        },\n\t        {\n\t            \"@type\": \"WebSite\",\n\t            \"@id\": \"https:\/\/www.rajapack.es\/blog-es\/#website\",\n\t            \"url\": \"https:\/\/www.rajapack.es\/blog-es\/\",\n\t            \"name\": \"RAJAPACK Blog | Consejos de embalaje, log\u00edstica y m\u00e1s\",\n\t            \"description\": \"Consejos de embalaje, logistica y m\u00e1s\",\n\t            \"publisher\": {\n\t                \"@id\": \"https:\/\/www.rajapack.es\/blog-es\/#organization\"\n\t            },\n\t            \"potentialAction\": [\n\t                {\n\t                    \"@type\": \"SearchAction\",\n\t                    \"target\": {\n\t                        \"@type\": \"EntryPoint\",\n\t                        \"urlTemplate\": \"https:\/\/www.rajapack.es\/blog-es\/?s={search_term_string}\"\n\t                    },\n\t                    \"query-input\": {\n\t                        \"@type\": \"PropertyValueSpecification\",\n\t                        \"valueRequired\": true,\n\t                        \"valueName\": \"search_term_string\"\n\t                    }\n\t                }\n\t            ],\n\t            \"inLanguage\": \"es\"\n\t        },\n\t        {\n\t            \"@type\": \"Organization\",\n\t            \"@id\": \"https:\/\/www.rajapack.es\/blog-es\/#organization\",\n\t            \"name\": \"RAJA ES\",\n\t            \"url\": \"https:\/\/www.rajapack.es\/blog-es\/\",\n\t            \"logo\": {\n\t                \"@type\": \"ImageObject\",\n\t                \"inLanguage\": \"es\",\n\t                \"@id\": \"https:\/\/www.rajapack.es\/blog-es\/#\/schema\/logo\/image\/\",\n\t                \"url\": \"https:\/\/www.rajapack.es\/blog-es\/wp-content\/uploads\/2021\/10\/logo-mobile@3x.png\",\n\t                \"contentUrl\": \"https:\/\/www.rajapack.es\/blog-es\/wp-content\/uploads\/2021\/10\/logo-mobile@3x.png\",\n\t                \"width\": 534,\n\t                \"height\": 114,\n\t                \"caption\": \"RAJA ES\"\n\t            },\n\t            \"image\": {\n\t                \"@id\": \"https:\/\/www.rajapack.es\/blog-es\/#\/schema\/logo\/image\/\"\n\t            },\n\t            \"sameAs\": [\n\t                \"https:\/\/www.facebook.com\/Rajapack.es\",\n\t                \"https:\/\/x.com\/RajapackES\",\n\t                \"https:\/\/www.linkedin.com\/company\/rajapack-spain\/\",\n\t                \"https:\/\/www.youtube.com\/user\/RajapackES\"\n\t            ]\n\t        },\n\t        {\n\t            \"@type\": \"Person\",\n\t            \"@id\": \"https:\/\/www.rajapack.es\/blog-es\/#\/schema\/person\/9fac94e7fcd0aa6d015f7202bd4e2b0f\",\n\t            \"name\": \"Beatriz GONZALES\",\n\t            \"image\": {\n\t                \"@type\": \"ImageObject\",\n\t                \"inLanguage\": \"es\",\n\t                \"@id\": \"https:\/\/www.rajapack.es\/blog-es\/#\/schema\/person\/image\/\",\n\t                \"url\": \"https:\/\/secure.gravatar.com\/avatar\/8d60a8c60719946f0508b6546da3680b?s=96&d=mm&r=g\",\n\t                \"contentUrl\": \"https:\/\/secure.gravatar.com\/avatar\/8d60a8c60719946f0508b6546da3680b?s=96&d=mm&r=g\",\n\t                \"caption\": \"Beatriz GONZALES\"\n\t            },\n\t            \"description\": \"User Wordpress\",\n\t            \"url\": \"https:\/\/www.rajapack.es\/blog-es\/author\/beatriz-gonzales\"\n\t        }\n\t    ]\n\t}<\/script>\n","yoast_head_json":{"title":"Embalaje sostenible para la era pos-COVID-19 | RAJAPACK","description":"\u00bfEs posible conjugar el cuidado del medio ambiente con el incremento del consumo de envases y embalajes por la crisis del coronavirus?","robots":{"index":"index","follow":"follow","max-snippet":"max-snippet:-1","max-image-preview":"max-image-preview:large","max-video-preview":"max-video-preview:-1"},"canonical":"https:\/\/www.rajapack.es\/blog-es\/seguridad-medioambiente-embalaje-covid","og_locale":"es_ES","og_type":"article","og_title":"Embalaje sostenible para la era pos-COVID-19 | RAJAPACK","og_description":"\u00bfEs posible conjugar el cuidado del medio ambiente con el incremento del consumo de envases y embalajes por la crisis del coronavirus?","og_url":"https:\/\/www.rajapack.es\/blog-es\/seguridad-medioambiente-embalaje-covid","og_site_name":"RAJAPACK Blog | Consejos de embalaje, log\u00edstica y m\u00e1s","article_publisher":"https:\/\/www.facebook.com\/Rajapack.es","article_published_time":"2020-06-29T10:38:30+00:00","article_modified_time":"2025-01-30T00:35:07+00:00","og_image":[{"width":850,"height":450,"url":"https:\/\/www.rajapack.es\/blog-es\/wp-content\/uploads\/2020\/06\/seguridad-medioambiente-emabalaje-nueva-normalidad.jpg","type":"image\/jpeg"}],"author":"Beatriz GONZALES","twitter_card":"summary_large_image","twitter_creator":"@RajapackES","twitter_site":"@RajapackES","twitter_misc":{"Escrito por":"Beatriz GONZALES","Tiempo de lectura":"5 minutos"},"schema":{"@context":"https:\/\/schema.org","@graph":[{"@type":"Article","@id":"https:\/\/www.rajapack.es\/blog-es\/seguridad-medioambiente-embalaje-covid#article","isPartOf":{"@id":"https:\/\/www.rajapack.es\/blog-es\/seguridad-medioambiente-embalaje-covid"},"author":{"name":"Beatriz GONZALES","@id":"https:\/\/www.rajapack.es\/blog-es\/#\/schema\/person\/9fac94e7fcd0aa6d015f7202bd4e2b0f"},"headline":"Seguridad y medioambiente: \u00bfes posible conjugar ambos valores en el embalaje de la nueva normalidad?","datePublished":"2020-06-29T10:38:30+00:00","dateModified":"2025-01-30T00:35:07+00:00","mainEntityOfPage":{"@id":"https:\/\/www.rajapack.es\/blog-es\/seguridad-medioambiente-embalaje-covid"},"wordCount":969,"commentCount":2,"publisher":{"@id":"https:\/\/www.rajapack.es\/blog-es\/#organization"},"image":{"@id":"https:\/\/www.rajapack.es\/blog-es\/seguridad-medioambiente-embalaje-covid#primaryimage"},"thumbnailUrl":"https:\/\/www.rajapack.es\/blog-es\/wp-content\/uploads\/2020\/06\/seguridad-medioambiente-emabalaje-nueva-normalidad.jpg","keywords":["ecolog\u00eda"],"articleSection":["Medio ambiente &amp; Embalaje","Novedades &amp; Consejos de embalaje"],"inLanguage":"es","potentialAction":[{"@type":"CommentAction","name":"Comment","target":["https:\/\/www.rajapack.es\/blog-es\/seguridad-medioambiente-embalaje-covid#respond"]}]},{"@type":"WebPage","@id":"https:\/\/www.rajapack.es\/blog-es\/seguridad-medioambiente-embalaje-covid","url":"https:\/\/www.rajapack.es\/blog-es\/seguridad-medioambiente-embalaje-covid","name":"Embalaje sostenible para la era pos-COVID-19 | RAJAPACK","isPartOf":{"@id":"https:\/\/www.rajapack.es\/blog-es\/#website"},"primaryImageOfPage":{"@id":"https:\/\/www.rajapack.es\/blog-es\/seguridad-medioambiente-embalaje-covid#primaryimage"},"image":{"@id":"https:\/\/www.rajapack.es\/blog-es\/seguridad-medioambiente-embalaje-covid#primaryimage"},"thumbnailUrl":"https:\/\/www.rajapack.es\/blog-es\/wp-content\/uploads\/2020\/06\/seguridad-medioambiente-emabalaje-nueva-normalidad.jpg","datePublished":"2020-06-29T10:38:30+00:00","dateModified":"2025-01-30T00:35:07+00:00","description":"\u00bfEs posible conjugar el cuidado del medio ambiente con el incremento del consumo de envases y embalajes por la crisis del coronavirus?","inLanguage":"es","potentialAction":[{"@type":"ReadAction","target":["https:\/\/www.rajapack.es\/blog-es\/seguridad-medioambiente-embalaje-covid"]}]},{"@type":"ImageObject","inLanguage":"es","@id":"https:\/\/www.rajapack.es\/blog-es\/seguridad-medioambiente-embalaje-covid#primaryimage","url":"https:\/\/www.rajapack.es\/blog-es\/wp-content\/uploads\/2020\/06\/seguridad-medioambiente-emabalaje-nueva-normalidad.jpg","contentUrl":"https:\/\/www.rajapack.es\/blog-es\/wp-content\/uploads\/2020\/06\/seguridad-medioambiente-emabalaje-nueva-normalidad.jpg","width":850,"height":450,"caption":"Seguridad y medioambiente: \u00bfes posible conjugar ambos valores en el embalaje de la nueva normalidad?"},{"@type":"WebSite","@id":"https:\/\/www.rajapack.es\/blog-es\/#website","url":"https:\/\/www.rajapack.es\/blog-es\/","name":"RAJAPACK Blog | Consejos de embalaje, log\u00edstica y m\u00e1s","description":"Consejos de embalaje, logistica y m\u00e1s","publisher":{"@id":"https:\/\/www.rajapack.es\/blog-es\/#organization"},"potentialAction":[{"@type":"SearchAction","target":{"@type":"EntryPoint","urlTemplate":"https:\/\/www.rajapack.es\/blog-es\/?s={search_term_string}"},"query-input":{"@type":"PropertyValueSpecification","valueRequired":true,"valueName":"search_term_string"}}],"inLanguage":"es"},{"@type":"Organization","@id":"https:\/\/www.rajapack.es\/blog-es\/#organization","name":"RAJA ES","url":"https:\/\/www.rajapack.es\/blog-es\/","logo":{"@type":"ImageObject","inLanguage":"es","@id":"https:\/\/www.rajapack.es\/blog-es\/#\/schema\/logo\/image\/","url":"https:\/\/www.rajapack.es\/blog-es\/wp-content\/uploads\/2021\/10\/logo-mobile@3x.png","contentUrl":"https:\/\/www.rajapack.es\/blog-es\/wp-content\/uploads\/2021\/10\/logo-mobile@3x.png","width":534,"height":114,"caption":"RAJA ES"},"image":{"@id":"https:\/\/www.rajapack.es\/blog-es\/#\/schema\/logo\/image\/"},"sameAs":["https:\/\/www.facebook.com\/Rajapack.es","https:\/\/x.com\/RajapackES","https:\/\/www.linkedin.com\/company\/rajapack-spain\/","https:\/\/www.youtube.com\/user\/RajapackES"]},{"@type":"Person","@id":"https:\/\/www.rajapack.es\/blog-es\/#\/schema\/person\/9fac94e7fcd0aa6d015f7202bd4e2b0f","name":"Beatriz GONZALES","image":{"@type":"ImageObject","inLanguage":"es","@id":"https:\/\/www.rajapack.es\/blog-es\/#\/schema\/person\/image\/","url":"https:\/\/secure.gravatar.com\/avatar\/8d60a8c60719946f0508b6546da3680b?s=96&d=mm&r=g","contentUrl":"https:\/\/secure.gravatar.com\/avatar\/8d60a8c60719946f0508b6546da3680b?s=96&d=mm&r=g","caption":"Beatriz GONZALES"},"description":"User Wordpress","url":"https:\/\/www.rajapack.es\/blog-es\/author\/beatriz-gonzales"}]}},"_links":{"self":[{"href":"https:\/\/www.rajapack.es\/blog-es\/wp-json\/wp\/v2\/posts\/12311"}],"collection":[{"href":"https:\/\/www.rajapack.es\/blog-es\/wp-json\/wp\/v2\/posts"}],"about":[{"href":"https:\/\/www.rajapack.es\/blog-es\/wp-json\/wp\/v2\/types\/post"}],"author":[{"embeddable":true,"href":"https:\/\/www.rajapack.es\/blog-es\/wp-json\/wp\/v2\/users\/31"}],"replies":[{"embeddable":true,"href":"https:\/\/www.rajapack.es\/blog-es\/wp-json\/wp\/v2\/comments?post=12311"}],"version-history":[{"count":0,"href":"https:\/\/www.rajapack.es\/blog-es\/wp-json\/wp\/v2\/posts\/12311\/revisions"}],"wp:featuredmedia":[{"embeddable":true,"href":"https:\/\/www.rajapack.es\/blog-es\/wp-json\/wp\/v2\/media\/12336"}],"wp:attachment":[{"href":"https:\/\/www.rajapack.es\/blog-es\/wp-json\/wp\/v2\/media?parent=12311"}],"wp:term":[{"taxonomy":"category","embeddable":true,"href":"https:\/\/www.rajapack.es\/blog-es\/wp-json\/wp\/v2\/categories?post=12311"},{"taxonomy":"post_tag","embeddable":true,"href":"https:\/\/www.rajapack.es\/blog-es\/wp-json\/wp\/v2\/tags?post=12311"}],"curies":[{"name":"wp","href":"https:\/\/api.w.org\/{rel}","templated":true}]}}