{"id":1437,"date":"2014-10-21T10:20:20","date_gmt":"2014-10-21T08:20:20","guid":{"rendered":"https:\/\/blog-staging-es.raja-group.com\/?p=1437"},"modified":"2018-05-15T15:58:56","modified_gmt":"2018-05-15T13:58:56","slug":"rajapack-muestra-su-cara-mas-ecologica-en-eco-canyelles","status":"publish","type":"post","link":"https:\/\/www.rajapack.es\/blog-es\/rajapack-muestra-su-cara-mas-ecologica-en-eco-canyelles","title":{"rendered":"Rajapack muestra su cara m\u00e1s ecol\u00f3gica en Eco Canyelles"},"content":{"rendered":"<p style=\"text-align: justify\">En Rajapack volvimos a estar presentes esta semana en otro evento. En esta ocasi\u00f3n hemos colaborado con el ayuntamiento de Canyelles, en Barcelona, para apoyar la feria ecol\u00f3gica y natural <a title=\"ECO Canyelles\" href=\"http:\/\/xarxaenxarxa.diba.cat\/events\/2014\/10\/18\/eco-canyelles-fira-ecologica\" target=\"_blank\" rel=\"noopener\"><strong>ECO Canyelles\u00a0<\/strong><\/a><\/p>\n<p style=\"text-align: justify\">Aparte de los expositores y las muestras habituales en estos tipos de ferias, la organizaci\u00f3n cre\u00f3 diferentes actividades para hacer participar a los asistentes y <strong>concienciar sobre el uso sostenible y ecol\u00f3gico<\/strong>: talleres, manualidades, barbacoa ecol\u00f3gica, etc. Entre estas actividades, <strong>Rajapack estuvo colaborando ofreciendo material para el evento<\/strong>, como se puede ver en la imagen a continuaci\u00f3n, donde con las<strong> cajas ecol\u00f3gicas de Rajapack<\/strong> se hac\u00eda participar a la gente para <strong>crear un puzzle<\/strong>.<\/p>\n<p><a href=\"https:\/\/www.rajapack.es\/blog-es\/wp-content\/uploads\/2014\/10\/ecocanyelles-2.jpg\"><img loading=\"lazy\" decoding=\"async\" class=\"alignnone size-full wp-image-1438\" src=\"https:\/\/www.rajapack.es\/blog-es\/wp-content\/uploads\/2014\/10\/ecocanyelles-2.jpg\" alt=\"eco-canyelles\" width=\"543\" height=\"317\" srcset=\"https:\/\/www.rajapack.es\/blog-es\/wp-content\/uploads\/2014\/10\/ecocanyelles-2.jpg 543w, https:\/\/www.rajapack.es\/blog-es\/wp-content\/uploads\/2014\/10\/ecocanyelles-2-430x251.jpg 430w, https:\/\/www.rajapack.es\/blog-es\/wp-content\/uploads\/2014\/10\/ecocanyelles-2-375x219.jpg 375w\" sizes=\"(max-width: 543px) 100vw, 543px\" \/><\/a><\/p>\n<p style=\"text-align: justify\">ECO Canyelles concentr\u00f3 durante el d\u00eda 18 a todas aquellas personas interesadas en el medioambiente y participaron juntos en los <strong>procesos de aprendizaje y actuaci\u00f3<\/strong>n para actuar y concienciar sobre las mejoras que cada uno puede hacer para sumar.<\/p>\n<p style=\"text-align: justify\">Rajapack es una empresa muy concienciada con el cuidado del planeta y la ecolog\u00eda, y as\u00ed lo demuestran sus certificaciones y acciones como la de esta pasada semana en Canyelles. Puedes conocer m\u00e1s sobre nuestro compromiso con el medioambiente en <a title=\"Compromiso medioambiental\" href=\"https:\/\/www.rajapack.es\/embalaje-ecologico_cms_000041.html\" target=\"_blank\" rel=\"noopener\">nuestra p\u00e1gina web<\/a><\/p>\n","protected":false},"excerpt":{"rendered":"<p>En Rajapack volvimos a estar presentes esta semana en otro evento. En esta ocasi\u00f3n hemos colaborado con el ayuntamiento de Canyelles, en Barcelona, para apoyar la feria ecol\u00f3gica y natural [&#8230;]<\/p>\n","protected":false},"author":11,"featured_media":1438,"comment_status":"open","ping_status":"open","sticky":false,"template":"","format":"standard","meta":{"_acf_changed":false,"footnotes":""},"categories":[6],"tags":[],"class_list":["post-1437","post","type-post","status-publish","format-standard","has-post-thumbnail","hentry","category-noticias"],"acf":[],"yoast_head":"\n<title>Rajapack muestra su cara m\u00e1s ecol\u00f3gica en Eco Canyelles RAJAPACK<\/title>\n<meta name=\"description\" content=\"En Rajapack volvimos a estar presentes esta semana en otro evento. En esta ocasi\u00f3n hemos colaborado con el ayuntamiento de Canyelles, en Barcelona, para apoyar la feria ecol\u00f3gica y natural ECO Canyelles\" \/>\n<meta name=\"robots\" content=\"index, follow, max-snippet:-1, max-image-preview:large, max-video-preview:-1\" \/>\n<link rel=\"canonical\" href=\"https:\/\/www.rajapack.es\/blog-es\/rajapack-muestra-su-cara-mas-ecologica-en-eco-canyelles\" \/>\n<meta property=\"og:locale\" content=\"es_ES\" \/>\n<meta property=\"og:type\" content=\"article\" \/>\n<meta property=\"og:title\" content=\"Rajapack muestra su cara m\u00e1s ecol\u00f3gica en Eco Canyelles RAJAPACK\" \/>\n<meta property=\"og:description\" content=\"En Rajapack volvimos a estar presentes esta semana en otro evento. En esta ocasi\u00f3n hemos colaborado con el ayuntamiento de Canyelles, en Barcelona, para apoyar la feria ecol\u00f3gica y natural ECO Canyelles\" \/>\n<meta property=\"og:url\" content=\"https:\/\/www.rajapack.es\/blog-es\/rajapack-muestra-su-cara-mas-ecologica-en-eco-canyelles\" \/>\n<meta property=\"og:site_name\" content=\"RAJAPACK Blog | Consejos de embalaje, log\u00edstica y m\u00e1s\" \/>\n<meta property=\"article:publisher\" content=\"https:\/\/www.facebook.com\/Rajapack.es\" \/>\n<meta property=\"article:published_time\" content=\"2014-10-21T08:20:20+00:00\" \/>\n<meta property=\"article:modified_time\" content=\"2018-05-15T13:58:56+00:00\" \/>\n<meta property=\"og:image\" content=\"https:\/\/www.rajapack.es\/blog-es\/wp-content\/uploads\/2014\/10\/ecocanyelles-2.jpg\" \/>\n\t<meta property=\"og:image:width\" content=\"543\" \/>\n\t<meta property=\"og:image:height\" content=\"317\" \/>\n\t<meta property=\"og:image:type\" content=\"image\/jpeg\" \/>\n<meta name=\"author\" content=\"Rajapack\" \/>\n<meta name=\"twitter:card\" content=\"summary_large_image\" \/>\n<meta name=\"twitter:creator\" content=\"@RajapackES\" \/>\n<meta name=\"twitter:site\" content=\"@RajapackES\" \/>\n<meta name=\"twitter:label1\" content=\"Escrito por\" \/>\n\t<meta name=\"twitter:data1\" content=\"Rajapack\" \/>\n\t<meta name=\"twitter:label2\" content=\"Tiempo de lectura\" \/>\n\t<meta name=\"twitter:data2\" content=\"1 minuto\" \/>\n<script type=\"application\/ld+json\" class=\"yoast-schema-graph\">{\n\t    \"@context\": \"https:\/\/schema.org\",\n\t    \"@graph\": [\n\t        {\n\t            \"@type\": \"Article\",\n\t            \"@id\": \"https:\/\/www.rajapack.es\/blog-es\/rajapack-muestra-su-cara-mas-ecologica-en-eco-canyelles#article\",\n\t            \"isPartOf\": {\n\t                \"@id\": \"https:\/\/www.rajapack.es\/blog-es\/rajapack-muestra-su-cara-mas-ecologica-en-eco-canyelles\"\n\t            },\n\t            \"author\": {\n\t                \"name\": \"Rajapack\",\n\t                \"@id\": \"https:\/\/www.rajapack.es\/blog-es\/#\/schema\/person\/400c27752a59dd208888711c96f5fc9d\"\n\t            },\n\t            \"headline\": \"Rajapack muestra su cara m\u00e1s ecol\u00f3gica en Eco Canyelles\",\n\t            \"datePublished\": \"2014-10-21T08:20:20+00:00\",\n\t            \"dateModified\": \"2018-05-15T13:58:56+00:00\",\n\t            \"mainEntityOfPage\": {\n\t                \"@id\": \"https:\/\/www.rajapack.es\/blog-es\/rajapack-muestra-su-cara-mas-ecologica-en-eco-canyelles\"\n\t            },\n\t            \"wordCount\": 211,\n\t            \"commentCount\": 0,\n\t            \"publisher\": {\n\t                \"@id\": \"https:\/\/www.rajapack.es\/blog-es\/#organization\"\n\t            },\n\t            \"image\": {\n\t                \"@id\": \"https:\/\/www.rajapack.es\/blog-es\/rajapack-muestra-su-cara-mas-ecologica-en-eco-canyelles#primaryimage\"\n\t            },\n\t            \"thumbnailUrl\": \"https:\/\/www.rajapack.es\/blog-es\/wp-content\/uploads\/2014\/10\/ecocanyelles-2.jpg\",\n\t            \"articleSection\": [\n\t                \"Noticias y eventos\"\n\t            ],\n\t            \"inLanguage\": \"es\",\n\t            \"potentialAction\": [\n\t                {\n\t                    \"@type\": \"CommentAction\",\n\t                    \"name\": \"Comment\",\n\t                    \"target\": [\n\t                        \"https:\/\/www.rajapack.es\/blog-es\/rajapack-muestra-su-cara-mas-ecologica-en-eco-canyelles#respond\"\n\t                    ]\n\t                }\n\t            ]\n\t        },\n\t        {\n\t            \"@type\": \"WebPage\",\n\t            \"@id\": \"https:\/\/www.rajapack.es\/blog-es\/rajapack-muestra-su-cara-mas-ecologica-en-eco-canyelles\",\n\t            \"url\": \"https:\/\/www.rajapack.es\/blog-es\/rajapack-muestra-su-cara-mas-ecologica-en-eco-canyelles\",\n\t            \"name\": \"Rajapack muestra su cara m\u00e1s ecol\u00f3gica en Eco Canyelles RAJAPACK\",\n\t            \"isPartOf\": {\n\t                \"@id\": \"https:\/\/www.rajapack.es\/blog-es\/#website\"\n\t            },\n\t            \"primaryImageOfPage\": {\n\t                \"@id\": \"https:\/\/www.rajapack.es\/blog-es\/rajapack-muestra-su-cara-mas-ecologica-en-eco-canyelles#primaryimage\"\n\t            },\n\t            \"image\": {\n\t                \"@id\": \"https:\/\/www.rajapack.es\/blog-es\/rajapack-muestra-su-cara-mas-ecologica-en-eco-canyelles#primaryimage\"\n\t            },\n\t            \"thumbnailUrl\": \"https:\/\/www.rajapack.es\/blog-es\/wp-content\/uploads\/2014\/10\/ecocanyelles-2.jpg\",\n\t            \"datePublished\": \"2014-10-21T08:20:20+00:00\",\n\t            \"dateModified\": \"2018-05-15T13:58:56+00:00\",\n\t            \"description\": \"En Rajapack volvimos a estar presentes esta semana en otro evento. En esta ocasi\u00f3n hemos colaborado con el ayuntamiento de Canyelles, en Barcelona, para apoyar la feria ecol\u00f3gica y natural ECO Canyelles\",\n\t            \"inLanguage\": \"es\",\n\t            \"potentialAction\": [\n\t                {\n\t                    \"@type\": \"ReadAction\",\n\t                    \"target\": [\n\t                        \"https:\/\/www.rajapack.es\/blog-es\/rajapack-muestra-su-cara-mas-ecologica-en-eco-canyelles\"\n\t                    ]\n\t                }\n\t            ]\n\t        },\n\t        {\n\t            \"@type\": \"ImageObject\",\n\t            \"inLanguage\": \"es\",\n\t            \"@id\": \"https:\/\/www.rajapack.es\/blog-es\/rajapack-muestra-su-cara-mas-ecologica-en-eco-canyelles#primaryimage\",\n\t            \"url\": \"https:\/\/www.rajapack.es\/blog-es\/wp-content\/uploads\/2014\/10\/ecocanyelles-2.jpg\",\n\t            \"contentUrl\": \"https:\/\/www.rajapack.es\/blog-es\/wp-content\/uploads\/2014\/10\/ecocanyelles-2.jpg\",\n\t            \"width\": 543,\n\t            \"height\": 317,\n\t            \"caption\": \"eco-canyelles\"\n\t        },\n\t        {\n\t            \"@type\": \"WebSite\",\n\t            \"@id\": \"https:\/\/www.rajapack.es\/blog-es\/#website\",\n\t            \"url\": \"https:\/\/www.rajapack.es\/blog-es\/\",\n\t            \"name\": \"RAJAPACK Blog | Consejos de embalaje, log\u00edstica y m\u00e1s\",\n\t            \"description\": \"Consejos de embalaje, logistica y m\u00e1s\",\n\t            \"publisher\": {\n\t                \"@id\": \"https:\/\/www.rajapack.es\/blog-es\/#organization\"\n\t            },\n\t            \"potentialAction\": [\n\t                {\n\t                    \"@type\": \"SearchAction\",\n\t                    \"target\": {\n\t                        \"@type\": \"EntryPoint\",\n\t                        \"urlTemplate\": \"https:\/\/www.rajapack.es\/blog-es\/?s={search_term_string}\"\n\t                    },\n\t                    \"query-input\": {\n\t                        \"@type\": \"PropertyValueSpecification\",\n\t                        \"valueRequired\": true,\n\t                        \"valueName\": \"search_term_string\"\n\t                    }\n\t                }\n\t            ],\n\t            \"inLanguage\": \"es\"\n\t        },\n\t        {\n\t            \"@type\": \"Organization\",\n\t            \"@id\": \"https:\/\/www.rajapack.es\/blog-es\/#organization\",\n\t            \"name\": \"RAJA ES\",\n\t            \"url\": \"https:\/\/www.rajapack.es\/blog-es\/\",\n\t            \"logo\": {\n\t                \"@type\": \"ImageObject\",\n\t                \"inLanguage\": \"es\",\n\t                \"@id\": \"https:\/\/www.rajapack.es\/blog-es\/#\/schema\/logo\/image\/\",\n\t                \"url\": \"https:\/\/www.rajapack.es\/blog-es\/wp-content\/uploads\/2021\/10\/logo-mobile@3x.png\",\n\t                \"contentUrl\": \"https:\/\/www.rajapack.es\/blog-es\/wp-content\/uploads\/2021\/10\/logo-mobile@3x.png\",\n\t                \"width\": 534,\n\t                \"height\": 114,\n\t                \"caption\": \"RAJA ES\"\n\t            },\n\t            \"image\": {\n\t                \"@id\": \"https:\/\/www.rajapack.es\/blog-es\/#\/schema\/logo\/image\/\"\n\t            },\n\t            \"sameAs\": [\n\t                \"https:\/\/www.facebook.com\/Rajapack.es\",\n\t                \"https:\/\/x.com\/RajapackES\",\n\t                \"https:\/\/www.linkedin.com\/company\/rajapack-spain\/\",\n\t                \"https:\/\/www.youtube.com\/user\/RajapackES\"\n\t            ]\n\t        },\n\t        {\n\t            \"@type\": \"Person\",\n\t            \"@id\": \"https:\/\/www.rajapack.es\/blog-es\/#\/schema\/person\/400c27752a59dd208888711c96f5fc9d\",\n\t            \"name\": \"Rajapack\",\n\t            \"image\": {\n\t                \"@type\": \"ImageObject\",\n\t                \"inLanguage\": \"es\",\n\t                \"@id\": \"https:\/\/www.rajapack.es\/blog-es\/#\/schema\/person\/image\/\",\n\t                \"url\": \"https:\/\/secure.gravatar.com\/avatar\/38091fb406fcb37229e1256d26439fbc?s=96&d=mm&r=g\",\n\t                \"contentUrl\": \"https:\/\/secure.gravatar.com\/avatar\/38091fb406fcb37229e1256d26439fbc?s=96&d=mm&r=g\",\n\t                \"caption\": \"Rajapack\"\n\t            },\n\t            \"url\": \"https:\/\/www.rajapack.es\/blog-es\/author\/relevant_traffic\"\n\t        }\n\t    ]\n\t}<\/script>\n","yoast_head_json":{"title":"Rajapack muestra su cara m\u00e1s ecol\u00f3gica en Eco Canyelles RAJAPACK","description":"En Rajapack volvimos a estar presentes esta semana en otro evento. En esta ocasi\u00f3n hemos colaborado con el ayuntamiento de Canyelles, en Barcelona, para apoyar la feria ecol\u00f3gica y natural ECO Canyelles","robots":{"index":"index","follow":"follow","max-snippet":"max-snippet:-1","max-image-preview":"max-image-preview:large","max-video-preview":"max-video-preview:-1"},"canonical":"https:\/\/www.rajapack.es\/blog-es\/rajapack-muestra-su-cara-mas-ecologica-en-eco-canyelles","og_locale":"es_ES","og_type":"article","og_title":"Rajapack muestra su cara m\u00e1s ecol\u00f3gica en Eco Canyelles RAJAPACK","og_description":"En Rajapack volvimos a estar presentes esta semana en otro evento. En esta ocasi\u00f3n hemos colaborado con el ayuntamiento de Canyelles, en Barcelona, para apoyar la feria ecol\u00f3gica y natural ECO Canyelles","og_url":"https:\/\/www.rajapack.es\/blog-es\/rajapack-muestra-su-cara-mas-ecologica-en-eco-canyelles","og_site_name":"RAJAPACK Blog | Consejos de embalaje, log\u00edstica y m\u00e1s","article_publisher":"https:\/\/www.facebook.com\/Rajapack.es","article_published_time":"2014-10-21T08:20:20+00:00","article_modified_time":"2018-05-15T13:58:56+00:00","og_image":[{"width":543,"height":317,"url":"https:\/\/www.rajapack.es\/blog-es\/wp-content\/uploads\/2014\/10\/ecocanyelles-2.jpg","type":"image\/jpeg"}],"author":"Rajapack","twitter_card":"summary_large_image","twitter_creator":"@RajapackES","twitter_site":"@RajapackES","twitter_misc":{"Escrito por":"Rajapack","Tiempo de lectura":"1 minuto"},"schema":{"@context":"https:\/\/schema.org","@graph":[{"@type":"Article","@id":"https:\/\/www.rajapack.es\/blog-es\/rajapack-muestra-su-cara-mas-ecologica-en-eco-canyelles#article","isPartOf":{"@id":"https:\/\/www.rajapack.es\/blog-es\/rajapack-muestra-su-cara-mas-ecologica-en-eco-canyelles"},"author":{"name":"Rajapack","@id":"https:\/\/www.rajapack.es\/blog-es\/#\/schema\/person\/400c27752a59dd208888711c96f5fc9d"},"headline":"Rajapack muestra su cara m\u00e1s ecol\u00f3gica en Eco Canyelles","datePublished":"2014-10-21T08:20:20+00:00","dateModified":"2018-05-15T13:58:56+00:00","mainEntityOfPage":{"@id":"https:\/\/www.rajapack.es\/blog-es\/rajapack-muestra-su-cara-mas-ecologica-en-eco-canyelles"},"wordCount":211,"commentCount":0,"publisher":{"@id":"https:\/\/www.rajapack.es\/blog-es\/#organization"},"image":{"@id":"https:\/\/www.rajapack.es\/blog-es\/rajapack-muestra-su-cara-mas-ecologica-en-eco-canyelles#primaryimage"},"thumbnailUrl":"https:\/\/www.rajapack.es\/blog-es\/wp-content\/uploads\/2014\/10\/ecocanyelles-2.jpg","articleSection":["Noticias y eventos"],"inLanguage":"es","potentialAction":[{"@type":"CommentAction","name":"Comment","target":["https:\/\/www.rajapack.es\/blog-es\/rajapack-muestra-su-cara-mas-ecologica-en-eco-canyelles#respond"]}]},{"@type":"WebPage","@id":"https:\/\/www.rajapack.es\/blog-es\/rajapack-muestra-su-cara-mas-ecologica-en-eco-canyelles","url":"https:\/\/www.rajapack.es\/blog-es\/rajapack-muestra-su-cara-mas-ecologica-en-eco-canyelles","name":"Rajapack muestra su cara m\u00e1s ecol\u00f3gica en Eco Canyelles RAJAPACK","isPartOf":{"@id":"https:\/\/www.rajapack.es\/blog-es\/#website"},"primaryImageOfPage":{"@id":"https:\/\/www.rajapack.es\/blog-es\/rajapack-muestra-su-cara-mas-ecologica-en-eco-canyelles#primaryimage"},"image":{"@id":"https:\/\/www.rajapack.es\/blog-es\/rajapack-muestra-su-cara-mas-ecologica-en-eco-canyelles#primaryimage"},"thumbnailUrl":"https:\/\/www.rajapack.es\/blog-es\/wp-content\/uploads\/2014\/10\/ecocanyelles-2.jpg","datePublished":"2014-10-21T08:20:20+00:00","dateModified":"2018-05-15T13:58:56+00:00","description":"En Rajapack volvimos a estar presentes esta semana en otro evento. En esta ocasi\u00f3n hemos colaborado con el ayuntamiento de Canyelles, en Barcelona, para apoyar la feria ecol\u00f3gica y natural ECO Canyelles","inLanguage":"es","potentialAction":[{"@type":"ReadAction","target":["https:\/\/www.rajapack.es\/blog-es\/rajapack-muestra-su-cara-mas-ecologica-en-eco-canyelles"]}]},{"@type":"ImageObject","inLanguage":"es","@id":"https:\/\/www.rajapack.es\/blog-es\/rajapack-muestra-su-cara-mas-ecologica-en-eco-canyelles#primaryimage","url":"https:\/\/www.rajapack.es\/blog-es\/wp-content\/uploads\/2014\/10\/ecocanyelles-2.jpg","contentUrl":"https:\/\/www.rajapack.es\/blog-es\/wp-content\/uploads\/2014\/10\/ecocanyelles-2.jpg","width":543,"height":317,"caption":"eco-canyelles"},{"@type":"WebSite","@id":"https:\/\/www.rajapack.es\/blog-es\/#website","url":"https:\/\/www.rajapack.es\/blog-es\/","name":"RAJAPACK Blog | Consejos de embalaje, log\u00edstica y m\u00e1s","description":"Consejos de embalaje, logistica y m\u00e1s","publisher":{"@id":"https:\/\/www.rajapack.es\/blog-es\/#organization"},"potentialAction":[{"@type":"SearchAction","target":{"@type":"EntryPoint","urlTemplate":"https:\/\/www.rajapack.es\/blog-es\/?s={search_term_string}"},"query-input":{"@type":"PropertyValueSpecification","valueRequired":true,"valueName":"search_term_string"}}],"inLanguage":"es"},{"@type":"Organization","@id":"https:\/\/www.rajapack.es\/blog-es\/#organization","name":"RAJA ES","url":"https:\/\/www.rajapack.es\/blog-es\/","logo":{"@type":"ImageObject","inLanguage":"es","@id":"https:\/\/www.rajapack.es\/blog-es\/#\/schema\/logo\/image\/","url":"https:\/\/www.rajapack.es\/blog-es\/wp-content\/uploads\/2021\/10\/logo-mobile@3x.png","contentUrl":"https:\/\/www.rajapack.es\/blog-es\/wp-content\/uploads\/2021\/10\/logo-mobile@3x.png","width":534,"height":114,"caption":"RAJA ES"},"image":{"@id":"https:\/\/www.rajapack.es\/blog-es\/#\/schema\/logo\/image\/"},"sameAs":["https:\/\/www.facebook.com\/Rajapack.es","https:\/\/x.com\/RajapackES","https:\/\/www.linkedin.com\/company\/rajapack-spain\/","https:\/\/www.youtube.com\/user\/RajapackES"]},{"@type":"Person","@id":"https:\/\/www.rajapack.es\/blog-es\/#\/schema\/person\/400c27752a59dd208888711c96f5fc9d","name":"Rajapack","image":{"@type":"ImageObject","inLanguage":"es","@id":"https:\/\/www.rajapack.es\/blog-es\/#\/schema\/person\/image\/","url":"https:\/\/secure.gravatar.com\/avatar\/38091fb406fcb37229e1256d26439fbc?s=96&d=mm&r=g","contentUrl":"https:\/\/secure.gravatar.com\/avatar\/38091fb406fcb37229e1256d26439fbc?s=96&d=mm&r=g","caption":"Rajapack"},"url":"https:\/\/www.rajapack.es\/blog-es\/author\/relevant_traffic"}]}},"_links":{"self":[{"href":"https:\/\/www.rajapack.es\/blog-es\/wp-json\/wp\/v2\/posts\/1437"}],"collection":[{"href":"https:\/\/www.rajapack.es\/blog-es\/wp-json\/wp\/v2\/posts"}],"about":[{"href":"https:\/\/www.rajapack.es\/blog-es\/wp-json\/wp\/v2\/types\/post"}],"author":[{"embeddable":true,"href":"https:\/\/www.rajapack.es\/blog-es\/wp-json\/wp\/v2\/users\/11"}],"replies":[{"embeddable":true,"href":"https:\/\/www.rajapack.es\/blog-es\/wp-json\/wp\/v2\/comments?post=1437"}],"version-history":[{"count":0,"href":"https:\/\/www.rajapack.es\/blog-es\/wp-json\/wp\/v2\/posts\/1437\/revisions"}],"wp:featuredmedia":[{"embeddable":true,"href":"https:\/\/www.rajapack.es\/blog-es\/wp-json\/wp\/v2\/media\/1438"}],"wp:attachment":[{"href":"https:\/\/www.rajapack.es\/blog-es\/wp-json\/wp\/v2\/media?parent=1437"}],"wp:term":[{"taxonomy":"category","embeddable":true,"href":"https:\/\/www.rajapack.es\/blog-es\/wp-json\/wp\/v2\/categories?post=1437"},{"taxonomy":"post_tag","embeddable":true,"href":"https:\/\/www.rajapack.es\/blog-es\/wp-json\/wp\/v2\/tags?post=1437"}],"curies":[{"name":"wp","href":"https:\/\/api.w.org\/{rel}","templated":true}]}}