{"id":1466,"date":"2014-11-03T11:28:33","date_gmt":"2014-11-03T09:28:33","guid":{"rendered":"https:\/\/blog-staging-es.raja-group.com\/?p=1466"},"modified":"2022-03-29T12:00:24","modified_gmt":"2022-03-29T10:00:24","slug":"rajapack-estara-presente-en-empack-con-un-stand-durante-los-dias-5-y-6-de-noviembre","status":"publish","type":"post","link":"https:\/\/www.rajapack.es\/blog-es\/rajapack-estara-presente-en-empack-con-un-stand-durante-los-dias-5-y-6-de-noviembre","title":{"rendered":"Rajapack estar\u00e1 presente en Empack con un stand durante los d\u00edas 5 y 6 de Noviembre"},"content":{"rendered":"<p style=\"text-align: justify;\">Los pr\u00f3ximos <strong>d\u00edas 5 y 6 Noviembre se celebrar\u00e1 en Madrid <\/strong>la nueva edici\u00f3n del <strong>evento<\/strong> <strong>del envase y el embalaj<\/strong>e m\u00e1s importante de Espa\u00f1a, <strong>Empack<\/strong>, que tendr\u00e1 lugar en el recinto de la Feria de Madrid.<\/p>\n<p style=\"text-align: justify;\">Empack representar\u00e1 estos d\u00edas el <strong>punto<\/strong> <strong>de encuentro para muchos profesionales del sector<\/strong> que quieran iniciar contactos con m\u00e1s de 5600 empresas all\u00e1 disponibles. Las <strong>nuevas incorporaciones tecnol\u00f3gicas, las nuevas tendencias o<\/strong> los nuevos actores en el mercado son varias de las propuestas que se presentar\u00e1n y se dar\u00e1n a conocer en esta feria que aspira a <strong>ser una plataforma de crecimiento<\/strong> para muchas de las compa\u00f1\u00edas que trabajan en este sector o que buscan nuevas oportunidades a trav\u00e9s de este evento.<\/p>\n<p style=\"text-align: center;\"><a href=\"https:\/\/www.rajapack.es\/blog-es\/wp-content\/uploads\/2014\/11\/ES-ban-salon-1114-e1415006600480-2.jpg\"><img loading=\"lazy\" decoding=\"async\" class=\"alignnone wp-image-1467 size-full\" title=\"Rajapack en empack 2014\" src=\"https:\/\/www.rajapack.es\/blog-es\/wp-content\/uploads\/2014\/11\/ES-ban-salon-1114-e1415006600480-2.jpg\" alt=\"Rajapack en Empack 2014\" width=\"528\" height=\"119\" srcset=\"https:\/\/www.rajapack.es\/blog-es\/wp-content\/uploads\/2014\/11\/ES-ban-salon-1114-e1415006600480-2.jpg 528w, https:\/\/www.rajapack.es\/blog-es\/wp-content\/uploads\/2014\/11\/ES-ban-salon-1114-e1415006600480-2-430x97.jpg 430w, https:\/\/www.rajapack.es\/blog-es\/wp-content\/uploads\/2014\/11\/ES-ban-salon-1114-e1415006600480-2-375x85.jpg 375w\" sizes=\"(max-width: 528px) 100vw, 528px\" \/><\/a><\/p>\n<p style=\"text-align: justify;\">En <strong>Rajapack estaremos presentes en Empack<\/strong> para ofrecer nuestros servicios a todos aquellos que busquen <strong>las mejores soluciones en embalaje para cubrir sus necesidades<\/strong>. Contaremos con la <strong>presencia de un equipo comercial formado<\/strong>, capaz de dar respuesta a cualquier tipo de consulta y tendremos regalos a todos los presentes que pasen por el <strong>stand C10 del pabell\u00f3n 12 <\/strong>de la Feria de Madrid para informarse.<\/p>\n<p style=\"text-align: justify;\">Como novedad principal, aprovecharemos para presentar <strong>una charla especializada<\/strong> a los presentes titulada: \u201c<strong>El embalaje del e-commerce<\/strong>\u201d donde se aplicar\u00e1n los conocimientos de la marca con uno de los sectores que m\u00e1s est\u00e1 creciendo actualmente en Espa\u00f1a y que mantiene unas tendencias muy positivas y con una incidencia muy alta en el sector del embalaje.<\/p>\n<p style=\"text-align: justify;\">Para todos los que est\u00e9is interesados en participar de este evento y quer\u00e1is venir, no dud\u00e9is en poneros en contacto con nosotros en el\u00a0<strong>902 20 30 06,<\/strong>\u00a0o escr\u00edbenos un e-mail con tus datos a\u00a0<strong>contacto@rajapack.es<\/strong><\/p>\n","protected":false},"excerpt":{"rendered":"<p>Los pr\u00f3ximos d\u00edas 5 y 6 Noviembre se celebrar\u00e1 en Madrid la nueva edici\u00f3n del evento del envase y el embalaje m\u00e1s importante de Espa\u00f1a, Empack, que tendr\u00e1 lugar en [&#8230;]<\/p>\n","protected":false},"author":11,"featured_media":1467,"comment_status":"open","ping_status":"open","sticky":false,"template":"","format":"standard","meta":{"_acf_changed":false,"footnotes":""},"categories":[6],"tags":[],"class_list":["post-1466","post","type-post","status-publish","format-standard","has-post-thumbnail","hentry","category-noticias"],"acf":[],"yoast_head":"\n<title>Rajapack estar\u00e1 presente en Empack con un stand durante los d\u00edas 5 y 6 de Noviembre RAJAPACK<\/title>\n<meta name=\"description\" content=\"Rajapack estar\u00e1 en Empack los d\u00edas 5 y 6 de noviembre de este 2014, \u00bfNos vendr\u00e1s a visitar? Presentaremos nuestras \u00faltimas novedades en embalaje para empresas y ecommerce.\" \/>\n<meta name=\"robots\" content=\"index, follow, max-snippet:-1, max-image-preview:large, max-video-preview:-1\" \/>\n<link rel=\"canonical\" href=\"https:\/\/www.rajapack.es\/blog-es\/rajapack-estara-presente-en-empack-con-un-stand-durante-los-dias-5-y-6-de-noviembre\" \/>\n<meta property=\"og:locale\" content=\"es_ES\" \/>\n<meta property=\"og:type\" content=\"article\" \/>\n<meta property=\"og:title\" content=\"Rajapack estar\u00e1 presente en Empack con un stand durante los d\u00edas 5 y 6 de Noviembre RAJAPACK\" \/>\n<meta property=\"og:description\" content=\"Rajapack estar\u00e1 en Empack los d\u00edas 5 y 6 de noviembre de este 2014, \u00bfNos vendr\u00e1s a visitar? Presentaremos nuestras \u00faltimas novedades en embalaje para empresas y ecommerce.\" \/>\n<meta property=\"og:url\" content=\"https:\/\/www.rajapack.es\/blog-es\/rajapack-estara-presente-en-empack-con-un-stand-durante-los-dias-5-y-6-de-noviembre\" \/>\n<meta property=\"og:site_name\" content=\"RAJAPACK Blog | Consejos de embalaje, log\u00edstica y m\u00e1s\" \/>\n<meta property=\"article:publisher\" content=\"https:\/\/www.facebook.com\/Rajapack.es\" \/>\n<meta property=\"article:published_time\" content=\"2014-11-03T09:28:33+00:00\" \/>\n<meta property=\"article:modified_time\" content=\"2022-03-29T10:00:24+00:00\" \/>\n<meta property=\"og:image\" content=\"https:\/\/www.rajapack.es\/blog-es\/wp-content\/uploads\/2014\/11\/ES-ban-salon-1114-e1415006600480-2.jpg\" \/>\n\t<meta property=\"og:image:width\" content=\"528\" \/>\n\t<meta property=\"og:image:height\" content=\"119\" \/>\n\t<meta property=\"og:image:type\" content=\"image\/jpeg\" \/>\n<meta name=\"author\" content=\"Rajapack\" \/>\n<meta name=\"twitter:card\" content=\"summary_large_image\" \/>\n<meta name=\"twitter:creator\" content=\"@RajapackES\" \/>\n<meta name=\"twitter:site\" content=\"@RajapackES\" \/>\n<meta name=\"twitter:label1\" content=\"Escrito por\" \/>\n\t<meta name=\"twitter:data1\" content=\"Rajapack\" \/>\n\t<meta name=\"twitter:label2\" content=\"Tiempo de lectura\" \/>\n\t<meta name=\"twitter:data2\" content=\"1 minuto\" \/>\n<script type=\"application\/ld+json\" class=\"yoast-schema-graph\">{\n\t    \"@context\": \"https:\/\/schema.org\",\n\t    \"@graph\": [\n\t        {\n\t            \"@type\": \"Article\",\n\t            \"@id\": \"https:\/\/www.rajapack.es\/blog-es\/rajapack-estara-presente-en-empack-con-un-stand-durante-los-dias-5-y-6-de-noviembre#article\",\n\t            \"isPartOf\": {\n\t                \"@id\": \"https:\/\/www.rajapack.es\/blog-es\/rajapack-estara-presente-en-empack-con-un-stand-durante-los-dias-5-y-6-de-noviembre\"\n\t            },\n\t            \"author\": {\n\t                \"name\": \"Rajapack\",\n\t                \"@id\": \"https:\/\/www.rajapack.es\/blog-es\/#\/schema\/person\/400c27752a59dd208888711c96f5fc9d\"\n\t            },\n\t            \"headline\": \"Rajapack estar\u00e1 presente en Empack con un stand durante los d\u00edas 5 y 6 de Noviembre\",\n\t            \"datePublished\": \"2014-11-03T09:28:33+00:00\",\n\t            \"dateModified\": \"2022-03-29T10:00:24+00:00\",\n\t            \"mainEntityOfPage\": {\n\t                \"@id\": \"https:\/\/www.rajapack.es\/blog-es\/rajapack-estara-presente-en-empack-con-un-stand-durante-los-dias-5-y-6-de-noviembre\"\n\t            },\n\t            \"wordCount\": 305,\n\t            \"commentCount\": 0,\n\t            \"publisher\": {\n\t                \"@id\": \"https:\/\/www.rajapack.es\/blog-es\/#organization\"\n\t            },\n\t            \"image\": {\n\t                \"@id\": \"https:\/\/www.rajapack.es\/blog-es\/rajapack-estara-presente-en-empack-con-un-stand-durante-los-dias-5-y-6-de-noviembre#primaryimage\"\n\t            },\n\t            \"thumbnailUrl\": \"https:\/\/www.rajapack.es\/blog-es\/wp-content\/uploads\/2014\/11\/ES-ban-salon-1114-e1415006600480-2.jpg\",\n\t            \"articleSection\": [\n\t                \"Noticias y eventos\"\n\t            ],\n\t            \"inLanguage\": \"es\",\n\t            \"potentialAction\": [\n\t                {\n\t                    \"@type\": \"CommentAction\",\n\t                    \"name\": \"Comment\",\n\t                    \"target\": [\n\t                        \"https:\/\/www.rajapack.es\/blog-es\/rajapack-estara-presente-en-empack-con-un-stand-durante-los-dias-5-y-6-de-noviembre#respond\"\n\t                    ]\n\t                }\n\t            ]\n\t        },\n\t        {\n\t            \"@type\": \"WebPage\",\n\t            \"@id\": \"https:\/\/www.rajapack.es\/blog-es\/rajapack-estara-presente-en-empack-con-un-stand-durante-los-dias-5-y-6-de-noviembre\",\n\t            \"url\": \"https:\/\/www.rajapack.es\/blog-es\/rajapack-estara-presente-en-empack-con-un-stand-durante-los-dias-5-y-6-de-noviembre\",\n\t            \"name\": \"Rajapack estar\u00e1 presente en Empack con un stand durante los d\u00edas 5 y 6 de Noviembre RAJAPACK\",\n\t            \"isPartOf\": {\n\t                \"@id\": \"https:\/\/www.rajapack.es\/blog-es\/#website\"\n\t            },\n\t            \"primaryImageOfPage\": {\n\t                \"@id\": \"https:\/\/www.rajapack.es\/blog-es\/rajapack-estara-presente-en-empack-con-un-stand-durante-los-dias-5-y-6-de-noviembre#primaryimage\"\n\t            },\n\t            \"image\": {\n\t                \"@id\": \"https:\/\/www.rajapack.es\/blog-es\/rajapack-estara-presente-en-empack-con-un-stand-durante-los-dias-5-y-6-de-noviembre#primaryimage\"\n\t            },\n\t            \"thumbnailUrl\": \"https:\/\/www.rajapack.es\/blog-es\/wp-content\/uploads\/2014\/11\/ES-ban-salon-1114-e1415006600480-2.jpg\",\n\t            \"datePublished\": \"2014-11-03T09:28:33+00:00\",\n\t            \"dateModified\": \"2022-03-29T10:00:24+00:00\",\n\t            \"description\": \"Rajapack estar\u00e1 en Empack los d\u00edas 5 y 6 de noviembre de este 2014, \u00bfNos vendr\u00e1s a visitar? Presentaremos nuestras \u00faltimas novedades en embalaje para empresas y ecommerce.\",\n\t            \"inLanguage\": \"es\",\n\t            \"potentialAction\": [\n\t                {\n\t                    \"@type\": \"ReadAction\",\n\t                    \"target\": [\n\t                        \"https:\/\/www.rajapack.es\/blog-es\/rajapack-estara-presente-en-empack-con-un-stand-durante-los-dias-5-y-6-de-noviembre\"\n\t                    ]\n\t                }\n\t            ]\n\t        },\n\t        {\n\t            \"@type\": \"ImageObject\",\n\t            \"inLanguage\": \"es\",\n\t            \"@id\": \"https:\/\/www.rajapack.es\/blog-es\/rajapack-estara-presente-en-empack-con-un-stand-durante-los-dias-5-y-6-de-noviembre#primaryimage\",\n\t            \"url\": \"https:\/\/www.rajapack.es\/blog-es\/wp-content\/uploads\/2014\/11\/ES-ban-salon-1114-e1415006600480-2.jpg\",\n\t            \"contentUrl\": \"https:\/\/www.rajapack.es\/blog-es\/wp-content\/uploads\/2014\/11\/ES-ban-salon-1114-e1415006600480-2.jpg\",\n\t            \"width\": 528,\n\t            \"height\": 119,\n\t            \"caption\": \"Rajapack en Empack 2014\"\n\t        },\n\t        {\n\t            \"@type\": \"WebSite\",\n\t            \"@id\": \"https:\/\/www.rajapack.es\/blog-es\/#website\",\n\t            \"url\": \"https:\/\/www.rajapack.es\/blog-es\/\",\n\t            \"name\": \"RAJAPACK Blog | Consejos de embalaje, log\u00edstica y m\u00e1s\",\n\t            \"description\": \"Consejos de embalaje, logistica y m\u00e1s\",\n\t            \"publisher\": {\n\t                \"@id\": \"https:\/\/www.rajapack.es\/blog-es\/#organization\"\n\t            },\n\t            \"potentialAction\": [\n\t                {\n\t                    \"@type\": \"SearchAction\",\n\t                    \"target\": {\n\t                        \"@type\": \"EntryPoint\",\n\t                        \"urlTemplate\": \"https:\/\/www.rajapack.es\/blog-es\/?s={search_term_string}\"\n\t                    },\n\t                    \"query-input\": {\n\t                        \"@type\": \"PropertyValueSpecification\",\n\t                        \"valueRequired\": true,\n\t                        \"valueName\": \"search_term_string\"\n\t                    }\n\t                }\n\t            ],\n\t            \"inLanguage\": \"es\"\n\t        },\n\t        {\n\t            \"@type\": \"Organization\",\n\t            \"@id\": \"https:\/\/www.rajapack.es\/blog-es\/#organization\",\n\t            \"name\": \"RAJA ES\",\n\t            \"url\": \"https:\/\/www.rajapack.es\/blog-es\/\",\n\t            \"logo\": {\n\t                \"@type\": \"ImageObject\",\n\t                \"inLanguage\": \"es\",\n\t                \"@id\": \"https:\/\/www.rajapack.es\/blog-es\/#\/schema\/logo\/image\/\",\n\t                \"url\": \"https:\/\/www.rajapack.es\/blog-es\/wp-content\/uploads\/2021\/10\/logo-mobile@3x.png\",\n\t                \"contentUrl\": \"https:\/\/www.rajapack.es\/blog-es\/wp-content\/uploads\/2021\/10\/logo-mobile@3x.png\",\n\t                \"width\": 534,\n\t                \"height\": 114,\n\t                \"caption\": \"RAJA ES\"\n\t            },\n\t            \"image\": {\n\t                \"@id\": \"https:\/\/www.rajapack.es\/blog-es\/#\/schema\/logo\/image\/\"\n\t            },\n\t            \"sameAs\": [\n\t                \"https:\/\/www.facebook.com\/Rajapack.es\",\n\t                \"https:\/\/x.com\/RajapackES\",\n\t                \"https:\/\/www.linkedin.com\/company\/rajapack-spain\/\",\n\t                \"https:\/\/www.youtube.com\/user\/RajapackES\"\n\t            ]\n\t        },\n\t        {\n\t            \"@type\": \"Person\",\n\t            \"@id\": \"https:\/\/www.rajapack.es\/blog-es\/#\/schema\/person\/400c27752a59dd208888711c96f5fc9d\",\n\t            \"name\": \"Rajapack\",\n\t            \"image\": {\n\t                \"@type\": \"ImageObject\",\n\t                \"inLanguage\": \"es\",\n\t                \"@id\": \"https:\/\/www.rajapack.es\/blog-es\/#\/schema\/person\/image\/\",\n\t                \"url\": \"https:\/\/secure.gravatar.com\/avatar\/38091fb406fcb37229e1256d26439fbc?s=96&d=mm&r=g\",\n\t                \"contentUrl\": \"https:\/\/secure.gravatar.com\/avatar\/38091fb406fcb37229e1256d26439fbc?s=96&d=mm&r=g\",\n\t                \"caption\": \"Rajapack\"\n\t            },\n\t            \"url\": \"https:\/\/www.rajapack.es\/blog-es\/author\/relevant_traffic\"\n\t        }\n\t    ]\n\t}<\/script>\n","yoast_head_json":{"title":"Rajapack estar\u00e1 presente en Empack con un stand durante los d\u00edas 5 y 6 de Noviembre RAJAPACK","description":"Rajapack estar\u00e1 en Empack los d\u00edas 5 y 6 de noviembre de este 2014, \u00bfNos vendr\u00e1s a visitar? Presentaremos nuestras \u00faltimas novedades en embalaje para empresas y ecommerce.","robots":{"index":"index","follow":"follow","max-snippet":"max-snippet:-1","max-image-preview":"max-image-preview:large","max-video-preview":"max-video-preview:-1"},"canonical":"https:\/\/www.rajapack.es\/blog-es\/rajapack-estara-presente-en-empack-con-un-stand-durante-los-dias-5-y-6-de-noviembre","og_locale":"es_ES","og_type":"article","og_title":"Rajapack estar\u00e1 presente en Empack con un stand durante los d\u00edas 5 y 6 de Noviembre RAJAPACK","og_description":"Rajapack estar\u00e1 en Empack los d\u00edas 5 y 6 de noviembre de este 2014, \u00bfNos vendr\u00e1s a visitar? Presentaremos nuestras \u00faltimas novedades en embalaje para empresas y ecommerce.","og_url":"https:\/\/www.rajapack.es\/blog-es\/rajapack-estara-presente-en-empack-con-un-stand-durante-los-dias-5-y-6-de-noviembre","og_site_name":"RAJAPACK Blog | Consejos de embalaje, log\u00edstica y m\u00e1s","article_publisher":"https:\/\/www.facebook.com\/Rajapack.es","article_published_time":"2014-11-03T09:28:33+00:00","article_modified_time":"2022-03-29T10:00:24+00:00","og_image":[{"width":528,"height":119,"url":"https:\/\/www.rajapack.es\/blog-es\/wp-content\/uploads\/2014\/11\/ES-ban-salon-1114-e1415006600480-2.jpg","type":"image\/jpeg"}],"author":"Rajapack","twitter_card":"summary_large_image","twitter_creator":"@RajapackES","twitter_site":"@RajapackES","twitter_misc":{"Escrito por":"Rajapack","Tiempo de lectura":"1 minuto"},"schema":{"@context":"https:\/\/schema.org","@graph":[{"@type":"Article","@id":"https:\/\/www.rajapack.es\/blog-es\/rajapack-estara-presente-en-empack-con-un-stand-durante-los-dias-5-y-6-de-noviembre#article","isPartOf":{"@id":"https:\/\/www.rajapack.es\/blog-es\/rajapack-estara-presente-en-empack-con-un-stand-durante-los-dias-5-y-6-de-noviembre"},"author":{"name":"Rajapack","@id":"https:\/\/www.rajapack.es\/blog-es\/#\/schema\/person\/400c27752a59dd208888711c96f5fc9d"},"headline":"Rajapack estar\u00e1 presente en Empack con un stand durante los d\u00edas 5 y 6 de Noviembre","datePublished":"2014-11-03T09:28:33+00:00","dateModified":"2022-03-29T10:00:24+00:00","mainEntityOfPage":{"@id":"https:\/\/www.rajapack.es\/blog-es\/rajapack-estara-presente-en-empack-con-un-stand-durante-los-dias-5-y-6-de-noviembre"},"wordCount":305,"commentCount":0,"publisher":{"@id":"https:\/\/www.rajapack.es\/blog-es\/#organization"},"image":{"@id":"https:\/\/www.rajapack.es\/blog-es\/rajapack-estara-presente-en-empack-con-un-stand-durante-los-dias-5-y-6-de-noviembre#primaryimage"},"thumbnailUrl":"https:\/\/www.rajapack.es\/blog-es\/wp-content\/uploads\/2014\/11\/ES-ban-salon-1114-e1415006600480-2.jpg","articleSection":["Noticias y eventos"],"inLanguage":"es","potentialAction":[{"@type":"CommentAction","name":"Comment","target":["https:\/\/www.rajapack.es\/blog-es\/rajapack-estara-presente-en-empack-con-un-stand-durante-los-dias-5-y-6-de-noviembre#respond"]}]},{"@type":"WebPage","@id":"https:\/\/www.rajapack.es\/blog-es\/rajapack-estara-presente-en-empack-con-un-stand-durante-los-dias-5-y-6-de-noviembre","url":"https:\/\/www.rajapack.es\/blog-es\/rajapack-estara-presente-en-empack-con-un-stand-durante-los-dias-5-y-6-de-noviembre","name":"Rajapack estar\u00e1 presente en Empack con un stand durante los d\u00edas 5 y 6 de Noviembre RAJAPACK","isPartOf":{"@id":"https:\/\/www.rajapack.es\/blog-es\/#website"},"primaryImageOfPage":{"@id":"https:\/\/www.rajapack.es\/blog-es\/rajapack-estara-presente-en-empack-con-un-stand-durante-los-dias-5-y-6-de-noviembre#primaryimage"},"image":{"@id":"https:\/\/www.rajapack.es\/blog-es\/rajapack-estara-presente-en-empack-con-un-stand-durante-los-dias-5-y-6-de-noviembre#primaryimage"},"thumbnailUrl":"https:\/\/www.rajapack.es\/blog-es\/wp-content\/uploads\/2014\/11\/ES-ban-salon-1114-e1415006600480-2.jpg","datePublished":"2014-11-03T09:28:33+00:00","dateModified":"2022-03-29T10:00:24+00:00","description":"Rajapack estar\u00e1 en Empack los d\u00edas 5 y 6 de noviembre de este 2014, \u00bfNos vendr\u00e1s a visitar? Presentaremos nuestras \u00faltimas novedades en embalaje para empresas y ecommerce.","inLanguage":"es","potentialAction":[{"@type":"ReadAction","target":["https:\/\/www.rajapack.es\/blog-es\/rajapack-estara-presente-en-empack-con-un-stand-durante-los-dias-5-y-6-de-noviembre"]}]},{"@type":"ImageObject","inLanguage":"es","@id":"https:\/\/www.rajapack.es\/blog-es\/rajapack-estara-presente-en-empack-con-un-stand-durante-los-dias-5-y-6-de-noviembre#primaryimage","url":"https:\/\/www.rajapack.es\/blog-es\/wp-content\/uploads\/2014\/11\/ES-ban-salon-1114-e1415006600480-2.jpg","contentUrl":"https:\/\/www.rajapack.es\/blog-es\/wp-content\/uploads\/2014\/11\/ES-ban-salon-1114-e1415006600480-2.jpg","width":528,"height":119,"caption":"Rajapack en Empack 2014"},{"@type":"WebSite","@id":"https:\/\/www.rajapack.es\/blog-es\/#website","url":"https:\/\/www.rajapack.es\/blog-es\/","name":"RAJAPACK Blog | Consejos de embalaje, log\u00edstica y m\u00e1s","description":"Consejos de embalaje, logistica y m\u00e1s","publisher":{"@id":"https:\/\/www.rajapack.es\/blog-es\/#organization"},"potentialAction":[{"@type":"SearchAction","target":{"@type":"EntryPoint","urlTemplate":"https:\/\/www.rajapack.es\/blog-es\/?s={search_term_string}"},"query-input":{"@type":"PropertyValueSpecification","valueRequired":true,"valueName":"search_term_string"}}],"inLanguage":"es"},{"@type":"Organization","@id":"https:\/\/www.rajapack.es\/blog-es\/#organization","name":"RAJA ES","url":"https:\/\/www.rajapack.es\/blog-es\/","logo":{"@type":"ImageObject","inLanguage":"es","@id":"https:\/\/www.rajapack.es\/blog-es\/#\/schema\/logo\/image\/","url":"https:\/\/www.rajapack.es\/blog-es\/wp-content\/uploads\/2021\/10\/logo-mobile@3x.png","contentUrl":"https:\/\/www.rajapack.es\/blog-es\/wp-content\/uploads\/2021\/10\/logo-mobile@3x.png","width":534,"height":114,"caption":"RAJA ES"},"image":{"@id":"https:\/\/www.rajapack.es\/blog-es\/#\/schema\/logo\/image\/"},"sameAs":["https:\/\/www.facebook.com\/Rajapack.es","https:\/\/x.com\/RajapackES","https:\/\/www.linkedin.com\/company\/rajapack-spain\/","https:\/\/www.youtube.com\/user\/RajapackES"]},{"@type":"Person","@id":"https:\/\/www.rajapack.es\/blog-es\/#\/schema\/person\/400c27752a59dd208888711c96f5fc9d","name":"Rajapack","image":{"@type":"ImageObject","inLanguage":"es","@id":"https:\/\/www.rajapack.es\/blog-es\/#\/schema\/person\/image\/","url":"https:\/\/secure.gravatar.com\/avatar\/38091fb406fcb37229e1256d26439fbc?s=96&d=mm&r=g","contentUrl":"https:\/\/secure.gravatar.com\/avatar\/38091fb406fcb37229e1256d26439fbc?s=96&d=mm&r=g","caption":"Rajapack"},"url":"https:\/\/www.rajapack.es\/blog-es\/author\/relevant_traffic"}]}},"_links":{"self":[{"href":"https:\/\/www.rajapack.es\/blog-es\/wp-json\/wp\/v2\/posts\/1466"}],"collection":[{"href":"https:\/\/www.rajapack.es\/blog-es\/wp-json\/wp\/v2\/posts"}],"about":[{"href":"https:\/\/www.rajapack.es\/blog-es\/wp-json\/wp\/v2\/types\/post"}],"author":[{"embeddable":true,"href":"https:\/\/www.rajapack.es\/blog-es\/wp-json\/wp\/v2\/users\/11"}],"replies":[{"embeddable":true,"href":"https:\/\/www.rajapack.es\/blog-es\/wp-json\/wp\/v2\/comments?post=1466"}],"version-history":[{"count":0,"href":"https:\/\/www.rajapack.es\/blog-es\/wp-json\/wp\/v2\/posts\/1466\/revisions"}],"wp:featuredmedia":[{"embeddable":true,"href":"https:\/\/www.rajapack.es\/blog-es\/wp-json\/wp\/v2\/media\/1467"}],"wp:attachment":[{"href":"https:\/\/www.rajapack.es\/blog-es\/wp-json\/wp\/v2\/media?parent=1466"}],"wp:term":[{"taxonomy":"category","embeddable":true,"href":"https:\/\/www.rajapack.es\/blog-es\/wp-json\/wp\/v2\/categories?post=1466"},{"taxonomy":"post_tag","embeddable":true,"href":"https:\/\/www.rajapack.es\/blog-es\/wp-json\/wp\/v2\/tags?post=1466"}],"curies":[{"name":"wp","href":"https:\/\/api.w.org\/{rel}","templated":true}]}}