{"id":15323,"date":"2022-11-29T17:21:08","date_gmt":"2022-11-29T15:21:08","guid":{"rendered":"https:\/\/www.rajapack.es\/blog-es\/?p=15323"},"modified":"2022-11-29T17:21:13","modified_gmt":"2022-11-29T15:21:13","slug":"embalaje-cosmetica-parafarmacia","status":"publish","type":"post","link":"https:\/\/www.rajapack.es\/blog-es\/embalaje-cosmetica-parafarmacia","title":{"rendered":"Embalaje para cosm\u00e9tica y parafarmacia: diferenciaci\u00f3n, EcoResponsabilidad y protecci\u00f3n"},"content":{"rendered":"\n<p>Si existe un \u00e1mbito con un alt\u00edsimo nivel de competencia en el mercado, este es el <strong>sector de la cosm\u00e9tica y la parafarmacia<\/strong>. La belleza y el cuidado importan, tanto que cada a\u00f1o se ampl\u00eda el cat\u00e1logo con miles de nuevos lanzamientos. Ante un sector con una oferta tan amplia, las marcas est\u00e1n obligadas a trazar una estrategia eficaz para encontrar su nicho y hacer crecer sus ventas. Una de las maneras de diferenciarse es emplear un <strong><em>packaging<\/em> que ayude a construir una imagen de marca \u00fanica<\/strong>. Los embalajes son tan importantes que no solo cumplen una funci\u00f3n de empaquetado y protecci\u00f3n, sino que tambi\u00e9n contribuyen a comunicar los mensajes clave de cada firma.<\/p>\n\n\n\n<div id=\"ez-toc-container\" class=\"ez-toc-v2_0_72 counter-hierarchy ez-toc-counter ez-toc-grey ez-toc-container-direction\">\n<div class=\"ez-toc-title-container\">\n<p class=\"ez-toc-title\" style=\"cursor:inherit\">Tabla de contenidos<\/p>\n<span class=\"ez-toc-title-toggle\"><a href=\"#\" class=\"ez-toc-pull-right ez-toc-btn ez-toc-btn-xs ez-toc-btn-default ez-toc-toggle\" aria-label=\"Toggle Table of Content\"><span class=\"ez-toc-js-icon-con\"><span class=\"\"><span class=\"eztoc-hide\" style=\"display:none;\">Toggle<\/span><span class=\"ez-toc-icon-toggle-span\"><svg style=\"fill: #999;color:#999\" xmlns=\"http:\/\/www.w3.org\/2000\/svg\" class=\"list-377408\" width=\"20px\" height=\"20px\" viewBox=\"0 0 24 24\" fill=\"none\"><path d=\"M6 6H4v2h2V6zm14 0H8v2h12V6zM4 11h2v2H4v-2zm16 0H8v2h12v-2zM4 16h2v2H4v-2zm16 0H8v2h12v-2z\" fill=\"currentColor\"><\/path><\/svg><svg style=\"fill: #999;color:#999\" class=\"arrow-unsorted-368013\" xmlns=\"http:\/\/www.w3.org\/2000\/svg\" width=\"10px\" height=\"10px\" viewBox=\"0 0 24 24\" version=\"1.2\" baseProfile=\"tiny\"><path d=\"M18.2 9.3l-6.2-6.3-6.2 6.3c-.2.2-.3.4-.3.7s.1.5.3.7c.2.2.4.3.7.3h11c.3 0 .5-.1.7-.3.2-.2.3-.5.3-.7s-.1-.5-.3-.7zM5.8 14.7l6.2 6.3 6.2-6.3c.2-.2.3-.5.3-.7s-.1-.5-.3-.7c-.2-.2-.4-.3-.7-.3h-11c-.3 0-.5.1-.7.3-.2.2-.3.5-.3.7s.1.5.3.7z\"\/><\/svg><\/span><\/span><\/span><\/a><\/span><\/div>\n<nav><ul class='ez-toc-list ez-toc-list-level-1 ' ><li class='ez-toc-page-1 ez-toc-heading-level-2'><a class=\"ez-toc-link ez-toc-heading-1\" href=\"https:\/\/www.rajapack.es\/blog-es\/embalaje-cosmetica-parafarmacia\/#Mercado_de_la_cosmetica_y_la_parafarmacia_cifras_de_negocio\" title=\"Mercado de la cosm\u00e9tica y la parafarmacia: cifras de negocio\">Mercado de la cosm\u00e9tica y la parafarmacia: cifras de negocio<\/a><\/li><li class='ez-toc-page-1 ez-toc-heading-level-2'><a class=\"ez-toc-link ez-toc-heading-2\" href=\"https:\/\/www.rajapack.es\/blog-es\/embalaje-cosmetica-parafarmacia\/#Tipos_de_embalajes_en_cosmetica_y_parafarmacia\" title=\"Tipos de embalajes en cosm\u00e9tica y parafarmacia\">Tipos de embalajes en cosm\u00e9tica y parafarmacia<\/a><\/li><li class='ez-toc-page-1 ez-toc-heading-level-2'><a class=\"ez-toc-link ez-toc-heading-3\" href=\"https:\/\/www.rajapack.es\/blog-es\/embalaje-cosmetica-parafarmacia\/#9_consejos_para_elegir_el_embalaje_en_cosmetica_y_parafarmacia\" title=\"9 consejos para elegir el embalaje en cosm\u00e9tica y parafarmacia\">9 consejos para elegir el embalaje en cosm\u00e9tica y parafarmacia<\/a><ul class='ez-toc-list-level-3' ><li class='ez-toc-heading-level-3'><a class=\"ez-toc-link ez-toc-heading-4\" href=\"https:\/\/www.rajapack.es\/blog-es\/embalaje-cosmetica-parafarmacia\/#1_Asegurar_la_proteccion_del_producto\" title=\"1. Asegurar la protecci\u00f3n del producto\">1. Asegurar la protecci\u00f3n del producto<\/a><\/li><li class='ez-toc-page-1 ez-toc-heading-level-3'><a class=\"ez-toc-link ez-toc-heading-5\" href=\"https:\/\/www.rajapack.es\/blog-es\/embalaje-cosmetica-parafarmacia\/#2_Utilizar_un_diseno_diferenciador\" title=\"2. Utilizar un dise\u00f1o diferenciador\">2. Utilizar un dise\u00f1o diferenciador<\/a><\/li><li class='ez-toc-page-1 ez-toc-heading-level-3'><a class=\"ez-toc-link ez-toc-heading-6\" href=\"https:\/\/www.rajapack.es\/blog-es\/embalaje-cosmetica-parafarmacia\/#3_Resaltar_la_identidad_de_marca\" title=\"3. Resaltar la identidad de marca\">3. Resaltar la identidad de marca<\/a><\/li><li class='ez-toc-page-1 ez-toc-heading-level-3'><a class=\"ez-toc-link ez-toc-heading-7\" href=\"https:\/\/www.rajapack.es\/blog-es\/embalaje-cosmetica-parafarmacia\/#4_Cuidar_la_discrecion_cuando_se_requiera\" title=\"4. Cuidar la discreci\u00f3n cuando se requiera\">4. Cuidar la discreci\u00f3n cuando se requiera<\/a><\/li><li class='ez-toc-page-1 ez-toc-heading-level-3'><a class=\"ez-toc-link ez-toc-heading-8\" href=\"https:\/\/www.rajapack.es\/blog-es\/embalaje-cosmetica-parafarmacia\/#5_Aprovechar_la_estacionalidad\" title=\"5. Aprovechar la estacionalidad\">5. Aprovechar la estacionalidad<\/a><\/li><li class='ez-toc-page-1 ez-toc-heading-level-3'><a class=\"ez-toc-link ez-toc-heading-9\" href=\"https:\/\/www.rajapack.es\/blog-es\/embalaje-cosmetica-parafarmacia\/#6_Fomentar_la_experiencia_de_unboxing\" title=\"6. Fomentar la experiencia de unboxing\">6. Fomentar la experiencia de unboxing<\/a><\/li><li class='ez-toc-page-1 ez-toc-heading-level-3'><a class=\"ez-toc-link ez-toc-heading-10\" href=\"https:\/\/www.rajapack.es\/blog-es\/embalaje-cosmetica-parafarmacia\/#7_Explotar_el_copacking\" title=\"7. Explotar el copacking\">7. Explotar el copacking<\/a><\/li><li class='ez-toc-page-1 ez-toc-heading-level-3'><a class=\"ez-toc-link ez-toc-heading-11\" href=\"https:\/\/www.rajapack.es\/blog-es\/embalaje-cosmetica-parafarmacia\/#8_Mantener_un_compromiso_EcoResponsable\" title=\"8. Mantener un compromiso EcoResponsable\">8. Mantener un compromiso EcoResponsable<\/a><\/li><li class='ez-toc-page-1 ez-toc-heading-level-3'><a class=\"ez-toc-link ez-toc-heading-12\" href=\"https:\/\/www.rajapack.es\/blog-es\/embalaje-cosmetica-parafarmacia\/#9_Facilitar_la_preparacion_de_pedidos\" title=\"9. Facilitar la preparaci\u00f3n de pedidos\">9. Facilitar la preparaci\u00f3n de pedidos<\/a><\/li><\/ul><\/li><li class='ez-toc-page-1 ez-toc-heading-level-2'><a class=\"ez-toc-link ez-toc-heading-13\" href=\"https:\/\/www.rajapack.es\/blog-es\/embalaje-cosmetica-parafarmacia\/#Embalajes_para_e-commerce_de_cosmetica_y_parafarmacia\" title=\"Embalajes para e-commerce de cosm\u00e9tica y parafarmacia\">Embalajes para e-commerce de cosm\u00e9tica y parafarmacia<\/a><ul class='ez-toc-list-level-3' ><li class='ez-toc-heading-level-3'><a class=\"ez-toc-link ez-toc-heading-14\" href=\"https:\/\/www.rajapack.es\/blog-es\/embalaje-cosmetica-parafarmacia\/#Embalajes_de_carton_y_papel\" title=\"Embalajes de cart\u00f3n y papel\">Embalajes de cart\u00f3n y papel<\/a><\/li><li class='ez-toc-page-1 ez-toc-heading-level-3'><a class=\"ez-toc-link ez-toc-heading-15\" href=\"https:\/\/www.rajapack.es\/blog-es\/embalaje-cosmetica-parafarmacia\/#Embalajes_isotermicos\" title=\"Embalajes isot\u00e9rmicos\">Embalajes isot\u00e9rmicos<\/a><\/li><li class='ez-toc-page-1 ez-toc-heading-level-3'><a class=\"ez-toc-link ez-toc-heading-16\" href=\"https:\/\/www.rajapack.es\/blog-es\/embalaje-cosmetica-parafarmacia\/#Cinta_adhesiva_personalizada\" title=\"Cinta adhesiva personalizada\">Cinta adhesiva personalizada<\/a><\/li><\/ul><\/li><li class='ez-toc-page-1 ez-toc-heading-level-2'><a class=\"ez-toc-link ez-toc-heading-17\" href=\"https:\/\/www.rajapack.es\/blog-es\/embalaje-cosmetica-parafarmacia\/#Embalajes_para_regalo_un_plus_para_una_presentacion_de_10\" title=\"Embalajes para regalo, un plus para una presentaci\u00f3n de 10\">Embalajes para regalo, un plus para una presentaci\u00f3n de 10<\/a><\/li><li class='ez-toc-page-1 ez-toc-heading-level-2'><a class=\"ez-toc-link ez-toc-heading-18\" href=\"https:\/\/www.rajapack.es\/blog-es\/embalaje-cosmetica-parafarmacia\/#Embalajes_de_relleno_y_proteccion_en_cosmetica_y_parafarmacia\" title=\"Embalajes de relleno y protecci\u00f3n en cosm\u00e9tica y parafarmacia\">Embalajes de relleno y protecci\u00f3n en cosm\u00e9tica y parafarmacia<\/a><\/li><li class='ez-toc-page-1 ez-toc-heading-level-2'><a class=\"ez-toc-link ez-toc-heading-19\" href=\"https:\/\/www.rajapack.es\/blog-es\/embalaje-cosmetica-parafarmacia\/#Bolsas_esenciales_en_tiendas_de_cosmetica_y_parafarmacias\" title=\"Bolsas, esenciales en tiendas de cosm\u00e9tica y parafarmacias\">Bolsas, esenciales en tiendas de cosm\u00e9tica y parafarmacias<\/a><\/li><\/ul><\/nav><\/div>\n<h2 class=\"wp-block-heading\"><span class=\"ez-toc-section\" id=\"Mercado_de_la_cosmetica_y_la_parafarmacia_cifras_de_negocio\"><\/span>Mercado de la cosm\u00e9tica y la parafarmacia: cifras de negocio<span class=\"ez-toc-section-end\"><\/span><\/h2>\n\n\n\n<p>Con la pandemia del coronavirus y el confinamiento, el sector de la cosm\u00e9tica y la parafarmacia se vio afectado por una ca\u00edda en las ventas. Sin embargo, una vez de vuelta a una situaci\u00f3n de normalidad el mercado se ha ido recuperando. <a href=\"https:\/\/es.statista.com\/temas\/7648\/cosmetica-y-perfumeria-en-espana\/\" target=\"_blank\" rel=\"noreferrer noopener nofollow\">Seg\u00fan Statista<\/a>, <strong>en mayo de 2022 el valor de mercado del sector en Europa superaba los 50.000 millones de euros<\/strong>. En cuanto a nuestro pa\u00eds, <a href=\"https:\/\/www.stanpa.com\/sector-en-cifras\/sector-cosmetico-espana\/\" target=\"_blank\" rel=\"noreferrer noopener nofollow\">de acuerdo con Stanpa<\/a>, la Asociaci\u00f3n Nacional de Perfumer\u00eda y Cosm\u00e9tica, <strong>en 2021 el mercado creci\u00f3 un 7,8%, alcanzando cifras de 8.200 millones de euros<\/strong>; siendo los perfumes la categor\u00eda con m\u00e1s dinamismo, con m\u00e1s de un 24,4% de aumento.<\/p>\n\n\n<div class=\"wp-block-image\">\n<figure class=\"aligncenter size-full\"><img loading=\"lazy\" decoding=\"async\" width=\"800\" height=\"450\" src=\"https:\/\/www.rajapack.es\/blog-es\/wp-content\/uploads\/2022\/11\/productos-cosmetica.jpg\" alt=\"Los productos de cosm\u00e9tica requieren un packaging adaptado a sus caracter\u00edsticas\" class=\"wp-image-15327\" srcset=\"https:\/\/www.rajapack.es\/blog-es\/wp-content\/uploads\/2022\/11\/productos-cosmetica.jpg 800w, https:\/\/www.rajapack.es\/blog-es\/wp-content\/uploads\/2022\/11\/productos-cosmetica-430x242.jpg 430w, https:\/\/www.rajapack.es\/blog-es\/wp-content\/uploads\/2022\/11\/productos-cosmetica-768x432.jpg 768w\" sizes=\"(max-width: 800px) 100vw, 800px\" \/><\/figure><\/div>\n\n\n<h2 class=\"wp-block-heading\"><span class=\"ez-toc-section\" id=\"Tipos_de_embalajes_en_cosmetica_y_parafarmacia\"><\/span>Tipos de embalajes en cosm\u00e9tica y parafarmacia<span class=\"ez-toc-section-end\"><\/span><\/h2>\n\n\n\n<p>Dada la naturaleza de los productos de cosm\u00e9tica y parafarmacia, su empaquetado suele requerir el concurso de los <a href=\"https:\/\/www.rajapack.es\/blog-es\/embalaje-primario-secundario-terciario-diferencian\" target=\"_blank\" rel=\"noreferrer noopener nofollow\">tres tipos de embalajes<\/a> que existen:<\/p>\n\n\n\n<ul class=\"wp-block-list\">\n<li><strong>Packaging primario.<\/strong> Es el envase que est\u00e1 en contacto directo con el producto: l\u00edquidos m\u00e1s o menos densos, comprimidos, polvos, celulosas, etc. Pueden ser botes, tarros, tubos, aerosoles, estuches, cajas o bl\u00edsteres.<\/li>\n\n\n\n<li><strong>Packaging secundario.<\/strong>&nbsp; Siguiente nivel, ya que contiene el envase primario. Suelen ser cajas de cart\u00f3n, estuches o bolsas y tambi\u00e9n puede agrupar art\u00edculos para formar una unidad de venta.<\/li>\n\n\n\n<li><strong>Packaging terciario.<\/strong> Supone el \u00faltimo nivel y es el empleado en log\u00edstica. Gracias a \u00e9l, se pueden transportar los productos hasta el destino final. Suelen emplearse cajas de cart\u00f3n, pero hay que ser muy cuidadoso con lo que pueden contener y acolchar el interior con relleno de protecci\u00f3n.<\/li>\n<\/ul>\n\n\n\n<h2 class=\"wp-block-heading\"><span class=\"ez-toc-section\" id=\"9_consejos_para_elegir_el_embalaje_en_cosmetica_y_parafarmacia\"><\/span>9 consejos para elegir el embalaje en cosm\u00e9tica y parafarmacia<span class=\"ez-toc-section-end\"><\/span><\/h2>\n\n\n\n<p>Algunos de los productos de cosm\u00e9tica y parafarmacia requieren precauciones especiales a la hora de ser enviados. Adem\u00e1s, en un sector que muchas veces apela a las emociones de sus clientes, conviene <strong>cuidar al m\u00e1ximo el dise\u00f1o, la est\u00e9tica y los colores<\/strong>. Estas son algunas de las recomendaciones que hay que tener en cuenta dentro de este \u00e1mbito:<\/p>\n\n\n\n<h3 class=\"wp-block-heading\"><span class=\"ez-toc-section\" id=\"1_Asegurar_la_proteccion_del_producto\"><\/span>1. Asegurar la protecci\u00f3n del producto<span class=\"ez-toc-section-end\"><\/span><\/h3>\n\n\n\n<p>El contenido del paquete debe llegar intacto al destinatario. Algunos envases primarios pueden ser extremadamente fr\u00e1giles al estar fabricados en vidrio o contener l\u00edquidos; por tanto, hay que proteger el material de los posibles golpes o roturas. Adem\u00e1s, algunos de estos productos pueden ser sensibles a la luz, la humedad o pueden requerir temperaturas concretas, por lo que es muy importante adaptar los embalajes al contenido.<\/p>\n\n\n\n<h3 class=\"wp-block-heading\"><span class=\"ez-toc-section\" id=\"2_Utilizar_un_diseno_diferenciador\"><\/span>2. Utilizar un dise\u00f1o diferenciador<span class=\"ez-toc-section-end\"><\/span><\/h3>\n\n\n\n<p>Cada marca tiene una identidad visual propia y esta imagen debe quedar reflejada tambi\u00e9n en el embalaje para distinguirse de la competencia. Al ser una industria que vigila much\u00edsimo la est\u00e9tica y el dise\u00f1o de los envases, los embalajes deben estar a la altura.<\/p>\n\n\n\n<h3 class=\"wp-block-heading\"><span class=\"ez-toc-section\" id=\"3_Resaltar_la_identidad_de_marca\"><\/span>3. Resaltar la identidad de marca<span class=\"ez-toc-section-end\"><\/span><\/h3>\n\n\n\n<p>Es imprescindible que se vea la marca, no solo para diferenciarse de los competidores, sino para dar sensaci\u00f3n de unidad empleando los logotipos o los colores corporativos. Un <a href=\"https:\/\/www.rajapack.es\/blog-es\/packaging-personalizado\" target=\"_blank\" rel=\"noreferrer noopener\">dise\u00f1o personalizado<\/a> permitir\u00e1 transmitir esta identidad.<\/p>\n\n\n\n<h3 class=\"wp-block-heading\"><span class=\"ez-toc-section\" id=\"4_Cuidar_la_discrecion_cuando_se_requiera\"><\/span>4. Cuidar la discreci\u00f3n cuando se requiera<span class=\"ez-toc-section-end\"><\/span><\/h3>\n\n\n\n<p>No obstante, en ocasiones es preferible que <a href=\"https:\/\/www.rajapack.es\/blog-es\/embalaje-discreto\" target=\"_blank\" rel=\"noreferrer noopener\">los embalajes exteriores sean discretos<\/a> y pasen inadvertidos. En cosm\u00e9tica y parafarmacia puede ser el caso de, por ejemplo, los art\u00edculos de cuidado \u00edntimo.<\/p>\n\n\n<div class=\"wp-block-image\">\n<figure class=\"aligncenter size-full\"><img loading=\"lazy\" decoding=\"async\" width=\"990\" height=\"500\" src=\"https:\/\/www.rajapack.es\/blog-es\/wp-content\/uploads\/2022\/11\/embalaje-cosmetica-parafarmacia-discreto.jpg\" alt=\"Embalaje discreto para cosm\u00e9tica y parafarmacia\" class=\"wp-image-15391\" srcset=\"https:\/\/www.rajapack.es\/blog-es\/wp-content\/uploads\/2022\/11\/embalaje-cosmetica-parafarmacia-discreto.jpg 990w, https:\/\/www.rajapack.es\/blog-es\/wp-content\/uploads\/2022\/11\/embalaje-cosmetica-parafarmacia-discreto-430x217.jpg 430w, https:\/\/www.rajapack.es\/blog-es\/wp-content\/uploads\/2022\/11\/embalaje-cosmetica-parafarmacia-discreto-768x388.jpg 768w\" sizes=\"(max-width: 990px) 100vw, 990px\" \/><\/figure><\/div>\n\n\n<h3 class=\"wp-block-heading\"><span class=\"ez-toc-section\" id=\"5_Aprovechar_la_estacionalidad\"><\/span>5. Aprovechar la estacionalidad<span class=\"ez-toc-section-end\"><\/span><\/h3>\n\n\n\n<p>Los embalajes personalizados pueden cambiar en funci\u00f3n de la \u00e9poca del a\u00f1o o de campa\u00f1as de marketing estacionales como <a href=\"https:\/\/www.rajapack.es\/blog-es\/san-valentin-novedades-embalaje-2\" target=\"_blank\" rel=\"noreferrer noopener\">San Valent\u00edn<\/a>, <a href=\"https:\/\/www.rajapack.es\/blog-es\/black-friday-ecoresponsable\" target=\"_blank\" rel=\"noreferrer noopener\">Black Friday<\/a> o <a href=\"https:\/\/www.rajapack.es\/blog-es\/cajas-regalo-navidad\" target=\"_blank\" rel=\"noreferrer noopener\">Navidad<\/a>.<\/p>\n\n\n\n<h3 class=\"wp-block-heading\"><span class=\"ez-toc-section\" id=\"6_Fomentar_la_experiencia_de_unboxing\"><\/span>6. Fomentar la experiencia de <em>unboxing<\/em><span class=\"ez-toc-section-end\"><\/span><\/h3>\n\n\n\n<p>La tendencia a realizar <a href=\"https:\/\/www.rajapack.es\/blog-es\/cajas-embalajes-youtube-se-dice-unboxing\" target=\"_blank\" rel=\"noreferrer noopener\"><em>unboxing<\/em><\/a><em><u>s<\/u><\/em> para compartir en redes sociales por parte de tus clientes actuales puede hacer que tu marca llegue a muchos clientes potenciales. Por ello, la experiencia de desenvolver el embalaje y extraer los productos debe ser totalmente satisfactoria, emocionante y sorprendente para tu p\u00fablico.<\/p>\n\n\n\n<h3 class=\"wp-block-heading\"><span class=\"ez-toc-section\" id=\"7_Explotar_el_copacking\"><\/span>7. Explotar el copacking<span class=\"ez-toc-section-end\"><\/span><\/h3>\n\n\n\n<p>La t\u00e9cnica de <a href=\"https:\/\/www.rajapack.es\/blog-es\/copacking\" target=\"_blank\" rel=\"noreferrer noopener\">copacking<\/a> permite agrupar varios art\u00edculos iguales o diferentes mediante el embalaje secundario para facilitar la exposici\u00f3n y venta conjunta.<\/p>\n\n\n\n<h3 class=\"wp-block-heading\"><span class=\"ez-toc-section\" id=\"8_Mantener_un_compromiso_EcoResponsable\"><\/span>8. Mantener un compromiso EcoResponsable<span class=\"ez-toc-section-end\"><\/span><\/h3>\n\n\n\n<p>Muchos de los productos de cosm\u00e9tica y parafarmacia son org\u00e1nicos o ecol\u00f3gicos, as\u00ed que los embalajes deben orientarse igualmente a <a href=\"https:\/\/www.rajapack.es\/blog-es\/ods-embalajes-ecoresponsables\" target=\"_blank\" rel=\"noreferrer noopener\">cuidar y preservar el medioambiente<\/a> con materiales reciclados o de f\u00e1cil reciclaje en l\u00ednea con los valores de la empresa.<\/p>\n\n\n\n<h3 class=\"wp-block-heading\"><span class=\"ez-toc-section\" id=\"9_Facilitar_la_preparacion_de_pedidos\"><\/span>9. Facilitar la preparaci\u00f3n de pedidos<span class=\"ez-toc-section-end\"><\/span><\/h3>\n\n\n\n<p>El volumen de peticiones en e-commerce de este campo suele ser muy elevado, con lo que los operarios deben trabajar con celeridad y eficacia. Los embalajes de montaje r\u00e1pido ayudan a incrementar la media de expedici\u00f3n de pedidos por hora.<\/p>\n\n\n\n<h2 class=\"wp-block-heading\"><span class=\"ez-toc-section\" id=\"Embalajes_para_e-commerce_de_cosmetica_y_parafarmacia\"><\/span>Embalajes para e-commerce de cosm\u00e9tica y parafarmacia<span class=\"ez-toc-section-end\"><\/span><\/h2>\n\n\n\n<p>Una vez analizados los factores que tener en cuenta para equiparte con los embalajes de cosm\u00e9tica y parafarmacia apropiados, veremos desde el punto de vista pr\u00e1ctico cu\u00e1les son los <strong>embalajes recomendados<\/strong> que te ayudar\u00e1n a sacar lo mejor de tu negocio si tienes un e-commerce.<\/p>\n\n\n\n<h3 class=\"wp-block-heading\"><span class=\"ez-toc-section\" id=\"Embalajes_de_carton_y_papel\"><\/span>Embalajes de cart\u00f3n y papel<span class=\"ez-toc-section-end\"><\/span><\/h3>\n\n\n\n<p>Imprescindibles en casi cualquier empresa, los <strong>embalajes de cart\u00f3n y papel<\/strong> funcionan como el contenedor base a partir del cual se construye el resto del empaquetado. En el mundo de la cosm\u00e9tica y la parafarmacia tambi\u00e9n resultan imprescindibles.<\/p>\n\n\n\n<div class=\"wp-block-media-text alignwide is-stacked-on-mobile\" style=\"grid-template-columns:28% auto\"><figure class=\"wp-block-media-text__media\"><img loading=\"lazy\" decoding=\"async\" width=\"410\" height=\"410\" src=\"https:\/\/www.rajapack.es\/blog-es\/wp-content\/uploads\/2022\/11\/caja-carton-canal-doble-reforzado-raja_PDT01658.webp\" alt=\"Caja de cart\u00f3n de canal doble reforzado\" class=\"wp-image-15354 size-full\" srcset=\"https:\/\/www.rajapack.es\/blog-es\/wp-content\/uploads\/2022\/11\/caja-carton-canal-doble-reforzado-raja_PDT01658.webp 410w, https:\/\/www.rajapack.es\/blog-es\/wp-content\/uploads\/2022\/11\/caja-carton-canal-doble-reforzado-raja_PDT01658-150x150.webp 150w, https:\/\/www.rajapack.es\/blog-es\/wp-content\/uploads\/2022\/11\/caja-carton-canal-doble-reforzado-raja_PDT01658-120x120.webp 120w\" sizes=\"(max-width: 410px) 100vw, 410px\" \/><\/figure><div class=\"wp-block-media-text__content\">\n<p>Las <strong>cajas de cart\u00f3n<\/strong> tradicionales son muy pr\u00e1cticas y puedes escoger entre cajas de <a href=\"https:\/\/www.rajapack.es\/cajas-carton-contenedores-cajas-postales\/cajas-carton-cajas-americanas\/caja-carton-canal-simple-rajabox-15-29cm-largo_OFF_ES_0124.html\" target=\"_blank\" rel=\"noreferrer noopener\">canal simple<\/a>, <a href=\"https:\/\/www.rajapack.es\/cajas-carton-contenedores-cajas-postales\/cajas-carton-cajas-americanas\/caja-carton-canal-doble-rajabox-menos-50cm-largo_PDT01529.html\" target=\"_blank\" rel=\"noreferrer noopener\">doble<\/a> o <a href=\"https:\/\/www.rajapack.es\/cajas-carton-contenedores-cajas-postales\/cajas-carton-cajas-americanas\/caja-carton-canal-triple-15mm-rajabox_PDT00335.html\" target=\"_blank\" rel=\"noreferrer noopener\">triple<\/a> en funci\u00f3n de la protecci\u00f3n que necesites para evitar golpes, choques o roturas del contenido.<\/p>\n<\/div><\/div>\n\n\n\n<div class=\"wp-block-media-text alignwide is-stacked-on-mobile\" style=\"grid-template-columns:28% auto\"><figure class=\"wp-block-media-text__media\"><img loading=\"lazy\" decoding=\"async\" width=\"410\" height=\"410\" src=\"https:\/\/www.rajapack.es\/blog-es\/wp-content\/uploads\/2022\/11\/caja-postal-con-cierre-reforzado.jpg\" alt=\"Caja postal con cierre reforzado\" class=\"wp-image-15325 size-full\" srcset=\"https:\/\/www.rajapack.es\/blog-es\/wp-content\/uploads\/2022\/11\/caja-postal-con-cierre-reforzado.jpg 410w, https:\/\/www.rajapack.es\/blog-es\/wp-content\/uploads\/2022\/11\/caja-postal-con-cierre-reforzado-150x150.jpg 150w, https:\/\/www.rajapack.es\/blog-es\/wp-content\/uploads\/2022\/11\/caja-postal-con-cierre-reforzado-120x120.jpg 120w\" sizes=\"(max-width: 410px) 100vw, 410px\" \/><\/figure><div class=\"wp-block-media-text__content\">\n<p>En el caso de enviar pedidos de volumen reducido, una <strong>caja postal<\/strong> ser\u00e1 suficiente. La <a href=\"https:\/\/www.rajapack.es\/cajas-carton-contenedores-cajas-postales\/cajas-estuches-para-envios-postales\/caja-rigibox_OFF_ES_0354.html\" target=\"_blank\" rel=\"noreferrer noopener\">caja postal con cierre reforzado<\/a> es muy resistente y sus dos leng\u00fcetas laterales evitan la apertura durante el transporte.<\/p>\n<\/div><\/div>\n\n\n\n<div class=\"wp-block-media-text alignwide is-stacked-on-mobile\" style=\"grid-template-columns:28% auto\"><figure class=\"wp-block-media-text__media\"><img loading=\"lazy\" decoding=\"async\" width=\"410\" height=\"410\" src=\"https:\/\/www.rajapack.es\/blog-es\/wp-content\/uploads\/2022\/11\/sobre-acolchado-papel-alveolar-raja_OFF_ES_1452.webp\" alt=\"Sobre acolchado de papel alveolar\" class=\"wp-image-15353 size-full\" srcset=\"https:\/\/www.rajapack.es\/blog-es\/wp-content\/uploads\/2022\/11\/sobre-acolchado-papel-alveolar-raja_OFF_ES_1452.webp 410w, https:\/\/www.rajapack.es\/blog-es\/wp-content\/uploads\/2022\/11\/sobre-acolchado-papel-alveolar-raja_OFF_ES_1452-150x150.webp 150w, https:\/\/www.rajapack.es\/blog-es\/wp-content\/uploads\/2022\/11\/sobre-acolchado-papel-alveolar-raja_OFF_ES_1452-120x120.webp 120w\" sizes=\"(max-width: 410px) 100vw, 410px\" \/><\/figure><div class=\"wp-block-media-text__content\">\n<p>En otras ocasiones bastar\u00e1 con que el pedido llegue en un <strong>sobre<\/strong> directamente al buz\u00f3n. Para ello, los <a href=\"https:\/\/www.rajapack.es\/sobres-bolsas-tubos-envio\/sobres-acolchados\/sobre-acolchado-burbujas-rajabul_OFF_ES_0297.html\" target=\"_blank\" rel=\"noreferrer noopener\">sobres acolchados con burbujas<\/a> asegurar\u00e1n que el producto viaje protegido. La opci\u00f3n de <a href=\"https:\/\/www.rajapack.es\/sobres-bolsas-tubos-envio\/sobres-acolchados\/sobre-acolchado-papel-alveolar_OFF_ES_1452.html\" target=\"_blank\" rel=\"noreferrer noopener\">sobre acolchado de papel alveolar<\/a> es m\u00e1s EcoResponsable al contar con un relleno de papel kraft.<\/p>\n<\/div><\/div>\n\n\n\n<div class=\"wp-block-media-text alignwide is-stacked-on-mobile\" style=\"grid-template-columns:28% auto\"><figure class=\"wp-block-media-text__media\"><img loading=\"lazy\" decoding=\"async\" width=\"350\" height=\"229\" src=\"https:\/\/www.rajapack.es\/blog-es\/wp-content\/uploads\/2022\/11\/cajas-personalizadas-embalaje-cosmetica-parafarmacia.webp\" alt=\"Cajas personalizadas, embalaje para cosm\u00e9tica y parafarmacia\" class=\"wp-image-15352 size-full\"\/><\/figure><div class=\"wp-block-media-text__content\">\n<p>Si adem\u00e1s quieres que la experiencia de recibir tu env\u00edo sea \u00fanica, la mejor opci\u00f3n es una <strong>caja personalizada<\/strong>. Puedes adaptar las cajas a las necesidades espec\u00edficas de tu negocio, imprimir tu logotipo y utilizar los colores corporativos de tu marca gracias a nuestro sistema de <a href=\"https:\/\/www.rajapack.es\/personalizacion-embalajes_cms_000069.html\" target=\"_blank\" rel=\"noreferrer noopener\">personalizaci\u00f3n de cajas<\/a>.<\/p>\n<\/div><\/div>\n\n\n\n<h3 class=\"wp-block-heading\"><span class=\"ez-toc-section\" id=\"Embalajes_isotermicos\"><\/span>Embalajes isot\u00e9rmicos<span class=\"ez-toc-section-end\"><\/span><\/h3>\n\n\n\n<p>Si tus productos son sensibles a los cambios de temperatura, los embalajes isot\u00e9rmicos te asegurar\u00e1n que el contenido llegue intacto.<\/p>\n\n\n\n<div class=\"wp-block-media-text alignwide is-stacked-on-mobile\" style=\"grid-template-columns:28% auto\"><figure class=\"wp-block-media-text__media\"><img loading=\"lazy\" decoding=\"async\" width=\"410\" height=\"410\" src=\"https:\/\/www.rajapack.es\/blog-es\/wp-content\/uploads\/2022\/11\/caja-americana-isotermica.jpg\" alt=\"Caja americana isot\u00e9rmica Isostar\" class=\"wp-image-15324 size-full\" srcset=\"https:\/\/www.rajapack.es\/blog-es\/wp-content\/uploads\/2022\/11\/caja-americana-isotermica.jpg 410w, https:\/\/www.rajapack.es\/blog-es\/wp-content\/uploads\/2022\/11\/caja-americana-isotermica-150x150.jpg 150w, https:\/\/www.rajapack.es\/blog-es\/wp-content\/uploads\/2022\/11\/caja-americana-isotermica-120x120.jpg 120w\" sizes=\"(max-width: 410px) 100vw, 410px\" \/><\/figure><div class=\"wp-block-media-text__content\">\n<p>La <a href=\"https:\/\/www.rajapack.es\/cajas-carton-contenedores-cajas-postales\/cajas-para-productos-sensibles-peligrosos\/caja-4-solapas-isotermica_OFF_ES_0700.html\" target=\"_blank\" rel=\"noreferrer noopener\"><strong>caja americana isot\u00e9rmica Isostar<\/strong><\/a> es ideal para el env\u00edo de productos de parafarmacia y a\u00edsla contra las variaciones de temperatura.<\/p>\n<\/div><\/div>\n\n\n\n<div class=\"wp-block-media-text alignwide is-stacked-on-mobile\" style=\"grid-template-columns:28% auto\"><figure class=\"wp-block-media-text__media\"><img loading=\"lazy\" decoding=\"async\" width=\"410\" height=\"410\" src=\"https:\/\/www.rajapack.es\/blog-es\/wp-content\/uploads\/2022\/11\/acumuladores-frio-flexibles-para-caja-isotermica_PDT270580.webp\" alt=\"Acumulador de fr\u00edo para caja isot\u00e9rmica\" class=\"wp-image-15360 size-full\" srcset=\"https:\/\/www.rajapack.es\/blog-es\/wp-content\/uploads\/2022\/11\/acumuladores-frio-flexibles-para-caja-isotermica_PDT270580.webp 410w, https:\/\/www.rajapack.es\/blog-es\/wp-content\/uploads\/2022\/11\/acumuladores-frio-flexibles-para-caja-isotermica_PDT270580-150x150.webp 150w, https:\/\/www.rajapack.es\/blog-es\/wp-content\/uploads\/2022\/11\/acumuladores-frio-flexibles-para-caja-isotermica_PDT270580-120x120.webp 120w\" sizes=\"(max-width: 410px) 100vw, 410px\" \/><\/figure><div class=\"wp-block-media-text__content\">\n<p>Los <a href=\"https:\/\/www.rajapack.es\/cajas-carton-contenedores-cajas-postales\/cajas-para-productos-sensibles-peligrosos\/acumuladores-frio-caja-isotermica_PDT270580.html\" target=\"_blank\" rel=\"noreferrer noopener\"><strong>acumuladores de fr\u00edo flexibles para caja isot\u00e9rmica<\/strong><\/a> son resistentes y f\u00e1ciles de utilizar, para ello hay que refrigerarlos antes de cada uso en un congelador convencional a -20\u00baC.<\/p>\n<\/div><\/div>\n\n\n\n<div class=\"wp-block-media-text alignwide is-stacked-on-mobile\" style=\"grid-template-columns:28% auto\"><figure class=\"wp-block-media-text__media\"><img loading=\"lazy\" decoding=\"async\" width=\"410\" height=\"410\" src=\"https:\/\/www.rajapack.es\/blog-es\/wp-content\/uploads\/2022\/11\/bolsa-isotermica-con-cierre-adhesivo_OFF_ES_0701.webp\" alt=\"Bolsa isot\u00e9rmica con cierre adhesivo para env\u00edo de productos de parafarmacia\" class=\"wp-image-15361 size-full\" srcset=\"https:\/\/www.rajapack.es\/blog-es\/wp-content\/uploads\/2022\/11\/bolsa-isotermica-con-cierre-adhesivo_OFF_ES_0701.webp 410w, https:\/\/www.rajapack.es\/blog-es\/wp-content\/uploads\/2022\/11\/bolsa-isotermica-con-cierre-adhesivo_OFF_ES_0701-150x150.webp 150w, https:\/\/www.rajapack.es\/blog-es\/wp-content\/uploads\/2022\/11\/bolsa-isotermica-con-cierre-adhesivo_OFF_ES_0701-120x120.webp 120w\" sizes=\"(max-width: 410px) 100vw, 410px\" \/><\/figure><div class=\"wp-block-media-text__content\">\n<p>En ocasiones no necesitar\u00e1s grandes paquetes, por lo que una <a href=\"https:\/\/www.rajapack.es\/cajas-carton-contenedores-cajas-postales\/cajas-para-productos-sensibles-peligrosos\/bolsa-isotermica-cierre-adhesivo_OFF_ES_0701.html\" target=\"_blank\" rel=\"noreferrer noopener\"><strong>bolsa isot\u00e9rmica con cierre adhesivo<\/strong><\/a> ser\u00e1 suficiente para que el contenido se mantenga a la temperatura id\u00f3nea.<\/p>\n<\/div><\/div>\n\n\n\n<h3 class=\"wp-block-heading\"><span class=\"ez-toc-section\" id=\"Cinta_adhesiva_personalizada\"><\/span>Cinta adhesiva personalizada<span class=\"ez-toc-section-end\"><\/span><\/h3>\n\n\n\n<p>Para el cierre de los paquetes te proponemos un recurso que, adem\u00e1s de evitar la apertura durante el traslado, fomentar\u00e1 el recuerdo de marca: la <strong><a href=\"https:\/\/www.rajapack.es\/cintas-adhesivas-flejes-colas\/cintas-adhesivas-personalizadas_C502010.html\" target=\"_blank\" rel=\"noreferrer noopener\">cinta adhesiva personalizada<\/a><\/strong>. Podr\u00e1s elegir material, ancho, colores y motivos impresos a tu gusto, desde tu casa o tu oficina, y obtener una vista previa en 3D gracias a nuestra herramienta de personalizaci\u00f3n online.<\/p>\n\n\n\n<h2 class=\"wp-block-heading\"><span class=\"ez-toc-section\" id=\"Embalajes_para_regalo_un_plus_para_una_presentacion_de_10\"><\/span>Embalajes para regalo, un plus para una presentaci\u00f3n de 10<span class=\"ez-toc-section-end\"><\/span><\/h2>\n\n\n\n<p>Perfumes, maquillaje, art\u00edculos de cuidado facial o corporal\u2026 Se trata de excelentes <strong>ideas para regalar<\/strong> en fechas como Navidad, San Valent\u00edn, un cumplea\u00f1os o un aniversario. En estas ocasiones, el <a href=\"https:\/\/www.rajapack.es\/embalajes-para-regalo-comercio\/embalajes-para-regalos-bolsas-presentacion_C9040.html\" target=\"_blank\" rel=\"noreferrer noopener\">embalaje para regalo<\/a> tiene mucho que decir. Aqu\u00ed tienes algunas propuestas para presentar cosm\u00e9ticos y productos de parafarmacia, ya sea de manera individual o en packs que combinen referencias complementarias:<\/p>\n\n\n\n<div class=\"wp-block-media-text alignwide is-stacked-on-mobile\" style=\"grid-template-columns:28% auto\"><figure class=\"wp-block-media-text__media\"><img loading=\"lazy\" decoding=\"async\" width=\"410\" height=\"410\" src=\"https:\/\/www.rajapack.es\/blog-es\/wp-content\/uploads\/2022\/11\/caja-regalo-charol-con-cierre-iman_OFF_ES_0334.webp\" alt=\"Caja regalo en charol con cierre im\u00e1n\" class=\"wp-image-15369 size-full\" srcset=\"https:\/\/www.rajapack.es\/blog-es\/wp-content\/uploads\/2022\/11\/caja-regalo-charol-con-cierre-iman_OFF_ES_0334.webp 410w, https:\/\/www.rajapack.es\/blog-es\/wp-content\/uploads\/2022\/11\/caja-regalo-charol-con-cierre-iman_OFF_ES_0334-150x150.webp 150w, https:\/\/www.rajapack.es\/blog-es\/wp-content\/uploads\/2022\/11\/caja-regalo-charol-con-cierre-iman_OFF_ES_0334-120x120.webp 120w\" sizes=\"(max-width: 410px) 100vw, 410px\" \/><\/figure><div class=\"wp-block-media-text__content\">\n<p>Las <a href=\"https:\/\/www.rajapack.es\/embalajes-para-regalo-comercio\/sobres-para-regalo-bolsas-presentacion\/caja-regalo-cierre-iman_OFF_ES_0334.html\" target=\"_blank\" rel=\"noreferrer noopener\">cajas regalo en charol con cierre im\u00e1n<\/a> est\u00e1n disponibles en negro, rojo y marfil. Son muy resistentes, con un acabado premium interior y exterior, y sencillas de montar.<\/p>\n<\/div><\/div>\n\n\n\n<div class=\"wp-block-media-text alignwide is-stacked-on-mobile\" style=\"grid-template-columns:28% auto\"><figure class=\"wp-block-media-text__media\"><img loading=\"lazy\" decoding=\"async\" width=\"410\" height=\"410\" src=\"https:\/\/www.rajapack.es\/blog-es\/wp-content\/uploads\/2022\/11\/caja-regalo-kraft-con-cierre-iman.jpg\" alt=\"Cajas regalo en kraft con cierre magn\u00e9tico\" class=\"wp-image-15366 size-full\" srcset=\"https:\/\/www.rajapack.es\/blog-es\/wp-content\/uploads\/2022\/11\/caja-regalo-kraft-con-cierre-iman.jpg 410w, https:\/\/www.rajapack.es\/blog-es\/wp-content\/uploads\/2022\/11\/caja-regalo-kraft-con-cierre-iman-150x150.jpg 150w, https:\/\/www.rajapack.es\/blog-es\/wp-content\/uploads\/2022\/11\/caja-regalo-kraft-con-cierre-iman-120x120.jpg 120w\" sizes=\"(max-width: 410px) 100vw, 410px\" \/><\/figure><div class=\"wp-block-media-text__content\">\n<p>La versi\u00f3n sobria de la opci\u00f3n anterior la ofrecen las <a href=\"https:\/\/www.rajapack.es\/embalajes-para-regalo-comercio\/sobres-para-regalo-bolsas-presentacion\/caja-regalo-kraft-cierre-iman_OFF_ES_1510.html\" target=\"_blank\" rel=\"noreferrer noopener\">cajas regalo en kraft con cierre im\u00e1n<\/a>. Mismas prestaciones que sus <em>primas<\/em> en charol con un aspecto m\u00e1s natural.<\/p>\n<\/div><\/div>\n\n\n\n<div class=\"wp-block-media-text alignwide is-stacked-on-mobile\" style=\"grid-template-columns:28% auto\"><figure class=\"wp-block-media-text__media\"><img loading=\"lazy\" decoding=\"async\" width=\"410\" height=\"410\" src=\"https:\/\/www.rajapack.es\/blog-es\/wp-content\/uploads\/2022\/11\/sobre-kraft-para-regalo-colores-clasicos_PDT00105.webp\" alt=\"Sobres en papel kraft verjurado\" class=\"wp-image-15364 size-full\" srcset=\"https:\/\/www.rajapack.es\/blog-es\/wp-content\/uploads\/2022\/11\/sobre-kraft-para-regalo-colores-clasicos_PDT00105.webp 410w, https:\/\/www.rajapack.es\/blog-es\/wp-content\/uploads\/2022\/11\/sobre-kraft-para-regalo-colores-clasicos_PDT00105-150x150.webp 150w, https:\/\/www.rajapack.es\/blog-es\/wp-content\/uploads\/2022\/11\/sobre-kraft-para-regalo-colores-clasicos_PDT00105-120x120.webp 120w\" sizes=\"(max-width: 410px) 100vw, 410px\" \/><\/figure><div class=\"wp-block-media-text__content\">\n<p>Los <a href=\"https:\/\/www.rajapack.es\/embalajes-para-regalo-comercio\/sobres-para-regalo-bolsas-presentacion\/bolsa-regalo-kraft-colores-clasicos_PDT00105.html\" target=\"_blank\" rel=\"noreferrer noopener\">sobres kraft en colores cl\u00e1sicos<\/a> son una soluci\u00f3n econ\u00f3mica y vistosa para objetos de peque\u00f1o tama\u00f1o. Y respetuosa con el entorno: est\u00e1n hechos con materias primas renovables y reciclables. En oro, plata, rojo y negro no pueden faltar en la temporada navide\u00f1a; y en otros colores todoterreno, como azul marino o verde oliva, se convertir\u00e1n en tu comod\u00edn para todo el a\u00f1o.<\/p>\n<\/div><\/div>\n\n\n\n<h2 class=\"wp-block-heading\"><span class=\"ez-toc-section\" id=\"Embalajes_de_relleno_y_proteccion_en_cosmetica_y_parafarmacia\"><\/span>Embalajes de relleno y protecci\u00f3n en cosm\u00e9tica y parafarmacia<span class=\"ez-toc-section-end\"><\/span><\/h2>\n\n\n\n<p>Como varios de estos productos de cosm\u00e9tica y parafarmacia exigen mucha cautela en el transporte, ya que son susceptibles de estropearse en caso de impactos o perforaciones, es muy importante proteger el contenido con embalajes de relleno.<\/p>\n\n\n\n<div class=\"wp-block-media-text alignwide is-stacked-on-mobile\" style=\"grid-template-columns:28% auto\"><figure class=\"wp-block-media-text__media\"><img loading=\"lazy\" decoding=\"async\" width=\"410\" height=\"410\" src=\"https:\/\/www.rajapack.es\/blog-es\/wp-content\/uploads\/2022\/11\/film-plastico-burbujas-10mm-rollo-raja_OFF_ES_0199.webp\" alt=\"Pl\u00e1stico de burbujas en rollo para embalar cosm\u00e9tica y parafarmacia\" class=\"wp-image-15371 size-full\" srcset=\"https:\/\/www.rajapack.es\/blog-es\/wp-content\/uploads\/2022\/11\/film-plastico-burbujas-10mm-rollo-raja_OFF_ES_0199.webp 410w, https:\/\/www.rajapack.es\/blog-es\/wp-content\/uploads\/2022\/11\/film-plastico-burbujas-10mm-rollo-raja_OFF_ES_0199-150x150.webp 150w, https:\/\/www.rajapack.es\/blog-es\/wp-content\/uploads\/2022\/11\/film-plastico-burbujas-10mm-rollo-raja_OFF_ES_0199-120x120.webp 120w\" sizes=\"(max-width: 410px) 100vw, 410px\" \/><\/figure><div class=\"wp-block-media-text__content\">\n<p>El <strong>pl\u00e1stico de burbujas<\/strong> es un b\u00e1sico que nunca falla. Puedes elegir el <a href=\"https:\/\/www.rajapack.es\/relleno-proteccion\/plastico-burbujas\/film-plastico-burbujas-10mm-rollo-rajabul_OFF_ES_0199.html\" target=\"_blank\" rel=\"noreferrer noopener\">rollo<\/a> que mejor se adapte al tama\u00f1o o directamente utilizar <a href=\"https:\/\/www.rajapack.es\/bolsas-envases\/bolsas-plastico-para-acondicionamiento\/bolsa-plastico-burbujas_OFF_ES_0314.html\" target=\"_blank\" rel=\"noreferrer noopener\">bolsas de pl\u00e1stico de burbujas<\/a>.<\/p>\n<\/div><\/div>\n\n\n\n<div class=\"wp-block-media-text alignwide is-stacked-on-mobile\" style=\"grid-template-columns:28% auto\"><figure class=\"wp-block-media-text__media\"><img loading=\"lazy\" decoding=\"async\" width=\"410\" height=\"410\" src=\"https:\/\/www.rajapack.es\/blog-es\/wp-content\/uploads\/2022\/11\/papel-kraft-rollo-100-reciclado-raja_PDT254587.jpg\" alt=\"Papel kraft en rollo 100% reciclado\" class=\"wp-image-15372 size-full\" srcset=\"https:\/\/www.rajapack.es\/blog-es\/wp-content\/uploads\/2022\/11\/papel-kraft-rollo-100-reciclado-raja_PDT254587.jpg 410w, https:\/\/www.rajapack.es\/blog-es\/wp-content\/uploads\/2022\/11\/papel-kraft-rollo-100-reciclado-raja_PDT254587-150x150.jpg 150w, https:\/\/www.rajapack.es\/blog-es\/wp-content\/uploads\/2022\/11\/papel-kraft-rollo-100-reciclado-raja_PDT254587-120x120.jpg 120w\" sizes=\"(max-width: 410px) 100vw, 410px\" \/><\/figure><div class=\"wp-block-media-text__content\">\n<p>Si quieres una opci\u00f3n EcoResponsable, el <strong>papel kraft<\/strong> es lo m\u00e1s recomendado. El <a href=\"https:\/\/www.rajapack.es\/relleno-proteccion\/papel-embalaje-carton-ondulado\/papel-kraft-reciclado-rollo-rajakraft-eco_PDT254587.html\" target=\"_blank\" rel=\"noreferrer noopener\">rollo de papel kraft 100% reciclado<\/a> acompa\u00f1ando a una caja de cart\u00f3n cerrada con cinta adhesiva kraft facilitar\u00e1 que todo el embalaje vaya al mismo contenedor de reciclaje al ser <a href=\"https:\/\/www.rajapack.es\/blog-es\/embalaje-monomaterial\" target=\"_blank\" rel=\"noreferrer noopener\">monomaterial<\/a>.<\/p>\n<\/div><\/div>\n\n\n\n<div class=\"wp-block-media-text alignwide is-stacked-on-mobile\" style=\"grid-template-columns:28% auto\"><figure class=\"wp-block-media-text__media\"><img loading=\"lazy\" decoding=\"async\" width=\"410\" height=\"410\" src=\"https:\/\/www.rajapack.es\/blog-es\/wp-content\/uploads\/2022\/11\/papel-seda-color-hojas-raja_PDT00201.webp\" alt=\"Papel de seda de colores para embalaje de cosm\u00e9tica y parafarmacia\" class=\"wp-image-15373 size-full\" srcset=\"https:\/\/www.rajapack.es\/blog-es\/wp-content\/uploads\/2022\/11\/papel-seda-color-hojas-raja_PDT00201.webp 410w, https:\/\/www.rajapack.es\/blog-es\/wp-content\/uploads\/2022\/11\/papel-seda-color-hojas-raja_PDT00201-150x150.webp 150w, https:\/\/www.rajapack.es\/blog-es\/wp-content\/uploads\/2022\/11\/papel-seda-color-hojas-raja_PDT00201-120x120.webp 120w\" sizes=\"(max-width: 410px) 100vw, 410px\" \/><\/figure><div class=\"wp-block-media-text__content\">\n<p>Para darle un toque de color al contenido, utiliza el <strong>papel de seda. <\/strong>Disponemos de 17 <a href=\"https:\/\/www.rajapack.es\/embalajes-para-regalo-comercio\/papel-seda-relleno\/papel-seda-color_PDT00201.html\" target=\"_blank\" rel=\"noreferrer noopener\">atractivos colores<\/a> para que elijas el que m\u00e1s se adapta a tu imagen de marca.<\/p>\n<\/div><\/div>\n\n\n\n<div class=\"wp-block-media-text alignwide is-stacked-on-mobile\" style=\"grid-template-columns:28% auto\"><figure class=\"wp-block-media-text__media\"><img loading=\"lazy\" decoding=\"async\" width=\"410\" height=\"410\" src=\"https:\/\/www.rajapack.es\/blog-es\/wp-content\/uploads\/2022\/11\/virutas-papel-para-relleno-color-raja_OFF_ES_0061.webp\" alt=\"Virutas de papel de relleno de colores\" class=\"wp-image-15365 size-full\" srcset=\"https:\/\/www.rajapack.es\/blog-es\/wp-content\/uploads\/2022\/11\/virutas-papel-para-relleno-color-raja_OFF_ES_0061.webp 410w, https:\/\/www.rajapack.es\/blog-es\/wp-content\/uploads\/2022\/11\/virutas-papel-para-relleno-color-raja_OFF_ES_0061-150x150.webp 150w, https:\/\/www.rajapack.es\/blog-es\/wp-content\/uploads\/2022\/11\/virutas-papel-para-relleno-color-raja_OFF_ES_0061-120x120.webp 120w\" sizes=\"(max-width: 410px) 100vw, 410px\" \/><\/figure><div class=\"wp-block-media-text__content\">\n<p>Las <a href=\"https:\/\/www.rajapack.es\/embalajes-para-regalo-comercio\/papel-seda-relleno\/virutas-papel-relleno-color-sizzlepak_OFF_ES_0061.html\" target=\"_blank\" rel=\"noreferrer noopener\">virutas de papel de relleno de colores<\/a>, fabricadas a base de fibras recicladas en un 80% y plegadas en acorde\u00f3n, aportan una cama mullida y antiest\u00e1tica que amortiguar\u00e1 los choques durante el movimiento.<\/p>\n<\/div><\/div>\n\n\n\n<div class=\"wp-block-media-text alignwide is-stacked-on-mobile\" style=\"grid-template-columns:28% auto\"><figure class=\"wp-block-media-text__media\"><img loading=\"lazy\" decoding=\"async\" width=\"410\" height=\"410\" src=\"https:\/\/www.rajapack.es\/blog-es\/wp-content\/uploads\/2022\/11\/chips-relleno-renature_OFF_ES_0460.webp\" alt=\"Chips de relleno de almid\u00f3n de ma\u00edz\" class=\"wp-image-15370 size-full\" srcset=\"https:\/\/www.rajapack.es\/blog-es\/wp-content\/uploads\/2022\/11\/chips-relleno-renature_OFF_ES_0460.webp 410w, https:\/\/www.rajapack.es\/blog-es\/wp-content\/uploads\/2022\/11\/chips-relleno-renature_OFF_ES_0460-150x150.webp 150w, https:\/\/www.rajapack.es\/blog-es\/wp-content\/uploads\/2022\/11\/chips-relleno-renature_OFF_ES_0460-120x120.webp 120w\" sizes=\"(max-width: 410px) 100vw, 410px\" \/><\/figure><div class=\"wp-block-media-text__content\">\n<p>Si tienes que expedir un grupo de art\u00edculos variados de peque\u00f1o tama\u00f1o (desodorantes, lociones, jabones, cremas\u2026), puedes colocarlos en una caja de cart\u00f3n y compactarlos con <a href=\"https:\/\/www.rajapack.es\/relleno-proteccion\/particulas-embalaje\/chips-embalaje-ranature_OFF_ES_0460.html\" target=\"_blank\" rel=\"noreferrer noopener\">part\u00edculas de relleno de almid\u00f3n de ma\u00edz<\/a>, 100% reciclables, biodegradables y compostables.<\/p>\n<\/div><\/div>\n\n\n\n<div class=\"wp-block-media-text alignwide is-stacked-on-mobile\" style=\"grid-template-columns:28% auto\"><figure class=\"wp-block-media-text__media\"><img loading=\"lazy\" decoding=\"async\" width=\"410\" height=\"410\" src=\"https:\/\/www.rajapack.es\/blog-es\/wp-content\/uploads\/2022\/11\/plancha-espuma-polietileno_PDT01317.webp\" alt=\"Planchas de espuma de polietileno\" class=\"wp-image-15363 size-full\" srcset=\"https:\/\/www.rajapack.es\/blog-es\/wp-content\/uploads\/2022\/11\/plancha-espuma-polietileno_PDT01317.webp 410w, https:\/\/www.rajapack.es\/blog-es\/wp-content\/uploads\/2022\/11\/plancha-espuma-polietileno_PDT01317-150x150.webp 150w, https:\/\/www.rajapack.es\/blog-es\/wp-content\/uploads\/2022\/11\/plancha-espuma-polietileno_PDT01317-120x120.webp 120w\" sizes=\"(max-width: 410px) 100vw, 410px\" \/><\/figure><div class=\"wp-block-media-text__content\">\n<p>En caso de requerir m\u00e1s refuerzo, las <strong>planchas de espuma<\/strong> te dar\u00e1n una separaci\u00f3n extra. El material acolchado de las <a href=\"https:\/\/www.rajapack.es\/relleno-proteccion\/proteccion-espuma\/plancha-espuma-polietileno_PDT01317.html\" target=\"_blank\" rel=\"noreferrer noopener\">planchas de espuma de polietileno<\/a> recupera la forma inicial incluso despu\u00e9s de varios golpes.<\/p>\n<\/div><\/div>\n\n\n\n<div class=\"wp-block-media-text alignwide is-stacked-on-mobile\" style=\"grid-template-columns:28% auto\"><figure class=\"wp-block-media-text__media\"><img loading=\"lazy\" decoding=\"async\" width=\"410\" height=\"410\" src=\"https:\/\/www.rajapack.es\/blog-es\/wp-content\/uploads\/2022\/11\/papel-para-sistema-geami-wrappak.jpg\" alt=\"Papel de relleno para el sistema Geami WrapPak\" class=\"wp-image-15326 size-full\" srcset=\"https:\/\/www.rajapack.es\/blog-es\/wp-content\/uploads\/2022\/11\/papel-para-sistema-geami-wrappak.jpg 410w, https:\/\/www.rajapack.es\/blog-es\/wp-content\/uploads\/2022\/11\/papel-para-sistema-geami-wrappak-150x150.jpg 150w, https:\/\/www.rajapack.es\/blog-es\/wp-content\/uploads\/2022\/11\/papel-para-sistema-geami-wrappak-120x120.jpg 120w\" sizes=\"(max-width: 410px) 100vw, 410px\" \/><\/figure><div class=\"wp-block-media-text__content\">\n<p>Sin duda, la propuesta m\u00e1s original y EcoResponsable viene de la mano de nuestra <strong>Geami WrapPak<\/strong>. Esta m\u00e1quina de embalaje genera un relleno que entrelaza papel kraft y papel de seda troquelando el papel kraft con un motivo de panal de abeja. Gracias al sistema <a href=\"https:\/\/www.rajapack.es\/blog-es\/geami-maquina-de-embalaje\" target=\"_blank\" rel=\"noreferrer noopener\">Geami WrapPak<\/a> marcar\u00e1s la diferencia.<\/p>\n<\/div><\/div>\n\n\n\n<h2 class=\"wp-block-heading\"><span class=\"ez-toc-section\" id=\"Bolsas_esenciales_en_tiendas_de_cosmetica_y_parafarmacias\"><\/span>Bolsas, esenciales en tiendas de cosm\u00e9tica y parafarmacias<span class=\"ez-toc-section-end\"><\/span><\/h2>\n\n\n\n<p>Cuando la venta no se produce en la tienda online, sino en un <strong>establecimiento f\u00edsico<\/strong>, normalmente no ser\u00e1 preciso escoger cajas, embalajes isot\u00e9rmicos o materiales de protecci\u00f3n, salvo que el cliente indique que tiene por delante un desplazamiento largo o complejo. En estas situaciones, los cosm\u00e9ticos y art\u00edculos de parafarmacia se entregar\u00e1n directamente en su <em>packaging<\/em> secundario, y, si es el caso, presentados para regalo. Pero el embalaje especializado a\u00fan puede hacer algo m\u00e1s: <strong>facilitar el traslado desde el comercio al domicilio<\/strong> del usuario final.<\/p>\n\n\n\n<p>Esta funci\u00f3n la cubren las <strong>bolsas<\/strong>, que para este sector te aconsejamos que escojas pensando en su resistencia y su acabado:<\/p>\n\n\n\n<div class=\"wp-block-media-text alignwide is-stacked-on-mobile\" style=\"grid-template-columns:28% auto\"><figure class=\"wp-block-media-text__media\"><img loading=\"lazy\" decoding=\"async\" width=\"410\" height=\"410\" src=\"https:\/\/www.rajapack.es\/blog-es\/wp-content\/uploads\/2022\/11\/bolsa-charol-con-asas-cordon_PDT00293.webp\" alt=\"Bolsas de charol con asas de cord\u00f3n, embalaje para cosm\u00e9tica y parafarmacia\" class=\"wp-image-15367 size-full\" srcset=\"https:\/\/www.rajapack.es\/blog-es\/wp-content\/uploads\/2022\/11\/bolsa-charol-con-asas-cordon_PDT00293.webp 410w, https:\/\/www.rajapack.es\/blog-es\/wp-content\/uploads\/2022\/11\/bolsa-charol-con-asas-cordon_PDT00293-150x150.webp 150w, https:\/\/www.rajapack.es\/blog-es\/wp-content\/uploads\/2022\/11\/bolsa-charol-con-asas-cordon_PDT00293-120x120.webp 120w\" sizes=\"(max-width: 410px) 100vw, 410px\" \/><\/figure><div class=\"wp-block-media-text__content\">\n<p><a href=\"https:\/\/www.rajapack.es\/embalajes-para-regalo-comercio\/bolsas-papel-con-asas\/bolsa-papel-charol-asas-cordon_PDT00293.html\" target=\"_blank\" rel=\"noreferrer noopener\">Bolsas de charol con asas de cord\u00f3n<\/a>. De aspecto luminoso y brillante y con fuelles laterales, resultan elegantes a la par que discretas. Las encontrar\u00e1s en seis colores y cinco formatos dentro del cat\u00e1logo de RAJAPACK.<\/p>\n<\/div><\/div>\n\n\n\n<div class=\"wp-block-media-text alignwide is-stacked-on-mobile\" style=\"grid-template-columns:28% auto\"><figure class=\"wp-block-media-text__media\"><img loading=\"lazy\" decoding=\"async\" width=\"410\" height=\"410\" src=\"https:\/\/www.rajapack.es\/blog-es\/wp-content\/uploads\/2022\/11\/bolsa-kraft-verjurado-color-con-asas-rizadas-raja_OFF_ES_0395.webp\" alt=\"Bolsas en kraft verjurado con asas rizadas\" class=\"wp-image-15368 size-full\" srcset=\"https:\/\/www.rajapack.es\/blog-es\/wp-content\/uploads\/2022\/11\/bolsa-kraft-verjurado-color-con-asas-rizadas-raja_OFF_ES_0395.webp 410w, https:\/\/www.rajapack.es\/blog-es\/wp-content\/uploads\/2022\/11\/bolsa-kraft-verjurado-color-con-asas-rizadas-raja_OFF_ES_0395-150x150.webp 150w, https:\/\/www.rajapack.es\/blog-es\/wp-content\/uploads\/2022\/11\/bolsa-kraft-verjurado-color-con-asas-rizadas-raja_OFF_ES_0395-120x120.webp 120w\" sizes=\"(max-width: 410px) 100vw, 410px\" \/><\/figure><div class=\"wp-block-media-text__content\">\n<p><a href=\"https:\/\/www.rajapack.es\/embalajes-para-regalo-comercio\/bolsas-papel-con-asas\/bolsa-kraft-color-asas-rizadas-rajashop_OFF_ES_0395.html\" target=\"_blank\" rel=\"noreferrer noopener\">Bolsas en kraft verjurado con asas rizadas<\/a>. Disponibles en cinco colores mate y en tres formatos, representan una alternativa a base de materiales renovables y reciclables. \u00bfTe atreves a probarlas en tonos chocolate para alta perfumer\u00eda, o fucsia para la venta de maquillajes de fiesta?<\/p>\n<\/div><\/div>\n\n\n\n<p>Si te dedicas al sector de la cosm\u00e9tica y la parafarmacia y quieres poner tu empresa en manos de especialistas en embalaje, <a href=\"https:\/\/www.rajapack.es\/servicios\/asesoramiento-embalaje_cms_000006.html\" target=\"_blank\" rel=\"noreferrer noopener\">ponte en contacto con nosotros<\/a>. Buscaremos juntos las mejores opciones para que tus productos lleguen protegidos y con una presentaci\u00f3n perfecta a sus destinatarios. <strong>\u00a1Porque en RAJAPACK sabemos adaptarnos a todas tus necesidades para cuidar tu negocio!<\/strong><\/p>\n","protected":false},"excerpt":{"rendered":"<p>El sector de la cosm\u00e9tica y la parafarmacia es uno de los \u00e1mbitos con m\u00e1s competencia, por lo que una de las mejores maneras de diferenciarse del resto es elegir el embalaje adecuado que combine practicidad y est\u00e9tica. Adem\u00e1s, muchos de estos productos son fr\u00e1giles, delicados o sensibles a los cambios de humedad y temperatura. Conf\u00eda en RAJAPACK para hacerlos llegar a su destinatario en perfectas condiciones.<\/p>\n","protected":false},"author":31,"featured_media":15345,"comment_status":"open","ping_status":"open","sticky":false,"template":"","format":"standard","meta":{"_acf_changed":false,"footnotes":""},"categories":[545],"tags":[50,460,99,101,106],"class_list":["post-15323","post","type-post","status-publish","format-standard","has-post-thumbnail","hentry","category-e-commerce","tag-cajas-de-carton","tag-consejos","tag-ecologia","tag-ecommerce","tag-embalajes"],"acf":[],"yoast_head":"\n<title>Embalaje para cosm\u00e9tica y parafarmacia | RAJAPACK<\/title>\n<meta name=\"description\" content=\"El embalaje para productos de cosm\u00e9tica y parafarmacia de RAJAPACK ofrece la protecci\u00f3n necesaria adaptada a las caracter\u00edsticas del sector.\" \/>\n<meta name=\"robots\" content=\"index, follow, max-snippet:-1, max-image-preview:large, max-video-preview:-1\" \/>\n<link rel=\"canonical\" href=\"https:\/\/www.rajapack.es\/blog-es\/embalaje-cosmetica-parafarmacia\" \/>\n<meta property=\"og:locale\" content=\"es_ES\" \/>\n<meta property=\"og:type\" content=\"article\" \/>\n<meta property=\"og:title\" content=\"Embalaje para cosm\u00e9tica y parafarmacia | RAJAPACK\" \/>\n<meta property=\"og:description\" content=\"El embalaje para productos de cosm\u00e9tica y parafarmacia de RAJAPACK ofrece la protecci\u00f3n necesaria adaptada a las caracter\u00edsticas del sector.\" \/>\n<meta property=\"og:url\" content=\"https:\/\/www.rajapack.es\/blog-es\/embalaje-cosmetica-parafarmacia\" \/>\n<meta property=\"og:site_name\" content=\"RAJAPACK Blog | Consejos de embalaje, log\u00edstica y m\u00e1s\" \/>\n<meta property=\"article:publisher\" content=\"https:\/\/www.facebook.com\/Rajapack.es\" \/>\n<meta property=\"article:published_time\" content=\"2022-11-29T15:21:08+00:00\" \/>\n<meta property=\"article:modified_time\" content=\"2022-11-29T15:21:13+00:00\" \/>\n<meta property=\"og:image\" content=\"https:\/\/www.rajapack.es\/blog-es\/wp-content\/uploads\/2022\/11\/embalaje-para-cosmetica-parafarmacia.jpg\" \/>\n\t<meta property=\"og:image:width\" content=\"990\" \/>\n\t<meta property=\"og:image:height\" content=\"500\" \/>\n\t<meta property=\"og:image:type\" content=\"image\/jpeg\" \/>\n<meta name=\"author\" content=\"Beatriz GONZALES\" \/>\n<meta name=\"twitter:card\" content=\"summary_large_image\" \/>\n<meta name=\"twitter:creator\" content=\"@RajapackES\" \/>\n<meta name=\"twitter:site\" content=\"@RajapackES\" \/>\n<meta name=\"twitter:label1\" content=\"Escrito por\" \/>\n\t<meta name=\"twitter:data1\" content=\"Beatriz GONZALES\" \/>\n\t<meta name=\"twitter:label2\" content=\"Tiempo de lectura\" \/>\n\t<meta name=\"twitter:data2\" content=\"11 minutos\" \/>\n<script type=\"application\/ld+json\" class=\"yoast-schema-graph\">{\n\t    \"@context\": \"https:\/\/schema.org\",\n\t    \"@graph\": [\n\t        {\n\t            \"@type\": \"Article\",\n\t            \"@id\": \"https:\/\/www.rajapack.es\/blog-es\/embalaje-cosmetica-parafarmacia#article\",\n\t            \"isPartOf\": {\n\t                \"@id\": \"https:\/\/www.rajapack.es\/blog-es\/embalaje-cosmetica-parafarmacia\"\n\t            },\n\t            \"author\": {\n\t                \"name\": \"Beatriz GONZALES\",\n\t                \"@id\": \"https:\/\/www.rajapack.es\/blog-es\/#\/schema\/person\/9fac94e7fcd0aa6d015f7202bd4e2b0f\"\n\t            },\n\t            \"headline\": \"Embalaje para cosm\u00e9tica y parafarmacia: diferenciaci\u00f3n, EcoResponsabilidad y protecci\u00f3n\",\n\t            \"datePublished\": \"2022-11-29T15:21:08+00:00\",\n\t            \"dateModified\": \"2022-11-29T15:21:13+00:00\",\n\t            \"mainEntityOfPage\": {\n\t                \"@id\": \"https:\/\/www.rajapack.es\/blog-es\/embalaje-cosmetica-parafarmacia\"\n\t            },\n\t            \"wordCount\": 2173,\n\t            \"commentCount\": 0,\n\t            \"publisher\": {\n\t                \"@id\": \"https:\/\/www.rajapack.es\/blog-es\/#organization\"\n\t            },\n\t            \"image\": {\n\t                \"@id\": \"https:\/\/www.rajapack.es\/blog-es\/embalaje-cosmetica-parafarmacia#primaryimage\"\n\t            },\n\t            \"thumbnailUrl\": \"https:\/\/www.rajapack.es\/blog-es\/wp-content\/uploads\/2022\/11\/embalaje-para-cosmetica-parafarmacia.jpg\",\n\t            \"keywords\": [\n\t                \"Cajas de cart\u00f3n\",\n\t                \"consejos\",\n\t                \"ecolog\u00eda\",\n\t                \"ecommerce\",\n\t                \"embalajes\"\n\t            ],\n\t            \"articleSection\": [\n\t                \"E-commerce\"\n\t            ],\n\t            \"inLanguage\": \"es\",\n\t            \"potentialAction\": [\n\t                {\n\t                    \"@type\": \"CommentAction\",\n\t                    \"name\": \"Comment\",\n\t                    \"target\": [\n\t                        \"https:\/\/www.rajapack.es\/blog-es\/embalaje-cosmetica-parafarmacia#respond\"\n\t                    ]\n\t                }\n\t            ]\n\t        },\n\t        {\n\t            \"@type\": \"WebPage\",\n\t            \"@id\": \"https:\/\/www.rajapack.es\/blog-es\/embalaje-cosmetica-parafarmacia\",\n\t            \"url\": \"https:\/\/www.rajapack.es\/blog-es\/embalaje-cosmetica-parafarmacia\",\n\t            \"name\": \"Embalaje para cosm\u00e9tica y parafarmacia | RAJAPACK\",\n\t            \"isPartOf\": {\n\t                \"@id\": \"https:\/\/www.rajapack.es\/blog-es\/#website\"\n\t            },\n\t            \"primaryImageOfPage\": {\n\t                \"@id\": \"https:\/\/www.rajapack.es\/blog-es\/embalaje-cosmetica-parafarmacia#primaryimage\"\n\t            },\n\t            \"image\": {\n\t                \"@id\": \"https:\/\/www.rajapack.es\/blog-es\/embalaje-cosmetica-parafarmacia#primaryimage\"\n\t            },\n\t            \"thumbnailUrl\": \"https:\/\/www.rajapack.es\/blog-es\/wp-content\/uploads\/2022\/11\/embalaje-para-cosmetica-parafarmacia.jpg\",\n\t            \"datePublished\": \"2022-11-29T15:21:08+00:00\",\n\t            \"dateModified\": \"2022-11-29T15:21:13+00:00\",\n\t            \"description\": \"El embalaje para productos de cosm\u00e9tica y parafarmacia de RAJAPACK ofrece la protecci\u00f3n necesaria adaptada a las caracter\u00edsticas del sector.\",\n\t            \"inLanguage\": \"es\",\n\t            \"potentialAction\": [\n\t                {\n\t                    \"@type\": \"ReadAction\",\n\t                    \"target\": [\n\t                        \"https:\/\/www.rajapack.es\/blog-es\/embalaje-cosmetica-parafarmacia\"\n\t                    ]\n\t                }\n\t            ]\n\t        },\n\t        {\n\t            \"@type\": \"ImageObject\",\n\t            \"inLanguage\": \"es\",\n\t            \"@id\": \"https:\/\/www.rajapack.es\/blog-es\/embalaje-cosmetica-parafarmacia#primaryimage\",\n\t            \"url\": \"https:\/\/www.rajapack.es\/blog-es\/wp-content\/uploads\/2022\/11\/embalaje-para-cosmetica-parafarmacia.jpg\",\n\t            \"contentUrl\": \"https:\/\/www.rajapack.es\/blog-es\/wp-content\/uploads\/2022\/11\/embalaje-para-cosmetica-parafarmacia.jpg\",\n\t            \"width\": 990,\n\t            \"height\": 500,\n\t            \"caption\": \"Embalaje para cosm\u00e9tica y parafarmacia\"\n\t        },\n\t        {\n\t            \"@type\": \"WebSite\",\n\t            \"@id\": \"https:\/\/www.rajapack.es\/blog-es\/#website\",\n\t            \"url\": \"https:\/\/www.rajapack.es\/blog-es\/\",\n\t            \"name\": \"RAJAPACK Blog | Consejos de embalaje, log\u00edstica y m\u00e1s\",\n\t            \"description\": \"Consejos de embalaje, logistica y m\u00e1s\",\n\t            \"publisher\": {\n\t                \"@id\": \"https:\/\/www.rajapack.es\/blog-es\/#organization\"\n\t            },\n\t            \"potentialAction\": [\n\t                {\n\t                    \"@type\": \"SearchAction\",\n\t                    \"target\": {\n\t                        \"@type\": \"EntryPoint\",\n\t                        \"urlTemplate\": \"https:\/\/www.rajapack.es\/blog-es\/?s={search_term_string}\"\n\t                    },\n\t                    \"query-input\": {\n\t                        \"@type\": \"PropertyValueSpecification\",\n\t                        \"valueRequired\": true,\n\t                        \"valueName\": \"search_term_string\"\n\t                    }\n\t                }\n\t            ],\n\t            \"inLanguage\": \"es\"\n\t        },\n\t        {\n\t            \"@type\": \"Organization\",\n\t            \"@id\": \"https:\/\/www.rajapack.es\/blog-es\/#organization\",\n\t            \"name\": \"RAJA ES\",\n\t            \"url\": \"https:\/\/www.rajapack.es\/blog-es\/\",\n\t            \"logo\": {\n\t                \"@type\": \"ImageObject\",\n\t                \"inLanguage\": \"es\",\n\t                \"@id\": \"https:\/\/www.rajapack.es\/blog-es\/#\/schema\/logo\/image\/\",\n\t                \"url\": \"https:\/\/www.rajapack.es\/blog-es\/wp-content\/uploads\/2021\/10\/logo-mobile@3x.png\",\n\t                \"contentUrl\": \"https:\/\/www.rajapack.es\/blog-es\/wp-content\/uploads\/2021\/10\/logo-mobile@3x.png\",\n\t                \"width\": 534,\n\t                \"height\": 114,\n\t                \"caption\": \"RAJA ES\"\n\t            },\n\t            \"image\": {\n\t                \"@id\": \"https:\/\/www.rajapack.es\/blog-es\/#\/schema\/logo\/image\/\"\n\t            },\n\t            \"sameAs\": [\n\t                \"https:\/\/www.facebook.com\/Rajapack.es\",\n\t                \"https:\/\/x.com\/RajapackES\",\n\t                \"https:\/\/www.linkedin.com\/company\/rajapack-spain\/\",\n\t                \"https:\/\/www.youtube.com\/user\/RajapackES\"\n\t            ]\n\t        },\n\t        {\n\t            \"@type\": \"Person\",\n\t            \"@id\": \"https:\/\/www.rajapack.es\/blog-es\/#\/schema\/person\/9fac94e7fcd0aa6d015f7202bd4e2b0f\",\n\t            \"name\": \"Beatriz GONZALES\",\n\t            \"image\": {\n\t                \"@type\": \"ImageObject\",\n\t                \"inLanguage\": \"es\",\n\t                \"@id\": \"https:\/\/www.rajapack.es\/blog-es\/#\/schema\/person\/image\/\",\n\t                \"url\": \"https:\/\/secure.gravatar.com\/avatar\/8d60a8c60719946f0508b6546da3680b?s=96&d=mm&r=g\",\n\t                \"contentUrl\": \"https:\/\/secure.gravatar.com\/avatar\/8d60a8c60719946f0508b6546da3680b?s=96&d=mm&r=g\",\n\t                \"caption\": \"Beatriz GONZALES\"\n\t            },\n\t            \"description\": \"User Wordpress\",\n\t            \"url\": \"https:\/\/www.rajapack.es\/blog-es\/author\/beatriz-gonzales\"\n\t        }\n\t    ]\n\t}<\/script>\n","yoast_head_json":{"title":"Embalaje para cosm\u00e9tica y parafarmacia | RAJAPACK","description":"El embalaje para productos de cosm\u00e9tica y parafarmacia de RAJAPACK ofrece la protecci\u00f3n necesaria adaptada a las caracter\u00edsticas del sector.","robots":{"index":"index","follow":"follow","max-snippet":"max-snippet:-1","max-image-preview":"max-image-preview:large","max-video-preview":"max-video-preview:-1"},"canonical":"https:\/\/www.rajapack.es\/blog-es\/embalaje-cosmetica-parafarmacia","og_locale":"es_ES","og_type":"article","og_title":"Embalaje para cosm\u00e9tica y parafarmacia | RAJAPACK","og_description":"El embalaje para productos de cosm\u00e9tica y parafarmacia de RAJAPACK ofrece la protecci\u00f3n necesaria adaptada a las caracter\u00edsticas del sector.","og_url":"https:\/\/www.rajapack.es\/blog-es\/embalaje-cosmetica-parafarmacia","og_site_name":"RAJAPACK Blog | Consejos de embalaje, log\u00edstica y m\u00e1s","article_publisher":"https:\/\/www.facebook.com\/Rajapack.es","article_published_time":"2022-11-29T15:21:08+00:00","article_modified_time":"2022-11-29T15:21:13+00:00","og_image":[{"width":990,"height":500,"url":"https:\/\/www.rajapack.es\/blog-es\/wp-content\/uploads\/2022\/11\/embalaje-para-cosmetica-parafarmacia.jpg","type":"image\/jpeg"}],"author":"Beatriz GONZALES","twitter_card":"summary_large_image","twitter_creator":"@RajapackES","twitter_site":"@RajapackES","twitter_misc":{"Escrito por":"Beatriz GONZALES","Tiempo de lectura":"11 minutos"},"schema":{"@context":"https:\/\/schema.org","@graph":[{"@type":"Article","@id":"https:\/\/www.rajapack.es\/blog-es\/embalaje-cosmetica-parafarmacia#article","isPartOf":{"@id":"https:\/\/www.rajapack.es\/blog-es\/embalaje-cosmetica-parafarmacia"},"author":{"name":"Beatriz GONZALES","@id":"https:\/\/www.rajapack.es\/blog-es\/#\/schema\/person\/9fac94e7fcd0aa6d015f7202bd4e2b0f"},"headline":"Embalaje para cosm\u00e9tica y parafarmacia: diferenciaci\u00f3n, EcoResponsabilidad y protecci\u00f3n","datePublished":"2022-11-29T15:21:08+00:00","dateModified":"2022-11-29T15:21:13+00:00","mainEntityOfPage":{"@id":"https:\/\/www.rajapack.es\/blog-es\/embalaje-cosmetica-parafarmacia"},"wordCount":2173,"commentCount":0,"publisher":{"@id":"https:\/\/www.rajapack.es\/blog-es\/#organization"},"image":{"@id":"https:\/\/www.rajapack.es\/blog-es\/embalaje-cosmetica-parafarmacia#primaryimage"},"thumbnailUrl":"https:\/\/www.rajapack.es\/blog-es\/wp-content\/uploads\/2022\/11\/embalaje-para-cosmetica-parafarmacia.jpg","keywords":["Cajas de cart\u00f3n","consejos","ecolog\u00eda","ecommerce","embalajes"],"articleSection":["E-commerce"],"inLanguage":"es","potentialAction":[{"@type":"CommentAction","name":"Comment","target":["https:\/\/www.rajapack.es\/blog-es\/embalaje-cosmetica-parafarmacia#respond"]}]},{"@type":"WebPage","@id":"https:\/\/www.rajapack.es\/blog-es\/embalaje-cosmetica-parafarmacia","url":"https:\/\/www.rajapack.es\/blog-es\/embalaje-cosmetica-parafarmacia","name":"Embalaje para cosm\u00e9tica y parafarmacia | RAJAPACK","isPartOf":{"@id":"https:\/\/www.rajapack.es\/blog-es\/#website"},"primaryImageOfPage":{"@id":"https:\/\/www.rajapack.es\/blog-es\/embalaje-cosmetica-parafarmacia#primaryimage"},"image":{"@id":"https:\/\/www.rajapack.es\/blog-es\/embalaje-cosmetica-parafarmacia#primaryimage"},"thumbnailUrl":"https:\/\/www.rajapack.es\/blog-es\/wp-content\/uploads\/2022\/11\/embalaje-para-cosmetica-parafarmacia.jpg","datePublished":"2022-11-29T15:21:08+00:00","dateModified":"2022-11-29T15:21:13+00:00","description":"El embalaje para productos de cosm\u00e9tica y parafarmacia de RAJAPACK ofrece la protecci\u00f3n necesaria adaptada a las caracter\u00edsticas del sector.","inLanguage":"es","potentialAction":[{"@type":"ReadAction","target":["https:\/\/www.rajapack.es\/blog-es\/embalaje-cosmetica-parafarmacia"]}]},{"@type":"ImageObject","inLanguage":"es","@id":"https:\/\/www.rajapack.es\/blog-es\/embalaje-cosmetica-parafarmacia#primaryimage","url":"https:\/\/www.rajapack.es\/blog-es\/wp-content\/uploads\/2022\/11\/embalaje-para-cosmetica-parafarmacia.jpg","contentUrl":"https:\/\/www.rajapack.es\/blog-es\/wp-content\/uploads\/2022\/11\/embalaje-para-cosmetica-parafarmacia.jpg","width":990,"height":500,"caption":"Embalaje para cosm\u00e9tica y parafarmacia"},{"@type":"WebSite","@id":"https:\/\/www.rajapack.es\/blog-es\/#website","url":"https:\/\/www.rajapack.es\/blog-es\/","name":"RAJAPACK Blog | Consejos de embalaje, log\u00edstica y m\u00e1s","description":"Consejos de embalaje, logistica y m\u00e1s","publisher":{"@id":"https:\/\/www.rajapack.es\/blog-es\/#organization"},"potentialAction":[{"@type":"SearchAction","target":{"@type":"EntryPoint","urlTemplate":"https:\/\/www.rajapack.es\/blog-es\/?s={search_term_string}"},"query-input":{"@type":"PropertyValueSpecification","valueRequired":true,"valueName":"search_term_string"}}],"inLanguage":"es"},{"@type":"Organization","@id":"https:\/\/www.rajapack.es\/blog-es\/#organization","name":"RAJA ES","url":"https:\/\/www.rajapack.es\/blog-es\/","logo":{"@type":"ImageObject","inLanguage":"es","@id":"https:\/\/www.rajapack.es\/blog-es\/#\/schema\/logo\/image\/","url":"https:\/\/www.rajapack.es\/blog-es\/wp-content\/uploads\/2021\/10\/logo-mobile@3x.png","contentUrl":"https:\/\/www.rajapack.es\/blog-es\/wp-content\/uploads\/2021\/10\/logo-mobile@3x.png","width":534,"height":114,"caption":"RAJA ES"},"image":{"@id":"https:\/\/www.rajapack.es\/blog-es\/#\/schema\/logo\/image\/"},"sameAs":["https:\/\/www.facebook.com\/Rajapack.es","https:\/\/x.com\/RajapackES","https:\/\/www.linkedin.com\/company\/rajapack-spain\/","https:\/\/www.youtube.com\/user\/RajapackES"]},{"@type":"Person","@id":"https:\/\/www.rajapack.es\/blog-es\/#\/schema\/person\/9fac94e7fcd0aa6d015f7202bd4e2b0f","name":"Beatriz GONZALES","image":{"@type":"ImageObject","inLanguage":"es","@id":"https:\/\/www.rajapack.es\/blog-es\/#\/schema\/person\/image\/","url":"https:\/\/secure.gravatar.com\/avatar\/8d60a8c60719946f0508b6546da3680b?s=96&d=mm&r=g","contentUrl":"https:\/\/secure.gravatar.com\/avatar\/8d60a8c60719946f0508b6546da3680b?s=96&d=mm&r=g","caption":"Beatriz GONZALES"},"description":"User Wordpress","url":"https:\/\/www.rajapack.es\/blog-es\/author\/beatriz-gonzales"}]}},"_links":{"self":[{"href":"https:\/\/www.rajapack.es\/blog-es\/wp-json\/wp\/v2\/posts\/15323"}],"collection":[{"href":"https:\/\/www.rajapack.es\/blog-es\/wp-json\/wp\/v2\/posts"}],"about":[{"href":"https:\/\/www.rajapack.es\/blog-es\/wp-json\/wp\/v2\/types\/post"}],"author":[{"embeddable":true,"href":"https:\/\/www.rajapack.es\/blog-es\/wp-json\/wp\/v2\/users\/31"}],"replies":[{"embeddable":true,"href":"https:\/\/www.rajapack.es\/blog-es\/wp-json\/wp\/v2\/comments?post=15323"}],"version-history":[{"count":0,"href":"https:\/\/www.rajapack.es\/blog-es\/wp-json\/wp\/v2\/posts\/15323\/revisions"}],"wp:featuredmedia":[{"embeddable":true,"href":"https:\/\/www.rajapack.es\/blog-es\/wp-json\/wp\/v2\/media\/15345"}],"wp:attachment":[{"href":"https:\/\/www.rajapack.es\/blog-es\/wp-json\/wp\/v2\/media?parent=15323"}],"wp:term":[{"taxonomy":"category","embeddable":true,"href":"https:\/\/www.rajapack.es\/blog-es\/wp-json\/wp\/v2\/categories?post=15323"},{"taxonomy":"post_tag","embeddable":true,"href":"https:\/\/www.rajapack.es\/blog-es\/wp-json\/wp\/v2\/tags?post=15323"}],"curies":[{"name":"wp","href":"https:\/\/api.w.org\/{rel}","templated":true}]}}