{"id":16799,"date":"2024-10-29T11:39:12","date_gmt":"2024-10-29T09:39:12","guid":{"rendered":"https:\/\/www.rajapack.es\/blog-es\/?p=16799"},"modified":"2025-09-02T13:37:57","modified_gmt":"2025-09-02T11:37:57","slug":"70-anos-clientes-confiando-embalajes-raja","status":"publish","type":"post","link":"https:\/\/www.rajapack.es\/blog-es\/70-anos-clientes-confiando-embalajes-raja","title":{"rendered":"70 a\u00f1os confiando en RAJAPACK desde toda Europa"},"content":{"rendered":"\n<p>\u00a1En RAJAPACK estamos de aniversario! <strong>Se cumplen 70 a\u00f1os desde nuestro origen y queremos celebrar esta fecha tan especial acompa\u00f1ados de nuestros amigos de toda Europa.<\/strong> Aqu\u00ed puedes conocer de primera mano la relaci\u00f3n que la empresa mantiene con sus clientes. Una relaci\u00f3n estrecha y cercana basada en la confianza.<\/p>\n\n\n\n<div id=\"ez-toc-container\" class=\"ez-toc-v2_0_72 counter-hierarchy ez-toc-counter ez-toc-grey ez-toc-container-direction\">\n<div class=\"ez-toc-title-container\">\n<p class=\"ez-toc-title\" style=\"cursor:inherit\">Tabla de contenidos<\/p>\n<span class=\"ez-toc-title-toggle\"><a href=\"#\" class=\"ez-toc-pull-right ez-toc-btn ez-toc-btn-xs ez-toc-btn-default ez-toc-toggle\" aria-label=\"Toggle Table of Content\"><span class=\"ez-toc-js-icon-con\"><span class=\"\"><span class=\"eztoc-hide\" style=\"display:none;\">Toggle<\/span><span class=\"ez-toc-icon-toggle-span\"><svg style=\"fill: #999;color:#999\" xmlns=\"http:\/\/www.w3.org\/2000\/svg\" class=\"list-377408\" width=\"20px\" height=\"20px\" viewBox=\"0 0 24 24\" fill=\"none\"><path d=\"M6 6H4v2h2V6zm14 0H8v2h12V6zM4 11h2v2H4v-2zm16 0H8v2h12v-2zM4 16h2v2H4v-2zm16 0H8v2h12v-2z\" fill=\"currentColor\"><\/path><\/svg><svg style=\"fill: #999;color:#999\" class=\"arrow-unsorted-368013\" xmlns=\"http:\/\/www.w3.org\/2000\/svg\" width=\"10px\" height=\"10px\" viewBox=\"0 0 24 24\" version=\"1.2\" baseProfile=\"tiny\"><path d=\"M18.2 9.3l-6.2-6.3-6.2 6.3c-.2.2-.3.4-.3.7s.1.5.3.7c.2.2.4.3.7.3h11c.3 0 .5-.1.7-.3.2-.2.3-.5.3-.7s-.1-.5-.3-.7zM5.8 14.7l6.2 6.3 6.2-6.3c.2-.2.3-.5.3-.7s-.1-.5-.3-.7c-.2-.2-.4-.3-.7-.3h-11c-.3 0-.5.1-.7.3-.2.2-.3.5-.3.7s.1.5.3.7z\"\/><\/svg><\/span><\/span><\/span><\/a><\/span><\/div>\n<nav><ul class='ez-toc-list ez-toc-list-level-1 ' ><li class='ez-toc-page-1 ez-toc-heading-level-2'><a class=\"ez-toc-link ez-toc-heading-1\" href=\"https:\/\/www.rajapack.es\/blog-es\/70-anos-clientes-confiando-embalajes-raja\/#70_anos_de_historia_de_RAJAPACK\" title=\"70 a\u00f1os de historia de RAJAPACK\">70 a\u00f1os de historia de RAJAPACK<\/a><\/li><li class='ez-toc-page-1 ez-toc-heading-level-2'><a class=\"ez-toc-link ez-toc-heading-2\" href=\"https:\/\/www.rajapack.es\/blog-es\/70-anos-clientes-confiando-embalajes-raja\/#70_anos_de_confianza_por_toda_Europa\" title=\"70 a\u00f1os de confianza por toda Europa\">70 a\u00f1os de confianza por toda Europa<\/a><ul class='ez-toc-list-level-3' ><li class='ez-toc-heading-level-3'><a class=\"ez-toc-link ez-toc-heading-3\" href=\"https:\/\/www.rajapack.es\/blog-es\/70-anos-clientes-confiando-embalajes-raja\/#Testimonios_de_clientes_de_RAJAPACK_de_Espana\" title=\"Testimonios de clientes de RAJAPACK de Espa\u00f1a\">Testimonios de clientes de RAJAPACK de Espa\u00f1a<\/a><ul class='ez-toc-list-level-4' ><li class='ez-toc-heading-level-4'><a class=\"ez-toc-link ez-toc-heading-4\" href=\"https:\/\/www.rajapack.es\/blog-es\/70-anos-clientes-confiando-embalajes-raja\/#Gonzalo_Noy_%E2%80%93_CEO_y_confundador_de_Dogfy_Diet\" title=\"Gonzalo Noy \u2013 CEO y confundador de Dogfy Diet\">Gonzalo Noy \u2013 CEO y confundador de Dogfy Diet<\/a><\/li><li class='ez-toc-page-1 ez-toc-heading-level-4'><a class=\"ez-toc-link ez-toc-heading-5\" href=\"https:\/\/www.rajapack.es\/blog-es\/70-anos-clientes-confiando-embalajes-raja\/#Oscar_Roca_%E2%80%93_Director_de_Operaciones_de_Pecomark\" title=\"\u00d3scar Roca \u2013 Director de Operaciones de Pecomark\">\u00d3scar Roca \u2013 Director de Operaciones de Pecomark<\/a><\/li><li class='ez-toc-page-1 ez-toc-heading-level-4'><a class=\"ez-toc-link ez-toc-heading-6\" href=\"https:\/\/www.rajapack.es\/blog-es\/70-anos-clientes-confiando-embalajes-raja\/#Elizabeth_Londono_%E2%80%93_Coordinadora_de_Tiendas_y_Desarrollo_de_Producto_de_Casa_Pia\" title=\"Elizabeth Londo\u00f1o \u2013 Coordinadora de Tiendas y Desarrollo de Producto de Casa Pi\u00e0\">Elizabeth Londo\u00f1o \u2013 Coordinadora de Tiendas y Desarrollo de Producto de Casa Pi\u00e0<\/a><\/li><li class='ez-toc-page-1 ez-toc-heading-level-4'><a class=\"ez-toc-link ez-toc-heading-7\" href=\"https:\/\/www.rajapack.es\/blog-es\/70-anos-clientes-confiando-embalajes-raja\/#Sergi_Gambus_Moro_%E2%80%93_Director_de_Logistica_de_Megasport\" title=\"Sergi Gamb\u00fas Moro \u2013 Director de Log\u00edstica de Megasport\">Sergi Gamb\u00fas Moro \u2013 Director de Log\u00edstica de Megasport<\/a><\/li><li class='ez-toc-page-1 ez-toc-heading-level-4'><a class=\"ez-toc-link ez-toc-heading-8\" href=\"https:\/\/www.rajapack.es\/blog-es\/70-anos-clientes-confiando-embalajes-raja\/#Ruben_de_la_Torre_Sanchez_%E2%80%93_Departamento_de_Compras_de_Ecotisa\" title=\"Rub\u00e9n de la Torre S\u00e1nchez \u2013 Departamento de Compras de Ecotisa\">Rub\u00e9n de la Torre S\u00e1nchez \u2013 Departamento de Compras de Ecotisa<\/a><\/li><li class='ez-toc-page-1 ez-toc-heading-level-4'><a class=\"ez-toc-link ez-toc-heading-9\" href=\"https:\/\/www.rajapack.es\/blog-es\/70-anos-clientes-confiando-embalajes-raja\/#Angela_Sarmiento_%E2%80%93_Fundadora_de_Jyoko\" title=\"\u00c1ngela Sarmiento \u2013 Fundadora de Jyoko\">\u00c1ngela Sarmiento \u2013 Fundadora de Jyoko<\/a><\/li><\/ul><\/li><li class='ez-toc-page-1 ez-toc-heading-level-3'><a class=\"ez-toc-link ez-toc-heading-10\" href=\"https:\/\/www.rajapack.es\/blog-es\/70-anos-clientes-confiando-embalajes-raja\/#Testimonios_de_clientes_de_RAJAPACK_de_Francia\" title=\"Testimonios de clientes de RAJAPACK de Francia\">Testimonios de clientes de RAJAPACK de Francia<\/a><ul class='ez-toc-list-level-4' ><li class='ez-toc-heading-level-4'><a class=\"ez-toc-link ez-toc-heading-11\" href=\"https:\/\/www.rajapack.es\/blog-es\/70-anos-clientes-confiando-embalajes-raja\/#Claire_Teixeira_%E2%80%93_Fundadora_de_ROSAE_Paris\" title=\"Claire Teixeira \u2013 Fundadora de ROSA\u00c9 Paris\">Claire Teixeira \u2013 Fundadora de ROSA\u00c9 Paris<\/a><\/li><li class='ez-toc-page-1 ez-toc-heading-level-4'><a class=\"ez-toc-link ez-toc-heading-12\" href=\"https:\/\/www.rajapack.es\/blog-es\/70-anos-clientes-confiando-embalajes-raja\/#Edouard_Chabrol_%E2%80%93_Presidente_de_Cubyn\" title=\"Edouard Chabrol \u2013 Presidente de Cubyn\">Edouard Chabrol \u2013 Presidente de Cubyn<\/a><\/li><li class='ez-toc-page-1 ez-toc-heading-level-4'><a class=\"ez-toc-link ez-toc-heading-13\" href=\"https:\/\/www.rajapack.es\/blog-es\/70-anos-clientes-confiando-embalajes-raja\/#William_Meunier_%E2%80%93_Fundador_y_director_de_Operaciones_de_Bigblue\" title=\"William Meunier \u2013 Fundador y director de Operaciones de Bigblue\">William Meunier \u2013 Fundador y director de Operaciones de Bigblue<\/a><\/li><li class='ez-toc-page-1 ez-toc-heading-level-4'><a class=\"ez-toc-link ez-toc-heading-14\" href=\"https:\/\/www.rajapack.es\/blog-es\/70-anos-clientes-confiando-embalajes-raja\/#Gael_Fitte_%E2%80%93_Responsable_de_Compra_de_embalajes_de_Daher\" title=\"Gael Fitte \u2013 Responsable de Compra de embalajes de Daher\">Gael Fitte \u2013 Responsable de Compra de embalajes de Daher<\/a><\/li><\/ul><\/li><li class='ez-toc-page-1 ez-toc-heading-level-3'><a class=\"ez-toc-link ez-toc-heading-15\" href=\"https:\/\/www.rajapack.es\/blog-es\/70-anos-clientes-confiando-embalajes-raja\/#Testimonios_de_clientes_de_RAJAPACK_de_Belgica\" title=\"Testimonios de clientes de RAJAPACK de B\u00e9lgica\">Testimonios de clientes de RAJAPACK de B\u00e9lgica<\/a><ul class='ez-toc-list-level-4' ><li class='ez-toc-heading-level-4'><a class=\"ez-toc-link ez-toc-heading-16\" href=\"https:\/\/www.rajapack.es\/blog-es\/70-anos-clientes-confiando-embalajes-raja\/#Yens_Van_Den_Bergh_%E2%80%93_Casa\" title=\"Yens Van Den Bergh \u2013 Casa\">Yens Van Den Bergh \u2013 Casa<\/a><\/li><li class='ez-toc-page-1 ez-toc-heading-level-4'><a class=\"ez-toc-link ez-toc-heading-17\" href=\"https:\/\/www.rajapack.es\/blog-es\/70-anos-clientes-confiando-embalajes-raja\/#Sven_Croes_%E2%80%93_Fundador_de_Het_Spelhuis\" title=\"Sven Croes \u2013&nbsp; Fundador de Het Spelhuis\">Sven Croes \u2013&nbsp; Fundador de Het Spelhuis<\/a><\/li><li class='ez-toc-page-1 ez-toc-heading-level-4'><a class=\"ez-toc-link ez-toc-heading-18\" href=\"https:\/\/www.rajapack.es\/blog-es\/70-anos-clientes-confiando-embalajes-raja\/#Linda_Lamock_%E2%80%93_Ice_Watch\" title=\"Linda Lamock \u2013 Ice Watch\">Linda Lamock \u2013 Ice Watch<\/a><\/li><\/ul><\/li><li class='ez-toc-page-1 ez-toc-heading-level-3'><a class=\"ez-toc-link ez-toc-heading-19\" href=\"https:\/\/www.rajapack.es\/blog-es\/70-anos-clientes-confiando-embalajes-raja\/#Testimonios_de_clientes_de_RAJAPACK_de_Dinamarca\" title=\"Testimonios de clientes de RAJAPACK de Dinamarca\">Testimonios de clientes de RAJAPACK de Dinamarca<\/a><ul class='ez-toc-list-level-4' ><li class='ez-toc-heading-level-4'><a class=\"ez-toc-link ez-toc-heading-20\" href=\"https:\/\/www.rajapack.es\/blog-es\/70-anos-clientes-confiando-embalajes-raja\/#Brian_Hejbe_%E2%80%93_Director_de_Almacen_de_Zwilling\" title=\"Brian Hejbe \u2013 Director de Almac\u00e9n de Zwilling\">Brian Hejbe \u2013 Director de Almac\u00e9n de Zwilling<\/a><\/li><\/ul><\/li><li class='ez-toc-page-1 ez-toc-heading-level-3'><a class=\"ez-toc-link ez-toc-heading-21\" href=\"https:\/\/www.rajapack.es\/blog-es\/70-anos-clientes-confiando-embalajes-raja\/#Testimonios_de_clientes_de_RAJAPACK_de_Italia\" title=\"Testimonios de clientes de RAJAPACK de Italia\">Testimonios de clientes de RAJAPACK de Italia<\/a><ul class='ez-toc-list-level-4' ><li class='ez-toc-heading-level-4'><a class=\"ez-toc-link ez-toc-heading-22\" href=\"https:\/\/www.rajapack.es\/blog-es\/70-anos-clientes-confiando-embalajes-raja\/#Francesco_Aiello_%E2%80%93_Director_de_Cadena_de_Suministro_de_Theras\" title=\"Francesco Aiello \u2013 Director de Cadena de Suministro de Theras\">Francesco Aiello \u2013 Director de Cadena de Suministro de Theras<\/a><\/li><li class='ez-toc-page-1 ez-toc-heading-level-4'><a class=\"ez-toc-link ez-toc-heading-23\" href=\"https:\/\/www.rajapack.es\/blog-es\/70-anos-clientes-confiando-embalajes-raja\/#Giorgia_Groppi_%E2%80%93_Responsable_de_Recursos_Humanos_y_Sostenibilidad_de_Bardiani_Valvole\" title=\"Giorgia Groppi \u2013 Responsable de Recursos Humanos y Sostenibilidad de Bardiani Valvole\">Giorgia Groppi \u2013 Responsable de Recursos Humanos y Sostenibilidad de Bardiani Valvole<\/a><\/li><li class='ez-toc-page-1 ez-toc-heading-level-4'><a class=\"ez-toc-link ez-toc-heading-24\" href=\"https:\/\/www.rajapack.es\/blog-es\/70-anos-clientes-confiando-embalajes-raja\/#Nicola_Matterazzo_%E2%80%93_Responsable_de_Logistica_y_Operaciones_Digitales_de_Naturasi\" title=\"Nicola Matterazzo \u2013 Responsable de Log\u00edstica y Operaciones Digitales de Naturasi\">Nicola Matterazzo \u2013 Responsable de Log\u00edstica y Operaciones Digitales de Naturasi<\/a><\/li><\/ul><\/li><li class='ez-toc-page-1 ez-toc-heading-level-3'><a class=\"ez-toc-link ez-toc-heading-25\" href=\"https:\/\/www.rajapack.es\/blog-es\/70-anos-clientes-confiando-embalajes-raja\/#Testimonios_de_clientes_de_RAJAPACK_de_Polonia\" title=\"Testimonios de clientes de RAJAPACK de Polonia\">Testimonios de clientes de RAJAPACK de Polonia<\/a><ul class='ez-toc-list-level-4' ><li class='ez-toc-heading-level-4'><a class=\"ez-toc-link ez-toc-heading-26\" href=\"https:\/\/www.rajapack.es\/blog-es\/70-anos-clientes-confiando-embalajes-raja\/#Urszula_Osmialowska_%E2%80%93_Fundadora_de_Ministerstwo_Dobrego_Mydla\" title=\"Urszul\u0105 O\u015bmia\u0142owsk\u0105 \u2013 Fundadora de Ministerstwo Dobrego Mydla\">Urszul\u0105 O\u015bmia\u0142owsk\u0105 \u2013 Fundadora de Ministerstwo Dobrego Mydla<\/a><\/li><\/ul><\/li><li class='ez-toc-page-1 ez-toc-heading-level-3'><a class=\"ez-toc-link ez-toc-heading-27\" href=\"https:\/\/www.rajapack.es\/blog-es\/70-anos-clientes-confiando-embalajes-raja\/#Testimonios_de_clientes_de_RAJAPACK_de_Reino_Unido\" title=\"Testimonios de clientes de RAJAPACK de Reino Unido\">Testimonios de clientes de RAJAPACK de Reino Unido<\/a><ul class='ez-toc-list-level-4' ><li class='ez-toc-heading-level-4'><a class=\"ez-toc-link ez-toc-heading-28\" href=\"https:\/\/www.rajapack.es\/blog-es\/70-anos-clientes-confiando-embalajes-raja\/#Justina_Valentonyte_%E2%80%93_Cofundadora_de_Valentte\" title=\"Justina Valentonyte \u2013 Cofundadora de Valentte\">Justina Valentonyte \u2013 Cofundadora de Valentte<\/a><\/li><\/ul><\/li><\/ul><\/li><\/ul><\/nav><\/div>\n<h2 class=\"wp-block-heading\"><span class=\"ez-toc-section\" id=\"70_anos_de_historia_de_RAJAPACK\"><\/span>70 a\u00f1os de historia de RAJAPACK<span class=\"ez-toc-section-end\"><\/span><\/h2>\n\n\n\n<p>\u00a1C\u00f3mo pasa el tiempo! <strong>En el a\u00f1o 1954, Rachel Marcovici y Janine Rocher unieron la primera s\u00edlaba de sus nombres y crearon Cartons RAJA<\/strong>. As\u00ed arranc\u00f3 <a href=\"https:\/\/www.rajapack.es\/blog-es\/te-explicamos-de-donde-viene-nuestro-nombre-rajapack\" target=\"_blank\" rel=\"noreferrer noopener\">nuestra historia<\/a>. La historia de dos emprendedoras que fundaron la que, 70 a\u00f1os despu\u00e9s, ser\u00eda una de las <strong>compa\u00f1\u00edas l\u00edderes en la distribuci\u00f3n de embalajes, suministros y equipamiento de Europa<\/strong>.<\/p>\n\n\n\n<h2 class=\"wp-block-heading\"><span class=\"ez-toc-section\" id=\"70_anos_de_confianza_por_toda_Europa\"><\/span>70 a\u00f1os de confianza por toda Europa<span class=\"ez-toc-section-end\"><\/span><\/h2>\n\n\n\n<p>Y es que en estas siete d\u00e9cadas de expansi\u00f3n por el continente, <strong>todos nuestros clientes coinciden en destacar la variedad de nuestro cat\u00e1logo, nuestra rapidez y agilidad en los env\u00edos, nuestra atenci\u00f3n personalizada y nuestro fiel compromiso <\/strong><a href=\"https:\/\/www.rajapack.es\/embalaje-ecologico_cms_000041.html\" target=\"_blank\" rel=\"noreferrer noopener nofollow\"><strong>EcoResponsable<\/strong><\/a><strong> con el cuidado del planeta<\/strong>. Sin su ayuda, estos 70 a\u00f1os de historia no habr\u00edan sido posibles, por ello queremos celebrar el aniversario escuchando <a href=\"https:\/\/www.rajapack.es\/testimonios-clientes_cms_000104.html\" target=\"_blank\" rel=\"noreferrer noopener\">lo que nuestros clientes opinan de RAJAPACK<\/a>.<\/p>\n\n\n\n<h3 class=\"wp-block-heading\"><span class=\"ez-toc-section\" id=\"Testimonios_de_clientes_de_RAJAPACK_de_Espana\"><\/span>Testimonios de clientes de RAJAPACK de Espa\u00f1a<span class=\"ez-toc-section-end\"><\/span><\/h3>\n\n\n\n<h4 class=\"wp-block-heading\"><span class=\"ez-toc-section\" id=\"Gonzalo_Noy_%E2%80%93_CEO_y_confundador_de_Dogfy_Diet\"><\/span><strong><em>Gonzalo Noy \u2013 CEO y confundador de Dogfy Diet<\/em><\/strong><span class=\"ez-toc-section-end\"><\/span><\/h4>\n\n\n\n<p>\u201c<strong>No es f\u00e1cil encontrar un proveedor con el que podamos tener una relaci\u00f3n tan cercana, tan personalizada, <\/strong>tanto a nivel de asistencia como a nivel comercial. Adem\u00e1s, es un <em>partner<\/em> que nos ayuda al crecimiento y <a href=\"https:\/\/www.rajapack.es\/blog-es\/consejos-embalaje-exportar-con-tranquilidad\" target=\"_blank\" rel=\"noreferrer noopener\">expansi\u00f3n a nivel europeo<\/a>, y eso es muy importante, porque no es sencillo localizar a un proveedor que d\u00e9 servicio a tantas regiones y est\u00e9 en diferentes sitios\u201d.<\/p>\n\n\n\n<center><iframe loading=\"lazy\" width=\"560\" height=\"315\" src=\"https:\/\/www.youtube.com\/embed\/OP494eBcECc?si=fWPFvwzGMXpVp8vc\" title=\"YouTube video player\" frameborder=\"0\" allow=\"accelerometer; autoplay; clipboard-write; encrypted-media; gyroscope; picture-in-picture; web-share\" referrerpolicy=\"strict-origin-when-cross-origin\" allowfullscreen><\/iframe><\/center>\n\n\n\n<h4 class=\"wp-block-heading\"><span class=\"ez-toc-section\" id=\"Oscar_Roca_%E2%80%93_Director_de_Operaciones_de_Pecomark\"><\/span><strong><em>\u00d3scar Roca \u2013 Director de Operaciones de Pecomark<\/em><\/strong><span class=\"ez-toc-section-end\"><\/span><\/h4>\n\n\n\n<p>\u201cUna cuesti\u00f3n importante es que <strong>guard\u00e1is un stock de seguridad en vuestras instalaciones<\/strong>, lo cual nos permite <a href=\"https:\/\/www.rajapack.es\/blog-es\/optimizar-gestion-espacio-de-tu-almacen\" target=\"_blank\" rel=\"noreferrer noopener\">liberar espacio en nuestro almac\u00e9n<\/a>, y reaccion\u00e1is de forma \u00e1gil ante cualquier necesidad puntual\u201d.<\/p>\n\n\n\n<center><iframe loading=\"lazy\" width=\"560\" height=\"315\" src=\"https:\/\/www.youtube.com\/embed\/Ft8i7SVoRnw?si=rkq7S8i9QajC5xJJ\" title=\"YouTube video player\" frameborder=\"0\" allow=\"accelerometer; autoplay; clipboard-write; encrypted-media; gyroscope; picture-in-picture; web-share\" referrerpolicy=\"strict-origin-when-cross-origin\" allowfullscreen><\/iframe><\/center>\n\n\n\n<h4 class=\"wp-block-heading\"><span class=\"ez-toc-section\" id=\"Elizabeth_Londono_%E2%80%93_Coordinadora_de_Tiendas_y_Desarrollo_de_Producto_de_Casa_Pia\"><\/span><strong><em>Elizabeth Londo\u00f1o \u2013 Coordinadora de Tiendas y Desarrollo de Producto de Casa Pi\u00e0<\/em><\/strong><span class=\"ez-toc-section-end\"><\/span><\/h4>\n\n\n\n<p>\u201cDesde que venimos colaborando, el resultado es positivo. Estamos muy contentos porque <strong>nos est\u00e1is ofreciendo opciones de packaging que cuadran con nuestra filosof\u00eda<\/strong>. La <a href=\"https:\/\/www.rajapack.es\/medioambiente\/5R-reduccion-residuos\" target=\"_blank\" rel=\"noreferrer noopener\">sostenibilidad ambiental<\/a> para nosotros es algo muy importante\u201d.<\/p>\n\n\n\n<center><iframe loading=\"lazy\" width=\"560\" height=\"315\" src=\"https:\/\/www.youtube.com\/embed\/NWSUSkppXWk?si=hKOLOzAb8t_T6lf9\" title=\"YouTube video player\" frameborder=\"0\" allow=\"accelerometer; autoplay; clipboard-write; encrypted-media; gyroscope; picture-in-picture; web-share\" referrerpolicy=\"strict-origin-when-cross-origin\" allowfullscreen><\/iframe><\/center>\n\n\n\n<h4 class=\"wp-block-heading\"><span class=\"ez-toc-section\" id=\"Sergi_Gambus_Moro_%E2%80%93_Director_de_Logistica_de_Megasport\"><\/span><strong><em>Sergi Gamb\u00fas Moro \u2013 Director de Log\u00edstica de Megasport<\/em><\/strong><span class=\"ez-toc-section-end\"><\/span><\/h4>\n\n\n\n<p>\u201cLo que es m\u00e1s importante para m\u00ed es el asesoramiento. Detr\u00e1s de cualquier necesidad que tienes, llamas, hablas, te asesoran con mucho cari\u00f1o, con mucha dedicaci\u00f3n, con todo lo que hace falta, sin prisas. <strong>Notas que te ayudan a buscar la mejor soluci\u00f3n<\/strong>\u201d.<\/p>\n\n\n\n<center><iframe loading=\"lazy\" width=\"560\" height=\"315\" src=\"https:\/\/www.youtube.com\/embed\/iC_IB2vxAwU?si=WXQArSlchCOflYFd\" title=\"YouTube video player\" frameborder=\"0\" allow=\"accelerometer; autoplay; clipboard-write; encrypted-media; gyroscope; picture-in-picture; web-share\" referrerpolicy=\"strict-origin-when-cross-origin\" allowfullscreen><\/iframe><\/center>\n\n\n\n<h4 class=\"wp-block-heading\"><span class=\"ez-toc-section\" id=\"Ruben_de_la_Torre_Sanchez_%E2%80%93_Departamento_de_Compras_de_Ecotisa\"><\/span><strong><em>Rub\u00e9n de la Torre S\u00e1nchez \u2013 Departamento de Compras de Ecotisa<\/em><\/strong><span class=\"ez-toc-section-end\"><\/span><\/h4>\n\n\n\n<p>\u201cEl servicio que nos ofrecieron desde un primer momento fue totalmente agradable, <strong>nos solventaban todas las dudas y problemas que pod\u00edan surgir<\/strong> y el contacto actualmente est\u00e1 siendo mejor que nunca. Nuestra misi\u00f3n principal es <a href=\"https:\/\/www.rajapack.es\/blog-es\/4-acciones-para-fidelizar-a-tus-clientes-con-la-logistica-de-tu-e-commerce\" target=\"_blank\" rel=\"noreferrer noopener\">dar un buen servicio al cliente<\/a>, y con RAJAPACK lo conseguimos, tanto en calidad de producto como en plazos de entrega\u201d.<\/p>\n\n\n\n<center><iframe loading=\"lazy\" width=\"560\" height=\"315\" src=\"https:\/\/www.youtube.com\/embed\/l8KGgHQVpM0?si=1bkkeYaU_KEccz2d\" title=\"YouTube video player\" frameborder=\"0\" allow=\"accelerometer; autoplay; clipboard-write; encrypted-media; gyroscope; picture-in-picture; web-share\" referrerpolicy=\"strict-origin-when-cross-origin\" allowfullscreen><\/iframe><\/center>\n\n\n\n<h4 class=\"wp-block-heading\"><span class=\"ez-toc-section\" id=\"Angela_Sarmiento_%E2%80%93_Fundadora_de_Jyoko\"><\/span><strong><em>\u00c1ngela Sarmiento \u2013 Fundadora de Jyoko<\/em><\/strong><span class=\"ez-toc-section-end\"><\/span><\/h4>\n\n\n\n<p>\u201cRAJAPACK&nbsp;nos ha permitido adaptarnos a las necesidades del cliente y a la demanda del mercado y <strong>valoramos mucho la excelente comunicaci\u00f3n y confianza que se ha construido<\/strong> a trav\u00e9s de todos estos a\u00f1os\u201d.<\/p>\n\n\n\n<center><iframe loading=\"lazy\" width=\"560\" height=\"315\" src=\"https:\/\/www.youtube.com\/embed\/1JiHidt8jyo?si=Yu-wmg5ANlym4RqT\" title=\"YouTube video player\" frameborder=\"0\" allow=\"accelerometer; autoplay; clipboard-write; encrypted-media; gyroscope; picture-in-picture; web-share\" referrerpolicy=\"strict-origin-when-cross-origin\" allowfullscreen><\/iframe><\/center>\n\n\n\n<h3 class=\"wp-block-heading\"><span class=\"ez-toc-section\" id=\"Testimonios_de_clientes_de_RAJAPACK_de_Francia\"><\/span>Testimonios de clientes de RAJAPACK de Francia<span class=\"ez-toc-section-end\"><\/span><\/h3>\n\n\n\n<h4 class=\"wp-block-heading\"><span class=\"ez-toc-section\" id=\"Claire_Teixeira_%E2%80%93_Fundadora_de_ROSAE_Paris\"><\/span><strong><em>Claire Teixeira \u2013 Fundadora de ROSA\u00c9 Paris<\/em><\/strong><span class=\"ez-toc-section-end\"><\/span><\/h4>\n\n\n\n<p>\u201cCon RAJAPACK lo que hicimos fue trabajar mucho la experiencia de lo que se llama <a href=\"https:\/\/www.rajapack.es\/blog-es\/cajas-embalajes-youtube-se-dice-unboxing\" target=\"_blank\" rel=\"noreferrer noopener\">unboxing<\/a>. Como somos una marca que distribuye principalmente online, <strong>es muy importante que esta experiencia sea lo m\u00e1s encantadora posible<\/strong>\u201d.<\/p>\n\n\n\n<center><iframe loading=\"lazy\" width=\"560\" height=\"315\" src=\"https:\/\/www.youtube.com\/embed\/Rt3L3FnWKrw?si=sxCaXQUOsmbU8b5j\" title=\"YouTube video player\" frameborder=\"0\" allow=\"accelerometer; autoplay; clipboard-write; encrypted-media; gyroscope; picture-in-picture; web-share\" referrerpolicy=\"strict-origin-when-cross-origin\" allowfullscreen><\/iframe><\/center>\n\n\n\n<h4 class=\"wp-block-heading\"><span class=\"ez-toc-section\" id=\"Edouard_Chabrol_%E2%80%93_Presidente_de_Cubyn\"><\/span><strong><em>Edouard Chabrol \u2013 Presidente de Cubyn<\/em><\/strong><span class=\"ez-toc-section-end\"><\/span><\/h4>\n\n\n\n<p>\u201cRAJAPACK nos acompa\u00f1a en la innovaci\u00f3n, <strong>ayud\u00e1ndonos a brindar la mejor experiencia a los consumidores<\/strong> con el <a href=\"https:\/\/www.rajapack.es\/blog-es\/embalaje-monomaterial\" target=\"_blank\" rel=\"noreferrer noopener\">menor n\u00famero de materiales<\/a> de la mejor calidad posible. Recomendar\u00eda RAJAPACK a otras empresas por su enfoque medioambiental\u201d.<\/p>\n\n\n\n<center><iframe loading=\"lazy\" width=\"560\" height=\"315\" src=\"https:\/\/www.youtube.com\/embed\/Q06xImNA6Eg?si=84SAS4t0iXlNHc9_\" title=\"YouTube video player\" frameborder=\"0\" allow=\"accelerometer; autoplay; clipboard-write; encrypted-media; gyroscope; picture-in-picture; web-share\" referrerpolicy=\"strict-origin-when-cross-origin\" allowfullscreen><\/iframe><\/center>\n\n\n\n<h4 class=\"wp-block-heading\"><span class=\"ez-toc-section\" id=\"William_Meunier_%E2%80%93_Fundador_y_director_de_Operaciones_de_Bigblue\"><\/span><strong><em>William Meunier \u2013 Fundador y director de Operaciones de Bigblue<\/em><\/strong><span class=\"ez-toc-section-end\"><\/span><\/h4>\n\n\n\n<p>\u201cTrabajamos en hacer <strong>un <\/strong><a href=\"https:\/\/www.rajapack.es\/blog-es\/prevenir-trastornos-musculoesqueleticos-almacen\" target=\"_blank\" rel=\"noreferrer noopener\"><strong>almac\u00e9n m\u00e1s ergon\u00f3mico para los operarios<\/strong><\/a><strong>, m\u00e1s productivo<\/strong>, y es ah\u00ed donde RAJAPACK nos ha apoyado: en la implementaci\u00f3n de estas <a href=\"https:\/\/www.rajapack.es\/blog-es\/embalaje-automatizacion-intralogistica\" target=\"_blank\" rel=\"noreferrer noopener\">m\u00e1quinas que son supereficientes<\/a> y con las que estamos muy contentos\u201d.<\/p>\n\n\n\n<center><iframe loading=\"lazy\" width=\"560\" height=\"315\" src=\"https:\/\/www.youtube.com\/embed\/vei3c7YM2bs?si=67kq_K2Mzo7-0uYw\" title=\"YouTube video player\" frameborder=\"0\" allow=\"accelerometer; autoplay; clipboard-write; encrypted-media; gyroscope; picture-in-picture; web-share\" referrerpolicy=\"strict-origin-when-cross-origin\" allowfullscreen><\/iframe><\/center>\n\n\n\n<h4 class=\"wp-block-heading\"><span class=\"ez-toc-section\" id=\"Gael_Fitte_%E2%80%93_Responsable_de_Compra_de_embalajes_de_Daher\"><\/span><strong><em>Gael Fitte \u2013 Responsable de Compra de embalajes de Daher<\/em><\/strong><span class=\"ez-toc-section-end\"><\/span><\/h4>\n\n\n\n<p>\u201cTener un acuerdo marco internacional con RAJAPACK y que <strong>est\u00e9 presente en los cinco pa\u00edses europeos donde Daher tambi\u00e9n est\u00e1<\/strong> <strong>nos permite asegurar la continuidad de las compras<\/strong> y simplificar nuestros procesos\u201d.<\/p>\n\n\n\n<center><iframe loading=\"lazy\" width=\"560\" height=\"315\" src=\"https:\/\/www.youtube.com\/embed\/3O1MnDnwhoQ?si=AY0yoNk93P76esQW\" title=\"YouTube video player\" frameborder=\"0\" allow=\"accelerometer; autoplay; clipboard-write; encrypted-media; gyroscope; picture-in-picture; web-share\" referrerpolicy=\"strict-origin-when-cross-origin\" allowfullscreen><\/iframe><\/center>\n\n\n\n<h3 class=\"wp-block-heading\"><span class=\"ez-toc-section\" id=\"Testimonios_de_clientes_de_RAJAPACK_de_Belgica\"><\/span>Testimonios de clientes de RAJAPACK de B\u00e9lgica<span class=\"ez-toc-section-end\"><\/span><\/h3>\n\n\n\n<h4 class=\"wp-block-heading\"><span class=\"ez-toc-section\" id=\"Yens_Van_Den_Bergh_%E2%80%93_Casa\"><\/span><strong><em>Yens Van Den Bergh \u2013 Casa<\/em><\/strong><span class=\"ez-toc-section-end\"><\/span><\/h4>\n\n\n\n<p>\u201c<strong>Nos importa principalmente la rapidez de entrega y el gran stock disponible, pero tambi\u00e9n el servicio posventa y la amabilidad con el cliente,<\/strong> que apreciamos y valoramos mucho. Nada parece imposible. Cada pregunta se responde r\u00e1pidamente y con mucha calidad y eso garantiza que estemos extremadamente satisfechos con el servicio que recibimos de RAJAPACK\u201d.<\/p>\n\n\n\n<center><iframe loading=\"lazy\" width=\"560\" height=\"315\" src=\"https:\/\/www.youtube.com\/embed\/rquAy7VIkiI?si=dSNUDfcH5G0_Nj7s\" title=\"YouTube video player\" frameborder=\"0\" allow=\"accelerometer; autoplay; clipboard-write; encrypted-media; gyroscope; picture-in-picture; web-share\" referrerpolicy=\"strict-origin-when-cross-origin\" allowfullscreen><\/iframe><\/center>\n\n\n\n<h4 class=\"wp-block-heading\"><span class=\"ez-toc-section\" id=\"Sven_Croes_%E2%80%93_Fundador_de_Het_Spelhuis\"><\/span><strong><em>Sven Croes \u2013&nbsp; Fundador de Het Spelhuis<\/em><\/strong><span class=\"ez-toc-section-end\"><\/span><\/h4>\n\n\n\n<p>\u201c<strong>Somos una especie de sala de exposici\u00f3n de RAJAPACK.<\/strong> De hecho, y este es uno de sus puntos fuertes, nos ofrece una soluci\u00f3n completa para nuestro <a href=\"https:\/\/www.rajapack.es\/blog-es\/tipos-de-almacenes-clasificacion-y-caracteristicas\" target=\"_blank\" rel=\"noreferrer noopener\">almac\u00e9n<\/a>. Utilizamos las <a href=\"https:\/\/www.rajapack.es\/almacenaje-manutencion-seguridad\/mesas-bancos-puestos-embalaje_C703020.html\" target=\"_blank\" rel=\"noreferrer noopener\">mesas de embalaje<\/a>, que contienen los <a href=\"https:\/\/www.rajapack.es\/cintas-adhesivas-flejes-colas\/precintadoras-mesa_C505020.html\" target=\"_blank\" rel=\"noreferrer noopener\">dispensadores de cinta adhesiva<\/a>, usamos las <a href=\"https:\/\/www.rajapack.es\/almacenaje-manutencion-seguridad\/estanterias-metalicas-accesorios_C703010.html\" target=\"_blank\" rel=\"noreferrer noopener\">estanter\u00edas de almac\u00e9n<\/a>, usamos la <a href=\"https:\/\/www.rajapack.es\/blog-es\/transpaleta-manual\" target=\"_blank\" rel=\"noreferrer noopener\">transpaleta<\/a>, usamos los <a href=\"https:\/\/www.rajapack.es\/almacenaje-manutencion-seguridad\/carros-transporte_C701030.html\" target=\"_blank\" rel=\"noreferrer noopener\">carros<\/a>\u2026\u201d.<\/p>\n\n\n\n<center><iframe loading=\"lazy\" width=\"560\" height=\"315\" src=\"https:\/\/www.youtube.com\/embed\/VVrtiENygNs?si=PrFlemCmZ_OR1n2e\" title=\"YouTube video player\" frameborder=\"0\" allow=\"accelerometer; autoplay; clipboard-write; encrypted-media; gyroscope; picture-in-picture; web-share\" referrerpolicy=\"strict-origin-when-cross-origin\" allowfullscreen><\/iframe><\/center>\n\n\n\n<h4 class=\"wp-block-heading\"><span class=\"ez-toc-section\" id=\"Linda_Lamock_%E2%80%93_Ice_Watch\"><\/span><strong><em>Linda Lamock \u2013 Ice Watch<\/em><\/strong><span class=\"ez-toc-section-end\"><\/span><\/h4>\n\n\n\n<p>\u201c<strong>Utilizamos cajas hechas <\/strong><a href=\"https:\/\/www.rajapack.es\/blog-es\/embalaje-medida-personalizado\" target=\"_blank\" rel=\"noreferrer noopener\"><strong>a medida<\/strong><\/a> de RAJAPACK para todas nuestras entregas internacionales. Ahora tambi\u00e9n las llenamos con el <a href=\"https:\/\/www.rajapack.es\/maquinas-sistemas-embalaje\/maquinas-produccion-relleno\/alquiler-maquina-fillpak-tt_OFF_ES_0261.html\" target=\"_blank\" rel=\"noreferrer noopener\">sistema FillPak TT\u00ae<\/a>, perfectamente instalado in situ por un t\u00e9cnico profesional\u201d.<\/p>\n\n\n\n<h3 class=\"wp-block-heading\"><span class=\"ez-toc-section\" id=\"Testimonios_de_clientes_de_RAJAPACK_de_Dinamarca\"><\/span>Testimonios de clientes de RAJAPACK de Dinamarca<span class=\"ez-toc-section-end\"><\/span><\/h3>\n\n\n\n<h4 class=\"wp-block-heading\"><span class=\"ez-toc-section\" id=\"Brian_Hejbe_%E2%80%93_Director_de_Almacen_de_Zwilling\"><\/span><strong><em>Brian Hejbe \u2013 Director de Almac\u00e9n de Zwilling<\/em><\/strong><span class=\"ez-toc-section-end\"><\/span><\/h4>\n\n\n\n<p>\u201c<strong>En RAJAPACK, tengo a mi asesor y eso no lo ten\u00eda con mi proveedor anterior<\/strong>, lo que significa que el servicio es mucho mayor. As\u00ed que cuando necesito ayuda, \u00e9l me la proporciona, viene y mira nuestras existencias, ve qu\u00e9 necesitamos y qu\u00e9 opciones puede ofrecernos. Creo que es un gran servicio por parte de nuestro proveedor\u201d.<\/p>\n\n\n\n<center><iframe loading=\"lazy\" width=\"560\" height=\"315\" src=\"https:\/\/www.youtube.com\/embed\/PhAKrsXNT9I?si=Df7niu3eE5xLUheS\" title=\"YouTube video player\" frameborder=\"0\" allow=\"accelerometer; autoplay; clipboard-write; encrypted-media; gyroscope; picture-in-picture; web-share\" referrerpolicy=\"strict-origin-when-cross-origin\" allowfullscreen><\/iframe><\/center>\n\n\n\n<h3 class=\"wp-block-heading\"><span class=\"ez-toc-section\" id=\"Testimonios_de_clientes_de_RAJAPACK_de_Italia\"><\/span>Testimonios de clientes de RAJAPACK de Italia<span class=\"ez-toc-section-end\"><\/span><\/h3>\n\n\n\n<h4 class=\"wp-block-heading\"><span class=\"ez-toc-section\" id=\"Francesco_Aiello_%E2%80%93_Director_de_Cadena_de_Suministro_de_Theras\"><\/span><strong><em>Francesco Aiello \u2013 Director de Cadena de Suministro de Theras<\/em><\/strong><span class=\"ez-toc-section-end\"><\/span><\/h4>\n\n\n\n<p>\u201c<strong>Adem\u00e1s de buscar la calidad instrumental, RAJAPACK nos brind\u00f3 un servicio de consultor\u00eda dirigida.<\/strong> Hemos establecido una relaci\u00f3n de confianza que nos ha permitido responder mejor en este complejo desaf\u00edo. Nuestro asesor escuch\u00f3 atentamente nuestras necesidades y nuestros objetivos, poni\u00e9ndonos en el centro de la planificaci\u00f3n\u201d.<\/p>\n\n\n\n<center><iframe loading=\"lazy\" width=\"560\" height=\"315\" src=\"https:\/\/www.youtube.com\/embed\/FRPZQBhALjY?si=RBedMrsXaPV4mvWQ\" title=\"YouTube video player\" frameborder=\"0\" allow=\"accelerometer; autoplay; clipboard-write; encrypted-media; gyroscope; picture-in-picture; web-share\" referrerpolicy=\"strict-origin-when-cross-origin\" allowfullscreen><\/iframe><\/center>\n\n\n\n<h4 class=\"wp-block-heading\"><span class=\"ez-toc-section\" id=\"Giorgia_Groppi_%E2%80%93_Responsable_de_Recursos_Humanos_y_Sostenibilidad_de_Bardiani_Valvole\"><\/span><strong><em>Giorgia Groppi \u2013 Responsable de Recursos Humanos y Sostenibilidad de Bardiani Valvole<\/em><\/strong><span class=\"ez-toc-section-end\"><\/span><\/h4>\n\n\n\n<p>\u201cLos productos que utilizamos son <a href=\"https:\/\/www.rajapack.es\/blog-es\/embalaje-automontable\" target=\"_blank\" rel=\"noreferrer noopener\">pr\u00e1cticos y r\u00e1pidos de montar,<\/a> con <strong>el resultado de reducir tiempos de embalaje<\/strong> y, en su simplicidad, son limpios y hermosos a la vista\u201d.<\/p>\n\n\n\n<center><iframe loading=\"lazy\" width=\"560\" height=\"315\" src=\"https:\/\/www.youtube.com\/embed\/I6LWV5t0RsY?si=JDhIbdSzOsia0-2z\" title=\"YouTube video player\" frameborder=\"0\" allow=\"accelerometer; autoplay; clipboard-write; encrypted-media; gyroscope; picture-in-picture; web-share\" referrerpolicy=\"strict-origin-when-cross-origin\" allowfullscreen><\/iframe><\/center>\n\n\n\n<h4 class=\"wp-block-heading\"><span class=\"ez-toc-section\" id=\"Nicola_Matterazzo_%E2%80%93_Responsable_de_Logistica_y_Operaciones_Digitales_de_Naturasi\"><\/span><strong><em>Nicola Matterazzo \u2013 Responsable de Log\u00edstica y Operaciones Digitales de Naturasi<\/em><\/strong><span class=\"ez-toc-section-end\"><\/span><\/h4>\n\n\n\n<p>\u201cLas soluciones que nos ha dado RAJA para transportar nuestros productos fr\u00e1giles y frescos son respetuosas <strong>para el medioambiente. <\/strong>Se presentan como un conjunto de<strong> materiales <\/strong><a href=\"https:\/\/www.rajapack.es\/blog-es\/por-que-escoger-embalajes-reciclados\" target=\"_blank\" rel=\"noreferrer noopener\"><strong>reciclados<\/strong><\/a><strong>, reciclables o con <\/strong><a href=\"https:\/\/www.rajapack.es\/blog-es\/certificacion-fsc\" target=\"_blank\" rel=\"noreferrer noopener\"><strong>certificados FSC<\/strong><\/a><strong>, y tienen muy bajo impacto<\/strong> al no requerir transporte frigor\u00edfico. La mezcla de un forro de papel procesado con packs de gel asegura el <a href=\"https:\/\/www.rajapack.es\/blog-es\/embalajes-y-cajas-isotermicas\" target=\"_blank\" rel=\"noreferrer noopener\">mantenimiento de la cadena de fr\u00edo<\/a> hasta 40 horas en nuestras cajas\u201d.<\/p>\n\n\n\n<center><iframe loading=\"lazy\" width=\"560\" height=\"315\" src=\"https:\/\/www.youtube.com\/embed\/kK00rKUBZPI?si=Fl_sbA2RarOh92Xv\" title=\"YouTube video player\" frameborder=\"0\" allow=\"accelerometer; autoplay; clipboard-write; encrypted-media; gyroscope; picture-in-picture; web-share\" referrerpolicy=\"strict-origin-when-cross-origin\" allowfullscreen><\/iframe><\/center>\n\n\n\n<h3 class=\"wp-block-heading\"><span class=\"ez-toc-section\" id=\"Testimonios_de_clientes_de_RAJAPACK_de_Polonia\"><\/span>Testimonios de clientes de RAJAPACK de Polonia<span class=\"ez-toc-section-end\"><\/span><\/h3>\n\n\n\n<h4 class=\"wp-block-heading\"><span class=\"ez-toc-section\" id=\"Urszula_Osmialowska_%E2%80%93_Fundadora_de_Ministerstwo_Dobrego_Mydla\"><\/span><strong><em>Urszul\u0105 O\u015bmia\u0142owsk\u0105 \u2013 Fundadora de Ministerstwo Dobrego Mydla<\/em><\/strong><span class=\"ez-toc-section-end\"><\/span><\/h4>\n\n\n\n<p>\u201cDebido a la especificidad de nuestros productos, su embalaje es muy importante. El env\u00edo debe llegar intacto al cliente. <strong>Muchas veces el embalaje es el \u00fanico punto de contacto f\u00edsico que se da entre nuestra marca y el consumidor<\/strong>\u201d.<\/p>\n\n\n\n<center><iframe loading=\"lazy\" width=\"560\" height=\"315\" src=\"https:\/\/www.youtube.com\/embed\/6nEhMczFdaw?si=1K5CpzNqEfjXuGJv\" title=\"YouTube video player\" frameborder=\"0\" allow=\"accelerometer; autoplay; clipboard-write; encrypted-media; gyroscope; picture-in-picture; web-share\" referrerpolicy=\"strict-origin-when-cross-origin\" allowfullscreen><\/iframe><\/center>\n\n\n\n<h3 class=\"wp-block-heading\"><span class=\"ez-toc-section\" id=\"Testimonios_de_clientes_de_RAJAPACK_de_Reino_Unido\"><\/span>Testimonios de clientes de RAJAPACK de Reino Unido<span class=\"ez-toc-section-end\"><\/span><\/h3>\n\n\n\n<h4 class=\"wp-block-heading\"><span class=\"ez-toc-section\" id=\"Justina_Valentonyte_%E2%80%93_Cofundadora_de_Valentte\"><\/span><strong><em>Justina Valentonyte \u2013 Cofundadora de Valentte<\/em><\/strong><span class=\"ez-toc-section-end\"><\/span><\/h4>\n\n\n\n<p>\u201cSi alguna vez tenemos ideas, problemas o dudas, nuestra asesora personal de RAJAPACK siempre est\u00e1 disponible para abordarlas. <strong>En este tiempo se nos han ocurrido iniciativas en las que probablemente nunca hubi\u00e9ramos pensado si no fuera por sus consejos sobre embalaje.<\/strong> As\u00ed que trabajamos juntos como un equipo, incorporando nuevas ideas, pero manteniendo la misma imagen de marca\u201d.<\/p>\n\n\n\n<center><iframe loading=\"lazy\" width=\"560\" height=\"315\" src=\"https:\/\/www.youtube.com\/embed\/MiIP3KBn2IQ?si=TUABa-WoeorpCYS2\" title=\"YouTube video player\" frameborder=\"0\" allow=\"accelerometer; autoplay; clipboard-write; encrypted-media; gyroscope; picture-in-picture; web-share\" referrerpolicy=\"strict-origin-when-cross-origin\" allowfullscreen><\/iframe><\/center>\n\n\n\n<p>Como has podido comprobar por estos testimonios, la confianza es el pilar fundamental en nuestra relaci\u00f3n con los clientes. Si t\u00fa tambi\u00e9n quieres formar parte de nuestra familia, no dudes en ponerte en contacto con nosotros. <strong>Porque RAJAPACK no solo somos un proveedor, somos un compa\u00f1ero.<\/strong> \u00a1Brindamos por otros 70 a\u00f1os m\u00e1s juntos!<br><\/p>\n","protected":false},"excerpt":{"rendered":"<p>\u00a1En RAJAPACK estamos de aniversario! Se cumplen 70 a\u00f1os desde nuestro origen y queremos celebrar esta fecha tan especial acompa\u00f1ados de nuestros amigos de toda Europa. Aqu\u00ed puedes conocer de [&#8230;]<\/p>\n","protected":false},"author":31,"featured_media":16800,"comment_status":"open","ping_status":"open","sticky":false,"template":"","format":"standard","meta":{"_acf_changed":false,"footnotes":""},"categories":[6],"tags":[163],"class_list":["post-16799","post","type-post","status-publish","format-standard","has-post-thumbnail","hentry","category-noticias","tag-grupo-raja"],"acf":[],"yoast_head":"\n<title>70 a\u00f1os de embalajes en Europa | RAJAPACK<\/title>\n<meta name=\"description\" content=\"RAJAPACK cumple 70 a\u00f1os de historia y queremos celebrarlo escuchando los testimonios de nuestros clientes de confianza de toda Europa.\" \/>\n<meta name=\"robots\" content=\"index, follow, max-snippet:-1, max-image-preview:large, max-video-preview:-1\" \/>\n<link rel=\"canonical\" href=\"https:\/\/www.rajapack.es\/blog-es\/70-anos-clientes-confiando-embalajes-raja\" \/>\n<meta property=\"og:locale\" content=\"es_ES\" \/>\n<meta property=\"og:type\" content=\"article\" \/>\n<meta property=\"og:title\" content=\"70 a\u00f1os de embalajes en Europa | RAJAPACK\" \/>\n<meta property=\"og:description\" content=\"RAJAPACK cumple 70 a\u00f1os de historia y queremos celebrarlo escuchando los testimonios de nuestros clientes de confianza de toda Europa.\" \/>\n<meta property=\"og:url\" content=\"https:\/\/www.rajapack.es\/blog-es\/70-anos-clientes-confiando-embalajes-raja\" \/>\n<meta property=\"og:site_name\" content=\"RAJAPACK Blog | Consejos de embalaje, log\u00edstica y m\u00e1s\" \/>\n<meta property=\"article:publisher\" content=\"https:\/\/www.facebook.com\/Rajapack.es\" \/>\n<meta property=\"article:published_time\" content=\"2024-10-29T09:39:12+00:00\" \/>\n<meta property=\"article:modified_time\" content=\"2025-09-02T11:37:57+00:00\" \/>\n<meta property=\"og:image\" content=\"https:\/\/www.rajapack.es\/blog-es\/wp-content\/uploads\/2024\/10\/70-anos-Raja.jpg\" \/>\n\t<meta property=\"og:image:width\" content=\"990\" \/>\n\t<meta property=\"og:image:height\" content=\"500\" \/>\n\t<meta property=\"og:image:type\" content=\"image\/jpeg\" \/>\n<meta name=\"author\" content=\"Beatriz GONZALES\" \/>\n<meta name=\"twitter:card\" content=\"summary_large_image\" \/>\n<meta name=\"twitter:creator\" content=\"@RajapackES\" \/>\n<meta name=\"twitter:site\" content=\"@RajapackES\" \/>\n<meta name=\"twitter:label1\" content=\"Escrito por\" \/>\n\t<meta name=\"twitter:data1\" content=\"Beatriz GONZALES\" \/>\n\t<meta name=\"twitter:label2\" content=\"Tiempo de lectura\" \/>\n\t<meta name=\"twitter:data2\" content=\"7 minutos\" \/>\n<script type=\"application\/ld+json\" class=\"yoast-schema-graph\">{\n\t    \"@context\": \"https:\/\/schema.org\",\n\t    \"@graph\": [\n\t        {\n\t            \"@type\": \"Article\",\n\t            \"@id\": \"https:\/\/www.rajapack.es\/blog-es\/70-anos-clientes-confiando-embalajes-raja#article\",\n\t            \"isPartOf\": {\n\t                \"@id\": \"https:\/\/www.rajapack.es\/blog-es\/70-anos-clientes-confiando-embalajes-raja\"\n\t            },\n\t            \"author\": {\n\t                \"name\": \"Beatriz GONZALES\",\n\t                \"@id\": \"https:\/\/www.rajapack.es\/blog-es\/#\/schema\/person\/9fac94e7fcd0aa6d015f7202bd4e2b0f\"\n\t            },\n\t            \"headline\": \"70 a\u00f1os confiando en RAJAPACK desde toda Europa\",\n\t            \"datePublished\": \"2024-10-29T09:39:12+00:00\",\n\t            \"dateModified\": \"2025-09-02T11:37:57+00:00\",\n\t            \"mainEntityOfPage\": {\n\t                \"@id\": \"https:\/\/www.rajapack.es\/blog-es\/70-anos-clientes-confiando-embalajes-raja\"\n\t            },\n\t            \"wordCount\": 1360,\n\t            \"commentCount\": 0,\n\t            \"publisher\": {\n\t                \"@id\": \"https:\/\/www.rajapack.es\/blog-es\/#organization\"\n\t            },\n\t            \"image\": {\n\t                \"@id\": \"https:\/\/www.rajapack.es\/blog-es\/70-anos-clientes-confiando-embalajes-raja#primaryimage\"\n\t            },\n\t            \"thumbnailUrl\": \"https:\/\/www.rajapack.es\/blog-es\/wp-content\/uploads\/2024\/10\/70-anos-Raja.jpg\",\n\t            \"keywords\": [\n\t                \"Grupo Raja\"\n\t            ],\n\t            \"articleSection\": [\n\t                \"Noticias y eventos\"\n\t            ],\n\t            \"inLanguage\": \"es\",\n\t            \"potentialAction\": [\n\t                {\n\t                    \"@type\": \"CommentAction\",\n\t                    \"name\": \"Comment\",\n\t                    \"target\": [\n\t                        \"https:\/\/www.rajapack.es\/blog-es\/70-anos-clientes-confiando-embalajes-raja#respond\"\n\t                    ]\n\t                }\n\t            ]\n\t        },\n\t        {\n\t            \"@type\": \"WebPage\",\n\t            \"@id\": \"https:\/\/www.rajapack.es\/blog-es\/70-anos-clientes-confiando-embalajes-raja\",\n\t            \"url\": \"https:\/\/www.rajapack.es\/blog-es\/70-anos-clientes-confiando-embalajes-raja\",\n\t            \"name\": \"70 a\u00f1os de embalajes en Europa | RAJAPACK\",\n\t            \"isPartOf\": {\n\t                \"@id\": \"https:\/\/www.rajapack.es\/blog-es\/#website\"\n\t            },\n\t            \"primaryImageOfPage\": {\n\t                \"@id\": \"https:\/\/www.rajapack.es\/blog-es\/70-anos-clientes-confiando-embalajes-raja#primaryimage\"\n\t            },\n\t            \"image\": {\n\t                \"@id\": \"https:\/\/www.rajapack.es\/blog-es\/70-anos-clientes-confiando-embalajes-raja#primaryimage\"\n\t            },\n\t            \"thumbnailUrl\": \"https:\/\/www.rajapack.es\/blog-es\/wp-content\/uploads\/2024\/10\/70-anos-Raja.jpg\",\n\t            \"datePublished\": \"2024-10-29T09:39:12+00:00\",\n\t            \"dateModified\": \"2025-09-02T11:37:57+00:00\",\n\t            \"description\": \"RAJAPACK cumple 70 a\u00f1os de historia y queremos celebrarlo escuchando los testimonios de nuestros clientes de confianza de toda Europa.\",\n\t            \"inLanguage\": \"es\",\n\t            \"potentialAction\": [\n\t                {\n\t                    \"@type\": \"ReadAction\",\n\t                    \"target\": [\n\t                        \"https:\/\/www.rajapack.es\/blog-es\/70-anos-clientes-confiando-embalajes-raja\"\n\t                    ]\n\t                }\n\t            ]\n\t        },\n\t        {\n\t            \"@type\": \"ImageObject\",\n\t            \"inLanguage\": \"es\",\n\t            \"@id\": \"https:\/\/www.rajapack.es\/blog-es\/70-anos-clientes-confiando-embalajes-raja#primaryimage\",\n\t            \"url\": \"https:\/\/www.rajapack.es\/blog-es\/wp-content\/uploads\/2024\/10\/70-anos-Raja.jpg\",\n\t            \"contentUrl\": \"https:\/\/www.rajapack.es\/blog-es\/wp-content\/uploads\/2024\/10\/70-anos-Raja.jpg\",\n\t            \"width\": 990,\n\t            \"height\": 500,\n\t            \"caption\": \"70 a\u00f1os confiando en los embalajes de RAJAPACK desde toda Europa\"\n\t        },\n\t        {\n\t            \"@type\": \"WebSite\",\n\t            \"@id\": \"https:\/\/www.rajapack.es\/blog-es\/#website\",\n\t            \"url\": \"https:\/\/www.rajapack.es\/blog-es\/\",\n\t            \"name\": \"RAJAPACK Blog | Consejos de embalaje, log\u00edstica y m\u00e1s\",\n\t            \"description\": \"Consejos de embalaje, logistica y m\u00e1s\",\n\t            \"publisher\": {\n\t                \"@id\": \"https:\/\/www.rajapack.es\/blog-es\/#organization\"\n\t            },\n\t            \"potentialAction\": [\n\t                {\n\t                    \"@type\": \"SearchAction\",\n\t                    \"target\": {\n\t                        \"@type\": \"EntryPoint\",\n\t                        \"urlTemplate\": \"https:\/\/www.rajapack.es\/blog-es\/?s={search_term_string}\"\n\t                    },\n\t                    \"query-input\": {\n\t                        \"@type\": \"PropertyValueSpecification\",\n\t                        \"valueRequired\": true,\n\t                        \"valueName\": \"search_term_string\"\n\t                    }\n\t                }\n\t            ],\n\t            \"inLanguage\": \"es\"\n\t        },\n\t        {\n\t            \"@type\": \"Organization\",\n\t            \"@id\": \"https:\/\/www.rajapack.es\/blog-es\/#organization\",\n\t            \"name\": \"RAJA ES\",\n\t            \"url\": \"https:\/\/www.rajapack.es\/blog-es\/\",\n\t            \"logo\": {\n\t                \"@type\": \"ImageObject\",\n\t                \"inLanguage\": \"es\",\n\t                \"@id\": \"https:\/\/www.rajapack.es\/blog-es\/#\/schema\/logo\/image\/\",\n\t                \"url\": \"https:\/\/www.rajapack.es\/blog-es\/wp-content\/uploads\/2021\/10\/logo-mobile@3x.png\",\n\t                \"contentUrl\": \"https:\/\/www.rajapack.es\/blog-es\/wp-content\/uploads\/2021\/10\/logo-mobile@3x.png\",\n\t                \"width\": 534,\n\t                \"height\": 114,\n\t                \"caption\": \"RAJA ES\"\n\t            },\n\t            \"image\": {\n\t                \"@id\": \"https:\/\/www.rajapack.es\/blog-es\/#\/schema\/logo\/image\/\"\n\t            },\n\t            \"sameAs\": [\n\t                \"https:\/\/www.facebook.com\/Rajapack.es\",\n\t                \"https:\/\/x.com\/RajapackES\",\n\t                \"https:\/\/www.linkedin.com\/company\/rajapack-spain\/\",\n\t                \"https:\/\/www.youtube.com\/user\/RajapackES\"\n\t            ]\n\t        },\n\t        {\n\t            \"@type\": \"Person\",\n\t            \"@id\": \"https:\/\/www.rajapack.es\/blog-es\/#\/schema\/person\/9fac94e7fcd0aa6d015f7202bd4e2b0f\",\n\t            \"name\": \"Beatriz GONZALES\",\n\t            \"image\": {\n\t                \"@type\": \"ImageObject\",\n\t                \"inLanguage\": \"es\",\n\t                \"@id\": \"https:\/\/www.rajapack.es\/blog-es\/#\/schema\/person\/image\/\",\n\t                \"url\": \"https:\/\/secure.gravatar.com\/avatar\/8d60a8c60719946f0508b6546da3680b?s=96&d=mm&r=g\",\n\t                \"contentUrl\": \"https:\/\/secure.gravatar.com\/avatar\/8d60a8c60719946f0508b6546da3680b?s=96&d=mm&r=g\",\n\t                \"caption\": \"Beatriz GONZALES\"\n\t            },\n\t            \"description\": \"User Wordpress\",\n\t            \"url\": \"https:\/\/www.rajapack.es\/blog-es\/author\/beatriz-gonzales\"\n\t        }\n\t    ]\n\t}<\/script>\n","yoast_head_json":{"title":"70 a\u00f1os de embalajes en Europa | RAJAPACK","description":"RAJAPACK cumple 70 a\u00f1os de historia y queremos celebrarlo escuchando los testimonios de nuestros clientes de confianza de toda Europa.","robots":{"index":"index","follow":"follow","max-snippet":"max-snippet:-1","max-image-preview":"max-image-preview:large","max-video-preview":"max-video-preview:-1"},"canonical":"https:\/\/www.rajapack.es\/blog-es\/70-anos-clientes-confiando-embalajes-raja","og_locale":"es_ES","og_type":"article","og_title":"70 a\u00f1os de embalajes en Europa | RAJAPACK","og_description":"RAJAPACK cumple 70 a\u00f1os de historia y queremos celebrarlo escuchando los testimonios de nuestros clientes de confianza de toda Europa.","og_url":"https:\/\/www.rajapack.es\/blog-es\/70-anos-clientes-confiando-embalajes-raja","og_site_name":"RAJAPACK Blog | Consejos de embalaje, log\u00edstica y m\u00e1s","article_publisher":"https:\/\/www.facebook.com\/Rajapack.es","article_published_time":"2024-10-29T09:39:12+00:00","article_modified_time":"2025-09-02T11:37:57+00:00","og_image":[{"width":990,"height":500,"url":"https:\/\/www.rajapack.es\/blog-es\/wp-content\/uploads\/2024\/10\/70-anos-Raja.jpg","type":"image\/jpeg"}],"author":"Beatriz GONZALES","twitter_card":"summary_large_image","twitter_creator":"@RajapackES","twitter_site":"@RajapackES","twitter_misc":{"Escrito por":"Beatriz GONZALES","Tiempo de lectura":"7 minutos"},"schema":{"@context":"https:\/\/schema.org","@graph":[{"@type":"Article","@id":"https:\/\/www.rajapack.es\/blog-es\/70-anos-clientes-confiando-embalajes-raja#article","isPartOf":{"@id":"https:\/\/www.rajapack.es\/blog-es\/70-anos-clientes-confiando-embalajes-raja"},"author":{"name":"Beatriz GONZALES","@id":"https:\/\/www.rajapack.es\/blog-es\/#\/schema\/person\/9fac94e7fcd0aa6d015f7202bd4e2b0f"},"headline":"70 a\u00f1os confiando en RAJAPACK desde toda Europa","datePublished":"2024-10-29T09:39:12+00:00","dateModified":"2025-09-02T11:37:57+00:00","mainEntityOfPage":{"@id":"https:\/\/www.rajapack.es\/blog-es\/70-anos-clientes-confiando-embalajes-raja"},"wordCount":1360,"commentCount":0,"publisher":{"@id":"https:\/\/www.rajapack.es\/blog-es\/#organization"},"image":{"@id":"https:\/\/www.rajapack.es\/blog-es\/70-anos-clientes-confiando-embalajes-raja#primaryimage"},"thumbnailUrl":"https:\/\/www.rajapack.es\/blog-es\/wp-content\/uploads\/2024\/10\/70-anos-Raja.jpg","keywords":["Grupo Raja"],"articleSection":["Noticias y eventos"],"inLanguage":"es","potentialAction":[{"@type":"CommentAction","name":"Comment","target":["https:\/\/www.rajapack.es\/blog-es\/70-anos-clientes-confiando-embalajes-raja#respond"]}]},{"@type":"WebPage","@id":"https:\/\/www.rajapack.es\/blog-es\/70-anos-clientes-confiando-embalajes-raja","url":"https:\/\/www.rajapack.es\/blog-es\/70-anos-clientes-confiando-embalajes-raja","name":"70 a\u00f1os de embalajes en Europa | RAJAPACK","isPartOf":{"@id":"https:\/\/www.rajapack.es\/blog-es\/#website"},"primaryImageOfPage":{"@id":"https:\/\/www.rajapack.es\/blog-es\/70-anos-clientes-confiando-embalajes-raja#primaryimage"},"image":{"@id":"https:\/\/www.rajapack.es\/blog-es\/70-anos-clientes-confiando-embalajes-raja#primaryimage"},"thumbnailUrl":"https:\/\/www.rajapack.es\/blog-es\/wp-content\/uploads\/2024\/10\/70-anos-Raja.jpg","datePublished":"2024-10-29T09:39:12+00:00","dateModified":"2025-09-02T11:37:57+00:00","description":"RAJAPACK cumple 70 a\u00f1os de historia y queremos celebrarlo escuchando los testimonios de nuestros clientes de confianza de toda Europa.","inLanguage":"es","potentialAction":[{"@type":"ReadAction","target":["https:\/\/www.rajapack.es\/blog-es\/70-anos-clientes-confiando-embalajes-raja"]}]},{"@type":"ImageObject","inLanguage":"es","@id":"https:\/\/www.rajapack.es\/blog-es\/70-anos-clientes-confiando-embalajes-raja#primaryimage","url":"https:\/\/www.rajapack.es\/blog-es\/wp-content\/uploads\/2024\/10\/70-anos-Raja.jpg","contentUrl":"https:\/\/www.rajapack.es\/blog-es\/wp-content\/uploads\/2024\/10\/70-anos-Raja.jpg","width":990,"height":500,"caption":"70 a\u00f1os confiando en los embalajes de RAJAPACK desde toda Europa"},{"@type":"WebSite","@id":"https:\/\/www.rajapack.es\/blog-es\/#website","url":"https:\/\/www.rajapack.es\/blog-es\/","name":"RAJAPACK Blog | Consejos de embalaje, log\u00edstica y m\u00e1s","description":"Consejos de embalaje, logistica y m\u00e1s","publisher":{"@id":"https:\/\/www.rajapack.es\/blog-es\/#organization"},"potentialAction":[{"@type":"SearchAction","target":{"@type":"EntryPoint","urlTemplate":"https:\/\/www.rajapack.es\/blog-es\/?s={search_term_string}"},"query-input":{"@type":"PropertyValueSpecification","valueRequired":true,"valueName":"search_term_string"}}],"inLanguage":"es"},{"@type":"Organization","@id":"https:\/\/www.rajapack.es\/blog-es\/#organization","name":"RAJA ES","url":"https:\/\/www.rajapack.es\/blog-es\/","logo":{"@type":"ImageObject","inLanguage":"es","@id":"https:\/\/www.rajapack.es\/blog-es\/#\/schema\/logo\/image\/","url":"https:\/\/www.rajapack.es\/blog-es\/wp-content\/uploads\/2021\/10\/logo-mobile@3x.png","contentUrl":"https:\/\/www.rajapack.es\/blog-es\/wp-content\/uploads\/2021\/10\/logo-mobile@3x.png","width":534,"height":114,"caption":"RAJA ES"},"image":{"@id":"https:\/\/www.rajapack.es\/blog-es\/#\/schema\/logo\/image\/"},"sameAs":["https:\/\/www.facebook.com\/Rajapack.es","https:\/\/x.com\/RajapackES","https:\/\/www.linkedin.com\/company\/rajapack-spain\/","https:\/\/www.youtube.com\/user\/RajapackES"]},{"@type":"Person","@id":"https:\/\/www.rajapack.es\/blog-es\/#\/schema\/person\/9fac94e7fcd0aa6d015f7202bd4e2b0f","name":"Beatriz GONZALES","image":{"@type":"ImageObject","inLanguage":"es","@id":"https:\/\/www.rajapack.es\/blog-es\/#\/schema\/person\/image\/","url":"https:\/\/secure.gravatar.com\/avatar\/8d60a8c60719946f0508b6546da3680b?s=96&d=mm&r=g","contentUrl":"https:\/\/secure.gravatar.com\/avatar\/8d60a8c60719946f0508b6546da3680b?s=96&d=mm&r=g","caption":"Beatriz GONZALES"},"description":"User Wordpress","url":"https:\/\/www.rajapack.es\/blog-es\/author\/beatriz-gonzales"}]}},"_links":{"self":[{"href":"https:\/\/www.rajapack.es\/blog-es\/wp-json\/wp\/v2\/posts\/16799"}],"collection":[{"href":"https:\/\/www.rajapack.es\/blog-es\/wp-json\/wp\/v2\/posts"}],"about":[{"href":"https:\/\/www.rajapack.es\/blog-es\/wp-json\/wp\/v2\/types\/post"}],"author":[{"embeddable":true,"href":"https:\/\/www.rajapack.es\/blog-es\/wp-json\/wp\/v2\/users\/31"}],"replies":[{"embeddable":true,"href":"https:\/\/www.rajapack.es\/blog-es\/wp-json\/wp\/v2\/comments?post=16799"}],"version-history":[{"count":1,"href":"https:\/\/www.rajapack.es\/blog-es\/wp-json\/wp\/v2\/posts\/16799\/revisions"}],"predecessor-version":[{"id":17663,"href":"https:\/\/www.rajapack.es\/blog-es\/wp-json\/wp\/v2\/posts\/16799\/revisions\/17663"}],"wp:featuredmedia":[{"embeddable":true,"href":"https:\/\/www.rajapack.es\/blog-es\/wp-json\/wp\/v2\/media\/16800"}],"wp:attachment":[{"href":"https:\/\/www.rajapack.es\/blog-es\/wp-json\/wp\/v2\/media?parent=16799"}],"wp:term":[{"taxonomy":"category","embeddable":true,"href":"https:\/\/www.rajapack.es\/blog-es\/wp-json\/wp\/v2\/categories?post=16799"},{"taxonomy":"post_tag","embeddable":true,"href":"https:\/\/www.rajapack.es\/blog-es\/wp-json\/wp\/v2\/tags?post=16799"}],"curies":[{"name":"wp","href":"https:\/\/api.w.org\/{rel}","templated":true}]}}