{"id":1871,"date":"2014-12-01T09:32:55","date_gmt":"2014-12-01T07:32:55","guid":{"rendered":"https:\/\/blog-staging-es.raja-group.com\/?p=1871"},"modified":"2022-03-29T11:58:22","modified_gmt":"2022-03-29T09:58:22","slug":"en-rajapack-apostamos-por-la-ecologia","status":"publish","type":"post","link":"https:\/\/www.rajapack.es\/blog-es\/en-rajapack-apostamos-por-la-ecologia","title":{"rendered":"En Rajapack apostamos por la ecolog\u00eda"},"content":{"rendered":"<p>Este pasado 22 de Noviembre estuvimos en la <strong>Feria de Muestras de Veh\u00edculos El\u00e9ctricos de Santa Perpetua de la Mogoda<\/strong> participando de la <strong>promoci\u00f3n ecol\u00f3gica del transporte<\/strong> y apoyando a la ciudad donde reside nuestra central\u00a0 y almac\u00e9n.<\/p>\n<p>El <strong>compromiso por la ecolog\u00eda<\/strong> se hace cada vez m\u00e1s patente en los diferentes sectores de la sociedad y la administraci\u00f3n p\u00fablica sabe de la <strong>importancia de cuidar el medioambiente<\/strong> con iniciativas locales. Por tal motivo, el consorcio local, con la colaboraci\u00f3n de los municipios de la Riera de Caldes y el CREVE (Centre de Recursos de Vehicles El\u00e8ctrics), que aprovechaba este evento para celebrar su primer a\u00f1o, ha apostado por esta iniciativa con la intenci\u00f3n de <strong>ofrecer alternativas al transporte tradicional <\/strong>que ocasiona mayor contaminaci\u00f3n ambiental.<\/p>\n<p>Por nuestra parte, <strong>en Rajapack<\/strong>, <strong>nos sentimos orgullosos de poder haber colaborado con nuestros vecinos ofreciendo nuestro apoyo y material<\/strong> para la realizaci\u00f3n de un acto a favor del medio ambiente, causa en la cual estamos muy implicados. Como pod\u00e9is ver en las im\u00e1genes, nuestras <a title=\"Cajas de cart\u00f3n-Rajapack\" href=\"https:\/\/www.rajapack.es\/cajas-carton-contenedores-cajas-postales_C10.html\" target=\"_blank\" rel=\"noopener noreferrer\">cajas de cart\u00f3n<\/a> sirvieron para delimitar el espacio del evento.<\/p>\n<div id='gallery-1' class='gallery galleryid-1871 gallery-columns-5 gallery-size-thumbnail'><figure class='gallery-item'>\n\t\t\t<div class='gallery-icon landscape'>\n\t\t\t\t<a href='https:\/\/www.rajapack.es\/blog-es\/wp-content\/uploads\/2014\/11\/Vehicle-electric-1-2.jpg'><img loading=\"lazy\" decoding=\"async\" width=\"150\" height=\"150\" src=\"https:\/\/www.rajapack.es\/blog-es\/wp-content\/uploads\/2014\/11\/Vehicle-electric-1-2-150x150.jpg\" class=\"attachment-thumbnail size-thumbnail\" alt=\"\" srcset=\"https:\/\/www.rajapack.es\/blog-es\/wp-content\/uploads\/2014\/11\/Vehicle-electric-1-2-150x150.jpg 150w, https:\/\/www.rajapack.es\/blog-es\/wp-content\/uploads\/2014\/11\/Vehicle-electric-1-2-120x120.jpg 120w, https:\/\/www.rajapack.es\/blog-es\/wp-content\/uploads\/2014\/11\/Vehicle-electric-1-2-100x100.jpg 100w\" sizes=\"(max-width: 150px) 100vw, 150px\" \/><\/a>\n\t\t\t<\/div><\/figure><figure class='gallery-item'>\n\t\t\t<div class='gallery-icon landscape'>\n\t\t\t\t<a href='https:\/\/www.rajapack.es\/blog-es\/wp-content\/uploads\/2014\/11\/Vehicle-electric-2-2.jpg'><img loading=\"lazy\" decoding=\"async\" width=\"150\" height=\"150\" src=\"https:\/\/www.rajapack.es\/blog-es\/wp-content\/uploads\/2014\/11\/Vehicle-electric-2-2-150x150.jpg\" class=\"attachment-thumbnail size-thumbnail\" alt=\"\" srcset=\"https:\/\/www.rajapack.es\/blog-es\/wp-content\/uploads\/2014\/11\/Vehicle-electric-2-2-150x150.jpg 150w, https:\/\/www.rajapack.es\/blog-es\/wp-content\/uploads\/2014\/11\/Vehicle-electric-2-2-120x120.jpg 120w, https:\/\/www.rajapack.es\/blog-es\/wp-content\/uploads\/2014\/11\/Vehicle-electric-2-2-100x100.jpg 100w\" sizes=\"(max-width: 150px) 100vw, 150px\" \/><\/a>\n\t\t\t<\/div><\/figure><figure class='gallery-item'>\n\t\t\t<div class='gallery-icon landscape'>\n\t\t\t\t<a href='https:\/\/www.rajapack.es\/blog-es\/wp-content\/uploads\/2014\/11\/Vehicle-electric-5-2.jpg'><img loading=\"lazy\" decoding=\"async\" width=\"150\" height=\"150\" src=\"https:\/\/www.rajapack.es\/blog-es\/wp-content\/uploads\/2014\/11\/Vehicle-electric-5-2-150x150.jpg\" class=\"attachment-thumbnail size-thumbnail\" alt=\"\" srcset=\"https:\/\/www.rajapack.es\/blog-es\/wp-content\/uploads\/2014\/11\/Vehicle-electric-5-2-150x150.jpg 150w, https:\/\/www.rajapack.es\/blog-es\/wp-content\/uploads\/2014\/11\/Vehicle-electric-5-2-120x120.jpg 120w, https:\/\/www.rajapack.es\/blog-es\/wp-content\/uploads\/2014\/11\/Vehicle-electric-5-2-100x100.jpg 100w\" sizes=\"(max-width: 150px) 100vw, 150px\" \/><\/a>\n\t\t\t<\/div><\/figure><figure class='gallery-item'>\n\t\t\t<div class='gallery-icon landscape'>\n\t\t\t\t<a href='https:\/\/www.rajapack.es\/blog-es\/wp-content\/uploads\/2014\/11\/Vehicle-electric-61-2.jpg'><img loading=\"lazy\" decoding=\"async\" width=\"150\" height=\"150\" src=\"https:\/\/www.rajapack.es\/blog-es\/wp-content\/uploads\/2014\/11\/Vehicle-electric-61-2-150x150.jpg\" class=\"attachment-thumbnail size-thumbnail\" alt=\"\" srcset=\"https:\/\/www.rajapack.es\/blog-es\/wp-content\/uploads\/2014\/11\/Vehicle-electric-61-2-150x150.jpg 150w, https:\/\/www.rajapack.es\/blog-es\/wp-content\/uploads\/2014\/11\/Vehicle-electric-61-2-120x120.jpg 120w, https:\/\/www.rajapack.es\/blog-es\/wp-content\/uploads\/2014\/11\/Vehicle-electric-61-2-100x100.jpg 100w\" sizes=\"(max-width: 150px) 100vw, 150px\" \/><\/a>\n\t\t\t<\/div><\/figure><figure class='gallery-item'>\n\t\t\t<div class='gallery-icon landscape'>\n\t\t\t\t<a href='https:\/\/www.rajapack.es\/blog-es\/wp-content\/uploads\/2014\/11\/Vehicle-electric-7-2.jpg'><img loading=\"lazy\" decoding=\"async\" width=\"150\" height=\"150\" src=\"https:\/\/www.rajapack.es\/blog-es\/wp-content\/uploads\/2014\/11\/Vehicle-electric-7-2-150x150.jpg\" class=\"attachment-thumbnail size-thumbnail\" alt=\"\" srcset=\"https:\/\/www.rajapack.es\/blog-es\/wp-content\/uploads\/2014\/11\/Vehicle-electric-7-2-150x150.jpg 150w, https:\/\/www.rajapack.es\/blog-es\/wp-content\/uploads\/2014\/11\/Vehicle-electric-7-2-120x120.jpg 120w, https:\/\/www.rajapack.es\/blog-es\/wp-content\/uploads\/2014\/11\/Vehicle-electric-7-2-100x100.jpg 100w\" sizes=\"(max-width: 150px) 100vw, 150px\" \/><\/a>\n\t\t\t<\/div><\/figure><figure class='gallery-item'>\n\t\t\t<div class='gallery-icon landscape'>\n\t\t\t\t<a href='https:\/\/www.rajapack.es\/blog-es\/wp-content\/uploads\/2014\/12\/Vehicle-electric-8-2.jpg'><img loading=\"lazy\" decoding=\"async\" width=\"150\" height=\"150\" src=\"https:\/\/www.rajapack.es\/blog-es\/wp-content\/uploads\/2014\/12\/Vehicle-electric-8-2-150x150.jpg\" class=\"attachment-thumbnail size-thumbnail\" alt=\"Vehicle electric 10\" srcset=\"https:\/\/www.rajapack.es\/blog-es\/wp-content\/uploads\/2014\/12\/Vehicle-electric-8-2-150x150.jpg 150w, https:\/\/www.rajapack.es\/blog-es\/wp-content\/uploads\/2014\/12\/Vehicle-electric-8-2-120x120.jpg 120w, https:\/\/www.rajapack.es\/blog-es\/wp-content\/uploads\/2014\/12\/Vehicle-electric-8-2-100x100.jpg 100w\" sizes=\"(max-width: 150px) 100vw, 150px\" \/><\/a>\n\t\t\t<\/div><\/figure><figure class='gallery-item'>\n\t\t\t<div class='gallery-icon landscape'>\n\t\t\t\t<a href='https:\/\/www.rajapack.es\/blog-es\/wp-content\/uploads\/2014\/12\/Vehicle-electric-9-2.jpg'><img loading=\"lazy\" decoding=\"async\" width=\"150\" height=\"150\" src=\"https:\/\/www.rajapack.es\/blog-es\/wp-content\/uploads\/2014\/12\/Vehicle-electric-9-2-150x150.jpg\" class=\"attachment-thumbnail size-thumbnail\" alt=\"Vehicle electric 10\" srcset=\"https:\/\/www.rajapack.es\/blog-es\/wp-content\/uploads\/2014\/12\/Vehicle-electric-9-2-150x150.jpg 150w, https:\/\/www.rajapack.es\/blog-es\/wp-content\/uploads\/2014\/12\/Vehicle-electric-9-2-120x120.jpg 120w, https:\/\/www.rajapack.es\/blog-es\/wp-content\/uploads\/2014\/12\/Vehicle-electric-9-2-100x100.jpg 100w\" sizes=\"(max-width: 150px) 100vw, 150px\" \/><\/a>\n\t\t\t<\/div><\/figure><figure class='gallery-item'>\n\t\t\t<div class='gallery-icon portrait'>\n\t\t\t\t<a href='https:\/\/www.rajapack.es\/blog-es\/wp-content\/uploads\/2014\/12\/Vehicle-electric-10-2.jpg'><img loading=\"lazy\" decoding=\"async\" width=\"150\" height=\"150\" src=\"https:\/\/www.rajapack.es\/blog-es\/wp-content\/uploads\/2014\/12\/Vehicle-electric-10-2-150x150.jpg\" class=\"attachment-thumbnail size-thumbnail\" alt=\"Vehicle electric 10\" srcset=\"https:\/\/www.rajapack.es\/blog-es\/wp-content\/uploads\/2014\/12\/Vehicle-electric-10-2-150x150.jpg 150w, https:\/\/www.rajapack.es\/blog-es\/wp-content\/uploads\/2014\/12\/Vehicle-electric-10-2-120x120.jpg 120w, https:\/\/www.rajapack.es\/blog-es\/wp-content\/uploads\/2014\/12\/Vehicle-electric-10-2-100x100.jpg 100w\" sizes=\"(max-width: 150px) 100vw, 150px\" \/><\/a>\n\t\t\t<\/div><\/figure>\n\t\t<\/div>\n\n<p><strong>Nuestro compromiso con el medio ambiente<\/strong> nos ha llevado a obtener, el pasado 13 de Septiembre de 2013, la <strong>certificaci\u00f3n CO2Zero<\/strong>, calculado a partir de las emisiones de C02 de acuerdo con la ISO 14064\u00a0y asumimos las condiciones y compromisos indicados en el protocolo CO2zero con criterios basados en la Directiva 2003\/87\/CE, y otros documentos institucionales, para convertirse en <strong>Empresa Certificada CO2zero<\/strong>.<\/p>\n<p>Si quer\u00e9is saber m\u00e1s sobre nuestras <strong>certificaciones medio ambientales y nuestro compromiso con la calidad<\/strong>, pod\u00e9is <a href=\"https:\/\/www.rajapack.es\/certificacion-calidad-medioambiente_cms_000022.html\" target=\"_blank\" rel=\"noopener noreferrer\">visitar nuestra p\u00e1gina<\/a><\/p>\n<p>Os aconsejamos tambi\u00e9n visitar nuestra <a href=\"https:\/\/www.rajapack.es\/embalaje-ecologico_cms_000041.html\" target=\"_blank\" rel=\"noopener noreferrer\">secci\u00f3n de productos ecol\u00f3gicos y respetuosos con el medio ambiente.<\/a><\/p>\n","protected":false},"excerpt":{"rendered":"<p>Este pasado 22 de Noviembre estuvimos en la Feria de Muestras de Veh\u00edculos El\u00e9ctricos de Santa Perpetua de la Mogoda participando de la promoci\u00f3n ecol\u00f3gica del transporte y apoyando a [&#8230;]<\/p>\n","protected":false},"author":11,"featured_media":1873,"comment_status":"open","ping_status":"open","sticky":false,"template":"","format":"standard","meta":{"_acf_changed":false,"footnotes":""},"categories":[6],"tags":[],"class_list":["post-1871","post","type-post","status-publish","format-standard","has-post-thumbnail","hentry","category-noticias"],"acf":[],"yoast_head":"\n<title>En Rajapack apostamos por la ecolog\u00eda RAJAPACK<\/title>\n<meta name=\"description\" content=\"En la Feria de Muestras de Veh\u00edculos El\u00e9ctricos de Santa Perpetua de la Mogoda participando de la promoci\u00f3n ecol\u00f3gica del transporte.\" \/>\n<meta name=\"robots\" content=\"index, follow, max-snippet:-1, max-image-preview:large, max-video-preview:-1\" \/>\n<link rel=\"canonical\" href=\"https:\/\/www.rajapack.es\/blog-es\/en-rajapack-apostamos-por-la-ecologia\" \/>\n<meta property=\"og:locale\" content=\"es_ES\" \/>\n<meta property=\"og:type\" content=\"article\" \/>\n<meta property=\"og:title\" content=\"En Rajapack apostamos por la ecolog\u00eda RAJAPACK\" \/>\n<meta property=\"og:description\" content=\"En la Feria de Muestras de Veh\u00edculos El\u00e9ctricos de Santa Perpetua de la Mogoda participando de la promoci\u00f3n ecol\u00f3gica del transporte.\" \/>\n<meta property=\"og:url\" content=\"https:\/\/www.rajapack.es\/blog-es\/en-rajapack-apostamos-por-la-ecologia\" \/>\n<meta property=\"og:site_name\" content=\"RAJAPACK Blog | Consejos de embalaje, log\u00edstica y m\u00e1s\" \/>\n<meta property=\"article:publisher\" content=\"https:\/\/www.facebook.com\/Rajapack.es\" \/>\n<meta property=\"article:published_time\" content=\"2014-12-01T07:32:55+00:00\" \/>\n<meta property=\"article:modified_time\" content=\"2022-03-29T09:58:22+00:00\" \/>\n<meta property=\"og:image\" content=\"https:\/\/www.rajapack.es\/blog-es\/wp-content\/uploads\/2014\/11\/Veh\u00edculos-electricos-e1417098246689-1.jpg\" \/>\n\t<meta property=\"og:image:width\" content=\"528\" \/>\n\t<meta property=\"og:image:height\" content=\"396\" \/>\n\t<meta property=\"og:image:type\" content=\"image\/jpeg\" \/>\n<meta name=\"author\" content=\"Rajapack\" \/>\n<meta name=\"twitter:card\" content=\"summary_large_image\" \/>\n<meta name=\"twitter:creator\" content=\"@RajapackES\" \/>\n<meta name=\"twitter:site\" content=\"@RajapackES\" \/>\n<meta name=\"twitter:label1\" content=\"Escrito por\" \/>\n\t<meta name=\"twitter:data1\" content=\"Rajapack\" \/>\n\t<meta name=\"twitter:label2\" content=\"Tiempo de lectura\" \/>\n\t<meta name=\"twitter:data2\" content=\"2 minutos\" \/>\n<script type=\"application\/ld+json\" class=\"yoast-schema-graph\">{\n\t    \"@context\": \"https:\/\/schema.org\",\n\t    \"@graph\": [\n\t        {\n\t            \"@type\": \"Article\",\n\t            \"@id\": \"https:\/\/www.rajapack.es\/blog-es\/en-rajapack-apostamos-por-la-ecologia#article\",\n\t            \"isPartOf\": {\n\t                \"@id\": \"https:\/\/www.rajapack.es\/blog-es\/en-rajapack-apostamos-por-la-ecologia\"\n\t            },\n\t            \"author\": {\n\t                \"name\": \"Rajapack\",\n\t                \"@id\": \"https:\/\/www.rajapack.es\/blog-es\/#\/schema\/person\/400c27752a59dd208888711c96f5fc9d\"\n\t            },\n\t            \"headline\": \"En Rajapack apostamos por la ecolog\u00eda\",\n\t            \"datePublished\": \"2014-12-01T07:32:55+00:00\",\n\t            \"dateModified\": \"2022-03-29T09:58:22+00:00\",\n\t            \"mainEntityOfPage\": {\n\t                \"@id\": \"https:\/\/www.rajapack.es\/blog-es\/en-rajapack-apostamos-por-la-ecologia\"\n\t            },\n\t            \"wordCount\": 314,\n\t            \"commentCount\": 0,\n\t            \"publisher\": {\n\t                \"@id\": \"https:\/\/www.rajapack.es\/blog-es\/#organization\"\n\t            },\n\t            \"image\": {\n\t                \"@id\": \"https:\/\/www.rajapack.es\/blog-es\/en-rajapack-apostamos-por-la-ecologia#primaryimage\"\n\t            },\n\t            \"thumbnailUrl\": \"https:\/\/www.rajapack.es\/blog-es\/wp-content\/uploads\/2014\/11\/Veh\u00edculos-electricos-e1417098246689-1.jpg\",\n\t            \"articleSection\": [\n\t                \"Noticias y eventos\"\n\t            ],\n\t            \"inLanguage\": \"es\",\n\t            \"potentialAction\": [\n\t                {\n\t                    \"@type\": \"CommentAction\",\n\t                    \"name\": \"Comment\",\n\t                    \"target\": [\n\t                        \"https:\/\/www.rajapack.es\/blog-es\/en-rajapack-apostamos-por-la-ecologia#respond\"\n\t                    ]\n\t                }\n\t            ]\n\t        },\n\t        {\n\t            \"@type\": \"WebPage\",\n\t            \"@id\": \"https:\/\/www.rajapack.es\/blog-es\/en-rajapack-apostamos-por-la-ecologia\",\n\t            \"url\": \"https:\/\/www.rajapack.es\/blog-es\/en-rajapack-apostamos-por-la-ecologia\",\n\t            \"name\": \"En Rajapack apostamos por la ecolog\u00eda RAJAPACK\",\n\t            \"isPartOf\": {\n\t                \"@id\": \"https:\/\/www.rajapack.es\/blog-es\/#website\"\n\t            },\n\t            \"primaryImageOfPage\": {\n\t                \"@id\": \"https:\/\/www.rajapack.es\/blog-es\/en-rajapack-apostamos-por-la-ecologia#primaryimage\"\n\t            },\n\t            \"image\": {\n\t                \"@id\": \"https:\/\/www.rajapack.es\/blog-es\/en-rajapack-apostamos-por-la-ecologia#primaryimage\"\n\t            },\n\t            \"thumbnailUrl\": \"https:\/\/www.rajapack.es\/blog-es\/wp-content\/uploads\/2014\/11\/Veh\u00edculos-electricos-e1417098246689-1.jpg\",\n\t            \"datePublished\": \"2014-12-01T07:32:55+00:00\",\n\t            \"dateModified\": \"2022-03-29T09:58:22+00:00\",\n\t            \"description\": \"En la Feria de Muestras de Veh\u00edculos El\u00e9ctricos de Santa Perpetua de la Mogoda participando de la promoci\u00f3n ecol\u00f3gica del transporte.\",\n\t            \"inLanguage\": \"es\",\n\t            \"potentialAction\": [\n\t                {\n\t                    \"@type\": \"ReadAction\",\n\t                    \"target\": [\n\t                        \"https:\/\/www.rajapack.es\/blog-es\/en-rajapack-apostamos-por-la-ecologia\"\n\t                    ]\n\t                }\n\t            ]\n\t        },\n\t        {\n\t            \"@type\": \"ImageObject\",\n\t            \"inLanguage\": \"es\",\n\t            \"@id\": \"https:\/\/www.rajapack.es\/blog-es\/en-rajapack-apostamos-por-la-ecologia#primaryimage\",\n\t            \"url\": \"https:\/\/www.rajapack.es\/blog-es\/wp-content\/uploads\/2014\/11\/Veh\u00edculos-electricos-e1417098246689-1.jpg\",\n\t            \"contentUrl\": \"https:\/\/www.rajapack.es\/blog-es\/wp-content\/uploads\/2014\/11\/Veh\u00edculos-electricos-e1417098246689-1.jpg\",\n\t            \"width\": 528,\n\t            \"height\": 396,\n\t            \"caption\": \"Veh\u00edculos electricos\"\n\t        },\n\t        {\n\t            \"@type\": \"WebSite\",\n\t            \"@id\": \"https:\/\/www.rajapack.es\/blog-es\/#website\",\n\t            \"url\": \"https:\/\/www.rajapack.es\/blog-es\/\",\n\t            \"name\": \"RAJAPACK Blog | Consejos de embalaje, log\u00edstica y m\u00e1s\",\n\t            \"description\": \"Consejos de embalaje, logistica y m\u00e1s\",\n\t            \"publisher\": {\n\t                \"@id\": \"https:\/\/www.rajapack.es\/blog-es\/#organization\"\n\t            },\n\t            \"potentialAction\": [\n\t                {\n\t                    \"@type\": \"SearchAction\",\n\t                    \"target\": {\n\t                        \"@type\": \"EntryPoint\",\n\t                        \"urlTemplate\": \"https:\/\/www.rajapack.es\/blog-es\/?s={search_term_string}\"\n\t                    },\n\t                    \"query-input\": {\n\t                        \"@type\": \"PropertyValueSpecification\",\n\t                        \"valueRequired\": true,\n\t                        \"valueName\": \"search_term_string\"\n\t                    }\n\t                }\n\t            ],\n\t            \"inLanguage\": \"es\"\n\t        },\n\t        {\n\t            \"@type\": \"Organization\",\n\t            \"@id\": \"https:\/\/www.rajapack.es\/blog-es\/#organization\",\n\t            \"name\": \"RAJA ES\",\n\t            \"url\": \"https:\/\/www.rajapack.es\/blog-es\/\",\n\t            \"logo\": {\n\t                \"@type\": \"ImageObject\",\n\t                \"inLanguage\": \"es\",\n\t                \"@id\": \"https:\/\/www.rajapack.es\/blog-es\/#\/schema\/logo\/image\/\",\n\t                \"url\": \"https:\/\/www.rajapack.es\/blog-es\/wp-content\/uploads\/2021\/10\/logo-mobile@3x.png\",\n\t                \"contentUrl\": \"https:\/\/www.rajapack.es\/blog-es\/wp-content\/uploads\/2021\/10\/logo-mobile@3x.png\",\n\t                \"width\": 534,\n\t                \"height\": 114,\n\t                \"caption\": \"RAJA ES\"\n\t            },\n\t            \"image\": {\n\t                \"@id\": \"https:\/\/www.rajapack.es\/blog-es\/#\/schema\/logo\/image\/\"\n\t            },\n\t            \"sameAs\": [\n\t                \"https:\/\/www.facebook.com\/Rajapack.es\",\n\t                \"https:\/\/x.com\/RajapackES\",\n\t                \"https:\/\/www.linkedin.com\/company\/rajapack-spain\/\",\n\t                \"https:\/\/www.youtube.com\/user\/RajapackES\"\n\t            ]\n\t        },\n\t        {\n\t            \"@type\": \"Person\",\n\t            \"@id\": \"https:\/\/www.rajapack.es\/blog-es\/#\/schema\/person\/400c27752a59dd208888711c96f5fc9d\",\n\t            \"name\": \"Rajapack\",\n\t            \"image\": {\n\t                \"@type\": \"ImageObject\",\n\t                \"inLanguage\": \"es\",\n\t                \"@id\": \"https:\/\/www.rajapack.es\/blog-es\/#\/schema\/person\/image\/\",\n\t                \"url\": \"https:\/\/secure.gravatar.com\/avatar\/38091fb406fcb37229e1256d26439fbc?s=96&d=mm&r=g\",\n\t                \"contentUrl\": \"https:\/\/secure.gravatar.com\/avatar\/38091fb406fcb37229e1256d26439fbc?s=96&d=mm&r=g\",\n\t                \"caption\": \"Rajapack\"\n\t            },\n\t            \"url\": \"https:\/\/www.rajapack.es\/blog-es\/author\/relevant_traffic\"\n\t        }\n\t    ]\n\t}<\/script>\n","yoast_head_json":{"title":"En Rajapack apostamos por la ecolog\u00eda RAJAPACK","description":"En la Feria de Muestras de Veh\u00edculos El\u00e9ctricos de Santa Perpetua de la Mogoda participando de la promoci\u00f3n ecol\u00f3gica del transporte.","robots":{"index":"index","follow":"follow","max-snippet":"max-snippet:-1","max-image-preview":"max-image-preview:large","max-video-preview":"max-video-preview:-1"},"canonical":"https:\/\/www.rajapack.es\/blog-es\/en-rajapack-apostamos-por-la-ecologia","og_locale":"es_ES","og_type":"article","og_title":"En Rajapack apostamos por la ecolog\u00eda RAJAPACK","og_description":"En la Feria de Muestras de Veh\u00edculos El\u00e9ctricos de Santa Perpetua de la Mogoda participando de la promoci\u00f3n ecol\u00f3gica del transporte.","og_url":"https:\/\/www.rajapack.es\/blog-es\/en-rajapack-apostamos-por-la-ecologia","og_site_name":"RAJAPACK Blog | Consejos de embalaje, log\u00edstica y m\u00e1s","article_publisher":"https:\/\/www.facebook.com\/Rajapack.es","article_published_time":"2014-12-01T07:32:55+00:00","article_modified_time":"2022-03-29T09:58:22+00:00","og_image":[{"width":528,"height":396,"url":"https:\/\/www.rajapack.es\/blog-es\/wp-content\/uploads\/2014\/11\/Veh\u00edculos-electricos-e1417098246689-1.jpg","type":"image\/jpeg"}],"author":"Rajapack","twitter_card":"summary_large_image","twitter_creator":"@RajapackES","twitter_site":"@RajapackES","twitter_misc":{"Escrito por":"Rajapack","Tiempo de lectura":"2 minutos"},"schema":{"@context":"https:\/\/schema.org","@graph":[{"@type":"Article","@id":"https:\/\/www.rajapack.es\/blog-es\/en-rajapack-apostamos-por-la-ecologia#article","isPartOf":{"@id":"https:\/\/www.rajapack.es\/blog-es\/en-rajapack-apostamos-por-la-ecologia"},"author":{"name":"Rajapack","@id":"https:\/\/www.rajapack.es\/blog-es\/#\/schema\/person\/400c27752a59dd208888711c96f5fc9d"},"headline":"En Rajapack apostamos por la ecolog\u00eda","datePublished":"2014-12-01T07:32:55+00:00","dateModified":"2022-03-29T09:58:22+00:00","mainEntityOfPage":{"@id":"https:\/\/www.rajapack.es\/blog-es\/en-rajapack-apostamos-por-la-ecologia"},"wordCount":314,"commentCount":0,"publisher":{"@id":"https:\/\/www.rajapack.es\/blog-es\/#organization"},"image":{"@id":"https:\/\/www.rajapack.es\/blog-es\/en-rajapack-apostamos-por-la-ecologia#primaryimage"},"thumbnailUrl":"https:\/\/www.rajapack.es\/blog-es\/wp-content\/uploads\/2014\/11\/Veh\u00edculos-electricos-e1417098246689-1.jpg","articleSection":["Noticias y eventos"],"inLanguage":"es","potentialAction":[{"@type":"CommentAction","name":"Comment","target":["https:\/\/www.rajapack.es\/blog-es\/en-rajapack-apostamos-por-la-ecologia#respond"]}]},{"@type":"WebPage","@id":"https:\/\/www.rajapack.es\/blog-es\/en-rajapack-apostamos-por-la-ecologia","url":"https:\/\/www.rajapack.es\/blog-es\/en-rajapack-apostamos-por-la-ecologia","name":"En Rajapack apostamos por la ecolog\u00eda RAJAPACK","isPartOf":{"@id":"https:\/\/www.rajapack.es\/blog-es\/#website"},"primaryImageOfPage":{"@id":"https:\/\/www.rajapack.es\/blog-es\/en-rajapack-apostamos-por-la-ecologia#primaryimage"},"image":{"@id":"https:\/\/www.rajapack.es\/blog-es\/en-rajapack-apostamos-por-la-ecologia#primaryimage"},"thumbnailUrl":"https:\/\/www.rajapack.es\/blog-es\/wp-content\/uploads\/2014\/11\/Veh\u00edculos-electricos-e1417098246689-1.jpg","datePublished":"2014-12-01T07:32:55+00:00","dateModified":"2022-03-29T09:58:22+00:00","description":"En la Feria de Muestras de Veh\u00edculos El\u00e9ctricos de Santa Perpetua de la Mogoda participando de la promoci\u00f3n ecol\u00f3gica del transporte.","inLanguage":"es","potentialAction":[{"@type":"ReadAction","target":["https:\/\/www.rajapack.es\/blog-es\/en-rajapack-apostamos-por-la-ecologia"]}]},{"@type":"ImageObject","inLanguage":"es","@id":"https:\/\/www.rajapack.es\/blog-es\/en-rajapack-apostamos-por-la-ecologia#primaryimage","url":"https:\/\/www.rajapack.es\/blog-es\/wp-content\/uploads\/2014\/11\/Veh\u00edculos-electricos-e1417098246689-1.jpg","contentUrl":"https:\/\/www.rajapack.es\/blog-es\/wp-content\/uploads\/2014\/11\/Veh\u00edculos-electricos-e1417098246689-1.jpg","width":528,"height":396,"caption":"Veh\u00edculos electricos"},{"@type":"WebSite","@id":"https:\/\/www.rajapack.es\/blog-es\/#website","url":"https:\/\/www.rajapack.es\/blog-es\/","name":"RAJAPACK Blog | Consejos de embalaje, log\u00edstica y m\u00e1s","description":"Consejos de embalaje, logistica y m\u00e1s","publisher":{"@id":"https:\/\/www.rajapack.es\/blog-es\/#organization"},"potentialAction":[{"@type":"SearchAction","target":{"@type":"EntryPoint","urlTemplate":"https:\/\/www.rajapack.es\/blog-es\/?s={search_term_string}"},"query-input":{"@type":"PropertyValueSpecification","valueRequired":true,"valueName":"search_term_string"}}],"inLanguage":"es"},{"@type":"Organization","@id":"https:\/\/www.rajapack.es\/blog-es\/#organization","name":"RAJA ES","url":"https:\/\/www.rajapack.es\/blog-es\/","logo":{"@type":"ImageObject","inLanguage":"es","@id":"https:\/\/www.rajapack.es\/blog-es\/#\/schema\/logo\/image\/","url":"https:\/\/www.rajapack.es\/blog-es\/wp-content\/uploads\/2021\/10\/logo-mobile@3x.png","contentUrl":"https:\/\/www.rajapack.es\/blog-es\/wp-content\/uploads\/2021\/10\/logo-mobile@3x.png","width":534,"height":114,"caption":"RAJA ES"},"image":{"@id":"https:\/\/www.rajapack.es\/blog-es\/#\/schema\/logo\/image\/"},"sameAs":["https:\/\/www.facebook.com\/Rajapack.es","https:\/\/x.com\/RajapackES","https:\/\/www.linkedin.com\/company\/rajapack-spain\/","https:\/\/www.youtube.com\/user\/RajapackES"]},{"@type":"Person","@id":"https:\/\/www.rajapack.es\/blog-es\/#\/schema\/person\/400c27752a59dd208888711c96f5fc9d","name":"Rajapack","image":{"@type":"ImageObject","inLanguage":"es","@id":"https:\/\/www.rajapack.es\/blog-es\/#\/schema\/person\/image\/","url":"https:\/\/secure.gravatar.com\/avatar\/38091fb406fcb37229e1256d26439fbc?s=96&d=mm&r=g","contentUrl":"https:\/\/secure.gravatar.com\/avatar\/38091fb406fcb37229e1256d26439fbc?s=96&d=mm&r=g","caption":"Rajapack"},"url":"https:\/\/www.rajapack.es\/blog-es\/author\/relevant_traffic"}]}},"_links":{"self":[{"href":"https:\/\/www.rajapack.es\/blog-es\/wp-json\/wp\/v2\/posts\/1871"}],"collection":[{"href":"https:\/\/www.rajapack.es\/blog-es\/wp-json\/wp\/v2\/posts"}],"about":[{"href":"https:\/\/www.rajapack.es\/blog-es\/wp-json\/wp\/v2\/types\/post"}],"author":[{"embeddable":true,"href":"https:\/\/www.rajapack.es\/blog-es\/wp-json\/wp\/v2\/users\/11"}],"replies":[{"embeddable":true,"href":"https:\/\/www.rajapack.es\/blog-es\/wp-json\/wp\/v2\/comments?post=1871"}],"version-history":[{"count":0,"href":"https:\/\/www.rajapack.es\/blog-es\/wp-json\/wp\/v2\/posts\/1871\/revisions"}],"wp:featuredmedia":[{"embeddable":true,"href":"https:\/\/www.rajapack.es\/blog-es\/wp-json\/wp\/v2\/media\/1873"}],"wp:attachment":[{"href":"https:\/\/www.rajapack.es\/blog-es\/wp-json\/wp\/v2\/media?parent=1871"}],"wp:term":[{"taxonomy":"category","embeddable":true,"href":"https:\/\/www.rajapack.es\/blog-es\/wp-json\/wp\/v2\/categories?post=1871"},{"taxonomy":"post_tag","embeddable":true,"href":"https:\/\/www.rajapack.es\/blog-es\/wp-json\/wp\/v2\/tags?post=1871"}],"curies":[{"name":"wp","href":"https:\/\/api.w.org\/{rel}","templated":true}]}}