{"id":1888,"date":"2014-11-28T13:15:48","date_gmt":"2014-11-28T11:15:48","guid":{"rendered":"https:\/\/blog-staging-es.raja-group.com\/?p=1888"},"modified":"2022-03-29T11:59:09","modified_gmt":"2022-03-29T09:59:09","slug":"rajapack-acompana-al-nuevo-smart-en-su-presentacion-en-valencia","status":"publish","type":"post","link":"https:\/\/www.rajapack.es\/blog-es\/rajapack-acompana-al-nuevo-smart-en-su-presentacion-en-valencia","title":{"rendered":"Rajapack acompa\u00f1a al nuevo Smart en su presentaci\u00f3n en Valencia"},"content":{"rendered":"<p class=\"normal\" style=\"text-align: justify;\">La pasada semana <strong>Smart Center Valencia y Mercedes-Benz<\/strong> presentaban los <strong>dos nuevos Smart Fortwo y Forfour<\/strong> tras su nueva reconceptualizaci\u00f3n. <strong>El evento<\/strong>, <strong>con m\u00e1s de 400 invitados<\/strong> del mundo del arte, la cultura, el dise\u00f1o, la comunicaci\u00f3n, la moda, etc., fue todo un \u00e9xito y tuvo lugar en la antigua imprenta Vila, un edificio que actualmente est\u00e1 sin uso y que es ideal para este tipo de presentaciones.<\/p>\n<p class=\"normal\"><a href=\"https:\/\/www.rajapack.es\/blog-es\/wp-content\/uploads\/2014\/11\/Rajapack-Smart-2.jpg\"><img loading=\"lazy\" decoding=\"async\" class=\"wp-image-1889 aligncenter\" src=\"https:\/\/www.rajapack.es\/blog-es\/wp-content\/uploads\/2014\/11\/Rajapack-Smart-2.jpg\" alt=\"Rajapack-Smart\" width=\"503\" height=\"282\" srcset=\"https:\/\/www.rajapack.es\/blog-es\/wp-content\/uploads\/2014\/11\/Rajapack-Smart-2.jpg 827w, https:\/\/www.rajapack.es\/blog-es\/wp-content\/uploads\/2014\/11\/Rajapack-Smart-2-430x241.jpg 430w, https:\/\/www.rajapack.es\/blog-es\/wp-content\/uploads\/2014\/11\/Rajapack-Smart-2-768x430.jpg 768w, https:\/\/www.rajapack.es\/blog-es\/wp-content\/uploads\/2014\/11\/Rajapack-Smart-2-375x210.jpg 375w\" sizes=\"(max-width: 503px) 100vw, 503px\" \/><\/a><\/p>\n<p class=\"normal\" style=\"text-align: justify;\">Como <strong>parte fundamental de la decoraci\u00f3n<\/strong>, all\u00ed estuvieron <strong>nuestras cajas<\/strong>, ayudando a los organizadores a dar una imagen de almac\u00e9n muy propicia para el tipo de evento que se hab\u00eda ideado. Las cajas de Rajapack adem\u00e1s sirvieron como pantalla de proyecciones, se usaron de mesa improvisada por los invitados y estuvieron llenas de palomitas \ud83d\ude42<\/p>\n<p class=\"normal\"><a href=\"https:\/\/www.rajapack.es\/blog-es\/wp-content\/uploads\/2014\/11\/Rajapack-Smart3-2.jpg\"><img loading=\"lazy\" decoding=\"async\" class=\"wp-image-1891 aligncenter\" src=\"https:\/\/www.rajapack.es\/blog-es\/wp-content\/uploads\/2014\/11\/Rajapack-Smart3-2.jpg\" alt=\"Rajapack-Smart3\" width=\"576\" height=\"420\" srcset=\"https:\/\/www.rajapack.es\/blog-es\/wp-content\/uploads\/2014\/11\/Rajapack-Smart3-2.jpg 981w, https:\/\/www.rajapack.es\/blog-es\/wp-content\/uploads\/2014\/11\/Rajapack-Smart3-2-430x314.jpg 430w, https:\/\/www.rajapack.es\/blog-es\/wp-content\/uploads\/2014\/11\/Rajapack-Smart3-2-768x561.jpg 768w, https:\/\/www.rajapack.es\/blog-es\/wp-content\/uploads\/2014\/11\/Rajapack-Smart3-2-308x225.jpg 308w\" sizes=\"(max-width: 576px) 100vw, 576px\" \/><\/a><\/p>\n<p class=\"normal\">As\u00ed trascurri\u00f3 la velada.<\/p>\n<p class=\"normal\">Otra actuaci\u00f3n estelar de nuestras cajas despu\u00e9s de las apariciones en El Hormiguero, \u00a1nos encanta participar en estos proyectos!<\/p>\n","protected":false},"excerpt":{"rendered":"<p>La pasada semana Smart Center Valencia y Mercedes-Benz presentaban los dos nuevos Smart Fortwo y Forfour tras su nueva reconceptualizaci\u00f3n. El evento, con m\u00e1s de 400 invitados del mundo del [&#8230;]<\/p>\n","protected":false},"author":11,"featured_media":1890,"comment_status":"open","ping_status":"open","sticky":false,"template":"","format":"standard","meta":{"_acf_changed":false,"footnotes":""},"categories":[6],"tags":[],"class_list":["post-1888","post","type-post","status-publish","format-standard","has-post-thumbnail","hentry","category-noticias"],"acf":[],"yoast_head":"\n<title>Rajapack acompa\u00f1a al nuevo Smart en su presentaci\u00f3n en Valencia RAJAPACK<\/title>\n<meta name=\"description\" content=\"Rajapack vuelve a ser patrocinador de un apasionante evento, esta vez es la presentaci\u00f3n del nuevo Smart ForTwo y Smart ForFour.\" \/>\n<meta name=\"robots\" content=\"index, follow, max-snippet:-1, max-image-preview:large, max-video-preview:-1\" \/>\n<link rel=\"canonical\" href=\"https:\/\/www.rajapack.es\/blog-es\/rajapack-acompana-al-nuevo-smart-en-su-presentacion-en-valencia\" \/>\n<meta property=\"og:locale\" content=\"es_ES\" \/>\n<meta property=\"og:type\" content=\"article\" \/>\n<meta property=\"og:title\" content=\"Rajapack acompa\u00f1a al nuevo Smart en su presentaci\u00f3n en Valencia RAJAPACK\" \/>\n<meta property=\"og:description\" content=\"Rajapack vuelve a ser patrocinador de un apasionante evento, esta vez es la presentaci\u00f3n del nuevo Smart ForTwo y Smart ForFour.\" \/>\n<meta property=\"og:url\" content=\"https:\/\/www.rajapack.es\/blog-es\/rajapack-acompana-al-nuevo-smart-en-su-presentacion-en-valencia\" \/>\n<meta property=\"og:site_name\" content=\"RAJAPACK Blog | Consejos de embalaje, log\u00edstica y m\u00e1s\" \/>\n<meta property=\"article:publisher\" content=\"https:\/\/www.facebook.com\/Rajapack.es\" \/>\n<meta property=\"article:published_time\" content=\"2014-11-28T11:15:48+00:00\" \/>\n<meta property=\"article:modified_time\" content=\"2022-03-29T09:59:09+00:00\" \/>\n<meta property=\"og:image\" content=\"https:\/\/www.rajapack.es\/blog-es\/wp-content\/uploads\/2014\/11\/Rajapack-Smart2-e1417173323175-2.jpg\" \/>\n\t<meta property=\"og:image:width\" content=\"528\" \/>\n\t<meta property=\"og:image:height\" content=\"352\" \/>\n\t<meta property=\"og:image:type\" content=\"image\/jpeg\" \/>\n<meta name=\"author\" content=\"Rajapack\" \/>\n<meta name=\"twitter:card\" content=\"summary_large_image\" \/>\n<meta name=\"twitter:creator\" content=\"@RajapackES\" \/>\n<meta name=\"twitter:site\" content=\"@RajapackES\" \/>\n<meta name=\"twitter:label1\" content=\"Escrito por\" \/>\n\t<meta name=\"twitter:data1\" content=\"Rajapack\" \/>\n\t<meta name=\"twitter:label2\" content=\"Tiempo de lectura\" \/>\n\t<meta name=\"twitter:data2\" content=\"1 minuto\" \/>\n<script type=\"application\/ld+json\" class=\"yoast-schema-graph\">{\n\t    \"@context\": \"https:\/\/schema.org\",\n\t    \"@graph\": [\n\t        {\n\t            \"@type\": \"Article\",\n\t            \"@id\": \"https:\/\/www.rajapack.es\/blog-es\/rajapack-acompana-al-nuevo-smart-en-su-presentacion-en-valencia#article\",\n\t            \"isPartOf\": {\n\t                \"@id\": \"https:\/\/www.rajapack.es\/blog-es\/rajapack-acompana-al-nuevo-smart-en-su-presentacion-en-valencia\"\n\t            },\n\t            \"author\": {\n\t                \"name\": \"Rajapack\",\n\t                \"@id\": \"https:\/\/www.rajapack.es\/blog-es\/#\/schema\/person\/400c27752a59dd208888711c96f5fc9d\"\n\t            },\n\t            \"headline\": \"Rajapack acompa\u00f1a al nuevo Smart en su presentaci\u00f3n en Valencia\",\n\t            \"datePublished\": \"2014-11-28T11:15:48+00:00\",\n\t            \"dateModified\": \"2022-03-29T09:59:09+00:00\",\n\t            \"mainEntityOfPage\": {\n\t                \"@id\": \"https:\/\/www.rajapack.es\/blog-es\/rajapack-acompana-al-nuevo-smart-en-su-presentacion-en-valencia\"\n\t            },\n\t            \"wordCount\": 166,\n\t            \"commentCount\": 0,\n\t            \"publisher\": {\n\t                \"@id\": \"https:\/\/www.rajapack.es\/blog-es\/#organization\"\n\t            },\n\t            \"image\": {\n\t                \"@id\": \"https:\/\/www.rajapack.es\/blog-es\/rajapack-acompana-al-nuevo-smart-en-su-presentacion-en-valencia#primaryimage\"\n\t            },\n\t            \"thumbnailUrl\": \"https:\/\/www.rajapack.es\/blog-es\/wp-content\/uploads\/2014\/11\/Rajapack-Smart2-e1417173323175-2.jpg\",\n\t            \"articleSection\": [\n\t                \"Noticias y eventos\"\n\t            ],\n\t            \"inLanguage\": \"es\",\n\t            \"potentialAction\": [\n\t                {\n\t                    \"@type\": \"CommentAction\",\n\t                    \"name\": \"Comment\",\n\t                    \"target\": [\n\t                        \"https:\/\/www.rajapack.es\/blog-es\/rajapack-acompana-al-nuevo-smart-en-su-presentacion-en-valencia#respond\"\n\t                    ]\n\t                }\n\t            ]\n\t        },\n\t        {\n\t            \"@type\": \"WebPage\",\n\t            \"@id\": \"https:\/\/www.rajapack.es\/blog-es\/rajapack-acompana-al-nuevo-smart-en-su-presentacion-en-valencia\",\n\t            \"url\": \"https:\/\/www.rajapack.es\/blog-es\/rajapack-acompana-al-nuevo-smart-en-su-presentacion-en-valencia\",\n\t            \"name\": \"Rajapack acompa\u00f1a al nuevo Smart en su presentaci\u00f3n en Valencia RAJAPACK\",\n\t            \"isPartOf\": {\n\t                \"@id\": \"https:\/\/www.rajapack.es\/blog-es\/#website\"\n\t            },\n\t            \"primaryImageOfPage\": {\n\t                \"@id\": \"https:\/\/www.rajapack.es\/blog-es\/rajapack-acompana-al-nuevo-smart-en-su-presentacion-en-valencia#primaryimage\"\n\t            },\n\t            \"image\": {\n\t                \"@id\": \"https:\/\/www.rajapack.es\/blog-es\/rajapack-acompana-al-nuevo-smart-en-su-presentacion-en-valencia#primaryimage\"\n\t            },\n\t            \"thumbnailUrl\": \"https:\/\/www.rajapack.es\/blog-es\/wp-content\/uploads\/2014\/11\/Rajapack-Smart2-e1417173323175-2.jpg\",\n\t            \"datePublished\": \"2014-11-28T11:15:48+00:00\",\n\t            \"dateModified\": \"2022-03-29T09:59:09+00:00\",\n\t            \"description\": \"Rajapack vuelve a ser patrocinador de un apasionante evento, esta vez es la presentaci\u00f3n del nuevo Smart ForTwo y Smart ForFour.\",\n\t            \"inLanguage\": \"es\",\n\t            \"potentialAction\": [\n\t                {\n\t                    \"@type\": \"ReadAction\",\n\t                    \"target\": [\n\t                        \"https:\/\/www.rajapack.es\/blog-es\/rajapack-acompana-al-nuevo-smart-en-su-presentacion-en-valencia\"\n\t                    ]\n\t                }\n\t            ]\n\t        },\n\t        {\n\t            \"@type\": \"ImageObject\",\n\t            \"inLanguage\": \"es\",\n\t            \"@id\": \"https:\/\/www.rajapack.es\/blog-es\/rajapack-acompana-al-nuevo-smart-en-su-presentacion-en-valencia#primaryimage\",\n\t            \"url\": \"https:\/\/www.rajapack.es\/blog-es\/wp-content\/uploads\/2014\/11\/Rajapack-Smart2-e1417173323175-2.jpg\",\n\t            \"contentUrl\": \"https:\/\/www.rajapack.es\/blog-es\/wp-content\/uploads\/2014\/11\/Rajapack-Smart2-e1417173323175-2.jpg\",\n\t            \"width\": 528,\n\t            \"height\": 352,\n\t            \"caption\": \"Rajapack-Smart2\"\n\t        },\n\t        {\n\t            \"@type\": \"WebSite\",\n\t            \"@id\": \"https:\/\/www.rajapack.es\/blog-es\/#website\",\n\t            \"url\": \"https:\/\/www.rajapack.es\/blog-es\/\",\n\t            \"name\": \"RAJAPACK Blog | Consejos de embalaje, log\u00edstica y m\u00e1s\",\n\t            \"description\": \"Consejos de embalaje, logistica y m\u00e1s\",\n\t            \"publisher\": {\n\t                \"@id\": \"https:\/\/www.rajapack.es\/blog-es\/#organization\"\n\t            },\n\t            \"potentialAction\": [\n\t                {\n\t                    \"@type\": \"SearchAction\",\n\t                    \"target\": {\n\t                        \"@type\": \"EntryPoint\",\n\t                        \"urlTemplate\": \"https:\/\/www.rajapack.es\/blog-es\/?s={search_term_string}\"\n\t                    },\n\t                    \"query-input\": {\n\t                        \"@type\": \"PropertyValueSpecification\",\n\t                        \"valueRequired\": true,\n\t                        \"valueName\": \"search_term_string\"\n\t                    }\n\t                }\n\t            ],\n\t            \"inLanguage\": \"es\"\n\t        },\n\t        {\n\t            \"@type\": \"Organization\",\n\t            \"@id\": \"https:\/\/www.rajapack.es\/blog-es\/#organization\",\n\t            \"name\": \"RAJA ES\",\n\t            \"url\": \"https:\/\/www.rajapack.es\/blog-es\/\",\n\t            \"logo\": {\n\t                \"@type\": \"ImageObject\",\n\t                \"inLanguage\": \"es\",\n\t                \"@id\": \"https:\/\/www.rajapack.es\/blog-es\/#\/schema\/logo\/image\/\",\n\t                \"url\": \"https:\/\/www.rajapack.es\/blog-es\/wp-content\/uploads\/2021\/10\/logo-mobile@3x.png\",\n\t                \"contentUrl\": \"https:\/\/www.rajapack.es\/blog-es\/wp-content\/uploads\/2021\/10\/logo-mobile@3x.png\",\n\t                \"width\": 534,\n\t                \"height\": 114,\n\t                \"caption\": \"RAJA ES\"\n\t            },\n\t            \"image\": {\n\t                \"@id\": \"https:\/\/www.rajapack.es\/blog-es\/#\/schema\/logo\/image\/\"\n\t            },\n\t            \"sameAs\": [\n\t                \"https:\/\/www.facebook.com\/Rajapack.es\",\n\t                \"https:\/\/x.com\/RajapackES\",\n\t                \"https:\/\/www.linkedin.com\/company\/rajapack-spain\/\",\n\t                \"https:\/\/www.youtube.com\/user\/RajapackES\"\n\t            ]\n\t        },\n\t        {\n\t            \"@type\": \"Person\",\n\t            \"@id\": \"https:\/\/www.rajapack.es\/blog-es\/#\/schema\/person\/400c27752a59dd208888711c96f5fc9d\",\n\t            \"name\": \"Rajapack\",\n\t            \"image\": {\n\t                \"@type\": \"ImageObject\",\n\t                \"inLanguage\": \"es\",\n\t                \"@id\": \"https:\/\/www.rajapack.es\/blog-es\/#\/schema\/person\/image\/\",\n\t                \"url\": \"https:\/\/secure.gravatar.com\/avatar\/38091fb406fcb37229e1256d26439fbc?s=96&d=mm&r=g\",\n\t                \"contentUrl\": \"https:\/\/secure.gravatar.com\/avatar\/38091fb406fcb37229e1256d26439fbc?s=96&d=mm&r=g\",\n\t                \"caption\": \"Rajapack\"\n\t            },\n\t            \"url\": \"https:\/\/www.rajapack.es\/blog-es\/author\/relevant_traffic\"\n\t        }\n\t    ]\n\t}<\/script>\n","yoast_head_json":{"title":"Rajapack acompa\u00f1a al nuevo Smart en su presentaci\u00f3n en Valencia RAJAPACK","description":"Rajapack vuelve a ser patrocinador de un apasionante evento, esta vez es la presentaci\u00f3n del nuevo Smart ForTwo y Smart ForFour.","robots":{"index":"index","follow":"follow","max-snippet":"max-snippet:-1","max-image-preview":"max-image-preview:large","max-video-preview":"max-video-preview:-1"},"canonical":"https:\/\/www.rajapack.es\/blog-es\/rajapack-acompana-al-nuevo-smart-en-su-presentacion-en-valencia","og_locale":"es_ES","og_type":"article","og_title":"Rajapack acompa\u00f1a al nuevo Smart en su presentaci\u00f3n en Valencia RAJAPACK","og_description":"Rajapack vuelve a ser patrocinador de un apasionante evento, esta vez es la presentaci\u00f3n del nuevo Smart ForTwo y Smart ForFour.","og_url":"https:\/\/www.rajapack.es\/blog-es\/rajapack-acompana-al-nuevo-smart-en-su-presentacion-en-valencia","og_site_name":"RAJAPACK Blog | Consejos de embalaje, log\u00edstica y m\u00e1s","article_publisher":"https:\/\/www.facebook.com\/Rajapack.es","article_published_time":"2014-11-28T11:15:48+00:00","article_modified_time":"2022-03-29T09:59:09+00:00","og_image":[{"width":528,"height":352,"url":"https:\/\/www.rajapack.es\/blog-es\/wp-content\/uploads\/2014\/11\/Rajapack-Smart2-e1417173323175-2.jpg","type":"image\/jpeg"}],"author":"Rajapack","twitter_card":"summary_large_image","twitter_creator":"@RajapackES","twitter_site":"@RajapackES","twitter_misc":{"Escrito por":"Rajapack","Tiempo de lectura":"1 minuto"},"schema":{"@context":"https:\/\/schema.org","@graph":[{"@type":"Article","@id":"https:\/\/www.rajapack.es\/blog-es\/rajapack-acompana-al-nuevo-smart-en-su-presentacion-en-valencia#article","isPartOf":{"@id":"https:\/\/www.rajapack.es\/blog-es\/rajapack-acompana-al-nuevo-smart-en-su-presentacion-en-valencia"},"author":{"name":"Rajapack","@id":"https:\/\/www.rajapack.es\/blog-es\/#\/schema\/person\/400c27752a59dd208888711c96f5fc9d"},"headline":"Rajapack acompa\u00f1a al nuevo Smart en su presentaci\u00f3n en Valencia","datePublished":"2014-11-28T11:15:48+00:00","dateModified":"2022-03-29T09:59:09+00:00","mainEntityOfPage":{"@id":"https:\/\/www.rajapack.es\/blog-es\/rajapack-acompana-al-nuevo-smart-en-su-presentacion-en-valencia"},"wordCount":166,"commentCount":0,"publisher":{"@id":"https:\/\/www.rajapack.es\/blog-es\/#organization"},"image":{"@id":"https:\/\/www.rajapack.es\/blog-es\/rajapack-acompana-al-nuevo-smart-en-su-presentacion-en-valencia#primaryimage"},"thumbnailUrl":"https:\/\/www.rajapack.es\/blog-es\/wp-content\/uploads\/2014\/11\/Rajapack-Smart2-e1417173323175-2.jpg","articleSection":["Noticias y eventos"],"inLanguage":"es","potentialAction":[{"@type":"CommentAction","name":"Comment","target":["https:\/\/www.rajapack.es\/blog-es\/rajapack-acompana-al-nuevo-smart-en-su-presentacion-en-valencia#respond"]}]},{"@type":"WebPage","@id":"https:\/\/www.rajapack.es\/blog-es\/rajapack-acompana-al-nuevo-smart-en-su-presentacion-en-valencia","url":"https:\/\/www.rajapack.es\/blog-es\/rajapack-acompana-al-nuevo-smart-en-su-presentacion-en-valencia","name":"Rajapack acompa\u00f1a al nuevo Smart en su presentaci\u00f3n en Valencia RAJAPACK","isPartOf":{"@id":"https:\/\/www.rajapack.es\/blog-es\/#website"},"primaryImageOfPage":{"@id":"https:\/\/www.rajapack.es\/blog-es\/rajapack-acompana-al-nuevo-smart-en-su-presentacion-en-valencia#primaryimage"},"image":{"@id":"https:\/\/www.rajapack.es\/blog-es\/rajapack-acompana-al-nuevo-smart-en-su-presentacion-en-valencia#primaryimage"},"thumbnailUrl":"https:\/\/www.rajapack.es\/blog-es\/wp-content\/uploads\/2014\/11\/Rajapack-Smart2-e1417173323175-2.jpg","datePublished":"2014-11-28T11:15:48+00:00","dateModified":"2022-03-29T09:59:09+00:00","description":"Rajapack vuelve a ser patrocinador de un apasionante evento, esta vez es la presentaci\u00f3n del nuevo Smart ForTwo y Smart ForFour.","inLanguage":"es","potentialAction":[{"@type":"ReadAction","target":["https:\/\/www.rajapack.es\/blog-es\/rajapack-acompana-al-nuevo-smart-en-su-presentacion-en-valencia"]}]},{"@type":"ImageObject","inLanguage":"es","@id":"https:\/\/www.rajapack.es\/blog-es\/rajapack-acompana-al-nuevo-smart-en-su-presentacion-en-valencia#primaryimage","url":"https:\/\/www.rajapack.es\/blog-es\/wp-content\/uploads\/2014\/11\/Rajapack-Smart2-e1417173323175-2.jpg","contentUrl":"https:\/\/www.rajapack.es\/blog-es\/wp-content\/uploads\/2014\/11\/Rajapack-Smart2-e1417173323175-2.jpg","width":528,"height":352,"caption":"Rajapack-Smart2"},{"@type":"WebSite","@id":"https:\/\/www.rajapack.es\/blog-es\/#website","url":"https:\/\/www.rajapack.es\/blog-es\/","name":"RAJAPACK Blog | Consejos de embalaje, log\u00edstica y m\u00e1s","description":"Consejos de embalaje, logistica y m\u00e1s","publisher":{"@id":"https:\/\/www.rajapack.es\/blog-es\/#organization"},"potentialAction":[{"@type":"SearchAction","target":{"@type":"EntryPoint","urlTemplate":"https:\/\/www.rajapack.es\/blog-es\/?s={search_term_string}"},"query-input":{"@type":"PropertyValueSpecification","valueRequired":true,"valueName":"search_term_string"}}],"inLanguage":"es"},{"@type":"Organization","@id":"https:\/\/www.rajapack.es\/blog-es\/#organization","name":"RAJA ES","url":"https:\/\/www.rajapack.es\/blog-es\/","logo":{"@type":"ImageObject","inLanguage":"es","@id":"https:\/\/www.rajapack.es\/blog-es\/#\/schema\/logo\/image\/","url":"https:\/\/www.rajapack.es\/blog-es\/wp-content\/uploads\/2021\/10\/logo-mobile@3x.png","contentUrl":"https:\/\/www.rajapack.es\/blog-es\/wp-content\/uploads\/2021\/10\/logo-mobile@3x.png","width":534,"height":114,"caption":"RAJA ES"},"image":{"@id":"https:\/\/www.rajapack.es\/blog-es\/#\/schema\/logo\/image\/"},"sameAs":["https:\/\/www.facebook.com\/Rajapack.es","https:\/\/x.com\/RajapackES","https:\/\/www.linkedin.com\/company\/rajapack-spain\/","https:\/\/www.youtube.com\/user\/RajapackES"]},{"@type":"Person","@id":"https:\/\/www.rajapack.es\/blog-es\/#\/schema\/person\/400c27752a59dd208888711c96f5fc9d","name":"Rajapack","image":{"@type":"ImageObject","inLanguage":"es","@id":"https:\/\/www.rajapack.es\/blog-es\/#\/schema\/person\/image\/","url":"https:\/\/secure.gravatar.com\/avatar\/38091fb406fcb37229e1256d26439fbc?s=96&d=mm&r=g","contentUrl":"https:\/\/secure.gravatar.com\/avatar\/38091fb406fcb37229e1256d26439fbc?s=96&d=mm&r=g","caption":"Rajapack"},"url":"https:\/\/www.rajapack.es\/blog-es\/author\/relevant_traffic"}]}},"_links":{"self":[{"href":"https:\/\/www.rajapack.es\/blog-es\/wp-json\/wp\/v2\/posts\/1888"}],"collection":[{"href":"https:\/\/www.rajapack.es\/blog-es\/wp-json\/wp\/v2\/posts"}],"about":[{"href":"https:\/\/www.rajapack.es\/blog-es\/wp-json\/wp\/v2\/types\/post"}],"author":[{"embeddable":true,"href":"https:\/\/www.rajapack.es\/blog-es\/wp-json\/wp\/v2\/users\/11"}],"replies":[{"embeddable":true,"href":"https:\/\/www.rajapack.es\/blog-es\/wp-json\/wp\/v2\/comments?post=1888"}],"version-history":[{"count":0,"href":"https:\/\/www.rajapack.es\/blog-es\/wp-json\/wp\/v2\/posts\/1888\/revisions"}],"wp:featuredmedia":[{"embeddable":true,"href":"https:\/\/www.rajapack.es\/blog-es\/wp-json\/wp\/v2\/media\/1890"}],"wp:attachment":[{"href":"https:\/\/www.rajapack.es\/blog-es\/wp-json\/wp\/v2\/media?parent=1888"}],"wp:term":[{"taxonomy":"category","embeddable":true,"href":"https:\/\/www.rajapack.es\/blog-es\/wp-json\/wp\/v2\/categories?post=1888"},{"taxonomy":"post_tag","embeddable":true,"href":"https:\/\/www.rajapack.es\/blog-es\/wp-json\/wp\/v2\/tags?post=1888"}],"curies":[{"name":"wp","href":"https:\/\/api.w.org\/{rel}","templated":true}]}}