{"id":2553,"date":"2015-04-28T09:15:51","date_gmt":"2015-04-28T07:15:51","guid":{"rendered":"https:\/\/blog-staging-es.raja-group.com\/?p=2553"},"modified":"2022-03-29T11:42:21","modified_gmt":"2022-03-29T09:42:21","slug":"resumen-de-la-participacion-de-rajapack-en-hispack-barcelona","status":"publish","type":"post","link":"https:\/\/www.rajapack.es\/blog-es\/resumen-de-la-participacion-de-rajapack-en-hispack-barcelona","title":{"rendered":"Resumen de la participaci\u00f3n de Rajapack en Hispack Barcelona"},"content":{"rendered":"<p>Del 21 al 24 de abril, se desarroll\u00f3 el sal\u00f3n internacional del embalaje Hispack Barcelona 2015, ofreciendo las mejores soluciones de packaging del mercado, en el cual estuvimos presentes exponiendo y dando a conocer nuestros productos y servicios.<\/p>\n<p>En el stand <strong>recibimos un promedio de 320 visitas de clientes y emprendedores<\/strong> a quienes nos encant\u00f3 saludar, atender personalmente y presentar los distintos productos que Rajapack ofrece para la <strong>optimizaci\u00f3n de la gesti\u00f3n de env\u00edo y embalaje para sus negocios y tiendas online<\/strong>, de manera que los productos est\u00e9n protegidos y lleguen en perfectas condiciones a su destino.<\/p>\n<p>En la feria, dimos a conocer el nuevo sistema de relleno ecol\u00f3gico <a href=\"https:\/\/www.rajapack.es\/maquinas-sistemas-embalaje\/maquinas-produccion-relleno\/alquiler-maquina-geami-wrappak_OFF_ES_0485.html\">GEAMI<\/a> que adem\u00e1s de proteger, tambi\u00e9n proporciona una presentaci\u00f3n perfecta del producto que se est\u00e1 enviando.<\/p>\n<p><img loading=\"lazy\" decoding=\"async\" class=\" aligncenter wp-image-2557\" src=\"https:\/\/www.rajapack.es\/blog-es\/wp-content\/uploads\/2015\/04\/Stand-Rajapack-Hispack-2.jpg\" alt=\"Stand Rajapack - Hispack\" width=\"631\" height=\"474\" srcset=\"https:\/\/www.rajapack.es\/blog-es\/wp-content\/uploads\/2015\/04\/Stand-Rajapack-Hispack-2.jpg 852w, https:\/\/www.rajapack.es\/blog-es\/wp-content\/uploads\/2015\/04\/Stand-Rajapack-Hispack-2-430x323.jpg 430w, https:\/\/www.rajapack.es\/blog-es\/wp-content\/uploads\/2015\/04\/Stand-Rajapack-Hispack-2-320x240.jpg 320w, https:\/\/www.rajapack.es\/blog-es\/wp-content\/uploads\/2015\/04\/Stand-Rajapack-Hispack-2-768x577.jpg 768w, https:\/\/www.rajapack.es\/blog-es\/wp-content\/uploads\/2015\/04\/Stand-Rajapack-Hispack-2-300x225.jpg 300w\" sizes=\"(max-width: 631px) 100vw, 631px\" \/><\/p>\n<p>El 23 de Abril tambi\u00e9n <strong>celebramos el d\u00eda de Sant Jordi en Hispack<\/strong>, estuvimos <strong>regalando rosas a las personas que pasaron por nuestro stand en la Feria,<\/strong> nos encant\u00f3 hacerlo y repartir alegr\u00eda entre todos.<\/p>\n<p><img loading=\"lazy\" decoding=\"async\" class=\" aligncenter wp-image-2558\" src=\"https:\/\/www.rajapack.es\/blog-es\/wp-content\/uploads\/2015\/04\/Sant-Jordi-en-Hispack-2015-2.jpg\" alt=\"Sant Jordi en Hispack 2015\" width=\"501\" height=\"381\" srcset=\"https:\/\/www.rajapack.es\/blog-es\/wp-content\/uploads\/2015\/04\/Sant-Jordi-en-Hispack-2015-2.jpg 735w, https:\/\/www.rajapack.es\/blog-es\/wp-content\/uploads\/2015\/04\/Sant-Jordi-en-Hispack-2015-2-430x327.jpg 430w, https:\/\/www.rajapack.es\/blog-es\/wp-content\/uploads\/2015\/04\/Sant-Jordi-en-Hispack-2015-2-296x225.jpg 296w\" sizes=\"(max-width: 501px) 100vw, 501px\" \/><\/p>\n<p>Agradecemos a quienes nos visitaron, fue un placer conoceros, asesoraros y presentaros las mejores\u00a0 soluciones para el embalaje de vuestros productos. Si quieres recibir informaci\u00f3n adicional sobre cualquiera de nuestros productos, o tienes dudas sobre embalaje para tu tienda online, visita nuestra web <a href=\"https:\/\/www.rajapack.es\" target=\"_blank\" rel=\"noopener noreferrer\">rajapack.es<\/a>\u00a0 o cons\u00faltanos en el\u00a0<strong>902 20 30 06<\/strong>.<\/p>\n","protected":false},"excerpt":{"rendered":"<p>Del 21 al 24 de abril, se desarroll\u00f3 el sal\u00f3n internacional del embalaje Hispack Barcelona 2015, ofreciendo las mejores soluciones de packaging del mercado, en el cual estuvimos presentes exponiendo [&#8230;]<\/p>\n","protected":false},"author":11,"featured_media":2556,"comment_status":"open","ping_status":"open","sticky":false,"template":"","format":"standard","meta":{"_acf_changed":false,"footnotes":""},"categories":[6],"tags":[],"class_list":["post-2553","post","type-post","status-publish","format-standard","has-post-thumbnail","hentry","category-noticias"],"acf":[],"yoast_head":"\n<title>Resumen de la participaci\u00f3n de Rajapack en Hispack BCN<\/title>\n<meta name=\"description\" content=\"Del 21 al 24 de abril, se desarroll\u00f3 el sal\u00f3n internacional del embalaje Hispack Barcelona 2015, ofreciendo las mejores soluciones de packaging del mercado\" \/>\n<meta name=\"robots\" content=\"index, follow, max-snippet:-1, max-image-preview:large, max-video-preview:-1\" \/>\n<link rel=\"canonical\" href=\"https:\/\/www.rajapack.es\/blog-es\/resumen-de-la-participacion-de-rajapack-en-hispack-barcelona\" \/>\n<meta property=\"og:locale\" content=\"es_ES\" \/>\n<meta property=\"og:type\" content=\"article\" \/>\n<meta property=\"og:title\" content=\"Resumen de la participaci\u00f3n de Rajapack en Hispack BCN\" \/>\n<meta property=\"og:description\" content=\"Del 21 al 24 de abril, se desarroll\u00f3 el sal\u00f3n internacional del embalaje Hispack Barcelona 2015, ofreciendo las mejores soluciones de packaging del mercado\" \/>\n<meta property=\"og:url\" content=\"https:\/\/www.rajapack.es\/blog-es\/resumen-de-la-participacion-de-rajapack-en-hispack-barcelona\" \/>\n<meta property=\"og:site_name\" content=\"RAJAPACK Blog | Consejos de embalaje, log\u00edstica y m\u00e1s\" \/>\n<meta property=\"article:publisher\" content=\"https:\/\/www.facebook.com\/Rajapack.es\" \/>\n<meta property=\"article:published_time\" content=\"2015-04-28T07:15:51+00:00\" \/>\n<meta property=\"article:modified_time\" content=\"2022-03-29T09:42:21+00:00\" \/>\n<meta property=\"og:image\" content=\"https:\/\/www.rajapack.es\/blog-es\/wp-content\/uploads\/2015\/04\/Rajapack-en-Hispack-2015-2.jpg\" \/>\n\t<meta property=\"og:image:width\" content=\"528\" \/>\n\t<meta property=\"og:image:height\" content=\"396\" \/>\n\t<meta property=\"og:image:type\" content=\"image\/jpeg\" \/>\n<meta name=\"author\" content=\"Rajapack\" \/>\n<meta name=\"twitter:card\" content=\"summary_large_image\" \/>\n<meta name=\"twitter:creator\" content=\"@RajapackES\" \/>\n<meta name=\"twitter:site\" content=\"@RajapackES\" \/>\n<meta name=\"twitter:label1\" content=\"Escrito por\" \/>\n\t<meta name=\"twitter:data1\" content=\"Rajapack\" \/>\n\t<meta name=\"twitter:label2\" content=\"Tiempo de lectura\" \/>\n\t<meta name=\"twitter:data2\" content=\"1 minuto\" \/>\n<script type=\"application\/ld+json\" class=\"yoast-schema-graph\">{\n\t    \"@context\": \"https:\/\/schema.org\",\n\t    \"@graph\": [\n\t        {\n\t            \"@type\": \"Article\",\n\t            \"@id\": \"https:\/\/www.rajapack.es\/blog-es\/resumen-de-la-participacion-de-rajapack-en-hispack-barcelona#article\",\n\t            \"isPartOf\": {\n\t                \"@id\": \"https:\/\/www.rajapack.es\/blog-es\/resumen-de-la-participacion-de-rajapack-en-hispack-barcelona\"\n\t            },\n\t            \"author\": {\n\t                \"name\": \"Rajapack\",\n\t                \"@id\": \"https:\/\/www.rajapack.es\/blog-es\/#\/schema\/person\/400c27752a59dd208888711c96f5fc9d\"\n\t            },\n\t            \"headline\": \"Resumen de la participaci\u00f3n de Rajapack en Hispack Barcelona\",\n\t            \"datePublished\": \"2015-04-28T07:15:51+00:00\",\n\t            \"dateModified\": \"2022-03-29T09:42:21+00:00\",\n\t            \"mainEntityOfPage\": {\n\t                \"@id\": \"https:\/\/www.rajapack.es\/blog-es\/resumen-de-la-participacion-de-rajapack-en-hispack-barcelona\"\n\t            },\n\t            \"wordCount\": 228,\n\t            \"commentCount\": 0,\n\t            \"publisher\": {\n\t                \"@id\": \"https:\/\/www.rajapack.es\/blog-es\/#organization\"\n\t            },\n\t            \"image\": {\n\t                \"@id\": \"https:\/\/www.rajapack.es\/blog-es\/resumen-de-la-participacion-de-rajapack-en-hispack-barcelona#primaryimage\"\n\t            },\n\t            \"thumbnailUrl\": \"https:\/\/www.rajapack.es\/blog-es\/wp-content\/uploads\/2015\/04\/Rajapack-en-Hispack-2015-2.jpg\",\n\t            \"articleSection\": [\n\t                \"Noticias y eventos\"\n\t            ],\n\t            \"inLanguage\": \"es\",\n\t            \"potentialAction\": [\n\t                {\n\t                    \"@type\": \"CommentAction\",\n\t                    \"name\": \"Comment\",\n\t                    \"target\": [\n\t                        \"https:\/\/www.rajapack.es\/blog-es\/resumen-de-la-participacion-de-rajapack-en-hispack-barcelona#respond\"\n\t                    ]\n\t                }\n\t            ]\n\t        },\n\t        {\n\t            \"@type\": \"WebPage\",\n\t            \"@id\": \"https:\/\/www.rajapack.es\/blog-es\/resumen-de-la-participacion-de-rajapack-en-hispack-barcelona\",\n\t            \"url\": \"https:\/\/www.rajapack.es\/blog-es\/resumen-de-la-participacion-de-rajapack-en-hispack-barcelona\",\n\t            \"name\": \"Resumen de la participaci\u00f3n de Rajapack en Hispack BCN\",\n\t            \"isPartOf\": {\n\t                \"@id\": \"https:\/\/www.rajapack.es\/blog-es\/#website\"\n\t            },\n\t            \"primaryImageOfPage\": {\n\t                \"@id\": \"https:\/\/www.rajapack.es\/blog-es\/resumen-de-la-participacion-de-rajapack-en-hispack-barcelona#primaryimage\"\n\t            },\n\t            \"image\": {\n\t                \"@id\": \"https:\/\/www.rajapack.es\/blog-es\/resumen-de-la-participacion-de-rajapack-en-hispack-barcelona#primaryimage\"\n\t            },\n\t            \"thumbnailUrl\": \"https:\/\/www.rajapack.es\/blog-es\/wp-content\/uploads\/2015\/04\/Rajapack-en-Hispack-2015-2.jpg\",\n\t            \"datePublished\": \"2015-04-28T07:15:51+00:00\",\n\t            \"dateModified\": \"2022-03-29T09:42:21+00:00\",\n\t            \"description\": \"Del 21 al 24 de abril, se desarroll\u00f3 el sal\u00f3n internacional del embalaje Hispack Barcelona 2015, ofreciendo las mejores soluciones de packaging del mercado\",\n\t            \"inLanguage\": \"es\",\n\t            \"potentialAction\": [\n\t                {\n\t                    \"@type\": \"ReadAction\",\n\t                    \"target\": [\n\t                        \"https:\/\/www.rajapack.es\/blog-es\/resumen-de-la-participacion-de-rajapack-en-hispack-barcelona\"\n\t                    ]\n\t                }\n\t            ]\n\t        },\n\t        {\n\t            \"@type\": \"ImageObject\",\n\t            \"inLanguage\": \"es\",\n\t            \"@id\": \"https:\/\/www.rajapack.es\/blog-es\/resumen-de-la-participacion-de-rajapack-en-hispack-barcelona#primaryimage\",\n\t            \"url\": \"https:\/\/www.rajapack.es\/blog-es\/wp-content\/uploads\/2015\/04\/Rajapack-en-Hispack-2015-2.jpg\",\n\t            \"contentUrl\": \"https:\/\/www.rajapack.es\/blog-es\/wp-content\/uploads\/2015\/04\/Rajapack-en-Hispack-2015-2.jpg\",\n\t            \"width\": 528,\n\t            \"height\": 396,\n\t            \"caption\": \"Rajapack en Hispack 2015\"\n\t        },\n\t        {\n\t            \"@type\": \"WebSite\",\n\t            \"@id\": \"https:\/\/www.rajapack.es\/blog-es\/#website\",\n\t            \"url\": \"https:\/\/www.rajapack.es\/blog-es\/\",\n\t            \"name\": \"RAJAPACK Blog | Consejos de embalaje, log\u00edstica y m\u00e1s\",\n\t            \"description\": \"Consejos de embalaje, logistica y m\u00e1s\",\n\t            \"publisher\": {\n\t                \"@id\": \"https:\/\/www.rajapack.es\/blog-es\/#organization\"\n\t            },\n\t            \"potentialAction\": [\n\t                {\n\t                    \"@type\": \"SearchAction\",\n\t                    \"target\": {\n\t                        \"@type\": \"EntryPoint\",\n\t                        \"urlTemplate\": \"https:\/\/www.rajapack.es\/blog-es\/?s={search_term_string}\"\n\t                    },\n\t                    \"query-input\": {\n\t                        \"@type\": \"PropertyValueSpecification\",\n\t                        \"valueRequired\": true,\n\t                        \"valueName\": \"search_term_string\"\n\t                    }\n\t                }\n\t            ],\n\t            \"inLanguage\": \"es\"\n\t        },\n\t        {\n\t            \"@type\": \"Organization\",\n\t            \"@id\": \"https:\/\/www.rajapack.es\/blog-es\/#organization\",\n\t            \"name\": \"RAJA ES\",\n\t            \"url\": \"https:\/\/www.rajapack.es\/blog-es\/\",\n\t            \"logo\": {\n\t                \"@type\": \"ImageObject\",\n\t                \"inLanguage\": \"es\",\n\t                \"@id\": \"https:\/\/www.rajapack.es\/blog-es\/#\/schema\/logo\/image\/\",\n\t                \"url\": \"https:\/\/www.rajapack.es\/blog-es\/wp-content\/uploads\/2021\/10\/logo-mobile@3x.png\",\n\t                \"contentUrl\": \"https:\/\/www.rajapack.es\/blog-es\/wp-content\/uploads\/2021\/10\/logo-mobile@3x.png\",\n\t                \"width\": 534,\n\t                \"height\": 114,\n\t                \"caption\": \"RAJA ES\"\n\t            },\n\t            \"image\": {\n\t                \"@id\": \"https:\/\/www.rajapack.es\/blog-es\/#\/schema\/logo\/image\/\"\n\t            },\n\t            \"sameAs\": [\n\t                \"https:\/\/www.facebook.com\/Rajapack.es\",\n\t                \"https:\/\/x.com\/RajapackES\",\n\t                \"https:\/\/www.linkedin.com\/company\/rajapack-spain\/\",\n\t                \"https:\/\/www.youtube.com\/user\/RajapackES\"\n\t            ]\n\t        },\n\t        {\n\t            \"@type\": \"Person\",\n\t            \"@id\": \"https:\/\/www.rajapack.es\/blog-es\/#\/schema\/person\/400c27752a59dd208888711c96f5fc9d\",\n\t            \"name\": \"Rajapack\",\n\t            \"image\": {\n\t                \"@type\": \"ImageObject\",\n\t                \"inLanguage\": \"es\",\n\t                \"@id\": \"https:\/\/www.rajapack.es\/blog-es\/#\/schema\/person\/image\/\",\n\t                \"url\": \"https:\/\/secure.gravatar.com\/avatar\/38091fb406fcb37229e1256d26439fbc?s=96&d=mm&r=g\",\n\t                \"contentUrl\": \"https:\/\/secure.gravatar.com\/avatar\/38091fb406fcb37229e1256d26439fbc?s=96&d=mm&r=g\",\n\t                \"caption\": \"Rajapack\"\n\t            },\n\t            \"url\": \"https:\/\/www.rajapack.es\/blog-es\/author\/relevant_traffic\"\n\t        }\n\t    ]\n\t}<\/script>\n","yoast_head_json":{"title":"Resumen de la participaci\u00f3n de Rajapack en Hispack BCN","description":"Del 21 al 24 de abril, se desarroll\u00f3 el sal\u00f3n internacional del embalaje Hispack Barcelona 2015, ofreciendo las mejores soluciones de packaging del mercado","robots":{"index":"index","follow":"follow","max-snippet":"max-snippet:-1","max-image-preview":"max-image-preview:large","max-video-preview":"max-video-preview:-1"},"canonical":"https:\/\/www.rajapack.es\/blog-es\/resumen-de-la-participacion-de-rajapack-en-hispack-barcelona","og_locale":"es_ES","og_type":"article","og_title":"Resumen de la participaci\u00f3n de Rajapack en Hispack BCN","og_description":"Del 21 al 24 de abril, se desarroll\u00f3 el sal\u00f3n internacional del embalaje Hispack Barcelona 2015, ofreciendo las mejores soluciones de packaging del mercado","og_url":"https:\/\/www.rajapack.es\/blog-es\/resumen-de-la-participacion-de-rajapack-en-hispack-barcelona","og_site_name":"RAJAPACK Blog | Consejos de embalaje, log\u00edstica y m\u00e1s","article_publisher":"https:\/\/www.facebook.com\/Rajapack.es","article_published_time":"2015-04-28T07:15:51+00:00","article_modified_time":"2022-03-29T09:42:21+00:00","og_image":[{"width":528,"height":396,"url":"https:\/\/www.rajapack.es\/blog-es\/wp-content\/uploads\/2015\/04\/Rajapack-en-Hispack-2015-2.jpg","type":"image\/jpeg"}],"author":"Rajapack","twitter_card":"summary_large_image","twitter_creator":"@RajapackES","twitter_site":"@RajapackES","twitter_misc":{"Escrito por":"Rajapack","Tiempo de lectura":"1 minuto"},"schema":{"@context":"https:\/\/schema.org","@graph":[{"@type":"Article","@id":"https:\/\/www.rajapack.es\/blog-es\/resumen-de-la-participacion-de-rajapack-en-hispack-barcelona#article","isPartOf":{"@id":"https:\/\/www.rajapack.es\/blog-es\/resumen-de-la-participacion-de-rajapack-en-hispack-barcelona"},"author":{"name":"Rajapack","@id":"https:\/\/www.rajapack.es\/blog-es\/#\/schema\/person\/400c27752a59dd208888711c96f5fc9d"},"headline":"Resumen de la participaci\u00f3n de Rajapack en Hispack Barcelona","datePublished":"2015-04-28T07:15:51+00:00","dateModified":"2022-03-29T09:42:21+00:00","mainEntityOfPage":{"@id":"https:\/\/www.rajapack.es\/blog-es\/resumen-de-la-participacion-de-rajapack-en-hispack-barcelona"},"wordCount":228,"commentCount":0,"publisher":{"@id":"https:\/\/www.rajapack.es\/blog-es\/#organization"},"image":{"@id":"https:\/\/www.rajapack.es\/blog-es\/resumen-de-la-participacion-de-rajapack-en-hispack-barcelona#primaryimage"},"thumbnailUrl":"https:\/\/www.rajapack.es\/blog-es\/wp-content\/uploads\/2015\/04\/Rajapack-en-Hispack-2015-2.jpg","articleSection":["Noticias y eventos"],"inLanguage":"es","potentialAction":[{"@type":"CommentAction","name":"Comment","target":["https:\/\/www.rajapack.es\/blog-es\/resumen-de-la-participacion-de-rajapack-en-hispack-barcelona#respond"]}]},{"@type":"WebPage","@id":"https:\/\/www.rajapack.es\/blog-es\/resumen-de-la-participacion-de-rajapack-en-hispack-barcelona","url":"https:\/\/www.rajapack.es\/blog-es\/resumen-de-la-participacion-de-rajapack-en-hispack-barcelona","name":"Resumen de la participaci\u00f3n de Rajapack en Hispack BCN","isPartOf":{"@id":"https:\/\/www.rajapack.es\/blog-es\/#website"},"primaryImageOfPage":{"@id":"https:\/\/www.rajapack.es\/blog-es\/resumen-de-la-participacion-de-rajapack-en-hispack-barcelona#primaryimage"},"image":{"@id":"https:\/\/www.rajapack.es\/blog-es\/resumen-de-la-participacion-de-rajapack-en-hispack-barcelona#primaryimage"},"thumbnailUrl":"https:\/\/www.rajapack.es\/blog-es\/wp-content\/uploads\/2015\/04\/Rajapack-en-Hispack-2015-2.jpg","datePublished":"2015-04-28T07:15:51+00:00","dateModified":"2022-03-29T09:42:21+00:00","description":"Del 21 al 24 de abril, se desarroll\u00f3 el sal\u00f3n internacional del embalaje Hispack Barcelona 2015, ofreciendo las mejores soluciones de packaging del mercado","inLanguage":"es","potentialAction":[{"@type":"ReadAction","target":["https:\/\/www.rajapack.es\/blog-es\/resumen-de-la-participacion-de-rajapack-en-hispack-barcelona"]}]},{"@type":"ImageObject","inLanguage":"es","@id":"https:\/\/www.rajapack.es\/blog-es\/resumen-de-la-participacion-de-rajapack-en-hispack-barcelona#primaryimage","url":"https:\/\/www.rajapack.es\/blog-es\/wp-content\/uploads\/2015\/04\/Rajapack-en-Hispack-2015-2.jpg","contentUrl":"https:\/\/www.rajapack.es\/blog-es\/wp-content\/uploads\/2015\/04\/Rajapack-en-Hispack-2015-2.jpg","width":528,"height":396,"caption":"Rajapack en Hispack 2015"},{"@type":"WebSite","@id":"https:\/\/www.rajapack.es\/blog-es\/#website","url":"https:\/\/www.rajapack.es\/blog-es\/","name":"RAJAPACK Blog | Consejos de embalaje, log\u00edstica y m\u00e1s","description":"Consejos de embalaje, logistica y m\u00e1s","publisher":{"@id":"https:\/\/www.rajapack.es\/blog-es\/#organization"},"potentialAction":[{"@type":"SearchAction","target":{"@type":"EntryPoint","urlTemplate":"https:\/\/www.rajapack.es\/blog-es\/?s={search_term_string}"},"query-input":{"@type":"PropertyValueSpecification","valueRequired":true,"valueName":"search_term_string"}}],"inLanguage":"es"},{"@type":"Organization","@id":"https:\/\/www.rajapack.es\/blog-es\/#organization","name":"RAJA ES","url":"https:\/\/www.rajapack.es\/blog-es\/","logo":{"@type":"ImageObject","inLanguage":"es","@id":"https:\/\/www.rajapack.es\/blog-es\/#\/schema\/logo\/image\/","url":"https:\/\/www.rajapack.es\/blog-es\/wp-content\/uploads\/2021\/10\/logo-mobile@3x.png","contentUrl":"https:\/\/www.rajapack.es\/blog-es\/wp-content\/uploads\/2021\/10\/logo-mobile@3x.png","width":534,"height":114,"caption":"RAJA ES"},"image":{"@id":"https:\/\/www.rajapack.es\/blog-es\/#\/schema\/logo\/image\/"},"sameAs":["https:\/\/www.facebook.com\/Rajapack.es","https:\/\/x.com\/RajapackES","https:\/\/www.linkedin.com\/company\/rajapack-spain\/","https:\/\/www.youtube.com\/user\/RajapackES"]},{"@type":"Person","@id":"https:\/\/www.rajapack.es\/blog-es\/#\/schema\/person\/400c27752a59dd208888711c96f5fc9d","name":"Rajapack","image":{"@type":"ImageObject","inLanguage":"es","@id":"https:\/\/www.rajapack.es\/blog-es\/#\/schema\/person\/image\/","url":"https:\/\/secure.gravatar.com\/avatar\/38091fb406fcb37229e1256d26439fbc?s=96&d=mm&r=g","contentUrl":"https:\/\/secure.gravatar.com\/avatar\/38091fb406fcb37229e1256d26439fbc?s=96&d=mm&r=g","caption":"Rajapack"},"url":"https:\/\/www.rajapack.es\/blog-es\/author\/relevant_traffic"}]}},"_links":{"self":[{"href":"https:\/\/www.rajapack.es\/blog-es\/wp-json\/wp\/v2\/posts\/2553"}],"collection":[{"href":"https:\/\/www.rajapack.es\/blog-es\/wp-json\/wp\/v2\/posts"}],"about":[{"href":"https:\/\/www.rajapack.es\/blog-es\/wp-json\/wp\/v2\/types\/post"}],"author":[{"embeddable":true,"href":"https:\/\/www.rajapack.es\/blog-es\/wp-json\/wp\/v2\/users\/11"}],"replies":[{"embeddable":true,"href":"https:\/\/www.rajapack.es\/blog-es\/wp-json\/wp\/v2\/comments?post=2553"}],"version-history":[{"count":0,"href":"https:\/\/www.rajapack.es\/blog-es\/wp-json\/wp\/v2\/posts\/2553\/revisions"}],"wp:featuredmedia":[{"embeddable":true,"href":"https:\/\/www.rajapack.es\/blog-es\/wp-json\/wp\/v2\/media\/2556"}],"wp:attachment":[{"href":"https:\/\/www.rajapack.es\/blog-es\/wp-json\/wp\/v2\/media?parent=2553"}],"wp:term":[{"taxonomy":"category","embeddable":true,"href":"https:\/\/www.rajapack.es\/blog-es\/wp-json\/wp\/v2\/categories?post=2553"},{"taxonomy":"post_tag","embeddable":true,"href":"https:\/\/www.rajapack.es\/blog-es\/wp-json\/wp\/v2\/tags?post=2553"}],"curies":[{"name":"wp","href":"https:\/\/api.w.org\/{rel}","templated":true}]}}