{"id":2632,"date":"2015-05-20T10:02:01","date_gmt":"2015-05-20T08:02:01","guid":{"rendered":"https:\/\/blog-staging-es.raja-group.com\/?p=2632"},"modified":"2022-03-29T11:39:03","modified_gmt":"2022-03-29T09:39:03","slug":"la-feria-del-libro-mas-online","status":"publish","type":"post","link":"https:\/\/www.rajapack.es\/blog-es\/la-feria-del-libro-mas-online","title":{"rendered":"La feria del libro m\u00e1s online"},"content":{"rendered":"<p>La <strong>Feria del Libro<\/strong> representa uno de los d\u00edas m\u00e1s esperados en el mundo editorial para realizar sus ventas, pero el mercado est\u00e1 cambiando, y mucho. Las ventas online parecen estar cambiando el sector y muchos son los que se est\u00e1n adaptando para aprovechar las <strong>nuevas oportunidades que ofrece Internet<\/strong>.<\/p>\n<p>Desde Rajapack <strong>te ofrecemos algunos consejos<\/strong> para que no te falle nada en tus env\u00edos para esta Feria del Libro:<\/p>\n<ul>\n<li><strong>Cajas para el env\u00edo de libros:<\/strong><\/li>\n<\/ul>\n<p>Existen varios formatos, todos se adaptan a diferentes tama\u00f1os, pero sin duda alguna, el embalaje m\u00e1s utilizado es el Rajabook: una <a href=\"https:\/\/www.rajapack.es\/cajas-carton-contenedores-cajas-postales\/cajas-estuches-para-envios-postales\/estuche-libros-cierre-adhesivo-rajabook-standard_PDT00461.html\" target=\"_blank\" rel=\"noopener noreferrer\">caja de cart\u00f3n para el env\u00edo de libros<\/a> capaz de ofrecer una presentaci\u00f3n ideal del producto y proteger al lomo de los golpes del transporte. Es uno de los productos m\u00e1s comprados en el sector para los env\u00edos<\/p>\n<p><img loading=\"lazy\" decoding=\"async\" class=\" aligncenter wp-image-2633\" src=\"https:\/\/www.rajapack.es\/blog-es\/wp-content\/uploads\/2015\/05\/estuche-libros-ecobook-a4_OFF_ES_0024-2.jpg\" alt=\"estuche-libros-ecobook-a4\" width=\"219\" height=\"219\" srcset=\"https:\/\/www.rajapack.es\/blog-es\/wp-content\/uploads\/2015\/05\/estuche-libros-ecobook-a4_OFF_ES_0024-2.jpg 170w, https:\/\/www.rajapack.es\/blog-es\/wp-content\/uploads\/2015\/05\/estuche-libros-ecobook-a4_OFF_ES_0024-2-120x120.jpg 120w, https:\/\/www.rajapack.es\/blog-es\/wp-content\/uploads\/2015\/05\/estuche-libros-ecobook-a4_OFF_ES_0024-2-150x150.jpg 150w, https:\/\/www.rajapack.es\/blog-es\/wp-content\/uploads\/2015\/05\/estuche-libros-ecobook-a4_OFF_ES_0024-2-100x100.jpg 100w\" sizes=\"(max-width: 219px) 100vw, 219px\" \/><\/p>\n<ul>\n<li><strong>Cajas para el env\u00edo de ebooks y e-readers:<\/strong><\/li>\n<\/ul>\n<p>Sin duda, el ebook est\u00e1 desplazando al libro y se est\u00e1 convirtiendo en uno de los productos estrella para estas fechas. Al igual que pasaba con Rajabook, este tipo de producto tiene su embalaje ideal: la caja Korrvu. Una mezcla entre la presentaci\u00f3n adecuada y la productividad en el env\u00edo. <strong>Cajas de cart\u00f3n para productos electr\u00f3nicos<\/strong> como tus e-reader que combinan protecci\u00f3n y dise\u00f1o<\/p>\n<p><img loading=\"lazy\" decoding=\"async\" class=\" wp-image-2634 aligncenter\" src=\"https:\/\/www.rajapack.es\/blog-es\/wp-content\/uploads\/2015\/05\/Captura2-2.png\" alt=\"Caja cart\u00f3n para productos electr\u00f3nicos\" width=\"449\" height=\"335\" srcset=\"https:\/\/www.rajapack.es\/blog-es\/wp-content\/uploads\/2015\/05\/Captura2-2.png 558w, https:\/\/www.rajapack.es\/blog-es\/wp-content\/uploads\/2015\/05\/Captura2-2-430x321.png 430w, https:\/\/www.rajapack.es\/blog-es\/wp-content\/uploads\/2015\/05\/Captura2-2-320x240.png 320w, https:\/\/www.rajapack.es\/blog-es\/wp-content\/uploads\/2015\/05\/Captura2-2-301x225.png 301w\" sizes=\"(max-width: 449px) 100vw, 449px\" \/><\/p>\n<ul>\n<li><strong>Embalajes para el env\u00edo de DVDs, CDs y otro material multimedia:<\/strong><\/li>\n<\/ul>\n<p>Efectivamente, aprovechando este evento, se suele comprar mucho material no directamente vinculado con la lectura, pero si con el mundo cultural. Los DVDs, CDs de m\u00fasica y similares tienen en estas fechas un buen pico de ventas. Para este tipo de env\u00edos, <strong>recomendamos utilizar cajas de cart\u00f3n que protejan del impacto durante el transporte<\/strong>, como los estuches en cruz, que permiten enviar varios CDs y DVDs ya que son regulables en altura.<\/p>\n<ul>\n<li><strong>Tubos de env\u00edo:<\/strong><\/li>\n<\/ul>\n<p>P\u00f3sters, cuadros, etc. Son otro de los productos m\u00e1s solicitados en estas fechas. No pueden faltar para acompa\u00f1ar gran parte de los env\u00edos relacionados con la Feria del Libro. En Rajapack disponemos de un gran surtido de <a href=\"https:\/\/www.rajapack.es\/sobres-bolsas-tubos-envio\/tubos-envio-redondos_C205005.html\" target=\"_blank\" rel=\"noopener noreferrer\">tubos de cart\u00f3n para el env\u00edo de p\u00f3sters<\/a>.<\/p>\n<p><img loading=\"lazy\" decoding=\"async\" class=\" wp-image-2635 aligncenter\" src=\"https:\/\/www.rajapack.es\/blog-es\/wp-content\/uploads\/2015\/05\/tubos-de-env\u00edo-1.png\" alt=\"tubos de env\u00edo - Rajapack\" width=\"469\" height=\"323\" srcset=\"https:\/\/www.rajapack.es\/blog-es\/wp-content\/uploads\/2015\/05\/tubos-de-env\u00edo-1.png 518w, https:\/\/www.rajapack.es\/blog-es\/wp-content\/uploads\/2015\/05\/tubos-de-env\u00edo-1-430x296.png 430w, https:\/\/www.rajapack.es\/blog-es\/wp-content\/uploads\/2015\/05\/tubos-de-env\u00edo-1-326x225.png 326w\" sizes=\"(max-width: 469px) 100vw, 469px\" \/><\/p>\n<ul>\n<li>C<strong>ajas para el transporte de libros:<\/strong><\/li>\n<\/ul>\n<p>Durante este periodo, muchos son los <strong>env\u00edos en grandes cantidades de libros<\/strong> que se producen. Rajapack dispone de soluciones para este tipo de env\u00edos: las <strong>cajas de cart\u00f3n A4 para el env\u00edo de libros<\/strong> son ideales ya que se pueden modular en altura y pueden ofrecer una soluci\u00f3n econ\u00f3mica y eficaz. Esta gama de cajas est\u00e1 disponible tambi\u00e9n en tama\u00f1os A3, A5, A6 y A7.<\/p>\n<p>Estas son algunas de las recomendaciones que realizamos a nuestros clientes para que se preparen sus env\u00edos para la Feria del Libro. No te olvides tampoco de aprovechar nuestra <a href=\"https:\/\/www.rajapack.es\/cintas-adhesivas-flejes-colas\/cintas-adhesivas-personalizadas_C502010.html\" target=\"_blank\" rel=\"noopener noreferrer\">oferta en personalizaci\u00f3n de cintas adhesivas<\/a>, que permitir\u00e1 destacar a un precio \u00fanico. Nuestro equipo de expertos puede ofrecer tambi\u00e9n soluciones personalizadas para el env\u00edo de libros.<\/p>\n","protected":false},"excerpt":{"rendered":"<p>La Feria del Libro representa uno de los d\u00edas m\u00e1s esperados en el mundo editorial para realizar sus ventas, pero el mercado est\u00e1 cambiando, y mucho. Las ventas online parecen [&#8230;]<\/p>\n","protected":false},"author":11,"featured_media":2640,"comment_status":"open","ping_status":"open","sticky":false,"template":"","format":"standard","meta":{"_acf_changed":false,"footnotes":""},"categories":[6,4],"tags":[],"class_list":["post-2632","post","type-post","status-publish","format-standard","has-post-thumbnail","hentry","category-noticias","category-embalaje"],"acf":[],"yoast_head":"\n<title>La feria del libro m\u00e1s online RAJAPACK<\/title>\n<meta name=\"description\" content=\"La Feria del Libro representa uno de los d\u00edas m\u00e1s esperados en el mundo editorial para realizar sus ventas, pero el mercado est\u00e1 cambiando, y mucho\" \/>\n<meta name=\"robots\" content=\"index, follow, max-snippet:-1, max-image-preview:large, max-video-preview:-1\" \/>\n<link rel=\"canonical\" href=\"https:\/\/www.rajapack.es\/blog-es\/la-feria-del-libro-mas-online\" \/>\n<meta property=\"og:locale\" content=\"es_ES\" \/>\n<meta property=\"og:type\" content=\"article\" \/>\n<meta property=\"og:title\" content=\"La feria del libro m\u00e1s online RAJAPACK\" \/>\n<meta property=\"og:description\" content=\"La Feria del Libro representa uno de los d\u00edas m\u00e1s esperados en el mundo editorial para realizar sus ventas, pero el mercado est\u00e1 cambiando, y mucho\" \/>\n<meta property=\"og:url\" content=\"https:\/\/www.rajapack.es\/blog-es\/la-feria-del-libro-mas-online\" \/>\n<meta property=\"og:site_name\" content=\"RAJAPACK Blog | Consejos de embalaje, log\u00edstica y m\u00e1s\" \/>\n<meta property=\"article:publisher\" content=\"https:\/\/www.facebook.com\/Rajapack.es\" \/>\n<meta property=\"article:published_time\" content=\"2015-05-20T08:02:01+00:00\" \/>\n<meta property=\"article:modified_time\" content=\"2022-03-29T09:39:03+00:00\" \/>\n<meta property=\"og:image\" content=\"https:\/\/www.rajapack.es\/blog-es\/wp-content\/uploads\/2015\/05\/libros-de-texto-2.jpg\" \/>\n\t<meta property=\"og:image:width\" content=\"528\" \/>\n\t<meta property=\"og:image:height\" content=\"396\" \/>\n\t<meta property=\"og:image:type\" content=\"image\/jpeg\" \/>\n<meta name=\"author\" content=\"Rajapack\" \/>\n<meta name=\"twitter:card\" content=\"summary_large_image\" \/>\n<meta name=\"twitter:creator\" content=\"@RajapackES\" \/>\n<meta name=\"twitter:site\" content=\"@RajapackES\" \/>\n<meta name=\"twitter:label1\" content=\"Escrito por\" \/>\n\t<meta name=\"twitter:data1\" content=\"Rajapack\" \/>\n\t<meta name=\"twitter:label2\" content=\"Tiempo de lectura\" \/>\n\t<meta name=\"twitter:data2\" content=\"3 minutos\" \/>\n<script type=\"application\/ld+json\" class=\"yoast-schema-graph\">{\n\t    \"@context\": \"https:\/\/schema.org\",\n\t    \"@graph\": [\n\t        {\n\t            \"@type\": \"Article\",\n\t            \"@id\": \"https:\/\/www.rajapack.es\/blog-es\/la-feria-del-libro-mas-online#article\",\n\t            \"isPartOf\": {\n\t                \"@id\": \"https:\/\/www.rajapack.es\/blog-es\/la-feria-del-libro-mas-online\"\n\t            },\n\t            \"author\": {\n\t                \"name\": \"Rajapack\",\n\t                \"@id\": \"https:\/\/www.rajapack.es\/blog-es\/#\/schema\/person\/400c27752a59dd208888711c96f5fc9d\"\n\t            },\n\t            \"headline\": \"La feria del libro m\u00e1s online\",\n\t            \"datePublished\": \"2015-05-20T08:02:01+00:00\",\n\t            \"dateModified\": \"2022-03-29T09:39:03+00:00\",\n\t            \"mainEntityOfPage\": {\n\t                \"@id\": \"https:\/\/www.rajapack.es\/blog-es\/la-feria-del-libro-mas-online\"\n\t            },\n\t            \"wordCount\": 515,\n\t            \"commentCount\": 0,\n\t            \"publisher\": {\n\t                \"@id\": \"https:\/\/www.rajapack.es\/blog-es\/#organization\"\n\t            },\n\t            \"image\": {\n\t                \"@id\": \"https:\/\/www.rajapack.es\/blog-es\/la-feria-del-libro-mas-online#primaryimage\"\n\t            },\n\t            \"thumbnailUrl\": \"https:\/\/www.rajapack.es\/blog-es\/wp-content\/uploads\/2015\/05\/libros-de-texto-2.jpg\",\n\t            \"articleSection\": [\n\t                \"Noticias y eventos\",\n\t                \"Novedades &amp; Consejos de embalaje\"\n\t            ],\n\t            \"inLanguage\": \"es\",\n\t            \"potentialAction\": [\n\t                {\n\t                    \"@type\": \"CommentAction\",\n\t                    \"name\": \"Comment\",\n\t                    \"target\": [\n\t                        \"https:\/\/www.rajapack.es\/blog-es\/la-feria-del-libro-mas-online#respond\"\n\t                    ]\n\t                }\n\t            ]\n\t        },\n\t        {\n\t            \"@type\": \"WebPage\",\n\t            \"@id\": \"https:\/\/www.rajapack.es\/blog-es\/la-feria-del-libro-mas-online\",\n\t            \"url\": \"https:\/\/www.rajapack.es\/blog-es\/la-feria-del-libro-mas-online\",\n\t            \"name\": \"La feria del libro m\u00e1s online RAJAPACK\",\n\t            \"isPartOf\": {\n\t                \"@id\": \"https:\/\/www.rajapack.es\/blog-es\/#website\"\n\t            },\n\t            \"primaryImageOfPage\": {\n\t                \"@id\": \"https:\/\/www.rajapack.es\/blog-es\/la-feria-del-libro-mas-online#primaryimage\"\n\t            },\n\t            \"image\": {\n\t                \"@id\": \"https:\/\/www.rajapack.es\/blog-es\/la-feria-del-libro-mas-online#primaryimage\"\n\t            },\n\t            \"thumbnailUrl\": \"https:\/\/www.rajapack.es\/blog-es\/wp-content\/uploads\/2015\/05\/libros-de-texto-2.jpg\",\n\t            \"datePublished\": \"2015-05-20T08:02:01+00:00\",\n\t            \"dateModified\": \"2022-03-29T09:39:03+00:00\",\n\t            \"description\": \"La Feria del Libro representa uno de los d\u00edas m\u00e1s esperados en el mundo editorial para realizar sus ventas, pero el mercado est\u00e1 cambiando, y mucho\",\n\t            \"inLanguage\": \"es\",\n\t            \"potentialAction\": [\n\t                {\n\t                    \"@type\": \"ReadAction\",\n\t                    \"target\": [\n\t                        \"https:\/\/www.rajapack.es\/blog-es\/la-feria-del-libro-mas-online\"\n\t                    ]\n\t                }\n\t            ]\n\t        },\n\t        {\n\t            \"@type\": \"ImageObject\",\n\t            \"inLanguage\": \"es\",\n\t            \"@id\": \"https:\/\/www.rajapack.es\/blog-es\/la-feria-del-libro-mas-online#primaryimage\",\n\t            \"url\": \"https:\/\/www.rajapack.es\/blog-es\/wp-content\/uploads\/2015\/05\/libros-de-texto-2.jpg\",\n\t            \"contentUrl\": \"https:\/\/www.rajapack.es\/blog-es\/wp-content\/uploads\/2015\/05\/libros-de-texto-2.jpg\",\n\t            \"width\": 528,\n\t            \"height\": 396,\n\t            \"caption\": \"libros-de-texto\"\n\t        },\n\t        {\n\t            \"@type\": \"WebSite\",\n\t            \"@id\": \"https:\/\/www.rajapack.es\/blog-es\/#website\",\n\t            \"url\": \"https:\/\/www.rajapack.es\/blog-es\/\",\n\t            \"name\": \"RAJAPACK Blog | Consejos de embalaje, log\u00edstica y m\u00e1s\",\n\t            \"description\": \"Consejos de embalaje, logistica y m\u00e1s\",\n\t            \"publisher\": {\n\t                \"@id\": \"https:\/\/www.rajapack.es\/blog-es\/#organization\"\n\t            },\n\t            \"potentialAction\": [\n\t                {\n\t                    \"@type\": \"SearchAction\",\n\t                    \"target\": {\n\t                        \"@type\": \"EntryPoint\",\n\t                        \"urlTemplate\": \"https:\/\/www.rajapack.es\/blog-es\/?s={search_term_string}\"\n\t                    },\n\t                    \"query-input\": {\n\t                        \"@type\": \"PropertyValueSpecification\",\n\t                        \"valueRequired\": true,\n\t                        \"valueName\": \"search_term_string\"\n\t                    }\n\t                }\n\t            ],\n\t            \"inLanguage\": \"es\"\n\t        },\n\t        {\n\t            \"@type\": \"Organization\",\n\t            \"@id\": \"https:\/\/www.rajapack.es\/blog-es\/#organization\",\n\t            \"name\": \"RAJA ES\",\n\t            \"url\": \"https:\/\/www.rajapack.es\/blog-es\/\",\n\t            \"logo\": {\n\t                \"@type\": \"ImageObject\",\n\t                \"inLanguage\": \"es\",\n\t                \"@id\": \"https:\/\/www.rajapack.es\/blog-es\/#\/schema\/logo\/image\/\",\n\t                \"url\": \"https:\/\/www.rajapack.es\/blog-es\/wp-content\/uploads\/2021\/10\/logo-mobile@3x.png\",\n\t                \"contentUrl\": \"https:\/\/www.rajapack.es\/blog-es\/wp-content\/uploads\/2021\/10\/logo-mobile@3x.png\",\n\t                \"width\": 534,\n\t                \"height\": 114,\n\t                \"caption\": \"RAJA ES\"\n\t            },\n\t            \"image\": {\n\t                \"@id\": \"https:\/\/www.rajapack.es\/blog-es\/#\/schema\/logo\/image\/\"\n\t            },\n\t            \"sameAs\": [\n\t                \"https:\/\/www.facebook.com\/Rajapack.es\",\n\t                \"https:\/\/x.com\/RajapackES\",\n\t                \"https:\/\/www.linkedin.com\/company\/rajapack-spain\/\",\n\t                \"https:\/\/www.youtube.com\/user\/RajapackES\"\n\t            ]\n\t        },\n\t        {\n\t            \"@type\": \"Person\",\n\t            \"@id\": \"https:\/\/www.rajapack.es\/blog-es\/#\/schema\/person\/400c27752a59dd208888711c96f5fc9d\",\n\t            \"name\": \"Rajapack\",\n\t            \"image\": {\n\t                \"@type\": \"ImageObject\",\n\t                \"inLanguage\": \"es\",\n\t                \"@id\": \"https:\/\/www.rajapack.es\/blog-es\/#\/schema\/person\/image\/\",\n\t                \"url\": \"https:\/\/secure.gravatar.com\/avatar\/38091fb406fcb37229e1256d26439fbc?s=96&d=mm&r=g\",\n\t                \"contentUrl\": \"https:\/\/secure.gravatar.com\/avatar\/38091fb406fcb37229e1256d26439fbc?s=96&d=mm&r=g\",\n\t                \"caption\": \"Rajapack\"\n\t            },\n\t            \"url\": \"https:\/\/www.rajapack.es\/blog-es\/author\/relevant_traffic\"\n\t        }\n\t    ]\n\t}<\/script>\n","yoast_head_json":{"title":"La feria del libro m\u00e1s online RAJAPACK","description":"La Feria del Libro representa uno de los d\u00edas m\u00e1s esperados en el mundo editorial para realizar sus ventas, pero el mercado est\u00e1 cambiando, y mucho","robots":{"index":"index","follow":"follow","max-snippet":"max-snippet:-1","max-image-preview":"max-image-preview:large","max-video-preview":"max-video-preview:-1"},"canonical":"https:\/\/www.rajapack.es\/blog-es\/la-feria-del-libro-mas-online","og_locale":"es_ES","og_type":"article","og_title":"La feria del libro m\u00e1s online RAJAPACK","og_description":"La Feria del Libro representa uno de los d\u00edas m\u00e1s esperados en el mundo editorial para realizar sus ventas, pero el mercado est\u00e1 cambiando, y mucho","og_url":"https:\/\/www.rajapack.es\/blog-es\/la-feria-del-libro-mas-online","og_site_name":"RAJAPACK Blog | Consejos de embalaje, log\u00edstica y m\u00e1s","article_publisher":"https:\/\/www.facebook.com\/Rajapack.es","article_published_time":"2015-05-20T08:02:01+00:00","article_modified_time":"2022-03-29T09:39:03+00:00","og_image":[{"width":528,"height":396,"url":"https:\/\/www.rajapack.es\/blog-es\/wp-content\/uploads\/2015\/05\/libros-de-texto-2.jpg","type":"image\/jpeg"}],"author":"Rajapack","twitter_card":"summary_large_image","twitter_creator":"@RajapackES","twitter_site":"@RajapackES","twitter_misc":{"Escrito por":"Rajapack","Tiempo de lectura":"3 minutos"},"schema":{"@context":"https:\/\/schema.org","@graph":[{"@type":"Article","@id":"https:\/\/www.rajapack.es\/blog-es\/la-feria-del-libro-mas-online#article","isPartOf":{"@id":"https:\/\/www.rajapack.es\/blog-es\/la-feria-del-libro-mas-online"},"author":{"name":"Rajapack","@id":"https:\/\/www.rajapack.es\/blog-es\/#\/schema\/person\/400c27752a59dd208888711c96f5fc9d"},"headline":"La feria del libro m\u00e1s online","datePublished":"2015-05-20T08:02:01+00:00","dateModified":"2022-03-29T09:39:03+00:00","mainEntityOfPage":{"@id":"https:\/\/www.rajapack.es\/blog-es\/la-feria-del-libro-mas-online"},"wordCount":515,"commentCount":0,"publisher":{"@id":"https:\/\/www.rajapack.es\/blog-es\/#organization"},"image":{"@id":"https:\/\/www.rajapack.es\/blog-es\/la-feria-del-libro-mas-online#primaryimage"},"thumbnailUrl":"https:\/\/www.rajapack.es\/blog-es\/wp-content\/uploads\/2015\/05\/libros-de-texto-2.jpg","articleSection":["Noticias y eventos","Novedades &amp; Consejos de embalaje"],"inLanguage":"es","potentialAction":[{"@type":"CommentAction","name":"Comment","target":["https:\/\/www.rajapack.es\/blog-es\/la-feria-del-libro-mas-online#respond"]}]},{"@type":"WebPage","@id":"https:\/\/www.rajapack.es\/blog-es\/la-feria-del-libro-mas-online","url":"https:\/\/www.rajapack.es\/blog-es\/la-feria-del-libro-mas-online","name":"La feria del libro m\u00e1s online RAJAPACK","isPartOf":{"@id":"https:\/\/www.rajapack.es\/blog-es\/#website"},"primaryImageOfPage":{"@id":"https:\/\/www.rajapack.es\/blog-es\/la-feria-del-libro-mas-online#primaryimage"},"image":{"@id":"https:\/\/www.rajapack.es\/blog-es\/la-feria-del-libro-mas-online#primaryimage"},"thumbnailUrl":"https:\/\/www.rajapack.es\/blog-es\/wp-content\/uploads\/2015\/05\/libros-de-texto-2.jpg","datePublished":"2015-05-20T08:02:01+00:00","dateModified":"2022-03-29T09:39:03+00:00","description":"La Feria del Libro representa uno de los d\u00edas m\u00e1s esperados en el mundo editorial para realizar sus ventas, pero el mercado est\u00e1 cambiando, y mucho","inLanguage":"es","potentialAction":[{"@type":"ReadAction","target":["https:\/\/www.rajapack.es\/blog-es\/la-feria-del-libro-mas-online"]}]},{"@type":"ImageObject","inLanguage":"es","@id":"https:\/\/www.rajapack.es\/blog-es\/la-feria-del-libro-mas-online#primaryimage","url":"https:\/\/www.rajapack.es\/blog-es\/wp-content\/uploads\/2015\/05\/libros-de-texto-2.jpg","contentUrl":"https:\/\/www.rajapack.es\/blog-es\/wp-content\/uploads\/2015\/05\/libros-de-texto-2.jpg","width":528,"height":396,"caption":"libros-de-texto"},{"@type":"WebSite","@id":"https:\/\/www.rajapack.es\/blog-es\/#website","url":"https:\/\/www.rajapack.es\/blog-es\/","name":"RAJAPACK Blog | Consejos de embalaje, log\u00edstica y m\u00e1s","description":"Consejos de embalaje, logistica y m\u00e1s","publisher":{"@id":"https:\/\/www.rajapack.es\/blog-es\/#organization"},"potentialAction":[{"@type":"SearchAction","target":{"@type":"EntryPoint","urlTemplate":"https:\/\/www.rajapack.es\/blog-es\/?s={search_term_string}"},"query-input":{"@type":"PropertyValueSpecification","valueRequired":true,"valueName":"search_term_string"}}],"inLanguage":"es"},{"@type":"Organization","@id":"https:\/\/www.rajapack.es\/blog-es\/#organization","name":"RAJA ES","url":"https:\/\/www.rajapack.es\/blog-es\/","logo":{"@type":"ImageObject","inLanguage":"es","@id":"https:\/\/www.rajapack.es\/blog-es\/#\/schema\/logo\/image\/","url":"https:\/\/www.rajapack.es\/blog-es\/wp-content\/uploads\/2021\/10\/logo-mobile@3x.png","contentUrl":"https:\/\/www.rajapack.es\/blog-es\/wp-content\/uploads\/2021\/10\/logo-mobile@3x.png","width":534,"height":114,"caption":"RAJA ES"},"image":{"@id":"https:\/\/www.rajapack.es\/blog-es\/#\/schema\/logo\/image\/"},"sameAs":["https:\/\/www.facebook.com\/Rajapack.es","https:\/\/x.com\/RajapackES","https:\/\/www.linkedin.com\/company\/rajapack-spain\/","https:\/\/www.youtube.com\/user\/RajapackES"]},{"@type":"Person","@id":"https:\/\/www.rajapack.es\/blog-es\/#\/schema\/person\/400c27752a59dd208888711c96f5fc9d","name":"Rajapack","image":{"@type":"ImageObject","inLanguage":"es","@id":"https:\/\/www.rajapack.es\/blog-es\/#\/schema\/person\/image\/","url":"https:\/\/secure.gravatar.com\/avatar\/38091fb406fcb37229e1256d26439fbc?s=96&d=mm&r=g","contentUrl":"https:\/\/secure.gravatar.com\/avatar\/38091fb406fcb37229e1256d26439fbc?s=96&d=mm&r=g","caption":"Rajapack"},"url":"https:\/\/www.rajapack.es\/blog-es\/author\/relevant_traffic"}]}},"_links":{"self":[{"href":"https:\/\/www.rajapack.es\/blog-es\/wp-json\/wp\/v2\/posts\/2632"}],"collection":[{"href":"https:\/\/www.rajapack.es\/blog-es\/wp-json\/wp\/v2\/posts"}],"about":[{"href":"https:\/\/www.rajapack.es\/blog-es\/wp-json\/wp\/v2\/types\/post"}],"author":[{"embeddable":true,"href":"https:\/\/www.rajapack.es\/blog-es\/wp-json\/wp\/v2\/users\/11"}],"replies":[{"embeddable":true,"href":"https:\/\/www.rajapack.es\/blog-es\/wp-json\/wp\/v2\/comments?post=2632"}],"version-history":[{"count":0,"href":"https:\/\/www.rajapack.es\/blog-es\/wp-json\/wp\/v2\/posts\/2632\/revisions"}],"wp:featuredmedia":[{"embeddable":true,"href":"https:\/\/www.rajapack.es\/blog-es\/wp-json\/wp\/v2\/media\/2640"}],"wp:attachment":[{"href":"https:\/\/www.rajapack.es\/blog-es\/wp-json\/wp\/v2\/media?parent=2632"}],"wp:term":[{"taxonomy":"category","embeddable":true,"href":"https:\/\/www.rajapack.es\/blog-es\/wp-json\/wp\/v2\/categories?post=2632"},{"taxonomy":"post_tag","embeddable":true,"href":"https:\/\/www.rajapack.es\/blog-es\/wp-json\/wp\/v2\/tags?post=2632"}],"curies":[{"name":"wp","href":"https:\/\/api.w.org\/{rel}","templated":true}]}}