{"id":2906,"date":"2015-07-14T13:42:23","date_gmt":"2015-07-14T11:42:23","guid":{"rendered":"https:\/\/blog-staging-es.raja-group.com\/?p=2906"},"modified":"2022-04-03T23:10:00","modified_gmt":"2022-04-03T21:10:00","slug":"es-el-momento-de-organizar-tu-stock","status":"publish","type":"post","link":"https:\/\/www.rajapack.es\/blog-es\/es-el-momento-de-organizar-tu-stock","title":{"rendered":"Es el momento de organizar tu stock"},"content":{"rendered":"<p>Con la llegada del verano los niveles de actividad en algunos sectores se resienten y son muchas las empresas que utilizan parte de su jornada laboral en \u00a0<strong>organizar los almacenes y optimizar su uso<\/strong>. Tambi\u00e9n es el <strong>momento ideal para realizar inventario, archivar, corregir procesos, eliminar aquello que ya no utilizamos o se ha deteriorado, <\/strong>\u00a0y dejar todo listo para \u00a0afrontar los \u00faltimos meses del a\u00f1o, que suelen ser los de mayor actividad.<\/p>\n<p style=\"text-align: justify;\">En Rajapack disponemos de una amplia gama de productos para manutenci\u00f3n y almacenaje: \u00a0estanter\u00edas, gavetas, cajas, etiquetas de identificaci\u00f3n\u2026 Para que\u00a0puedas ordenar tu espacio y sacarle el m\u00e1ximo rendimiento posible. <strong>Tener organizado tu stock como corresponde te ayudar\u00e1 a ser m\u00e1s eficiente, reducir los tiempos y ganar en productividad.<img loading=\"lazy\" decoding=\"async\" class=\" size-full wp-image-2908 alignright\" src=\"https:\/\/www.rajapack.es\/blog-es\/wp-content\/uploads\/2015\/07\/Estanteria-carga-ligera-Rajapack-2.jpg\" alt=\"Estanteria carga ligera- Rajapack\" width=\"256\" height=\"436\" srcset=\"https:\/\/www.rajapack.es\/blog-es\/wp-content\/uploads\/2015\/07\/Estanteria-carga-ligera-Rajapack-2.jpg 256w, https:\/\/www.rajapack.es\/blog-es\/wp-content\/uploads\/2015\/07\/Estanteria-carga-ligera-Rajapack-2-252x430.jpg 252w, https:\/\/www.rajapack.es\/blog-es\/wp-content\/uploads\/2015\/07\/Estanteria-carga-ligera-Rajapack-2-132x225.jpg 132w\" sizes=\"(max-width: 256px) 100vw, 256px\" \/><\/strong><\/p>\n<p style=\"text-align: justify;\">Uno de los aspectos m\u00e1s importantes para lograrlo es tener las estanter\u00edas adecuadas. Dependiendo del producto que necesitemos almacenar debemos decidir si utilizamos <a href=\"https:\/\/www.rajapack.es\/almacenaje-manutencion-seguridad\/estanterias-equipamiento-almacen\/estanteria-cargas-pesadas_OFF_ES_0323.html\" target=\"_blank\" rel=\"noopener noreferrer\">estanter\u00edas de cargas pesadas<\/a>, <a href=\"https:\/\/www.rajapack.es\/almacenaje-manutencion-seguridad\/estanterias-equipamiento-almacen\/estanteria-cargas-ligeras_OFF_ES_0325.html\" target=\"_blank\" rel=\"noopener noreferrer\">de cargas ligeras<\/a> o una combinaci\u00f3n de ambas. A la hora de colocarlas <strong>hay que estudiar bien algunos aspectos como<\/strong> el movimiento de las mercanc\u00edas dentro de tu almac\u00e9n, la rotaci\u00f3n de las mismas, el proceso de su manipulaci\u00f3n\u2026<\/p>\n<p style=\"text-align: justify;\">Tener claro qu\u00e9 va en cada lugar es absolutamente fundamental para tener siempre a mano lo que necesitamos, y <strong>no podemos olvidar dejar el espacio necesario para que las personas, carretillas y transpaletas puedan circular por tu almac\u00e9n sin problemas y con total seguridad<\/strong>.<\/p>\n<p style=\"text-align: justify;\">Por supuesto, no olvides identificar las estanter\u00edas mediante <strong>etiquetas de se\u00f1alizaci\u00f3n<\/strong> que indiquen la ubicaci\u00f3n y\/o el producto almacenado para facilitar su localizaci\u00f3n y evitar errores.<\/p>\n<p style=\"text-align: justify;\">Una vez organizadas las estanter\u00edas y el espacio del almac\u00e9n llega el turno del continente. <strong>Las <\/strong><a href=\"https:\/\/www.rajapack.es\/almacenaje-manutencion-seguridad\/bandejas-almacenaje-cajas-plastico-apilables_C7020.html\" target=\"_blank\" rel=\"noopener noreferrer\"><strong>cajas y gavetas<\/strong><\/a><strong> nos facilitan la clasificaci\u00f3n y el orden de nuestros productos<\/strong>. Gracias a ellas podremos ordenar y localizar f\u00e1cilmente cada cosa. Son ideales para muestras y piezas y suelen venir acompa\u00f1adas de un portaetiquetas, o espacio para el marcado y la identificaci\u00f3n del contenido.<\/p>\n<p style=\"text-align: justify;\"><img loading=\"lazy\" decoding=\"async\" class=\" size-full wp-image-2912 aligncenter\" src=\"https:\/\/www.rajapack.es\/blog-es\/wp-content\/uploads\/2015\/07\/Cajas_Gavetas-2.gif\" alt=\"Cajas_Gavetas_Rajapack\" width=\"522\" height=\"224\" \/><\/p>\n<p>Ahora que ya est\u00e1 todo en sus respectivas cajas o gavetas y <strong>debidamente se\u00f1alizado<\/strong> es importante disponer de un programa automatizado de gesti\u00f3n de almacenes para facilitar el seguimiento del inventario, optimizar el espacio de las diferentes ubicaciones y controlar el stock disponible. Todo ello nos permitir\u00e1 ahorrar tiempo y ganar en productividad.<\/p>\n<p>\u00a1Aprovecha estos meses \u00a0para dejar tu almac\u00e9n organizado e impecable!<\/p>\n<p>Si necesitas cajas, archivadores, estanter\u00edas o alg\u00fan otro producto para organizar tu almac\u00e9n, no dudes en contactar con nosotros en el\u00a0 <strong>902 20 30 06<\/strong>, o visita la secci\u00f3n de <strong>Manutenci\u00f3n y Almacenaje<\/strong> en nuestra web\u00a0<a href=\"https:\/\/www.rajapack.es\/material-para-su-almacen_cms_000070.html\">https:\/\/www.rajapack.es\/material-para-su-almacen_cms_000070.html<\/a><\/p>\n","protected":false},"excerpt":{"rendered":"<p>Con la llegada del verano los niveles de actividad en algunos sectores se resienten y son muchas las empresas que utilizan parte de su jornada laboral en \u00a0organizar los almacenes [&#8230;]<\/p>\n","protected":false},"author":11,"featured_media":2907,"comment_status":"open","ping_status":"open","sticky":false,"template":"","format":"standard","meta":{"_acf_changed":false,"footnotes":""},"categories":[546],"tags":[509,180],"class_list":["post-2906","post","type-post","status-publish","format-standard","has-post-thumbnail","hentry","category-almacen-logistica","tag-almacen","tag-logistica"],"acf":[],"yoast_head":"\n<title>Es el momento de organizar tu stock - Blog Rajapack<\/title>\n<meta name=\"description\" content=\"Con la llegada del verano los niveles de actividad en algunos sectores se resienten y son muchas empresas que organizan su stock. En Rajapack te damos ideas\" \/>\n<meta name=\"robots\" content=\"index, follow, max-snippet:-1, max-image-preview:large, max-video-preview:-1\" \/>\n<link rel=\"canonical\" href=\"https:\/\/www.rajapack.es\/blog-es\/es-el-momento-de-organizar-tu-stock\" \/>\n<meta property=\"og:locale\" content=\"es_ES\" \/>\n<meta property=\"og:type\" content=\"article\" \/>\n<meta property=\"og:title\" content=\"Es el momento de organizar tu stock - Blog Rajapack\" \/>\n<meta property=\"og:description\" content=\"Con la llegada del verano los niveles de actividad en algunos sectores se resienten y son muchas empresas que organizan su stock. En Rajapack te damos ideas\" \/>\n<meta property=\"og:url\" content=\"https:\/\/www.rajapack.es\/blog-es\/es-el-momento-de-organizar-tu-stock\" \/>\n<meta property=\"og:site_name\" content=\"RAJAPACK Blog | Consejos de embalaje, log\u00edstica y m\u00e1s\" \/>\n<meta property=\"article:publisher\" content=\"https:\/\/www.facebook.com\/Rajapack.es\" \/>\n<meta property=\"article:published_time\" content=\"2015-07-14T11:42:23+00:00\" \/>\n<meta property=\"article:modified_time\" content=\"2022-04-03T21:10:00+00:00\" \/>\n<meta property=\"og:image\" content=\"https:\/\/www.rajapack.es\/blog-es\/wp-content\/uploads\/2015\/07\/Ordernar_Almacen-Rajapack-2.jpg\" \/>\n\t<meta property=\"og:image:width\" content=\"528\" \/>\n\t<meta property=\"og:image:height\" content=\"207\" \/>\n\t<meta property=\"og:image:type\" content=\"image\/jpeg\" \/>\n<meta name=\"author\" content=\"Rajapack\" \/>\n<meta name=\"twitter:card\" content=\"summary_large_image\" \/>\n<meta name=\"twitter:creator\" content=\"@RajapackES\" \/>\n<meta name=\"twitter:site\" content=\"@RajapackES\" \/>\n<meta name=\"twitter:label1\" content=\"Escrito por\" \/>\n\t<meta name=\"twitter:data1\" content=\"Rajapack\" \/>\n\t<meta name=\"twitter:label2\" content=\"Tiempo de lectura\" \/>\n\t<meta name=\"twitter:data2\" content=\"2 minutos\" \/>\n<script type=\"application\/ld+json\" class=\"yoast-schema-graph\">{\n\t    \"@context\": \"https:\/\/schema.org\",\n\t    \"@graph\": [\n\t        {\n\t            \"@type\": \"Article\",\n\t            \"@id\": \"https:\/\/www.rajapack.es\/blog-es\/es-el-momento-de-organizar-tu-stock#article\",\n\t            \"isPartOf\": {\n\t                \"@id\": \"https:\/\/www.rajapack.es\/blog-es\/es-el-momento-de-organizar-tu-stock\"\n\t            },\n\t            \"author\": {\n\t                \"name\": \"Rajapack\",\n\t                \"@id\": \"https:\/\/www.rajapack.es\/blog-es\/#\/schema\/person\/400c27752a59dd208888711c96f5fc9d\"\n\t            },\n\t            \"headline\": \"Es el momento de organizar tu stock\",\n\t            \"datePublished\": \"2015-07-14T11:42:23+00:00\",\n\t            \"dateModified\": \"2022-04-03T21:10:00+00:00\",\n\t            \"mainEntityOfPage\": {\n\t                \"@id\": \"https:\/\/www.rajapack.es\/blog-es\/es-el-momento-de-organizar-tu-stock\"\n\t            },\n\t            \"wordCount\": 466,\n\t            \"commentCount\": 0,\n\t            \"publisher\": {\n\t                \"@id\": \"https:\/\/www.rajapack.es\/blog-es\/#organization\"\n\t            },\n\t            \"image\": {\n\t                \"@id\": \"https:\/\/www.rajapack.es\/blog-es\/es-el-momento-de-organizar-tu-stock#primaryimage\"\n\t            },\n\t            \"thumbnailUrl\": \"https:\/\/www.rajapack.es\/blog-es\/wp-content\/uploads\/2015\/07\/Ordernar_Almacen-Rajapack-2.jpg\",\n\t            \"keywords\": [\n\t                \"Almac\u00e9n\",\n\t                \"log\u00edstica\"\n\t            ],\n\t            \"articleSection\": [\n\t                \"Almac\u00e9n &amp; Log\u00edstica\"\n\t            ],\n\t            \"inLanguage\": \"es\",\n\t            \"potentialAction\": [\n\t                {\n\t                    \"@type\": \"CommentAction\",\n\t                    \"name\": \"Comment\",\n\t                    \"target\": [\n\t                        \"https:\/\/www.rajapack.es\/blog-es\/es-el-momento-de-organizar-tu-stock#respond\"\n\t                    ]\n\t                }\n\t            ]\n\t        },\n\t        {\n\t            \"@type\": \"WebPage\",\n\t            \"@id\": \"https:\/\/www.rajapack.es\/blog-es\/es-el-momento-de-organizar-tu-stock\",\n\t            \"url\": \"https:\/\/www.rajapack.es\/blog-es\/es-el-momento-de-organizar-tu-stock\",\n\t            \"name\": \"Es el momento de organizar tu stock - Blog Rajapack\",\n\t            \"isPartOf\": {\n\t                \"@id\": \"https:\/\/www.rajapack.es\/blog-es\/#website\"\n\t            },\n\t            \"primaryImageOfPage\": {\n\t                \"@id\": \"https:\/\/www.rajapack.es\/blog-es\/es-el-momento-de-organizar-tu-stock#primaryimage\"\n\t            },\n\t            \"image\": {\n\t                \"@id\": \"https:\/\/www.rajapack.es\/blog-es\/es-el-momento-de-organizar-tu-stock#primaryimage\"\n\t            },\n\t            \"thumbnailUrl\": \"https:\/\/www.rajapack.es\/blog-es\/wp-content\/uploads\/2015\/07\/Ordernar_Almacen-Rajapack-2.jpg\",\n\t            \"datePublished\": \"2015-07-14T11:42:23+00:00\",\n\t            \"dateModified\": \"2022-04-03T21:10:00+00:00\",\n\t            \"description\": \"Con la llegada del verano los niveles de actividad en algunos sectores se resienten y son muchas empresas que organizan su stock. En Rajapack te damos ideas\",\n\t            \"inLanguage\": \"es\",\n\t            \"potentialAction\": [\n\t                {\n\t                    \"@type\": \"ReadAction\",\n\t                    \"target\": [\n\t                        \"https:\/\/www.rajapack.es\/blog-es\/es-el-momento-de-organizar-tu-stock\"\n\t                    ]\n\t                }\n\t            ]\n\t        },\n\t        {\n\t            \"@type\": \"ImageObject\",\n\t            \"inLanguage\": \"es\",\n\t            \"@id\": \"https:\/\/www.rajapack.es\/blog-es\/es-el-momento-de-organizar-tu-stock#primaryimage\",\n\t            \"url\": \"https:\/\/www.rajapack.es\/blog-es\/wp-content\/uploads\/2015\/07\/Ordernar_Almacen-Rajapack-2.jpg\",\n\t            \"contentUrl\": \"https:\/\/www.rajapack.es\/blog-es\/wp-content\/uploads\/2015\/07\/Ordernar_Almacen-Rajapack-2.jpg\",\n\t            \"width\": 528,\n\t            \"height\": 207,\n\t            \"caption\": \"Ordernar_Almacen - Rajapack\"\n\t        },\n\t        {\n\t            \"@type\": \"WebSite\",\n\t            \"@id\": \"https:\/\/www.rajapack.es\/blog-es\/#website\",\n\t            \"url\": \"https:\/\/www.rajapack.es\/blog-es\/\",\n\t            \"name\": \"RAJAPACK Blog | Consejos de embalaje, log\u00edstica y m\u00e1s\",\n\t            \"description\": \"Consejos de embalaje, logistica y m\u00e1s\",\n\t            \"publisher\": {\n\t                \"@id\": \"https:\/\/www.rajapack.es\/blog-es\/#organization\"\n\t            },\n\t            \"potentialAction\": [\n\t                {\n\t                    \"@type\": \"SearchAction\",\n\t                    \"target\": {\n\t                        \"@type\": \"EntryPoint\",\n\t                        \"urlTemplate\": \"https:\/\/www.rajapack.es\/blog-es\/?s={search_term_string}\"\n\t                    },\n\t                    \"query-input\": {\n\t                        \"@type\": \"PropertyValueSpecification\",\n\t                        \"valueRequired\": true,\n\t                        \"valueName\": \"search_term_string\"\n\t                    }\n\t                }\n\t            ],\n\t            \"inLanguage\": \"es\"\n\t        },\n\t        {\n\t            \"@type\": \"Organization\",\n\t            \"@id\": \"https:\/\/www.rajapack.es\/blog-es\/#organization\",\n\t            \"name\": \"RAJA ES\",\n\t            \"url\": \"https:\/\/www.rajapack.es\/blog-es\/\",\n\t            \"logo\": {\n\t                \"@type\": \"ImageObject\",\n\t                \"inLanguage\": \"es\",\n\t                \"@id\": \"https:\/\/www.rajapack.es\/blog-es\/#\/schema\/logo\/image\/\",\n\t                \"url\": \"https:\/\/www.rajapack.es\/blog-es\/wp-content\/uploads\/2021\/10\/logo-mobile@3x.png\",\n\t                \"contentUrl\": \"https:\/\/www.rajapack.es\/blog-es\/wp-content\/uploads\/2021\/10\/logo-mobile@3x.png\",\n\t                \"width\": 534,\n\t                \"height\": 114,\n\t                \"caption\": \"RAJA ES\"\n\t            },\n\t            \"image\": {\n\t                \"@id\": \"https:\/\/www.rajapack.es\/blog-es\/#\/schema\/logo\/image\/\"\n\t            },\n\t            \"sameAs\": [\n\t                \"https:\/\/www.facebook.com\/Rajapack.es\",\n\t                \"https:\/\/x.com\/RajapackES\",\n\t                \"https:\/\/www.linkedin.com\/company\/rajapack-spain\/\",\n\t                \"https:\/\/www.youtube.com\/user\/RajapackES\"\n\t            ]\n\t        },\n\t        {\n\t            \"@type\": \"Person\",\n\t            \"@id\": \"https:\/\/www.rajapack.es\/blog-es\/#\/schema\/person\/400c27752a59dd208888711c96f5fc9d\",\n\t            \"name\": \"Rajapack\",\n\t            \"image\": {\n\t                \"@type\": \"ImageObject\",\n\t                \"inLanguage\": \"es\",\n\t                \"@id\": \"https:\/\/www.rajapack.es\/blog-es\/#\/schema\/person\/image\/\",\n\t                \"url\": \"https:\/\/secure.gravatar.com\/avatar\/38091fb406fcb37229e1256d26439fbc?s=96&d=mm&r=g\",\n\t                \"contentUrl\": \"https:\/\/secure.gravatar.com\/avatar\/38091fb406fcb37229e1256d26439fbc?s=96&d=mm&r=g\",\n\t                \"caption\": \"Rajapack\"\n\t            },\n\t            \"url\": \"https:\/\/www.rajapack.es\/blog-es\/author\/relevant_traffic\"\n\t        }\n\t    ]\n\t}<\/script>\n","yoast_head_json":{"title":"Es el momento de organizar tu stock - Blog Rajapack","description":"Con la llegada del verano los niveles de actividad en algunos sectores se resienten y son muchas empresas que organizan su stock. En Rajapack te damos ideas","robots":{"index":"index","follow":"follow","max-snippet":"max-snippet:-1","max-image-preview":"max-image-preview:large","max-video-preview":"max-video-preview:-1"},"canonical":"https:\/\/www.rajapack.es\/blog-es\/es-el-momento-de-organizar-tu-stock","og_locale":"es_ES","og_type":"article","og_title":"Es el momento de organizar tu stock - Blog Rajapack","og_description":"Con la llegada del verano los niveles de actividad en algunos sectores se resienten y son muchas empresas que organizan su stock. En Rajapack te damos ideas","og_url":"https:\/\/www.rajapack.es\/blog-es\/es-el-momento-de-organizar-tu-stock","og_site_name":"RAJAPACK Blog | Consejos de embalaje, log\u00edstica y m\u00e1s","article_publisher":"https:\/\/www.facebook.com\/Rajapack.es","article_published_time":"2015-07-14T11:42:23+00:00","article_modified_time":"2022-04-03T21:10:00+00:00","og_image":[{"width":528,"height":207,"url":"https:\/\/www.rajapack.es\/blog-es\/wp-content\/uploads\/2015\/07\/Ordernar_Almacen-Rajapack-2.jpg","type":"image\/jpeg"}],"author":"Rajapack","twitter_card":"summary_large_image","twitter_creator":"@RajapackES","twitter_site":"@RajapackES","twitter_misc":{"Escrito por":"Rajapack","Tiempo de lectura":"2 minutos"},"schema":{"@context":"https:\/\/schema.org","@graph":[{"@type":"Article","@id":"https:\/\/www.rajapack.es\/blog-es\/es-el-momento-de-organizar-tu-stock#article","isPartOf":{"@id":"https:\/\/www.rajapack.es\/blog-es\/es-el-momento-de-organizar-tu-stock"},"author":{"name":"Rajapack","@id":"https:\/\/www.rajapack.es\/blog-es\/#\/schema\/person\/400c27752a59dd208888711c96f5fc9d"},"headline":"Es el momento de organizar tu stock","datePublished":"2015-07-14T11:42:23+00:00","dateModified":"2022-04-03T21:10:00+00:00","mainEntityOfPage":{"@id":"https:\/\/www.rajapack.es\/blog-es\/es-el-momento-de-organizar-tu-stock"},"wordCount":466,"commentCount":0,"publisher":{"@id":"https:\/\/www.rajapack.es\/blog-es\/#organization"},"image":{"@id":"https:\/\/www.rajapack.es\/blog-es\/es-el-momento-de-organizar-tu-stock#primaryimage"},"thumbnailUrl":"https:\/\/www.rajapack.es\/blog-es\/wp-content\/uploads\/2015\/07\/Ordernar_Almacen-Rajapack-2.jpg","keywords":["Almac\u00e9n","log\u00edstica"],"articleSection":["Almac\u00e9n &amp; Log\u00edstica"],"inLanguage":"es","potentialAction":[{"@type":"CommentAction","name":"Comment","target":["https:\/\/www.rajapack.es\/blog-es\/es-el-momento-de-organizar-tu-stock#respond"]}]},{"@type":"WebPage","@id":"https:\/\/www.rajapack.es\/blog-es\/es-el-momento-de-organizar-tu-stock","url":"https:\/\/www.rajapack.es\/blog-es\/es-el-momento-de-organizar-tu-stock","name":"Es el momento de organizar tu stock - Blog Rajapack","isPartOf":{"@id":"https:\/\/www.rajapack.es\/blog-es\/#website"},"primaryImageOfPage":{"@id":"https:\/\/www.rajapack.es\/blog-es\/es-el-momento-de-organizar-tu-stock#primaryimage"},"image":{"@id":"https:\/\/www.rajapack.es\/blog-es\/es-el-momento-de-organizar-tu-stock#primaryimage"},"thumbnailUrl":"https:\/\/www.rajapack.es\/blog-es\/wp-content\/uploads\/2015\/07\/Ordernar_Almacen-Rajapack-2.jpg","datePublished":"2015-07-14T11:42:23+00:00","dateModified":"2022-04-03T21:10:00+00:00","description":"Con la llegada del verano los niveles de actividad en algunos sectores se resienten y son muchas empresas que organizan su stock. En Rajapack te damos ideas","inLanguage":"es","potentialAction":[{"@type":"ReadAction","target":["https:\/\/www.rajapack.es\/blog-es\/es-el-momento-de-organizar-tu-stock"]}]},{"@type":"ImageObject","inLanguage":"es","@id":"https:\/\/www.rajapack.es\/blog-es\/es-el-momento-de-organizar-tu-stock#primaryimage","url":"https:\/\/www.rajapack.es\/blog-es\/wp-content\/uploads\/2015\/07\/Ordernar_Almacen-Rajapack-2.jpg","contentUrl":"https:\/\/www.rajapack.es\/blog-es\/wp-content\/uploads\/2015\/07\/Ordernar_Almacen-Rajapack-2.jpg","width":528,"height":207,"caption":"Ordernar_Almacen - Rajapack"},{"@type":"WebSite","@id":"https:\/\/www.rajapack.es\/blog-es\/#website","url":"https:\/\/www.rajapack.es\/blog-es\/","name":"RAJAPACK Blog | Consejos de embalaje, log\u00edstica y m\u00e1s","description":"Consejos de embalaje, logistica y m\u00e1s","publisher":{"@id":"https:\/\/www.rajapack.es\/blog-es\/#organization"},"potentialAction":[{"@type":"SearchAction","target":{"@type":"EntryPoint","urlTemplate":"https:\/\/www.rajapack.es\/blog-es\/?s={search_term_string}"},"query-input":{"@type":"PropertyValueSpecification","valueRequired":true,"valueName":"search_term_string"}}],"inLanguage":"es"},{"@type":"Organization","@id":"https:\/\/www.rajapack.es\/blog-es\/#organization","name":"RAJA ES","url":"https:\/\/www.rajapack.es\/blog-es\/","logo":{"@type":"ImageObject","inLanguage":"es","@id":"https:\/\/www.rajapack.es\/blog-es\/#\/schema\/logo\/image\/","url":"https:\/\/www.rajapack.es\/blog-es\/wp-content\/uploads\/2021\/10\/logo-mobile@3x.png","contentUrl":"https:\/\/www.rajapack.es\/blog-es\/wp-content\/uploads\/2021\/10\/logo-mobile@3x.png","width":534,"height":114,"caption":"RAJA ES"},"image":{"@id":"https:\/\/www.rajapack.es\/blog-es\/#\/schema\/logo\/image\/"},"sameAs":["https:\/\/www.facebook.com\/Rajapack.es","https:\/\/x.com\/RajapackES","https:\/\/www.linkedin.com\/company\/rajapack-spain\/","https:\/\/www.youtube.com\/user\/RajapackES"]},{"@type":"Person","@id":"https:\/\/www.rajapack.es\/blog-es\/#\/schema\/person\/400c27752a59dd208888711c96f5fc9d","name":"Rajapack","image":{"@type":"ImageObject","inLanguage":"es","@id":"https:\/\/www.rajapack.es\/blog-es\/#\/schema\/person\/image\/","url":"https:\/\/secure.gravatar.com\/avatar\/38091fb406fcb37229e1256d26439fbc?s=96&d=mm&r=g","contentUrl":"https:\/\/secure.gravatar.com\/avatar\/38091fb406fcb37229e1256d26439fbc?s=96&d=mm&r=g","caption":"Rajapack"},"url":"https:\/\/www.rajapack.es\/blog-es\/author\/relevant_traffic"}]}},"_links":{"self":[{"href":"https:\/\/www.rajapack.es\/blog-es\/wp-json\/wp\/v2\/posts\/2906"}],"collection":[{"href":"https:\/\/www.rajapack.es\/blog-es\/wp-json\/wp\/v2\/posts"}],"about":[{"href":"https:\/\/www.rajapack.es\/blog-es\/wp-json\/wp\/v2\/types\/post"}],"author":[{"embeddable":true,"href":"https:\/\/www.rajapack.es\/blog-es\/wp-json\/wp\/v2\/users\/11"}],"replies":[{"embeddable":true,"href":"https:\/\/www.rajapack.es\/blog-es\/wp-json\/wp\/v2\/comments?post=2906"}],"version-history":[{"count":0,"href":"https:\/\/www.rajapack.es\/blog-es\/wp-json\/wp\/v2\/posts\/2906\/revisions"}],"wp:featuredmedia":[{"embeddable":true,"href":"https:\/\/www.rajapack.es\/blog-es\/wp-json\/wp\/v2\/media\/2907"}],"wp:attachment":[{"href":"https:\/\/www.rajapack.es\/blog-es\/wp-json\/wp\/v2\/media?parent=2906"}],"wp:term":[{"taxonomy":"category","embeddable":true,"href":"https:\/\/www.rajapack.es\/blog-es\/wp-json\/wp\/v2\/categories?post=2906"},{"taxonomy":"post_tag","embeddable":true,"href":"https:\/\/www.rajapack.es\/blog-es\/wp-json\/wp\/v2\/tags?post=2906"}],"curies":[{"name":"wp","href":"https:\/\/api.w.org\/{rel}","templated":true}]}}