{"id":2919,"date":"2015-07-16T12:40:46","date_gmt":"2015-07-16T10:40:46","guid":{"rendered":"https:\/\/blog-staging-es.raja-group.com\/?p=2919"},"modified":"2018-01-29T12:03:04","modified_gmt":"2018-01-29T10:03:04","slug":"las-cajas-de-rajapack-de-nuevo-en-el-hormiguero","status":"publish","type":"post","link":"https:\/\/www.rajapack.es\/blog-es\/las-cajas-de-rajapack-de-nuevo-en-el-hormiguero","title":{"rendered":"Las cajas de Rajapack de nuevo en El Hormiguero"},"content":{"rendered":"<p>El pasado 8 de julio, estuvimos\u00a0<strong>presentes de nuevo en El Hormiguero<\/strong>\u00a0(Antena 3) y ya es la quinta ocasi\u00f3n en que alguno de nuestros productos hacen de \u201cextras\u201d. \u00a1Hay que ver lo que les gusta una c\u00e1mara! \ud83d\ude09<\/p>\n<p>En esta ocasi\u00f3n nuestras cajas participaron en la escena final de un <strong>efecto domin\u00f3 interactivo <\/strong>con Cara Delevinge de protagonista<\/p>\n<p>El Hombre de Negro prepar\u00f3 un efecto mariposa gigante e interactivo, que recorri\u00f3 las oficinas de El Hormiguero y que comenz\u00f3 lanzando unas botellas de vidrio a un contenedor verde. Un gui\u00f1o al reciclaje ya que con en ese acto se ahorra la energ\u00eda de una bombilla todo el d\u00eda. El efecto sigue recorriendo diferentes lugares del plat\u00f3 y concluye en un final espectacular donde <strong>un muro realizado con cajas de Rajapack destapa el cartel de la pel\u00edcula<\/strong> \u201cCiudades de Papel\u201d que protagoniza Cara Delevingne y que se estrena en cines el 7 de agosto.<\/p>\n<p>Si te perdiste la escena, aqu\u00ed te invitamos a ver el v\u00eddeo:<\/p>\n<div class=\"su-youtube su-u-responsive-media-yes\"><iframe loading=\"lazy\" width=\"500\" height=\"340\" src=\"https:\/\/www.youtube.com\/embed\/YD_fkO1vMAA?\" frameborder=\"0\" allowfullscreen allow=\"autoplay; encrypted-media; picture-in-picture\" title=\"\"><\/iframe><\/div>\n","protected":false},"excerpt":{"rendered":"<p>El pasado 8 de julio, estuvimos\u00a0presentes de nuevo en El Hormiguero\u00a0(Antena 3) y ya es la quinta ocasi\u00f3n en que alguno de nuestros productos hacen de \u201cextras\u201d. \u00a1Hay que ver [&#8230;]<\/p>\n","protected":false},"author":11,"featured_media":2925,"comment_status":"open","ping_status":"open","sticky":false,"template":"","format":"standard","meta":{"_acf_changed":false,"footnotes":""},"categories":[6],"tags":[104],"class_list":["post-2919","post","type-post","status-publish","format-standard","has-post-thumbnail","hentry","category-noticias","tag-el-hormiguero"],"acf":[],"yoast_head":"\n<title>Las cajas de Rajapack de nuevo en El Hormiguero<\/title>\n<meta name=\"description\" content=\"El pasado 8 de julio, estuvimos presentes de nuevo en El Hormiguero (A3) y ya es la quinta ocasi\u00f3n en que alguno de nuestros productos hacen de \u201cextras\u201d\" \/>\n<meta name=\"robots\" content=\"index, follow, max-snippet:-1, max-image-preview:large, max-video-preview:-1\" \/>\n<link rel=\"canonical\" href=\"https:\/\/www.rajapack.es\/blog-es\/las-cajas-de-rajapack-de-nuevo-en-el-hormiguero\" \/>\n<meta property=\"og:locale\" content=\"es_ES\" \/>\n<meta property=\"og:type\" content=\"article\" \/>\n<meta property=\"og:title\" content=\"Las cajas de Rajapack de nuevo en El Hormiguero\" \/>\n<meta property=\"og:description\" content=\"El pasado 8 de julio, estuvimos presentes de nuevo en El Hormiguero (A3) y ya es la quinta ocasi\u00f3n en que alguno de nuestros productos hacen de \u201cextras\u201d\" \/>\n<meta property=\"og:url\" content=\"https:\/\/www.rajapack.es\/blog-es\/las-cajas-de-rajapack-de-nuevo-en-el-hormiguero\" \/>\n<meta property=\"og:site_name\" content=\"RAJAPACK Blog | Consejos de embalaje, log\u00edstica y m\u00e1s\" \/>\n<meta property=\"article:publisher\" content=\"https:\/\/www.facebook.com\/Rajapack.es\" \/>\n<meta property=\"article:published_time\" content=\"2015-07-16T10:40:46+00:00\" \/>\n<meta property=\"article:modified_time\" content=\"2018-01-29T10:03:04+00:00\" \/>\n<meta property=\"og:image\" content=\"https:\/\/www.rajapack.es\/blog-es\/wp-content\/uploads\/2015\/07\/El-Homiguero_Rajapack_Cara_Delevigne-2.jpg\" \/>\n\t<meta property=\"og:image:width\" content=\"528\" \/>\n\t<meta property=\"og:image:height\" content=\"297\" \/>\n\t<meta property=\"og:image:type\" content=\"image\/jpeg\" \/>\n<meta name=\"author\" content=\"Rajapack\" \/>\n<meta name=\"twitter:card\" content=\"summary_large_image\" \/>\n<meta name=\"twitter:creator\" content=\"@RajapackES\" \/>\n<meta name=\"twitter:site\" content=\"@RajapackES\" \/>\n<meta name=\"twitter:label1\" content=\"Escrito por\" \/>\n\t<meta name=\"twitter:data1\" content=\"Rajapack\" \/>\n\t<meta name=\"twitter:label2\" content=\"Tiempo de lectura\" \/>\n\t<meta name=\"twitter:data2\" content=\"1 minuto\" \/>\n<script type=\"application\/ld+json\" class=\"yoast-schema-graph\">{\n\t    \"@context\": \"https:\/\/schema.org\",\n\t    \"@graph\": [\n\t        {\n\t            \"@type\": \"Article\",\n\t            \"@id\": \"https:\/\/www.rajapack.es\/blog-es\/las-cajas-de-rajapack-de-nuevo-en-el-hormiguero#article\",\n\t            \"isPartOf\": {\n\t                \"@id\": \"https:\/\/www.rajapack.es\/blog-es\/las-cajas-de-rajapack-de-nuevo-en-el-hormiguero\"\n\t            },\n\t            \"author\": {\n\t                \"name\": \"Rajapack\",\n\t                \"@id\": \"https:\/\/www.rajapack.es\/blog-es\/#\/schema\/person\/400c27752a59dd208888711c96f5fc9d\"\n\t            },\n\t            \"headline\": \"Las cajas de Rajapack de nuevo en El Hormiguero\",\n\t            \"datePublished\": \"2015-07-16T10:40:46+00:00\",\n\t            \"dateModified\": \"2018-01-29T10:03:04+00:00\",\n\t            \"mainEntityOfPage\": {\n\t                \"@id\": \"https:\/\/www.rajapack.es\/blog-es\/las-cajas-de-rajapack-de-nuevo-en-el-hormiguero\"\n\t            },\n\t            \"wordCount\": 205,\n\t            \"commentCount\": 0,\n\t            \"publisher\": {\n\t                \"@id\": \"https:\/\/www.rajapack.es\/blog-es\/#organization\"\n\t            },\n\t            \"image\": {\n\t                \"@id\": \"https:\/\/www.rajapack.es\/blog-es\/las-cajas-de-rajapack-de-nuevo-en-el-hormiguero#primaryimage\"\n\t            },\n\t            \"thumbnailUrl\": \"https:\/\/www.rajapack.es\/blog-es\/wp-content\/uploads\/2015\/07\/El-Homiguero_Rajapack_Cara_Delevigne-2.jpg\",\n\t            \"keywords\": [\n\t                \"El Hormiguero\"\n\t            ],\n\t            \"articleSection\": [\n\t                \"Noticias y eventos\"\n\t            ],\n\t            \"inLanguage\": \"es\",\n\t            \"potentialAction\": [\n\t                {\n\t                    \"@type\": \"CommentAction\",\n\t                    \"name\": \"Comment\",\n\t                    \"target\": [\n\t                        \"https:\/\/www.rajapack.es\/blog-es\/las-cajas-de-rajapack-de-nuevo-en-el-hormiguero#respond\"\n\t                    ]\n\t                }\n\t            ]\n\t        },\n\t        {\n\t            \"@type\": \"WebPage\",\n\t            \"@id\": \"https:\/\/www.rajapack.es\/blog-es\/las-cajas-de-rajapack-de-nuevo-en-el-hormiguero\",\n\t            \"url\": \"https:\/\/www.rajapack.es\/blog-es\/las-cajas-de-rajapack-de-nuevo-en-el-hormiguero\",\n\t            \"name\": \"Las cajas de Rajapack de nuevo en El Hormiguero\",\n\t            \"isPartOf\": {\n\t                \"@id\": \"https:\/\/www.rajapack.es\/blog-es\/#website\"\n\t            },\n\t            \"primaryImageOfPage\": {\n\t                \"@id\": \"https:\/\/www.rajapack.es\/blog-es\/las-cajas-de-rajapack-de-nuevo-en-el-hormiguero#primaryimage\"\n\t            },\n\t            \"image\": {\n\t                \"@id\": \"https:\/\/www.rajapack.es\/blog-es\/las-cajas-de-rajapack-de-nuevo-en-el-hormiguero#primaryimage\"\n\t            },\n\t            \"thumbnailUrl\": \"https:\/\/www.rajapack.es\/blog-es\/wp-content\/uploads\/2015\/07\/El-Homiguero_Rajapack_Cara_Delevigne-2.jpg\",\n\t            \"datePublished\": \"2015-07-16T10:40:46+00:00\",\n\t            \"dateModified\": \"2018-01-29T10:03:04+00:00\",\n\t            \"description\": \"El pasado 8 de julio, estuvimos presentes de nuevo en El Hormiguero (A3) y ya es la quinta ocasi\u00f3n en que alguno de nuestros productos hacen de \u201cextras\u201d\",\n\t            \"inLanguage\": \"es\",\n\t            \"potentialAction\": [\n\t                {\n\t                    \"@type\": \"ReadAction\",\n\t                    \"target\": [\n\t                        \"https:\/\/www.rajapack.es\/blog-es\/las-cajas-de-rajapack-de-nuevo-en-el-hormiguero\"\n\t                    ]\n\t                }\n\t            ]\n\t        },\n\t        {\n\t            \"@type\": \"ImageObject\",\n\t            \"inLanguage\": \"es\",\n\t            \"@id\": \"https:\/\/www.rajapack.es\/blog-es\/las-cajas-de-rajapack-de-nuevo-en-el-hormiguero#primaryimage\",\n\t            \"url\": \"https:\/\/www.rajapack.es\/blog-es\/wp-content\/uploads\/2015\/07\/El-Homiguero_Rajapack_Cara_Delevigne-2.jpg\",\n\t            \"contentUrl\": \"https:\/\/www.rajapack.es\/blog-es\/wp-content\/uploads\/2015\/07\/El-Homiguero_Rajapack_Cara_Delevigne-2.jpg\",\n\t            \"width\": 528,\n\t            \"height\": 297,\n\t            \"caption\": \"El Homiguero_Rajapack_Cara_Delevigne\"\n\t        },\n\t        {\n\t            \"@type\": \"WebSite\",\n\t            \"@id\": \"https:\/\/www.rajapack.es\/blog-es\/#website\",\n\t            \"url\": \"https:\/\/www.rajapack.es\/blog-es\/\",\n\t            \"name\": \"RAJAPACK Blog | Consejos de embalaje, log\u00edstica y m\u00e1s\",\n\t            \"description\": \"Consejos de embalaje, logistica y m\u00e1s\",\n\t            \"publisher\": {\n\t                \"@id\": \"https:\/\/www.rajapack.es\/blog-es\/#organization\"\n\t            },\n\t            \"potentialAction\": [\n\t                {\n\t                    \"@type\": \"SearchAction\",\n\t                    \"target\": {\n\t                        \"@type\": \"EntryPoint\",\n\t                        \"urlTemplate\": \"https:\/\/www.rajapack.es\/blog-es\/?s={search_term_string}\"\n\t                    },\n\t                    \"query-input\": {\n\t                        \"@type\": \"PropertyValueSpecification\",\n\t                        \"valueRequired\": true,\n\t                        \"valueName\": \"search_term_string\"\n\t                    }\n\t                }\n\t            ],\n\t            \"inLanguage\": \"es\"\n\t        },\n\t        {\n\t            \"@type\": \"Organization\",\n\t            \"@id\": \"https:\/\/www.rajapack.es\/blog-es\/#organization\",\n\t            \"name\": \"RAJA ES\",\n\t            \"url\": \"https:\/\/www.rajapack.es\/blog-es\/\",\n\t            \"logo\": {\n\t                \"@type\": \"ImageObject\",\n\t                \"inLanguage\": \"es\",\n\t                \"@id\": \"https:\/\/www.rajapack.es\/blog-es\/#\/schema\/logo\/image\/\",\n\t                \"url\": \"https:\/\/www.rajapack.es\/blog-es\/wp-content\/uploads\/2021\/10\/logo-mobile@3x.png\",\n\t                \"contentUrl\": \"https:\/\/www.rajapack.es\/blog-es\/wp-content\/uploads\/2021\/10\/logo-mobile@3x.png\",\n\t                \"width\": 534,\n\t                \"height\": 114,\n\t                \"caption\": \"RAJA ES\"\n\t            },\n\t            \"image\": {\n\t                \"@id\": \"https:\/\/www.rajapack.es\/blog-es\/#\/schema\/logo\/image\/\"\n\t            },\n\t            \"sameAs\": [\n\t                \"https:\/\/www.facebook.com\/Rajapack.es\",\n\t                \"https:\/\/x.com\/RajapackES\",\n\t                \"https:\/\/www.linkedin.com\/company\/rajapack-spain\/\",\n\t                \"https:\/\/www.youtube.com\/user\/RajapackES\"\n\t            ]\n\t        },\n\t        {\n\t            \"@type\": \"Person\",\n\t            \"@id\": \"https:\/\/www.rajapack.es\/blog-es\/#\/schema\/person\/400c27752a59dd208888711c96f5fc9d\",\n\t            \"name\": \"Rajapack\",\n\t            \"image\": {\n\t                \"@type\": \"ImageObject\",\n\t                \"inLanguage\": \"es\",\n\t                \"@id\": \"https:\/\/www.rajapack.es\/blog-es\/#\/schema\/person\/image\/\",\n\t                \"url\": \"https:\/\/secure.gravatar.com\/avatar\/38091fb406fcb37229e1256d26439fbc?s=96&d=mm&r=g\",\n\t                \"contentUrl\": \"https:\/\/secure.gravatar.com\/avatar\/38091fb406fcb37229e1256d26439fbc?s=96&d=mm&r=g\",\n\t                \"caption\": \"Rajapack\"\n\t            },\n\t            \"url\": \"https:\/\/www.rajapack.es\/blog-es\/author\/relevant_traffic\"\n\t        }\n\t    ]\n\t}<\/script>\n","yoast_head_json":{"title":"Las cajas de Rajapack de nuevo en El Hormiguero","description":"El pasado 8 de julio, estuvimos presentes de nuevo en El Hormiguero (A3) y ya es la quinta ocasi\u00f3n en que alguno de nuestros productos hacen de \u201cextras\u201d","robots":{"index":"index","follow":"follow","max-snippet":"max-snippet:-1","max-image-preview":"max-image-preview:large","max-video-preview":"max-video-preview:-1"},"canonical":"https:\/\/www.rajapack.es\/blog-es\/las-cajas-de-rajapack-de-nuevo-en-el-hormiguero","og_locale":"es_ES","og_type":"article","og_title":"Las cajas de Rajapack de nuevo en El Hormiguero","og_description":"El pasado 8 de julio, estuvimos presentes de nuevo en El Hormiguero (A3) y ya es la quinta ocasi\u00f3n en que alguno de nuestros productos hacen de \u201cextras\u201d","og_url":"https:\/\/www.rajapack.es\/blog-es\/las-cajas-de-rajapack-de-nuevo-en-el-hormiguero","og_site_name":"RAJAPACK Blog | Consejos de embalaje, log\u00edstica y m\u00e1s","article_publisher":"https:\/\/www.facebook.com\/Rajapack.es","article_published_time":"2015-07-16T10:40:46+00:00","article_modified_time":"2018-01-29T10:03:04+00:00","og_image":[{"width":528,"height":297,"url":"https:\/\/www.rajapack.es\/blog-es\/wp-content\/uploads\/2015\/07\/El-Homiguero_Rajapack_Cara_Delevigne-2.jpg","type":"image\/jpeg"}],"author":"Rajapack","twitter_card":"summary_large_image","twitter_creator":"@RajapackES","twitter_site":"@RajapackES","twitter_misc":{"Escrito por":"Rajapack","Tiempo de lectura":"1 minuto"},"schema":{"@context":"https:\/\/schema.org","@graph":[{"@type":"Article","@id":"https:\/\/www.rajapack.es\/blog-es\/las-cajas-de-rajapack-de-nuevo-en-el-hormiguero#article","isPartOf":{"@id":"https:\/\/www.rajapack.es\/blog-es\/las-cajas-de-rajapack-de-nuevo-en-el-hormiguero"},"author":{"name":"Rajapack","@id":"https:\/\/www.rajapack.es\/blog-es\/#\/schema\/person\/400c27752a59dd208888711c96f5fc9d"},"headline":"Las cajas de Rajapack de nuevo en El Hormiguero","datePublished":"2015-07-16T10:40:46+00:00","dateModified":"2018-01-29T10:03:04+00:00","mainEntityOfPage":{"@id":"https:\/\/www.rajapack.es\/blog-es\/las-cajas-de-rajapack-de-nuevo-en-el-hormiguero"},"wordCount":205,"commentCount":0,"publisher":{"@id":"https:\/\/www.rajapack.es\/blog-es\/#organization"},"image":{"@id":"https:\/\/www.rajapack.es\/blog-es\/las-cajas-de-rajapack-de-nuevo-en-el-hormiguero#primaryimage"},"thumbnailUrl":"https:\/\/www.rajapack.es\/blog-es\/wp-content\/uploads\/2015\/07\/El-Homiguero_Rajapack_Cara_Delevigne-2.jpg","keywords":["El Hormiguero"],"articleSection":["Noticias y eventos"],"inLanguage":"es","potentialAction":[{"@type":"CommentAction","name":"Comment","target":["https:\/\/www.rajapack.es\/blog-es\/las-cajas-de-rajapack-de-nuevo-en-el-hormiguero#respond"]}]},{"@type":"WebPage","@id":"https:\/\/www.rajapack.es\/blog-es\/las-cajas-de-rajapack-de-nuevo-en-el-hormiguero","url":"https:\/\/www.rajapack.es\/blog-es\/las-cajas-de-rajapack-de-nuevo-en-el-hormiguero","name":"Las cajas de Rajapack de nuevo en El Hormiguero","isPartOf":{"@id":"https:\/\/www.rajapack.es\/blog-es\/#website"},"primaryImageOfPage":{"@id":"https:\/\/www.rajapack.es\/blog-es\/las-cajas-de-rajapack-de-nuevo-en-el-hormiguero#primaryimage"},"image":{"@id":"https:\/\/www.rajapack.es\/blog-es\/las-cajas-de-rajapack-de-nuevo-en-el-hormiguero#primaryimage"},"thumbnailUrl":"https:\/\/www.rajapack.es\/blog-es\/wp-content\/uploads\/2015\/07\/El-Homiguero_Rajapack_Cara_Delevigne-2.jpg","datePublished":"2015-07-16T10:40:46+00:00","dateModified":"2018-01-29T10:03:04+00:00","description":"El pasado 8 de julio, estuvimos presentes de nuevo en El Hormiguero (A3) y ya es la quinta ocasi\u00f3n en que alguno de nuestros productos hacen de \u201cextras\u201d","inLanguage":"es","potentialAction":[{"@type":"ReadAction","target":["https:\/\/www.rajapack.es\/blog-es\/las-cajas-de-rajapack-de-nuevo-en-el-hormiguero"]}]},{"@type":"ImageObject","inLanguage":"es","@id":"https:\/\/www.rajapack.es\/blog-es\/las-cajas-de-rajapack-de-nuevo-en-el-hormiguero#primaryimage","url":"https:\/\/www.rajapack.es\/blog-es\/wp-content\/uploads\/2015\/07\/El-Homiguero_Rajapack_Cara_Delevigne-2.jpg","contentUrl":"https:\/\/www.rajapack.es\/blog-es\/wp-content\/uploads\/2015\/07\/El-Homiguero_Rajapack_Cara_Delevigne-2.jpg","width":528,"height":297,"caption":"El Homiguero_Rajapack_Cara_Delevigne"},{"@type":"WebSite","@id":"https:\/\/www.rajapack.es\/blog-es\/#website","url":"https:\/\/www.rajapack.es\/blog-es\/","name":"RAJAPACK Blog | Consejos de embalaje, log\u00edstica y m\u00e1s","description":"Consejos de embalaje, logistica y m\u00e1s","publisher":{"@id":"https:\/\/www.rajapack.es\/blog-es\/#organization"},"potentialAction":[{"@type":"SearchAction","target":{"@type":"EntryPoint","urlTemplate":"https:\/\/www.rajapack.es\/blog-es\/?s={search_term_string}"},"query-input":{"@type":"PropertyValueSpecification","valueRequired":true,"valueName":"search_term_string"}}],"inLanguage":"es"},{"@type":"Organization","@id":"https:\/\/www.rajapack.es\/blog-es\/#organization","name":"RAJA ES","url":"https:\/\/www.rajapack.es\/blog-es\/","logo":{"@type":"ImageObject","inLanguage":"es","@id":"https:\/\/www.rajapack.es\/blog-es\/#\/schema\/logo\/image\/","url":"https:\/\/www.rajapack.es\/blog-es\/wp-content\/uploads\/2021\/10\/logo-mobile@3x.png","contentUrl":"https:\/\/www.rajapack.es\/blog-es\/wp-content\/uploads\/2021\/10\/logo-mobile@3x.png","width":534,"height":114,"caption":"RAJA ES"},"image":{"@id":"https:\/\/www.rajapack.es\/blog-es\/#\/schema\/logo\/image\/"},"sameAs":["https:\/\/www.facebook.com\/Rajapack.es","https:\/\/x.com\/RajapackES","https:\/\/www.linkedin.com\/company\/rajapack-spain\/","https:\/\/www.youtube.com\/user\/RajapackES"]},{"@type":"Person","@id":"https:\/\/www.rajapack.es\/blog-es\/#\/schema\/person\/400c27752a59dd208888711c96f5fc9d","name":"Rajapack","image":{"@type":"ImageObject","inLanguage":"es","@id":"https:\/\/www.rajapack.es\/blog-es\/#\/schema\/person\/image\/","url":"https:\/\/secure.gravatar.com\/avatar\/38091fb406fcb37229e1256d26439fbc?s=96&d=mm&r=g","contentUrl":"https:\/\/secure.gravatar.com\/avatar\/38091fb406fcb37229e1256d26439fbc?s=96&d=mm&r=g","caption":"Rajapack"},"url":"https:\/\/www.rajapack.es\/blog-es\/author\/relevant_traffic"}]}},"_links":{"self":[{"href":"https:\/\/www.rajapack.es\/blog-es\/wp-json\/wp\/v2\/posts\/2919"}],"collection":[{"href":"https:\/\/www.rajapack.es\/blog-es\/wp-json\/wp\/v2\/posts"}],"about":[{"href":"https:\/\/www.rajapack.es\/blog-es\/wp-json\/wp\/v2\/types\/post"}],"author":[{"embeddable":true,"href":"https:\/\/www.rajapack.es\/blog-es\/wp-json\/wp\/v2\/users\/11"}],"replies":[{"embeddable":true,"href":"https:\/\/www.rajapack.es\/blog-es\/wp-json\/wp\/v2\/comments?post=2919"}],"version-history":[{"count":0,"href":"https:\/\/www.rajapack.es\/blog-es\/wp-json\/wp\/v2\/posts\/2919\/revisions"}],"wp:featuredmedia":[{"embeddable":true,"href":"https:\/\/www.rajapack.es\/blog-es\/wp-json\/wp\/v2\/media\/2925"}],"wp:attachment":[{"href":"https:\/\/www.rajapack.es\/blog-es\/wp-json\/wp\/v2\/media?parent=2919"}],"wp:term":[{"taxonomy":"category","embeddable":true,"href":"https:\/\/www.rajapack.es\/blog-es\/wp-json\/wp\/v2\/categories?post=2919"},{"taxonomy":"post_tag","embeddable":true,"href":"https:\/\/www.rajapack.es\/blog-es\/wp-json\/wp\/v2\/tags?post=2919"}],"curies":[{"name":"wp","href":"https:\/\/api.w.org\/{rel}","templated":true}]}}