{"id":3033,"date":"2015-08-18T10:26:07","date_gmt":"2015-08-18T08:26:07","guid":{"rendered":"https:\/\/blog-staging-es.raja-group.com\/?p=3033"},"modified":"2022-04-04T01:16:01","modified_gmt":"2022-04-03T23:16:01","slug":"como-decorar-tu-calle-como-si-fuesen-las-fiestas-de-gracia","status":"publish","type":"post","link":"https:\/\/www.rajapack.es\/blog-es\/como-decorar-tu-calle-como-si-fuesen-las-fiestas-de-gracia","title":{"rendered":"C\u00f3mo decorar tu calle como si fuesen las fiestas de Gracia"},"content":{"rendered":"<p>Durante esta semana se est\u00e1n celebrando las fiestas del conocido barrio de Barcelona de Gracia donde, entre fiestas y conciertos, destacan por ofrecer una imagen nueva de sus calles con una decoraci\u00f3n espectacular que llama la atenci\u00f3n a cada a\u00f1o m\u00e1s visitantes.<\/p>\n<p>Una de las condiciones para la creaci\u00f3n de estas decoraciones es el uso de materiales reciclables (o reciclados o reutilizados). \u00bfReconocer\u00edais algunos de estos materiales en las siguientes fotos?<\/p>\n<p><a href=\"https:\/\/www.rajapack.es\/relleno-proteccion\/plastico-burbujas\/film-plastico-burbujas-reciclado-al-50pc-rajabul_PDT248586.html\">Pl\u00e1stico film de burbujas con materiales reciclados:<\/a><\/p>\n<p>Si os hab\u00e9is pasado por el Carrer Verdi, ganador de esta edici\u00f3n, ver\u00e9is colgando del techo una incre\u00edble decoraci\u00f3n realizada con pl\u00e1stico de burbujas, que consigue un efecto \u00fanico. <em>\u00a0<\/em><\/p>\n<figure id=\"attachment_3036\" aria-describedby=\"caption-attachment-3036\" style=\"width: 639px\" class=\"wp-caption alignnone\"><a href=\"https:\/\/www.rajapack.es\/blog-es\/wp-content\/uploads\/2015\/08\/fiestasgracia_verdi2-2.jpg\"><img loading=\"lazy\" decoding=\"async\" class=\"size-full wp-image-3036\" src=\"https:\/\/www.rajapack.es\/blog-es\/wp-content\/uploads\/2015\/08\/fiestasgracia_verdi2-2.jpg\" alt=\"Barcelona 15\/08\/2015 Fiestas de Gracia. Foto : Alvaro Monge\" width=\"639\" height=\"426\" srcset=\"https:\/\/www.rajapack.es\/blog-es\/wp-content\/uploads\/2015\/08\/fiestasgracia_verdi2-2.jpg 639w, https:\/\/www.rajapack.es\/blog-es\/wp-content\/uploads\/2015\/08\/fiestasgracia_verdi2-2-430x287.jpg 430w, https:\/\/www.rajapack.es\/blog-es\/wp-content\/uploads\/2015\/08\/fiestasgracia_verdi2-2-620x413.jpg 620w, https:\/\/www.rajapack.es\/blog-es\/wp-content\/uploads\/2015\/08\/fiestasgracia_verdi2-2-338x225.jpg 338w\" sizes=\"(max-width: 639px) 100vw, 639px\" \/><\/a><figcaption id=\"caption-attachment-3036\" class=\"wp-caption-text\">Barcelona 15\/08\/2015 Fiestas de Gracia. Foto : Alvaro Monge. Fuente: Elperi\u00f3dico.com<\/figcaption><\/figure>\n<p>&nbsp;<\/p>\n<p><a href=\"https:\/\/www.rajapack.es\/relleno-proteccion\/papel-embalaje-carton-ondulado\/papel-kraft-natural-rollo-calidad-72-gr-m2-rajakraft-super_PDT01638.html\">Papel kraft reciclado:<\/a><\/p>\n<p>Una de las mejores opciones para recubrir las estructuras y poder pintar encima es el papel kraft. Sin duda uno de los materiales m\u00e1s utilizados entre las diferentes calles de Gracia.<\/p>\n<figure id=\"attachment_3035\" aria-describedby=\"caption-attachment-3035\" style=\"width: 639px\" class=\"wp-caption alignnone\"><a href=\"https:\/\/www.rajapack.es\/blog-es\/wp-content\/uploads\/2015\/08\/fiestasgracia_verdi1-2.jpg\"><img loading=\"lazy\" decoding=\"async\" class=\"size-full wp-image-3035\" src=\"https:\/\/www.rajapack.es\/blog-es\/wp-content\/uploads\/2015\/08\/fiestasgracia_verdi1-2.jpg\" alt=\"Barcelona 15\/08\/2015 Fiestas de Gracias. Calle Verdi con el tema Japon tradicional Foto : Alvaro Monge\" width=\"639\" height=\"426\" srcset=\"https:\/\/www.rajapack.es\/blog-es\/wp-content\/uploads\/2015\/08\/fiestasgracia_verdi1-2.jpg 639w, https:\/\/www.rajapack.es\/blog-es\/wp-content\/uploads\/2015\/08\/fiestasgracia_verdi1-2-430x287.jpg 430w, https:\/\/www.rajapack.es\/blog-es\/wp-content\/uploads\/2015\/08\/fiestasgracia_verdi1-2-620x413.jpg 620w, https:\/\/www.rajapack.es\/blog-es\/wp-content\/uploads\/2015\/08\/fiestasgracia_verdi1-2-338x225.jpg 338w\" sizes=\"(max-width: 639px) 100vw, 639px\" \/><\/a><figcaption id=\"caption-attachment-3035\" class=\"wp-caption-text\">Barcelona 15\/08\/2015 Fiestas de Gracias. Calle Verdi con el tema Japon tradicional Foto : Alvaro Monge. Fuente: Elperi\u00f3dico.com<\/figcaption><\/figure>\n<p>&nbsp;<\/p>\n<p><a href=\"https:\/\/www.rajapack.es\/sobres-bolsas-tubos-envio\/tubos-envio\/tubo-envio-marron-rajatube_PDT05623.html\">Tubos de env\u00edo:<\/a><\/p>\n<p>Esta torre Eiffel ha sido una de las figuras m\u00e1s llamativas de estas fiestas. Creado a base de mandriles de los rollos de film y los tubos de env\u00edo. Sin duda, una forma sorprendente de llamar la atenci\u00f3n que solo se puede conseguir con materiales muy resistentes (recordad que estos d\u00edas no ha parado de llover por Barcelona y la estructura sigue intacta)<\/p>\n<p><a href=\"https:\/\/www.rajapack.es\/blog-es\/wp-content\/uploads\/2015\/08\/M_996710-2.jpg\"><img loading=\"lazy\" decoding=\"async\" class=\"alignnone size-full wp-image-3037\" src=\"https:\/\/www.rajapack.es\/blog-es\/wp-content\/uploads\/2015\/08\/M_996710-2.jpg\" alt=\"M_996710\" width=\"366\" height=\"550\" srcset=\"https:\/\/www.rajapack.es\/blog-es\/wp-content\/uploads\/2015\/08\/M_996710-2.jpg 366w, https:\/\/www.rajapack.es\/blog-es\/wp-content\/uploads\/2015\/08\/M_996710-2-286x430.jpg 286w, https:\/\/www.rajapack.es\/blog-es\/wp-content\/uploads\/2015\/08\/M_996710-2-150x225.jpg 150w\" sizes=\"(max-width: 366px) 100vw, 366px\" \/><\/a><\/p>\n<p><small><em>Fuente: Vilaweb.cat<\/em><\/small><\/p>\n<p>Todos los que teng\u00e1is la oportunidad de pasar por estas fiestas, os recomendamos que no os las perd\u00e1is y, adem\u00e1s, ech\u00e9is un vistazo a las decoraciones, seguro que podr\u00e9is encontrar distintos materiales presentes en Rajapack.es<\/p>\n<p>\u00bfReconocer\u00edais algunos de los siguientes?<\/p>\n<p><em><a href=\"https:\/\/www.rajapack.es\/blog-es\/wp-content\/uploads\/2015\/08\/carrer-providencia-2.jpg\"><img loading=\"lazy\" decoding=\"async\" class=\" size-full wp-image-3038 alignleft\" src=\"https:\/\/www.rajapack.es\/blog-es\/wp-content\/uploads\/2015\/08\/carrer-providencia-2.jpg\" alt=\"carrer-providencia\" width=\"550\" height=\"396\" srcset=\"https:\/\/www.rajapack.es\/blog-es\/wp-content\/uploads\/2015\/08\/carrer-providencia-2.jpg 550w, https:\/\/www.rajapack.es\/blog-es\/wp-content\/uploads\/2015\/08\/carrer-providencia-2-430x310.jpg 430w, https:\/\/www.rajapack.es\/blog-es\/wp-content\/uploads\/2015\/08\/carrer-providencia-2-313x225.jpg 313w\" sizes=\"(max-width: 550px) 100vw, 550px\" \/><img loading=\"lazy\" decoding=\"async\" class=\"alignnone size-full wp-image-3034\" src=\"https:\/\/www.rajapack.es\/blog-es\/wp-content\/uploads\/2015\/08\/fiestasgracia_FRATERNITAT-2.jpg\" alt=\"fiestasgracia_FRATERNITAT\" width=\"550\" height=\"413\" srcset=\"https:\/\/www.rajapack.es\/blog-es\/wp-content\/uploads\/2015\/08\/fiestasgracia_FRATERNITAT-2.jpg 550w, https:\/\/www.rajapack.es\/blog-es\/wp-content\/uploads\/2015\/08\/fiestasgracia_FRATERNITAT-2-320x240.jpg 320w, https:\/\/www.rajapack.es\/blog-es\/wp-content\/uploads\/2015\/08\/fiestasgracia_FRATERNITAT-2-430x323.jpg 430w, https:\/\/www.rajapack.es\/blog-es\/wp-content\/uploads\/2015\/08\/fiestasgracia_FRATERNITAT-2-300x225.jpg 300w\" sizes=\"(max-width: 550px) 100vw, 550px\" \/><\/a><\/em><\/p>\n<p><small><em>Fuente: viaterra.net<\/em><\/small><\/p>\n<p>Recuerda que en nuestra p\u00e1gina podr\u00e1s encontrar una gran selecci\u00f3n de <a href=\"https:\/\/www.rajapack.es\/embalaje-ecologico_cms_000041.html\">productos de embalage con materiales reciclados<\/a><\/p>\n","protected":false},"excerpt":{"rendered":"<p>Durante esta semana se est\u00e1n celebrando las fiestas del conocido barrio de Barcelona de Gracia donde, entre fiestas y conciertos, destacan por ofrecer una imagen nueva de sus calles con [&#8230;]<\/p>\n","protected":false},"author":12,"featured_media":3034,"comment_status":"open","ping_status":"open","sticky":false,"template":"","format":"standard","meta":{"_acf_changed":false,"footnotes":""},"categories":[4],"tags":[515],"class_list":["post-3033","post","type-post","status-publish","format-standard","has-post-thumbnail","hentry","category-embalaje","tag-manualidades"],"acf":[],"yoast_head":"\n<title>C\u00f3mo decorar tu calle como si fuesen las fiestas de Gracia - Rajapack<\/title>\n<meta name=\"description\" content=\"\u00bfQu\u00e9 materiales utilizar para conseguir una decoraci\u00f3n al m\u00e1s puro estilo Festes de Gracia? Aqu\u00ed te dejamos algunos consejos\" \/>\n<meta name=\"robots\" content=\"index, follow, max-snippet:-1, max-image-preview:large, max-video-preview:-1\" \/>\n<link rel=\"canonical\" href=\"https:\/\/www.rajapack.es\/blog-es\/como-decorar-tu-calle-como-si-fuesen-las-fiestas-de-gracia\" \/>\n<meta property=\"og:locale\" content=\"es_ES\" \/>\n<meta property=\"og:type\" content=\"article\" \/>\n<meta property=\"og:title\" content=\"C\u00f3mo decorar tu calle como si fuesen las fiestas de Gracia - Rajapack\" \/>\n<meta property=\"og:description\" content=\"\u00bfQu\u00e9 materiales utilizar para conseguir una decoraci\u00f3n al m\u00e1s puro estilo Festes de Gracia? Aqu\u00ed te dejamos algunos consejos\" \/>\n<meta property=\"og:url\" content=\"https:\/\/www.rajapack.es\/blog-es\/como-decorar-tu-calle-como-si-fuesen-las-fiestas-de-gracia\" \/>\n<meta property=\"og:site_name\" content=\"RAJAPACK Blog | Consejos de embalaje, log\u00edstica y m\u00e1s\" \/>\n<meta property=\"article:publisher\" content=\"https:\/\/www.facebook.com\/Rajapack.es\" \/>\n<meta property=\"article:published_time\" content=\"2015-08-18T08:26:07+00:00\" \/>\n<meta property=\"article:modified_time\" content=\"2022-04-03T23:16:01+00:00\" \/>\n<meta property=\"og:image\" content=\"https:\/\/www.rajapack.es\/blog-es\/wp-content\/uploads\/2015\/08\/fiestasgracia_FRATERNITAT-2.jpg\" \/>\n\t<meta property=\"og:image:width\" content=\"550\" \/>\n\t<meta property=\"og:image:height\" content=\"413\" \/>\n\t<meta property=\"og:image:type\" content=\"image\/jpeg\" \/>\n<meta name=\"author\" content=\"Ana MARIN\" \/>\n<meta name=\"twitter:card\" content=\"summary_large_image\" \/>\n<meta name=\"twitter:creator\" content=\"@RajapackES\" \/>\n<meta name=\"twitter:site\" content=\"@RajapackES\" \/>\n<meta name=\"twitter:label1\" content=\"Escrito por\" \/>\n\t<meta name=\"twitter:data1\" content=\"Ana MARIN\" \/>\n\t<meta name=\"twitter:label2\" content=\"Tiempo de lectura\" \/>\n\t<meta name=\"twitter:data2\" content=\"2 minutos\" \/>\n<script type=\"application\/ld+json\" class=\"yoast-schema-graph\">{\n\t    \"@context\": \"https:\/\/schema.org\",\n\t    \"@graph\": [\n\t        {\n\t            \"@type\": \"Article\",\n\t            \"@id\": \"https:\/\/www.rajapack.es\/blog-es\/como-decorar-tu-calle-como-si-fuesen-las-fiestas-de-gracia#article\",\n\t            \"isPartOf\": {\n\t                \"@id\": \"https:\/\/www.rajapack.es\/blog-es\/como-decorar-tu-calle-como-si-fuesen-las-fiestas-de-gracia\"\n\t            },\n\t            \"author\": {\n\t                \"name\": \"Ana MARIN\",\n\t                \"@id\": \"https:\/\/www.rajapack.es\/blog-es\/#\/schema\/person\/04fd300fa2b06042038f6df85b69b4b5\"\n\t            },\n\t            \"headline\": \"C\u00f3mo decorar tu calle como si fuesen las fiestas de Gracia\",\n\t            \"datePublished\": \"2015-08-18T08:26:07+00:00\",\n\t            \"dateModified\": \"2022-04-03T23:16:01+00:00\",\n\t            \"mainEntityOfPage\": {\n\t                \"@id\": \"https:\/\/www.rajapack.es\/blog-es\/como-decorar-tu-calle-como-si-fuesen-las-fiestas-de-gracia\"\n\t            },\n\t            \"wordCount\": 357,\n\t            \"commentCount\": 0,\n\t            \"publisher\": {\n\t                \"@id\": \"https:\/\/www.rajapack.es\/blog-es\/#organization\"\n\t            },\n\t            \"image\": {\n\t                \"@id\": \"https:\/\/www.rajapack.es\/blog-es\/como-decorar-tu-calle-como-si-fuesen-las-fiestas-de-gracia#primaryimage\"\n\t            },\n\t            \"thumbnailUrl\": \"https:\/\/www.rajapack.es\/blog-es\/wp-content\/uploads\/2015\/08\/fiestasgracia_FRATERNITAT-2.jpg\",\n\t            \"keywords\": [\n\t                \"Manualidades\"\n\t            ],\n\t            \"articleSection\": [\n\t                \"Novedades &amp; Consejos de embalaje\"\n\t            ],\n\t            \"inLanguage\": \"es\",\n\t            \"potentialAction\": [\n\t                {\n\t                    \"@type\": \"CommentAction\",\n\t                    \"name\": \"Comment\",\n\t                    \"target\": [\n\t                        \"https:\/\/www.rajapack.es\/blog-es\/como-decorar-tu-calle-como-si-fuesen-las-fiestas-de-gracia#respond\"\n\t                    ]\n\t                }\n\t            ]\n\t        },\n\t        {\n\t            \"@type\": \"WebPage\",\n\t            \"@id\": \"https:\/\/www.rajapack.es\/blog-es\/como-decorar-tu-calle-como-si-fuesen-las-fiestas-de-gracia\",\n\t            \"url\": \"https:\/\/www.rajapack.es\/blog-es\/como-decorar-tu-calle-como-si-fuesen-las-fiestas-de-gracia\",\n\t            \"name\": \"C\u00f3mo decorar tu calle como si fuesen las fiestas de Gracia - Rajapack\",\n\t            \"isPartOf\": {\n\t                \"@id\": \"https:\/\/www.rajapack.es\/blog-es\/#website\"\n\t            },\n\t            \"primaryImageOfPage\": {\n\t                \"@id\": \"https:\/\/www.rajapack.es\/blog-es\/como-decorar-tu-calle-como-si-fuesen-las-fiestas-de-gracia#primaryimage\"\n\t            },\n\t            \"image\": {\n\t                \"@id\": \"https:\/\/www.rajapack.es\/blog-es\/como-decorar-tu-calle-como-si-fuesen-las-fiestas-de-gracia#primaryimage\"\n\t            },\n\t            \"thumbnailUrl\": \"https:\/\/www.rajapack.es\/blog-es\/wp-content\/uploads\/2015\/08\/fiestasgracia_FRATERNITAT-2.jpg\",\n\t            \"datePublished\": \"2015-08-18T08:26:07+00:00\",\n\t            \"dateModified\": \"2022-04-03T23:16:01+00:00\",\n\t            \"description\": \"\u00bfQu\u00e9 materiales utilizar para conseguir una decoraci\u00f3n al m\u00e1s puro estilo Festes de Gracia? Aqu\u00ed te dejamos algunos consejos\",\n\t            \"inLanguage\": \"es\",\n\t            \"potentialAction\": [\n\t                {\n\t                    \"@type\": \"ReadAction\",\n\t                    \"target\": [\n\t                        \"https:\/\/www.rajapack.es\/blog-es\/como-decorar-tu-calle-como-si-fuesen-las-fiestas-de-gracia\"\n\t                    ]\n\t                }\n\t            ]\n\t        },\n\t        {\n\t            \"@type\": \"ImageObject\",\n\t            \"inLanguage\": \"es\",\n\t            \"@id\": \"https:\/\/www.rajapack.es\/blog-es\/como-decorar-tu-calle-como-si-fuesen-las-fiestas-de-gracia#primaryimage\",\n\t            \"url\": \"https:\/\/www.rajapack.es\/blog-es\/wp-content\/uploads\/2015\/08\/fiestasgracia_FRATERNITAT-2.jpg\",\n\t            \"contentUrl\": \"https:\/\/www.rajapack.es\/blog-es\/wp-content\/uploads\/2015\/08\/fiestasgracia_FRATERNITAT-2.jpg\",\n\t            \"width\": 550,\n\t            \"height\": 413\n\t        },\n\t        {\n\t            \"@type\": \"WebSite\",\n\t            \"@id\": \"https:\/\/www.rajapack.es\/blog-es\/#website\",\n\t            \"url\": \"https:\/\/www.rajapack.es\/blog-es\/\",\n\t            \"name\": \"RAJAPACK Blog | Consejos de embalaje, log\u00edstica y m\u00e1s\",\n\t            \"description\": \"Consejos de embalaje, logistica y m\u00e1s\",\n\t            \"publisher\": {\n\t                \"@id\": \"https:\/\/www.rajapack.es\/blog-es\/#organization\"\n\t            },\n\t            \"potentialAction\": [\n\t                {\n\t                    \"@type\": \"SearchAction\",\n\t                    \"target\": {\n\t                        \"@type\": \"EntryPoint\",\n\t                        \"urlTemplate\": \"https:\/\/www.rajapack.es\/blog-es\/?s={search_term_string}\"\n\t                    },\n\t                    \"query-input\": {\n\t                        \"@type\": \"PropertyValueSpecification\",\n\t                        \"valueRequired\": true,\n\t                        \"valueName\": \"search_term_string\"\n\t                    }\n\t                }\n\t            ],\n\t            \"inLanguage\": \"es\"\n\t        },\n\t        {\n\t            \"@type\": \"Organization\",\n\t            \"@id\": \"https:\/\/www.rajapack.es\/blog-es\/#organization\",\n\t            \"name\": \"RAJA ES\",\n\t            \"url\": \"https:\/\/www.rajapack.es\/blog-es\/\",\n\t            \"logo\": {\n\t                \"@type\": \"ImageObject\",\n\t                \"inLanguage\": \"es\",\n\t                \"@id\": \"https:\/\/www.rajapack.es\/blog-es\/#\/schema\/logo\/image\/\",\n\t                \"url\": \"https:\/\/www.rajapack.es\/blog-es\/wp-content\/uploads\/2021\/10\/logo-mobile@3x.png\",\n\t                \"contentUrl\": \"https:\/\/www.rajapack.es\/blog-es\/wp-content\/uploads\/2021\/10\/logo-mobile@3x.png\",\n\t                \"width\": 534,\n\t                \"height\": 114,\n\t                \"caption\": \"RAJA ES\"\n\t            },\n\t            \"image\": {\n\t                \"@id\": \"https:\/\/www.rajapack.es\/blog-es\/#\/schema\/logo\/image\/\"\n\t            },\n\t            \"sameAs\": [\n\t                \"https:\/\/www.facebook.com\/Rajapack.es\",\n\t                \"https:\/\/x.com\/RajapackES\",\n\t                \"https:\/\/www.linkedin.com\/company\/rajapack-spain\/\",\n\t                \"https:\/\/www.youtube.com\/user\/RajapackES\"\n\t            ]\n\t        },\n\t        {\n\t            \"@type\": \"Person\",\n\t            \"@id\": \"https:\/\/www.rajapack.es\/blog-es\/#\/schema\/person\/04fd300fa2b06042038f6df85b69b4b5\",\n\t            \"name\": \"Ana MARIN\",\n\t            \"image\": {\n\t                \"@type\": \"ImageObject\",\n\t                \"inLanguage\": \"es\",\n\t                \"@id\": \"https:\/\/www.rajapack.es\/blog-es\/#\/schema\/person\/image\/\",\n\t                \"url\": \"https:\/\/secure.gravatar.com\/avatar\/652c925fca147acebb370b725d178d5c?s=96&d=mm&r=g\",\n\t                \"contentUrl\": \"https:\/\/secure.gravatar.com\/avatar\/652c925fca147acebb370b725d178d5c?s=96&d=mm&r=g\",\n\t                \"caption\": \"Ana MARIN\"\n\t            },\n\t            \"description\": \"Web marketer\",\n\t            \"url\": \"https:\/\/www.rajapack.es\/blog-es\/author\/amarin\"\n\t        }\n\t    ]\n\t}<\/script>\n","yoast_head_json":{"title":"C\u00f3mo decorar tu calle como si fuesen las fiestas de Gracia - Rajapack","description":"\u00bfQu\u00e9 materiales utilizar para conseguir una decoraci\u00f3n al m\u00e1s puro estilo Festes de Gracia? Aqu\u00ed te dejamos algunos consejos","robots":{"index":"index","follow":"follow","max-snippet":"max-snippet:-1","max-image-preview":"max-image-preview:large","max-video-preview":"max-video-preview:-1"},"canonical":"https:\/\/www.rajapack.es\/blog-es\/como-decorar-tu-calle-como-si-fuesen-las-fiestas-de-gracia","og_locale":"es_ES","og_type":"article","og_title":"C\u00f3mo decorar tu calle como si fuesen las fiestas de Gracia - Rajapack","og_description":"\u00bfQu\u00e9 materiales utilizar para conseguir una decoraci\u00f3n al m\u00e1s puro estilo Festes de Gracia? Aqu\u00ed te dejamos algunos consejos","og_url":"https:\/\/www.rajapack.es\/blog-es\/como-decorar-tu-calle-como-si-fuesen-las-fiestas-de-gracia","og_site_name":"RAJAPACK Blog | Consejos de embalaje, log\u00edstica y m\u00e1s","article_publisher":"https:\/\/www.facebook.com\/Rajapack.es","article_published_time":"2015-08-18T08:26:07+00:00","article_modified_time":"2022-04-03T23:16:01+00:00","og_image":[{"width":550,"height":413,"url":"https:\/\/www.rajapack.es\/blog-es\/wp-content\/uploads\/2015\/08\/fiestasgracia_FRATERNITAT-2.jpg","type":"image\/jpeg"}],"author":"Ana MARIN","twitter_card":"summary_large_image","twitter_creator":"@RajapackES","twitter_site":"@RajapackES","twitter_misc":{"Escrito por":"Ana MARIN","Tiempo de lectura":"2 minutos"},"schema":{"@context":"https:\/\/schema.org","@graph":[{"@type":"Article","@id":"https:\/\/www.rajapack.es\/blog-es\/como-decorar-tu-calle-como-si-fuesen-las-fiestas-de-gracia#article","isPartOf":{"@id":"https:\/\/www.rajapack.es\/blog-es\/como-decorar-tu-calle-como-si-fuesen-las-fiestas-de-gracia"},"author":{"name":"Ana MARIN","@id":"https:\/\/www.rajapack.es\/blog-es\/#\/schema\/person\/04fd300fa2b06042038f6df85b69b4b5"},"headline":"C\u00f3mo decorar tu calle como si fuesen las fiestas de Gracia","datePublished":"2015-08-18T08:26:07+00:00","dateModified":"2022-04-03T23:16:01+00:00","mainEntityOfPage":{"@id":"https:\/\/www.rajapack.es\/blog-es\/como-decorar-tu-calle-como-si-fuesen-las-fiestas-de-gracia"},"wordCount":357,"commentCount":0,"publisher":{"@id":"https:\/\/www.rajapack.es\/blog-es\/#organization"},"image":{"@id":"https:\/\/www.rajapack.es\/blog-es\/como-decorar-tu-calle-como-si-fuesen-las-fiestas-de-gracia#primaryimage"},"thumbnailUrl":"https:\/\/www.rajapack.es\/blog-es\/wp-content\/uploads\/2015\/08\/fiestasgracia_FRATERNITAT-2.jpg","keywords":["Manualidades"],"articleSection":["Novedades &amp; Consejos de embalaje"],"inLanguage":"es","potentialAction":[{"@type":"CommentAction","name":"Comment","target":["https:\/\/www.rajapack.es\/blog-es\/como-decorar-tu-calle-como-si-fuesen-las-fiestas-de-gracia#respond"]}]},{"@type":"WebPage","@id":"https:\/\/www.rajapack.es\/blog-es\/como-decorar-tu-calle-como-si-fuesen-las-fiestas-de-gracia","url":"https:\/\/www.rajapack.es\/blog-es\/como-decorar-tu-calle-como-si-fuesen-las-fiestas-de-gracia","name":"C\u00f3mo decorar tu calle como si fuesen las fiestas de Gracia - Rajapack","isPartOf":{"@id":"https:\/\/www.rajapack.es\/blog-es\/#website"},"primaryImageOfPage":{"@id":"https:\/\/www.rajapack.es\/blog-es\/como-decorar-tu-calle-como-si-fuesen-las-fiestas-de-gracia#primaryimage"},"image":{"@id":"https:\/\/www.rajapack.es\/blog-es\/como-decorar-tu-calle-como-si-fuesen-las-fiestas-de-gracia#primaryimage"},"thumbnailUrl":"https:\/\/www.rajapack.es\/blog-es\/wp-content\/uploads\/2015\/08\/fiestasgracia_FRATERNITAT-2.jpg","datePublished":"2015-08-18T08:26:07+00:00","dateModified":"2022-04-03T23:16:01+00:00","description":"\u00bfQu\u00e9 materiales utilizar para conseguir una decoraci\u00f3n al m\u00e1s puro estilo Festes de Gracia? Aqu\u00ed te dejamos algunos consejos","inLanguage":"es","potentialAction":[{"@type":"ReadAction","target":["https:\/\/www.rajapack.es\/blog-es\/como-decorar-tu-calle-como-si-fuesen-las-fiestas-de-gracia"]}]},{"@type":"ImageObject","inLanguage":"es","@id":"https:\/\/www.rajapack.es\/blog-es\/como-decorar-tu-calle-como-si-fuesen-las-fiestas-de-gracia#primaryimage","url":"https:\/\/www.rajapack.es\/blog-es\/wp-content\/uploads\/2015\/08\/fiestasgracia_FRATERNITAT-2.jpg","contentUrl":"https:\/\/www.rajapack.es\/blog-es\/wp-content\/uploads\/2015\/08\/fiestasgracia_FRATERNITAT-2.jpg","width":550,"height":413},{"@type":"WebSite","@id":"https:\/\/www.rajapack.es\/blog-es\/#website","url":"https:\/\/www.rajapack.es\/blog-es\/","name":"RAJAPACK Blog | Consejos de embalaje, log\u00edstica y m\u00e1s","description":"Consejos de embalaje, logistica y m\u00e1s","publisher":{"@id":"https:\/\/www.rajapack.es\/blog-es\/#organization"},"potentialAction":[{"@type":"SearchAction","target":{"@type":"EntryPoint","urlTemplate":"https:\/\/www.rajapack.es\/blog-es\/?s={search_term_string}"},"query-input":{"@type":"PropertyValueSpecification","valueRequired":true,"valueName":"search_term_string"}}],"inLanguage":"es"},{"@type":"Organization","@id":"https:\/\/www.rajapack.es\/blog-es\/#organization","name":"RAJA ES","url":"https:\/\/www.rajapack.es\/blog-es\/","logo":{"@type":"ImageObject","inLanguage":"es","@id":"https:\/\/www.rajapack.es\/blog-es\/#\/schema\/logo\/image\/","url":"https:\/\/www.rajapack.es\/blog-es\/wp-content\/uploads\/2021\/10\/logo-mobile@3x.png","contentUrl":"https:\/\/www.rajapack.es\/blog-es\/wp-content\/uploads\/2021\/10\/logo-mobile@3x.png","width":534,"height":114,"caption":"RAJA ES"},"image":{"@id":"https:\/\/www.rajapack.es\/blog-es\/#\/schema\/logo\/image\/"},"sameAs":["https:\/\/www.facebook.com\/Rajapack.es","https:\/\/x.com\/RajapackES","https:\/\/www.linkedin.com\/company\/rajapack-spain\/","https:\/\/www.youtube.com\/user\/RajapackES"]},{"@type":"Person","@id":"https:\/\/www.rajapack.es\/blog-es\/#\/schema\/person\/04fd300fa2b06042038f6df85b69b4b5","name":"Ana MARIN","image":{"@type":"ImageObject","inLanguage":"es","@id":"https:\/\/www.rajapack.es\/blog-es\/#\/schema\/person\/image\/","url":"https:\/\/secure.gravatar.com\/avatar\/652c925fca147acebb370b725d178d5c?s=96&d=mm&r=g","contentUrl":"https:\/\/secure.gravatar.com\/avatar\/652c925fca147acebb370b725d178d5c?s=96&d=mm&r=g","caption":"Ana MARIN"},"description":"Web marketer","url":"https:\/\/www.rajapack.es\/blog-es\/author\/amarin"}]}},"_links":{"self":[{"href":"https:\/\/www.rajapack.es\/blog-es\/wp-json\/wp\/v2\/posts\/3033"}],"collection":[{"href":"https:\/\/www.rajapack.es\/blog-es\/wp-json\/wp\/v2\/posts"}],"about":[{"href":"https:\/\/www.rajapack.es\/blog-es\/wp-json\/wp\/v2\/types\/post"}],"author":[{"embeddable":true,"href":"https:\/\/www.rajapack.es\/blog-es\/wp-json\/wp\/v2\/users\/12"}],"replies":[{"embeddable":true,"href":"https:\/\/www.rajapack.es\/blog-es\/wp-json\/wp\/v2\/comments?post=3033"}],"version-history":[{"count":0,"href":"https:\/\/www.rajapack.es\/blog-es\/wp-json\/wp\/v2\/posts\/3033\/revisions"}],"wp:featuredmedia":[{"embeddable":true,"href":"https:\/\/www.rajapack.es\/blog-es\/wp-json\/wp\/v2\/media\/3034"}],"wp:attachment":[{"href":"https:\/\/www.rajapack.es\/blog-es\/wp-json\/wp\/v2\/media?parent=3033"}],"wp:term":[{"taxonomy":"category","embeddable":true,"href":"https:\/\/www.rajapack.es\/blog-es\/wp-json\/wp\/v2\/categories?post=3033"},{"taxonomy":"post_tag","embeddable":true,"href":"https:\/\/www.rajapack.es\/blog-es\/wp-json\/wp\/v2\/tags?post=3033"}],"curies":[{"name":"wp","href":"https:\/\/api.w.org\/{rel}","templated":true}]}}