{"id":329,"date":"2013-09-23T10:00:26","date_gmt":"2013-09-23T08:00:26","guid":{"rendered":"https:\/\/blog-staging-es.raja-group.com\/?p=329"},"modified":"2025-01-30T04:37:57","modified_gmt":"2025-01-30T02:37:57","slug":"fundacion-raja-daniele-marcovici-un-compromiso-con-la-sociedad","status":"publish","type":"post","link":"https:\/\/www.rajapack.es\/blog-es\/fundacion-raja-daniele-marcovici-un-compromiso-con-la-sociedad","title":{"rendered":"Fundaci\u00f3n RAJA-Dani\u00e8le Marcovici, un compromiso con la sociedad"},"content":{"rendered":"<p style=\"text-align: justify;\">Queremos dedicar este post a la <a title=\"Fundaci\u00f3n Raja\" href=\"https:\/\/www.fondation-raja-marcovici.com\/\" target=\"_blank\" rel=\"noopener noreferrer\"><b>Fundaci\u00f3n Raja-Dani\u00e8le Marcovici<\/b><\/a> para dar a conocer una de las facetas menos conocidas de nuestra empresa. Para nosotros el papel de las empresas en la actualidad no debe limitarse a la actividad econ\u00f3mica y la obtenci\u00f3n de beneficios, sino que creemos que \u00e9stas deben colaborar activamente en la construcci\u00f3n de una sociedad m\u00e1s justa.<\/p>\n<p style=\"text-align: justify;\">Creada en 2006, <b>la Fundaci\u00f3n Raja-Dani\u00e8le Marcovici <\/b>promueve iniciativas en favor de las mujeres, tanto en Francia como en el resto del mundo. Dani\u00e8le Kapel, directora general del Grupo Raja y presidenta de la asociaci\u00f3n, se embarc\u00f3 en este proyecto, animada por la convicci\u00f3n de que la lucha contra la discriminaci\u00f3n femenina es una pieza clave en el progreso de la humanidad hacia la libertad y la justicia. Por ello, todos sus proyectos est\u00e1n dedicados a ayudar a las mujeres a insertarse de manera igualitaria en su entorno.<\/p>\n<p><a href=\"https:\/\/www.rajapack.es\/blog-es\/wp-content\/uploads\/2013\/09\/FundacionRaja_Logo-2.jpg\"><img loading=\"lazy\" decoding=\"async\" class=\"size-full wp-image-330 aligncenter\" src=\"https:\/\/www.rajapack.es\/blog-es\/wp-content\/uploads\/2013\/09\/FundacionRaja_Logo-2.jpg\" alt=\"Fundaci\u00f3n Raja\" width=\"340\" height=\"121\" \/><\/a><\/p>\n<blockquote>\n<p style=\"text-align: justify;\">M\u00e1s all\u00e1 de su papel econ\u00f3mico, creo que la empresa tiene un papel que desempe\u00f1ar en la sociedad. Pero son sobre todo mis convicciones personales y mi trayectoria profesional las que me han llevado a comprometerme a trav\u00e9s de una fundaci\u00f3n. He creado la Fundaci\u00f3n Raja-Dani\u00e8le Marcovici para promover los valores en los que creo: el respeto, la igualdad de oportunidades, la educaci\u00f3n para todos\u2026 en representaci\u00f3n de todas las mujeres.<\/p>\n<\/blockquote>\n<p style=\"text-align: justify;\">Con el objetivo de contribuir a la igualdad de oportunidades, sus actividades se hallan orientadas de acuerdo con tres ejes de acci\u00f3n: la defensa de los derechos de la mujer (favoreciendo la reinserci\u00f3n social, exigiendo igualdad de condiciones de salud etc.), la formaci\u00f3n e inserci\u00f3n profesional de las mismas (creaci\u00f3n de microcr\u00e9ditos, empresas solidarias\u2026)\u00a0 y la lucha contra la violencia de g\u00e9nero (apoyo psicol\u00f3gico, prevenci\u00f3n y toma de conciencia).<\/p>\n<p style=\"text-align: justify;\">Aqu\u00ed pod\u00e9is ver una presentaci\u00f3n de la Fundaci\u00f3n Raja-Dani\u00e8le Marcovici:<\/p>\n<p style=\"text-align: justify;\">Desde su fundaci\u00f3n la asociaci\u00f3n ha contribuido con <b>m\u00e1s de 200 proyectos en 37 pa\u00edses de todo el mundo<\/b>. Entre los m\u00e1s recientes, podemos destacar su participaci\u00f3n en \u201c<i>Tissons la solidarit\u00e9\u201d<\/i>, una red de 70 estructuras de inserci\u00f3n que lucha contra la discriminaci\u00f3n de la mujer en Francia. Pero no s\u00f3lo en Europa, su compromiso se extiende a escala mundial como demuestran las diferentes iniciativas en \u00c1frica o en Asia. As\u00ed, contribuye con el proyecto \u201c<i>H\u00e1bitat Cit\u00e9\u201d<\/i> (Nicaragua) centr\u00e1ndose en la ense\u00f1anza de t\u00e9cnicas de construcci\u00f3n en tierra batida a las mujeres, o \u00a0en la campa\u00f1a \u201c<i>Stand up for Africans Mothers\u201d <\/i>que ofrece, por primera vez, un programa de formaci\u00f3n para las comadronas africanas y una obtenci\u00f3n de t\u00edtulo profesional por medio de cursos en internet. Estas acciones buscan\u00a0 incorporar a la mujer al mercado de trabajo, ofreci\u00e9ndoles la posibilidad de desempe\u00f1ar un papel activo en sus respectivas sociedades. As\u00ed pretender evitar la marginalizaci\u00f3n y subsiguiente discriminaci\u00f3n.<\/p>\n<p style=\"text-align: justify;\">Porque creemos que un mundo m\u00e1s justo es posible, desde aqu\u00ed nos gustar\u00eda invitarte a descubrir los diferentes proyectos de la fundaci\u00f3n a trav\u00e9s de la p\u00e1gina <a title=\"Fundaci\u00f3n Raja\" href=\"https:\/\/www.fondation-raja-marcovici.com\/\" target=\"_blank\" rel=\"noopener noreferrer\">www.fondation-raja-marcovici.com<\/a><\/p>\n","protected":false},"excerpt":{"rendered":"<p>Queremos dedicar este post a la Fundaci\u00f3n Raja-Dani\u00e8le Marcovici para dar a conocer una de las facetas menos conocidas de nuestra empresa. Para nosotros el papel de las empresas en [&#8230;]<\/p>\n","protected":false},"author":11,"featured_media":330,"comment_status":"open","ping_status":"open","sticky":false,"template":"","format":"standard","meta":{"_acf_changed":false,"footnotes":""},"categories":[6],"tags":[],"class_list":["post-329","post","type-post","status-publish","format-standard","has-post-thumbnail","hentry","category-noticias"],"acf":[],"yoast_head":"\n<title>Fundaci\u00f3n RAJA-Dani\u00e8le Marcovici, un compromiso con la sociedad RAJAPACK<\/title>\n<meta name=\"description\" content=\"La Fundaci\u00f3n Raja-Dani\u00e8le Marcovici representa nuestro compromiso con la sociedad promoviendo iniciativas a favor de las mujeres en Francia y otros pa\u00edses\" \/>\n<meta name=\"robots\" content=\"index, follow, max-snippet:-1, max-image-preview:large, max-video-preview:-1\" \/>\n<link rel=\"canonical\" href=\"https:\/\/www.rajapack.es\/blog-es\/fundacion-raja-daniele-marcovici-un-compromiso-con-la-sociedad\" \/>\n<meta property=\"og:locale\" content=\"es_ES\" \/>\n<meta property=\"og:type\" content=\"article\" \/>\n<meta property=\"og:title\" content=\"Fundaci\u00f3n RAJA-Dani\u00e8le Marcovici, un compromiso con la sociedad RAJAPACK\" \/>\n<meta property=\"og:description\" content=\"La Fundaci\u00f3n Raja-Dani\u00e8le Marcovici representa nuestro compromiso con la sociedad promoviendo iniciativas a favor de las mujeres en Francia y otros pa\u00edses\" \/>\n<meta property=\"og:url\" content=\"https:\/\/www.rajapack.es\/blog-es\/fundacion-raja-daniele-marcovici-un-compromiso-con-la-sociedad\" \/>\n<meta property=\"og:site_name\" content=\"RAJAPACK Blog | Consejos de embalaje, log\u00edstica y m\u00e1s\" \/>\n<meta property=\"article:publisher\" content=\"https:\/\/www.facebook.com\/Rajapack.es\" \/>\n<meta property=\"article:published_time\" content=\"2013-09-23T08:00:26+00:00\" \/>\n<meta property=\"article:modified_time\" content=\"2025-01-30T02:37:57+00:00\" \/>\n<meta property=\"og:image\" content=\"https:\/\/www.rajapack.es\/blog-es\/wp-content\/uploads\/2013\/09\/FundacionRaja_Logo-2.jpg\" \/>\n\t<meta property=\"og:image:width\" content=\"340\" \/>\n\t<meta property=\"og:image:height\" content=\"121\" \/>\n\t<meta property=\"og:image:type\" content=\"image\/jpeg\" \/>\n<meta name=\"author\" content=\"Rajapack\" \/>\n<meta name=\"twitter:card\" content=\"summary_large_image\" \/>\n<meta name=\"twitter:creator\" content=\"@RajapackES\" \/>\n<meta name=\"twitter:site\" content=\"@RajapackES\" \/>\n<meta name=\"twitter:label1\" content=\"Escrito por\" \/>\n\t<meta name=\"twitter:data1\" content=\"Rajapack\" \/>\n\t<meta name=\"twitter:label2\" content=\"Tiempo de lectura\" \/>\n\t<meta name=\"twitter:data2\" content=\"3 minutos\" \/>\n<script type=\"application\/ld+json\" class=\"yoast-schema-graph\">{\n\t    \"@context\": \"https:\/\/schema.org\",\n\t    \"@graph\": [\n\t        {\n\t            \"@type\": \"Article\",\n\t            \"@id\": \"https:\/\/www.rajapack.es\/blog-es\/fundacion-raja-daniele-marcovici-un-compromiso-con-la-sociedad#article\",\n\t            \"isPartOf\": {\n\t                \"@id\": \"https:\/\/www.rajapack.es\/blog-es\/fundacion-raja-daniele-marcovici-un-compromiso-con-la-sociedad\"\n\t            },\n\t            \"author\": {\n\t                \"name\": \"Rajapack\",\n\t                \"@id\": \"https:\/\/www.rajapack.es\/blog-es\/#\/schema\/person\/400c27752a59dd208888711c96f5fc9d\"\n\t            },\n\t            \"headline\": \"Fundaci\u00f3n RAJA-Dani\u00e8le Marcovici, un compromiso con la sociedad\",\n\t            \"datePublished\": \"2013-09-23T08:00:26+00:00\",\n\t            \"dateModified\": \"2025-01-30T02:37:57+00:00\",\n\t            \"mainEntityOfPage\": {\n\t                \"@id\": \"https:\/\/www.rajapack.es\/blog-es\/fundacion-raja-daniele-marcovici-un-compromiso-con-la-sociedad\"\n\t            },\n\t            \"wordCount\": 553,\n\t            \"commentCount\": 1,\n\t            \"publisher\": {\n\t                \"@id\": \"https:\/\/www.rajapack.es\/blog-es\/#organization\"\n\t            },\n\t            \"image\": {\n\t                \"@id\": \"https:\/\/www.rajapack.es\/blog-es\/fundacion-raja-daniele-marcovici-un-compromiso-con-la-sociedad#primaryimage\"\n\t            },\n\t            \"thumbnailUrl\": \"https:\/\/www.rajapack.es\/blog-es\/wp-content\/uploads\/2013\/09\/FundacionRaja_Logo-2.jpg\",\n\t            \"articleSection\": [\n\t                \"Noticias y eventos\"\n\t            ],\n\t            \"inLanguage\": \"es\",\n\t            \"potentialAction\": [\n\t                {\n\t                    \"@type\": \"CommentAction\",\n\t                    \"name\": \"Comment\",\n\t                    \"target\": [\n\t                        \"https:\/\/www.rajapack.es\/blog-es\/fundacion-raja-daniele-marcovici-un-compromiso-con-la-sociedad#respond\"\n\t                    ]\n\t                }\n\t            ]\n\t        },\n\t        {\n\t            \"@type\": \"WebPage\",\n\t            \"@id\": \"https:\/\/www.rajapack.es\/blog-es\/fundacion-raja-daniele-marcovici-un-compromiso-con-la-sociedad\",\n\t            \"url\": \"https:\/\/www.rajapack.es\/blog-es\/fundacion-raja-daniele-marcovici-un-compromiso-con-la-sociedad\",\n\t            \"name\": \"Fundaci\u00f3n RAJA-Dani\u00e8le Marcovici, un compromiso con la sociedad RAJAPACK\",\n\t            \"isPartOf\": {\n\t                \"@id\": \"https:\/\/www.rajapack.es\/blog-es\/#website\"\n\t            },\n\t            \"primaryImageOfPage\": {\n\t                \"@id\": \"https:\/\/www.rajapack.es\/blog-es\/fundacion-raja-daniele-marcovici-un-compromiso-con-la-sociedad#primaryimage\"\n\t            },\n\t            \"image\": {\n\t                \"@id\": \"https:\/\/www.rajapack.es\/blog-es\/fundacion-raja-daniele-marcovici-un-compromiso-con-la-sociedad#primaryimage\"\n\t            },\n\t            \"thumbnailUrl\": \"https:\/\/www.rajapack.es\/blog-es\/wp-content\/uploads\/2013\/09\/FundacionRaja_Logo-2.jpg\",\n\t            \"datePublished\": \"2013-09-23T08:00:26+00:00\",\n\t            \"dateModified\": \"2025-01-30T02:37:57+00:00\",\n\t            \"description\": \"La Fundaci\u00f3n Raja-Dani\u00e8le Marcovici representa nuestro compromiso con la sociedad promoviendo iniciativas a favor de las mujeres en Francia y otros pa\u00edses\",\n\t            \"inLanguage\": \"es\",\n\t            \"potentialAction\": [\n\t                {\n\t                    \"@type\": \"ReadAction\",\n\t                    \"target\": [\n\t                        \"https:\/\/www.rajapack.es\/blog-es\/fundacion-raja-daniele-marcovici-un-compromiso-con-la-sociedad\"\n\t                    ]\n\t                }\n\t            ]\n\t        },\n\t        {\n\t            \"@type\": \"ImageObject\",\n\t            \"inLanguage\": \"es\",\n\t            \"@id\": \"https:\/\/www.rajapack.es\/blog-es\/fundacion-raja-daniele-marcovici-un-compromiso-con-la-sociedad#primaryimage\",\n\t            \"url\": \"https:\/\/www.rajapack.es\/blog-es\/wp-content\/uploads\/2013\/09\/FundacionRaja_Logo-2.jpg\",\n\t            \"contentUrl\": \"https:\/\/www.rajapack.es\/blog-es\/wp-content\/uploads\/2013\/09\/FundacionRaja_Logo-2.jpg\",\n\t            \"width\": 340,\n\t            \"height\": 121,\n\t            \"caption\": \"Fundaci\u00f3n Raja\"\n\t        },\n\t        {\n\t            \"@type\": \"WebSite\",\n\t            \"@id\": \"https:\/\/www.rajapack.es\/blog-es\/#website\",\n\t            \"url\": \"https:\/\/www.rajapack.es\/blog-es\/\",\n\t            \"name\": \"RAJAPACK Blog | Consejos de embalaje, log\u00edstica y m\u00e1s\",\n\t            \"description\": \"Consejos de embalaje, logistica y m\u00e1s\",\n\t            \"publisher\": {\n\t                \"@id\": \"https:\/\/www.rajapack.es\/blog-es\/#organization\"\n\t            },\n\t            \"potentialAction\": [\n\t                {\n\t                    \"@type\": \"SearchAction\",\n\t                    \"target\": {\n\t                        \"@type\": \"EntryPoint\",\n\t                        \"urlTemplate\": \"https:\/\/www.rajapack.es\/blog-es\/?s={search_term_string}\"\n\t                    },\n\t                    \"query-input\": {\n\t                        \"@type\": \"PropertyValueSpecification\",\n\t                        \"valueRequired\": true,\n\t                        \"valueName\": \"search_term_string\"\n\t                    }\n\t                }\n\t            ],\n\t            \"inLanguage\": \"es\"\n\t        },\n\t        {\n\t            \"@type\": \"Organization\",\n\t            \"@id\": \"https:\/\/www.rajapack.es\/blog-es\/#organization\",\n\t            \"name\": \"RAJA ES\",\n\t            \"url\": \"https:\/\/www.rajapack.es\/blog-es\/\",\n\t            \"logo\": {\n\t                \"@type\": \"ImageObject\",\n\t                \"inLanguage\": \"es\",\n\t                \"@id\": \"https:\/\/www.rajapack.es\/blog-es\/#\/schema\/logo\/image\/\",\n\t                \"url\": \"https:\/\/www.rajapack.es\/blog-es\/wp-content\/uploads\/2021\/10\/logo-mobile@3x.png\",\n\t                \"contentUrl\": \"https:\/\/www.rajapack.es\/blog-es\/wp-content\/uploads\/2021\/10\/logo-mobile@3x.png\",\n\t                \"width\": 534,\n\t                \"height\": 114,\n\t                \"caption\": \"RAJA ES\"\n\t            },\n\t            \"image\": {\n\t                \"@id\": \"https:\/\/www.rajapack.es\/blog-es\/#\/schema\/logo\/image\/\"\n\t            },\n\t            \"sameAs\": [\n\t                \"https:\/\/www.facebook.com\/Rajapack.es\",\n\t                \"https:\/\/x.com\/RajapackES\",\n\t                \"https:\/\/www.linkedin.com\/company\/rajapack-spain\/\",\n\t                \"https:\/\/www.youtube.com\/user\/RajapackES\"\n\t            ]\n\t        },\n\t        {\n\t            \"@type\": \"Person\",\n\t            \"@id\": \"https:\/\/www.rajapack.es\/blog-es\/#\/schema\/person\/400c27752a59dd208888711c96f5fc9d\",\n\t            \"name\": \"Rajapack\",\n\t            \"image\": {\n\t                \"@type\": \"ImageObject\",\n\t                \"inLanguage\": \"es\",\n\t                \"@id\": \"https:\/\/www.rajapack.es\/blog-es\/#\/schema\/person\/image\/\",\n\t                \"url\": \"https:\/\/secure.gravatar.com\/avatar\/38091fb406fcb37229e1256d26439fbc?s=96&d=mm&r=g\",\n\t                \"contentUrl\": \"https:\/\/secure.gravatar.com\/avatar\/38091fb406fcb37229e1256d26439fbc?s=96&d=mm&r=g\",\n\t                \"caption\": \"Rajapack\"\n\t            },\n\t            \"url\": \"https:\/\/www.rajapack.es\/blog-es\/author\/relevant_traffic\"\n\t        }\n\t    ]\n\t}<\/script>\n","yoast_head_json":{"title":"Fundaci\u00f3n RAJA-Dani\u00e8le Marcovici, un compromiso con la sociedad RAJAPACK","description":"La Fundaci\u00f3n Raja-Dani\u00e8le Marcovici representa nuestro compromiso con la sociedad promoviendo iniciativas a favor de las mujeres en Francia y otros pa\u00edses","robots":{"index":"index","follow":"follow","max-snippet":"max-snippet:-1","max-image-preview":"max-image-preview:large","max-video-preview":"max-video-preview:-1"},"canonical":"https:\/\/www.rajapack.es\/blog-es\/fundacion-raja-daniele-marcovici-un-compromiso-con-la-sociedad","og_locale":"es_ES","og_type":"article","og_title":"Fundaci\u00f3n RAJA-Dani\u00e8le Marcovici, un compromiso con la sociedad RAJAPACK","og_description":"La Fundaci\u00f3n Raja-Dani\u00e8le Marcovici representa nuestro compromiso con la sociedad promoviendo iniciativas a favor de las mujeres en Francia y otros pa\u00edses","og_url":"https:\/\/www.rajapack.es\/blog-es\/fundacion-raja-daniele-marcovici-un-compromiso-con-la-sociedad","og_site_name":"RAJAPACK Blog | Consejos de embalaje, log\u00edstica y m\u00e1s","article_publisher":"https:\/\/www.facebook.com\/Rajapack.es","article_published_time":"2013-09-23T08:00:26+00:00","article_modified_time":"2025-01-30T02:37:57+00:00","og_image":[{"width":340,"height":121,"url":"https:\/\/www.rajapack.es\/blog-es\/wp-content\/uploads\/2013\/09\/FundacionRaja_Logo-2.jpg","type":"image\/jpeg"}],"author":"Rajapack","twitter_card":"summary_large_image","twitter_creator":"@RajapackES","twitter_site":"@RajapackES","twitter_misc":{"Escrito por":"Rajapack","Tiempo de lectura":"3 minutos"},"schema":{"@context":"https:\/\/schema.org","@graph":[{"@type":"Article","@id":"https:\/\/www.rajapack.es\/blog-es\/fundacion-raja-daniele-marcovici-un-compromiso-con-la-sociedad#article","isPartOf":{"@id":"https:\/\/www.rajapack.es\/blog-es\/fundacion-raja-daniele-marcovici-un-compromiso-con-la-sociedad"},"author":{"name":"Rajapack","@id":"https:\/\/www.rajapack.es\/blog-es\/#\/schema\/person\/400c27752a59dd208888711c96f5fc9d"},"headline":"Fundaci\u00f3n RAJA-Dani\u00e8le Marcovici, un compromiso con la sociedad","datePublished":"2013-09-23T08:00:26+00:00","dateModified":"2025-01-30T02:37:57+00:00","mainEntityOfPage":{"@id":"https:\/\/www.rajapack.es\/blog-es\/fundacion-raja-daniele-marcovici-un-compromiso-con-la-sociedad"},"wordCount":553,"commentCount":1,"publisher":{"@id":"https:\/\/www.rajapack.es\/blog-es\/#organization"},"image":{"@id":"https:\/\/www.rajapack.es\/blog-es\/fundacion-raja-daniele-marcovici-un-compromiso-con-la-sociedad#primaryimage"},"thumbnailUrl":"https:\/\/www.rajapack.es\/blog-es\/wp-content\/uploads\/2013\/09\/FundacionRaja_Logo-2.jpg","articleSection":["Noticias y eventos"],"inLanguage":"es","potentialAction":[{"@type":"CommentAction","name":"Comment","target":["https:\/\/www.rajapack.es\/blog-es\/fundacion-raja-daniele-marcovici-un-compromiso-con-la-sociedad#respond"]}]},{"@type":"WebPage","@id":"https:\/\/www.rajapack.es\/blog-es\/fundacion-raja-daniele-marcovici-un-compromiso-con-la-sociedad","url":"https:\/\/www.rajapack.es\/blog-es\/fundacion-raja-daniele-marcovici-un-compromiso-con-la-sociedad","name":"Fundaci\u00f3n RAJA-Dani\u00e8le Marcovici, un compromiso con la sociedad RAJAPACK","isPartOf":{"@id":"https:\/\/www.rajapack.es\/blog-es\/#website"},"primaryImageOfPage":{"@id":"https:\/\/www.rajapack.es\/blog-es\/fundacion-raja-daniele-marcovici-un-compromiso-con-la-sociedad#primaryimage"},"image":{"@id":"https:\/\/www.rajapack.es\/blog-es\/fundacion-raja-daniele-marcovici-un-compromiso-con-la-sociedad#primaryimage"},"thumbnailUrl":"https:\/\/www.rajapack.es\/blog-es\/wp-content\/uploads\/2013\/09\/FundacionRaja_Logo-2.jpg","datePublished":"2013-09-23T08:00:26+00:00","dateModified":"2025-01-30T02:37:57+00:00","description":"La Fundaci\u00f3n Raja-Dani\u00e8le Marcovici representa nuestro compromiso con la sociedad promoviendo iniciativas a favor de las mujeres en Francia y otros pa\u00edses","inLanguage":"es","potentialAction":[{"@type":"ReadAction","target":["https:\/\/www.rajapack.es\/blog-es\/fundacion-raja-daniele-marcovici-un-compromiso-con-la-sociedad"]}]},{"@type":"ImageObject","inLanguage":"es","@id":"https:\/\/www.rajapack.es\/blog-es\/fundacion-raja-daniele-marcovici-un-compromiso-con-la-sociedad#primaryimage","url":"https:\/\/www.rajapack.es\/blog-es\/wp-content\/uploads\/2013\/09\/FundacionRaja_Logo-2.jpg","contentUrl":"https:\/\/www.rajapack.es\/blog-es\/wp-content\/uploads\/2013\/09\/FundacionRaja_Logo-2.jpg","width":340,"height":121,"caption":"Fundaci\u00f3n Raja"},{"@type":"WebSite","@id":"https:\/\/www.rajapack.es\/blog-es\/#website","url":"https:\/\/www.rajapack.es\/blog-es\/","name":"RAJAPACK Blog | Consejos de embalaje, log\u00edstica y m\u00e1s","description":"Consejos de embalaje, logistica y m\u00e1s","publisher":{"@id":"https:\/\/www.rajapack.es\/blog-es\/#organization"},"potentialAction":[{"@type":"SearchAction","target":{"@type":"EntryPoint","urlTemplate":"https:\/\/www.rajapack.es\/blog-es\/?s={search_term_string}"},"query-input":{"@type":"PropertyValueSpecification","valueRequired":true,"valueName":"search_term_string"}}],"inLanguage":"es"},{"@type":"Organization","@id":"https:\/\/www.rajapack.es\/blog-es\/#organization","name":"RAJA ES","url":"https:\/\/www.rajapack.es\/blog-es\/","logo":{"@type":"ImageObject","inLanguage":"es","@id":"https:\/\/www.rajapack.es\/blog-es\/#\/schema\/logo\/image\/","url":"https:\/\/www.rajapack.es\/blog-es\/wp-content\/uploads\/2021\/10\/logo-mobile@3x.png","contentUrl":"https:\/\/www.rajapack.es\/blog-es\/wp-content\/uploads\/2021\/10\/logo-mobile@3x.png","width":534,"height":114,"caption":"RAJA ES"},"image":{"@id":"https:\/\/www.rajapack.es\/blog-es\/#\/schema\/logo\/image\/"},"sameAs":["https:\/\/www.facebook.com\/Rajapack.es","https:\/\/x.com\/RajapackES","https:\/\/www.linkedin.com\/company\/rajapack-spain\/","https:\/\/www.youtube.com\/user\/RajapackES"]},{"@type":"Person","@id":"https:\/\/www.rajapack.es\/blog-es\/#\/schema\/person\/400c27752a59dd208888711c96f5fc9d","name":"Rajapack","image":{"@type":"ImageObject","inLanguage":"es","@id":"https:\/\/www.rajapack.es\/blog-es\/#\/schema\/person\/image\/","url":"https:\/\/secure.gravatar.com\/avatar\/38091fb406fcb37229e1256d26439fbc?s=96&d=mm&r=g","contentUrl":"https:\/\/secure.gravatar.com\/avatar\/38091fb406fcb37229e1256d26439fbc?s=96&d=mm&r=g","caption":"Rajapack"},"url":"https:\/\/www.rajapack.es\/blog-es\/author\/relevant_traffic"}]}},"_links":{"self":[{"href":"https:\/\/www.rajapack.es\/blog-es\/wp-json\/wp\/v2\/posts\/329"}],"collection":[{"href":"https:\/\/www.rajapack.es\/blog-es\/wp-json\/wp\/v2\/posts"}],"about":[{"href":"https:\/\/www.rajapack.es\/blog-es\/wp-json\/wp\/v2\/types\/post"}],"author":[{"embeddable":true,"href":"https:\/\/www.rajapack.es\/blog-es\/wp-json\/wp\/v2\/users\/11"}],"replies":[{"embeddable":true,"href":"https:\/\/www.rajapack.es\/blog-es\/wp-json\/wp\/v2\/comments?post=329"}],"version-history":[{"count":0,"href":"https:\/\/www.rajapack.es\/blog-es\/wp-json\/wp\/v2\/posts\/329\/revisions"}],"wp:featuredmedia":[{"embeddable":true,"href":"https:\/\/www.rajapack.es\/blog-es\/wp-json\/wp\/v2\/media\/330"}],"wp:attachment":[{"href":"https:\/\/www.rajapack.es\/blog-es\/wp-json\/wp\/v2\/media?parent=329"}],"wp:term":[{"taxonomy":"category","embeddable":true,"href":"https:\/\/www.rajapack.es\/blog-es\/wp-json\/wp\/v2\/categories?post=329"},{"taxonomy":"post_tag","embeddable":true,"href":"https:\/\/www.rajapack.es\/blog-es\/wp-json\/wp\/v2\/tags?post=329"}],"curies":[{"name":"wp","href":"https:\/\/api.w.org\/{rel}","templated":true}]}}