{"id":3556,"date":"2016-01-08T09:00:44","date_gmt":"2016-01-08T07:00:44","guid":{"rendered":"https:\/\/blog-staging-es.raja-group.com\/?p=3556"},"modified":"2022-04-03T17:30:29","modified_gmt":"2022-04-03T15:30:29","slug":"imprescindibles-en-material-de-archivo-para-guardar-tu-2015","status":"publish","type":"post","link":"https:\/\/www.rajapack.es\/blog-es\/imprescindibles-en-material-de-archivo-para-guardar-tu-2015","title":{"rendered":"Imprescindibles en material de archivo para guardar tu 2015"},"content":{"rendered":"<p>Ya tenemos aqu\u00ed a 2016 <em>pidi\u00e9ndonos guerra<\/em> y espacio para traernos su mercanc\u00eda: nuevos productos para nuestro almac\u00e9n y nuestras tiendas, nuevos objetos personales en nuestras viviendas\u2026 Por eso, es imprescindible que nos pongamos manos a la obra para guardar y archivar todo aquello que hemos manejado en 2015 y que nos interesa conservar para recuperarlo en alg\u00fan momento de este nuevo a\u00f1o. Y, <strong>\u00bfqu\u00e9 material de archivo es el id\u00f3neo?<\/strong> Si tienes dudas, no te preocupes: en Rajapack te ayudamos a elegir lo mejor en funci\u00f3n de tus necesidades.<\/p>\n<h2>1.\u00a0\u00a0\u00a0\u00a0\u00a0 Cajas de archivo para papeles y documentos<\/h2>\n<p><a href=\"https:\/\/www.rajapack.es\/cajas-carton-contenedores-cajas-postales\/cajas-para-mudanza-archivo\/caja-archivo-marron-verde-raja_PDT01160.html\"><img loading=\"lazy\" decoding=\"async\" class=\"alignright wp-image-3561 size-medium\" src=\"https:\/\/www.rajapack.es\/blog-es\/wp-content\/uploads\/2016\/01\/caja-archivo-marron-verde-reciclada-rajapack-2-300x211.png\" alt=\"Caja de archivo marr\u00f3n y verde reciclada - Rajapack\" width=\"300\" height=\"211\" \/><\/a>Si lo que necesitas almacenar es, fundamentalmente, <strong>documentaci\u00f3n en papel<\/strong> (folios, cuadernos, revistas, etc.), te aconsejamos que recurras a las <a href=\"https:\/\/www.rajapack.es\/cajas-carton-contenedores-cajas-postales\/cajas-archivo_C109020.html\" target=\"_blank\" rel=\"noopener noreferrer\"><strong>cajas de archivo<\/strong><\/a>. No solo constituyen una soluci\u00f3n apilable y f\u00e1cil de montar, sino tambi\u00e9n barata. Adem\u00e1s, en Rajapack, como nos gusta poner nuestro granito de arena para cuidar el medio ambiente, las fabricamos con <strong>cart\u00f3n 100% reciclado y reciclable<\/strong>.<\/p>\n<p>Dos de los modelos de cajas de archivo que consideramos m\u00e1s \u00fatiles son:<\/p>\n<ul>\n<li>Nuestra <a href=\"https:\/\/www.rajapack.es\/cajas-carton-contenedores-cajas-postales\/cajas-para-mudanza-archivo\/caja-archivo-marron-verde-raja_PDT01160.html\" target=\"_blank\" rel=\"noopener noreferrer\">caja de archivo marr\u00f3n y verde reciclada<\/a>, disponible en tres anchos (8, 10 y 12 cent\u00edmetros) y con los laterales reforzados.<\/li>\n<li>Nuestra <a href=\"https:\/\/www.rajapack.es\/cajas-carton-contenedores-cajas-postales\/cajas-para-mudanza-archivo\/caja-carton-reciclado-multiusos_OFF_ES_0350.html\" target=\"_blank\" rel=\"noopener noreferrer\">caja de cart\u00f3n reciclado multiusos<\/a>, que es apilable hasta cinco niveles y dispone de asas en los laterales para facilitar el transporte. Ofrece una resistencia a la compresi\u00f3n vertical (fuerzas aplicadas sobre su parte superior) de hasta 200 kilogramos.<\/li>\n<\/ul>\n<p>Para asegurarnos un archivado funcional y \u00fatil, sugerimos combinar estas soluciones en cart\u00f3n con <a href=\"https:\/\/www.rajapack.es\/etiquetaje-senalizacion\/etiquetas-identificacion_C604020.html\" target=\"_blank\" rel=\"noopener noreferrer\"><strong>etiquetas de identificaci\u00f3n<\/strong><\/a> que nos ayuden a localizar r\u00e1pidamente aquello que busquemos; y <a href=\"https:\/\/www.rajapack.es\/almacenaje-manutencion\/bandejas-almacenaje_C702010.html\" target=\"_blank\" rel=\"noopener noreferrer\"><strong>gavetas y bandejas de almacenaje<\/strong><\/a> para depositar los documentos que queramos mantener a mano.<\/p>\n<p>Con nuestras cajas de archivo estar\u00e1s seguro de poder guardar y recuperar con eficacia toda tu documentaci\u00f3n bancaria y fiscal. \u00a1Te har\u00e1 falta cuando tengas que ponerte al d\u00eda con la Agencia Tributaria!<\/p>\n<h2>2.\u00a0\u00a0\u00a0\u00a0\u00a0 Cajas armario para ropa<\/h2>\n<p>\u00bfTienes una tienda de ropa y te ha <a href=\"https:\/\/www.rajapack.es\/cajas-carton-contenedores-cajas-postales\/cajas-para-mudanza-archivo\/caja-armario-ropa_PDT00285.html\"><img loading=\"lazy\" decoding=\"async\" class=\"alignright wp-image-3562 size-medium\" src=\"https:\/\/www.rajapack.es\/blog-es\/wp-content\/uploads\/2016\/01\/caja-armario-ropa-rajapack-2-300x275.png\" alt=\"Caja armario para ropa - Rajapack\" width=\"300\" height=\"275\" \/><\/a>sobrado g\u00e9nero de 2015 al que todav\u00eda no has dado salida? Si est\u00e1s pensando en la pr\u00f3xima liquidaci\u00f3n o feria del <em>stock<\/em> para agotarlo pero, entre tanto, te est\u00e1 robando espacio en tu establecimiento, lo mejor es trasladarlo a tu trastienda o almac\u00e9n; pero en un contenedor seguro, que lo preserve frente a humedades y agresiones externas. Rajapack te proporciona todo esto a trav\u00e9s de su <a href=\"https:\/\/www.rajapack.es\/cajas-carton-contenedores-cajas-postales\/cajas-para-mudanza-archivo\/caja-armario-ropa_PDT00285.html\" target=\"_blank\" rel=\"noopener noreferrer\">caja armario para ropa<\/a>.<\/p>\n<p>Se trata de una <strong>caja de cart\u00f3n<\/strong> de alta calidad en canal doble que incluye una <strong>barra sujetaperchas<\/strong> en pl\u00e1stico lacado de alta resistencia. Perfecta tanto para guardar como para transportar prendas all\u00e1 donde lo necesites.<\/p>\n<h2>3.\u00a0\u00a0\u00a0\u00a0\u00a0 Cajas de mudanza<\/h2>\n<p>Para trasladar sin que sufran da\u00f1os todos los objetos que nos han hecho felices en 2015 a un nuevo hogar que nos espera en 2016, elegir las mejores <strong>cajas de mudanza <\/strong>es clave. En Rajapack sabemos que eres consciente de ello, sobre todo si gestionas una <strong>empresa de portes y mudanzas<\/strong>. En este sentido, nuestras <a href=\"https:\/\/www.rajapack.es\/cajas-carton-contenedores-cajas-postales\/cajas-mudanza_C109010.html\" target=\"_blank\" rel=\"noopener noreferrer\">cajas de mudanza<\/a> son muy resistentes y sencillas de transportar, ya que cuentan con asas en los laterales que simplifican los portes.<\/p>\n<p>Para colocar correctamente los elementos dentro de las cajas disponemos de dos \u00fatiles aliados:<\/p>\n<ul>\n<li>Los <a href=\"https:\/\/www.rajapack.es\/cajas-carton-contenedores-cajas-postales\/cajas-para-mudanza-archivo\/separador-carton-ondulado_OFF_ES_0376.html\" target=\"_blank\" rel=\"noopener noreferrer\"><strong>separadores<\/strong> de cart\u00f3n ondulado<\/a>.<\/li>\n<li>Las <a href=\"https:\/\/www.rajapack.es\/cajas-carton-contenedores-cajas-postales\/cajas-para-mudanza-archivo\/celdas-interiores_OFF_ES_0348.html\" target=\"_blank\" rel=\"noopener noreferrer\"><strong>celdas<\/strong> interiores<\/a>, espec\u00edficas para la protecci\u00f3n de botellas, vasos y platos.<a href=\"https:\/\/www.rajapack.es\/cajas-carton-contenedores-cajas-postales\/cajas-para-mudanza-archivo\/oferta-especial-kit-traslado-mudanza_PDT02377.html\"><img loading=\"lazy\" decoding=\"async\" class=\"alignright wp-image-3563 size-medium\" src=\"https:\/\/www.rajapack.es\/blog-es\/wp-content\/uploads\/2016\/01\/kit-traslado-mudanzas-rajapack-2-284x300.png\" alt=\"Kit de traslado para mudanzas - Rajapack\" width=\"284\" height=\"300\" \/><\/a><\/li>\n<\/ul>\n<p>Por otro lado, y pensando tambi\u00e9n en <strong>mudanzas ocasionales<\/strong>, en Rajapack comercializamos un completo <a href=\"https:\/\/www.rajapack.es\/cajas-carton-contenedores-cajas-postales\/cajas-para-mudanza-archivo\/oferta-especial-kit-traslado-mudanza_PDT02377.html\" target=\"_blank\" rel=\"noopener noreferrer\">kit de traslado<\/a> que incluye 40 cajas de cart\u00f3n, un paquete de 6 rollos de cinta adhesiva Rajatape, una precintadora de pl\u00e1stico, un rollo de pl\u00e1stico de burbujas de 25 metros y un rotulador marca Staedtler.<\/p>\n<p>Con todos estos materiales, guardar y archivar correctamente todo nuestro 2015 es <strong>f\u00e1cil, r\u00e1pido y divertido<\/strong>.<\/p>\n","protected":false},"excerpt":{"rendered":"<p>\u00bfQu\u00e9 material de archivo necesitas para guardar todo lo que te ha tra\u00eddo 2015? En Rajapack te aconsejamos el id\u00f3neo para tus necesidades, desde cajas de archivo para papeles y documentos hasta cajas armario para ropa, pasando por cajas de mudanza si vas a cambiar de casa o de vida en este 2016.<\/p>\n","protected":false},"author":12,"featured_media":3572,"comment_status":"open","ping_status":"open","sticky":false,"template":"","format":"standard","meta":{"_acf_changed":false,"footnotes":""},"categories":[4],"tags":[],"class_list":["post-3556","post","type-post","status-publish","format-standard","has-post-thumbnail","hentry","category-embalaje"],"acf":[],"yoast_head":"\n<title>Imprescindibles en material de archivo para guardar tu 2015 | Blog Rajapack<\/title>\n<meta name=\"description\" content=\"\u00bfQu\u00e9 material de archivo necesitas para guardar todo lo que te ha tra\u00eddo 2015? En Rajapack te aconsejamos el id\u00f3neo para tus necesidades.\" \/>\n<meta name=\"robots\" content=\"index, follow, max-snippet:-1, max-image-preview:large, max-video-preview:-1\" \/>\n<link rel=\"canonical\" href=\"https:\/\/www.rajapack.es\/blog-es\/imprescindibles-en-material-de-archivo-para-guardar-tu-2015\" \/>\n<meta property=\"og:locale\" content=\"es_ES\" \/>\n<meta property=\"og:type\" content=\"article\" \/>\n<meta property=\"og:title\" content=\"Imprescindibles en material de archivo para guardar tu 2015 | Blog Rajapack\" \/>\n<meta property=\"og:description\" content=\"\u00bfQu\u00e9 material de archivo necesitas para guardar todo lo que te ha tra\u00eddo 2015? En Rajapack te aconsejamos el id\u00f3neo para tus necesidades.\" \/>\n<meta property=\"og:url\" content=\"https:\/\/www.rajapack.es\/blog-es\/imprescindibles-en-material-de-archivo-para-guardar-tu-2015\" \/>\n<meta property=\"og:site_name\" content=\"RAJAPACK Blog | Consejos de embalaje, log\u00edstica y m\u00e1s\" \/>\n<meta property=\"article:publisher\" content=\"https:\/\/www.facebook.com\/Rajapack.es\" \/>\n<meta property=\"article:published_time\" content=\"2016-01-08T07:00:44+00:00\" \/>\n<meta property=\"article:modified_time\" content=\"2022-04-03T15:30:29+00:00\" \/>\n<meta property=\"og:image\" content=\"https:\/\/www.rajapack.es\/blog-es\/wp-content\/uploads\/2016\/01\/cabecera-2.jpg\" \/>\n\t<meta property=\"og:image:width\" content=\"850\" \/>\n\t<meta property=\"og:image:height\" content=\"450\" \/>\n\t<meta property=\"og:image:type\" content=\"image\/jpeg\" \/>\n<meta name=\"author\" content=\"Ana MARIN\" \/>\n<meta name=\"twitter:card\" content=\"summary_large_image\" \/>\n<meta name=\"twitter:creator\" content=\"@RajapackES\" \/>\n<meta name=\"twitter:site\" content=\"@RajapackES\" \/>\n<meta name=\"twitter:label1\" content=\"Escrito por\" \/>\n\t<meta name=\"twitter:data1\" content=\"Ana MARIN\" \/>\n\t<meta name=\"twitter:label2\" content=\"Tiempo de lectura\" \/>\n\t<meta name=\"twitter:data2\" content=\"3 minutos\" \/>\n<script type=\"application\/ld+json\" class=\"yoast-schema-graph\">{\n\t    \"@context\": \"https:\/\/schema.org\",\n\t    \"@graph\": [\n\t        {\n\t            \"@type\": \"Article\",\n\t            \"@id\": \"https:\/\/www.rajapack.es\/blog-es\/imprescindibles-en-material-de-archivo-para-guardar-tu-2015#article\",\n\t            \"isPartOf\": {\n\t                \"@id\": \"https:\/\/www.rajapack.es\/blog-es\/imprescindibles-en-material-de-archivo-para-guardar-tu-2015\"\n\t            },\n\t            \"author\": {\n\t                \"name\": \"Ana MARIN\",\n\t                \"@id\": \"https:\/\/www.rajapack.es\/blog-es\/#\/schema\/person\/04fd300fa2b06042038f6df85b69b4b5\"\n\t            },\n\t            \"headline\": \"Imprescindibles en material de archivo para guardar tu 2015\",\n\t            \"datePublished\": \"2016-01-08T07:00:44+00:00\",\n\t            \"dateModified\": \"2022-04-03T15:30:29+00:00\",\n\t            \"mainEntityOfPage\": {\n\t                \"@id\": \"https:\/\/www.rajapack.es\/blog-es\/imprescindibles-en-material-de-archivo-para-guardar-tu-2015\"\n\t            },\n\t            \"wordCount\": 638,\n\t            \"commentCount\": 0,\n\t            \"publisher\": {\n\t                \"@id\": \"https:\/\/www.rajapack.es\/blog-es\/#organization\"\n\t            },\n\t            \"image\": {\n\t                \"@id\": \"https:\/\/www.rajapack.es\/blog-es\/imprescindibles-en-material-de-archivo-para-guardar-tu-2015#primaryimage\"\n\t            },\n\t            \"thumbnailUrl\": \"https:\/\/www.rajapack.es\/blog-es\/wp-content\/uploads\/2016\/01\/cabecera-2.jpg\",\n\t            \"articleSection\": [\n\t                \"Novedades &amp; Consejos de embalaje\"\n\t            ],\n\t            \"inLanguage\": \"es\",\n\t            \"potentialAction\": [\n\t                {\n\t                    \"@type\": \"CommentAction\",\n\t                    \"name\": \"Comment\",\n\t                    \"target\": [\n\t                        \"https:\/\/www.rajapack.es\/blog-es\/imprescindibles-en-material-de-archivo-para-guardar-tu-2015#respond\"\n\t                    ]\n\t                }\n\t            ]\n\t        },\n\t        {\n\t            \"@type\": \"WebPage\",\n\t            \"@id\": \"https:\/\/www.rajapack.es\/blog-es\/imprescindibles-en-material-de-archivo-para-guardar-tu-2015\",\n\t            \"url\": \"https:\/\/www.rajapack.es\/blog-es\/imprescindibles-en-material-de-archivo-para-guardar-tu-2015\",\n\t            \"name\": \"Imprescindibles en material de archivo para guardar tu 2015 | Blog Rajapack\",\n\t            \"isPartOf\": {\n\t                \"@id\": \"https:\/\/www.rajapack.es\/blog-es\/#website\"\n\t            },\n\t            \"primaryImageOfPage\": {\n\t                \"@id\": \"https:\/\/www.rajapack.es\/blog-es\/imprescindibles-en-material-de-archivo-para-guardar-tu-2015#primaryimage\"\n\t            },\n\t            \"image\": {\n\t                \"@id\": \"https:\/\/www.rajapack.es\/blog-es\/imprescindibles-en-material-de-archivo-para-guardar-tu-2015#primaryimage\"\n\t            },\n\t            \"thumbnailUrl\": \"https:\/\/www.rajapack.es\/blog-es\/wp-content\/uploads\/2016\/01\/cabecera-2.jpg\",\n\t            \"datePublished\": \"2016-01-08T07:00:44+00:00\",\n\t            \"dateModified\": \"2022-04-03T15:30:29+00:00\",\n\t            \"description\": \"\u00bfQu\u00e9 material de archivo necesitas para guardar todo lo que te ha tra\u00eddo 2015? En Rajapack te aconsejamos el id\u00f3neo para tus necesidades.\",\n\t            \"inLanguage\": \"es\",\n\t            \"potentialAction\": [\n\t                {\n\t                    \"@type\": \"ReadAction\",\n\t                    \"target\": [\n\t                        \"https:\/\/www.rajapack.es\/blog-es\/imprescindibles-en-material-de-archivo-para-guardar-tu-2015\"\n\t                    ]\n\t                }\n\t            ]\n\t        },\n\t        {\n\t            \"@type\": \"ImageObject\",\n\t            \"inLanguage\": \"es\",\n\t            \"@id\": \"https:\/\/www.rajapack.es\/blog-es\/imprescindibles-en-material-de-archivo-para-guardar-tu-2015#primaryimage\",\n\t            \"url\": \"https:\/\/www.rajapack.es\/blog-es\/wp-content\/uploads\/2016\/01\/cabecera-2.jpg\",\n\t            \"contentUrl\": \"https:\/\/www.rajapack.es\/blog-es\/wp-content\/uploads\/2016\/01\/cabecera-2.jpg\",\n\t            \"width\": 850,\n\t            \"height\": 450\n\t        },\n\t        {\n\t            \"@type\": \"WebSite\",\n\t            \"@id\": \"https:\/\/www.rajapack.es\/blog-es\/#website\",\n\t            \"url\": \"https:\/\/www.rajapack.es\/blog-es\/\",\n\t            \"name\": \"RAJAPACK Blog | Consejos de embalaje, log\u00edstica y m\u00e1s\",\n\t            \"description\": \"Consejos de embalaje, logistica y m\u00e1s\",\n\t            \"publisher\": {\n\t                \"@id\": \"https:\/\/www.rajapack.es\/blog-es\/#organization\"\n\t            },\n\t            \"potentialAction\": [\n\t                {\n\t                    \"@type\": \"SearchAction\",\n\t                    \"target\": {\n\t                        \"@type\": \"EntryPoint\",\n\t                        \"urlTemplate\": \"https:\/\/www.rajapack.es\/blog-es\/?s={search_term_string}\"\n\t                    },\n\t                    \"query-input\": {\n\t                        \"@type\": \"PropertyValueSpecification\",\n\t                        \"valueRequired\": true,\n\t                        \"valueName\": \"search_term_string\"\n\t                    }\n\t                }\n\t            ],\n\t            \"inLanguage\": \"es\"\n\t        },\n\t        {\n\t            \"@type\": \"Organization\",\n\t            \"@id\": \"https:\/\/www.rajapack.es\/blog-es\/#organization\",\n\t            \"name\": \"RAJA ES\",\n\t            \"url\": \"https:\/\/www.rajapack.es\/blog-es\/\",\n\t            \"logo\": {\n\t                \"@type\": \"ImageObject\",\n\t                \"inLanguage\": \"es\",\n\t                \"@id\": \"https:\/\/www.rajapack.es\/blog-es\/#\/schema\/logo\/image\/\",\n\t                \"url\": \"https:\/\/www.rajapack.es\/blog-es\/wp-content\/uploads\/2021\/10\/logo-mobile@3x.png\",\n\t                \"contentUrl\": \"https:\/\/www.rajapack.es\/blog-es\/wp-content\/uploads\/2021\/10\/logo-mobile@3x.png\",\n\t                \"width\": 534,\n\t                \"height\": 114,\n\t                \"caption\": \"RAJA ES\"\n\t            },\n\t            \"image\": {\n\t                \"@id\": \"https:\/\/www.rajapack.es\/blog-es\/#\/schema\/logo\/image\/\"\n\t            },\n\t            \"sameAs\": [\n\t                \"https:\/\/www.facebook.com\/Rajapack.es\",\n\t                \"https:\/\/x.com\/RajapackES\",\n\t                \"https:\/\/www.linkedin.com\/company\/rajapack-spain\/\",\n\t                \"https:\/\/www.youtube.com\/user\/RajapackES\"\n\t            ]\n\t        },\n\t        {\n\t            \"@type\": \"Person\",\n\t            \"@id\": \"https:\/\/www.rajapack.es\/blog-es\/#\/schema\/person\/04fd300fa2b06042038f6df85b69b4b5\",\n\t            \"name\": \"Ana MARIN\",\n\t            \"image\": {\n\t                \"@type\": \"ImageObject\",\n\t                \"inLanguage\": \"es\",\n\t                \"@id\": \"https:\/\/www.rajapack.es\/blog-es\/#\/schema\/person\/image\/\",\n\t                \"url\": \"https:\/\/secure.gravatar.com\/avatar\/652c925fca147acebb370b725d178d5c?s=96&d=mm&r=g\",\n\t                \"contentUrl\": \"https:\/\/secure.gravatar.com\/avatar\/652c925fca147acebb370b725d178d5c?s=96&d=mm&r=g\",\n\t                \"caption\": \"Ana MARIN\"\n\t            },\n\t            \"description\": \"Web marketer\",\n\t            \"url\": \"https:\/\/www.rajapack.es\/blog-es\/author\/amarin\"\n\t        }\n\t    ]\n\t}<\/script>\n","yoast_head_json":{"title":"Imprescindibles en material de archivo para guardar tu 2015 | Blog Rajapack","description":"\u00bfQu\u00e9 material de archivo necesitas para guardar todo lo que te ha tra\u00eddo 2015? En Rajapack te aconsejamos el id\u00f3neo para tus necesidades.","robots":{"index":"index","follow":"follow","max-snippet":"max-snippet:-1","max-image-preview":"max-image-preview:large","max-video-preview":"max-video-preview:-1"},"canonical":"https:\/\/www.rajapack.es\/blog-es\/imprescindibles-en-material-de-archivo-para-guardar-tu-2015","og_locale":"es_ES","og_type":"article","og_title":"Imprescindibles en material de archivo para guardar tu 2015 | Blog Rajapack","og_description":"\u00bfQu\u00e9 material de archivo necesitas para guardar todo lo que te ha tra\u00eddo 2015? En Rajapack te aconsejamos el id\u00f3neo para tus necesidades.","og_url":"https:\/\/www.rajapack.es\/blog-es\/imprescindibles-en-material-de-archivo-para-guardar-tu-2015","og_site_name":"RAJAPACK Blog | Consejos de embalaje, log\u00edstica y m\u00e1s","article_publisher":"https:\/\/www.facebook.com\/Rajapack.es","article_published_time":"2016-01-08T07:00:44+00:00","article_modified_time":"2022-04-03T15:30:29+00:00","og_image":[{"width":850,"height":450,"url":"https:\/\/www.rajapack.es\/blog-es\/wp-content\/uploads\/2016\/01\/cabecera-2.jpg","type":"image\/jpeg"}],"author":"Ana MARIN","twitter_card":"summary_large_image","twitter_creator":"@RajapackES","twitter_site":"@RajapackES","twitter_misc":{"Escrito por":"Ana MARIN","Tiempo de lectura":"3 minutos"},"schema":{"@context":"https:\/\/schema.org","@graph":[{"@type":"Article","@id":"https:\/\/www.rajapack.es\/blog-es\/imprescindibles-en-material-de-archivo-para-guardar-tu-2015#article","isPartOf":{"@id":"https:\/\/www.rajapack.es\/blog-es\/imprescindibles-en-material-de-archivo-para-guardar-tu-2015"},"author":{"name":"Ana MARIN","@id":"https:\/\/www.rajapack.es\/blog-es\/#\/schema\/person\/04fd300fa2b06042038f6df85b69b4b5"},"headline":"Imprescindibles en material de archivo para guardar tu 2015","datePublished":"2016-01-08T07:00:44+00:00","dateModified":"2022-04-03T15:30:29+00:00","mainEntityOfPage":{"@id":"https:\/\/www.rajapack.es\/blog-es\/imprescindibles-en-material-de-archivo-para-guardar-tu-2015"},"wordCount":638,"commentCount":0,"publisher":{"@id":"https:\/\/www.rajapack.es\/blog-es\/#organization"},"image":{"@id":"https:\/\/www.rajapack.es\/blog-es\/imprescindibles-en-material-de-archivo-para-guardar-tu-2015#primaryimage"},"thumbnailUrl":"https:\/\/www.rajapack.es\/blog-es\/wp-content\/uploads\/2016\/01\/cabecera-2.jpg","articleSection":["Novedades &amp; Consejos de embalaje"],"inLanguage":"es","potentialAction":[{"@type":"CommentAction","name":"Comment","target":["https:\/\/www.rajapack.es\/blog-es\/imprescindibles-en-material-de-archivo-para-guardar-tu-2015#respond"]}]},{"@type":"WebPage","@id":"https:\/\/www.rajapack.es\/blog-es\/imprescindibles-en-material-de-archivo-para-guardar-tu-2015","url":"https:\/\/www.rajapack.es\/blog-es\/imprescindibles-en-material-de-archivo-para-guardar-tu-2015","name":"Imprescindibles en material de archivo para guardar tu 2015 | Blog Rajapack","isPartOf":{"@id":"https:\/\/www.rajapack.es\/blog-es\/#website"},"primaryImageOfPage":{"@id":"https:\/\/www.rajapack.es\/blog-es\/imprescindibles-en-material-de-archivo-para-guardar-tu-2015#primaryimage"},"image":{"@id":"https:\/\/www.rajapack.es\/blog-es\/imprescindibles-en-material-de-archivo-para-guardar-tu-2015#primaryimage"},"thumbnailUrl":"https:\/\/www.rajapack.es\/blog-es\/wp-content\/uploads\/2016\/01\/cabecera-2.jpg","datePublished":"2016-01-08T07:00:44+00:00","dateModified":"2022-04-03T15:30:29+00:00","description":"\u00bfQu\u00e9 material de archivo necesitas para guardar todo lo que te ha tra\u00eddo 2015? En Rajapack te aconsejamos el id\u00f3neo para tus necesidades.","inLanguage":"es","potentialAction":[{"@type":"ReadAction","target":["https:\/\/www.rajapack.es\/blog-es\/imprescindibles-en-material-de-archivo-para-guardar-tu-2015"]}]},{"@type":"ImageObject","inLanguage":"es","@id":"https:\/\/www.rajapack.es\/blog-es\/imprescindibles-en-material-de-archivo-para-guardar-tu-2015#primaryimage","url":"https:\/\/www.rajapack.es\/blog-es\/wp-content\/uploads\/2016\/01\/cabecera-2.jpg","contentUrl":"https:\/\/www.rajapack.es\/blog-es\/wp-content\/uploads\/2016\/01\/cabecera-2.jpg","width":850,"height":450},{"@type":"WebSite","@id":"https:\/\/www.rajapack.es\/blog-es\/#website","url":"https:\/\/www.rajapack.es\/blog-es\/","name":"RAJAPACK Blog | Consejos de embalaje, log\u00edstica y m\u00e1s","description":"Consejos de embalaje, logistica y m\u00e1s","publisher":{"@id":"https:\/\/www.rajapack.es\/blog-es\/#organization"},"potentialAction":[{"@type":"SearchAction","target":{"@type":"EntryPoint","urlTemplate":"https:\/\/www.rajapack.es\/blog-es\/?s={search_term_string}"},"query-input":{"@type":"PropertyValueSpecification","valueRequired":true,"valueName":"search_term_string"}}],"inLanguage":"es"},{"@type":"Organization","@id":"https:\/\/www.rajapack.es\/blog-es\/#organization","name":"RAJA ES","url":"https:\/\/www.rajapack.es\/blog-es\/","logo":{"@type":"ImageObject","inLanguage":"es","@id":"https:\/\/www.rajapack.es\/blog-es\/#\/schema\/logo\/image\/","url":"https:\/\/www.rajapack.es\/blog-es\/wp-content\/uploads\/2021\/10\/logo-mobile@3x.png","contentUrl":"https:\/\/www.rajapack.es\/blog-es\/wp-content\/uploads\/2021\/10\/logo-mobile@3x.png","width":534,"height":114,"caption":"RAJA ES"},"image":{"@id":"https:\/\/www.rajapack.es\/blog-es\/#\/schema\/logo\/image\/"},"sameAs":["https:\/\/www.facebook.com\/Rajapack.es","https:\/\/x.com\/RajapackES","https:\/\/www.linkedin.com\/company\/rajapack-spain\/","https:\/\/www.youtube.com\/user\/RajapackES"]},{"@type":"Person","@id":"https:\/\/www.rajapack.es\/blog-es\/#\/schema\/person\/04fd300fa2b06042038f6df85b69b4b5","name":"Ana MARIN","image":{"@type":"ImageObject","inLanguage":"es","@id":"https:\/\/www.rajapack.es\/blog-es\/#\/schema\/person\/image\/","url":"https:\/\/secure.gravatar.com\/avatar\/652c925fca147acebb370b725d178d5c?s=96&d=mm&r=g","contentUrl":"https:\/\/secure.gravatar.com\/avatar\/652c925fca147acebb370b725d178d5c?s=96&d=mm&r=g","caption":"Ana MARIN"},"description":"Web marketer","url":"https:\/\/www.rajapack.es\/blog-es\/author\/amarin"}]}},"_links":{"self":[{"href":"https:\/\/www.rajapack.es\/blog-es\/wp-json\/wp\/v2\/posts\/3556"}],"collection":[{"href":"https:\/\/www.rajapack.es\/blog-es\/wp-json\/wp\/v2\/posts"}],"about":[{"href":"https:\/\/www.rajapack.es\/blog-es\/wp-json\/wp\/v2\/types\/post"}],"author":[{"embeddable":true,"href":"https:\/\/www.rajapack.es\/blog-es\/wp-json\/wp\/v2\/users\/12"}],"replies":[{"embeddable":true,"href":"https:\/\/www.rajapack.es\/blog-es\/wp-json\/wp\/v2\/comments?post=3556"}],"version-history":[{"count":0,"href":"https:\/\/www.rajapack.es\/blog-es\/wp-json\/wp\/v2\/posts\/3556\/revisions"}],"wp:featuredmedia":[{"embeddable":true,"href":"https:\/\/www.rajapack.es\/blog-es\/wp-json\/wp\/v2\/media\/3572"}],"wp:attachment":[{"href":"https:\/\/www.rajapack.es\/blog-es\/wp-json\/wp\/v2\/media?parent=3556"}],"wp:term":[{"taxonomy":"category","embeddable":true,"href":"https:\/\/www.rajapack.es\/blog-es\/wp-json\/wp\/v2\/categories?post=3556"},{"taxonomy":"post_tag","embeddable":true,"href":"https:\/\/www.rajapack.es\/blog-es\/wp-json\/wp\/v2\/tags?post=3556"}],"curies":[{"name":"wp","href":"https:\/\/api.w.org\/{rel}","templated":true}]}}