{"id":3792,"date":"2016-03-08T09:38:21","date_gmt":"2016-03-08T07:38:21","guid":{"rendered":"https:\/\/blog-staging-es.raja-group.com\/?p=3792"},"modified":"2022-10-17T00:09:22","modified_gmt":"2022-10-16T22:09:22","slug":"dia-mujer-rajapack-medio-ambiente","status":"publish","type":"post","link":"https:\/\/www.rajapack.es\/blog-es\/dia-mujer-rajapack-medio-ambiente","title":{"rendered":"D\u00eda de la Mujer en Rajapack y \u00a1tambi\u00e9n del medio ambiente!"},"content":{"rendered":"<p>\u00bfCu\u00e1l es el nexo de uni\u00f3n entre <strong>cajas de cart\u00f3n<\/strong>, <strong>mujeres<\/strong> y <strong>medio ambiente<\/strong>? La respuesta a esta pregunta es <strong>Rajapack<\/strong>. Y hoy, <strong>D\u00eda de la Mujer<\/strong>, queremos hacer recapitulaci\u00f3n del programa \u201c<strong>Mujeres y medio ambiente<\/strong>\u201d, en marcha desde septiembre de 2015 en todas las filiales europeas del grupo RAJA. Con seis meses de duraci\u00f3n, esta campa\u00f1a buscaba conseguir fondos para financiar proyectos liderados por mujeres en pa\u00edses en v\u00edas de desarrollo. Debido al \u00e9xito cosechado, en Rajapack hemos decidido extenderla por otro medio a\u00f1o, trasladando la fecha de finalizaci\u00f3n al 31 de agosto.<\/p>\n<p>Y es que los <strong>fondos<\/strong> conseguidos a finales de febrero se cifraban en <strong>415.000 euros<\/strong>. Ha sido posible gracias a la participaci\u00f3n de <strong>m\u00e1s de 34.000 clientes<\/strong>. Cada vez que os decant\u00e1bais por los productos eco-responsables de Rajapack, aportabais un granito de arena a la causa.<\/p>\n<p>Hoy,<strong> 8 de marzo D\u00eda de la Mujer<\/strong>, el <strong>Grupo RAJA<\/strong> entrega estos fondos a las <strong>cinco asociaciones beneficiarias<\/strong>, que, a su vez, llevar\u00e1n a cabo cinco proyectos en pa\u00edses en v\u00edas de desarrollo. Pero antes volvamos a los or\u00edgenes\u2026<\/p>\n<h2>1. Mujeres y medio ambiente: en la esencia de Rajapack<\/h2>\n<p><img loading=\"lazy\" decoding=\"async\" class=\"wp-image-3796 alignright\" src=\"https:\/\/www.rajapack.es\/blog-es\/wp-content\/uploads\/2016\/03\/mujeres-y-medio-ambiente-rajapack.jpg\" alt=\"mujeres y medio ambiente rajapack\" width=\"218\" height=\"179\" \/>Si echamos la mirada atr\u00e1s y nos fijamos en los <a href=\"https:\/\/www.rajapack.es\/blog-es\/te-explicamos-de-donde-viene-nuestro-nombre-rajapack\/\">or\u00edgenes de nuestra empresa<\/a> e incluso de nuestro nombre, ambos conceptos, el de <strong>mujer<\/strong> y el de <strong>medio ambiente,<\/strong> han sido claves en la creaci\u00f3n y posterior expansi\u00f3n del Grupo RAJA.<\/p>\n<p>En 1954 fueron <strong>dos mujeres pioneras<\/strong>, Raquel Marcovici y Janine Rocher, quienes se atrevieron a dar el paso y utilizar <strong>cart\u00f3n reciclado<\/strong>, m\u00e1s barato, como material de fabricaci\u00f3n para embalaje en su Francia natal.<\/p>\n<p>Por ello, la <strong>defensa de los derechos de las mujeres <\/strong>ha estado impresa desde siempre en el ADN de Rajapack. De ah\u00ed la <a href=\"https:\/\/www.rajapack.es\/blog-es\/fundacion-raja-daniele-marcovici-un-compromiso-con-la-sociedad\/\">instauraci\u00f3n de la Fundaci\u00f3n RAJA-Dani\u00e8le Marcovici<\/a>, creada en 2006 para liderar acciones en favor de las mujeres a nivel internacional. Dirigida por Dani\u00e8le Marcovici, tiene como misi\u00f3n promover \u201cel respecto, la igualdad de oportunidades y la educaci\u00f3n para todos en representaci\u00f3n de todas las mujeres\u201d.<\/p>\n<h2>2. Los fondos recaudados financiar\u00e1n proyectos para mujeres en cinco pa\u00edses<\/h2>\n<p><img loading=\"lazy\" decoding=\"async\" class=\"wp-image-3798 alignleft\" src=\"https:\/\/www.rajapack.es\/blog-es\/wp-content\/uploads\/2016\/03\/Balance-de-la-acci\u00f3n-mujeres-y-medio-ambiente.jpg\" alt=\"Balance de la acci\u00f3n mujeres y medio ambiente\" width=\"201\" height=\"146\" \/>Precisamente es en pa\u00edses en v\u00edas de desarrollo donde la <strong>discriminaci\u00f3n de las mujeres<\/strong> es desgarradora. Ellas soportan gran parte de la carga de trabajo tanto dentro como fuera de casa.<\/p>\n<p>Por ello, el grupo RAJA ha querido <strong>hacerles la vida m\u00e1s f\u00e1cil<\/strong> a trav\u00e9s de la financiaci\u00f3n de estos <a href=\"https:\/\/www.rajapack.es\/mujeres-y-medioambiente_cms_000048.html\" target=\"_blank\" rel=\"noopener noreferrer\"><strong>primeros cinco proyectos<\/strong><\/a> situados en Togo, Mozambique, Cuba, India y Myanmar (la antigua Birmania). Los programas persiguen el doble objetivo de <strong>reforzar el papel de las mujeres en la sociedad<\/strong> y concienciarlas acerca del <strong>respeto al medio ambiente<\/strong>. Estos proyectos tienen un corte formativo con el fin de otorgarles las herramientas suficientes para practicar una agricultura y ganader\u00eda ecol\u00f3gicas.<\/p>\n<h2>3. El doble compromiso con el medio ambiente de Rajapack<\/h2>\n<p>En Rajapack tenemos un <strong>doble compromiso con el medio ambiente<\/strong>:<\/p>\n<ul>\n<li>Si tu empresa tiene una pol\u00edtica ambiental respetuosa, en Rajapack encontrar\u00e1s <strong>alternativas ecol\u00f3gicas para el material de embalaje <\/strong>que necesites. \u00a1Cuenta con ello en tu elecci\u00f3n! Tienes las <a href=\"https:\/\/www.rajapack.es\/embalaje-ecologico_cms_000041.html\">opciones de embalaje ecol\u00f3gico en nuestra secci\u00f3n especial<\/a>, donde puedes encontrar <strong>productos de cart\u00f3n hechos de material reciclable o de pl\u00e1stico biodegradable<\/strong>, entre otros.<\/li>\n<\/ul>\n<ul>\n<li>La <strong>distintiva etiqueta verde<\/strong> marca los <a href=\"https:\/\/www.rajapack.es\/mujeres-y-medioambiente\/embalajes-ecoresponsables_cms_000051.html\">productos que, adem\u00e1s de ser ecol\u00f3gicos son solidarios<\/a>, ya que al adquirirlos <strong>uno o dos euros<\/strong> van destinados al programa \u201cMujeres y medio ambiente\u201d. Puedes contribuir comprando <strong>cajas de cart\u00f3n<\/strong>, <strong>cinta adhesiva<\/strong> y <strong>bolsas de papel kraft<\/strong>.<\/li>\n<\/ul>\n<p>La extensi\u00f3n de nuestro proyecto \u201cMujeres y medio ambiente\u201d otros seis meses m\u00e1s va ligada a la financiaci\u00f3n de otros nuevos tres proyectos en Senegal, la India y Georgia. En definitiva, <strong>en Rajapack deseamos que el D\u00eda de la Mujer sea todos los d\u00edas del a\u00f1o<\/strong>. Y no quer\u00edamos dejar pasar la ocasi\u00f3n para mandar un mensaje de agradecimiento a todos los que nos ayud\u00e1is a hacerlo posible: <strong>\u00a1gracias!<\/strong><\/p>\n","protected":false},"excerpt":{"rendered":"<p>En Rajapack queremos que el D\u00eda de la Mujer sea todos los d\u00edas. Por eso ayudamos a mujeres de todo el mundo a tener una vida m\u00e1s f\u00e1cil. Est\u00e1 en nuestro ADN. Desde los inicios el Grupo RAJA tiene un doble compromiso con la defensa de los derechos de las mujeres y con el respeto al medio ambiente. Explora los detalles de la acci\u00f3n \u201cMujeres y Medio ambiente\u201d en este art\u00edculo.<\/p>\n","protected":false},"author":12,"featured_media":3806,"comment_status":"open","ping_status":"open","sticky":false,"template":"","format":"standard","meta":{"_acf_changed":false,"footnotes":""},"categories":[547,6],"tags":[99],"class_list":["post-3792","post","type-post","status-publish","format-standard","has-post-thumbnail","hentry","category-medio-ambiente-embalaje","category-noticias","tag-ecologia"],"acf":[],"yoast_head":"\n<title>D\u00eda de la Mujer en Rajapack y \u00a1tambi\u00e9n del medio ambiente! RAJAPACK<\/title>\n<meta name=\"description\" content=\"En Rajapack ayudamos a mujeres de todo el mundo a tener una vida m\u00e1s f\u00e1cil con nuestro embalaje eco-responsable. \u00a1Que el D\u00eda de la Mujer sea todos los d\u00edas!\" \/>\n<meta name=\"robots\" content=\"index, follow, max-snippet:-1, max-image-preview:large, max-video-preview:-1\" \/>\n<link rel=\"canonical\" href=\"https:\/\/www.rajapack.es\/blog-es\/dia-mujer-rajapack-medio-ambiente\" \/>\n<meta property=\"og:locale\" content=\"es_ES\" \/>\n<meta property=\"og:type\" content=\"article\" \/>\n<meta property=\"og:title\" content=\"D\u00eda de la Mujer en Rajapack y \u00a1tambi\u00e9n del medio ambiente! RAJAPACK\" \/>\n<meta property=\"og:description\" content=\"En Rajapack ayudamos a mujeres de todo el mundo a tener una vida m\u00e1s f\u00e1cil con nuestro embalaje eco-responsable. \u00a1Que el D\u00eda de la Mujer sea todos los d\u00edas!\" \/>\n<meta property=\"og:url\" content=\"https:\/\/www.rajapack.es\/blog-es\/dia-mujer-rajapack-medio-ambiente\" \/>\n<meta property=\"og:site_name\" content=\"RAJAPACK Blog | Consejos de embalaje, log\u00edstica y m\u00e1s\" \/>\n<meta property=\"article:publisher\" content=\"https:\/\/www.facebook.com\/Rajapack.es\" \/>\n<meta property=\"article:published_time\" content=\"2016-03-08T07:38:21+00:00\" \/>\n<meta property=\"article:modified_time\" content=\"2022-10-16T22:09:22+00:00\" \/>\n<meta property=\"og:image\" content=\"https:\/\/www.rajapack.es\/blog-es\/wp-content\/uploads\/2016\/03\/mujer-agricultora-cultivando-en-campos-en-la-India.jpg\" \/>\n\t<meta property=\"og:image:width\" content=\"850\" \/>\n\t<meta property=\"og:image:height\" content=\"450\" \/>\n\t<meta property=\"og:image:type\" content=\"image\/jpeg\" \/>\n<meta name=\"author\" content=\"Ana MARIN\" \/>\n<meta name=\"twitter:card\" content=\"summary_large_image\" \/>\n<meta name=\"twitter:creator\" content=\"@RajapackES\" \/>\n<meta name=\"twitter:site\" content=\"@RajapackES\" \/>\n<meta name=\"twitter:label1\" content=\"Escrito por\" \/>\n\t<meta name=\"twitter:data1\" content=\"Ana MARIN\" \/>\n\t<meta name=\"twitter:label2\" content=\"Tiempo de lectura\" \/>\n\t<meta name=\"twitter:data2\" content=\"3 minutos\" \/>\n<script type=\"application\/ld+json\" class=\"yoast-schema-graph\">{\n\t    \"@context\": \"https:\/\/schema.org\",\n\t    \"@graph\": [\n\t        {\n\t            \"@type\": \"Article\",\n\t            \"@id\": \"https:\/\/www.rajapack.es\/blog-es\/dia-mujer-rajapack-medio-ambiente#article\",\n\t            \"isPartOf\": {\n\t                \"@id\": \"https:\/\/www.rajapack.es\/blog-es\/dia-mujer-rajapack-medio-ambiente\"\n\t            },\n\t            \"author\": {\n\t                \"name\": \"Ana MARIN\",\n\t                \"@id\": \"https:\/\/www.rajapack.es\/blog-es\/#\/schema\/person\/04fd300fa2b06042038f6df85b69b4b5\"\n\t            },\n\t            \"headline\": \"D\u00eda de la Mujer en Rajapack y \u00a1tambi\u00e9n del medio ambiente!\",\n\t            \"datePublished\": \"2016-03-08T07:38:21+00:00\",\n\t            \"dateModified\": \"2022-10-16T22:09:22+00:00\",\n\t            \"mainEntityOfPage\": {\n\t                \"@id\": \"https:\/\/www.rajapack.es\/blog-es\/dia-mujer-rajapack-medio-ambiente\"\n\t            },\n\t            \"wordCount\": 704,\n\t            \"commentCount\": 0,\n\t            \"publisher\": {\n\t                \"@id\": \"https:\/\/www.rajapack.es\/blog-es\/#organization\"\n\t            },\n\t            \"image\": {\n\t                \"@id\": \"https:\/\/www.rajapack.es\/blog-es\/dia-mujer-rajapack-medio-ambiente#primaryimage\"\n\t            },\n\t            \"thumbnailUrl\": \"https:\/\/www.rajapack.es\/blog-es\/wp-content\/uploads\/2016\/03\/mujer-agricultora-cultivando-en-campos-en-la-India.jpg\",\n\t            \"keywords\": [\n\t                \"ecolog\u00eda\"\n\t            ],\n\t            \"articleSection\": [\n\t                \"Medio ambiente &amp; Embalaje\",\n\t                \"Noticias y eventos\"\n\t            ],\n\t            \"inLanguage\": \"es\",\n\t            \"potentialAction\": [\n\t                {\n\t                    \"@type\": \"CommentAction\",\n\t                    \"name\": \"Comment\",\n\t                    \"target\": [\n\t                        \"https:\/\/www.rajapack.es\/blog-es\/dia-mujer-rajapack-medio-ambiente#respond\"\n\t                    ]\n\t                }\n\t            ]\n\t        },\n\t        {\n\t            \"@type\": \"WebPage\",\n\t            \"@id\": \"https:\/\/www.rajapack.es\/blog-es\/dia-mujer-rajapack-medio-ambiente\",\n\t            \"url\": \"https:\/\/www.rajapack.es\/blog-es\/dia-mujer-rajapack-medio-ambiente\",\n\t            \"name\": \"D\u00eda de la Mujer en Rajapack y \u00a1tambi\u00e9n del medio ambiente! RAJAPACK\",\n\t            \"isPartOf\": {\n\t                \"@id\": \"https:\/\/www.rajapack.es\/blog-es\/#website\"\n\t            },\n\t            \"primaryImageOfPage\": {\n\t                \"@id\": \"https:\/\/www.rajapack.es\/blog-es\/dia-mujer-rajapack-medio-ambiente#primaryimage\"\n\t            },\n\t            \"image\": {\n\t                \"@id\": \"https:\/\/www.rajapack.es\/blog-es\/dia-mujer-rajapack-medio-ambiente#primaryimage\"\n\t            },\n\t            \"thumbnailUrl\": \"https:\/\/www.rajapack.es\/blog-es\/wp-content\/uploads\/2016\/03\/mujer-agricultora-cultivando-en-campos-en-la-India.jpg\",\n\t            \"datePublished\": \"2016-03-08T07:38:21+00:00\",\n\t            \"dateModified\": \"2022-10-16T22:09:22+00:00\",\n\t            \"description\": \"En Rajapack ayudamos a mujeres de todo el mundo a tener una vida m\u00e1s f\u00e1cil con nuestro embalaje eco-responsable. \u00a1Que el D\u00eda de la Mujer sea todos los d\u00edas!\",\n\t            \"inLanguage\": \"es\",\n\t            \"potentialAction\": [\n\t                {\n\t                    \"@type\": \"ReadAction\",\n\t                    \"target\": [\n\t                        \"https:\/\/www.rajapack.es\/blog-es\/dia-mujer-rajapack-medio-ambiente\"\n\t                    ]\n\t                }\n\t            ]\n\t        },\n\t        {\n\t            \"@type\": \"ImageObject\",\n\t            \"inLanguage\": \"es\",\n\t            \"@id\": \"https:\/\/www.rajapack.es\/blog-es\/dia-mujer-rajapack-medio-ambiente#primaryimage\",\n\t            \"url\": \"https:\/\/www.rajapack.es\/blog-es\/wp-content\/uploads\/2016\/03\/mujer-agricultora-cultivando-en-campos-en-la-India.jpg\",\n\t            \"contentUrl\": \"https:\/\/www.rajapack.es\/blog-es\/wp-content\/uploads\/2016\/03\/mujer-agricultora-cultivando-en-campos-en-la-India.jpg\",\n\t            \"width\": 850,\n\t            \"height\": 450,\n\t            \"caption\": \"mujer agricultora cultivando campos en la India\"\n\t        },\n\t        {\n\t            \"@type\": \"WebSite\",\n\t            \"@id\": \"https:\/\/www.rajapack.es\/blog-es\/#website\",\n\t            \"url\": \"https:\/\/www.rajapack.es\/blog-es\/\",\n\t            \"name\": \"RAJAPACK Blog | Consejos de embalaje, log\u00edstica y m\u00e1s\",\n\t            \"description\": \"Consejos de embalaje, logistica y m\u00e1s\",\n\t            \"publisher\": {\n\t                \"@id\": \"https:\/\/www.rajapack.es\/blog-es\/#organization\"\n\t            },\n\t            \"potentialAction\": [\n\t                {\n\t                    \"@type\": \"SearchAction\",\n\t                    \"target\": {\n\t                        \"@type\": \"EntryPoint\",\n\t                        \"urlTemplate\": \"https:\/\/www.rajapack.es\/blog-es\/?s={search_term_string}\"\n\t                    },\n\t                    \"query-input\": {\n\t                        \"@type\": \"PropertyValueSpecification\",\n\t                        \"valueRequired\": true,\n\t                        \"valueName\": \"search_term_string\"\n\t                    }\n\t                }\n\t            ],\n\t            \"inLanguage\": \"es\"\n\t        },\n\t        {\n\t            \"@type\": \"Organization\",\n\t            \"@id\": \"https:\/\/www.rajapack.es\/blog-es\/#organization\",\n\t            \"name\": \"RAJA ES\",\n\t            \"url\": \"https:\/\/www.rajapack.es\/blog-es\/\",\n\t            \"logo\": {\n\t                \"@type\": \"ImageObject\",\n\t                \"inLanguage\": \"es\",\n\t                \"@id\": \"https:\/\/www.rajapack.es\/blog-es\/#\/schema\/logo\/image\/\",\n\t                \"url\": \"https:\/\/www.rajapack.es\/blog-es\/wp-content\/uploads\/2021\/10\/logo-mobile@3x.png\",\n\t                \"contentUrl\": \"https:\/\/www.rajapack.es\/blog-es\/wp-content\/uploads\/2021\/10\/logo-mobile@3x.png\",\n\t                \"width\": 534,\n\t                \"height\": 114,\n\t                \"caption\": \"RAJA ES\"\n\t            },\n\t            \"image\": {\n\t                \"@id\": \"https:\/\/www.rajapack.es\/blog-es\/#\/schema\/logo\/image\/\"\n\t            },\n\t            \"sameAs\": [\n\t                \"https:\/\/www.facebook.com\/Rajapack.es\",\n\t                \"https:\/\/x.com\/RajapackES\",\n\t                \"https:\/\/www.linkedin.com\/company\/rajapack-spain\/\",\n\t                \"https:\/\/www.youtube.com\/user\/RajapackES\"\n\t            ]\n\t        },\n\t        {\n\t            \"@type\": \"Person\",\n\t            \"@id\": \"https:\/\/www.rajapack.es\/blog-es\/#\/schema\/person\/04fd300fa2b06042038f6df85b69b4b5\",\n\t            \"name\": \"Ana MARIN\",\n\t            \"image\": {\n\t                \"@type\": \"ImageObject\",\n\t                \"inLanguage\": \"es\",\n\t                \"@id\": \"https:\/\/www.rajapack.es\/blog-es\/#\/schema\/person\/image\/\",\n\t                \"url\": \"https:\/\/secure.gravatar.com\/avatar\/652c925fca147acebb370b725d178d5c?s=96&d=mm&r=g\",\n\t                \"contentUrl\": \"https:\/\/secure.gravatar.com\/avatar\/652c925fca147acebb370b725d178d5c?s=96&d=mm&r=g\",\n\t                \"caption\": \"Ana MARIN\"\n\t            },\n\t            \"description\": \"Web marketer\",\n\t            \"url\": \"https:\/\/www.rajapack.es\/blog-es\/author\/amarin\"\n\t        }\n\t    ]\n\t}<\/script>\n","yoast_head_json":{"title":"D\u00eda de la Mujer en Rajapack y \u00a1tambi\u00e9n del medio ambiente! RAJAPACK","description":"En Rajapack ayudamos a mujeres de todo el mundo a tener una vida m\u00e1s f\u00e1cil con nuestro embalaje eco-responsable. \u00a1Que el D\u00eda de la Mujer sea todos los d\u00edas!","robots":{"index":"index","follow":"follow","max-snippet":"max-snippet:-1","max-image-preview":"max-image-preview:large","max-video-preview":"max-video-preview:-1"},"canonical":"https:\/\/www.rajapack.es\/blog-es\/dia-mujer-rajapack-medio-ambiente","og_locale":"es_ES","og_type":"article","og_title":"D\u00eda de la Mujer en Rajapack y \u00a1tambi\u00e9n del medio ambiente! RAJAPACK","og_description":"En Rajapack ayudamos a mujeres de todo el mundo a tener una vida m\u00e1s f\u00e1cil con nuestro embalaje eco-responsable. \u00a1Que el D\u00eda de la Mujer sea todos los d\u00edas!","og_url":"https:\/\/www.rajapack.es\/blog-es\/dia-mujer-rajapack-medio-ambiente","og_site_name":"RAJAPACK Blog | Consejos de embalaje, log\u00edstica y m\u00e1s","article_publisher":"https:\/\/www.facebook.com\/Rajapack.es","article_published_time":"2016-03-08T07:38:21+00:00","article_modified_time":"2022-10-16T22:09:22+00:00","og_image":[{"width":850,"height":450,"url":"https:\/\/www.rajapack.es\/blog-es\/wp-content\/uploads\/2016\/03\/mujer-agricultora-cultivando-en-campos-en-la-India.jpg","type":"image\/jpeg"}],"author":"Ana MARIN","twitter_card":"summary_large_image","twitter_creator":"@RajapackES","twitter_site":"@RajapackES","twitter_misc":{"Escrito por":"Ana MARIN","Tiempo de lectura":"3 minutos"},"schema":{"@context":"https:\/\/schema.org","@graph":[{"@type":"Article","@id":"https:\/\/www.rajapack.es\/blog-es\/dia-mujer-rajapack-medio-ambiente#article","isPartOf":{"@id":"https:\/\/www.rajapack.es\/blog-es\/dia-mujer-rajapack-medio-ambiente"},"author":{"name":"Ana MARIN","@id":"https:\/\/www.rajapack.es\/blog-es\/#\/schema\/person\/04fd300fa2b06042038f6df85b69b4b5"},"headline":"D\u00eda de la Mujer en Rajapack y \u00a1tambi\u00e9n del medio ambiente!","datePublished":"2016-03-08T07:38:21+00:00","dateModified":"2022-10-16T22:09:22+00:00","mainEntityOfPage":{"@id":"https:\/\/www.rajapack.es\/blog-es\/dia-mujer-rajapack-medio-ambiente"},"wordCount":704,"commentCount":0,"publisher":{"@id":"https:\/\/www.rajapack.es\/blog-es\/#organization"},"image":{"@id":"https:\/\/www.rajapack.es\/blog-es\/dia-mujer-rajapack-medio-ambiente#primaryimage"},"thumbnailUrl":"https:\/\/www.rajapack.es\/blog-es\/wp-content\/uploads\/2016\/03\/mujer-agricultora-cultivando-en-campos-en-la-India.jpg","keywords":["ecolog\u00eda"],"articleSection":["Medio ambiente &amp; Embalaje","Noticias y eventos"],"inLanguage":"es","potentialAction":[{"@type":"CommentAction","name":"Comment","target":["https:\/\/www.rajapack.es\/blog-es\/dia-mujer-rajapack-medio-ambiente#respond"]}]},{"@type":"WebPage","@id":"https:\/\/www.rajapack.es\/blog-es\/dia-mujer-rajapack-medio-ambiente","url":"https:\/\/www.rajapack.es\/blog-es\/dia-mujer-rajapack-medio-ambiente","name":"D\u00eda de la Mujer en Rajapack y \u00a1tambi\u00e9n del medio ambiente! RAJAPACK","isPartOf":{"@id":"https:\/\/www.rajapack.es\/blog-es\/#website"},"primaryImageOfPage":{"@id":"https:\/\/www.rajapack.es\/blog-es\/dia-mujer-rajapack-medio-ambiente#primaryimage"},"image":{"@id":"https:\/\/www.rajapack.es\/blog-es\/dia-mujer-rajapack-medio-ambiente#primaryimage"},"thumbnailUrl":"https:\/\/www.rajapack.es\/blog-es\/wp-content\/uploads\/2016\/03\/mujer-agricultora-cultivando-en-campos-en-la-India.jpg","datePublished":"2016-03-08T07:38:21+00:00","dateModified":"2022-10-16T22:09:22+00:00","description":"En Rajapack ayudamos a mujeres de todo el mundo a tener una vida m\u00e1s f\u00e1cil con nuestro embalaje eco-responsable. \u00a1Que el D\u00eda de la Mujer sea todos los d\u00edas!","inLanguage":"es","potentialAction":[{"@type":"ReadAction","target":["https:\/\/www.rajapack.es\/blog-es\/dia-mujer-rajapack-medio-ambiente"]}]},{"@type":"ImageObject","inLanguage":"es","@id":"https:\/\/www.rajapack.es\/blog-es\/dia-mujer-rajapack-medio-ambiente#primaryimage","url":"https:\/\/www.rajapack.es\/blog-es\/wp-content\/uploads\/2016\/03\/mujer-agricultora-cultivando-en-campos-en-la-India.jpg","contentUrl":"https:\/\/www.rajapack.es\/blog-es\/wp-content\/uploads\/2016\/03\/mujer-agricultora-cultivando-en-campos-en-la-India.jpg","width":850,"height":450,"caption":"mujer agricultora cultivando campos en la India"},{"@type":"WebSite","@id":"https:\/\/www.rajapack.es\/blog-es\/#website","url":"https:\/\/www.rajapack.es\/blog-es\/","name":"RAJAPACK Blog | Consejos de embalaje, log\u00edstica y m\u00e1s","description":"Consejos de embalaje, logistica y m\u00e1s","publisher":{"@id":"https:\/\/www.rajapack.es\/blog-es\/#organization"},"potentialAction":[{"@type":"SearchAction","target":{"@type":"EntryPoint","urlTemplate":"https:\/\/www.rajapack.es\/blog-es\/?s={search_term_string}"},"query-input":{"@type":"PropertyValueSpecification","valueRequired":true,"valueName":"search_term_string"}}],"inLanguage":"es"},{"@type":"Organization","@id":"https:\/\/www.rajapack.es\/blog-es\/#organization","name":"RAJA ES","url":"https:\/\/www.rajapack.es\/blog-es\/","logo":{"@type":"ImageObject","inLanguage":"es","@id":"https:\/\/www.rajapack.es\/blog-es\/#\/schema\/logo\/image\/","url":"https:\/\/www.rajapack.es\/blog-es\/wp-content\/uploads\/2021\/10\/logo-mobile@3x.png","contentUrl":"https:\/\/www.rajapack.es\/blog-es\/wp-content\/uploads\/2021\/10\/logo-mobile@3x.png","width":534,"height":114,"caption":"RAJA ES"},"image":{"@id":"https:\/\/www.rajapack.es\/blog-es\/#\/schema\/logo\/image\/"},"sameAs":["https:\/\/www.facebook.com\/Rajapack.es","https:\/\/x.com\/RajapackES","https:\/\/www.linkedin.com\/company\/rajapack-spain\/","https:\/\/www.youtube.com\/user\/RajapackES"]},{"@type":"Person","@id":"https:\/\/www.rajapack.es\/blog-es\/#\/schema\/person\/04fd300fa2b06042038f6df85b69b4b5","name":"Ana MARIN","image":{"@type":"ImageObject","inLanguage":"es","@id":"https:\/\/www.rajapack.es\/blog-es\/#\/schema\/person\/image\/","url":"https:\/\/secure.gravatar.com\/avatar\/652c925fca147acebb370b725d178d5c?s=96&d=mm&r=g","contentUrl":"https:\/\/secure.gravatar.com\/avatar\/652c925fca147acebb370b725d178d5c?s=96&d=mm&r=g","caption":"Ana MARIN"},"description":"Web marketer","url":"https:\/\/www.rajapack.es\/blog-es\/author\/amarin"}]}},"_links":{"self":[{"href":"https:\/\/www.rajapack.es\/blog-es\/wp-json\/wp\/v2\/posts\/3792"}],"collection":[{"href":"https:\/\/www.rajapack.es\/blog-es\/wp-json\/wp\/v2\/posts"}],"about":[{"href":"https:\/\/www.rajapack.es\/blog-es\/wp-json\/wp\/v2\/types\/post"}],"author":[{"embeddable":true,"href":"https:\/\/www.rajapack.es\/blog-es\/wp-json\/wp\/v2\/users\/12"}],"replies":[{"embeddable":true,"href":"https:\/\/www.rajapack.es\/blog-es\/wp-json\/wp\/v2\/comments?post=3792"}],"version-history":[{"count":0,"href":"https:\/\/www.rajapack.es\/blog-es\/wp-json\/wp\/v2\/posts\/3792\/revisions"}],"wp:featuredmedia":[{"embeddable":true,"href":"https:\/\/www.rajapack.es\/blog-es\/wp-json\/wp\/v2\/media\/3806"}],"wp:attachment":[{"href":"https:\/\/www.rajapack.es\/blog-es\/wp-json\/wp\/v2\/media?parent=3792"}],"wp:term":[{"taxonomy":"category","embeddable":true,"href":"https:\/\/www.rajapack.es\/blog-es\/wp-json\/wp\/v2\/categories?post=3792"},{"taxonomy":"post_tag","embeddable":true,"href":"https:\/\/www.rajapack.es\/blog-es\/wp-json\/wp\/v2\/tags?post=3792"}],"curies":[{"name":"wp","href":"https:\/\/api.w.org\/{rel}","templated":true}]}}