{"id":4183,"date":"2016-05-31T10:30:57","date_gmt":"2016-05-31T08:30:57","guid":{"rendered":"https:\/\/blog-staging-es.raja-group.com\/?p=4183"},"modified":"2025-05-21T14:11:08","modified_gmt":"2025-05-21T12:11:08","slug":"mujeres-medio-ambiente-balance-la-primera-campana","status":"publish","type":"post","link":"https:\/\/www.rajapack.es\/blog-es\/mujeres-medio-ambiente-balance-la-primera-campana","title":{"rendered":"Mujeres y Medio Ambiente: Balance de la primera campa\u00f1a"},"content":{"rendered":"<p align=\"justify\">Desde\u00a0septiembre de 2015, la Fundaci\u00f3n RAJA-Dani\u00e8le Marcovici ha logrado recaudar m\u00e1s de 420.389\u20ac, sumando los esfuerzos de todas las filiales de Europa. Estos fondos servir\u00e1n para permitir la formaci\u00f3n de 800 mujeres en nuevas t\u00e9cnicas agr\u00edcolas y tambi\u00e9n la distribuci\u00f3n de centenares de kits de horticultura, repoblar 12 hect\u00e1reas de bosque, entre otros.<\/p>\n<p align=\"justify\">El balance de nuestra primera campa\u00f1a se resume as\u00ed:<\/p>\n<p align=\"justify\"><img loading=\"lazy\" decoding=\"async\" class=\"aligncenter wp-image-4188 \" src=\"https:\/\/www.rajapack.es\/blog-es\/wp-content\/uploads\/2016\/05\/ES-AFE-bilan-action-2016.jpg\" alt=\"Balance de la Acci\u00f3n Mujeres y Medio Ambiente.\" width=\"588\" height=\"140\" \/><\/p>\n<p align=\"justify\">De esta manera, con motivo del D\u00eda Internacional de la Mujer, el 8 de marzo de 2016, tuvo lugar la <a href=\"https:\/\/www.rajapack.es\/mujeres-y-medioambiente_cms_000048.html\">entrega de los fondos a las distintas asociaciones<\/a> para continuar apoyando el trabajo de la mujer, la protecci\u00f3n del medio ambiente y la lucha contra el cambio clim\u00e1tico.<\/p>\n<figure id=\"attachment_4184\" aria-describedby=\"caption-attachment-4184\" style=\"width: 444px\" class=\"wp-caption aligncenter\"><img loading=\"lazy\" decoding=\"async\" class=\"wp-image-4184\" src=\"https:\/\/www.rajapack.es\/blog-es\/wp-content\/uploads\/2016\/05\/51983-e1464599547891-1024x545.jpg\" alt=\"Ceremonia 2015 Mujeres y Medioambiente.\" width=\"444\" height=\"259\" \/><figcaption id=\"caption-attachment-4184\" class=\"wp-caption-text\">Cada asociaci\u00f3n recibi\u00f3 un cheque por valor de 84.078\u20ac en la ceremonia que se celebr\u00f3 el 8 de marzo con ocasi\u00f3n del D\u00eda Internacional de los Derechos de la Mujer.<\/figcaption><\/figure>\n<p>Algunos de los proyectos que financiamos, durante el a\u00f1o 2015 fueron:<\/p>\n<p><strong>Proyecto Bio-escuelas de Semillas de la Esperanza \u2013 India.<\/strong><\/p>\n<p align=\"justify\">En el Norte de la India, las mujeres de la zona son las encargadas del trabajo de la tierra y, a pesar de poseer conocimiento tradicional para trabajar la tierra y preservar el medio ambiente, sus habilidades no son apreciadas debido a la sociedad patriarcal de la que forman parte. Frente a esto, es importante promover la creaci\u00f3n de una agricultura sostenible que permita la protecci\u00f3n de los espacios naturales y, adem\u00e1s, mejore las condiciones socioecon\u00f3micas de los agricultores de la zona.<\/p>\n<p align=\"justify\">En el caso del Sur de la India, al igual que en el resto del pa\u00eds, el crecimiento econ\u00f3mico ha tenido un impacto negativo en el medio ambiente y generado m\u00e1s residuos; por lo tanto, se ha hecho importante concienciar\u00a0 desde una edad m\u00e1s temprana sobre la lucha contra el cambio clim\u00e1tico y la protecci\u00f3n de la naturaleza.<\/p>\n<p align=\"justify\">El proyecto <strong>Bio-escuelas<\/strong> responde a la necesidad de lograr una educaci\u00f3n con el medio ambiente para:<\/p>\n<ul>\n<li>Brindar formaci\u00f3n a ni\u00f1as que, mayormente provienen de familias pobres y han tenido poco acceso a la educaci\u00f3n.<\/li>\n<li>Crear espacios como jardines dentro de las escuelas que puedan servir como entornos de aprendizaje sobre la preservaci\u00f3n de la naturaleza y el medioambiente.<\/li>\n<li>Lograr que las participantes ganen confianza en s\u00ed mismas en un contexto en el que se les concede poca participaci\u00f3n.<\/li>\n<\/ul>\n<p align=\"justify\">En el Norte de la India, centrando su atenci\u00f3n en las mujeres agricultoras, que representan adem\u00e1s a la mayor\u00eda de los beneficiarios del proyecto \u201cSemillas de la Esperanza\u201d, SOLIDARIDAD refuerza la autonom\u00eda y el liderazgo de las mujeres. Adem\u00e1s, el proyecto tambi\u00e9n ha creado de forma natural un sistema de solidaridad en la comunidad, dado que las mismas mujeres agricultoras comparten sus conocimientos y sus propios excedentes de producci\u00f3n con sus vecinos y familias.<\/p>\n<p><strong>Proyecto GERES \u2013 Myanmar. <\/strong><\/p>\n<p align=\"justify\">GERES tiene como objetivo desarrollar el sector de las estufas de los hogares, en Myanmar, uno de los pa\u00edses menos desarrollados de la regi\u00f3n del Sur de Asia. Las estufas, creadas bajo pol\u00edticas de calidad, tendr\u00edan un mejor rendimiento y afectar\u00edan a 300.000 hogares.<\/p>\n<p>El proyecto busca:<\/p>\n<ul>\n<li>Asegurar la calidad de las estufas vendidas.<\/li>\n<li>Permitir el desarrollo econ\u00f3mico de las empresas dirigidas por los productores y productoras.<\/li>\n<li>Consolidar las estufas mejoradas para frenar la degradaci\u00f3n de los bosques y la reducci\u00f3n de las emisiones de CO2 procedentes de la combusti\u00f3n de la biomasa.<\/li>\n<li>Dar los medios necesarios a las productoras para lograr su emancipaci\u00f3n como mujeres empresarias y fortalecer sus capacidades profesionales.<\/li>\n<\/ul>\n<p align=\"justify\">El proyecto se centra en emplear las estufas mejoradas para reducir la carga de trabajo de las mujeres, qui\u00e9nes asignan un promedio de 217 horas al a\u00f1o en tareas como la recolecci\u00f3n de le\u00f1a en Myanmar. As\u00ed, estos dispositivos reducen el tiempo de cocci\u00f3n y por lo tanto ahorran tiempo, ahorran combustible y reducen as\u00ed la contaminaci\u00f3n del aire interior.<\/p>\n<p align=\"justify\">El proyecto apoyado por la Fundaci\u00f3n Raja pretende llegar a 150.000 mujeres en Myanmar, quienes podr\u00e1n:<\/p>\n<ul>\n<li>Recibir formaci\u00f3n necesaria para desarrollar un hogar m\u00e1s limpio y eficiente.<\/li>\n<li>Dotarlas de herramientas para mejorar su cadena de producci\u00f3n.<\/li>\n<li>Ayudar a que las mujeres puedan reducir su carga de trabajo y puedan centrarse en otras actividades rentables o descansar.<\/li>\n<\/ul>\n<p><strong>Proyecto de Programas Agr\u00edcolas de la Asociaci\u00f3n ESSOR \u2013 Mozambique. <\/strong><\/p>\n<p align=\"justify\">Este proyecto aborda varios problemas que se encuentran a menudo en zonas perif\u00e9ricas de las grandes ciudades africanas, entre ellos:<\/p>\n<ul>\n<li>La producci\u00f3n intensiva y sometida a alta presi\u00f3n sobre la tierra.<\/li>\n<li>Las dificultades de comercializaci\u00f3n.<\/li>\n<li>La d\u00e9bil organizaci\u00f3n de los productores \/ productoras y de las instituciones de apoyo.<\/li>\n<li>El uso intensivo y descontrolado de los productos qu\u00edmicos que impactan el medio ambiente y la salud p\u00fablica.<\/li>\n<\/ul>\n<p>Frente a estos problemas, este proyecto propone soluciones concretas como:<\/p>\n<ul>\n<li>Reforzar la capacidad de los diversos actores \u200b\u200by la sostenibilidad del proyecto en el tiempo.<\/li>\n<li>Mejorar y diversificar la producci\u00f3n agr\u00edcola, a trav\u00e9s de la experimentaci\u00f3n y la difusi\u00f3n de las t\u00e9cnicas de producci\u00f3n agroecol\u00f3gica, respetuosas con el medio ambiente.<\/li>\n<li>Mejorar los canales de comercializaci\u00f3n y la estructuraci\u00f3n de un sector denominado \u00abverduras saludables\u00bb sin utilizar productos qu\u00edmicos.<\/li>\n<\/ul>\n<p align=\"justify\">El proyecto asegura que las mujeres, las principales actoras de las \u00e1reas verdes de Maputo, est\u00e9n siempre representadas, presentes y valoradas en todas las actividades y que ganen m\u00e1s peso en los \u00f3rganos de gobierno. Por lo tanto, gracias a la mejora de sus conocimientos y el acceso a nuevos mercados, ellas pueden aumentar sus ingresos y pueden mejorar su condici\u00f3n econ\u00f3mica y las condiciones de vida de sus familias.<\/p>\n<p><strong>Proyecto \u201cLas mujeres ganaderas mejor formadas frente a los retos del cambio clim\u00e1tico\u00bb \u2013 Cuba.<\/strong><\/p>\n<p align=\"justify\">En Cuba, donde se importa m\u00e1s del 80% de los alimentos, la producci\u00f3n de alimentos se ha convertido en una prioridad nacional. Pero las sequ\u00edas recurrentes, debido al cambio clim\u00e1tico y la degradaci\u00f3n de las estructuras impactan fuertemente en los rendimientos.<\/p>\n<p>Ese proyecto, cuya incidencia es mayor en la provincia de Camag\u00fcey, provincia clave para el ganado, busca:<\/p>\n<ul>\n<li>Mejorar la calidad y la cantidad de la producci\u00f3n de los ganaderos de fuerte potencial.<\/li>\n<li>Promover la igualdad de g\u00e9nero en el sector ganadero.<\/li>\n<li>Contribuir a cambiar el comportamiento y mejorar la situaci\u00f3n de la mujer en el sector.<\/li>\n<li>Sensibilizar a las mujeres beneficiarias, a trav\u00e9s de programas de formaci\u00f3n y afrontar los desaf\u00edos del cambio clim\u00e1tico.<\/li>\n<\/ul>\n<div class=\"su-youtube su-u-responsive-media-yes\"><iframe loading=\"lazy\" width=\"500\" height=\"340\" src=\"https:\/\/www.youtube.com\/embed\/6xiQVXJw0bI?\" frameborder=\"0\" allowfullscreen allow=\"autoplay; encrypted-media; picture-in-picture\" title=\"\"><\/iframe><\/div>\n<p><strong><u>Nuevos Proyectos<\/u><\/strong><\/p>\n<p>En el 2016, la Fundaci\u00f3n RAJA-Dani\u00e8le Marcovici seguir\u00e1 promoviendo el Programa de Acciones Mujeres y Medio Ambiente a trav\u00e9s del apoyo a 3\u00a0<a href=\"https:\/\/www.rajapack.es\/mujeres-y-medioambiente\/proyectos_cms_000052.html\">proyectos<\/a> en concreto:<img loading=\"lazy\" decoding=\"async\" class=\"alignnone wp-image-17340 size-medium\" src=\"https:\/\/www.rajapack.es\/blog-es\/wp-content\/uploads\/2016\/05\/ImagenProyectos-1-215x430.webp\" alt=\"\" width=\"215\" height=\"430\" srcset=\"https:\/\/www.rajapack.es\/blog-es\/wp-content\/uploads\/2016\/05\/ImagenProyectos-1-215x430.webp 215w, https:\/\/www.rajapack.es\/blog-es\/wp-content\/uploads\/2016\/05\/ImagenProyectos-1.webp 479w\" sizes=\"(max-width: 215px) 100vw, 215px\" \/><\/p>\n<ul>\n<li style=\"text-align: justify;\"><strong>Protecci\u00f3n de la biodiversidad en Senegal\u00a0:<\/strong> Apoyando la acci\u00f3n de la red internacional ENDA en la formaci\u00f3n\u00a0de las mujeres\u00a0pesqueras senegalesa para que sigan pr\u00e1cticas m\u00e1s respetuosas con el medio ambiente y combatir la excesiva explotaci\u00f3n de los recursos naturales de la Reserva Natural de Sin\u00e9 Saloum.<\/li>\n<\/ul>\n<ul style=\"text-align: justify;\">\n<li><strong>Transici\u00f3n Energ\u00e9tica en Georgia:<\/strong> Colaborando con la WECF, las mujeres en Georgia podr\u00e1n beneficiarse para participar en programas de formaci\u00f3n que les permitir\u00e1n fabricar y comercializar soluciones energ\u00e9ticas m\u00e1s eficientes y renovables, mejorando sus condiciones de vida y permitirles acceder al emprendimiento de nuevas actividades econ\u00f3micas.<\/li>\n<\/ul>\n<ul>\n<li style=\"text-align: justify;\"><strong>Agricultura y Sostenibilidad Energ\u00e9tica en la India:<\/strong> Bajo el liderazgo de la Fundaci\u00f3n GoodPlanet, se lograr\u00e1\u00a0que m\u00e1s mujeres puedan convertirse en agentes activos en el uso de residuos agr\u00edcolas, permitir su acceso al uso de energ\u00edas m\u00e1s limpias y fomentar la actividad agr\u00edcola de forma m\u00e1s sostenible. As\u00ed, vi\u00e9ndose implicadas, las mujeres pueden mejorar sus condiciones de vida y de salud.<\/li>\n<\/ul>\n<p align=\"justify\">Si desea unir esfuerzos y participar con nosotros en el Programa de Acciones \u201cMujeres y Medio Ambiente\u201d, puede hacerlo a trav\u00e9s de la compra de cualquiera de nuestros <a href=\"https:\/\/www.rajapack.es\/mujeres-y-medioambiente\/embalajes-ecoresponsables_cms_000051.html\">3 productos de embajale eco-responsables<\/a>, fabricados a partir de recursos renovables o compuestos de materias recicladas; de esta forma, hasta el 31 de agosto, por cada compra se destinar\u00e1n 1\u20ac o 2\u20ac a la Fundaci\u00f3n RAJA-Dani\u00e8le Marcovici.<\/p>\n<p align=\"justify\">As\u00ed, a trav\u00e9s de la Fundaci\u00f3n, el Grupo RAJA podr\u00e1 financiar los tres nuevos proyectos, donando los fondos recaudados a las asociaciones que lideran y trabajan en cada iniciativa y continuar promoviendo el <a href=\"https:\/\/www.rajapack.es\/mujeres-y-medioambiente_cms_000048.html\">Programa de Acciones Mujeres y Medio Ambiente<\/a>.<\/p>\n","protected":false},"excerpt":{"rendered":"<p>Desde\u00a0septiembre de 2015, la Fundaci\u00f3n RAJA-Dani\u00e8le Marcovici ha logrado recaudar m\u00e1s de 420.389\u20ac, sumando los esfuerzos de todas las filiales de Europa. Estos fondos servir\u00e1n para permitir la formaci\u00f3n de [&#8230;]<\/p>\n","protected":false},"author":21,"featured_media":2250,"comment_status":"open","ping_status":"open","sticky":false,"template":"","format":"standard","meta":{"_acf_changed":false,"footnotes":""},"categories":[547,6],"tags":[99],"class_list":["post-4183","post","type-post","status-publish","format-standard","has-post-thumbnail","hentry","category-medio-ambiente-embalaje","category-noticias","tag-ecologia"],"acf":[],"yoast_head":"\n<title>Mujeres y Medio Ambiente: Balance de la primera campa\u00f1a RAJAPACK<\/title>\n<meta name=\"description\" content=\"La Fundaci\u00f3n RAJA recaud\u00f3 m\u00e1s de 420.389\u20ac, destinados a financiar proyectos para apoyar el trabajo de la mujer y la protecci\u00f3n del medio ambiente.\" \/>\n<meta name=\"robots\" content=\"index, follow, max-snippet:-1, max-image-preview:large, max-video-preview:-1\" \/>\n<link rel=\"canonical\" href=\"https:\/\/www.rajapack.es\/blog-es\/mujeres-medio-ambiente-balance-la-primera-campana\" \/>\n<meta property=\"og:locale\" content=\"es_ES\" \/>\n<meta property=\"og:type\" content=\"article\" \/>\n<meta property=\"og:title\" content=\"Mujeres y Medio Ambiente: Balance de la primera campa\u00f1a RAJAPACK\" \/>\n<meta property=\"og:description\" content=\"La Fundaci\u00f3n RAJA recaud\u00f3 m\u00e1s de 420.389\u20ac, destinados a financiar proyectos para apoyar el trabajo de la mujer y la protecci\u00f3n del medio ambiente.\" \/>\n<meta property=\"og:url\" content=\"https:\/\/www.rajapack.es\/blog-es\/mujeres-medio-ambiente-balance-la-primera-campana\" \/>\n<meta property=\"og:site_name\" content=\"RAJAPACK Blog | Consejos de embalaje, log\u00edstica y m\u00e1s\" \/>\n<meta property=\"article:publisher\" content=\"https:\/\/www.facebook.com\/Rajapack.es\" \/>\n<meta property=\"article:published_time\" content=\"2016-05-31T08:30:57+00:00\" \/>\n<meta property=\"article:modified_time\" content=\"2025-05-21T12:11:08+00:00\" \/>\n<meta property=\"og:image\" content=\"https:\/\/www.rajapack.es\/blog-es\/wp-content\/uploads\/2015\/03\/LOGO-FUNDACION-2.jpg\" \/>\n\t<meta property=\"og:image:width\" content=\"940\" \/>\n\t<meta property=\"og:image:height\" content=\"398\" \/>\n\t<meta property=\"og:image:type\" content=\"image\/jpeg\" \/>\n<meta name=\"author\" content=\"Victor Perez\" \/>\n<meta name=\"twitter:card\" content=\"summary_large_image\" \/>\n<meta name=\"twitter:creator\" content=\"@RajapackES\" \/>\n<meta name=\"twitter:site\" content=\"@RajapackES\" \/>\n<meta name=\"twitter:label1\" content=\"Escrito por\" \/>\n\t<meta name=\"twitter:data1\" content=\"Victor Perez\" \/>\n\t<meta name=\"twitter:label2\" content=\"Tiempo de lectura\" \/>\n\t<meta name=\"twitter:data2\" content=\"7 minutos\" \/>\n<script type=\"application\/ld+json\" class=\"yoast-schema-graph\">{\n\t    \"@context\": \"https:\/\/schema.org\",\n\t    \"@graph\": [\n\t        {\n\t            \"@type\": \"Article\",\n\t            \"@id\": \"https:\/\/www.rajapack.es\/blog-es\/mujeres-medio-ambiente-balance-la-primera-campana#article\",\n\t            \"isPartOf\": {\n\t                \"@id\": \"https:\/\/www.rajapack.es\/blog-es\/mujeres-medio-ambiente-balance-la-primera-campana\"\n\t            },\n\t            \"author\": {\n\t                \"name\": \"Victor Perez\",\n\t                \"@id\": \"https:\/\/www.rajapack.es\/blog-es\/#\/schema\/person\/fd906758d90ebc74ad7e05e7bd1e0ee9\"\n\t            },\n\t            \"headline\": \"Mujeres y Medio Ambiente: Balance de la primera campa\u00f1a\",\n\t            \"datePublished\": \"2016-05-31T08:30:57+00:00\",\n\t            \"dateModified\": \"2025-05-21T12:11:08+00:00\",\n\t            \"mainEntityOfPage\": {\n\t                \"@id\": \"https:\/\/www.rajapack.es\/blog-es\/mujeres-medio-ambiente-balance-la-primera-campana\"\n\t            },\n\t            \"wordCount\": 1468,\n\t            \"commentCount\": 0,\n\t            \"publisher\": {\n\t                \"@id\": \"https:\/\/www.rajapack.es\/blog-es\/#organization\"\n\t            },\n\t            \"image\": {\n\t                \"@id\": \"https:\/\/www.rajapack.es\/blog-es\/mujeres-medio-ambiente-balance-la-primera-campana#primaryimage\"\n\t            },\n\t            \"thumbnailUrl\": \"https:\/\/www.rajapack.es\/blog-es\/wp-content\/uploads\/2015\/03\/LOGO-FUNDACION-2.jpg\",\n\t            \"keywords\": [\n\t                \"ecolog\u00eda\"\n\t            ],\n\t            \"articleSection\": [\n\t                \"Medio ambiente &amp; Embalaje\",\n\t                \"Noticias y eventos\"\n\t            ],\n\t            \"inLanguage\": \"es\",\n\t            \"potentialAction\": [\n\t                {\n\t                    \"@type\": \"CommentAction\",\n\t                    \"name\": \"Comment\",\n\t                    \"target\": [\n\t                        \"https:\/\/www.rajapack.es\/blog-es\/mujeres-medio-ambiente-balance-la-primera-campana#respond\"\n\t                    ]\n\t                }\n\t            ]\n\t        },\n\t        {\n\t            \"@type\": \"WebPage\",\n\t            \"@id\": \"https:\/\/www.rajapack.es\/blog-es\/mujeres-medio-ambiente-balance-la-primera-campana\",\n\t            \"url\": \"https:\/\/www.rajapack.es\/blog-es\/mujeres-medio-ambiente-balance-la-primera-campana\",\n\t            \"name\": \"Mujeres y Medio Ambiente: Balance de la primera campa\u00f1a RAJAPACK\",\n\t            \"isPartOf\": {\n\t                \"@id\": \"https:\/\/www.rajapack.es\/blog-es\/#website\"\n\t            },\n\t            \"primaryImageOfPage\": {\n\t                \"@id\": \"https:\/\/www.rajapack.es\/blog-es\/mujeres-medio-ambiente-balance-la-primera-campana#primaryimage\"\n\t            },\n\t            \"image\": {\n\t                \"@id\": \"https:\/\/www.rajapack.es\/blog-es\/mujeres-medio-ambiente-balance-la-primera-campana#primaryimage\"\n\t            },\n\t            \"thumbnailUrl\": \"https:\/\/www.rajapack.es\/blog-es\/wp-content\/uploads\/2015\/03\/LOGO-FUNDACION-2.jpg\",\n\t            \"datePublished\": \"2016-05-31T08:30:57+00:00\",\n\t            \"dateModified\": \"2025-05-21T12:11:08+00:00\",\n\t            \"description\": \"La Fundaci\u00f3n RAJA recaud\u00f3 m\u00e1s de 420.389\u20ac, destinados a financiar proyectos para apoyar el trabajo de la mujer y la protecci\u00f3n del medio ambiente.\",\n\t            \"inLanguage\": \"es\",\n\t            \"potentialAction\": [\n\t                {\n\t                    \"@type\": \"ReadAction\",\n\t                    \"target\": [\n\t                        \"https:\/\/www.rajapack.es\/blog-es\/mujeres-medio-ambiente-balance-la-primera-campana\"\n\t                    ]\n\t                }\n\t            ]\n\t        },\n\t        {\n\t            \"@type\": \"ImageObject\",\n\t            \"inLanguage\": \"es\",\n\t            \"@id\": \"https:\/\/www.rajapack.es\/blog-es\/mujeres-medio-ambiente-balance-la-primera-campana#primaryimage\",\n\t            \"url\": \"https:\/\/www.rajapack.es\/blog-es\/wp-content\/uploads\/2015\/03\/LOGO-FUNDACION-2.jpg\",\n\t            \"contentUrl\": \"https:\/\/www.rajapack.es\/blog-es\/wp-content\/uploads\/2015\/03\/LOGO-FUNDACION-2.jpg\",\n\t            \"width\": 940,\n\t            \"height\": 398,\n\t            \"caption\": \"Fundaci\u00f3n Raja\"\n\t        },\n\t        {\n\t            \"@type\": \"WebSite\",\n\t            \"@id\": \"https:\/\/www.rajapack.es\/blog-es\/#website\",\n\t            \"url\": \"https:\/\/www.rajapack.es\/blog-es\/\",\n\t            \"name\": \"RAJAPACK Blog | Consejos de embalaje, log\u00edstica y m\u00e1s\",\n\t            \"description\": \"Consejos de embalaje, logistica y m\u00e1s\",\n\t            \"publisher\": {\n\t                \"@id\": \"https:\/\/www.rajapack.es\/blog-es\/#organization\"\n\t            },\n\t            \"potentialAction\": [\n\t                {\n\t                    \"@type\": \"SearchAction\",\n\t                    \"target\": {\n\t                        \"@type\": \"EntryPoint\",\n\t                        \"urlTemplate\": \"https:\/\/www.rajapack.es\/blog-es\/?s={search_term_string}\"\n\t                    },\n\t                    \"query-input\": {\n\t                        \"@type\": \"PropertyValueSpecification\",\n\t                        \"valueRequired\": true,\n\t                        \"valueName\": \"search_term_string\"\n\t                    }\n\t                }\n\t            ],\n\t            \"inLanguage\": \"es\"\n\t        },\n\t        {\n\t            \"@type\": \"Organization\",\n\t            \"@id\": \"https:\/\/www.rajapack.es\/blog-es\/#organization\",\n\t            \"name\": \"RAJA ES\",\n\t            \"url\": \"https:\/\/www.rajapack.es\/blog-es\/\",\n\t            \"logo\": {\n\t                \"@type\": \"ImageObject\",\n\t                \"inLanguage\": \"es\",\n\t                \"@id\": \"https:\/\/www.rajapack.es\/blog-es\/#\/schema\/logo\/image\/\",\n\t                \"url\": \"https:\/\/www.rajapack.es\/blog-es\/wp-content\/uploads\/2021\/10\/logo-mobile@3x.png\",\n\t                \"contentUrl\": \"https:\/\/www.rajapack.es\/blog-es\/wp-content\/uploads\/2021\/10\/logo-mobile@3x.png\",\n\t                \"width\": 534,\n\t                \"height\": 114,\n\t                \"caption\": \"RAJA ES\"\n\t            },\n\t            \"image\": {\n\t                \"@id\": \"https:\/\/www.rajapack.es\/blog-es\/#\/schema\/logo\/image\/\"\n\t            },\n\t            \"sameAs\": [\n\t                \"https:\/\/www.facebook.com\/Rajapack.es\",\n\t                \"https:\/\/x.com\/RajapackES\",\n\t                \"https:\/\/www.linkedin.com\/company\/rajapack-spain\/\",\n\t                \"https:\/\/www.youtube.com\/user\/RajapackES\"\n\t            ]\n\t        },\n\t        {\n\t            \"@type\": \"Person\",\n\t            \"@id\": \"https:\/\/www.rajapack.es\/blog-es\/#\/schema\/person\/fd906758d90ebc74ad7e05e7bd1e0ee9\",\n\t            \"name\": \"Victor Perez\",\n\t            \"image\": {\n\t                \"@type\": \"ImageObject\",\n\t                \"inLanguage\": \"es\",\n\t                \"@id\": \"https:\/\/www.rajapack.es\/blog-es\/#\/schema\/person\/image\/\",\n\t                \"url\": \"https:\/\/secure.gravatar.com\/avatar\/d0d8096668b087ab3f0237abbd9b803b?s=96&d=mm&r=g\",\n\t                \"contentUrl\": \"https:\/\/secure.gravatar.com\/avatar\/d0d8096668b087ab3f0237abbd9b803b?s=96&d=mm&r=g\",\n\t                \"caption\": \"Victor Perez\"\n\t            },\n\t            \"description\": \"Web Marketer Junior\",\n\t            \"url\": \"https:\/\/www.rajapack.es\/blog-es\/author\/vperez\"\n\t        }\n\t    ]\n\t}<\/script>\n","yoast_head_json":{"title":"Mujeres y Medio Ambiente: Balance de la primera campa\u00f1a RAJAPACK","description":"La Fundaci\u00f3n RAJA recaud\u00f3 m\u00e1s de 420.389\u20ac, destinados a financiar proyectos para apoyar el trabajo de la mujer y la protecci\u00f3n del medio ambiente.","robots":{"index":"index","follow":"follow","max-snippet":"max-snippet:-1","max-image-preview":"max-image-preview:large","max-video-preview":"max-video-preview:-1"},"canonical":"https:\/\/www.rajapack.es\/blog-es\/mujeres-medio-ambiente-balance-la-primera-campana","og_locale":"es_ES","og_type":"article","og_title":"Mujeres y Medio Ambiente: Balance de la primera campa\u00f1a RAJAPACK","og_description":"La Fundaci\u00f3n RAJA recaud\u00f3 m\u00e1s de 420.389\u20ac, destinados a financiar proyectos para apoyar el trabajo de la mujer y la protecci\u00f3n del medio ambiente.","og_url":"https:\/\/www.rajapack.es\/blog-es\/mujeres-medio-ambiente-balance-la-primera-campana","og_site_name":"RAJAPACK Blog | Consejos de embalaje, log\u00edstica y m\u00e1s","article_publisher":"https:\/\/www.facebook.com\/Rajapack.es","article_published_time":"2016-05-31T08:30:57+00:00","article_modified_time":"2025-05-21T12:11:08+00:00","og_image":[{"width":940,"height":398,"url":"https:\/\/www.rajapack.es\/blog-es\/wp-content\/uploads\/2015\/03\/LOGO-FUNDACION-2.jpg","type":"image\/jpeg"}],"author":"Victor Perez","twitter_card":"summary_large_image","twitter_creator":"@RajapackES","twitter_site":"@RajapackES","twitter_misc":{"Escrito por":"Victor Perez","Tiempo de lectura":"7 minutos"},"schema":{"@context":"https:\/\/schema.org","@graph":[{"@type":"Article","@id":"https:\/\/www.rajapack.es\/blog-es\/mujeres-medio-ambiente-balance-la-primera-campana#article","isPartOf":{"@id":"https:\/\/www.rajapack.es\/blog-es\/mujeres-medio-ambiente-balance-la-primera-campana"},"author":{"name":"Victor Perez","@id":"https:\/\/www.rajapack.es\/blog-es\/#\/schema\/person\/fd906758d90ebc74ad7e05e7bd1e0ee9"},"headline":"Mujeres y Medio Ambiente: Balance de la primera campa\u00f1a","datePublished":"2016-05-31T08:30:57+00:00","dateModified":"2025-05-21T12:11:08+00:00","mainEntityOfPage":{"@id":"https:\/\/www.rajapack.es\/blog-es\/mujeres-medio-ambiente-balance-la-primera-campana"},"wordCount":1468,"commentCount":0,"publisher":{"@id":"https:\/\/www.rajapack.es\/blog-es\/#organization"},"image":{"@id":"https:\/\/www.rajapack.es\/blog-es\/mujeres-medio-ambiente-balance-la-primera-campana#primaryimage"},"thumbnailUrl":"https:\/\/www.rajapack.es\/blog-es\/wp-content\/uploads\/2015\/03\/LOGO-FUNDACION-2.jpg","keywords":["ecolog\u00eda"],"articleSection":["Medio ambiente &amp; Embalaje","Noticias y eventos"],"inLanguage":"es","potentialAction":[{"@type":"CommentAction","name":"Comment","target":["https:\/\/www.rajapack.es\/blog-es\/mujeres-medio-ambiente-balance-la-primera-campana#respond"]}]},{"@type":"WebPage","@id":"https:\/\/www.rajapack.es\/blog-es\/mujeres-medio-ambiente-balance-la-primera-campana","url":"https:\/\/www.rajapack.es\/blog-es\/mujeres-medio-ambiente-balance-la-primera-campana","name":"Mujeres y Medio Ambiente: Balance de la primera campa\u00f1a RAJAPACK","isPartOf":{"@id":"https:\/\/www.rajapack.es\/blog-es\/#website"},"primaryImageOfPage":{"@id":"https:\/\/www.rajapack.es\/blog-es\/mujeres-medio-ambiente-balance-la-primera-campana#primaryimage"},"image":{"@id":"https:\/\/www.rajapack.es\/blog-es\/mujeres-medio-ambiente-balance-la-primera-campana#primaryimage"},"thumbnailUrl":"https:\/\/www.rajapack.es\/blog-es\/wp-content\/uploads\/2015\/03\/LOGO-FUNDACION-2.jpg","datePublished":"2016-05-31T08:30:57+00:00","dateModified":"2025-05-21T12:11:08+00:00","description":"La Fundaci\u00f3n RAJA recaud\u00f3 m\u00e1s de 420.389\u20ac, destinados a financiar proyectos para apoyar el trabajo de la mujer y la protecci\u00f3n del medio ambiente.","inLanguage":"es","potentialAction":[{"@type":"ReadAction","target":["https:\/\/www.rajapack.es\/blog-es\/mujeres-medio-ambiente-balance-la-primera-campana"]}]},{"@type":"ImageObject","inLanguage":"es","@id":"https:\/\/www.rajapack.es\/blog-es\/mujeres-medio-ambiente-balance-la-primera-campana#primaryimage","url":"https:\/\/www.rajapack.es\/blog-es\/wp-content\/uploads\/2015\/03\/LOGO-FUNDACION-2.jpg","contentUrl":"https:\/\/www.rajapack.es\/blog-es\/wp-content\/uploads\/2015\/03\/LOGO-FUNDACION-2.jpg","width":940,"height":398,"caption":"Fundaci\u00f3n Raja"},{"@type":"WebSite","@id":"https:\/\/www.rajapack.es\/blog-es\/#website","url":"https:\/\/www.rajapack.es\/blog-es\/","name":"RAJAPACK Blog | Consejos de embalaje, log\u00edstica y m\u00e1s","description":"Consejos de embalaje, logistica y m\u00e1s","publisher":{"@id":"https:\/\/www.rajapack.es\/blog-es\/#organization"},"potentialAction":[{"@type":"SearchAction","target":{"@type":"EntryPoint","urlTemplate":"https:\/\/www.rajapack.es\/blog-es\/?s={search_term_string}"},"query-input":{"@type":"PropertyValueSpecification","valueRequired":true,"valueName":"search_term_string"}}],"inLanguage":"es"},{"@type":"Organization","@id":"https:\/\/www.rajapack.es\/blog-es\/#organization","name":"RAJA ES","url":"https:\/\/www.rajapack.es\/blog-es\/","logo":{"@type":"ImageObject","inLanguage":"es","@id":"https:\/\/www.rajapack.es\/blog-es\/#\/schema\/logo\/image\/","url":"https:\/\/www.rajapack.es\/blog-es\/wp-content\/uploads\/2021\/10\/logo-mobile@3x.png","contentUrl":"https:\/\/www.rajapack.es\/blog-es\/wp-content\/uploads\/2021\/10\/logo-mobile@3x.png","width":534,"height":114,"caption":"RAJA ES"},"image":{"@id":"https:\/\/www.rajapack.es\/blog-es\/#\/schema\/logo\/image\/"},"sameAs":["https:\/\/www.facebook.com\/Rajapack.es","https:\/\/x.com\/RajapackES","https:\/\/www.linkedin.com\/company\/rajapack-spain\/","https:\/\/www.youtube.com\/user\/RajapackES"]},{"@type":"Person","@id":"https:\/\/www.rajapack.es\/blog-es\/#\/schema\/person\/fd906758d90ebc74ad7e05e7bd1e0ee9","name":"Victor Perez","image":{"@type":"ImageObject","inLanguage":"es","@id":"https:\/\/www.rajapack.es\/blog-es\/#\/schema\/person\/image\/","url":"https:\/\/secure.gravatar.com\/avatar\/d0d8096668b087ab3f0237abbd9b803b?s=96&d=mm&r=g","contentUrl":"https:\/\/secure.gravatar.com\/avatar\/d0d8096668b087ab3f0237abbd9b803b?s=96&d=mm&r=g","caption":"Victor Perez"},"description":"Web Marketer Junior","url":"https:\/\/www.rajapack.es\/blog-es\/author\/vperez"}]}},"_links":{"self":[{"href":"https:\/\/www.rajapack.es\/blog-es\/wp-json\/wp\/v2\/posts\/4183"}],"collection":[{"href":"https:\/\/www.rajapack.es\/blog-es\/wp-json\/wp\/v2\/posts"}],"about":[{"href":"https:\/\/www.rajapack.es\/blog-es\/wp-json\/wp\/v2\/types\/post"}],"author":[{"embeddable":true,"href":"https:\/\/www.rajapack.es\/blog-es\/wp-json\/wp\/v2\/users\/21"}],"replies":[{"embeddable":true,"href":"https:\/\/www.rajapack.es\/blog-es\/wp-json\/wp\/v2\/comments?post=4183"}],"version-history":[{"count":1,"href":"https:\/\/www.rajapack.es\/blog-es\/wp-json\/wp\/v2\/posts\/4183\/revisions"}],"predecessor-version":[{"id":17341,"href":"https:\/\/www.rajapack.es\/blog-es\/wp-json\/wp\/v2\/posts\/4183\/revisions\/17341"}],"wp:featuredmedia":[{"embeddable":true,"href":"https:\/\/www.rajapack.es\/blog-es\/wp-json\/wp\/v2\/media\/2250"}],"wp:attachment":[{"href":"https:\/\/www.rajapack.es\/blog-es\/wp-json\/wp\/v2\/media?parent=4183"}],"wp:term":[{"taxonomy":"category","embeddable":true,"href":"https:\/\/www.rajapack.es\/blog-es\/wp-json\/wp\/v2\/categories?post=4183"},{"taxonomy":"post_tag","embeddable":true,"href":"https:\/\/www.rajapack.es\/blog-es\/wp-json\/wp\/v2\/tags?post=4183"}],"curies":[{"name":"wp","href":"https:\/\/api.w.org\/{rel}","templated":true}]}}