{"id":5013,"date":"2016-11-02T09:26:21","date_gmt":"2016-11-02T07:26:21","guid":{"rendered":"https:\/\/blog-staging-es.raja-group.com\/?p=5013"},"modified":"2025-05-21T15:17:03","modified_gmt":"2025-05-21T13:17:03","slug":"black-friday-2016-poner-a-punto-ecommerce","status":"publish","type":"post","link":"https:\/\/www.rajapack.es\/blog-es\/black-friday-2016-poner-a-punto-ecommerce","title":{"rendered":"Black Friday 2016: c\u00f3mo poner a punto tu ecommerce"},"content":{"rendered":"<p>Aun retomando la realidad despu\u00e9s de Halloween, las fechas apenas nos dejan descansar en este final de a\u00f1o y ya <strong>tenemos a la vuelta de la esquina el Black Friday 2016<\/strong>, fecha se\u00f1alada donde las haya en el calendario de todo ecommerce que se precie. Desde hace tres a\u00f1os, este evento viene pisando fuerte y ya el a\u00f1o pasado, el 83% de los usuarios conoce la campa\u00f1a del <em>viernes negro<\/em> seg\u00fan un <a href=\"http:\/\/www.europapress.es\/economia\/noticia-54-espanoles-comprara-ano-black-friday-20151123142635.html\" target=\"_blank\" rel=\"noopener\">estudio de GFK para Worten<\/a>.<\/p>\n<p>Compartimos con vosotros las <strong>tendencias de b\u00fasqueda relacionadas<\/strong> con este d\u00eda de la mano de <strong>Google<\/strong>:<\/p>\n<p><img loading=\"lazy\" decoding=\"async\" class=\"alignnone wp-image-17361 size-medium\" src=\"https:\/\/www.rajapack.es\/blog-es\/wp-content\/uploads\/2016\/11\/tendencias-busqueda-google-black-friday-76x430.webp\" alt=\"\" width=\"76\" height=\"430\" srcset=\"https:\/\/www.rajapack.es\/blog-es\/wp-content\/uploads\/2016\/11\/tendencias-busqueda-google-black-friday-76x430.webp 76w, https:\/\/www.rajapack.es\/blog-es\/wp-content\/uploads\/2016\/11\/tendencias-busqueda-google-black-friday-181x1024.webp 181w, https:\/\/www.rajapack.es\/blog-es\/wp-content\/uploads\/2016\/11\/tendencias-busqueda-google-black-friday-272x1536.webp 272w, https:\/\/www.rajapack.es\/blog-es\/wp-content\/uploads\/2016\/11\/tendencias-busqueda-google-black-friday-362x2048.webp 362w, https:\/\/www.rajapack.es\/blog-es\/wp-content\/uploads\/2016\/11\/tendencias-busqueda-google-black-friday-scaled.webp 453w\" sizes=\"(max-width: 76px) 100vw, 76px\" \/>Por la relevancia que est\u00e1 adquiriendo el Black Friday en Espa\u00f1a, <strong>tener la estrategia bien atada es clave para triunfar en este d\u00eda<\/strong> y as\u00ed poder hacer honor al origen de este acontecimiento americano: <strong>tornar los n\u00fameros rojos en negros<\/strong>.<\/p>\n<p>Recopilamos en Rajapack una serie de <strong>consejos que te ayudar\u00e1n a repasar tu hoja de ruta<\/strong>.<\/p>\n<h2>6 pautas para preparar tu ecommerce para el Black Friday 2016<\/h2>\n<h3>1. Fija ofertas relevantes y reales<\/h3>\n<p>Con una experiencia acumulada de al menos 3 a\u00f1os, los <strong>usuarios ya est\u00e1n curados de espanto y empiezan a investigar antes de tiempo<\/strong>, sobre todo para comprobar que las <strong>ofertas son reales<\/strong>. <a href=\"https:\/\/www.ocu.org\/consumo-familia\/derechos-consumidor\/noticias\/el-fiasco-del-black-friday-y-el-cyber-monday\" target=\"_blank\" rel=\"noopener\">La OCU<\/a> ya detect\u00f3 el a\u00f1o pasado que algunos de los descuentos no eran tales.<\/p>\n<p>Por ello, m\u00e1s vale <strong>prevenir crisis de reputaci\u00f3n<\/strong> y apostar por <strong>verdaderas ofertas<\/strong> que funcionen como gancho de manera honrada. Seg\u00fan el estudio de GFK para Worten, las promociones son la principal motivaci\u00f3n para un 90% de los compradores ese d\u00eda.<\/p>\n<h3>2. Revisa el funcionamiento de tu web para m\u00f3viles<\/h3>\n<p><a href=\"https:\/\/www.thinkwithgoogle.com\/intl\/es-es\/infographic\/tendencias-de-busquedas-durante-el-black-friday-y-el-cyber-monday-en-espana\/\" target=\"_blank\" rel=\"noopener\">Google<\/a> nos confirma que en la recta final del a\u00f1o se multiplican las b\u00fasquedas y <strong>las realizadas desde un dispositivo m\u00f3vil no dejan de aumentar <\/strong>a\u00f1o a a\u00f1o. En 2016, ya representaban el 51% de las consultas, frente al 21% del Black Friday de hace dos a\u00f1os. Por ello, es esencial que <strong>tu ecommerce responda en versi\u00f3n m\u00f3vil <\/strong>y que las <strong>creatividades y mensajes de los anuncios est\u00e9n adaptados<\/strong> y se ajusten a la perfecci\u00f3n a las pantallas de los <em>smartphones<\/em>.<\/p>\n<h3>3. Organiza la estrategia en Black Friday por fases<\/h3>\n<p>En 2015 comentamos en Rajapack que los <a href=\"https:\/\/www.rajapack.es\/blog-es\/compradores-prematuros-adelantate-al-black-friday\" target=\"_blank\" rel=\"noopener\">internautas, ansiosos, ya empezaban a buscar ofertas antes del propio Black Friday<\/a>. Google corrobora la tendencia, ya que el a\u00f1o pasado, el <em>viernes negro<\/em> se extendi\u00f3 a toda la semana. Por ello, a la hora de <strong>planificar las campa\u00f1as<\/strong>, el gigante tecnol\u00f3gico recomienda <strong>dividirlas en fases<\/strong> con una <strong>previa<\/strong> (1-16 de noviembre), el <strong>Black Friday y el Cyber Monday<\/strong> (del 17 de noviembre al 2 de diciembre) y una <strong>posterior<\/strong> (3-18 de diciembre). La idea ser\u00eda repartir la inversi\u00f3n entre la fase previa y la posterior y <strong>concentrar los esfuerzos en la etapa intermedia<\/strong> para hacer frente a la competencia.<\/p>\n<h3>4. Personaliza las campa\u00f1as publicitarias en todos los canales<\/h3>\n<p>A la hora de <em>vestir<\/em> de Black Friday tu ecommerce, no solo la web es importante, sino que tambi\u00e9n hay que <strong>cuidar el resto de canales <\/strong>como las <strong>redes sociales<\/strong> y las <strong>tiendas f\u00edsicas<\/strong>. Personalizar todo ello es esencial, por lo que recomendamos que:<\/p>\n<ul>\n<li>Adaptes tus mensajes en <strong>Google Adwords<\/strong> (gu\u00edate por los datos del volumen de consultas del a\u00f1o pasado).<\/li>\n<li>Revises el estado de <strong>Google Shopping<\/strong> (este los clics en este tipo de anuncios lleva un crecimiento acumulado del 79%).<\/li>\n<li>Planifiques tus env\u00edos de <strong>email marketing con tiempo creando expectaci\u00f3n<\/strong>.<\/li>\n<li>No te d\u00e9 reparo <strong>realizar campa\u00f1as <em>online-offline<\/em> para dirigir a la gente a las tiendas<\/strong>.<\/li>\n<\/ul>\n<h3>5. Analiza la log\u00edstica de tu almac\u00e9n<\/h3>\n<p>Estos d\u00edas, al igual que en Navidad, <strong>la actividad de los almacenes se dispara<\/strong>, por lo que conviene ir <strong>revisando la log\u00edstica<\/strong> del tuyo y ser previsores en t\u00e9rminos de personal. Si necesitas refuerzos en forma de personal o de sistemas de embalaje, no pierdas el tiempo para hacerte con ellos puesto que la rapidez en la preparaci\u00f3n de los paquetes es de importancia capital este d\u00eda. De hecho, <a href=\"http:\/\/www.elperiodico.com\/es\/noticias\/economia\/amazon-adelanta-empieza-lunes-black-friday-4694611\" target=\"_blank\" rel=\"noopener\">Amazon ya ha contratado a 600 personas para su centro log\u00edstico en Madrid<\/a> y espera batir el record de plantilla en Black Friday con 1.400 personas trabajando en su almac\u00e9n.<\/p>\n<h3>6. Comprueba las existencias de embalaje adaptado a los productos de tu ecommerce<\/h3>\n<p>Por supuesto, no pod\u00edamos olvidar esta parte tan importante de los env\u00edos pues <strong>sin el embalaje, \u00a1los paquetes no pueden salir del almac\u00e9n!<\/strong> Por ello, no dudes en hacerte con un <strong>stock suficiente<\/strong> de material de embalaje. Si ya vas con prisa, no hay problema puesto que con Rajapack puedes <a href=\"https:\/\/www.rajapack.es\/\" target=\"_blank\" rel=\"noopener\">seleccionar online el embalaje y lo tendr\u00e1s en 24\/48 horas<\/a>, lo que te dejar\u00e1 tiempo para preocuparte de otros asuntos.<\/p>\n<p>Por cierto, si tienes una <strong>tienda f\u00edsica<\/strong>, adel\u00e1ntate al aluvi\u00f3n de compras y ten cautela: no te vayas a quedar sin bolsas, papel de regalo y otros enseres. Si algo te falta, no te lo pienses m\u00e1s y visita nuestra <a href=\"https:\/\/www.rajapack.es\/rajaboutique_cms_000067.html\" target=\"_blank\" rel=\"noopener\">Rajaboutique<\/a> para aprovisionarte.<\/p>\n","protected":false},"excerpt":{"rendered":"<p>Este evento supone el 16% de las b\u00fasquedas anuales en Google. \u00bfYa tienes tu ecommerce preparado para el Black Friday 2016? \u00a1No esperes m\u00e1s! Planifica tu estrategia con la ayuda de nuestro post. <\/p>\n","protected":false},"author":12,"featured_media":5029,"comment_status":"open","ping_status":"open","sticky":false,"template":"","format":"standard","meta":{"_acf_changed":false,"footnotes":""},"categories":[4],"tags":[101],"class_list":["post-5013","post","type-post","status-publish","format-standard","has-post-thumbnail","hentry","category-embalaje","tag-ecommerce"],"acf":[],"yoast_head":"\n<title>Black Friday 2016: c\u00f3mo poner a punto tu ecommerce RAJAPACK<\/title>\n<meta name=\"description\" content=\"Este evento supone el 16% de las b\u00fasquedas anuales en Google. \u00bfYa tienes tu ecommerce preparado para el Black Friday 2016? \u00a1No esperes m\u00e1s!\" \/>\n<meta name=\"robots\" content=\"index, follow, max-snippet:-1, max-image-preview:large, max-video-preview:-1\" \/>\n<link rel=\"canonical\" href=\"https:\/\/www.rajapack.es\/blog-es\/black-friday-2016-poner-a-punto-ecommerce\" \/>\n<meta property=\"og:locale\" content=\"es_ES\" \/>\n<meta property=\"og:type\" content=\"article\" \/>\n<meta property=\"og:title\" content=\"Black Friday 2016: c\u00f3mo poner a punto tu ecommerce RAJAPACK\" \/>\n<meta property=\"og:description\" content=\"Este evento supone el 16% de las b\u00fasquedas anuales en Google. \u00bfYa tienes tu ecommerce preparado para el Black Friday 2016? \u00a1No esperes m\u00e1s!\" \/>\n<meta property=\"og:url\" content=\"https:\/\/www.rajapack.es\/blog-es\/black-friday-2016-poner-a-punto-ecommerce\" \/>\n<meta property=\"og:site_name\" content=\"RAJAPACK Blog | Consejos de embalaje, log\u00edstica y m\u00e1s\" \/>\n<meta property=\"article:publisher\" content=\"https:\/\/www.facebook.com\/Rajapack.es\" \/>\n<meta property=\"article:published_time\" content=\"2016-11-02T07:26:21+00:00\" \/>\n<meta property=\"article:modified_time\" content=\"2025-05-21T13:17:03+00:00\" \/>\n<meta property=\"og:image\" content=\"https:\/\/www.rajapack.es\/blog-es\/wp-content\/uploads\/2016\/10\/black-friday-cabecera-2.jpg\" \/>\n\t<meta property=\"og:image:width\" content=\"850\" \/>\n\t<meta property=\"og:image:height\" content=\"450\" \/>\n\t<meta property=\"og:image:type\" content=\"image\/jpeg\" \/>\n<meta name=\"author\" content=\"Ana MARIN\" \/>\n<meta name=\"twitter:card\" content=\"summary_large_image\" \/>\n<meta name=\"twitter:creator\" content=\"@RajapackES\" \/>\n<meta name=\"twitter:site\" content=\"@RajapackES\" \/>\n<meta name=\"twitter:label1\" content=\"Escrito por\" \/>\n\t<meta name=\"twitter:data1\" content=\"Ana MARIN\" \/>\n\t<meta name=\"twitter:label2\" content=\"Tiempo de lectura\" \/>\n\t<meta name=\"twitter:data2\" content=\"4 minutos\" \/>\n<script type=\"application\/ld+json\" class=\"yoast-schema-graph\">{\n\t    \"@context\": \"https:\/\/schema.org\",\n\t    \"@graph\": [\n\t        {\n\t            \"@type\": \"Article\",\n\t            \"@id\": \"https:\/\/www.rajapack.es\/blog-es\/black-friday-2016-poner-a-punto-ecommerce#article\",\n\t            \"isPartOf\": {\n\t                \"@id\": \"https:\/\/www.rajapack.es\/blog-es\/black-friday-2016-poner-a-punto-ecommerce\"\n\t            },\n\t            \"author\": {\n\t                \"name\": \"Ana MARIN\",\n\t                \"@id\": \"https:\/\/www.rajapack.es\/blog-es\/#\/schema\/person\/04fd300fa2b06042038f6df85b69b4b5\"\n\t            },\n\t            \"headline\": \"Black Friday 2016: c\u00f3mo poner a punto tu ecommerce\",\n\t            \"datePublished\": \"2016-11-02T07:26:21+00:00\",\n\t            \"dateModified\": \"2025-05-21T13:17:03+00:00\",\n\t            \"mainEntityOfPage\": {\n\t                \"@id\": \"https:\/\/www.rajapack.es\/blog-es\/black-friday-2016-poner-a-punto-ecommerce\"\n\t            },\n\t            \"wordCount\": 856,\n\t            \"commentCount\": 0,\n\t            \"publisher\": {\n\t                \"@id\": \"https:\/\/www.rajapack.es\/blog-es\/#organization\"\n\t            },\n\t            \"image\": {\n\t                \"@id\": \"https:\/\/www.rajapack.es\/blog-es\/black-friday-2016-poner-a-punto-ecommerce#primaryimage\"\n\t            },\n\t            \"thumbnailUrl\": \"https:\/\/www.rajapack.es\/blog-es\/wp-content\/uploads\/2016\/10\/black-friday-cabecera-2.jpg\",\n\t            \"keywords\": [\n\t                \"ecommerce\"\n\t            ],\n\t            \"articleSection\": [\n\t                \"Novedades &amp; Consejos de embalaje\"\n\t            ],\n\t            \"inLanguage\": \"es\",\n\t            \"potentialAction\": [\n\t                {\n\t                    \"@type\": \"CommentAction\",\n\t                    \"name\": \"Comment\",\n\t                    \"target\": [\n\t                        \"https:\/\/www.rajapack.es\/blog-es\/black-friday-2016-poner-a-punto-ecommerce#respond\"\n\t                    ]\n\t                }\n\t            ]\n\t        },\n\t        {\n\t            \"@type\": \"WebPage\",\n\t            \"@id\": \"https:\/\/www.rajapack.es\/blog-es\/black-friday-2016-poner-a-punto-ecommerce\",\n\t            \"url\": \"https:\/\/www.rajapack.es\/blog-es\/black-friday-2016-poner-a-punto-ecommerce\",\n\t            \"name\": \"Black Friday 2016: c\u00f3mo poner a punto tu ecommerce RAJAPACK\",\n\t            \"isPartOf\": {\n\t                \"@id\": \"https:\/\/www.rajapack.es\/blog-es\/#website\"\n\t            },\n\t            \"primaryImageOfPage\": {\n\t                \"@id\": \"https:\/\/www.rajapack.es\/blog-es\/black-friday-2016-poner-a-punto-ecommerce#primaryimage\"\n\t            },\n\t            \"image\": {\n\t                \"@id\": \"https:\/\/www.rajapack.es\/blog-es\/black-friday-2016-poner-a-punto-ecommerce#primaryimage\"\n\t            },\n\t            \"thumbnailUrl\": \"https:\/\/www.rajapack.es\/blog-es\/wp-content\/uploads\/2016\/10\/black-friday-cabecera-2.jpg\",\n\t            \"datePublished\": \"2016-11-02T07:26:21+00:00\",\n\t            \"dateModified\": \"2025-05-21T13:17:03+00:00\",\n\t            \"description\": \"Este evento supone el 16% de las b\u00fasquedas anuales en Google. \u00bfYa tienes tu ecommerce preparado para el Black Friday 2016? \u00a1No esperes m\u00e1s!\",\n\t            \"inLanguage\": \"es\",\n\t            \"potentialAction\": [\n\t                {\n\t                    \"@type\": \"ReadAction\",\n\t                    \"target\": [\n\t                        \"https:\/\/www.rajapack.es\/blog-es\/black-friday-2016-poner-a-punto-ecommerce\"\n\t                    ]\n\t                }\n\t            ]\n\t        },\n\t        {\n\t            \"@type\": \"ImageObject\",\n\t            \"inLanguage\": \"es\",\n\t            \"@id\": \"https:\/\/www.rajapack.es\/blog-es\/black-friday-2016-poner-a-punto-ecommerce#primaryimage\",\n\t            \"url\": \"https:\/\/www.rajapack.es\/blog-es\/wp-content\/uploads\/2016\/10\/black-friday-cabecera-2.jpg\",\n\t            \"contentUrl\": \"https:\/\/www.rajapack.es\/blog-es\/wp-content\/uploads\/2016\/10\/black-friday-cabecera-2.jpg\",\n\t            \"width\": 850,\n\t            \"height\": 450,\n\t            \"caption\": \"Cabecera blog Black Friday 2016\"\n\t        },\n\t        {\n\t            \"@type\": \"WebSite\",\n\t            \"@id\": \"https:\/\/www.rajapack.es\/blog-es\/#website\",\n\t            \"url\": \"https:\/\/www.rajapack.es\/blog-es\/\",\n\t            \"name\": \"RAJAPACK Blog | Consejos de embalaje, log\u00edstica y m\u00e1s\",\n\t            \"description\": \"Consejos de embalaje, logistica y m\u00e1s\",\n\t            \"publisher\": {\n\t                \"@id\": \"https:\/\/www.rajapack.es\/blog-es\/#organization\"\n\t            },\n\t            \"potentialAction\": [\n\t                {\n\t                    \"@type\": \"SearchAction\",\n\t                    \"target\": {\n\t                        \"@type\": \"EntryPoint\",\n\t                        \"urlTemplate\": \"https:\/\/www.rajapack.es\/blog-es\/?s={search_term_string}\"\n\t                    },\n\t                    \"query-input\": {\n\t                        \"@type\": \"PropertyValueSpecification\",\n\t                        \"valueRequired\": true,\n\t                        \"valueName\": \"search_term_string\"\n\t                    }\n\t                }\n\t            ],\n\t            \"inLanguage\": \"es\"\n\t        },\n\t        {\n\t            \"@type\": \"Organization\",\n\t            \"@id\": \"https:\/\/www.rajapack.es\/blog-es\/#organization\",\n\t            \"name\": \"RAJA ES\",\n\t            \"url\": \"https:\/\/www.rajapack.es\/blog-es\/\",\n\t            \"logo\": {\n\t                \"@type\": \"ImageObject\",\n\t                \"inLanguage\": \"es\",\n\t                \"@id\": \"https:\/\/www.rajapack.es\/blog-es\/#\/schema\/logo\/image\/\",\n\t                \"url\": \"https:\/\/www.rajapack.es\/blog-es\/wp-content\/uploads\/2021\/10\/logo-mobile@3x.png\",\n\t                \"contentUrl\": \"https:\/\/www.rajapack.es\/blog-es\/wp-content\/uploads\/2021\/10\/logo-mobile@3x.png\",\n\t                \"width\": 534,\n\t                \"height\": 114,\n\t                \"caption\": \"RAJA ES\"\n\t            },\n\t            \"image\": {\n\t                \"@id\": \"https:\/\/www.rajapack.es\/blog-es\/#\/schema\/logo\/image\/\"\n\t            },\n\t            \"sameAs\": [\n\t                \"https:\/\/www.facebook.com\/Rajapack.es\",\n\t                \"https:\/\/x.com\/RajapackES\",\n\t                \"https:\/\/www.linkedin.com\/company\/rajapack-spain\/\",\n\t                \"https:\/\/www.youtube.com\/user\/RajapackES\"\n\t            ]\n\t        },\n\t        {\n\t            \"@type\": \"Person\",\n\t            \"@id\": \"https:\/\/www.rajapack.es\/blog-es\/#\/schema\/person\/04fd300fa2b06042038f6df85b69b4b5\",\n\t            \"name\": \"Ana MARIN\",\n\t            \"image\": {\n\t                \"@type\": \"ImageObject\",\n\t                \"inLanguage\": \"es\",\n\t                \"@id\": \"https:\/\/www.rajapack.es\/blog-es\/#\/schema\/person\/image\/\",\n\t                \"url\": \"https:\/\/secure.gravatar.com\/avatar\/652c925fca147acebb370b725d178d5c?s=96&d=mm&r=g\",\n\t                \"contentUrl\": \"https:\/\/secure.gravatar.com\/avatar\/652c925fca147acebb370b725d178d5c?s=96&d=mm&r=g\",\n\t                \"caption\": \"Ana MARIN\"\n\t            },\n\t            \"description\": \"Web marketer\",\n\t            \"url\": \"https:\/\/www.rajapack.es\/blog-es\/author\/amarin\"\n\t        }\n\t    ]\n\t}<\/script>\n","yoast_head_json":{"title":"Black Friday 2016: c\u00f3mo poner a punto tu ecommerce RAJAPACK","description":"Este evento supone el 16% de las b\u00fasquedas anuales en Google. \u00bfYa tienes tu ecommerce preparado para el Black Friday 2016? \u00a1No esperes m\u00e1s!","robots":{"index":"index","follow":"follow","max-snippet":"max-snippet:-1","max-image-preview":"max-image-preview:large","max-video-preview":"max-video-preview:-1"},"canonical":"https:\/\/www.rajapack.es\/blog-es\/black-friday-2016-poner-a-punto-ecommerce","og_locale":"es_ES","og_type":"article","og_title":"Black Friday 2016: c\u00f3mo poner a punto tu ecommerce RAJAPACK","og_description":"Este evento supone el 16% de las b\u00fasquedas anuales en Google. \u00bfYa tienes tu ecommerce preparado para el Black Friday 2016? \u00a1No esperes m\u00e1s!","og_url":"https:\/\/www.rajapack.es\/blog-es\/black-friday-2016-poner-a-punto-ecommerce","og_site_name":"RAJAPACK Blog | Consejos de embalaje, log\u00edstica y m\u00e1s","article_publisher":"https:\/\/www.facebook.com\/Rajapack.es","article_published_time":"2016-11-02T07:26:21+00:00","article_modified_time":"2025-05-21T13:17:03+00:00","og_image":[{"width":850,"height":450,"url":"https:\/\/www.rajapack.es\/blog-es\/wp-content\/uploads\/2016\/10\/black-friday-cabecera-2.jpg","type":"image\/jpeg"}],"author":"Ana MARIN","twitter_card":"summary_large_image","twitter_creator":"@RajapackES","twitter_site":"@RajapackES","twitter_misc":{"Escrito por":"Ana MARIN","Tiempo de lectura":"4 minutos"},"schema":{"@context":"https:\/\/schema.org","@graph":[{"@type":"Article","@id":"https:\/\/www.rajapack.es\/blog-es\/black-friday-2016-poner-a-punto-ecommerce#article","isPartOf":{"@id":"https:\/\/www.rajapack.es\/blog-es\/black-friday-2016-poner-a-punto-ecommerce"},"author":{"name":"Ana MARIN","@id":"https:\/\/www.rajapack.es\/blog-es\/#\/schema\/person\/04fd300fa2b06042038f6df85b69b4b5"},"headline":"Black Friday 2016: c\u00f3mo poner a punto tu ecommerce","datePublished":"2016-11-02T07:26:21+00:00","dateModified":"2025-05-21T13:17:03+00:00","mainEntityOfPage":{"@id":"https:\/\/www.rajapack.es\/blog-es\/black-friday-2016-poner-a-punto-ecommerce"},"wordCount":856,"commentCount":0,"publisher":{"@id":"https:\/\/www.rajapack.es\/blog-es\/#organization"},"image":{"@id":"https:\/\/www.rajapack.es\/blog-es\/black-friday-2016-poner-a-punto-ecommerce#primaryimage"},"thumbnailUrl":"https:\/\/www.rajapack.es\/blog-es\/wp-content\/uploads\/2016\/10\/black-friday-cabecera-2.jpg","keywords":["ecommerce"],"articleSection":["Novedades &amp; Consejos de embalaje"],"inLanguage":"es","potentialAction":[{"@type":"CommentAction","name":"Comment","target":["https:\/\/www.rajapack.es\/blog-es\/black-friday-2016-poner-a-punto-ecommerce#respond"]}]},{"@type":"WebPage","@id":"https:\/\/www.rajapack.es\/blog-es\/black-friday-2016-poner-a-punto-ecommerce","url":"https:\/\/www.rajapack.es\/blog-es\/black-friday-2016-poner-a-punto-ecommerce","name":"Black Friday 2016: c\u00f3mo poner a punto tu ecommerce RAJAPACK","isPartOf":{"@id":"https:\/\/www.rajapack.es\/blog-es\/#website"},"primaryImageOfPage":{"@id":"https:\/\/www.rajapack.es\/blog-es\/black-friday-2016-poner-a-punto-ecommerce#primaryimage"},"image":{"@id":"https:\/\/www.rajapack.es\/blog-es\/black-friday-2016-poner-a-punto-ecommerce#primaryimage"},"thumbnailUrl":"https:\/\/www.rajapack.es\/blog-es\/wp-content\/uploads\/2016\/10\/black-friday-cabecera-2.jpg","datePublished":"2016-11-02T07:26:21+00:00","dateModified":"2025-05-21T13:17:03+00:00","description":"Este evento supone el 16% de las b\u00fasquedas anuales en Google. \u00bfYa tienes tu ecommerce preparado para el Black Friday 2016? \u00a1No esperes m\u00e1s!","inLanguage":"es","potentialAction":[{"@type":"ReadAction","target":["https:\/\/www.rajapack.es\/blog-es\/black-friday-2016-poner-a-punto-ecommerce"]}]},{"@type":"ImageObject","inLanguage":"es","@id":"https:\/\/www.rajapack.es\/blog-es\/black-friday-2016-poner-a-punto-ecommerce#primaryimage","url":"https:\/\/www.rajapack.es\/blog-es\/wp-content\/uploads\/2016\/10\/black-friday-cabecera-2.jpg","contentUrl":"https:\/\/www.rajapack.es\/blog-es\/wp-content\/uploads\/2016\/10\/black-friday-cabecera-2.jpg","width":850,"height":450,"caption":"Cabecera blog Black Friday 2016"},{"@type":"WebSite","@id":"https:\/\/www.rajapack.es\/blog-es\/#website","url":"https:\/\/www.rajapack.es\/blog-es\/","name":"RAJAPACK Blog | Consejos de embalaje, log\u00edstica y m\u00e1s","description":"Consejos de embalaje, logistica y m\u00e1s","publisher":{"@id":"https:\/\/www.rajapack.es\/blog-es\/#organization"},"potentialAction":[{"@type":"SearchAction","target":{"@type":"EntryPoint","urlTemplate":"https:\/\/www.rajapack.es\/blog-es\/?s={search_term_string}"},"query-input":{"@type":"PropertyValueSpecification","valueRequired":true,"valueName":"search_term_string"}}],"inLanguage":"es"},{"@type":"Organization","@id":"https:\/\/www.rajapack.es\/blog-es\/#organization","name":"RAJA ES","url":"https:\/\/www.rajapack.es\/blog-es\/","logo":{"@type":"ImageObject","inLanguage":"es","@id":"https:\/\/www.rajapack.es\/blog-es\/#\/schema\/logo\/image\/","url":"https:\/\/www.rajapack.es\/blog-es\/wp-content\/uploads\/2021\/10\/logo-mobile@3x.png","contentUrl":"https:\/\/www.rajapack.es\/blog-es\/wp-content\/uploads\/2021\/10\/logo-mobile@3x.png","width":534,"height":114,"caption":"RAJA ES"},"image":{"@id":"https:\/\/www.rajapack.es\/blog-es\/#\/schema\/logo\/image\/"},"sameAs":["https:\/\/www.facebook.com\/Rajapack.es","https:\/\/x.com\/RajapackES","https:\/\/www.linkedin.com\/company\/rajapack-spain\/","https:\/\/www.youtube.com\/user\/RajapackES"]},{"@type":"Person","@id":"https:\/\/www.rajapack.es\/blog-es\/#\/schema\/person\/04fd300fa2b06042038f6df85b69b4b5","name":"Ana MARIN","image":{"@type":"ImageObject","inLanguage":"es","@id":"https:\/\/www.rajapack.es\/blog-es\/#\/schema\/person\/image\/","url":"https:\/\/secure.gravatar.com\/avatar\/652c925fca147acebb370b725d178d5c?s=96&d=mm&r=g","contentUrl":"https:\/\/secure.gravatar.com\/avatar\/652c925fca147acebb370b725d178d5c?s=96&d=mm&r=g","caption":"Ana MARIN"},"description":"Web marketer","url":"https:\/\/www.rajapack.es\/blog-es\/author\/amarin"}]}},"_links":{"self":[{"href":"https:\/\/www.rajapack.es\/blog-es\/wp-json\/wp\/v2\/posts\/5013"}],"collection":[{"href":"https:\/\/www.rajapack.es\/blog-es\/wp-json\/wp\/v2\/posts"}],"about":[{"href":"https:\/\/www.rajapack.es\/blog-es\/wp-json\/wp\/v2\/types\/post"}],"author":[{"embeddable":true,"href":"https:\/\/www.rajapack.es\/blog-es\/wp-json\/wp\/v2\/users\/12"}],"replies":[{"embeddable":true,"href":"https:\/\/www.rajapack.es\/blog-es\/wp-json\/wp\/v2\/comments?post=5013"}],"version-history":[{"count":1,"href":"https:\/\/www.rajapack.es\/blog-es\/wp-json\/wp\/v2\/posts\/5013\/revisions"}],"predecessor-version":[{"id":17362,"href":"https:\/\/www.rajapack.es\/blog-es\/wp-json\/wp\/v2\/posts\/5013\/revisions\/17362"}],"wp:featuredmedia":[{"embeddable":true,"href":"https:\/\/www.rajapack.es\/blog-es\/wp-json\/wp\/v2\/media\/5029"}],"wp:attachment":[{"href":"https:\/\/www.rajapack.es\/blog-es\/wp-json\/wp\/v2\/media?parent=5013"}],"wp:term":[{"taxonomy":"category","embeddable":true,"href":"https:\/\/www.rajapack.es\/blog-es\/wp-json\/wp\/v2\/categories?post=5013"},{"taxonomy":"post_tag","embeddable":true,"href":"https:\/\/www.rajapack.es\/blog-es\/wp-json\/wp\/v2\/tags?post=5013"}],"curies":[{"name":"wp","href":"https:\/\/api.w.org\/{rel}","templated":true}]}}