{"id":5058,"date":"2016-11-16T10:59:05","date_gmt":"2016-11-16T08:59:05","guid":{"rendered":"https:\/\/blog-staging-es.raja-group.com\/?p=5058"},"modified":"2025-01-30T03:01:58","modified_gmt":"2025-01-30T01:01:58","slug":"embalaje-sensorial-packaging-creativo-futuro","status":"publish","type":"post","link":"https:\/\/www.rajapack.es\/blog-es\/embalaje-sensorial-packaging-creativo-futuro","title":{"rendered":"Embalaje sensorial: \u00bfel packaging creativo del futuro?"},"content":{"rendered":"<p>Tenemos un apego especial al embalaje tradicional por su <strong>utilidad y universalidad<\/strong>, pero no podemos evitar dejarnos fascinar por las nuevas tendencias del <strong>packaging creativo<\/strong>. Una de ellas es el <strong>embalaje sensorial<\/strong>, que promete coquetear con nuestros sentidos al recibir un paquete, normalmente enviado desde un ecommerce o tienda online.<\/p>\n<p>\u00bfQu\u00e9 est\u00e1n ideando las marcas respecto a la innovaci\u00f3n de sus paquetes? Entramos en una nueva era: la del <strong>packaging creativo del futuro<\/strong>, y no nos la queremos perder. \u00bfY t\u00fa? Sigue leyendo y deja que tus sentidos se deleiten mientras tanto.<\/p>\n<h2>\u00bfQu\u00e9 es el embalaje sensorial?<\/h2>\n<p>El <strong>embalaje sensorial<\/strong> es un tipo de empaquetado dise\u00f1ado para crear en los clientes una experiencia de compra diferenciada y especial en el momento en que recibe el paquete y lo desembala para encontrarse con el producto.<\/p>\n<p>El comercio tradicional en tiendas f\u00edsicas lleva cuidando este aspecto desde tiempos inmemoriales, buscando que <strong>el cliente se sienta c\u00f3modo <\/strong>en el comercio. La iluminaci\u00f3n, la decoraci\u00f3n y est\u00e9tica, la distribuci\u00f3n de los productos, el hilo musical, el olor al entrar en la tienda\u2026 todo suma.<\/p>\n<p>El embalaje sensorial nace del anhelo de los <strong>ecommerce de reproducir la experiencia de compra <\/strong>en una tienda f\u00edsica, pero trasladada a cualquier lugar donde se abra el paquete. Aqu\u00ed entran en juego el embalaje y el packaging a la b\u00fasqueda de <strong>estimular los sentidos del cliente y crear emociones<\/strong>.<\/p>\n<p><img loading=\"lazy\" decoding=\"async\" class=\"size-medium wp-image-5063 alignleft\" src=\"https:\/\/www.rajapack.es\/blog-es\/wp-content\/uploads\/2016\/11\/chica-contenta-abrir-caja-packaging-creativo-285x300.jpg\" alt=\"Chica abre una caja de cart\u00f3n contenta con el packaging creativo\" width=\"285\" height=\"300\" \/>Lo primero que ve un cliente al recibir un paquete es el <strong>empaquetado exterior<\/strong>. El primer sentido que recibe informaci\u00f3n es la <strong>vista<\/strong>: una identificaci\u00f3n r\u00e1pida con colores, mensajes y logos ser\u00e1 el primer paso de las emociones ante la compra. Adem\u00e1s, seg\u00fan la consultora de marca <a href=\"http:\/\/www.procarton.com\/sensory-packaging\/?lang=es\" target=\"_blank\" rel=\"noopener\">Karsten Kilian<\/a>, \u201c<strong>los mensajes sobre el embalaje de cart\u00f3n, m\u00e1s cercanos al producto, tienen un efecto mucho mayor<\/strong> que la publicidad cuando est\u00e1 m\u00e1s alejada del mismo\u201d.<\/p>\n<p>El resto de informaci\u00f3n sensorial se entremezcla. Las marcas buscan cada vez m\u00e1s transmitir <strong>armon\u00eda<\/strong> en esta mezcla. El <strong>tacto<\/strong> se ve implicado al abrir el paquete: no transmitir\u00e1 lo mismo un relleno de papel de seda que de papel kraft, por ejemplo. Para estimular el <strong>olfato<\/strong>, se est\u00e1 estudiando <strong>incorporar el olor<\/strong> caracter\u00edstico de la tienda f\u00edsica en el paquete, por ejemplo.<\/p>\n<p>El <strong>sonido<\/strong> se trabaja a trav\u00e9s de los distintos <strong>materiales del embalaje<\/strong>. E incluso hay ecommerce que hasta piensan en el <strong>gusto<\/strong> acompa\u00f1ando el pedido de alg\u00fan detalle simp\u00e1tico como dulces o golosinas.<\/p>\n<h2>Conseguir una experiencia multisensorial gracias al embalaje es posible<\/h2>\n<p>El <strong>estudio<\/strong> de ProCarton y Gruppe Nymphenburg, Verpacken Sie Limbisch! (\u201cembalar siguiendo el enfoque l\u00edmbico &#8211; parte del cerebro implicada en las emociones -) estudi\u00f3 la experiencia de compra multisensorial aplicada a las marcas.<\/p>\n<p>Algunas de las <strong>recomendaciones<\/strong> de este estudio para seducir a los clientes\u00a0con el empaquetado son:<\/p>\n<ul>\n<li><strong>Adaptar el embalaje al p\u00fablico objetivo<\/strong>: investigar sobre la persona que va a abrir ese paquete teniendo en cuenta los valores demogr\u00e1ficos como edad o sexo.<\/li>\n<li><strong>Comunicar de forma clara<\/strong>: hay qu\u00e9 decidir qu\u00e9 emoci\u00f3n queremos despertar en el cliente que va a abrir la caja y qu\u00e9 mensaje buscamos trasmitir con el objetivo de no dispersar los esfuerzos.<\/li>\n<li><strong>Embalaje minimalista y centrado<\/strong>: el exceso de detalles puede confundir al cliente y frenar el impacto del mensaje al desembalar el paquete. Hay que buscar siempre la sencillez: \u201clo bueno si breve, dos veces bueno\u201d.<\/li>\n<li><strong>Expresar emociones a trav\u00e9s del material de embalaje<\/strong>: por ejemplo, dependiendo de c\u00f3mo tratemos el cart\u00f3n, puede expresar distintas motivaciones: naturalidad, pero tambi\u00e9n efecto vintage, funcionalidad, austeridad, poes\u00eda, precisi\u00f3n\u2026<\/li>\n<li><strong>Enviar se\u00f1ales a los sentidos<\/strong>: la comunicaci\u00f3n multisensorial estimula, abrirnos al resto de sentidos enriquece la satisfacci\u00f3n del usuario.<\/li>\n<li><strong>Apoyar la imagen de marca con el embalaje<\/strong>: hay que tener en cuenta los valores de la marca en todo momento en el dise\u00f1o de un packaging creativo. Se trata de complementar la experiencia del usuario en relaci\u00f3n con la marca.<\/li>\n<\/ul>\n<p>\u00bfTe atreves a sorprender y encandilar a tus clientes con el embalaje? En Rajapack te podemos ayudar con la <a href=\"https:\/\/www.rajapack.es\/personalizacion-embalajes_cms_000069.html\" target=\"_blank\" rel=\"noopener\">personalizaci\u00f3n de tu material de embalaje<\/a> o simplemente con nuestro consejo a la hora de adquirirlo: estamos a la escucha en el 902 20 30 06, por <a href=\"https:\/\/www.rajapack.es\/blog-es\/asesoramiento-en-tiempo-real-descubre-nuestro-chat-online\/\" target=\"_blank\" rel=\"noopener\">chat online<\/a> y a trav\u00e9s de nuestros datos de <a href=\"https:\/\/www.rajapack.es\/contactenos_cms_000031.html\" target=\"_blank\" rel=\"noopener\">contacto<\/a>. \u00a1Te esperamos!<\/p>\n","protected":false},"excerpt":{"rendered":"<p>\u00bfC\u00f3mo ser\u00e1 el empaquetado del futuro? Nos fascina el embalaje sensorial, que promete coquetear con nuestros sentidos al recibir un paquete. Estamos entrando en una nueva era, la del packaging creativo del futuro y, desde Rajapack, no nos lo queremos perder. \u00bfY t\u00fa?<\/p>\n","protected":false},"author":12,"featured_media":5095,"comment_status":"open","ping_status":"open","sticky":false,"template":"","format":"standard","meta":{"_acf_changed":false,"footnotes":""},"categories":[4],"tags":[511],"class_list":["post-5058","post","type-post","status-publish","format-standard","has-post-thumbnail","hentry","category-embalaje","tag-embalajes-personalizados"],"acf":[],"yoast_head":"\n<title>Embalaje sensorial: \u00bfel packaging creativo del futuro? RAJAPACK<\/title>\n<meta name=\"description\" content=\"El embalaje sensorial promete activar nuestros sentidos. Entramos en una nueva era: la del packaging creativo del futuro. \u00bfTe apuntas?\" \/>\n<meta name=\"robots\" content=\"index, follow, max-snippet:-1, max-image-preview:large, max-video-preview:-1\" \/>\n<link rel=\"canonical\" href=\"https:\/\/www.rajapack.es\/blog-es\/embalaje-sensorial-packaging-creativo-futuro\" \/>\n<meta property=\"og:locale\" content=\"es_ES\" \/>\n<meta property=\"og:type\" content=\"article\" \/>\n<meta property=\"og:title\" content=\"Embalaje sensorial: \u00bfel packaging creativo del futuro? RAJAPACK\" \/>\n<meta property=\"og:description\" content=\"El embalaje sensorial promete activar nuestros sentidos. Entramos en una nueva era: la del packaging creativo del futuro. \u00bfTe apuntas?\" \/>\n<meta property=\"og:url\" content=\"https:\/\/www.rajapack.es\/blog-es\/embalaje-sensorial-packaging-creativo-futuro\" \/>\n<meta property=\"og:site_name\" content=\"RAJAPACK Blog | Consejos de embalaje, log\u00edstica y m\u00e1s\" \/>\n<meta property=\"article:publisher\" content=\"https:\/\/www.facebook.com\/Rajapack.es\" \/>\n<meta property=\"article:published_time\" content=\"2016-11-16T08:59:05+00:00\" \/>\n<meta property=\"article:modified_time\" content=\"2025-01-30T01:01:58+00:00\" \/>\n<meta property=\"og:image\" content=\"https:\/\/www.rajapack.es\/blog-es\/wp-content\/uploads\/2016\/11\/embalaje-sensorial-packaging-creativo.jpg\" \/>\n\t<meta property=\"og:image:width\" content=\"850\" \/>\n\t<meta property=\"og:image:height\" content=\"450\" \/>\n\t<meta property=\"og:image:type\" content=\"image\/jpeg\" \/>\n<meta name=\"author\" content=\"Ana MARIN\" \/>\n<meta name=\"twitter:card\" content=\"summary_large_image\" \/>\n<meta name=\"twitter:creator\" content=\"@RajapackES\" \/>\n<meta name=\"twitter:site\" content=\"@RajapackES\" \/>\n<meta name=\"twitter:label1\" content=\"Escrito por\" \/>\n\t<meta name=\"twitter:data1\" content=\"Ana MARIN\" \/>\n\t<meta name=\"twitter:label2\" content=\"Tiempo de lectura\" \/>\n\t<meta name=\"twitter:data2\" content=\"4 minutos\" \/>\n<script type=\"application\/ld+json\" class=\"yoast-schema-graph\">{\n\t    \"@context\": \"https:\/\/schema.org\",\n\t    \"@graph\": [\n\t        {\n\t            \"@type\": \"Article\",\n\t            \"@id\": \"https:\/\/www.rajapack.es\/blog-es\/embalaje-sensorial-packaging-creativo-futuro#article\",\n\t            \"isPartOf\": {\n\t                \"@id\": \"https:\/\/www.rajapack.es\/blog-es\/embalaje-sensorial-packaging-creativo-futuro\"\n\t            },\n\t            \"author\": {\n\t                \"name\": \"Ana MARIN\",\n\t                \"@id\": \"https:\/\/www.rajapack.es\/blog-es\/#\/schema\/person\/04fd300fa2b06042038f6df85b69b4b5\"\n\t            },\n\t            \"headline\": \"Embalaje sensorial: \u00bfel packaging creativo del futuro?\",\n\t            \"datePublished\": \"2016-11-16T08:59:05+00:00\",\n\t            \"dateModified\": \"2025-01-30T01:01:58+00:00\",\n\t            \"mainEntityOfPage\": {\n\t                \"@id\": \"https:\/\/www.rajapack.es\/blog-es\/embalaje-sensorial-packaging-creativo-futuro\"\n\t            },\n\t            \"wordCount\": 748,\n\t            \"commentCount\": 0,\n\t            \"publisher\": {\n\t                \"@id\": \"https:\/\/www.rajapack.es\/blog-es\/#organization\"\n\t            },\n\t            \"image\": {\n\t                \"@id\": \"https:\/\/www.rajapack.es\/blog-es\/embalaje-sensorial-packaging-creativo-futuro#primaryimage\"\n\t            },\n\t            \"thumbnailUrl\": \"https:\/\/www.rajapack.es\/blog-es\/wp-content\/uploads\/2016\/11\/embalaje-sensorial-packaging-creativo.jpg\",\n\t            \"keywords\": [\n\t                \"embalajes personalizados\"\n\t            ],\n\t            \"articleSection\": [\n\t                \"Novedades &amp; Consejos de embalaje\"\n\t            ],\n\t            \"inLanguage\": \"es\",\n\t            \"potentialAction\": [\n\t                {\n\t                    \"@type\": \"CommentAction\",\n\t                    \"name\": \"Comment\",\n\t                    \"target\": [\n\t                        \"https:\/\/www.rajapack.es\/blog-es\/embalaje-sensorial-packaging-creativo-futuro#respond\"\n\t                    ]\n\t                }\n\t            ]\n\t        },\n\t        {\n\t            \"@type\": \"WebPage\",\n\t            \"@id\": \"https:\/\/www.rajapack.es\/blog-es\/embalaje-sensorial-packaging-creativo-futuro\",\n\t            \"url\": \"https:\/\/www.rajapack.es\/blog-es\/embalaje-sensorial-packaging-creativo-futuro\",\n\t            \"name\": \"Embalaje sensorial: \u00bfel packaging creativo del futuro? RAJAPACK\",\n\t            \"isPartOf\": {\n\t                \"@id\": \"https:\/\/www.rajapack.es\/blog-es\/#website\"\n\t            },\n\t            \"primaryImageOfPage\": {\n\t                \"@id\": \"https:\/\/www.rajapack.es\/blog-es\/embalaje-sensorial-packaging-creativo-futuro#primaryimage\"\n\t            },\n\t            \"image\": {\n\t                \"@id\": \"https:\/\/www.rajapack.es\/blog-es\/embalaje-sensorial-packaging-creativo-futuro#primaryimage\"\n\t            },\n\t            \"thumbnailUrl\": \"https:\/\/www.rajapack.es\/blog-es\/wp-content\/uploads\/2016\/11\/embalaje-sensorial-packaging-creativo.jpg\",\n\t            \"datePublished\": \"2016-11-16T08:59:05+00:00\",\n\t            \"dateModified\": \"2025-01-30T01:01:58+00:00\",\n\t            \"description\": \"El embalaje sensorial promete activar nuestros sentidos. Entramos en una nueva era: la del packaging creativo del futuro. \u00bfTe apuntas?\",\n\t            \"inLanguage\": \"es\",\n\t            \"potentialAction\": [\n\t                {\n\t                    \"@type\": \"ReadAction\",\n\t                    \"target\": [\n\t                        \"https:\/\/www.rajapack.es\/blog-es\/embalaje-sensorial-packaging-creativo-futuro\"\n\t                    ]\n\t                }\n\t            ]\n\t        },\n\t        {\n\t            \"@type\": \"ImageObject\",\n\t            \"inLanguage\": \"es\",\n\t            \"@id\": \"https:\/\/www.rajapack.es\/blog-es\/embalaje-sensorial-packaging-creativo-futuro#primaryimage\",\n\t            \"url\": \"https:\/\/www.rajapack.es\/blog-es\/wp-content\/uploads\/2016\/11\/embalaje-sensorial-packaging-creativo.jpg\",\n\t            \"contentUrl\": \"https:\/\/www.rajapack.es\/blog-es\/wp-content\/uploads\/2016\/11\/embalaje-sensorial-packaging-creativo.jpg\",\n\t            \"width\": 850,\n\t            \"height\": 450,\n\t            \"caption\": \"El embalaje sensorial: \u00bfel packaging creativo del futuro?\"\n\t        },\n\t        {\n\t            \"@type\": \"WebSite\",\n\t            \"@id\": \"https:\/\/www.rajapack.es\/blog-es\/#website\",\n\t            \"url\": \"https:\/\/www.rajapack.es\/blog-es\/\",\n\t            \"name\": \"RAJAPACK Blog | Consejos de embalaje, log\u00edstica y m\u00e1s\",\n\t            \"description\": \"Consejos de embalaje, logistica y m\u00e1s\",\n\t            \"publisher\": {\n\t                \"@id\": \"https:\/\/www.rajapack.es\/blog-es\/#organization\"\n\t            },\n\t            \"potentialAction\": [\n\t                {\n\t                    \"@type\": \"SearchAction\",\n\t                    \"target\": {\n\t                        \"@type\": \"EntryPoint\",\n\t                        \"urlTemplate\": \"https:\/\/www.rajapack.es\/blog-es\/?s={search_term_string}\"\n\t                    },\n\t                    \"query-input\": {\n\t                        \"@type\": \"PropertyValueSpecification\",\n\t                        \"valueRequired\": true,\n\t                        \"valueName\": \"search_term_string\"\n\t                    }\n\t                }\n\t            ],\n\t            \"inLanguage\": \"es\"\n\t        },\n\t        {\n\t            \"@type\": \"Organization\",\n\t            \"@id\": \"https:\/\/www.rajapack.es\/blog-es\/#organization\",\n\t            \"name\": \"RAJA ES\",\n\t            \"url\": \"https:\/\/www.rajapack.es\/blog-es\/\",\n\t            \"logo\": {\n\t                \"@type\": \"ImageObject\",\n\t                \"inLanguage\": \"es\",\n\t                \"@id\": \"https:\/\/www.rajapack.es\/blog-es\/#\/schema\/logo\/image\/\",\n\t                \"url\": \"https:\/\/www.rajapack.es\/blog-es\/wp-content\/uploads\/2021\/10\/logo-mobile@3x.png\",\n\t                \"contentUrl\": \"https:\/\/www.rajapack.es\/blog-es\/wp-content\/uploads\/2021\/10\/logo-mobile@3x.png\",\n\t                \"width\": 534,\n\t                \"height\": 114,\n\t                \"caption\": \"RAJA ES\"\n\t            },\n\t            \"image\": {\n\t                \"@id\": \"https:\/\/www.rajapack.es\/blog-es\/#\/schema\/logo\/image\/\"\n\t            },\n\t            \"sameAs\": [\n\t                \"https:\/\/www.facebook.com\/Rajapack.es\",\n\t                \"https:\/\/x.com\/RajapackES\",\n\t                \"https:\/\/www.linkedin.com\/company\/rajapack-spain\/\",\n\t                \"https:\/\/www.youtube.com\/user\/RajapackES\"\n\t            ]\n\t        },\n\t        {\n\t            \"@type\": \"Person\",\n\t            \"@id\": \"https:\/\/www.rajapack.es\/blog-es\/#\/schema\/person\/04fd300fa2b06042038f6df85b69b4b5\",\n\t            \"name\": \"Ana MARIN\",\n\t            \"image\": {\n\t                \"@type\": \"ImageObject\",\n\t                \"inLanguage\": \"es\",\n\t                \"@id\": \"https:\/\/www.rajapack.es\/blog-es\/#\/schema\/person\/image\/\",\n\t                \"url\": \"https:\/\/secure.gravatar.com\/avatar\/652c925fca147acebb370b725d178d5c?s=96&d=mm&r=g\",\n\t                \"contentUrl\": \"https:\/\/secure.gravatar.com\/avatar\/652c925fca147acebb370b725d178d5c?s=96&d=mm&r=g\",\n\t                \"caption\": \"Ana MARIN\"\n\t            },\n\t            \"description\": \"Web marketer\",\n\t            \"url\": \"https:\/\/www.rajapack.es\/blog-es\/author\/amarin\"\n\t        }\n\t    ]\n\t}<\/script>\n","yoast_head_json":{"title":"Embalaje sensorial: \u00bfel packaging creativo del futuro? RAJAPACK","description":"El embalaje sensorial promete activar nuestros sentidos. Entramos en una nueva era: la del packaging creativo del futuro. \u00bfTe apuntas?","robots":{"index":"index","follow":"follow","max-snippet":"max-snippet:-1","max-image-preview":"max-image-preview:large","max-video-preview":"max-video-preview:-1"},"canonical":"https:\/\/www.rajapack.es\/blog-es\/embalaje-sensorial-packaging-creativo-futuro","og_locale":"es_ES","og_type":"article","og_title":"Embalaje sensorial: \u00bfel packaging creativo del futuro? RAJAPACK","og_description":"El embalaje sensorial promete activar nuestros sentidos. Entramos en una nueva era: la del packaging creativo del futuro. \u00bfTe apuntas?","og_url":"https:\/\/www.rajapack.es\/blog-es\/embalaje-sensorial-packaging-creativo-futuro","og_site_name":"RAJAPACK Blog | Consejos de embalaje, log\u00edstica y m\u00e1s","article_publisher":"https:\/\/www.facebook.com\/Rajapack.es","article_published_time":"2016-11-16T08:59:05+00:00","article_modified_time":"2025-01-30T01:01:58+00:00","og_image":[{"width":850,"height":450,"url":"https:\/\/www.rajapack.es\/blog-es\/wp-content\/uploads\/2016\/11\/embalaje-sensorial-packaging-creativo.jpg","type":"image\/jpeg"}],"author":"Ana MARIN","twitter_card":"summary_large_image","twitter_creator":"@RajapackES","twitter_site":"@RajapackES","twitter_misc":{"Escrito por":"Ana MARIN","Tiempo de lectura":"4 minutos"},"schema":{"@context":"https:\/\/schema.org","@graph":[{"@type":"Article","@id":"https:\/\/www.rajapack.es\/blog-es\/embalaje-sensorial-packaging-creativo-futuro#article","isPartOf":{"@id":"https:\/\/www.rajapack.es\/blog-es\/embalaje-sensorial-packaging-creativo-futuro"},"author":{"name":"Ana MARIN","@id":"https:\/\/www.rajapack.es\/blog-es\/#\/schema\/person\/04fd300fa2b06042038f6df85b69b4b5"},"headline":"Embalaje sensorial: \u00bfel packaging creativo del futuro?","datePublished":"2016-11-16T08:59:05+00:00","dateModified":"2025-01-30T01:01:58+00:00","mainEntityOfPage":{"@id":"https:\/\/www.rajapack.es\/blog-es\/embalaje-sensorial-packaging-creativo-futuro"},"wordCount":748,"commentCount":0,"publisher":{"@id":"https:\/\/www.rajapack.es\/blog-es\/#organization"},"image":{"@id":"https:\/\/www.rajapack.es\/blog-es\/embalaje-sensorial-packaging-creativo-futuro#primaryimage"},"thumbnailUrl":"https:\/\/www.rajapack.es\/blog-es\/wp-content\/uploads\/2016\/11\/embalaje-sensorial-packaging-creativo.jpg","keywords":["embalajes personalizados"],"articleSection":["Novedades &amp; Consejos de embalaje"],"inLanguage":"es","potentialAction":[{"@type":"CommentAction","name":"Comment","target":["https:\/\/www.rajapack.es\/blog-es\/embalaje-sensorial-packaging-creativo-futuro#respond"]}]},{"@type":"WebPage","@id":"https:\/\/www.rajapack.es\/blog-es\/embalaje-sensorial-packaging-creativo-futuro","url":"https:\/\/www.rajapack.es\/blog-es\/embalaje-sensorial-packaging-creativo-futuro","name":"Embalaje sensorial: \u00bfel packaging creativo del futuro? RAJAPACK","isPartOf":{"@id":"https:\/\/www.rajapack.es\/blog-es\/#website"},"primaryImageOfPage":{"@id":"https:\/\/www.rajapack.es\/blog-es\/embalaje-sensorial-packaging-creativo-futuro#primaryimage"},"image":{"@id":"https:\/\/www.rajapack.es\/blog-es\/embalaje-sensorial-packaging-creativo-futuro#primaryimage"},"thumbnailUrl":"https:\/\/www.rajapack.es\/blog-es\/wp-content\/uploads\/2016\/11\/embalaje-sensorial-packaging-creativo.jpg","datePublished":"2016-11-16T08:59:05+00:00","dateModified":"2025-01-30T01:01:58+00:00","description":"El embalaje sensorial promete activar nuestros sentidos. Entramos en una nueva era: la del packaging creativo del futuro. \u00bfTe apuntas?","inLanguage":"es","potentialAction":[{"@type":"ReadAction","target":["https:\/\/www.rajapack.es\/blog-es\/embalaje-sensorial-packaging-creativo-futuro"]}]},{"@type":"ImageObject","inLanguage":"es","@id":"https:\/\/www.rajapack.es\/blog-es\/embalaje-sensorial-packaging-creativo-futuro#primaryimage","url":"https:\/\/www.rajapack.es\/blog-es\/wp-content\/uploads\/2016\/11\/embalaje-sensorial-packaging-creativo.jpg","contentUrl":"https:\/\/www.rajapack.es\/blog-es\/wp-content\/uploads\/2016\/11\/embalaje-sensorial-packaging-creativo.jpg","width":850,"height":450,"caption":"El embalaje sensorial: \u00bfel packaging creativo del futuro?"},{"@type":"WebSite","@id":"https:\/\/www.rajapack.es\/blog-es\/#website","url":"https:\/\/www.rajapack.es\/blog-es\/","name":"RAJAPACK Blog | Consejos de embalaje, log\u00edstica y m\u00e1s","description":"Consejos de embalaje, logistica y m\u00e1s","publisher":{"@id":"https:\/\/www.rajapack.es\/blog-es\/#organization"},"potentialAction":[{"@type":"SearchAction","target":{"@type":"EntryPoint","urlTemplate":"https:\/\/www.rajapack.es\/blog-es\/?s={search_term_string}"},"query-input":{"@type":"PropertyValueSpecification","valueRequired":true,"valueName":"search_term_string"}}],"inLanguage":"es"},{"@type":"Organization","@id":"https:\/\/www.rajapack.es\/blog-es\/#organization","name":"RAJA ES","url":"https:\/\/www.rajapack.es\/blog-es\/","logo":{"@type":"ImageObject","inLanguage":"es","@id":"https:\/\/www.rajapack.es\/blog-es\/#\/schema\/logo\/image\/","url":"https:\/\/www.rajapack.es\/blog-es\/wp-content\/uploads\/2021\/10\/logo-mobile@3x.png","contentUrl":"https:\/\/www.rajapack.es\/blog-es\/wp-content\/uploads\/2021\/10\/logo-mobile@3x.png","width":534,"height":114,"caption":"RAJA ES"},"image":{"@id":"https:\/\/www.rajapack.es\/blog-es\/#\/schema\/logo\/image\/"},"sameAs":["https:\/\/www.facebook.com\/Rajapack.es","https:\/\/x.com\/RajapackES","https:\/\/www.linkedin.com\/company\/rajapack-spain\/","https:\/\/www.youtube.com\/user\/RajapackES"]},{"@type":"Person","@id":"https:\/\/www.rajapack.es\/blog-es\/#\/schema\/person\/04fd300fa2b06042038f6df85b69b4b5","name":"Ana MARIN","image":{"@type":"ImageObject","inLanguage":"es","@id":"https:\/\/www.rajapack.es\/blog-es\/#\/schema\/person\/image\/","url":"https:\/\/secure.gravatar.com\/avatar\/652c925fca147acebb370b725d178d5c?s=96&d=mm&r=g","contentUrl":"https:\/\/secure.gravatar.com\/avatar\/652c925fca147acebb370b725d178d5c?s=96&d=mm&r=g","caption":"Ana MARIN"},"description":"Web marketer","url":"https:\/\/www.rajapack.es\/blog-es\/author\/amarin"}]}},"_links":{"self":[{"href":"https:\/\/www.rajapack.es\/blog-es\/wp-json\/wp\/v2\/posts\/5058"}],"collection":[{"href":"https:\/\/www.rajapack.es\/blog-es\/wp-json\/wp\/v2\/posts"}],"about":[{"href":"https:\/\/www.rajapack.es\/blog-es\/wp-json\/wp\/v2\/types\/post"}],"author":[{"embeddable":true,"href":"https:\/\/www.rajapack.es\/blog-es\/wp-json\/wp\/v2\/users\/12"}],"replies":[{"embeddable":true,"href":"https:\/\/www.rajapack.es\/blog-es\/wp-json\/wp\/v2\/comments?post=5058"}],"version-history":[{"count":0,"href":"https:\/\/www.rajapack.es\/blog-es\/wp-json\/wp\/v2\/posts\/5058\/revisions"}],"wp:featuredmedia":[{"embeddable":true,"href":"https:\/\/www.rajapack.es\/blog-es\/wp-json\/wp\/v2\/media\/5095"}],"wp:attachment":[{"href":"https:\/\/www.rajapack.es\/blog-es\/wp-json\/wp\/v2\/media?parent=5058"}],"wp:term":[{"taxonomy":"category","embeddable":true,"href":"https:\/\/www.rajapack.es\/blog-es\/wp-json\/wp\/v2\/categories?post=5058"},{"taxonomy":"post_tag","embeddable":true,"href":"https:\/\/www.rajapack.es\/blog-es\/wp-json\/wp\/v2\/tags?post=5058"}],"curies":[{"name":"wp","href":"https:\/\/api.w.org\/{rel}","templated":true}]}}