{"id":5206,"date":"2017-01-31T13:41:13","date_gmt":"2017-01-31T11:41:13","guid":{"rendered":"https:\/\/blog-staging-es.raja-group.com\/?p=5206"},"modified":"2025-01-30T02:37:06","modified_gmt":"2025-01-30T00:37:06","slug":"calendario-marketing-2017-fechas-clave","status":"publish","type":"post","link":"https:\/\/www.rajapack.es\/blog-es\/calendario-marketing-2017-fechas-clave","title":{"rendered":"Calendario de marketing 2017: planifica tus fechas clave [infograf\u00eda]"},"content":{"rendered":"<p>El <strong>tradicional<\/strong> <strong>calendario de marketing<\/strong> marcado por una estacionalidad reducida a rebajas y Navidad ya no es lo que era. De la mano de los ecommerce, <strong>el n\u00famero de fechas clave que tener en cuenta para ofertas especiales se ha disparado<\/strong>. Y esta tendencia nacida en el mundo digital ha contagiado a los comercios de todo tipo. El Black Friday mismo es un ejemplo de ello: \u00bfqu\u00e9 negocio ignora hoy en d\u00eda el Viernes Negro?<\/p>\n<p>Desde Rajapack queremos facilitaros la tarea y, para ello, hemos elaborado un <strong>calendario de marketing 2017 <\/strong>con el que aprovechar la estacionalidad y planificar todas las ofertas y campa\u00f1as especiales en el momento adecuado.<\/p>\n<h2>Calendario de marketing 2017: planifica tu estrategia de ventas mes a mes<\/h2>\n<p><img loading=\"lazy\" decoding=\"async\" class=\"aligncenter wp-image-5218 size-full\" src=\"https:\/\/www.rajapack.es\/blog-es\/wp-content\/uploads\/2017\/01\/invierno.jpg\" alt=\"Calendario de marketing 2017: fechas claves en invierno\" width=\"850\" height=\"124\" srcset=\"https:\/\/www.rajapack.es\/blog-es\/wp-content\/uploads\/2017\/01\/invierno.jpg 850w, https:\/\/www.rajapack.es\/blog-es\/wp-content\/uploads\/2017\/01\/invierno-430x63.jpg 430w, https:\/\/www.rajapack.es\/blog-es\/wp-content\/uploads\/2017\/01\/invierno-768x112.jpg 768w, https:\/\/www.rajapack.es\/blog-es\/wp-content\/uploads\/2017\/01\/invierno-375x55.jpg 375w\" sizes=\"(max-width: 850px) 100vw, 850px\" \/><\/p>\n<h3>1. Enero: ultimando la Navidad y \u00a1rebajas!<\/h3>\n<p>En enero se suele dejar notar la <strong>influencia navide\u00f1a<\/strong> en Espa\u00f1a con el <strong>d\u00eda de Reyes<\/strong>, que tradicionalmente se ha <strong>enlazado con las rebajas<\/strong>. Sin embargo, con la liberalizaci\u00f3n del periodo de rebajas, cada vez m\u00e1s comercios dan el pistoletazo de salida antes a las promociones, aun siendo Navidad.<\/p>\n<h4>Fechas importantes de enero:<\/h4>\n<p><strong>Viernes 6 de enero<\/strong>: D\u00eda de Reyes Magos.<\/p>\n<p><strong>Entre el 2 y 7 de enero<\/strong>: inicio de las rebajas (se alargan hasta marzo).<\/p>\n<p><strong>S\u00e1bado 28 de enero<\/strong>: A\u00f1o Nuevo Chino y D\u00eda de la Protecci\u00f3n de Datos.<\/p>\n<p><em><strong>Consejo de marketing y embalaje para enero<\/strong><\/em>: consolida el mensaje de rebajas con <strong>bolsas personalizadas<\/strong>, \u00a1ya son un cl\u00e1sico! Son muchas las <a href=\"https:\/\/www.rajapack.es\/blog-es\/por-que-elegir-bolsas-papel-personalizadas-para-comercio\" target=\"_blank\" rel=\"noopener\">razones para apostar por bolsas personalizadas<\/a> en campa\u00f1as especiales.<\/p>\n<h3>2. Febrero: San Valent\u00edn a la vuelta de la esquina<\/h3>\n<p>Febrero es un mes que se pasa volando. En general se divide en dos quincenas marcadas por <strong>San Valent\u00edn<\/strong> y el <strong>Carnaval<\/strong>. A pesar de no ser relevantes para todos los negocios, comercialmente hablando, es recomendable <strong>adaptar el tono de comunicaci\u00f3n<\/strong> para ir en consonancia.<\/p>\n<h4>Fechas importantes de febrero:<\/h4>\n<p><strong>Martes 14 de febrero<\/strong>: San Valent\u00edn.<\/p>\n<p><strong>Domingo 26 de febrero<\/strong>: Carnaval.<\/p>\n<p><em><strong>Consejo de marketing y embalaje para febrero<\/strong><\/em>: el <strong>envoltorio dice mucho del regalo<\/strong> y m\u00e1s en ocasiones <em>delicadas<\/em> como San Valent\u00edn. \u00bfTe faltan <a href=\"https:\/\/www.rajapack.es\/embalajes-para-regalo-comercio\/embalajes-san-valentin_C9013.html\" target=\"_blank\" rel=\"noopener\">ideas de embalajes para San Valent\u00edn<\/a>? \u00a1Conquista a tus clientes!<\/p>\n<p><img loading=\"lazy\" decoding=\"async\" class=\"aligncenter wp-image-5221 size-full\" src=\"https:\/\/www.rajapack.es\/blog-es\/wp-content\/uploads\/2017\/01\/primavera.jpg\" alt=\"Calendario de marketing 2017: fechas clave en primavera\" width=\"850\" height=\"124\" srcset=\"https:\/\/www.rajapack.es\/blog-es\/wp-content\/uploads\/2017\/01\/primavera.jpg 850w, https:\/\/www.rajapack.es\/blog-es\/wp-content\/uploads\/2017\/01\/primavera-430x63.jpg 430w, https:\/\/www.rajapack.es\/blog-es\/wp-content\/uploads\/2017\/01\/primavera-768x112.jpg 768w, https:\/\/www.rajapack.es\/blog-es\/wp-content\/uploads\/2017\/01\/primavera-375x55.jpg 375w\" sizes=\"(max-width: 850px) 100vw, 850px\" \/><\/p>\n<h3>3. Marzo: fiestas para todos en primavera<\/h3>\n<p><strong>Marzo es un mes para todos los gustos<\/strong> y es que, aunque parezca que el <strong>D\u00eda del Padre<\/strong> tiene todo el protagonismo, no debemos pasar por alto el <strong>D\u00eda Internacional de la Mujer<\/strong> y hacer un gui\u00f1o a nuestras clientas. Destacamos que la <a href=\"https:\/\/es.wikipedia.org\/wiki\/D%C3%ADa_del_Padre\" target=\"_blank\" rel=\"noopener\">fecha del D\u00eda del Padre var\u00eda dependiendo del pa\u00eds<\/a>.<\/p>\n<h4>Fechas importantes de marzo:<\/h4>\n<p><strong>Mi\u00e9rcoles 8 de marzo<\/strong>: D\u00eda Internacional de la Mujer.<\/p>\n<p><strong>Viernes 17 de marzo<\/strong>: St. Patrick\u2019s Day.<\/p>\n<p><strong>Domingo 19 de<\/strong> <strong>marzo<\/strong>: D\u00eda del Padre.<\/p>\n<p><strong>Lunes 20 de marzo<\/strong>: D\u00eda Internacional de la Felicidad.<\/p>\n<p><strong>Martes 21 de marzo<\/strong>: inicio de la primavera.<\/p>\n<p><em><strong>Consejo de marketing y embalaje para marzo<\/strong><\/em>: algunas marcas de moda (y cada vez m\u00e1s sectores) aprovechan la mitad de temporada para darle un empuj\u00f3n a las ventas con unas rebajas intermedias: las <strong><em>mid-season sale<\/em> en<\/strong> <strong>abril<\/strong>. Si te unes al carro, \u00a1marzo es un mes de preparativos!<\/p>\n<h3>4. Abril: un mes cruzado por los festivos de Semana Santa<\/h3>\n<p>El periodo festivo que coincide con Semana Santa tiene importancia vital para <strong>negocios tur\u00edsticos y de transporte<\/strong>. En este mes tambi\u00e9n tenemos el <strong>d\u00eda dedicado al libro<\/strong> que suele ser un buen reclamo que utilizar en la comunicaci\u00f3n y, para los m\u00e1s festivos, est\u00e1 a finales el inicio de la <strong>Feria de abril<\/strong>.<\/p>\n<h4>Fechas importantes de abril:<\/h4>\n<p><strong>S\u00e1bado 1 de abril<\/strong>: April Fools\u2019 Day (d\u00eda de bromas internacional).<\/p>\n<p><strong>Domingo 9 de abril<\/strong>: inicio de la Semana Santa: domingo de Ramos.<\/p>\n<p><strong>Jueves 13 de abril<\/strong>: Jueves Santo.<\/p>\n<p><strong>Viernes 14 de abril<\/strong>: Pascua.<\/p>\n<p><strong>S\u00e1bado 15 de abril<\/strong>: D\u00eda Mundial del Arte.<\/p>\n<p><strong>Domingo 23 de abril<\/strong>: D\u00eda del Libro.<\/p>\n<p><strong>Domingo 30 de abril<\/strong>: empieza la Feria de Abril.<\/p>\n<p><em><strong>Consejo de marketing y embalaje para abril<\/strong><\/em>: <a href=\"https:\/\/www.rajapack.es\/blog-es\/embalar-libro-rajapack\" target=\"_blank\" rel=\"noopener\">\u00bfconoc\u00e9is la mejor manera de empaquetar un libro?<\/a> \u00bfY un <a href=\"https:\/\/www.rajapack.es\/blog-es\/embalaje\/como-embalar-un-cuadro\/\" target=\"_blank\" rel=\"noopener\">cuadro<\/a>?<\/p>\n<h3>5. Mayo, un mes dedicado a las madres<\/h3>\n<p>El <strong>D\u00eda de la Madre marca el calendario comercial de mayo<\/strong> de muchas marcas, que aprovechan esta fecha para <strong>impulsar su creatividad y mejorar las ventas<\/strong>. Se unen a ella otros d\u00edas de calado internacional como la fiesta del Trabajo y la europea.<\/p>\n<h4>Fechas importantes de mayo:<\/h4>\n<p><strong>Lunes 1 de mayo<\/strong>: D\u00eda Internacional de los Trabajadores.<\/p>\n<p><strong>Domingo 7 de mayo<\/strong>: D\u00eda de la Madre.<\/p>\n<p><strong>Martes 9 de mayo<\/strong>: D\u00eda de Europa.<\/p>\n<p><strong>Mi\u00e9rcoles 17 de mayo<\/strong>: D\u00eda de Internet.<\/p>\n<p><strong>S\u00e1bado 27 de mayo<\/strong>: inicio del Ramad\u00e1n.<\/p>\n<p><em><strong>Consejo de marketing y embalaje para mayo<\/strong><\/em>: el envoltorio es sin duda soporte creativo, no dudes en <a href=\"https:\/\/www.rajapack.es\/blog-es\/dia-de-la-madre-consejos-para-un-embalaje-especial\" target=\"_blank\" rel=\"noopener\">dar al embalaje un toque especial dedicado a las madres<\/a>.<\/p>\n<p><img loading=\"lazy\" decoding=\"async\" class=\"aligncenter wp-image-5222 size-full\" src=\"https:\/\/www.rajapack.es\/blog-es\/wp-content\/uploads\/2017\/01\/verano.jpg\" alt=\"Calendario de marketing 2017: fechas clave en verano\" width=\"850\" height=\"124\" srcset=\"https:\/\/www.rajapack.es\/blog-es\/wp-content\/uploads\/2017\/01\/verano.jpg 850w, https:\/\/www.rajapack.es\/blog-es\/wp-content\/uploads\/2017\/01\/verano-430x63.jpg 430w, https:\/\/www.rajapack.es\/blog-es\/wp-content\/uploads\/2017\/01\/verano-768x112.jpg 768w, https:\/\/www.rajapack.es\/blog-es\/wp-content\/uploads\/2017\/01\/verano-375x55.jpg 375w\" sizes=\"(max-width: 850px) 100vw, 850px\" \/><\/p>\n<h3>6. Junio: inicio del verano<\/h3>\n<p>Muchas marcas aprovechan el inicio del verano para lanzar <strong>mensajes de optimismo de cara <\/strong>a las <strong>buenas sensaciones que transmite esta estaci\u00f3n del a\u00f1o<\/strong>. Junio es tambi\u00e9n \u00e9poca de preparaci\u00f3n de las rebajas veraniegas.<\/p>\n<h4>Fechas importantes de junio:<\/h4>\n<p><strong>Lunes 5 de junio<\/strong>: D\u00eda Internacional del Medio Ambiente<\/p>\n<p><strong>Mi\u00e9rcoles 21 de junio<\/strong>: inicio del verano<\/p>\n<p><strong>Viernes 23 de junio<\/strong>: noche de San Juan<\/p>\n<p><em><strong>Consejo de marketing y embalaje para junio<\/strong><\/em>: colabora y pon tu granito de arena para el cuidado del medio ambiente de la mano de un <a href=\"https:\/\/www.rajapack.es\/embalaje-ecologico_cms_000041.html\" target=\"_blank\" rel=\"noopener\">embalaje que sea ecol\u00f3gicamente responsable y sostenible<\/a>.<\/p>\n<h3>7. Julio y las rebajas de verano<\/h3>\n<p>Las <strong>rebajas de verano<\/strong> y el hito que marca <strong>San Ferm\u00edn<\/strong> en el calendario animan el mes de julio. Adem\u00e1s, otro evento que no falla todos los a\u00f1os es el <strong>Tour de Francia<\/strong>, que ameniza las sobremesas (y <em>siestas<\/em>) veraniegas de media Espa\u00f1a.<\/p>\n<h4>Fechas importantes de julio:<\/h4>\n<p><strong>S\u00e1bado 1 de julio<\/strong>: inicio de las rebajas de verano.<\/p>\n<p><strong>1 al 23 de julio<\/strong>: el Tour de Francia.<\/p>\n<p><strong>Viernes 7 de julio: <\/strong>San Ferm\u00edn.<\/p>\n<p><strong>Mi\u00e9rcoles 26 de julio<\/strong>: D\u00eda de los Abuelos.<\/p>\n<p><em><strong>Consejo de marketing y embalaje para julio<\/strong><\/em>: el color rojo y blanco es el s\u00edmbolo de San Ferm\u00edn: \u00bf<a href=\"https:\/\/www.rajapack.es\/blog-es\/viste-san-fermin-comercio-precios-rojo-vivo\" target=\"_blank\" rel=\"noopener\">c\u00f3mo incorporarlo al embalaje<\/a>?<\/p>\n<h3>8. Agosto: date un respiro\u2026 \u00a1y planifica!<\/h3>\n<p>En agosto, el <strong>calendario comercial se relaja<\/strong> ciertamente, aunque no es m\u00e1s que un espejismo: las <strong>rebajas<\/strong> siguen su curso y la <strong>vuelta a la normalidad (y al cole) est\u00e1 a la vuelta de la esquina<\/strong>, as\u00ed que no olvides aprovechar este mes para planificar los siguientes, que vienen cargados de actividad comercial en todos los sectores.<\/p>\n<h4>Fechas importantes de agosto:<\/h4>\n<p><strong>S\u00e1bado 12 de agosto<\/strong>: D\u00eda Internacional de la Juventud.<\/p>\n<p><strong>Jueves 31 de agosto<\/strong>: D\u00eda Internacional de la Solidaridad.<\/p>\n<p><strong>Jueves 31 de agosto<\/strong>: final de las rebajas.<\/p>\n<p><em><strong>Consejo de marketing y embalaje para agosto<\/strong><\/em>: este puede ser un buen mes para pararse a pensar en la <strong>experiencia que est\u00e1n teniendo nuestros clientes<\/strong>, tanto <em>offline<\/em> como <em>online<\/em>, <strong>\u00bfest\u00e1n satisfechos con nuestro servicio?<\/strong> \u00bfC\u00f3mo podr\u00eda mejorarse? En relaci\u00f3n al embalaje, gracias a una <a href=\"https:\/\/www.rajapack.es\/blog-es\/que-esperan-clientes-embalaje-para-ecommerce\" target=\"_blank\" rel=\"noopener\">encuesta sabemos qu\u00e9 es lo que buscan los consumidores<\/a> en el embalaje para ecommerce.<\/p>\n<p><img loading=\"lazy\" decoding=\"async\" class=\"aligncenter wp-image-5220 size-full\" src=\"https:\/\/www.rajapack.es\/blog-es\/wp-content\/uploads\/2017\/01\/oto\u00f1o.jpg\" alt=\"Calendario de marketing 2017: fechas clave en oto\u00f1o\" width=\"850\" height=\"124\" srcset=\"https:\/\/www.rajapack.es\/blog-es\/wp-content\/uploads\/2017\/01\/oto\u00f1o.jpg 850w, https:\/\/www.rajapack.es\/blog-es\/wp-content\/uploads\/2017\/01\/oto\u00f1o-430x63.jpg 430w, https:\/\/www.rajapack.es\/blog-es\/wp-content\/uploads\/2017\/01\/oto\u00f1o-768x112.jpg 768w, https:\/\/www.rajapack.es\/blog-es\/wp-content\/uploads\/2017\/01\/oto\u00f1o-375x55.jpg 375w\" sizes=\"(max-width: 850px) 100vw, 850px\" \/><\/p>\n<h3>9. Septiembre: la vuelta al cole de pleno<\/h3>\n<p>Septiembre est\u00e1 marcado por las promociones ligadas a la <strong>Vuelta al Cole<\/strong> y al inicio de la <strong>temporada oto\u00f1o\/invierno <\/strong>en el mundo de la moda y sectores afines.<\/p>\n<h4>Fechas importantes de septiembre:<\/h4>\n<p><strong>Viernes 1 de septiembre<\/strong>: comienzo de la campa\u00f1a de la Vuelta al Cole.<\/p>\n<p><strong>Jueves 21 de septiembre<\/strong>: inicio del oto\u00f1o.<\/p>\n<p><strong>Jueves 21 de septiembre<\/strong>: D\u00eda Internacional de la Paz.<\/p>\n<p><strong>Mi\u00e9rcoles 27 de septiembre<\/strong>: D\u00eda Mundial del Turismo.<\/p>\n<p><em><strong>Consejo de marketing y embalaje para septiembre<\/strong><\/em>: este es un mes de vuelta a la normalidad duro para muchos de nuestros usuarios y clientes, <strong>\u00bfpor qu\u00e9 no incluir mensajes motivadores en nuestra comunicaci\u00f3n?<\/strong> Incluir mensajes de \u00e1nimo en los paquetes puede ser una idea interesante.<\/p>\n<h3>10. Octubre: mes de transici\u00f3n y preparaci\u00f3n<\/h3>\n<p>El d\u00eda de <strong>Halloween<\/strong> se ha instalado en muchos comercios espa\u00f1oles con prom<strong>ociones especiales<\/strong> ligadas a esta festividad anglosajona. <strong>Octubre<\/strong> es tambi\u00e9n tiempo de <strong>planificar y ser previsores respecto al stock<\/strong> que manejemos, puesto que la actividad comercial se disparar\u00e1 en noviembre y diciembre.<\/p>\n<h4>Fechas importantes de octubre:<\/h4>\n<p><strong>Mi\u00e9rcoles 4 de octubre<\/strong>: D\u00eda Mundial de los Animales.<\/p>\n<p><strong>Jueves 12 de octubre<\/strong>: D\u00eda de la Hispanidad.<\/p>\n<p><strong>Martes 31 de octubre<\/strong>: Halloween.<\/p>\n<p><em><strong>Consejo de marketing y embalaje para octubre<\/strong><\/em>: este mes, al igual que ocurre en abril, muchas marcas promocionan su <strong>periodo de rebajas intermedio<\/strong> (<em>mid-season sale<\/em>).<\/p>\n<h3>11. Noviembre: Black Friday y Cyber Monday<\/h3>\n<p>Los comercios, tanto f\u00edsicos como online, entran en <strong>ebullici\u00f3n<\/strong> durante el mes de noviembre. La <strong>proximidad de la Navidad<\/strong> se junta con las fechas de descuentos por excelencia: el <strong>Black Friday<\/strong> y el <strong>Cyber Monday<\/strong>, que en Espa\u00f1a ya se celebran en todo tipo de negocios. Por ello, es importante <a href=\"https:\/\/www.rajapack.es\/blog-es\/black-friday-2016-poner-a-punto-ecommerce\" target=\"_blank\" rel=\"noopener\">preparar tu ecommerce<\/a> o comercio f\u00edsico para estos d\u00edas.<\/p>\n<h4>Fechas importantes de noviembre:<\/h4>\n<p><strong>Mi\u00e9rcoles 1 de noviembre<\/strong>: D\u00eda de todos los santos.<\/p>\n<p><strong>S\u00e1bado<\/strong> <strong>11 de noviembre<\/strong>: D\u00eda del soltero en China (una especie de Black Friday chino).<\/p>\n<p><strong>Lunes 20 de noviembre<\/strong>: D\u00eda Mundial de la Infancia.<\/p>\n<p><strong>Viernes 24 de noviembre<\/strong>: Black Friday.<\/p>\n<p><strong>Lunes 27 de noviembre<\/strong>: Cyber Monday.<\/p>\n<p><strong>Jueves 30 de noviembre<\/strong>: D\u00eda de las Devoluciones o Throwback Thursday.<\/p>\n<p><em><strong>Consejo de marketing y embalaje para noviembre<\/strong><\/em>: \u00bfa\u00fan no conoces el <strong>D\u00eda de las Devoluciones<\/strong>? En teor\u00eda, la impulsividad del Black Friday se paga el jueves siguiente, fecha en que algunos consumidores lamentan su \u00edmpetu y solicitan la <strong>devoluci\u00f3n de los productos comprados en tal jornada<\/strong>. Aunque se <em>conmemore<\/em> esta efem\u00e9ride, debes estar listo para <a href=\"https:\/\/www.rajapack.es\/blog-es\/throwback-thursday-dia-devoluciones\" target=\"_blank\" rel=\"noopener\">evitar disgustos a los clientes con el tema de las devoluciones online<\/a>.<\/p>\n<h3>12. Diciembre: Navidad<\/h3>\n<p><strong>Diciembre<\/strong> viene marcado por el <strong>puente<\/strong> de festivos con el D\u00eda de la Constituci\u00f3n y el de la Inmaculada Concepci\u00f3n. Ya en este mes, los comercios est\u00e1n inmersos en el <strong>pico de Navidad<\/strong>, por lo que se trata de un mes en que todo tiene que estar planeado para sacarle el m\u00e1ximo rendimiento.<\/p>\n<h4>Fechas importantes de diciembre:<\/h4>\n<p><strong>Mi\u00e9rcoles 6 de diciembre<\/strong>: D\u00eda de la Constituci\u00f3n Espa\u00f1ola.<\/p>\n<p><strong>Viernes 8 de diciembre<\/strong>: D\u00eda de la Inmaculada Concepci\u00f3n.<\/p>\n<p><strong>Viernes 22 de diciembre<\/strong>: Sorteo de Loter\u00eda.<\/p>\n<p><strong>Domingo 24 de diciembre<\/strong>: Nochebuena.<\/p>\n<p><strong>Lunes 25 de diciembre<\/strong>: Navidad.<\/p>\n<p><strong>Martes 26 de diciembre<\/strong>: Boxing Day.<\/p>\n<p><strong>Jueves 28 de diciembre<\/strong>: D\u00eda de los Santos Inocentes.<\/p>\n<p><strong>Domingo 31 de diciembre<\/strong>: Nochevieja.<\/p>\n<p><em><strong>Consejo de marketing y embalaje para diciembre<\/strong><\/em>: <a href=\"https:\/\/www.rajapack.es\/blog-es\/que-papel-envolver-utilizar-negocio-fisico-online\/\" target=\"_blank\" rel=\"noopener\">no te quedes sin papel de envolver<\/a> en tu negocio si lo necesitas y, si te preguntas <a href=\"https:\/\/www.rajapack.es\/blog-es\/embalaje\/como-empaquetar-correctamente-una-cesta-de-navidad\/\" target=\"_blank\" rel=\"noopener\">c\u00f3mo embalar una cesta de navidad<\/a>, en Rajapack te acercamos la respuesta.<\/p>\n<p>La <strong>estacionalidad<\/strong> es una gran baza con la que jugar para <strong>promociones<\/strong> y en el <strong>\u00e1mbito de la comunicaci\u00f3n corporativa<\/strong>. Por supuesto, cabe destacar que este <strong>calendario de marketing 2017<\/strong> recoge las <strong>fechas generales m\u00e1s representativas<\/strong> del a\u00f1o, pero <strong>cada sector funciona con una estacionalidad adaptada<\/strong> que tener en cuenta, pero sirva este <strong>calendario como gu\u00eda<\/strong> para planificar las acciones de marketing del a\u00f1o que acabamos de estrenar.<\/p>\n<p>\u00a1No te lo pierdas! Consigue tu calendario de marketing imprimible aqu\u00ed:<\/p>\n<p><a href=\"https:\/\/www.rajapack.es\/blog-es\/wp-content\/uploads\/2017\/12\/calendario-marketing-2017-recortable-2.pdf\" target=\"_blank\" rel=\"noopener\"><img loading=\"lazy\" decoding=\"async\" class=\"aligncenter wp-image-5233 size-full\" src=\"https:\/\/www.rajapack.es\/blog-es\/wp-content\/uploads\/2017\/01\/banner_calendar.jpg\" alt=\"Descarga tu calendario de marketing 2017 imprimible aqu\u00ed\" width=\"850\" height=\"509\" srcset=\"https:\/\/www.rajapack.es\/blog-es\/wp-content\/uploads\/2017\/01\/banner_calendar.jpg 850w, https:\/\/www.rajapack.es\/blog-es\/wp-content\/uploads\/2017\/01\/banner_calendar-430x257.jpg 430w, https:\/\/www.rajapack.es\/blog-es\/wp-content\/uploads\/2017\/01\/banner_calendar-768x460.jpg 768w, https:\/\/www.rajapack.es\/blog-es\/wp-content\/uploads\/2017\/01\/banner_calendar-375x225.jpg 375w\" sizes=\"(max-width: 850px) 100vw, 850px\" \/><\/a><\/p>\n<p>&nbsp;<\/p>\n","protected":false},"excerpt":{"rendered":"<p>A\u00f1o nuevo y&#8230; calendario nuevo. \u00bfTienes en mente las fechas importantes para tu comercio? En Rajapack te lo ponemos f\u00e1cil con este calendario de marketing 2017. No te pierdas ni un d\u00eda clave para tu negocio en este a\u00f1o reci\u00e9n estrenado.<\/p>\n","protected":false},"author":12,"featured_media":5225,"comment_status":"open","ping_status":"open","sticky":false,"template":"","format":"standard","meta":{"_acf_changed":false,"footnotes":""},"categories":[6],"tags":[101],"class_list":["post-5206","post","type-post","status-publish","format-standard","has-post-thumbnail","hentry","category-noticias","tag-ecommerce"],"acf":[],"yoast_head":"\n<title>Calendario de marketing 2017: planifica tus fechas clave [infograf\u00eda] RAJAPACK<\/title>\n<meta name=\"description\" content=\"A\u00f1o nuevo y... calendario nuevo. \u00bfTienes en mente las fechas clave para tu comercio? \u00a1Este calendario de marketing 2017 te lo pone f\u00e1cil!\" \/>\n<meta name=\"robots\" content=\"index, follow, max-snippet:-1, max-image-preview:large, max-video-preview:-1\" \/>\n<link rel=\"canonical\" href=\"https:\/\/www.rajapack.es\/blog-es\/calendario-marketing-2017-fechas-clave\" \/>\n<meta property=\"og:locale\" content=\"es_ES\" \/>\n<meta property=\"og:type\" content=\"article\" \/>\n<meta property=\"og:title\" content=\"Calendario de marketing 2017: planifica tus fechas clave [infograf\u00eda] RAJAPACK\" \/>\n<meta property=\"og:description\" content=\"A\u00f1o nuevo y... calendario nuevo. \u00bfTienes en mente las fechas clave para tu comercio? \u00a1Este calendario de marketing 2017 te lo pone f\u00e1cil!\" \/>\n<meta property=\"og:url\" content=\"https:\/\/www.rajapack.es\/blog-es\/calendario-marketing-2017-fechas-clave\" \/>\n<meta property=\"og:site_name\" content=\"RAJAPACK Blog | Consejos de embalaje, log\u00edstica y m\u00e1s\" \/>\n<meta property=\"article:publisher\" content=\"https:\/\/www.facebook.com\/Rajapack.es\" \/>\n<meta property=\"article:published_time\" content=\"2017-01-31T11:41:13+00:00\" \/>\n<meta property=\"article:modified_time\" content=\"2025-01-30T00:37:06+00:00\" \/>\n<meta property=\"og:image\" content=\"https:\/\/www.rajapack.es\/blog-es\/wp-content\/uploads\/2017\/01\/cabecera-calendario-marketing.jpg\" \/>\n\t<meta property=\"og:image:width\" content=\"850\" \/>\n\t<meta property=\"og:image:height\" content=\"450\" \/>\n\t<meta property=\"og:image:type\" content=\"image\/jpeg\" \/>\n<meta name=\"author\" content=\"Ana MARIN\" \/>\n<meta name=\"twitter:card\" content=\"summary_large_image\" \/>\n<meta name=\"twitter:creator\" content=\"@RajapackES\" \/>\n<meta name=\"twitter:site\" content=\"@RajapackES\" \/>\n<meta name=\"twitter:label1\" content=\"Escrito por\" \/>\n\t<meta name=\"twitter:data1\" content=\"Ana MARIN\" \/>\n\t<meta name=\"twitter:label2\" content=\"Tiempo de lectura\" \/>\n\t<meta name=\"twitter:data2\" content=\"9 minutos\" \/>\n<script type=\"application\/ld+json\" class=\"yoast-schema-graph\">{\n\t    \"@context\": \"https:\/\/schema.org\",\n\t    \"@graph\": [\n\t        {\n\t            \"@type\": \"Article\",\n\t            \"@id\": \"https:\/\/www.rajapack.es\/blog-es\/calendario-marketing-2017-fechas-clave#article\",\n\t            \"isPartOf\": {\n\t                \"@id\": \"https:\/\/www.rajapack.es\/blog-es\/calendario-marketing-2017-fechas-clave\"\n\t            },\n\t            \"author\": {\n\t                \"name\": \"Ana MARIN\",\n\t                \"@id\": \"https:\/\/www.rajapack.es\/blog-es\/#\/schema\/person\/04fd300fa2b06042038f6df85b69b4b5\"\n\t            },\n\t            \"headline\": \"Calendario de marketing 2017: planifica tus fechas clave [infograf\u00eda]\",\n\t            \"datePublished\": \"2017-01-31T11:41:13+00:00\",\n\t            \"dateModified\": \"2025-01-30T00:37:06+00:00\",\n\t            \"mainEntityOfPage\": {\n\t                \"@id\": \"https:\/\/www.rajapack.es\/blog-es\/calendario-marketing-2017-fechas-clave\"\n\t            },\n\t            \"wordCount\": 1847,\n\t            \"commentCount\": 0,\n\t            \"publisher\": {\n\t                \"@id\": \"https:\/\/www.rajapack.es\/blog-es\/#organization\"\n\t            },\n\t            \"image\": {\n\t                \"@id\": \"https:\/\/www.rajapack.es\/blog-es\/calendario-marketing-2017-fechas-clave#primaryimage\"\n\t            },\n\t            \"thumbnailUrl\": \"https:\/\/www.rajapack.es\/blog-es\/wp-content\/uploads\/2017\/01\/cabecera-calendario-marketing.jpg\",\n\t            \"keywords\": [\n\t                \"ecommerce\"\n\t            ],\n\t            \"articleSection\": [\n\t                \"Noticias y eventos\"\n\t            ],\n\t            \"inLanguage\": \"es\",\n\t            \"potentialAction\": [\n\t                {\n\t                    \"@type\": \"CommentAction\",\n\t                    \"name\": \"Comment\",\n\t                    \"target\": [\n\t                        \"https:\/\/www.rajapack.es\/blog-es\/calendario-marketing-2017-fechas-clave#respond\"\n\t                    ]\n\t                }\n\t            ]\n\t        },\n\t        {\n\t            \"@type\": \"WebPage\",\n\t            \"@id\": \"https:\/\/www.rajapack.es\/blog-es\/calendario-marketing-2017-fechas-clave\",\n\t            \"url\": \"https:\/\/www.rajapack.es\/blog-es\/calendario-marketing-2017-fechas-clave\",\n\t            \"name\": \"Calendario de marketing 2017: planifica tus fechas clave [infograf\u00eda] RAJAPACK\",\n\t            \"isPartOf\": {\n\t                \"@id\": \"https:\/\/www.rajapack.es\/blog-es\/#website\"\n\t            },\n\t            \"primaryImageOfPage\": {\n\t                \"@id\": \"https:\/\/www.rajapack.es\/blog-es\/calendario-marketing-2017-fechas-clave#primaryimage\"\n\t            },\n\t            \"image\": {\n\t                \"@id\": \"https:\/\/www.rajapack.es\/blog-es\/calendario-marketing-2017-fechas-clave#primaryimage\"\n\t            },\n\t            \"thumbnailUrl\": \"https:\/\/www.rajapack.es\/blog-es\/wp-content\/uploads\/2017\/01\/cabecera-calendario-marketing.jpg\",\n\t            \"datePublished\": \"2017-01-31T11:41:13+00:00\",\n\t            \"dateModified\": \"2025-01-30T00:37:06+00:00\",\n\t            \"description\": \"A\u00f1o nuevo y... calendario nuevo. \u00bfTienes en mente las fechas clave para tu comercio? \u00a1Este calendario de marketing 2017 te lo pone f\u00e1cil!\",\n\t            \"inLanguage\": \"es\",\n\t            \"potentialAction\": [\n\t                {\n\t                    \"@type\": \"ReadAction\",\n\t                    \"target\": [\n\t                        \"https:\/\/www.rajapack.es\/blog-es\/calendario-marketing-2017-fechas-clave\"\n\t                    ]\n\t                }\n\t            ]\n\t        },\n\t        {\n\t            \"@type\": \"ImageObject\",\n\t            \"inLanguage\": \"es\",\n\t            \"@id\": \"https:\/\/www.rajapack.es\/blog-es\/calendario-marketing-2017-fechas-clave#primaryimage\",\n\t            \"url\": \"https:\/\/www.rajapack.es\/blog-es\/wp-content\/uploads\/2017\/01\/cabecera-calendario-marketing.jpg\",\n\t            \"contentUrl\": \"https:\/\/www.rajapack.es\/blog-es\/wp-content\/uploads\/2017\/01\/cabecera-calendario-marketing.jpg\",\n\t            \"width\": 850,\n\t            \"height\": 450,\n\t            \"caption\": \"Calendario de marketing 2017 - Rajapack\"\n\t        },\n\t        {\n\t            \"@type\": \"WebSite\",\n\t            \"@id\": \"https:\/\/www.rajapack.es\/blog-es\/#website\",\n\t            \"url\": \"https:\/\/www.rajapack.es\/blog-es\/\",\n\t            \"name\": \"RAJAPACK Blog | Consejos de embalaje, log\u00edstica y m\u00e1s\",\n\t            \"description\": \"Consejos de embalaje, logistica y m\u00e1s\",\n\t            \"publisher\": {\n\t                \"@id\": \"https:\/\/www.rajapack.es\/blog-es\/#organization\"\n\t            },\n\t            \"potentialAction\": [\n\t                {\n\t                    \"@type\": \"SearchAction\",\n\t                    \"target\": {\n\t                        \"@type\": \"EntryPoint\",\n\t                        \"urlTemplate\": \"https:\/\/www.rajapack.es\/blog-es\/?s={search_term_string}\"\n\t                    },\n\t                    \"query-input\": {\n\t                        \"@type\": \"PropertyValueSpecification\",\n\t                        \"valueRequired\": true,\n\t                        \"valueName\": \"search_term_string\"\n\t                    }\n\t                }\n\t            ],\n\t            \"inLanguage\": \"es\"\n\t        },\n\t        {\n\t            \"@type\": \"Organization\",\n\t            \"@id\": \"https:\/\/www.rajapack.es\/blog-es\/#organization\",\n\t            \"name\": \"RAJA ES\",\n\t            \"url\": \"https:\/\/www.rajapack.es\/blog-es\/\",\n\t            \"logo\": {\n\t                \"@type\": \"ImageObject\",\n\t                \"inLanguage\": \"es\",\n\t                \"@id\": \"https:\/\/www.rajapack.es\/blog-es\/#\/schema\/logo\/image\/\",\n\t                \"url\": \"https:\/\/www.rajapack.es\/blog-es\/wp-content\/uploads\/2021\/10\/logo-mobile@3x.png\",\n\t                \"contentUrl\": \"https:\/\/www.rajapack.es\/blog-es\/wp-content\/uploads\/2021\/10\/logo-mobile@3x.png\",\n\t                \"width\": 534,\n\t                \"height\": 114,\n\t                \"caption\": \"RAJA ES\"\n\t            },\n\t            \"image\": {\n\t                \"@id\": \"https:\/\/www.rajapack.es\/blog-es\/#\/schema\/logo\/image\/\"\n\t            },\n\t            \"sameAs\": [\n\t                \"https:\/\/www.facebook.com\/Rajapack.es\",\n\t                \"https:\/\/x.com\/RajapackES\",\n\t                \"https:\/\/www.linkedin.com\/company\/rajapack-spain\/\",\n\t                \"https:\/\/www.youtube.com\/user\/RajapackES\"\n\t            ]\n\t        },\n\t        {\n\t            \"@type\": \"Person\",\n\t            \"@id\": \"https:\/\/www.rajapack.es\/blog-es\/#\/schema\/person\/04fd300fa2b06042038f6df85b69b4b5\",\n\t            \"name\": \"Ana MARIN\",\n\t            \"image\": {\n\t                \"@type\": \"ImageObject\",\n\t                \"inLanguage\": \"es\",\n\t                \"@id\": \"https:\/\/www.rajapack.es\/blog-es\/#\/schema\/person\/image\/\",\n\t                \"url\": \"https:\/\/secure.gravatar.com\/avatar\/652c925fca147acebb370b725d178d5c?s=96&d=mm&r=g\",\n\t                \"contentUrl\": \"https:\/\/secure.gravatar.com\/avatar\/652c925fca147acebb370b725d178d5c?s=96&d=mm&r=g\",\n\t                \"caption\": \"Ana MARIN\"\n\t            },\n\t            \"description\": \"Web marketer\",\n\t            \"url\": \"https:\/\/www.rajapack.es\/blog-es\/author\/amarin\"\n\t        }\n\t    ]\n\t}<\/script>\n","yoast_head_json":{"title":"Calendario de marketing 2017: planifica tus fechas clave [infograf\u00eda] RAJAPACK","description":"A\u00f1o nuevo y... calendario nuevo. \u00bfTienes en mente las fechas clave para tu comercio? \u00a1Este calendario de marketing 2017 te lo pone f\u00e1cil!","robots":{"index":"index","follow":"follow","max-snippet":"max-snippet:-1","max-image-preview":"max-image-preview:large","max-video-preview":"max-video-preview:-1"},"canonical":"https:\/\/www.rajapack.es\/blog-es\/calendario-marketing-2017-fechas-clave","og_locale":"es_ES","og_type":"article","og_title":"Calendario de marketing 2017: planifica tus fechas clave [infograf\u00eda] RAJAPACK","og_description":"A\u00f1o nuevo y... calendario nuevo. \u00bfTienes en mente las fechas clave para tu comercio? \u00a1Este calendario de marketing 2017 te lo pone f\u00e1cil!","og_url":"https:\/\/www.rajapack.es\/blog-es\/calendario-marketing-2017-fechas-clave","og_site_name":"RAJAPACK Blog | Consejos de embalaje, log\u00edstica y m\u00e1s","article_publisher":"https:\/\/www.facebook.com\/Rajapack.es","article_published_time":"2017-01-31T11:41:13+00:00","article_modified_time":"2025-01-30T00:37:06+00:00","og_image":[{"width":850,"height":450,"url":"https:\/\/www.rajapack.es\/blog-es\/wp-content\/uploads\/2017\/01\/cabecera-calendario-marketing.jpg","type":"image\/jpeg"}],"author":"Ana MARIN","twitter_card":"summary_large_image","twitter_creator":"@RajapackES","twitter_site":"@RajapackES","twitter_misc":{"Escrito por":"Ana MARIN","Tiempo de lectura":"9 minutos"},"schema":{"@context":"https:\/\/schema.org","@graph":[{"@type":"Article","@id":"https:\/\/www.rajapack.es\/blog-es\/calendario-marketing-2017-fechas-clave#article","isPartOf":{"@id":"https:\/\/www.rajapack.es\/blog-es\/calendario-marketing-2017-fechas-clave"},"author":{"name":"Ana MARIN","@id":"https:\/\/www.rajapack.es\/blog-es\/#\/schema\/person\/04fd300fa2b06042038f6df85b69b4b5"},"headline":"Calendario de marketing 2017: planifica tus fechas clave [infograf\u00eda]","datePublished":"2017-01-31T11:41:13+00:00","dateModified":"2025-01-30T00:37:06+00:00","mainEntityOfPage":{"@id":"https:\/\/www.rajapack.es\/blog-es\/calendario-marketing-2017-fechas-clave"},"wordCount":1847,"commentCount":0,"publisher":{"@id":"https:\/\/www.rajapack.es\/blog-es\/#organization"},"image":{"@id":"https:\/\/www.rajapack.es\/blog-es\/calendario-marketing-2017-fechas-clave#primaryimage"},"thumbnailUrl":"https:\/\/www.rajapack.es\/blog-es\/wp-content\/uploads\/2017\/01\/cabecera-calendario-marketing.jpg","keywords":["ecommerce"],"articleSection":["Noticias y eventos"],"inLanguage":"es","potentialAction":[{"@type":"CommentAction","name":"Comment","target":["https:\/\/www.rajapack.es\/blog-es\/calendario-marketing-2017-fechas-clave#respond"]}]},{"@type":"WebPage","@id":"https:\/\/www.rajapack.es\/blog-es\/calendario-marketing-2017-fechas-clave","url":"https:\/\/www.rajapack.es\/blog-es\/calendario-marketing-2017-fechas-clave","name":"Calendario de marketing 2017: planifica tus fechas clave [infograf\u00eda] RAJAPACK","isPartOf":{"@id":"https:\/\/www.rajapack.es\/blog-es\/#website"},"primaryImageOfPage":{"@id":"https:\/\/www.rajapack.es\/blog-es\/calendario-marketing-2017-fechas-clave#primaryimage"},"image":{"@id":"https:\/\/www.rajapack.es\/blog-es\/calendario-marketing-2017-fechas-clave#primaryimage"},"thumbnailUrl":"https:\/\/www.rajapack.es\/blog-es\/wp-content\/uploads\/2017\/01\/cabecera-calendario-marketing.jpg","datePublished":"2017-01-31T11:41:13+00:00","dateModified":"2025-01-30T00:37:06+00:00","description":"A\u00f1o nuevo y... calendario nuevo. \u00bfTienes en mente las fechas clave para tu comercio? \u00a1Este calendario de marketing 2017 te lo pone f\u00e1cil!","inLanguage":"es","potentialAction":[{"@type":"ReadAction","target":["https:\/\/www.rajapack.es\/blog-es\/calendario-marketing-2017-fechas-clave"]}]},{"@type":"ImageObject","inLanguage":"es","@id":"https:\/\/www.rajapack.es\/blog-es\/calendario-marketing-2017-fechas-clave#primaryimage","url":"https:\/\/www.rajapack.es\/blog-es\/wp-content\/uploads\/2017\/01\/cabecera-calendario-marketing.jpg","contentUrl":"https:\/\/www.rajapack.es\/blog-es\/wp-content\/uploads\/2017\/01\/cabecera-calendario-marketing.jpg","width":850,"height":450,"caption":"Calendario de marketing 2017 - Rajapack"},{"@type":"WebSite","@id":"https:\/\/www.rajapack.es\/blog-es\/#website","url":"https:\/\/www.rajapack.es\/blog-es\/","name":"RAJAPACK Blog | Consejos de embalaje, log\u00edstica y m\u00e1s","description":"Consejos de embalaje, logistica y m\u00e1s","publisher":{"@id":"https:\/\/www.rajapack.es\/blog-es\/#organization"},"potentialAction":[{"@type":"SearchAction","target":{"@type":"EntryPoint","urlTemplate":"https:\/\/www.rajapack.es\/blog-es\/?s={search_term_string}"},"query-input":{"@type":"PropertyValueSpecification","valueRequired":true,"valueName":"search_term_string"}}],"inLanguage":"es"},{"@type":"Organization","@id":"https:\/\/www.rajapack.es\/blog-es\/#organization","name":"RAJA ES","url":"https:\/\/www.rajapack.es\/blog-es\/","logo":{"@type":"ImageObject","inLanguage":"es","@id":"https:\/\/www.rajapack.es\/blog-es\/#\/schema\/logo\/image\/","url":"https:\/\/www.rajapack.es\/blog-es\/wp-content\/uploads\/2021\/10\/logo-mobile@3x.png","contentUrl":"https:\/\/www.rajapack.es\/blog-es\/wp-content\/uploads\/2021\/10\/logo-mobile@3x.png","width":534,"height":114,"caption":"RAJA ES"},"image":{"@id":"https:\/\/www.rajapack.es\/blog-es\/#\/schema\/logo\/image\/"},"sameAs":["https:\/\/www.facebook.com\/Rajapack.es","https:\/\/x.com\/RajapackES","https:\/\/www.linkedin.com\/company\/rajapack-spain\/","https:\/\/www.youtube.com\/user\/RajapackES"]},{"@type":"Person","@id":"https:\/\/www.rajapack.es\/blog-es\/#\/schema\/person\/04fd300fa2b06042038f6df85b69b4b5","name":"Ana MARIN","image":{"@type":"ImageObject","inLanguage":"es","@id":"https:\/\/www.rajapack.es\/blog-es\/#\/schema\/person\/image\/","url":"https:\/\/secure.gravatar.com\/avatar\/652c925fca147acebb370b725d178d5c?s=96&d=mm&r=g","contentUrl":"https:\/\/secure.gravatar.com\/avatar\/652c925fca147acebb370b725d178d5c?s=96&d=mm&r=g","caption":"Ana MARIN"},"description":"Web marketer","url":"https:\/\/www.rajapack.es\/blog-es\/author\/amarin"}]}},"_links":{"self":[{"href":"https:\/\/www.rajapack.es\/blog-es\/wp-json\/wp\/v2\/posts\/5206"}],"collection":[{"href":"https:\/\/www.rajapack.es\/blog-es\/wp-json\/wp\/v2\/posts"}],"about":[{"href":"https:\/\/www.rajapack.es\/blog-es\/wp-json\/wp\/v2\/types\/post"}],"author":[{"embeddable":true,"href":"https:\/\/www.rajapack.es\/blog-es\/wp-json\/wp\/v2\/users\/12"}],"replies":[{"embeddable":true,"href":"https:\/\/www.rajapack.es\/blog-es\/wp-json\/wp\/v2\/comments?post=5206"}],"version-history":[{"count":0,"href":"https:\/\/www.rajapack.es\/blog-es\/wp-json\/wp\/v2\/posts\/5206\/revisions"}],"wp:featuredmedia":[{"embeddable":true,"href":"https:\/\/www.rajapack.es\/blog-es\/wp-json\/wp\/v2\/media\/5225"}],"wp:attachment":[{"href":"https:\/\/www.rajapack.es\/blog-es\/wp-json\/wp\/v2\/media?parent=5206"}],"wp:term":[{"taxonomy":"category","embeddable":true,"href":"https:\/\/www.rajapack.es\/blog-es\/wp-json\/wp\/v2\/categories?post=5206"},{"taxonomy":"post_tag","embeddable":true,"href":"https:\/\/www.rajapack.es\/blog-es\/wp-json\/wp\/v2\/tags?post=5206"}],"curies":[{"name":"wp","href":"https:\/\/api.w.org\/{rel}","templated":true}]}}