{"id":6128,"date":"2017-09-04T17:37:15","date_gmt":"2017-09-04T15:37:15","guid":{"rendered":"https:\/\/blog-staging-es.raja-group.com\/?p=6128"},"modified":"2018-05-15T12:29:21","modified_gmt":"2018-05-15T10:29:21","slug":"solicita-nuevo-catalogo-rajapack-ya-disponible","status":"publish","type":"post","link":"https:\/\/www.rajapack.es\/blog-es\/solicita-nuevo-catalogo-rajapack-ya-disponible","title":{"rendered":"Solicita el nuevo cat\u00e1logo de Rajapack \u00a1Ya disponible!"},"content":{"rendered":"<p>396 p\u00e1ginas repletas de novedades en <a href=\"https:\/\/www.rajapack.es\/catalogues.html\" target=\"_blank\" rel=\"noopener noreferrer\">nuestro \u00faltimo cat\u00e1logo de Rajapack<\/a>. Encuentra todo lo que tu empresa necesita en material de embalaje y productos para el almac\u00e9n o el comercio.<\/p>\n<p>Con m\u00e1s de 4000 referencias, todas en stock y con una entrega r\u00e1pida en 24\/48 horas, el cat\u00e1logo de Rajapack se ha convertido un referente de varios sectores para adaptar su empresa a las exigencias del mercado.<\/p>\n<p><strong>Destaca en esta edici\u00f3n de septiembre la implicaci\u00f3n por los productos con origen europeo, ya que el 92,5% de los mismos est\u00e1n fabricados en el viejo continente.<\/strong> Esto nos permite garantizar la calidad de nuestros productos gracias a acuerdos europeos con nuestros proveedores y optimizar el aprovisionamiento para conseguir un stock permanente con una entrega \u00e1gil.<\/p>\n<p>No solo eso,<strong> en Rajapack Espa\u00f1a, m\u00e1s de un 60% de nuestros productos proceden de nuestro propio pa\u00eds,<\/strong> con lo que tambi\u00e9n buscamos reducir nuestro impacto en el transporte, con empresas cercanas y de proximidad, reduciendo la huella de CO2, lo que representa un paso m\u00e1s en nuestro <a href=\"https:\/\/www.rajapack.es\/embalaje-ecologico_cms_000041.html\" target=\"_blank\" rel=\"noopener noreferrer\">compromiso con el medio ambiente<\/a> y la gesti\u00f3n de proveedores cercana.<\/p>\n<p>Adem\u00e1s, el cat\u00e1logo de Rajapack est\u00e1 repleto de novedades, fruto del trabajo con nuestros clientes que nos exigen las mejores soluciones para sus necesidades. A ra\u00edz de ah\u00ed, podemos estandarizar los productos que ser\u00e1n clave en el mercado en un corto t\u00e9rmino. Algunos de los ejemplos m\u00e1s destacados en este \u00faltimo n\u00famero son:<\/p>\n<ul>\n<li>\n<h3><a href=\"https:\/\/www.rajapack.es\/cajas-carton-contenedores-cajas-postales\/cajas-para-productos-sensibles-peligrosos_C1080.html\" target=\"_blank\" rel=\"noopener noreferrer\"><strong>Los embalajes isot\u00e9rmicos:<\/strong><\/a><\/h3>\n<p>El transporte isot\u00e9rmico y el auge del env\u00edo de productos perecederos, alimentaci\u00f3n, farmacia y similares, nos ha obligado a buscar los mejores embalajes para la gesti\u00f3n de estos env\u00edos. Una buena muestra son los siguientes:<\/p>\n<ul>\n<li><strong>Bolsas isot\u00e9rmicas de env\u00edo<\/strong>: Los sobres y bolsas de env\u00edo son un embalaje muy recurrente en el mundo online para hacer llegar los productos de forma r\u00e1pida y econ\u00f3mica. El sector de la alimentaci\u00f3n ha adaptado este mismo sistema con las bolsas isot\u00e9rmicas y, de bien seguro, representar\u00e1 un buen aliado para muchas empresas que realicen entregas con estas condiciones.\u00a0<img loading=\"lazy\" decoding=\"async\" class=\"size-medium wp-image-6130 alignnone\" src=\"https:\/\/www.rajapack.es\/blog-es\/wp-content\/uploads\/2017\/09\/bolsa-isotermica-con-cierre-zip_OFF_ES_0739.jpg\" alt=\"\" width=\"170\" height=\"170\" srcset=\"https:\/\/www.rajapack.es\/blog-es\/wp-content\/uploads\/2017\/09\/bolsa-isotermica-con-cierre-zip_OFF_ES_0739.jpg 170w, https:\/\/www.rajapack.es\/blog-es\/wp-content\/uploads\/2017\/09\/bolsa-isotermica-con-cierre-zip_OFF_ES_0739-120x120.jpg 120w, https:\/\/www.rajapack.es\/blog-es\/wp-content\/uploads\/2017\/09\/bolsa-isotermica-con-cierre-zip_OFF_ES_0739-150x150.jpg 150w, https:\/\/www.rajapack.es\/blog-es\/wp-content\/uploads\/2017\/09\/bolsa-isotermica-con-cierre-zip_OFF_ES_0739-100x100.jpg 100w\" sizes=\"(max-width: 170px) 100vw, 170px\" \/><img loading=\"lazy\" decoding=\"async\" class=\"size-full wp-image-6129 alignnone\" src=\"https:\/\/www.rajapack.es\/blog-es\/wp-content\/uploads\/2017\/09\/bolsa-isotermica-con-cierre-adhesivo_OFF_ES_0701.jpg\" alt=\"\" width=\"170\" height=\"170\" srcset=\"https:\/\/www.rajapack.es\/blog-es\/wp-content\/uploads\/2017\/09\/bolsa-isotermica-con-cierre-adhesivo_OFF_ES_0701.jpg 170w, https:\/\/www.rajapack.es\/blog-es\/wp-content\/uploads\/2017\/09\/bolsa-isotermica-con-cierre-adhesivo_OFF_ES_0701-120x120.jpg 120w, https:\/\/www.rajapack.es\/blog-es\/wp-content\/uploads\/2017\/09\/bolsa-isotermica-con-cierre-adhesivo_OFF_ES_0701-150x150.jpg 150w, https:\/\/www.rajapack.es\/blog-es\/wp-content\/uploads\/2017\/09\/bolsa-isotermica-con-cierre-adhesivo_OFF_ES_0701-100x100.jpg 100w\" sizes=\"(max-width: 170px) 100vw, 170px\" \/><\/li>\n<li><strong><a href=\"https:\/\/www.rajapack.es\/cajas-carton-contenedores-cajas-postales\/cajas-para-productos-sensibles-peligrosos\/film-plastico-burbujas-isotermico_OFF_ES_0738.html\" target=\"_blank\" rel=\"noopener noreferrer\">Pl\u00e1stico de burbujas isot\u00e9rmico<\/a>:<\/strong> Su nombre bien lo indica. Una combinaci\u00f3n de protecci\u00f3n de burbuja cl\u00e1sico con una resistencia a los cambios de temperatura. Ideada para ser <span style=\"text-decoration: underline\">utilizada tanto para envolver productos como botellas de vino, por ejemplo, hasta para forrar el interior de las cajas y evitar cambios t\u00e9rmicos<\/span>.<img loading=\"lazy\" decoding=\"async\" class=\"size-medium wp-image-6136 alignnone\" src=\"https:\/\/www.rajapack.es\/blog-es\/wp-content\/uploads\/2017\/09\/film-plastico-burbujas-isotermico_OFF_ES_0738.jpg\" alt=\"\" width=\"170\" height=\"170\" srcset=\"https:\/\/www.rajapack.es\/blog-es\/wp-content\/uploads\/2017\/09\/film-plastico-burbujas-isotermico_OFF_ES_0738.jpg 170w, https:\/\/www.rajapack.es\/blog-es\/wp-content\/uploads\/2017\/09\/film-plastico-burbujas-isotermico_OFF_ES_0738-120x120.jpg 120w, https:\/\/www.rajapack.es\/blog-es\/wp-content\/uploads\/2017\/09\/film-plastico-burbujas-isotermico_OFF_ES_0738-150x150.jpg 150w, https:\/\/www.rajapack.es\/blog-es\/wp-content\/uploads\/2017\/09\/film-plastico-burbujas-isotermico_OFF_ES_0738-100x100.jpg 100w\" sizes=\"(max-width: 170px) 100vw, 170px\" \/><\/li>\n<li><strong>Cajas isot\u00e9rmicas:<\/strong> Hemos ampliado nuestra gama con multitud de diferentes cajas para diferentes soluciones de protecci\u00f3n t\u00e9rmica. Desde <span style=\"text-decoration: underline\">cajas con protecci\u00f3n integrada para productos fr\u00e1giles a combinaciones de cajas de cart\u00f3n con funda isot\u00e9rmica o cajas de env\u00edo postales resistentes a los cambios de temperatura<\/span>. Todos, fruto de nuestro trabajo con nuestros clientes.<img loading=\"lazy\" decoding=\"async\" class=\"size-medium wp-image-6134 alignnone\" src=\"https:\/\/www.rajapack.es\/blog-es\/wp-content\/uploads\/2017\/09\/caja-postal-isotermica_OFF_ES_0699.jpg\" alt=\"\" width=\"170\" height=\"170\" srcset=\"https:\/\/www.rajapack.es\/blog-es\/wp-content\/uploads\/2017\/09\/caja-postal-isotermica_OFF_ES_0699.jpg 170w, https:\/\/www.rajapack.es\/blog-es\/wp-content\/uploads\/2017\/09\/caja-postal-isotermica_OFF_ES_0699-120x120.jpg 120w, https:\/\/www.rajapack.es\/blog-es\/wp-content\/uploads\/2017\/09\/caja-postal-isotermica_OFF_ES_0699-150x150.jpg 150w, https:\/\/www.rajapack.es\/blog-es\/wp-content\/uploads\/2017\/09\/caja-postal-isotermica_OFF_ES_0699-100x100.jpg 100w\" sizes=\"(max-width: 170px) 100vw, 170px\" \/><img loading=\"lazy\" decoding=\"async\" class=\"size-medium wp-image-6132 alignnone\" src=\"https:\/\/www.rajapack.es\/blog-es\/wp-content\/uploads\/2017\/09\/caja-isotermica-combinada-isopro_OFF_ES_0737.jpg\" alt=\"\" width=\"170\" height=\"170\" srcset=\"https:\/\/www.rajapack.es\/blog-es\/wp-content\/uploads\/2017\/09\/caja-isotermica-combinada-isopro_OFF_ES_0737.jpg 170w, https:\/\/www.rajapack.es\/blog-es\/wp-content\/uploads\/2017\/09\/caja-isotermica-combinada-isopro_OFF_ES_0737-120x120.jpg 120w, https:\/\/www.rajapack.es\/blog-es\/wp-content\/uploads\/2017\/09\/caja-isotermica-combinada-isopro_OFF_ES_0737-150x150.jpg 150w, https:\/\/www.rajapack.es\/blog-es\/wp-content\/uploads\/2017\/09\/caja-isotermica-combinada-isopro_OFF_ES_0737-100x100.jpg 100w\" sizes=\"(max-width: 170px) 100vw, 170px\" \/><\/li>\n<li>Adem\u00e1s, de ello, nuestro cat\u00e1logo de <strong>accesorios para el env\u00edo de productos en fr\u00edo<\/strong> o con temperatura controlada ha crecido. Ahora disponemos de <strong>indicadores de temperatura, etiquetas para productos perecederos o una gama variada de acumuladores de fr\u00edo.<\/strong><img loading=\"lazy\" decoding=\"async\" class=\"size-medium wp-image-6137 alignnone\" src=\"https:\/\/www.rajapack.es\/blog-es\/wp-content\/uploads\/2017\/09\/indicador-temperatura-descendente-cold_OFF_ES_0750.jpg\" alt=\"\" width=\"170\" height=\"170\" srcset=\"https:\/\/www.rajapack.es\/blog-es\/wp-content\/uploads\/2017\/09\/indicador-temperatura-descendente-cold_OFF_ES_0750.jpg 170w, https:\/\/www.rajapack.es\/blog-es\/wp-content\/uploads\/2017\/09\/indicador-temperatura-descendente-cold_OFF_ES_0750-120x120.jpg 120w, https:\/\/www.rajapack.es\/blog-es\/wp-content\/uploads\/2017\/09\/indicador-temperatura-descendente-cold_OFF_ES_0750-150x150.jpg 150w, https:\/\/www.rajapack.es\/blog-es\/wp-content\/uploads\/2017\/09\/indicador-temperatura-descendente-cold_OFF_ES_0750-100x100.jpg 100w\" sizes=\"(max-width: 170px) 100vw, 170px\" \/><\/li>\n<\/ul>\n<\/li>\n<li>\n<h3>Productos para el almac\u00e9n:<\/h3>\n<p>Sin duda, otro de los sectores que m\u00e1s exige novedades ya que buscan soluciones para optimizar el trabajo y reducir los costes. Entre las nuevas referencias destacan:<\/p>\n<ul>\n<li><a href=\"https:\/\/www.rajapack.es\/maquinas-sistemas-embalaje\/maquinas-produccion-relleno\/transformador-carton_OFF_ES_0728.html\" target=\"_blank\" rel=\"noopener noreferrer\"><strong><img loading=\"lazy\" decoding=\"async\" class=\"size-medium wp-image-6141 alignright\" src=\"https:\/\/www.rajapack.es\/blog-es\/wp-content\/uploads\/2017\/09\/transformador-material-relleno_OFF_ES_0728.jpg\" alt=\"\" width=\"300\" height=\"300\" srcset=\"https:\/\/www.rajapack.es\/blog-es\/wp-content\/uploads\/2017\/09\/transformador-material-relleno_OFF_ES_0728.jpg 300w, https:\/\/www.rajapack.es\/blog-es\/wp-content\/uploads\/2017\/09\/transformador-material-relleno_OFF_ES_0728-120x120.jpg 120w, https:\/\/www.rajapack.es\/blog-es\/wp-content\/uploads\/2017\/09\/transformador-material-relleno_OFF_ES_0728-150x150.jpg 150w, https:\/\/www.rajapack.es\/blog-es\/wp-content\/uploads\/2017\/09\/transformador-material-relleno_OFF_ES_0728-225x225.jpg 225w, https:\/\/www.rajapack.es\/blog-es\/wp-content\/uploads\/2017\/09\/transformador-material-relleno_OFF_ES_0728-100x100.jpg 100w\" sizes=\"(max-width: 300px) 100vw, 300px\" \/>Transformador de material de Relleno:<\/strong><\/a> Quiz\u00e1s el nombre no os diga mucho, pero esta trituradora de cajas de cart\u00f3n es capaz de convertir este embalaje en relleno de protecci\u00f3n para los env\u00edos. Una s<span style=\"text-decoration: underline\">oluci\u00f3n ecol\u00f3gica que aprovecha los desechos presentes en muchos almacenes para mejorar la preparaci\u00f3n de pedidos.<\/span> Sin duda, una de las novedades m\u00e1s atractivas de este cat\u00e1logo.<img loading=\"lazy\" decoding=\"async\" class=\"wp-image-6140 aligncenter\" src=\"https:\/\/www.rajapack.es\/blog-es\/wp-content\/uploads\/2017\/09\/transformador-material-relleno_OFF_ES_0728-1.jpg\" alt=\"\" width=\"300\" height=\"300\" srcset=\"https:\/\/www.rajapack.es\/blog-es\/wp-content\/uploads\/2017\/09\/transformador-material-relleno_OFF_ES_0728-1.jpg 300w, https:\/\/www.rajapack.es\/blog-es\/wp-content\/uploads\/2017\/09\/transformador-material-relleno_OFF_ES_0728-1-120x120.jpg 120w, https:\/\/www.rajapack.es\/blog-es\/wp-content\/uploads\/2017\/09\/transformador-material-relleno_OFF_ES_0728-1-150x150.jpg 150w, https:\/\/www.rajapack.es\/blog-es\/wp-content\/uploads\/2017\/09\/transformador-material-relleno_OFF_ES_0728-1-225x225.jpg 225w, https:\/\/www.rajapack.es\/blog-es\/wp-content\/uploads\/2017\/09\/transformador-material-relleno_OFF_ES_0728-1-100x100.jpg 100w\" sizes=\"(max-width: 300px) 100vw, 300px\" \/><\/li>\n<li><strong>M\u00e1s m\u00e1quinas de relleno:<\/strong> No solo la transformadora de cajas de cart\u00f3n aparece como novedad entre las m\u00e1quinas de relleno. Hemos incorporado la nueva <span style=\"text-decoration: underline\">AirMove2<\/span> como <a href=\"https:\/\/www.rajapack.es\/maquinas-sistemas-embalaje\/maquinas-produccion-relleno\/maquina-airmove-2_OFF_ES_0733.html\" target=\"_blank\" rel=\"noopener noreferrer\">soluci\u00f3n para crear bolsas de aire para embalaje.<\/a> A diferencia de su predecesora, capaz de fabricar diferentes protecciones de aire de mayor resistencia, para evitar golpes, o menor protecci\u00f3n, cuando la intenci\u00f3n es simplemente rellenar. <span style=\"text-decoration: underline\">Una soluci\u00f3n muy pr\u00e1ctica para quien prepara diferentes tipos de pedidos con varios productos.<\/span> \u00a1Ah! Y disponible para compra directamente por 849\u20ac. Una inversi\u00f3n que se rentabiliza f\u00e1cilmente.<\/li>\n<li><strong><a href=\"https:\/\/www.rajapack.es\/film-paletizacion\/palets-accesorios-paletizacion\/plancha-papel-carton-antideslizante_OFF_ES_0742.html\" target=\"_blank\" rel=\"noopener noreferrer\">Planchas de papel y cart\u00f3n antideslizante<\/a>:<\/strong> El uso de las planchas es muy habitual en la paletizaci\u00f3n, pero \u00e9sta, en concreto, juega un papel muy importante para evitar incidencias durante el transporte: mantienen la estabilidad de la carga. \u00bfC\u00f3mo? Se trata de un producto que permite a los pal\u00e9s aguantar una inclinaci\u00f3n de hasta 42\u00ba sin volcar el contenido. Un valor seguro en cualquier almac\u00e9n que reducir\u00e1 los costes en el transporte y manipulaci\u00f3n de pal\u00e9s.<img loading=\"lazy\" decoding=\"async\" class=\"size-medium wp-image-6139 aligncenter\" src=\"https:\/\/www.rajapack.es\/blog-es\/wp-content\/uploads\/2017\/09\/plancha-papel-carton-antideslizante_OFF_ES_0742.jpg\" alt=\"\" width=\"300\" height=\"300\" srcset=\"https:\/\/www.rajapack.es\/blog-es\/wp-content\/uploads\/2017\/09\/plancha-papel-carton-antideslizante_OFF_ES_0742.jpg 300w, https:\/\/www.rajapack.es\/blog-es\/wp-content\/uploads\/2017\/09\/plancha-papel-carton-antideslizante_OFF_ES_0742-120x120.jpg 120w, https:\/\/www.rajapack.es\/blog-es\/wp-content\/uploads\/2017\/09\/plancha-papel-carton-antideslizante_OFF_ES_0742-150x150.jpg 150w, https:\/\/www.rajapack.es\/blog-es\/wp-content\/uploads\/2017\/09\/plancha-papel-carton-antideslizante_OFF_ES_0742-225x225.jpg 225w, https:\/\/www.rajapack.es\/blog-es\/wp-content\/uploads\/2017\/09\/plancha-papel-carton-antideslizante_OFF_ES_0742-100x100.jpg 100w\" sizes=\"(max-width: 300px) 100vw, 300px\" \/><\/li>\n<li><strong><img loading=\"lazy\" decoding=\"async\" class=\"size-full wp-image-6138 alignright\" src=\"https:\/\/www.rajapack.es\/blog-es\/wp-content\/uploads\/2017\/09\/cono-senalizador-no-apilar-para-pales_OFF_ES_0719.jpg\" alt=\"\" width=\"170\" height=\"170\" srcset=\"https:\/\/www.rajapack.es\/blog-es\/wp-content\/uploads\/2017\/09\/cono-senalizador-no-apilar-para-pales_OFF_ES_0719.jpg 170w, https:\/\/www.rajapack.es\/blog-es\/wp-content\/uploads\/2017\/09\/cono-senalizador-no-apilar-para-pales_OFF_ES_0719-120x120.jpg 120w, https:\/\/www.rajapack.es\/blog-es\/wp-content\/uploads\/2017\/09\/cono-senalizador-no-apilar-para-pales_OFF_ES_0719-150x150.jpg 150w, https:\/\/www.rajapack.es\/blog-es\/wp-content\/uploads\/2017\/09\/cono-senalizador-no-apilar-para-pales_OFF_ES_0719-100x100.jpg 100w\" sizes=\"(max-width: 170px) 100vw, 170px\" \/>Conos se\u00f1alizadores para evitar apilamientos:<\/strong> otro de los productos solicitados por los almacenes y que buscan evitar apilamientos de carga. Con su simple instalaci\u00f3n encima de cualquier pal\u00e9, aseguran un indicador en caso de apilamiento muy visual y sencillo.<\/li>\n<\/ul>\n<\/li>\n<\/ul>\n<p>&nbsp;<\/p>\n<ul>\n<li>\n<h3>Embalajes para la expedici\u00f3n de botellas y aceite:<\/h3>\n<p><img loading=\"lazy\" decoding=\"async\" class=\"alignleft wp-image-6145 size-thumbnail\" src=\"https:\/\/www.rajapack.es\/blog-es\/wp-content\/uploads\/2017\/09\/caja-para-aceite-oliva-con-impresion-fragil-motivo-olivo_OFF_ES_0747-1-150x150.jpg\" alt=\"\" width=\"150\" height=\"150\" srcset=\"https:\/\/www.rajapack.es\/blog-es\/wp-content\/uploads\/2017\/09\/caja-para-aceite-oliva-con-impresion-fragil-motivo-olivo_OFF_ES_0747-1-150x150.jpg 150w, https:\/\/www.rajapack.es\/blog-es\/wp-content\/uploads\/2017\/09\/caja-para-aceite-oliva-con-impresion-fragil-motivo-olivo_OFF_ES_0747-1-120x120.jpg 120w, https:\/\/www.rajapack.es\/blog-es\/wp-content\/uploads\/2017\/09\/caja-para-aceite-oliva-con-impresion-fragil-motivo-olivo_OFF_ES_0747-1-225x225.jpg 225w, https:\/\/www.rajapack.es\/blog-es\/wp-content\/uploads\/2017\/09\/caja-para-aceite-oliva-con-impresion-fragil-motivo-olivo_OFF_ES_0747-1-100x100.jpg 100w, https:\/\/www.rajapack.es\/blog-es\/wp-content\/uploads\/2017\/09\/caja-para-aceite-oliva-con-impresion-fragil-motivo-olivo_OFF_ES_0747-1.jpg 300w\" sizes=\"(max-width: 150px) 100vw, 150px\" \/> <img loading=\"lazy\" decoding=\"async\" class=\"alignright wp-image-6146 size-thumbnail\" src=\"https:\/\/www.rajapack.es\/blog-es\/wp-content\/uploads\/2017\/09\/caja-para-aceite-oliva-con-impresion-fragil-motivo-olivo_OFF_ES_0747-150x150.jpg\" alt=\"\" width=\"150\" height=\"150\" srcset=\"https:\/\/www.rajapack.es\/blog-es\/wp-content\/uploads\/2017\/09\/caja-para-aceite-oliva-con-impresion-fragil-motivo-olivo_OFF_ES_0747-150x150.jpg 150w, https:\/\/www.rajapack.es\/blog-es\/wp-content\/uploads\/2017\/09\/caja-para-aceite-oliva-con-impresion-fragil-motivo-olivo_OFF_ES_0747-120x120.jpg 120w, https:\/\/www.rajapack.es\/blog-es\/wp-content\/uploads\/2017\/09\/caja-para-aceite-oliva-con-impresion-fragil-motivo-olivo_OFF_ES_0747-225x225.jpg 225w, https:\/\/www.rajapack.es\/blog-es\/wp-content\/uploads\/2017\/09\/caja-para-aceite-oliva-con-impresion-fragil-motivo-olivo_OFF_ES_0747-100x100.jpg 100w, https:\/\/www.rajapack.es\/blog-es\/wp-content\/uploads\/2017\/09\/caja-para-aceite-oliva-con-impresion-fragil-motivo-olivo_OFF_ES_0747.jpg 300w\" sizes=\"(max-width: 150px) 100vw, 150px\" \/>El aceite es un claro ejemplo de producto utilizado en nuestro pa\u00eds para la exportaci\u00f3n y, aqu\u00ed, el embalaje juega un papel crucial. Hemos conseguido estandarizar los productos m\u00e1s solicitados por varios de nuestros clientes para conseguir unas <strong>cajas para env\u00edo de botellas adaptadas a sus principales envases: Garrafas de 5l, latas de aceite y botellas de aceite en diferentes tama\u00f1os.<\/strong> Protegidos con celdas interiores si hace falta y preparadas para la personalizaci\u00f3n. Estas cajas para aceite ser\u00e1n uno de los productos revelaci\u00f3n del a\u00f1o.<\/li>\n<\/ul>\n<p style=\"padding-left: 30px\">No solo el aceite tiene sus propios embalajes personalizados. Las botellas en general tambi\u00e9n ven llegar un nuevo embalaje que protege a los productos como en una nube: Este mes de septiembre damos la bienvenida a las <strong><a href=\"https:\/\/www.rajapack.es\/cajas-carton-contenedores-cajas-postales\/cajas-para-botellas\/caja-para-botellas-bolsa-tubular-hinchable_OFF_ES_0736.html\" target=\"_blank\" rel=\"noopener noreferrer\">bolsas tubulares hinchables<\/a>.<\/strong> Si bien su uso puede ser m\u00faltiple (proteger en env\u00edos productos fr\u00e1giles como t\u00f3ners, bombillas o similares), muchas son las empresas que han pedido adaptar esta soluci\u00f3n para sus botellas. Incorporando una caja a medida, este embalaje representa una idea \u00fanica para asegurar una entrega perfecta sin incidencias.<img loading=\"lazy\" decoding=\"async\" class=\"size-full wp-image-6147 aligncenter\" src=\"https:\/\/www.rajapack.es\/blog-es\/wp-content\/uploads\/2017\/09\/caja-para-botellas-con-bolsa-tubular-hinchable_OFF_ES_0736.jpg\" alt=\"\" width=\"300\" height=\"300\" srcset=\"https:\/\/www.rajapack.es\/blog-es\/wp-content\/uploads\/2017\/09\/caja-para-botellas-con-bolsa-tubular-hinchable_OFF_ES_0736.jpg 300w, https:\/\/www.rajapack.es\/blog-es\/wp-content\/uploads\/2017\/09\/caja-para-botellas-con-bolsa-tubular-hinchable_OFF_ES_0736-120x120.jpg 120w, https:\/\/www.rajapack.es\/blog-es\/wp-content\/uploads\/2017\/09\/caja-para-botellas-con-bolsa-tubular-hinchable_OFF_ES_0736-150x150.jpg 150w, https:\/\/www.rajapack.es\/blog-es\/wp-content\/uploads\/2017\/09\/caja-para-botellas-con-bolsa-tubular-hinchable_OFF_ES_0736-225x225.jpg 225w, https:\/\/www.rajapack.es\/blog-es\/wp-content\/uploads\/2017\/09\/caja-para-botellas-con-bolsa-tubular-hinchable_OFF_ES_0736-100x100.jpg 100w\" sizes=\"(max-width: 300px) 100vw, 300px\" \/><\/p>\n<ul>\n<li>\n<h3>Bolsas rafia para comercio:<\/h3>\n<p><img loading=\"lazy\" decoding=\"async\" class=\"alignleft size-full wp-image-6144\" src=\"https:\/\/www.rajapack.es\/blog-es\/wp-content\/uploads\/2017\/09\/bolsa-rafia-formato-apaisado-con-asas-flexibles_OFF_ES_0744.jpg\" alt=\"\" width=\"170\" height=\"170\" srcset=\"https:\/\/www.rajapack.es\/blog-es\/wp-content\/uploads\/2017\/09\/bolsa-rafia-formato-apaisado-con-asas-flexibles_OFF_ES_0744.jpg 170w, https:\/\/www.rajapack.es\/blog-es\/wp-content\/uploads\/2017\/09\/bolsa-rafia-formato-apaisado-con-asas-flexibles_OFF_ES_0744-120x120.jpg 120w, https:\/\/www.rajapack.es\/blog-es\/wp-content\/uploads\/2017\/09\/bolsa-rafia-formato-apaisado-con-asas-flexibles_OFF_ES_0744-150x150.jpg 150w, https:\/\/www.rajapack.es\/blog-es\/wp-content\/uploads\/2017\/09\/bolsa-rafia-formato-apaisado-con-asas-flexibles_OFF_ES_0744-100x100.jpg 100w\" sizes=\"(max-width: 170px) 100vw, 170px\" \/>Como bien sab\u00e9is muchos, la nueva normativa sobre el uso de bolsas para comercio est\u00e1 vigente en algunas comunidades y llegar\u00e1, pronto, a toda Espa\u00f1a en 2018. En Rajapack nos adelantamos para ofrecer un abanico amplio de bolsas para tiendas. Entre las novedades, destaca las bolsas para rafia, modelo cl\u00e1sico utilizado en muchos comercios y adaptado y personalizable en Rajapack. Junto a las bolsas de algod\u00f3n, de charol, papel kraft, TNT, pl\u00e1stico o biodegradables, contamos con una de las colecciones de bolsas m\u00e1s extensas del mercado. Todas en stock para una entrega r\u00e1pida si es necesario.<\/li>\n<\/ul>\n<h2>\u00bfNecesitas m\u00e1s datos para solicitar el nuevo cat\u00e1logo de Rajapack?<\/h2>\n<p>\u00a1Ok! Pues te adelantamos una de las novedades que aparecer\u00e1n entre sus p\u00e1ginas\u2026 \u00a1Bajamos los gastos de env\u00edo! Y \u00a1Env\u00edos gratis a partir de 200\u20ac (sin IVA) de compra! Incluso en productos voluminosos, m\u00e1quinas, mesas de embalaje, multitudes de cajas y bolsas, cientos de paquetes de folios, etc. Aprovecho nuestros env\u00edos en 24\/48 horas y por menos. \u00a1Ah! Y si quieres pasarla a buscar por nuestros almacenes, te dejamos preparado el pedido y t\u00fa pasas a recogerlo si lo prefieres con nuestro sistema Click&amp;Collect. Conoce todas nuestras <a href=\"https:\/\/www.rajapack.es\/servicios\/entrega_cms_000004.html\">formas de env\u00edo y recogido de pedidos<\/a>\u00a0y escoge la que mejor se adapta a ti.<\/p>\n<p>&nbsp;<\/p>\n<h2>Descubre nuestra nueva secci\u00f3n para solicitar tu cat\u00e1logo de Rajapack:<\/h2>\n<p>S\u00ed, porque no solo tenemos uno. Entra en nuestra nueva secci\u00f3n para<a href=\"https:\/\/www.rajapack.es\/catalogues.html\" target=\"_blank\" rel=\"noopener noreferrer\"> solicitud de cat\u00e1logos de Rajapack<\/a> y descubre, adem\u00e1s de nuestro \u00faltimo n\u00famero general, nuestra selecci\u00f3n de productos solo para almac\u00e9n, para comercio o el especial para m\u00e1quinas y sistemas de embalaje. Escoge si prefieres recibir el formato digital (PDF) o quieres obtener tu copia. Te la enviamos nosotros. Gratis \ud83d\ude09<\/p>\n<p><a href=\"https:\/\/www.rajapack.es\/catalogues.html\" target=\"_blank\" rel=\"noopener noreferrer\"><img loading=\"lazy\" decoding=\"async\" class=\"aligncenter wp-image-6142 size-full\" title=\"cat\u00e1logo Rajapack\" src=\"https:\/\/www.rajapack.es\/blog-es\/wp-content\/uploads\/2017\/09\/solicitar-catalogo-rajapack.jpg\" alt=\"\" width=\"850\" height=\"450\" srcset=\"https:\/\/www.rajapack.es\/blog-es\/wp-content\/uploads\/2017\/09\/solicitar-catalogo-rajapack.jpg 850w, https:\/\/www.rajapack.es\/blog-es\/wp-content\/uploads\/2017\/09\/solicitar-catalogo-rajapack-430x228.jpg 430w, https:\/\/www.rajapack.es\/blog-es\/wp-content\/uploads\/2017\/09\/solicitar-catalogo-rajapack-768x407.jpg 768w, https:\/\/www.rajapack.es\/blog-es\/wp-content\/uploads\/2017\/09\/solicitar-catalogo-rajapack-375x199.jpg 375w\" sizes=\"(max-width: 850px) 100vw, 850px\" \/><\/a><\/p>\n","protected":false},"excerpt":{"rendered":"<p>396 p\u00e1ginas repletas de novedades en nuestro \u00faltimo cat\u00e1logo de Rajapack. Encuentra todo lo que tu empresa necesita en material de embalaje y productos para el almac\u00e9n o el comercio. [&#8230;]<\/p>\n","protected":false},"author":21,"featured_media":7112,"comment_status":"open","ping_status":"open","sticky":false,"template":"","format":"standard","meta":{"_acf_changed":false,"footnotes":""},"categories":[6],"tags":[63],"class_list":["post-6128","post","type-post","status-publish","format-standard","has-post-thumbnail","hentry","category-noticias","tag-catalogo"],"acf":[],"yoast_head":"\n<title>Solicita el nuevo cat\u00e1logo de Rajapack \u00a1Ya disponible! RAJAPACK<\/title>\n<meta name=\"description\" content=\"Nuestro nuevo cat\u00e1logo tiene 396 p\u00e1ginas con todos los productos de embalaje que pueda necesitar tu empresa o ecommerce. Lo puedes solicitar en papel o descargar. \u00a1Sorpr\u00e9ndete con nuestras novedades!\" \/>\n<meta name=\"robots\" content=\"index, follow, max-snippet:-1, max-image-preview:large, max-video-preview:-1\" \/>\n<link rel=\"canonical\" href=\"https:\/\/www.rajapack.es\/blog-es\/solicita-nuevo-catalogo-rajapack-ya-disponible\" \/>\n<meta property=\"og:locale\" content=\"es_ES\" \/>\n<meta property=\"og:type\" content=\"article\" \/>\n<meta property=\"og:title\" content=\"Solicita el nuevo cat\u00e1logo de Rajapack \u00a1Ya disponible! RAJAPACK\" \/>\n<meta property=\"og:description\" content=\"Nuestro nuevo cat\u00e1logo tiene 396 p\u00e1ginas con todos los productos de embalaje que pueda necesitar tu empresa o ecommerce. Lo puedes solicitar en papel o descargar. \u00a1Sorpr\u00e9ndete con nuestras novedades!\" \/>\n<meta property=\"og:url\" content=\"https:\/\/www.rajapack.es\/blog-es\/solicita-nuevo-catalogo-rajapack-ya-disponible\" \/>\n<meta property=\"og:site_name\" content=\"RAJAPACK Blog | Consejos de embalaje, log\u00edstica y m\u00e1s\" \/>\n<meta property=\"article:publisher\" content=\"https:\/\/www.facebook.com\/Rajapack.es\" \/>\n<meta property=\"article:published_time\" content=\"2017-09-04T15:37:15+00:00\" \/>\n<meta property=\"article:modified_time\" content=\"2018-05-15T10:29:21+00:00\" \/>\n<meta property=\"og:image\" content=\"https:\/\/www.rajapack.es\/blog-es\/wp-content\/uploads\/2017\/09\/fb-ads-rajapack-catalogo-0917-1.jpg\" \/>\n\t<meta property=\"og:image:width\" content=\"850\" \/>\n\t<meta property=\"og:image:height\" content=\"450\" \/>\n\t<meta property=\"og:image:type\" content=\"image\/jpeg\" \/>\n<meta name=\"author\" content=\"Victor Perez\" \/>\n<meta name=\"twitter:card\" content=\"summary_large_image\" \/>\n<meta name=\"twitter:creator\" content=\"@RajapackES\" \/>\n<meta name=\"twitter:site\" content=\"@RajapackES\" \/>\n<meta name=\"twitter:label1\" content=\"Escrito por\" \/>\n\t<meta name=\"twitter:data1\" content=\"Victor Perez\" \/>\n\t<meta name=\"twitter:label2\" content=\"Tiempo de lectura\" \/>\n\t<meta name=\"twitter:data2\" content=\"7 minutos\" \/>\n<script type=\"application\/ld+json\" class=\"yoast-schema-graph\">{\n\t    \"@context\": \"https:\/\/schema.org\",\n\t    \"@graph\": [\n\t        {\n\t            \"@type\": \"Article\",\n\t            \"@id\": \"https:\/\/www.rajapack.es\/blog-es\/solicita-nuevo-catalogo-rajapack-ya-disponible#article\",\n\t            \"isPartOf\": {\n\t                \"@id\": \"https:\/\/www.rajapack.es\/blog-es\/solicita-nuevo-catalogo-rajapack-ya-disponible\"\n\t            },\n\t            \"author\": {\n\t                \"name\": \"Victor Perez\",\n\t                \"@id\": \"https:\/\/www.rajapack.es\/blog-es\/#\/schema\/person\/fd906758d90ebc74ad7e05e7bd1e0ee9\"\n\t            },\n\t            \"headline\": \"Solicita el nuevo cat\u00e1logo de Rajapack \u00a1Ya disponible!\",\n\t            \"datePublished\": \"2017-09-04T15:37:15+00:00\",\n\t            \"dateModified\": \"2018-05-15T10:29:21+00:00\",\n\t            \"mainEntityOfPage\": {\n\t                \"@id\": \"https:\/\/www.rajapack.es\/blog-es\/solicita-nuevo-catalogo-rajapack-ya-disponible\"\n\t            },\n\t            \"wordCount\": 1364,\n\t            \"commentCount\": 0,\n\t            \"publisher\": {\n\t                \"@id\": \"https:\/\/www.rajapack.es\/blog-es\/#organization\"\n\t            },\n\t            \"image\": {\n\t                \"@id\": \"https:\/\/www.rajapack.es\/blog-es\/solicita-nuevo-catalogo-rajapack-ya-disponible#primaryimage\"\n\t            },\n\t            \"thumbnailUrl\": \"https:\/\/www.rajapack.es\/blog-es\/wp-content\/uploads\/2017\/09\/fb-ads-rajapack-catalogo-0917-1.jpg\",\n\t            \"keywords\": [\n\t                \"Cat\u00e1logo\"\n\t            ],\n\t            \"articleSection\": [\n\t                \"Noticias y eventos\"\n\t            ],\n\t            \"inLanguage\": \"es\",\n\t            \"potentialAction\": [\n\t                {\n\t                    \"@type\": \"CommentAction\",\n\t                    \"name\": \"Comment\",\n\t                    \"target\": [\n\t                        \"https:\/\/www.rajapack.es\/blog-es\/solicita-nuevo-catalogo-rajapack-ya-disponible#respond\"\n\t                    ]\n\t                }\n\t            ]\n\t        },\n\t        {\n\t            \"@type\": \"WebPage\",\n\t            \"@id\": \"https:\/\/www.rajapack.es\/blog-es\/solicita-nuevo-catalogo-rajapack-ya-disponible\",\n\t            \"url\": \"https:\/\/www.rajapack.es\/blog-es\/solicita-nuevo-catalogo-rajapack-ya-disponible\",\n\t            \"name\": \"Solicita el nuevo cat\u00e1logo de Rajapack \u00a1Ya disponible! RAJAPACK\",\n\t            \"isPartOf\": {\n\t                \"@id\": \"https:\/\/www.rajapack.es\/blog-es\/#website\"\n\t            },\n\t            \"primaryImageOfPage\": {\n\t                \"@id\": \"https:\/\/www.rajapack.es\/blog-es\/solicita-nuevo-catalogo-rajapack-ya-disponible#primaryimage\"\n\t            },\n\t            \"image\": {\n\t                \"@id\": \"https:\/\/www.rajapack.es\/blog-es\/solicita-nuevo-catalogo-rajapack-ya-disponible#primaryimage\"\n\t            },\n\t            \"thumbnailUrl\": \"https:\/\/www.rajapack.es\/blog-es\/wp-content\/uploads\/2017\/09\/fb-ads-rajapack-catalogo-0917-1.jpg\",\n\t            \"datePublished\": \"2017-09-04T15:37:15+00:00\",\n\t            \"dateModified\": \"2018-05-15T10:29:21+00:00\",\n\t            \"description\": \"Nuestro nuevo cat\u00e1logo tiene 396 p\u00e1ginas con todos los productos de embalaje que pueda necesitar tu empresa o ecommerce. Lo puedes solicitar en papel o descargar. \u00a1Sorpr\u00e9ndete con nuestras novedades!\",\n\t            \"inLanguage\": \"es\",\n\t            \"potentialAction\": [\n\t                {\n\t                    \"@type\": \"ReadAction\",\n\t                    \"target\": [\n\t                        \"https:\/\/www.rajapack.es\/blog-es\/solicita-nuevo-catalogo-rajapack-ya-disponible\"\n\t                    ]\n\t                }\n\t            ]\n\t        },\n\t        {\n\t            \"@type\": \"ImageObject\",\n\t            \"inLanguage\": \"es\",\n\t            \"@id\": \"https:\/\/www.rajapack.es\/blog-es\/solicita-nuevo-catalogo-rajapack-ya-disponible#primaryimage\",\n\t            \"url\": \"https:\/\/www.rajapack.es\/blog-es\/wp-content\/uploads\/2017\/09\/fb-ads-rajapack-catalogo-0917-1.jpg\",\n\t            \"contentUrl\": \"https:\/\/www.rajapack.es\/blog-es\/wp-content\/uploads\/2017\/09\/fb-ads-rajapack-catalogo-0917-1.jpg\",\n\t            \"width\": 850,\n\t            \"height\": 450\n\t        },\n\t        {\n\t            \"@type\": \"WebSite\",\n\t            \"@id\": \"https:\/\/www.rajapack.es\/blog-es\/#website\",\n\t            \"url\": \"https:\/\/www.rajapack.es\/blog-es\/\",\n\t            \"name\": \"RAJAPACK Blog | Consejos de embalaje, log\u00edstica y m\u00e1s\",\n\t            \"description\": \"Consejos de embalaje, logistica y m\u00e1s\",\n\t            \"publisher\": {\n\t                \"@id\": \"https:\/\/www.rajapack.es\/blog-es\/#organization\"\n\t            },\n\t            \"potentialAction\": [\n\t                {\n\t                    \"@type\": \"SearchAction\",\n\t                    \"target\": {\n\t                        \"@type\": \"EntryPoint\",\n\t                        \"urlTemplate\": \"https:\/\/www.rajapack.es\/blog-es\/?s={search_term_string}\"\n\t                    },\n\t                    \"query-input\": {\n\t                        \"@type\": \"PropertyValueSpecification\",\n\t                        \"valueRequired\": true,\n\t                        \"valueName\": \"search_term_string\"\n\t                    }\n\t                }\n\t            ],\n\t            \"inLanguage\": \"es\"\n\t        },\n\t        {\n\t            \"@type\": \"Organization\",\n\t            \"@id\": \"https:\/\/www.rajapack.es\/blog-es\/#organization\",\n\t            \"name\": \"RAJA ES\",\n\t            \"url\": \"https:\/\/www.rajapack.es\/blog-es\/\",\n\t            \"logo\": {\n\t                \"@type\": \"ImageObject\",\n\t                \"inLanguage\": \"es\",\n\t                \"@id\": \"https:\/\/www.rajapack.es\/blog-es\/#\/schema\/logo\/image\/\",\n\t                \"url\": \"https:\/\/www.rajapack.es\/blog-es\/wp-content\/uploads\/2021\/10\/logo-mobile@3x.png\",\n\t                \"contentUrl\": \"https:\/\/www.rajapack.es\/blog-es\/wp-content\/uploads\/2021\/10\/logo-mobile@3x.png\",\n\t                \"width\": 534,\n\t                \"height\": 114,\n\t                \"caption\": \"RAJA ES\"\n\t            },\n\t            \"image\": {\n\t                \"@id\": \"https:\/\/www.rajapack.es\/blog-es\/#\/schema\/logo\/image\/\"\n\t            },\n\t            \"sameAs\": [\n\t                \"https:\/\/www.facebook.com\/Rajapack.es\",\n\t                \"https:\/\/x.com\/RajapackES\",\n\t                \"https:\/\/www.linkedin.com\/company\/rajapack-spain\/\",\n\t                \"https:\/\/www.youtube.com\/user\/RajapackES\"\n\t            ]\n\t        },\n\t        {\n\t            \"@type\": \"Person\",\n\t            \"@id\": \"https:\/\/www.rajapack.es\/blog-es\/#\/schema\/person\/fd906758d90ebc74ad7e05e7bd1e0ee9\",\n\t            \"name\": \"Victor Perez\",\n\t            \"image\": {\n\t                \"@type\": \"ImageObject\",\n\t                \"inLanguage\": \"es\",\n\t                \"@id\": \"https:\/\/www.rajapack.es\/blog-es\/#\/schema\/person\/image\/\",\n\t                \"url\": \"https:\/\/secure.gravatar.com\/avatar\/d0d8096668b087ab3f0237abbd9b803b?s=96&d=mm&r=g\",\n\t                \"contentUrl\": \"https:\/\/secure.gravatar.com\/avatar\/d0d8096668b087ab3f0237abbd9b803b?s=96&d=mm&r=g\",\n\t                \"caption\": \"Victor Perez\"\n\t            },\n\t            \"description\": \"Web Marketer Junior\",\n\t            \"url\": \"https:\/\/www.rajapack.es\/blog-es\/author\/vperez\"\n\t        }\n\t    ]\n\t}<\/script>\n","yoast_head_json":{"title":"Solicita el nuevo cat\u00e1logo de Rajapack \u00a1Ya disponible! RAJAPACK","description":"Nuestro nuevo cat\u00e1logo tiene 396 p\u00e1ginas con todos los productos de embalaje que pueda necesitar tu empresa o ecommerce. Lo puedes solicitar en papel o descargar. \u00a1Sorpr\u00e9ndete con nuestras novedades!","robots":{"index":"index","follow":"follow","max-snippet":"max-snippet:-1","max-image-preview":"max-image-preview:large","max-video-preview":"max-video-preview:-1"},"canonical":"https:\/\/www.rajapack.es\/blog-es\/solicita-nuevo-catalogo-rajapack-ya-disponible","og_locale":"es_ES","og_type":"article","og_title":"Solicita el nuevo cat\u00e1logo de Rajapack \u00a1Ya disponible! RAJAPACK","og_description":"Nuestro nuevo cat\u00e1logo tiene 396 p\u00e1ginas con todos los productos de embalaje que pueda necesitar tu empresa o ecommerce. Lo puedes solicitar en papel o descargar. \u00a1Sorpr\u00e9ndete con nuestras novedades!","og_url":"https:\/\/www.rajapack.es\/blog-es\/solicita-nuevo-catalogo-rajapack-ya-disponible","og_site_name":"RAJAPACK Blog | Consejos de embalaje, log\u00edstica y m\u00e1s","article_publisher":"https:\/\/www.facebook.com\/Rajapack.es","article_published_time":"2017-09-04T15:37:15+00:00","article_modified_time":"2018-05-15T10:29:21+00:00","og_image":[{"width":850,"height":450,"url":"https:\/\/www.rajapack.es\/blog-es\/wp-content\/uploads\/2017\/09\/fb-ads-rajapack-catalogo-0917-1.jpg","type":"image\/jpeg"}],"author":"Victor Perez","twitter_card":"summary_large_image","twitter_creator":"@RajapackES","twitter_site":"@RajapackES","twitter_misc":{"Escrito por":"Victor Perez","Tiempo de lectura":"7 minutos"},"schema":{"@context":"https:\/\/schema.org","@graph":[{"@type":"Article","@id":"https:\/\/www.rajapack.es\/blog-es\/solicita-nuevo-catalogo-rajapack-ya-disponible#article","isPartOf":{"@id":"https:\/\/www.rajapack.es\/blog-es\/solicita-nuevo-catalogo-rajapack-ya-disponible"},"author":{"name":"Victor Perez","@id":"https:\/\/www.rajapack.es\/blog-es\/#\/schema\/person\/fd906758d90ebc74ad7e05e7bd1e0ee9"},"headline":"Solicita el nuevo cat\u00e1logo de Rajapack \u00a1Ya disponible!","datePublished":"2017-09-04T15:37:15+00:00","dateModified":"2018-05-15T10:29:21+00:00","mainEntityOfPage":{"@id":"https:\/\/www.rajapack.es\/blog-es\/solicita-nuevo-catalogo-rajapack-ya-disponible"},"wordCount":1364,"commentCount":0,"publisher":{"@id":"https:\/\/www.rajapack.es\/blog-es\/#organization"},"image":{"@id":"https:\/\/www.rajapack.es\/blog-es\/solicita-nuevo-catalogo-rajapack-ya-disponible#primaryimage"},"thumbnailUrl":"https:\/\/www.rajapack.es\/blog-es\/wp-content\/uploads\/2017\/09\/fb-ads-rajapack-catalogo-0917-1.jpg","keywords":["Cat\u00e1logo"],"articleSection":["Noticias y eventos"],"inLanguage":"es","potentialAction":[{"@type":"CommentAction","name":"Comment","target":["https:\/\/www.rajapack.es\/blog-es\/solicita-nuevo-catalogo-rajapack-ya-disponible#respond"]}]},{"@type":"WebPage","@id":"https:\/\/www.rajapack.es\/blog-es\/solicita-nuevo-catalogo-rajapack-ya-disponible","url":"https:\/\/www.rajapack.es\/blog-es\/solicita-nuevo-catalogo-rajapack-ya-disponible","name":"Solicita el nuevo cat\u00e1logo de Rajapack \u00a1Ya disponible! RAJAPACK","isPartOf":{"@id":"https:\/\/www.rajapack.es\/blog-es\/#website"},"primaryImageOfPage":{"@id":"https:\/\/www.rajapack.es\/blog-es\/solicita-nuevo-catalogo-rajapack-ya-disponible#primaryimage"},"image":{"@id":"https:\/\/www.rajapack.es\/blog-es\/solicita-nuevo-catalogo-rajapack-ya-disponible#primaryimage"},"thumbnailUrl":"https:\/\/www.rajapack.es\/blog-es\/wp-content\/uploads\/2017\/09\/fb-ads-rajapack-catalogo-0917-1.jpg","datePublished":"2017-09-04T15:37:15+00:00","dateModified":"2018-05-15T10:29:21+00:00","description":"Nuestro nuevo cat\u00e1logo tiene 396 p\u00e1ginas con todos los productos de embalaje que pueda necesitar tu empresa o ecommerce. Lo puedes solicitar en papel o descargar. \u00a1Sorpr\u00e9ndete con nuestras novedades!","inLanguage":"es","potentialAction":[{"@type":"ReadAction","target":["https:\/\/www.rajapack.es\/blog-es\/solicita-nuevo-catalogo-rajapack-ya-disponible"]}]},{"@type":"ImageObject","inLanguage":"es","@id":"https:\/\/www.rajapack.es\/blog-es\/solicita-nuevo-catalogo-rajapack-ya-disponible#primaryimage","url":"https:\/\/www.rajapack.es\/blog-es\/wp-content\/uploads\/2017\/09\/fb-ads-rajapack-catalogo-0917-1.jpg","contentUrl":"https:\/\/www.rajapack.es\/blog-es\/wp-content\/uploads\/2017\/09\/fb-ads-rajapack-catalogo-0917-1.jpg","width":850,"height":450},{"@type":"WebSite","@id":"https:\/\/www.rajapack.es\/blog-es\/#website","url":"https:\/\/www.rajapack.es\/blog-es\/","name":"RAJAPACK Blog | Consejos de embalaje, log\u00edstica y m\u00e1s","description":"Consejos de embalaje, logistica y m\u00e1s","publisher":{"@id":"https:\/\/www.rajapack.es\/blog-es\/#organization"},"potentialAction":[{"@type":"SearchAction","target":{"@type":"EntryPoint","urlTemplate":"https:\/\/www.rajapack.es\/blog-es\/?s={search_term_string}"},"query-input":{"@type":"PropertyValueSpecification","valueRequired":true,"valueName":"search_term_string"}}],"inLanguage":"es"},{"@type":"Organization","@id":"https:\/\/www.rajapack.es\/blog-es\/#organization","name":"RAJA ES","url":"https:\/\/www.rajapack.es\/blog-es\/","logo":{"@type":"ImageObject","inLanguage":"es","@id":"https:\/\/www.rajapack.es\/blog-es\/#\/schema\/logo\/image\/","url":"https:\/\/www.rajapack.es\/blog-es\/wp-content\/uploads\/2021\/10\/logo-mobile@3x.png","contentUrl":"https:\/\/www.rajapack.es\/blog-es\/wp-content\/uploads\/2021\/10\/logo-mobile@3x.png","width":534,"height":114,"caption":"RAJA ES"},"image":{"@id":"https:\/\/www.rajapack.es\/blog-es\/#\/schema\/logo\/image\/"},"sameAs":["https:\/\/www.facebook.com\/Rajapack.es","https:\/\/x.com\/RajapackES","https:\/\/www.linkedin.com\/company\/rajapack-spain\/","https:\/\/www.youtube.com\/user\/RajapackES"]},{"@type":"Person","@id":"https:\/\/www.rajapack.es\/blog-es\/#\/schema\/person\/fd906758d90ebc74ad7e05e7bd1e0ee9","name":"Victor Perez","image":{"@type":"ImageObject","inLanguage":"es","@id":"https:\/\/www.rajapack.es\/blog-es\/#\/schema\/person\/image\/","url":"https:\/\/secure.gravatar.com\/avatar\/d0d8096668b087ab3f0237abbd9b803b?s=96&d=mm&r=g","contentUrl":"https:\/\/secure.gravatar.com\/avatar\/d0d8096668b087ab3f0237abbd9b803b?s=96&d=mm&r=g","caption":"Victor Perez"},"description":"Web Marketer Junior","url":"https:\/\/www.rajapack.es\/blog-es\/author\/vperez"}]}},"_links":{"self":[{"href":"https:\/\/www.rajapack.es\/blog-es\/wp-json\/wp\/v2\/posts\/6128"}],"collection":[{"href":"https:\/\/www.rajapack.es\/blog-es\/wp-json\/wp\/v2\/posts"}],"about":[{"href":"https:\/\/www.rajapack.es\/blog-es\/wp-json\/wp\/v2\/types\/post"}],"author":[{"embeddable":true,"href":"https:\/\/www.rajapack.es\/blog-es\/wp-json\/wp\/v2\/users\/21"}],"replies":[{"embeddable":true,"href":"https:\/\/www.rajapack.es\/blog-es\/wp-json\/wp\/v2\/comments?post=6128"}],"version-history":[{"count":0,"href":"https:\/\/www.rajapack.es\/blog-es\/wp-json\/wp\/v2\/posts\/6128\/revisions"}],"wp:featuredmedia":[{"embeddable":true,"href":"https:\/\/www.rajapack.es\/blog-es\/wp-json\/wp\/v2\/media\/7112"}],"wp:attachment":[{"href":"https:\/\/www.rajapack.es\/blog-es\/wp-json\/wp\/v2\/media?parent=6128"}],"wp:term":[{"taxonomy":"category","embeddable":true,"href":"https:\/\/www.rajapack.es\/blog-es\/wp-json\/wp\/v2\/categories?post=6128"},{"taxonomy":"post_tag","embeddable":true,"href":"https:\/\/www.rajapack.es\/blog-es\/wp-json\/wp\/v2\/tags?post=6128"}],"curies":[{"name":"wp","href":"https:\/\/api.w.org\/{rel}","templated":true}]}}