{"id":6265,"date":"2023-10-09T11:41:00","date_gmt":"2023-10-09T09:41:00","guid":{"rendered":"https:\/\/blog-staging-es.raja-group.com\/?p=6265"},"modified":"2025-05-21T15:26:45","modified_gmt":"2025-05-21T13:26:45","slug":"embalajes-y-cajas-isotermicas","status":"publish","type":"post","link":"https:\/\/www.rajapack.es\/blog-es\/embalajes-y-cajas-isotermicas","title":{"rendered":"Embalaje isot\u00e9rmico: \u00bfCu\u00e1l se adapta mejor a tu producto y cliente?"},"content":{"rendered":"\n<p>La industria farmac\u00e9utica y alimentaria, son dos de los sectores que presentan m\u00e1s desaf\u00edos a la hora de vender productos por internet. Porque adem\u00e1s de cuidar la presentaci\u00f3n de sus env\u00edos, deben vigilar que la temperatura a la que han estado expuestos haya sido la correcta. <\/p>\n\n\n\n<p>En RAJAPACK sabemos lo importante que es para los clientes controlar la temperatura de los productos que se env\u00edan. Es por ello, que la gama de embalaje aislante sigue en alza. <\/p>\n\n\n\n<p>Si tienes un ecommerce que utiliza <a href=\"https:\/\/www.rajapack.es\/cajas-carton-contenedores-cajas-postales\/cajas-isotermicas_C108010.html?query=acumuladores%20de%20fr%C3%ADo&amp;SearchCat=suggested&amp;SearchQuery=acumuladores%20de%20fr%C3%ADo\" target=\"_blank\" rel=\"noreferrer noopener\">acumuladores de fr\u00edo<\/a>, cajas, bolsas y\/o pl\u00e1stico de burbuja isot\u00e9rmico, \u00a1este post te interesa! Es que os ense\u00f1aremos todas las referencias de cat\u00e1logo que son la soluci\u00f3n que estabais buscando, para cuidar la cadena del fr\u00edo de vuestras entregas y potenciar, de esta forma, la experiencia del cliente.<\/p>\n\n\n\n<h2 class=\"wp-block-heading\"><a href=\"https:\/\/www.rajapack.es\/cajas-carton-contenedores-cajas-postales\/cajas-para-productos-sensibles-peligrosos\/caja-4-solapas-isotermica_OFF_ES_0700.html\" target=\"_blank\" rel=\"noreferrer noopener\">1.- Cajas de cart\u00f3n isot\u00e9rmicas para env\u00edos:<\/a><\/h2>\n\n\n<div class=\"wp-block-image\">\n<figure class=\"alignright\"><img loading=\"lazy\" decoding=\"async\" width=\"225\" height=\"225\" src=\"https:\/\/www.rajapack.es\/blog-es\/wp-content\/uploads\/2017\/10\/caja-isotermica-4-solapas_OFF_ES_0700-225x225.jpg\" alt=\"caja isot\u00e9rmica americana\" class=\"wp-image-6352\" title=\"caja isot\u00e9rmica americana\" srcset=\"https:\/\/www.rajapack.es\/blog-es\/wp-content\/uploads\/2017\/10\/caja-isotermica-4-solapas_OFF_ES_0700-225x225.jpg 225w, https:\/\/www.rajapack.es\/blog-es\/wp-content\/uploads\/2017\/10\/caja-isotermica-4-solapas_OFF_ES_0700-120x120.jpg 120w, https:\/\/www.rajapack.es\/blog-es\/wp-content\/uploads\/2017\/10\/caja-isotermica-4-solapas_OFF_ES_0700-150x150.jpg 150w, https:\/\/www.rajapack.es\/blog-es\/wp-content\/uploads\/2017\/10\/caja-isotermica-4-solapas_OFF_ES_0700-100x100.jpg 100w, https:\/\/www.rajapack.es\/blog-es\/wp-content\/uploads\/2017\/10\/caja-isotermica-4-solapas_OFF_ES_0700.jpg 300w\" sizes=\"(max-width: 225px) 100vw, 225px\" \/><\/figure><\/div>\n\n\n<p>S\u00ed, las cajas postales ahora tambi\u00e9n son isot\u00e9rmicas. El auge de las cajas postales deb\u00eda tener presencia tambi\u00e9n en la cadena de fr\u00edo. M\u00e1s aun, teniendo en cuenta el crecimiento de <strong>mercados como el env\u00edo de alimentos y productos frescos o la farmac\u00e9utica.<\/strong> La caja americana isot\u00e9rmica Isostar incorpora solapas que se superponen a la perfecci\u00f3n y permiten ser cerradas con un simple paso de un adhesivo, asegurando la temperatura en todo momento. <\/p>\n\n\n\n<ul class=\"wp-block-list\">\n<li>Mantiene la temperatura entre 2\u00ba y 8\u00ba hasta 24 horas. En funci\u00f3n del acumulador utilizado.<\/li>\n<\/ul>\n\n\n\n<h2 class=\"wp-block-heading\"><a href=\"https:\/\/www.rajapack.es\/cajas-carton-contenedores-cajas-postales\/cajas-isotermicas_C108010.html?query=acumuladores%20de%20fr%C3%ADo&amp;SearchCat=suggested&amp;SearchQuery=acumuladores%20de%20fr%C3%ADo\">2.-Acumuladores de fr\u00edo:<\/a><\/h2>\n\n\n\n<p>Si te fijas, la resistencia al variar las temperaturas y el tiempo en el que se mantenga la cadena de fr\u00edo no es cosa solo de la caja isot\u00e9rmica, sino que tambi\u00e9n depende de los acumuladores.<\/p>\n\n\n\n<h4 class=\"wp-block-heading\"><strong>\u00bfQu\u00e9 es un acumulador de fr\u00edo?<\/strong><\/h4>\n\n\n\n<p>Se trata de bolsas o recipientes con base de gel eut\u00e9ctico no t\u00f3xico que se usa para el mantenimiento de temperaturas positivas.<\/p>\n\n\n\n<p><strong>\u00bfC\u00f3mo se usa?<\/strong> se congela en un congelador convencional a -20\u00baC y, una vez se vaya a aplicar, situar en la parte inferior y superior de las cajas isot\u00e9rmicas.<\/p>\n\n\n\n<p><strong>\u00bfSon reutilizables?<\/strong> S\u00ed, una vez utilizadas se pueden volver a congelar y ejercer\u00e1n la misma funci\u00f3n con la misma eficacia.<\/p>\n\n\n\n<div class=\"wp-block-columns are-vertically-aligned-bottom is-layout-flex wp-container-core-columns-is-layout-1 wp-block-columns-is-layout-flex\">\n<div class=\"wp-block-column is-vertically-aligned-bottom is-layout-flow wp-block-column-is-layout-flow\" style=\"flex-basis:100%\">\n<figure class=\"wp-block-table is-style-regular\"><table><tbody><tr><td><a href=\"https:\/\/www.rajapack.es\/cajas-carton-contenedores-cajas-postales\/cajas-para-productos-sensibles-peligrosos\/acumuladores-rigidos-frio-caja-isotermica_OFF_ES_0702.html\" target=\"_blank\" rel=\"noreferrer noopener\"><strong>Acumulador de fr\u00edo r\u00edgidos para caja isot\u00e9rmica<\/strong>:<\/a><br>Acumuladores positivos a base de gel eut\u00e9ctico no t\u00f3xico, para el mantenimiento de temperaturas positivas.<br><br>Est\u00e1 fabricado en polietileno r\u00edgido de baja densidad resistente a los impactos y reciclable.<br><br>Se debe refrigerar antes de cada uso en un congelador convencional a -20\u00baC.<\/td><td><img loading=\"lazy\" decoding=\"async\" width=\"400\" height=\"400\" class=\"wp-image-6348\" style=\"width: 400px;\" src=\"https:\/\/www.rajapack.es\/blog-es\/wp-content\/uploads\/2017\/10\/acumulador-rigido-frio-para-caja-isotermica_OFF_ES_0702.jpg\" alt=\"\" srcset=\"https:\/\/www.rajapack.es\/blog-es\/wp-content\/uploads\/2017\/10\/acumulador-rigido-frio-para-caja-isotermica_OFF_ES_0702.jpg 300w, https:\/\/www.rajapack.es\/blog-es\/wp-content\/uploads\/2017\/10\/acumulador-rigido-frio-para-caja-isotermica_OFF_ES_0702-120x120.jpg 120w, https:\/\/www.rajapack.es\/blog-es\/wp-content\/uploads\/2017\/10\/acumulador-rigido-frio-para-caja-isotermica_OFF_ES_0702-150x150.jpg 150w, https:\/\/www.rajapack.es\/blog-es\/wp-content\/uploads\/2017\/10\/acumulador-rigido-frio-para-caja-isotermica_OFF_ES_0702-225x225.jpg 225w, https:\/\/www.rajapack.es\/blog-es\/wp-content\/uploads\/2017\/10\/acumulador-rigido-frio-para-caja-isotermica_OFF_ES_0702-100x100.jpg 100w\" sizes=\"(max-width: 400px) 100vw, 400px\" \/><\/td><\/tr><tr><td><a href=\"https:\/\/www.rajapack.es\/cajas-carton-contenedores-cajas-postales\/cajas-para-productos-sensibles-peligrosos\/acumuladores-frio-caja-isotermica_PDT270580.html\" target=\"_blank\" rel=\"noreferrer noopener\">Acumuladores de fr\u00edo flexibles para caja isot\u00e9rmica&nbsp;<\/a><br>Acumuladores positivos a base de gel eut\u00e9ctico no t\u00f3xico, para el mantenimiento de temperaturas positivas.<br><br>Est\u00e1 fabricado a partir de un complejo aluminizado altamente resistente, adaptable a la forma de su producto durante su fase l\u00edquida.<br><br>Se debe refrigerar antes de cada uso en un congelador convencional a -20\u00baC.<\/td><td><img loading=\"lazy\" decoding=\"async\" width=\"400\" height=\"400\" class=\"wp-image-15360\" style=\"width: 400px;\" src=\"https:\/\/www.rajapack.es\/blog-es\/wp-content\/uploads\/2022\/11\/acumuladores-frio-flexibles-para-caja-isotermica_PDT270580.webp\" alt=\"Acumulador de fr\u00edo para caja isot\u00e9rmica\" srcset=\"https:\/\/www.rajapack.es\/blog-es\/wp-content\/uploads\/2022\/11\/acumuladores-frio-flexibles-para-caja-isotermica_PDT270580.webp 410w, https:\/\/www.rajapack.es\/blog-es\/wp-content\/uploads\/2022\/11\/acumuladores-frio-flexibles-para-caja-isotermica_PDT270580-150x150.webp 150w, https:\/\/www.rajapack.es\/blog-es\/wp-content\/uploads\/2022\/11\/acumuladores-frio-flexibles-para-caja-isotermica_PDT270580-120x120.webp 120w\" sizes=\"(max-width: 400px) 100vw, 400px\" \/><\/td><\/tr><tr><td><a href=\"https:\/\/www.rajapack.es\/cajas-carton-contenedores-cajas-postales\/cajas-para-productos-sensibles-peligrosos\/acumuladores-frio-ecologicos-Recycold_OFF_ES_1443.html\" target=\"_blank\" rel=\"noreferrer noopener\">Acumulador de fr\u00edo flexible en papel kraft RecyCold\u2122&nbsp;<\/a><br>Se adapta perfectamente al contenido.<br>Es pr\u00e1ctico y reutilizable, o apto para un solo uso.<br>La temperatura de congelaci\u00f3n es aproximadamente de -18\u00baC y se puede utilizar para mantener temperaturas de entre +2 y +8\u00baC, y de entre -2 y -5\u00baC.<br>Contiene un gel refrigerante 100% biodegradable, por lo que es apto para el contacto indirecto con los alimentos.<\/td><td><img loading=\"lazy\" decoding=\"async\" width=\"300\" height=\"225\" class=\"wp-image-17365\" style=\"width: 300px;\" src=\"https:\/\/www.rajapack.es\/blog-es\/wp-content\/uploads\/2023\/10\/Diseno-sin-titulo-12-edited-1.webp\" alt=\"\" srcset=\"https:\/\/www.rajapack.es\/blog-es\/wp-content\/uploads\/2023\/10\/Diseno-sin-titulo-12-edited-1.webp 1080w, https:\/\/www.rajapack.es\/blog-es\/wp-content\/uploads\/2023\/10\/Diseno-sin-titulo-12-edited-1-430x323.webp 430w, https:\/\/www.rajapack.es\/blog-es\/wp-content\/uploads\/2023\/10\/Diseno-sin-titulo-12-edited-1-1024x768.webp 1024w, https:\/\/www.rajapack.es\/blog-es\/wp-content\/uploads\/2023\/10\/Diseno-sin-titulo-12-edited-1-768x576.webp 768w, https:\/\/www.rajapack.es\/blog-es\/wp-content\/uploads\/2023\/10\/Diseno-sin-titulo-12-edited-1-320x240.webp 320w\" sizes=\"(max-width: 300px) 100vw, 300px\" \/><\/td><\/tr><\/tbody><\/table><\/figure>\n<\/div>\n<\/div>\n\n\n\n<h2 class=\"wp-block-heading\">3.- Bolsas isot\u00e9rmicas:<\/h2>\n\n\n\n<p>Otro cl\u00e1sico del env\u00edo en fr\u00edo son las bolsas isot\u00e9rmicas. <\/p>\n\n\n\n<p>Disponibles con un cierre zip o cierre adhesivo, est\u00e1n <strong>fabricados con una cubierta de poli\u00e9ster metalizado que, junto a la estanqueidad asegurada en el cierre, evitan cualquier p\u00e9rdida de fr\u00edo.<\/strong> <\/p>\n\n\n\n<p>Al igual que en los embalajes cl\u00e1sicos, las bolsas isot\u00e9rmicas son m\u00e1s econ\u00f3micas que las cajas y ocupan y pesan menos, por lo que sus env\u00edos son m\u00e1s baratos. Sin duda, es una opci\u00f3n que debemos considerar si vamos a realizar env\u00edos peque\u00f1os.<\/p>\n\n\n\n<h3 class=\"wp-block-heading\"><a href=\"https:\/\/www.rajapack.es\/cajas-carton-contenedores-cajas-postales\/cajas-para-productos-sensibles-peligrosos\/bolsa-isotermica-cierre-adhesivo_OFF_ES_0701.html\" target=\"_blank\" rel=\"noreferrer noopener\">Bolsa isot\u00e9rmica con cierre adhesivo<\/a><\/h3>\n\n\n\n<figure class=\"wp-block-table\"><table><tbody><tr><td><a href=\"https:\/\/www.rajapack.es\/cajas-carton-contenedores-cajas-postales\/cajas-para-productos-sensibles-peligrosos\/bolsa-isotermica-cierre-adhesivo_OFF_ES_0701.html\" target=\"_blank\" rel=\"noreferrer noopener\">Bolsa isot\u00e9rmica con cierre adhesivo<\/a><br>Evita los cambios bruscos de temperatura.<br>Est\u00e1 compuesta por un film exterior de poli\u00e9ster metalizado, un film interior de polietileno blanco y un acolchado de espuma de polietileno.<br>Es pr\u00e1ctico cierre adhesivo reposicionable con solapa de 4 cm<br>Apta para el contacto alimentario<\/td><td><img loading=\"lazy\" decoding=\"async\" width=\"600\" height=\"600\" class=\"wp-image-15361\" style=\"width: 600px;\" src=\"https:\/\/www.rajapack.es\/blog-es\/wp-content\/uploads\/2022\/11\/bolsa-isotermica-con-cierre-adhesivo_OFF_ES_0701.webp\" alt=\"Bolsa isot\u00e9rmica con cierre adhesivo para env\u00edo de productos de parafarmacia\" srcset=\"https:\/\/www.rajapack.es\/blog-es\/wp-content\/uploads\/2022\/11\/bolsa-isotermica-con-cierre-adhesivo_OFF_ES_0701.webp 410w, https:\/\/www.rajapack.es\/blog-es\/wp-content\/uploads\/2022\/11\/bolsa-isotermica-con-cierre-adhesivo_OFF_ES_0701-150x150.webp 150w, https:\/\/www.rajapack.es\/blog-es\/wp-content\/uploads\/2022\/11\/bolsa-isotermica-con-cierre-adhesivo_OFF_ES_0701-120x120.webp 120w\" sizes=\"(max-width: 600px) 100vw, 600px\" \/><\/td><\/tr><tr><td><a href=\"https:\/\/www.rajapack.es\/embalajes-para-regalo-comercio\/bolsas-plastico-con-asas\/bolsas-reutilizables\/bolsa-compra-isotermica_OFF_ES_0713.html\" target=\"_blank\" rel=\"noreferrer noopener\">Bolsa de la compra isot\u00e9rmica<\/a><br>Son una de las soluciones m\u00e1s buscadas por los comercios. Permiten de 2 a 4 horas de temperatura controlada y son aptas para el contacto alimentario. <br><br>Se asegura el aislamiento gracias a un exterior de polietileno y un cierre de velcro. <br><br>Dispone tambi\u00e9n de asas de nylon para sujetar mayores pesos y son personalizables. En definitiva, el embalaje isot\u00e9rmico ideal para muchas tiendas.<\/td><td><img loading=\"lazy\" decoding=\"async\" width=\"600\" height=\"600\" class=\"wp-image-6349\" style=\"width: 600px;\" src=\"https:\/\/www.rajapack.es\/blog-es\/wp-content\/uploads\/2017\/10\/bolsa-compra-isotermica_OFF_ES_0713.jpg\" alt=\"\" srcset=\"https:\/\/www.rajapack.es\/blog-es\/wp-content\/uploads\/2017\/10\/bolsa-compra-isotermica_OFF_ES_0713.jpg 300w, https:\/\/www.rajapack.es\/blog-es\/wp-content\/uploads\/2017\/10\/bolsa-compra-isotermica_OFF_ES_0713-120x120.jpg 120w, https:\/\/www.rajapack.es\/blog-es\/wp-content\/uploads\/2017\/10\/bolsa-compra-isotermica_OFF_ES_0713-150x150.jpg 150w, https:\/\/www.rajapack.es\/blog-es\/wp-content\/uploads\/2017\/10\/bolsa-compra-isotermica_OFF_ES_0713-225x225.jpg 225w, https:\/\/www.rajapack.es\/blog-es\/wp-content\/uploads\/2017\/10\/bolsa-compra-isotermica_OFF_ES_0713-100x100.jpg 100w\" sizes=\"(max-width: 600px) 100vw, 600px\" \/><\/td><\/tr><\/tbody><\/table><\/figure>\n\n\n\n<p><\/p>\n\n\n\n<h2 class=\"wp-block-heading\">4.- Indicadores de temperatura:<\/h2>\n\n\n\n<p>Indispensable para muchos env\u00edos. El indicador de temperatura es una combinaci\u00f3n perfecta para cualquier embalaje isot\u00e9rmico, ya que tiene la funci\u00f3n de demostrar que, durante el trayecto, no se ha producido ning\u00fan aumento de calor. <strong>Este indicador es muy importante para asegurar la calidad de los productos durante el transporte<\/strong> y son cada vez m\u00e1s utilizados.<\/p>\n\n\n\n<div class=\"wp-block-columns are-vertically-aligned-bottom is-layout-flex wp-container-core-columns-is-layout-2 wp-block-columns-is-layout-flex\">\n<div class=\"wp-block-column is-vertically-aligned-bottom is-layout-flow wp-block-column-is-layout-flow\" style=\"flex-basis:100%\">\n<figure class=\"wp-block-table is-style-regular\"><table><tbody><tr><td><a href=\"https:\/\/www.rajapack.es\/cajas-carton-contenedores-cajas-postales\/cajas-para-productos-sensibles-peligrosos\/indicador-descendente_OFF_ES_0750.html\"><strong>Indicador de temperatura descendente COLD<\/strong>:<\/a><br>Ayuda a controlar si los productos han sido expuestos a temperaturas inferiores a las deseadas. No es necesario activarlo porque el indicador est\u00e1 siempre activo. La ventana se colorea de violeta a partir de 30 minutos de exposici\u00f3n a temperatura inferior a la indicada.<\/td><td><img loading=\"lazy\" decoding=\"async\" width=\"250\" height=\"250\" class=\"wp-image-15456\" style=\"width: 250px;\" src=\"https:\/\/www.rajapack.es\/blog-es\/wp-content\/uploads\/2018\/04\/indicador-temperatura-descendente-cold.jpg\" alt=\"Indicador de temperatura descendente COLD\" srcset=\"https:\/\/www.rajapack.es\/blog-es\/wp-content\/uploads\/2018\/04\/indicador-temperatura-descendente-cold.jpg 410w, https:\/\/www.rajapack.es\/blog-es\/wp-content\/uploads\/2018\/04\/indicador-temperatura-descendente-cold-150x150.jpg 150w, https:\/\/www.rajapack.es\/blog-es\/wp-content\/uploads\/2018\/04\/indicador-temperatura-descendente-cold-120x120.jpg 120w\" sizes=\"(max-width: 250px) 100vw, 250px\" \/><\/td><\/tr><tr><td><strong><a href=\"https:\/\/www.rajapack.es\/cajas-carton-contenedores-cajas-postales\/cajas-para-productos-sensibles-peligrosos\/indicador-ascendente_OFF_ES_0751.html\" target=\"_blank\" rel=\"noreferrer noopener\">Indicador de temperatura ascendente WARM<\/a><\/strong><br>Es ideal para controlar si los productos han sido expuestos a temperaturas superiores a las deseadas.<br>Se activa simplemente estirando de la leng\u00fceta. Tres ventanas se colorean sucesivamente en rojo para indicar cuanto tiempo el producto ha estado expuesto a temperatura superior a la \u00f3ptima.<\/td><td><img loading=\"lazy\" decoding=\"async\" width=\"600\" height=\"600\" class=\"wp-image-6361\" style=\"width: 600px;\" src=\"https:\/\/www.rajapack.es\/blog-es\/wp-content\/uploads\/2017\/10\/indicador-temperatura-ascendente-warm_OFF_ES_0751.jpg\" alt=\"\" srcset=\"https:\/\/www.rajapack.es\/blog-es\/wp-content\/uploads\/2017\/10\/indicador-temperatura-ascendente-warm_OFF_ES_0751.jpg 300w, https:\/\/www.rajapack.es\/blog-es\/wp-content\/uploads\/2017\/10\/indicador-temperatura-ascendente-warm_OFF_ES_0751-120x120.jpg 120w, https:\/\/www.rajapack.es\/blog-es\/wp-content\/uploads\/2017\/10\/indicador-temperatura-ascendente-warm_OFF_ES_0751-150x150.jpg 150w, https:\/\/www.rajapack.es\/blog-es\/wp-content\/uploads\/2017\/10\/indicador-temperatura-ascendente-warm_OFF_ES_0751-225x225.jpg 225w, https:\/\/www.rajapack.es\/blog-es\/wp-content\/uploads\/2017\/10\/indicador-temperatura-ascendente-warm_OFF_ES_0751-100x100.jpg 100w\" sizes=\"(max-width: 600px) 100vw, 600px\" \/><\/td><\/tr><\/tbody><\/table><\/figure>\n<\/div>\n<\/div>\n\n\n\n<p>\u00bfTienes dudas de c\u00f3mo funciona? Aqu\u00ed tienes unos v\u00eddeos que esperemos que os ayuden.<\/p>\n\n\n<div class=\"su-youtube su-u-responsive-media-yes\"><iframe loading=\"lazy\" width=\"500\" height=\"340\" src=\"https:\/\/www.youtube.com\/embed\/TvC8GAjBCbM?\" frameborder=\"0\" allowfullscreen allow=\"autoplay; encrypted-media; picture-in-picture\" title=\"\"><\/iframe><\/div>\n\n\n<div class=\"su-youtube su-u-responsive-media-yes\"><iframe loading=\"lazy\" width=\"500\" height=\"340\" src=\"https:\/\/www.youtube.com\/embed\/0eid1YdqejQ?\" frameborder=\"0\" allowfullscreen allow=\"autoplay; encrypted-media; picture-in-picture\" title=\"\"><\/iframe><\/div>\n\n\n\n<h2 class=\"wp-block-heading\"><a href=\"https:\/\/www.rajapack.es\/cajas-carton-contenedores-cajas-postales\/cajas-para-productos-sensibles-peligrosos\/etiquetas-productos-perecederos_OFF_ES_0754.html\">5.- Etiquetas de productos perecederos:<\/a><\/h2>\n\n\n<div class=\"wp-block-image\">\n<figure class=\"alignright\"><img loading=\"lazy\" decoding=\"async\" width=\"225\" height=\"225\" src=\"https:\/\/www.rajapack.es\/blog-es\/wp-content\/uploads\/2017\/10\/etiquetas-expedicion-para-productos-perecederos_OFF_ES_0754-225x225.jpg\" alt=\"etiquetas para productos perecederos\" class=\"wp-image-6359\" title=\"etiquetas para productos perecederos\" srcset=\"https:\/\/www.rajapack.es\/blog-es\/wp-content\/uploads\/2017\/10\/etiquetas-expedicion-para-productos-perecederos_OFF_ES_0754-225x225.jpg 225w, https:\/\/www.rajapack.es\/blog-es\/wp-content\/uploads\/2017\/10\/etiquetas-expedicion-para-productos-perecederos_OFF_ES_0754-120x120.jpg 120w, https:\/\/www.rajapack.es\/blog-es\/wp-content\/uploads\/2017\/10\/etiquetas-expedicion-para-productos-perecederos_OFF_ES_0754-150x150.jpg 150w, https:\/\/www.rajapack.es\/blog-es\/wp-content\/uploads\/2017\/10\/etiquetas-expedicion-para-productos-perecederos_OFF_ES_0754-100x100.jpg 100w, https:\/\/www.rajapack.es\/blog-es\/wp-content\/uploads\/2017\/10\/etiquetas-expedicion-para-productos-perecederos_OFF_ES_0754.jpg 300w\" sizes=\"(max-width: 225px) 100vw, 225px\" \/><\/figure><\/div>\n\n\n<p>Otro producto b\u00e1sico que se combina con los embalajes isot\u00e9rmicos es la etiqueta para productos perecederos. Como se ha explicado antes, uno de los mercados que m\u00e1s uso dan a los embalajes isot\u00e9rmicos son el sector alimentario y, sus productos, suelen ser perecederos. Por lo que el uso de estas etiquetas, al igual que los indicadores, suele estar vinculada a las cajas o bolsas t\u00e9rmicas.<\/p>\n\n\n\n<h2 class=\"wp-block-heading\">6.- Otros embalajes isot\u00e9rmicos<\/h2>\n\n\n\n<p>De momento, solo hemos hablado de controlar la temperatura durante el env\u00edo, pero y \u00bfQu\u00e9 hay de proteger los productos contra los golpes?<\/p>\n\n\n\n<p>El pl\u00e1stico de burbuja isot\u00e9rmico y el papel aislante t\u00e9rmico Recycold\u2122 Climaliner son un complemento ideal para&nbsp;<strong>acolchar el interior de cajas<\/strong>&nbsp;o para&nbsp;<strong>envolver productos sensibles<\/strong>.<\/p>\n\n\n\n<p>Est\u00e1n especialmente pensado para la protecci\u00f3n t\u00e9rmica de productos alimentarios y farmac\u00e9uticos a temperatura ambiente, refrigerados o congelados. <\/p>\n\n\n\n<figure class=\"wp-block-table\"><table><tbody><tr><td><a href=\"https:\/\/www.rajapack.es\/cajas-carton-contenedores-cajas-postales\/cajas-para-productos-sensibles-peligrosos\/film-plastico-burbujas-isotermico_OFF_ES_0738.html\" target=\"_blank\" rel=\"noopener\">Pl\u00e1stico de burbujas isot\u00e9rmico<\/a><br>Permite forrar el interior de las cajas de cart\u00f3n para convertirlas en cajas capaces de mantener la cadena de fr\u00edo.<br><br>Ayuda a envolver los productos sensibles a&nbsp;los golpes y, adem\u00e1s, mantener la temperatura controlada.<br><br>Este producto se basa en una triple capa basado en un film de polietileno de 90 micras de calidad con una capa de film de poli\u00e9ster metalizado de 12 micras.<\/td><td><img loading=\"lazy\" decoding=\"async\" width=\"600\" height=\"600\" class=\"wp-image-15412\" style=\"width: 600px;\" src=\"https:\/\/www.rajapack.es\/blog-es\/wp-content\/uploads\/2015\/11\/film-plastico-burbujas-isotermica.jpg\" alt=\"Film pl\u00e1stico de burbujas isot\u00e9rmico\" srcset=\"https:\/\/www.rajapack.es\/blog-es\/wp-content\/uploads\/2015\/11\/film-plastico-burbujas-isotermica.jpg 410w, https:\/\/www.rajapack.es\/blog-es\/wp-content\/uploads\/2015\/11\/film-plastico-burbujas-isotermica-150x150.jpg 150w, https:\/\/www.rajapack.es\/blog-es\/wp-content\/uploads\/2015\/11\/film-plastico-burbujas-isotermica-120x120.jpg 120w\" sizes=\"(max-width: 600px) 100vw, 600px\" \/><\/td><\/tr><tr><td><strong><a href=\"https:\/\/www.rajapack.es\/cajas-carton-contenedores-cajas-postales\/cajas-para-productos-sensibles-peligrosos\/papel-relleno-isotermico-climaliner_OFF_ES_1529.html\" target=\"_blank\" rel=\"noreferrer noopener\">Papel aislante t\u00e9rmico Recycold\u2122 Climaliner 85% reciclado<\/a><\/strong><br>Garantiza la integridad de los productos alimenticios y el respeto de la cadena de fr\u00edo.<br><br>Protecci\u00f3n t\u00e9rmica garantizada de 10h a 48h con el uso de&nbsp;<a href=\"https:\/\/www.rajapack.es\/cajas-carton-contenedores-cajas-postales\/cajas-para-productos-sensibles-peligrosos\/acumuladores-frio-ecologicos-Recycold_OFF_ES_1443.html\" target=\"_blank\" rel=\"noreferrer noopener\"><strong>acumuladores de fr\u00edo<\/strong><\/a>.<br><br>Flexible y ligero, cabe f\u00e1cilmente en una bolsa kraft o en una caja de cart\u00f3n y envuelve los productos.<br><br>Se adapta a la forma de su caja o producto.<\/td><td><img loading=\"lazy\" decoding=\"async\" width=\"600\" height=\"450\" class=\"wp-image-16165\" style=\"width: 600px;\" src=\"https:\/\/www.rajapack.es\/blog-es\/wp-content\/uploads\/2023\/10\/papel-aislante-edited.png\" alt=\"\" srcset=\"https:\/\/www.rajapack.es\/blog-es\/wp-content\/uploads\/2023\/10\/papel-aislante-edited.png 1439w, https:\/\/www.rajapack.es\/blog-es\/wp-content\/uploads\/2023\/10\/papel-aislante-edited-430x323.png 430w, https:\/\/www.rajapack.es\/blog-es\/wp-content\/uploads\/2023\/10\/papel-aislante-edited-1024x769.png 1024w, https:\/\/www.rajapack.es\/blog-es\/wp-content\/uploads\/2023\/10\/papel-aislante-edited-768x576.png 768w, https:\/\/www.rajapack.es\/blog-es\/wp-content\/uploads\/2023\/10\/papel-aislante-edited-320x240.png 320w\" sizes=\"(max-width: 600px) 100vw, 600px\" \/><\/td><\/tr><\/tbody><\/table><\/figure>\n\n\n\n<p>Los embalajes isot\u00e9rmicos est\u00e1n ganando protagonismo entre los env\u00edos generales. Especialmente, debido al env\u00edo de productos de alimentaci\u00f3n y&nbsp;ecommerce. Controlar la temperatura de los productos durante 48 horas de transporte supone un antes y un despu\u00e9s en este mercado. Si est\u00e1s buscando soluciones para env\u00edos con una temperatura controlada, no dudes en ponerte en contacto con nuestro equipo&#8230; \u00a1y d\u00e9jate asesorar por nuestros expertos!<\/p>\n","protected":false},"excerpt":{"rendered":"<p>Las cajas isot\u00e9rmicas, como el resto de embalajes para mantener la cadena de fr\u00edo, est\u00e1n en auge, especialmente desde la irrupci\u00f3n de la venta de productos para alimentaci\u00f3n y farmacia. Mantener un producto con una temperatura controlada ha pasado en poco tiempo a convertirse en una exigencia que debe cumplir el embalaje. Es por ello, que representa la familia que m\u00e1s ha crecido en los \u00faltimos meses en nuestro cat\u00e1logo. <\/p>\n","protected":false},"author":21,"featured_media":17227,"comment_status":"open","ping_status":"open","sticky":false,"template":"","format":"standard","meta":{"_acf_changed":false,"footnotes":""},"categories":[4],"tags":[101,106,553,554,555],"class_list":["post-6265","post","type-post","status-publish","format-standard","has-post-thumbnail","hentry","category-embalaje","tag-ecommerce","tag-embalajes","tag-embalajesisotermicos","tag-envios","tag-logistica-2"],"acf":[],"yoast_head":"\n<title>Embalaje isot\u00e9rmico: \u00bfCu\u00e1l se adapta mejor a tu producto y cliente? RAJAPACK<\/title>\n<meta name=\"description\" content=\"Los embalajes y las cajas isot\u00e9rmicas son cada d\u00eda m\u00e1s demandadas. \u00bfQu\u00e9 se ha de saber sobre ellas? \u00bfCu\u00e1l es la mejor para cada necesidad? \u00bfQu\u00e9 productos hay para la manipulaci\u00f3n de alimentos o productos de farmacia que necesitan mantener una cadena de fr\u00edo? Nosotros te lo explicamos.\" \/>\n<meta name=\"robots\" content=\"index, follow, max-snippet:-1, max-image-preview:large, max-video-preview:-1\" \/>\n<link rel=\"canonical\" href=\"https:\/\/www.rajapack.es\/blog-es\/embalajes-y-cajas-isotermicas\" \/>\n<meta property=\"og:locale\" content=\"es_ES\" \/>\n<meta property=\"og:type\" content=\"article\" \/>\n<meta property=\"og:title\" content=\"Embalaje isot\u00e9rmico: \u00bfCu\u00e1l se adapta mejor a tu producto y cliente? RAJAPACK\" \/>\n<meta property=\"og:description\" content=\"Los embalajes y las cajas isot\u00e9rmicas son cada d\u00eda m\u00e1s demandadas. \u00bfQu\u00e9 se ha de saber sobre ellas? \u00bfCu\u00e1l es la mejor para cada necesidad? \u00bfQu\u00e9 productos hay para la manipulaci\u00f3n de alimentos o productos de farmacia que necesitan mantener una cadena de fr\u00edo? Nosotros te lo explicamos.\" \/>\n<meta property=\"og:url\" content=\"https:\/\/www.rajapack.es\/blog-es\/embalajes-y-cajas-isotermicas\" \/>\n<meta property=\"og:site_name\" content=\"RAJAPACK Blog | Consejos de embalaje, log\u00edstica y m\u00e1s\" \/>\n<meta property=\"article:publisher\" content=\"https:\/\/www.facebook.com\/Rajapack.es\" \/>\n<meta property=\"article:published_time\" content=\"2023-10-09T09:41:00+00:00\" \/>\n<meta property=\"article:modified_time\" content=\"2025-05-21T13:26:45+00:00\" \/>\n<meta property=\"og:image\" content=\"https:\/\/www.rajapack.es\/blog-es\/wp-content\/uploads\/2023\/10\/imagen-blog-1-1024x576-1.webp\" \/>\n\t<meta property=\"og:image:width\" content=\"1024\" \/>\n\t<meta property=\"og:image:height\" content=\"576\" \/>\n\t<meta property=\"og:image:type\" content=\"image\/webp\" \/>\n<meta name=\"author\" content=\"Victor Perez\" \/>\n<meta name=\"twitter:card\" content=\"summary_large_image\" \/>\n<meta name=\"twitter:creator\" content=\"@RajapackES\" \/>\n<meta name=\"twitter:site\" content=\"@RajapackES\" \/>\n<meta name=\"twitter:label1\" content=\"Escrito por\" \/>\n\t<meta name=\"twitter:data1\" content=\"Victor Perez\" \/>\n\t<meta name=\"twitter:label2\" content=\"Tiempo de lectura\" \/>\n\t<meta name=\"twitter:data2\" content=\"7 minutos\" \/>\n<script type=\"application\/ld+json\" class=\"yoast-schema-graph\">{\n\t    \"@context\": \"https:\/\/schema.org\",\n\t    \"@graph\": [\n\t        {\n\t            \"@type\": \"Article\",\n\t            \"@id\": \"https:\/\/www.rajapack.es\/blog-es\/embalajes-y-cajas-isotermicas#article\",\n\t            \"isPartOf\": {\n\t                \"@id\": \"https:\/\/www.rajapack.es\/blog-es\/embalajes-y-cajas-isotermicas\"\n\t            },\n\t            \"author\": {\n\t                \"name\": \"Victor Perez\",\n\t                \"@id\": \"https:\/\/www.rajapack.es\/blog-es\/#\/schema\/person\/fd906758d90ebc74ad7e05e7bd1e0ee9\"\n\t            },\n\t            \"headline\": \"Embalaje isot\u00e9rmico: \u00bfCu\u00e1l se adapta mejor a tu producto y cliente?\",\n\t            \"datePublished\": \"2023-10-09T09:41:00+00:00\",\n\t            \"dateModified\": \"2025-05-21T13:26:45+00:00\",\n\t            \"mainEntityOfPage\": {\n\t                \"@id\": \"https:\/\/www.rajapack.es\/blog-es\/embalajes-y-cajas-isotermicas\"\n\t            },\n\t            \"wordCount\": 1413,\n\t            \"commentCount\": 18,\n\t            \"publisher\": {\n\t                \"@id\": \"https:\/\/www.rajapack.es\/blog-es\/#organization\"\n\t            },\n\t            \"image\": {\n\t                \"@id\": \"https:\/\/www.rajapack.es\/blog-es\/embalajes-y-cajas-isotermicas#primaryimage\"\n\t            },\n\t            \"thumbnailUrl\": \"https:\/\/www.rajapack.es\/blog-es\/wp-content\/uploads\/2023\/10\/imagen-blog-1-1024x576-1.webp\",\n\t            \"keywords\": [\n\t                \"ecommerce\",\n\t                \"embalajes\",\n\t                \"embalajesisotermicos\",\n\t                \"envios\",\n\t                \"logistica\"\n\t            ],\n\t            \"articleSection\": [\n\t                \"Novedades &amp; Consejos de embalaje\"\n\t            ],\n\t            \"inLanguage\": \"es\",\n\t            \"potentialAction\": [\n\t                {\n\t                    \"@type\": \"CommentAction\",\n\t                    \"name\": \"Comment\",\n\t                    \"target\": [\n\t                        \"https:\/\/www.rajapack.es\/blog-es\/embalajes-y-cajas-isotermicas#respond\"\n\t                    ]\n\t                }\n\t            ]\n\t        },\n\t        {\n\t            \"@type\": \"WebPage\",\n\t            \"@id\": \"https:\/\/www.rajapack.es\/blog-es\/embalajes-y-cajas-isotermicas\",\n\t            \"url\": \"https:\/\/www.rajapack.es\/blog-es\/embalajes-y-cajas-isotermicas\",\n\t            \"name\": \"Embalaje isot\u00e9rmico: \u00bfCu\u00e1l se adapta mejor a tu producto y cliente? RAJAPACK\",\n\t            \"isPartOf\": {\n\t                \"@id\": \"https:\/\/www.rajapack.es\/blog-es\/#website\"\n\t            },\n\t            \"primaryImageOfPage\": {\n\t                \"@id\": \"https:\/\/www.rajapack.es\/blog-es\/embalajes-y-cajas-isotermicas#primaryimage\"\n\t            },\n\t            \"image\": {\n\t                \"@id\": \"https:\/\/www.rajapack.es\/blog-es\/embalajes-y-cajas-isotermicas#primaryimage\"\n\t            },\n\t            \"thumbnailUrl\": \"https:\/\/www.rajapack.es\/blog-es\/wp-content\/uploads\/2023\/10\/imagen-blog-1-1024x576-1.webp\",\n\t            \"datePublished\": \"2023-10-09T09:41:00+00:00\",\n\t            \"dateModified\": \"2025-05-21T13:26:45+00:00\",\n\t            \"description\": \"Los embalajes y las cajas isot\u00e9rmicas son cada d\u00eda m\u00e1s demandadas. \u00bfQu\u00e9 se ha de saber sobre ellas? \u00bfCu\u00e1l es la mejor para cada necesidad? \u00bfQu\u00e9 productos hay para la manipulaci\u00f3n de alimentos o productos de farmacia que necesitan mantener una cadena de fr\u00edo? Nosotros te lo explicamos.\",\n\t            \"inLanguage\": \"es\",\n\t            \"potentialAction\": [\n\t                {\n\t                    \"@type\": \"ReadAction\",\n\t                    \"target\": [\n\t                        \"https:\/\/www.rajapack.es\/blog-es\/embalajes-y-cajas-isotermicas\"\n\t                    ]\n\t                }\n\t            ]\n\t        },\n\t        {\n\t            \"@type\": \"ImageObject\",\n\t            \"inLanguage\": \"es\",\n\t            \"@id\": \"https:\/\/www.rajapack.es\/blog-es\/embalajes-y-cajas-isotermicas#primaryimage\",\n\t            \"url\": \"https:\/\/www.rajapack.es\/blog-es\/wp-content\/uploads\/2023\/10\/imagen-blog-1-1024x576-1.webp\",\n\t            \"contentUrl\": \"https:\/\/www.rajapack.es\/blog-es\/wp-content\/uploads\/2023\/10\/imagen-blog-1-1024x576-1.webp\",\n\t            \"width\": 1024,\n\t            \"height\": 576\n\t        },\n\t        {\n\t            \"@type\": \"WebSite\",\n\t            \"@id\": \"https:\/\/www.rajapack.es\/blog-es\/#website\",\n\t            \"url\": \"https:\/\/www.rajapack.es\/blog-es\/\",\n\t            \"name\": \"RAJAPACK Blog | Consejos de embalaje, log\u00edstica y m\u00e1s\",\n\t            \"description\": \"Consejos de embalaje, logistica y m\u00e1s\",\n\t            \"publisher\": {\n\t                \"@id\": \"https:\/\/www.rajapack.es\/blog-es\/#organization\"\n\t            },\n\t            \"potentialAction\": [\n\t                {\n\t                    \"@type\": \"SearchAction\",\n\t                    \"target\": {\n\t                        \"@type\": \"EntryPoint\",\n\t                        \"urlTemplate\": \"https:\/\/www.rajapack.es\/blog-es\/?s={search_term_string}\"\n\t                    },\n\t                    \"query-input\": {\n\t                        \"@type\": \"PropertyValueSpecification\",\n\t                        \"valueRequired\": true,\n\t                        \"valueName\": \"search_term_string\"\n\t                    }\n\t                }\n\t            ],\n\t            \"inLanguage\": \"es\"\n\t        },\n\t        {\n\t            \"@type\": \"Organization\",\n\t            \"@id\": \"https:\/\/www.rajapack.es\/blog-es\/#organization\",\n\t            \"name\": \"RAJA ES\",\n\t            \"url\": \"https:\/\/www.rajapack.es\/blog-es\/\",\n\t            \"logo\": {\n\t                \"@type\": \"ImageObject\",\n\t                \"inLanguage\": \"es\",\n\t                \"@id\": \"https:\/\/www.rajapack.es\/blog-es\/#\/schema\/logo\/image\/\",\n\t                \"url\": \"https:\/\/www.rajapack.es\/blog-es\/wp-content\/uploads\/2021\/10\/logo-mobile@3x.png\",\n\t                \"contentUrl\": \"https:\/\/www.rajapack.es\/blog-es\/wp-content\/uploads\/2021\/10\/logo-mobile@3x.png\",\n\t                \"width\": 534,\n\t                \"height\": 114,\n\t                \"caption\": \"RAJA ES\"\n\t            },\n\t            \"image\": {\n\t                \"@id\": \"https:\/\/www.rajapack.es\/blog-es\/#\/schema\/logo\/image\/\"\n\t            },\n\t            \"sameAs\": [\n\t                \"https:\/\/www.facebook.com\/Rajapack.es\",\n\t                \"https:\/\/x.com\/RajapackES\",\n\t                \"https:\/\/www.linkedin.com\/company\/rajapack-spain\/\",\n\t                \"https:\/\/www.youtube.com\/user\/RajapackES\"\n\t            ]\n\t        },\n\t        {\n\t            \"@type\": \"Person\",\n\t            \"@id\": \"https:\/\/www.rajapack.es\/blog-es\/#\/schema\/person\/fd906758d90ebc74ad7e05e7bd1e0ee9\",\n\t            \"name\": \"Victor Perez\",\n\t            \"image\": {\n\t                \"@type\": \"ImageObject\",\n\t                \"inLanguage\": \"es\",\n\t                \"@id\": \"https:\/\/www.rajapack.es\/blog-es\/#\/schema\/person\/image\/\",\n\t                \"url\": \"https:\/\/secure.gravatar.com\/avatar\/d0d8096668b087ab3f0237abbd9b803b?s=96&d=mm&r=g\",\n\t                \"contentUrl\": \"https:\/\/secure.gravatar.com\/avatar\/d0d8096668b087ab3f0237abbd9b803b?s=96&d=mm&r=g\",\n\t                \"caption\": \"Victor Perez\"\n\t            },\n\t            \"description\": \"Web Marketer Junior\",\n\t            \"url\": \"https:\/\/www.rajapack.es\/blog-es\/author\/vperez\"\n\t        }\n\t    ]\n\t}<\/script>\n","yoast_head_json":{"title":"Embalaje isot\u00e9rmico: \u00bfCu\u00e1l se adapta mejor a tu producto y cliente? RAJAPACK","description":"Los embalajes y las cajas isot\u00e9rmicas son cada d\u00eda m\u00e1s demandadas. \u00bfQu\u00e9 se ha de saber sobre ellas? \u00bfCu\u00e1l es la mejor para cada necesidad? \u00bfQu\u00e9 productos hay para la manipulaci\u00f3n de alimentos o productos de farmacia que necesitan mantener una cadena de fr\u00edo? Nosotros te lo explicamos.","robots":{"index":"index","follow":"follow","max-snippet":"max-snippet:-1","max-image-preview":"max-image-preview:large","max-video-preview":"max-video-preview:-1"},"canonical":"https:\/\/www.rajapack.es\/blog-es\/embalajes-y-cajas-isotermicas","og_locale":"es_ES","og_type":"article","og_title":"Embalaje isot\u00e9rmico: \u00bfCu\u00e1l se adapta mejor a tu producto y cliente? RAJAPACK","og_description":"Los embalajes y las cajas isot\u00e9rmicas son cada d\u00eda m\u00e1s demandadas. \u00bfQu\u00e9 se ha de saber sobre ellas? \u00bfCu\u00e1l es la mejor para cada necesidad? \u00bfQu\u00e9 productos hay para la manipulaci\u00f3n de alimentos o productos de farmacia que necesitan mantener una cadena de fr\u00edo? Nosotros te lo explicamos.","og_url":"https:\/\/www.rajapack.es\/blog-es\/embalajes-y-cajas-isotermicas","og_site_name":"RAJAPACK Blog | Consejos de embalaje, log\u00edstica y m\u00e1s","article_publisher":"https:\/\/www.facebook.com\/Rajapack.es","article_published_time":"2023-10-09T09:41:00+00:00","article_modified_time":"2025-05-21T13:26:45+00:00","og_image":[{"width":1024,"height":576,"url":"https:\/\/www.rajapack.es\/blog-es\/wp-content\/uploads\/2023\/10\/imagen-blog-1-1024x576-1.webp","type":"image\/webp"}],"author":"Victor Perez","twitter_card":"summary_large_image","twitter_creator":"@RajapackES","twitter_site":"@RajapackES","twitter_misc":{"Escrito por":"Victor Perez","Tiempo de lectura":"7 minutos"},"schema":{"@context":"https:\/\/schema.org","@graph":[{"@type":"Article","@id":"https:\/\/www.rajapack.es\/blog-es\/embalajes-y-cajas-isotermicas#article","isPartOf":{"@id":"https:\/\/www.rajapack.es\/blog-es\/embalajes-y-cajas-isotermicas"},"author":{"name":"Victor Perez","@id":"https:\/\/www.rajapack.es\/blog-es\/#\/schema\/person\/fd906758d90ebc74ad7e05e7bd1e0ee9"},"headline":"Embalaje isot\u00e9rmico: \u00bfCu\u00e1l se adapta mejor a tu producto y cliente?","datePublished":"2023-10-09T09:41:00+00:00","dateModified":"2025-05-21T13:26:45+00:00","mainEntityOfPage":{"@id":"https:\/\/www.rajapack.es\/blog-es\/embalajes-y-cajas-isotermicas"},"wordCount":1413,"commentCount":18,"publisher":{"@id":"https:\/\/www.rajapack.es\/blog-es\/#organization"},"image":{"@id":"https:\/\/www.rajapack.es\/blog-es\/embalajes-y-cajas-isotermicas#primaryimage"},"thumbnailUrl":"https:\/\/www.rajapack.es\/blog-es\/wp-content\/uploads\/2023\/10\/imagen-blog-1-1024x576-1.webp","keywords":["ecommerce","embalajes","embalajesisotermicos","envios","logistica"],"articleSection":["Novedades &amp; Consejos de embalaje"],"inLanguage":"es","potentialAction":[{"@type":"CommentAction","name":"Comment","target":["https:\/\/www.rajapack.es\/blog-es\/embalajes-y-cajas-isotermicas#respond"]}]},{"@type":"WebPage","@id":"https:\/\/www.rajapack.es\/blog-es\/embalajes-y-cajas-isotermicas","url":"https:\/\/www.rajapack.es\/blog-es\/embalajes-y-cajas-isotermicas","name":"Embalaje isot\u00e9rmico: \u00bfCu\u00e1l se adapta mejor a tu producto y cliente? RAJAPACK","isPartOf":{"@id":"https:\/\/www.rajapack.es\/blog-es\/#website"},"primaryImageOfPage":{"@id":"https:\/\/www.rajapack.es\/blog-es\/embalajes-y-cajas-isotermicas#primaryimage"},"image":{"@id":"https:\/\/www.rajapack.es\/blog-es\/embalajes-y-cajas-isotermicas#primaryimage"},"thumbnailUrl":"https:\/\/www.rajapack.es\/blog-es\/wp-content\/uploads\/2023\/10\/imagen-blog-1-1024x576-1.webp","datePublished":"2023-10-09T09:41:00+00:00","dateModified":"2025-05-21T13:26:45+00:00","description":"Los embalajes y las cajas isot\u00e9rmicas son cada d\u00eda m\u00e1s demandadas. \u00bfQu\u00e9 se ha de saber sobre ellas? \u00bfCu\u00e1l es la mejor para cada necesidad? \u00bfQu\u00e9 productos hay para la manipulaci\u00f3n de alimentos o productos de farmacia que necesitan mantener una cadena de fr\u00edo? Nosotros te lo explicamos.","inLanguage":"es","potentialAction":[{"@type":"ReadAction","target":["https:\/\/www.rajapack.es\/blog-es\/embalajes-y-cajas-isotermicas"]}]},{"@type":"ImageObject","inLanguage":"es","@id":"https:\/\/www.rajapack.es\/blog-es\/embalajes-y-cajas-isotermicas#primaryimage","url":"https:\/\/www.rajapack.es\/blog-es\/wp-content\/uploads\/2023\/10\/imagen-blog-1-1024x576-1.webp","contentUrl":"https:\/\/www.rajapack.es\/blog-es\/wp-content\/uploads\/2023\/10\/imagen-blog-1-1024x576-1.webp","width":1024,"height":576},{"@type":"WebSite","@id":"https:\/\/www.rajapack.es\/blog-es\/#website","url":"https:\/\/www.rajapack.es\/blog-es\/","name":"RAJAPACK Blog | Consejos de embalaje, log\u00edstica y m\u00e1s","description":"Consejos de embalaje, logistica y m\u00e1s","publisher":{"@id":"https:\/\/www.rajapack.es\/blog-es\/#organization"},"potentialAction":[{"@type":"SearchAction","target":{"@type":"EntryPoint","urlTemplate":"https:\/\/www.rajapack.es\/blog-es\/?s={search_term_string}"},"query-input":{"@type":"PropertyValueSpecification","valueRequired":true,"valueName":"search_term_string"}}],"inLanguage":"es"},{"@type":"Organization","@id":"https:\/\/www.rajapack.es\/blog-es\/#organization","name":"RAJA ES","url":"https:\/\/www.rajapack.es\/blog-es\/","logo":{"@type":"ImageObject","inLanguage":"es","@id":"https:\/\/www.rajapack.es\/blog-es\/#\/schema\/logo\/image\/","url":"https:\/\/www.rajapack.es\/blog-es\/wp-content\/uploads\/2021\/10\/logo-mobile@3x.png","contentUrl":"https:\/\/www.rajapack.es\/blog-es\/wp-content\/uploads\/2021\/10\/logo-mobile@3x.png","width":534,"height":114,"caption":"RAJA ES"},"image":{"@id":"https:\/\/www.rajapack.es\/blog-es\/#\/schema\/logo\/image\/"},"sameAs":["https:\/\/www.facebook.com\/Rajapack.es","https:\/\/x.com\/RajapackES","https:\/\/www.linkedin.com\/company\/rajapack-spain\/","https:\/\/www.youtube.com\/user\/RajapackES"]},{"@type":"Person","@id":"https:\/\/www.rajapack.es\/blog-es\/#\/schema\/person\/fd906758d90ebc74ad7e05e7bd1e0ee9","name":"Victor Perez","image":{"@type":"ImageObject","inLanguage":"es","@id":"https:\/\/www.rajapack.es\/blog-es\/#\/schema\/person\/image\/","url":"https:\/\/secure.gravatar.com\/avatar\/d0d8096668b087ab3f0237abbd9b803b?s=96&d=mm&r=g","contentUrl":"https:\/\/secure.gravatar.com\/avatar\/d0d8096668b087ab3f0237abbd9b803b?s=96&d=mm&r=g","caption":"Victor Perez"},"description":"Web Marketer Junior","url":"https:\/\/www.rajapack.es\/blog-es\/author\/vperez"}]}},"_links":{"self":[{"href":"https:\/\/www.rajapack.es\/blog-es\/wp-json\/wp\/v2\/posts\/6265"}],"collection":[{"href":"https:\/\/www.rajapack.es\/blog-es\/wp-json\/wp\/v2\/posts"}],"about":[{"href":"https:\/\/www.rajapack.es\/blog-es\/wp-json\/wp\/v2\/types\/post"}],"author":[{"embeddable":true,"href":"https:\/\/www.rajapack.es\/blog-es\/wp-json\/wp\/v2\/users\/21"}],"replies":[{"embeddable":true,"href":"https:\/\/www.rajapack.es\/blog-es\/wp-json\/wp\/v2\/comments?post=6265"}],"version-history":[{"count":2,"href":"https:\/\/www.rajapack.es\/blog-es\/wp-json\/wp\/v2\/posts\/6265\/revisions"}],"predecessor-version":[{"id":17366,"href":"https:\/\/www.rajapack.es\/blog-es\/wp-json\/wp\/v2\/posts\/6265\/revisions\/17366"}],"wp:featuredmedia":[{"embeddable":true,"href":"https:\/\/www.rajapack.es\/blog-es\/wp-json\/wp\/v2\/media\/17227"}],"wp:attachment":[{"href":"https:\/\/www.rajapack.es\/blog-es\/wp-json\/wp\/v2\/media?parent=6265"}],"wp:term":[{"taxonomy":"category","embeddable":true,"href":"https:\/\/www.rajapack.es\/blog-es\/wp-json\/wp\/v2\/categories?post=6265"},{"taxonomy":"post_tag","embeddable":true,"href":"https:\/\/www.rajapack.es\/blog-es\/wp-json\/wp\/v2\/tags?post=6265"}],"curies":[{"name":"wp","href":"https:\/\/api.w.org\/{rel}","templated":true}]}}