{"id":6501,"date":"2017-11-02T09:00:10","date_gmt":"2017-11-02T07:00:10","guid":{"rendered":"https:\/\/blog-staging-es.raja-group.com\/?p=6501"},"modified":"2022-04-04T00:40:23","modified_gmt":"2022-04-03T22:40:23","slug":"rajapack-en-empack-2017-durante-los-dias-7-y-8-de-noviembre","status":"publish","type":"post","link":"https:\/\/www.rajapack.es\/blog-es\/rajapack-en-empack-2017-durante-los-dias-7-y-8-de-noviembre","title":{"rendered":"Rajapack en Empack 2017 los d\u00edas 7 y 8 de noviembre"},"content":{"rendered":"<p>Los pr\u00f3ximos\u00a0<strong>d\u00edas\u00a07 y 8 de noviembre se celebrar\u00e1 en Madrid\u00a0<\/strong>la nueva edici\u00f3n del\u00a0<strong>evento<\/strong>\u00a0<strong>del envase y el embalaj<\/strong>e m\u00e1s importante de Espa\u00f1a,\u00a0<strong>Empack<\/strong>, que tendr\u00e1 lugar en el recinto de la Feria de Madrid.<\/p>\n<p>Empack representar\u00e1 estos d\u00edas el <strong>punto de encuentro para muchos profesionales del sector<\/strong> que quieran iniciar contactos con m\u00e1s de 400 empresas participantes y m\u00e1s de 11.500 visitantes.\u00a0Las\u00a0<strong>nuevas incorporaciones tecnol\u00f3gicas, las nuevas tendencias o<\/strong>\u00a0los nuevos actores en el mercado son varias de las propuestas que se presentar\u00e1n y se dar\u00e1n a conocer en esta feria que\u00a0ya <strong>es<\/strong>\u00a0<strong>una plataforma de crecimiento\u00a0<\/strong>para muchas de las compa\u00f1\u00edas que trabajan en este sector o que buscan nuevas oportunidades a trav\u00e9s de este evento.<\/p>\n<p>En Rajapack estaremos presentes en Empack para ofrecer nuestros servicios a todos aquellos que busquen las mejores soluciones en embalaje para cubrir sus necesidades. Contaremos con la\u00a0<strong>presencia de un equipo comercial formado<\/strong>, capaz de dar respuesta a cualquier tipo de consulta y\u00a0ayudarte a encontrar la mejor soluci\u00f3n de embalaje para tus necesidades.\u00a0Estaremos en el\u00a0<strong>stand C32 del pabell\u00f3n 12\u00a0<\/strong>de la Feria de Madrid.<\/p>\n<p><a href=\"https:\/\/www.rajapack.es\/cajas-carton-contenedores-cajas-postales\/cajas-para-productos-sensibles-peligrosos_C1080.html\" target=\"_blank\" rel=\"noopener\"><img loading=\"lazy\" decoding=\"async\" class=\"alignleft wp-image-6131 size-thumbnail\" src=\"https:\/\/www.rajapack.es\/blog-es\/wp-content\/uploads\/2017\/09\/caja-isotermica-4-solapas_OFF_ES_0700-150x150.jpg\" alt=\"\" width=\"150\" height=\"150\" srcset=\"https:\/\/www.rajapack.es\/blog-es\/wp-content\/uploads\/2017\/09\/caja-isotermica-4-solapas_OFF_ES_0700-150x150.jpg 150w, https:\/\/www.rajapack.es\/blog-es\/wp-content\/uploads\/2017\/09\/caja-isotermica-4-solapas_OFF_ES_0700-120x120.jpg 120w, https:\/\/www.rajapack.es\/blog-es\/wp-content\/uploads\/2017\/09\/caja-isotermica-4-solapas_OFF_ES_0700-100x100.jpg 100w, https:\/\/www.rajapack.es\/blog-es\/wp-content\/uploads\/2017\/09\/caja-isotermica-4-solapas_OFF_ES_0700.jpg 170w\" sizes=\"(max-width: 150px) 100vw, 150px\" \/><\/a>Como novedad principal, queremos presentar varias soluciones creadas exclusivamente para\u00a0las particularidades del <strong>sector de <\/strong><strong>la<\/strong><strong> alimentaci\u00f3n<\/strong>: para preservar productos frescos (cajas isot\u00e9rmicas, indicadores de temperatura o film de burbujas isot\u00e9rmico entre otros) o de transporte de productos como botellas, latas, garrafas, fruta o verdura.<\/p>\n<p><a href=\"https:\/\/www.rajapack.es\/embalajes-gastronomicos\/cajas-envio-frutas-y-verduras\/bandeja-carton-automontable_OFF_ES_0753.html\" target=\"_blank\" rel=\"noopener\"><img loading=\"lazy\" decoding=\"async\" class=\"wp-image-6518 size-thumbnail alignright\" src=\"https:\/\/www.rajapack.es\/blog-es\/wp-content\/uploads\/2017\/10\/descarga-5-150x150.png\" alt=\"\" width=\"150\" height=\"150\" srcset=\"https:\/\/www.rajapack.es\/blog-es\/wp-content\/uploads\/2017\/10\/descarga-5-150x150.png 150w, https:\/\/www.rajapack.es\/blog-es\/wp-content\/uploads\/2017\/10\/descarga-5-120x120.png 120w, https:\/\/www.rajapack.es\/blog-es\/wp-content\/uploads\/2017\/10\/descarga-5-100x100.png 100w\" sizes=\"(max-width: 150px) 100vw, 150px\" \/><\/a>Tambi\u00e9n presentaremos c\u00f3mo han evolucionado las cajas para dar un montaje m\u00e1s r\u00e1pido y de esa forma optimizar los procesos de montaje con <strong>soluciones automontables,<\/strong> que adem\u00e1s son resistentes, apilables, faciles de transportar y se adaptan a todo tipo de productos y sectores<strong>. <\/strong>Aunque tambi\u00e9n ofreceremos los m\u00e1s de 4.000 productos de siempre.<\/p>\n<p><span style=\"color: #33cccc;\"><img loading=\"lazy\" decoding=\"async\" class=\" wp-image-7518 alignleft\" src=\"https:\/\/www.rajapack.es\/blog-es\/wp-content\/uploads\/2018\/01\/ES_DG.png\" alt=\"\" width=\"82\" height=\"82\" srcset=\"https:\/\/www.rajapack.es\/blog-es\/wp-content\/uploads\/2018\/01\/ES_DG.png 157w, https:\/\/www.rajapack.es\/blog-es\/wp-content\/uploads\/2018\/01\/ES_DG-120x120.png 120w, https:\/\/www.rajapack.es\/blog-es\/wp-content\/uploads\/2018\/01\/ES_DG-150x150.png 150w, https:\/\/www.rajapack.es\/blog-es\/wp-content\/uploads\/2018\/01\/ES_DG-100x100.png 100w\" sizes=\"(max-width: 82px) 100vw, 82px\" \/>\u00abEl embalaje est\u00e1 preparado para responder a las necesidades de todo tipo de mercados y el concepto de la caja de cart\u00f3n simple ya no existe. La variedad de alternativas para que el env\u00edo de productos sea m\u00e1s eficiente permite a las empresas ver al embalaje como una ventaja competitiva en lugar de un gasto m\u00e1s.\u00bb &#8211; <em>Bernard de Paauw, Director de Espa\u00f1a y Portugal de Rajapack<\/em><\/span><\/p>\n<p>El concepto del embalaje ha cambiado mucho durante los a\u00f1os, ahora se entiende como una oportunidad: no s\u00f3lo sirve para proteger el producto, ahora tambi\u00e9n es una primera imagen que tiene el cliente sobre tu producto, adem\u00e1s que existe un gran compromiso medioambiental y se busca una forma para reducir las incidencias log\u00edsticas durante el transporte y ocupar poco espacio de almacenamiento.\u00a0Debido a estos cambios, el embalaje ha evolucionado y Rajapack lo ha hecho con \u00e9l, por esa raz\u00f3n te invitamos a venir nuestro stand y compartir ideas juntos.<\/p>\n<p>Para todos los que est\u00e9is interesados en participar de este evento y quer\u00e1is venir a vernos, no dud\u00e9is en poneros en contacto con nosotros en el\u00a0<strong>902 20 30 06\u00a0<\/strong>y para acceso gratuito haz click <a href=\"https:\/\/www.rajapack.es\/empack-2017_cms_000098.html\" target=\"_blank\" rel=\"noopener\">aqu\u00ed<\/a>.<\/p>\n","protected":false},"excerpt":{"rendered":"<p>Los pr\u00f3ximos\u00a0d\u00edas\u00a07 y 8 de noviembre se celebrar\u00e1 en Madrid\u00a0la nueva edici\u00f3n del\u00a0evento\u00a0del envase y el embalaje m\u00e1s importante de Espa\u00f1a,\u00a0Empack, que tendr\u00e1 lugar en el recinto de la Feria de Madrid. \u00bfNos vendr\u00e1s a visitar? En este post te explicamos qu\u00e9 presentaremos.<\/p>\n","protected":false},"author":21,"featured_media":6502,"comment_status":"open","ping_status":"open","sticky":false,"template":"","format":"standard","meta":{"_acf_changed":false,"footnotes":""},"categories":[6],"tags":[106],"class_list":["post-6501","post","type-post","status-publish","format-standard","has-post-thumbnail","hentry","category-noticias","tag-embalajes"],"acf":[],"yoast_head":"\n<title>Rajapack en Empack 2017 los d\u00edas 7 y 8 de noviembre RAJAPACK<\/title>\n<meta name=\"description\" content=\"Los pr\u00f3ximos d\u00edas 7 y 8 de noviembre se celebrar\u00e1 en Madrid la nueva edici\u00f3n de Empack en la Feria de Madrid. Rajapack estar\u00e1 en el Stand C32 (Pabell\u00f3n 9).\" \/>\n<meta name=\"robots\" content=\"index, follow, max-snippet:-1, max-image-preview:large, max-video-preview:-1\" \/>\n<link rel=\"canonical\" href=\"https:\/\/www.rajapack.es\/blog-es\/rajapack-en-empack-2017-durante-los-dias-7-y-8-de-noviembre\" \/>\n<meta property=\"og:locale\" content=\"es_ES\" \/>\n<meta property=\"og:type\" content=\"article\" \/>\n<meta property=\"og:title\" content=\"Rajapack en Empack 2017 los d\u00edas 7 y 8 de noviembre RAJAPACK\" \/>\n<meta property=\"og:description\" content=\"Los pr\u00f3ximos d\u00edas 7 y 8 de noviembre se celebrar\u00e1 en Madrid la nueva edici\u00f3n de Empack en la Feria de Madrid. Rajapack estar\u00e1 en el Stand C32 (Pabell\u00f3n 9).\" \/>\n<meta property=\"og:url\" content=\"https:\/\/www.rajapack.es\/blog-es\/rajapack-en-empack-2017-durante-los-dias-7-y-8-de-noviembre\" \/>\n<meta property=\"og:site_name\" content=\"RAJAPACK Blog | Consejos de embalaje, log\u00edstica y m\u00e1s\" \/>\n<meta property=\"article:publisher\" content=\"https:\/\/www.facebook.com\/Rajapack.es\" \/>\n<meta property=\"article:published_time\" content=\"2017-11-02T07:00:10+00:00\" \/>\n<meta property=\"article:modified_time\" content=\"2022-04-03T22:40:23+00:00\" \/>\n<meta property=\"og:image\" content=\"https:\/\/www.rajapack.es\/blog-es\/wp-content\/uploads\/2017\/10\/empack2017.jpg\" \/>\n\t<meta property=\"og:image:width\" content=\"850\" \/>\n\t<meta property=\"og:image:height\" content=\"450\" \/>\n\t<meta property=\"og:image:type\" content=\"image\/jpeg\" \/>\n<meta name=\"author\" content=\"Victor Perez\" \/>\n<meta name=\"twitter:card\" content=\"summary_large_image\" \/>\n<meta name=\"twitter:creator\" content=\"@RajapackES\" \/>\n<meta name=\"twitter:site\" content=\"@RajapackES\" \/>\n<meta name=\"twitter:label1\" content=\"Escrito por\" \/>\n\t<meta name=\"twitter:data1\" content=\"Victor Perez\" \/>\n\t<meta name=\"twitter:label2\" content=\"Tiempo de lectura\" \/>\n\t<meta name=\"twitter:data2\" content=\"3 minutos\" \/>\n<script type=\"application\/ld+json\" class=\"yoast-schema-graph\">{\n\t    \"@context\": \"https:\/\/schema.org\",\n\t    \"@graph\": [\n\t        {\n\t            \"@type\": \"Article\",\n\t            \"@id\": \"https:\/\/www.rajapack.es\/blog-es\/rajapack-en-empack-2017-durante-los-dias-7-y-8-de-noviembre#article\",\n\t            \"isPartOf\": {\n\t                \"@id\": \"https:\/\/www.rajapack.es\/blog-es\/rajapack-en-empack-2017-durante-los-dias-7-y-8-de-noviembre\"\n\t            },\n\t            \"author\": {\n\t                \"name\": \"Victor Perez\",\n\t                \"@id\": \"https:\/\/www.rajapack.es\/blog-es\/#\/schema\/person\/fd906758d90ebc74ad7e05e7bd1e0ee9\"\n\t            },\n\t            \"headline\": \"Rajapack en Empack 2017 los d\u00edas 7 y 8 de noviembre\",\n\t            \"datePublished\": \"2017-11-02T07:00:10+00:00\",\n\t            \"dateModified\": \"2022-04-03T22:40:23+00:00\",\n\t            \"mainEntityOfPage\": {\n\t                \"@id\": \"https:\/\/www.rajapack.es\/blog-es\/rajapack-en-empack-2017-durante-los-dias-7-y-8-de-noviembre\"\n\t            },\n\t            \"wordCount\": 520,\n\t            \"commentCount\": 0,\n\t            \"publisher\": {\n\t                \"@id\": \"https:\/\/www.rajapack.es\/blog-es\/#organization\"\n\t            },\n\t            \"image\": {\n\t                \"@id\": \"https:\/\/www.rajapack.es\/blog-es\/rajapack-en-empack-2017-durante-los-dias-7-y-8-de-noviembre#primaryimage\"\n\t            },\n\t            \"thumbnailUrl\": \"https:\/\/www.rajapack.es\/blog-es\/wp-content\/uploads\/2017\/10\/empack2017.jpg\",\n\t            \"keywords\": [\n\t                \"embalajes\"\n\t            ],\n\t            \"articleSection\": [\n\t                \"Noticias y eventos\"\n\t            ],\n\t            \"inLanguage\": \"es\",\n\t            \"potentialAction\": [\n\t                {\n\t                    \"@type\": \"CommentAction\",\n\t                    \"name\": \"Comment\",\n\t                    \"target\": [\n\t                        \"https:\/\/www.rajapack.es\/blog-es\/rajapack-en-empack-2017-durante-los-dias-7-y-8-de-noviembre#respond\"\n\t                    ]\n\t                }\n\t            ]\n\t        },\n\t        {\n\t            \"@type\": \"WebPage\",\n\t            \"@id\": \"https:\/\/www.rajapack.es\/blog-es\/rajapack-en-empack-2017-durante-los-dias-7-y-8-de-noviembre\",\n\t            \"url\": \"https:\/\/www.rajapack.es\/blog-es\/rajapack-en-empack-2017-durante-los-dias-7-y-8-de-noviembre\",\n\t            \"name\": \"Rajapack en Empack 2017 los d\u00edas 7 y 8 de noviembre RAJAPACK\",\n\t            \"isPartOf\": {\n\t                \"@id\": \"https:\/\/www.rajapack.es\/blog-es\/#website\"\n\t            },\n\t            \"primaryImageOfPage\": {\n\t                \"@id\": \"https:\/\/www.rajapack.es\/blog-es\/rajapack-en-empack-2017-durante-los-dias-7-y-8-de-noviembre#primaryimage\"\n\t            },\n\t            \"image\": {\n\t                \"@id\": \"https:\/\/www.rajapack.es\/blog-es\/rajapack-en-empack-2017-durante-los-dias-7-y-8-de-noviembre#primaryimage\"\n\t            },\n\t            \"thumbnailUrl\": \"https:\/\/www.rajapack.es\/blog-es\/wp-content\/uploads\/2017\/10\/empack2017.jpg\",\n\t            \"datePublished\": \"2017-11-02T07:00:10+00:00\",\n\t            \"dateModified\": \"2022-04-03T22:40:23+00:00\",\n\t            \"description\": \"Los pr\u00f3ximos d\u00edas 7 y 8 de noviembre se celebrar\u00e1 en Madrid la nueva edici\u00f3n de Empack en la Feria de Madrid. Rajapack estar\u00e1 en el Stand C32 (Pabell\u00f3n 9).\",\n\t            \"inLanguage\": \"es\",\n\t            \"potentialAction\": [\n\t                {\n\t                    \"@type\": \"ReadAction\",\n\t                    \"target\": [\n\t                        \"https:\/\/www.rajapack.es\/blog-es\/rajapack-en-empack-2017-durante-los-dias-7-y-8-de-noviembre\"\n\t                    ]\n\t                }\n\t            ]\n\t        },\n\t        {\n\t            \"@type\": \"ImageObject\",\n\t            \"inLanguage\": \"es\",\n\t            \"@id\": \"https:\/\/www.rajapack.es\/blog-es\/rajapack-en-empack-2017-durante-los-dias-7-y-8-de-noviembre#primaryimage\",\n\t            \"url\": \"https:\/\/www.rajapack.es\/blog-es\/wp-content\/uploads\/2017\/10\/empack2017.jpg\",\n\t            \"contentUrl\": \"https:\/\/www.rajapack.es\/blog-es\/wp-content\/uploads\/2017\/10\/empack2017.jpg\",\n\t            \"width\": 850,\n\t            \"height\": 450\n\t        },\n\t        {\n\t            \"@type\": \"WebSite\",\n\t            \"@id\": \"https:\/\/www.rajapack.es\/blog-es\/#website\",\n\t            \"url\": \"https:\/\/www.rajapack.es\/blog-es\/\",\n\t            \"name\": \"RAJAPACK Blog | Consejos de embalaje, log\u00edstica y m\u00e1s\",\n\t            \"description\": \"Consejos de embalaje, logistica y m\u00e1s\",\n\t            \"publisher\": {\n\t                \"@id\": \"https:\/\/www.rajapack.es\/blog-es\/#organization\"\n\t            },\n\t            \"potentialAction\": [\n\t                {\n\t                    \"@type\": \"SearchAction\",\n\t                    \"target\": {\n\t                        \"@type\": \"EntryPoint\",\n\t                        \"urlTemplate\": \"https:\/\/www.rajapack.es\/blog-es\/?s={search_term_string}\"\n\t                    },\n\t                    \"query-input\": {\n\t                        \"@type\": \"PropertyValueSpecification\",\n\t                        \"valueRequired\": true,\n\t                        \"valueName\": \"search_term_string\"\n\t                    }\n\t                }\n\t            ],\n\t            \"inLanguage\": \"es\"\n\t        },\n\t        {\n\t            \"@type\": \"Organization\",\n\t            \"@id\": \"https:\/\/www.rajapack.es\/blog-es\/#organization\",\n\t            \"name\": \"RAJA ES\",\n\t            \"url\": \"https:\/\/www.rajapack.es\/blog-es\/\",\n\t            \"logo\": {\n\t                \"@type\": \"ImageObject\",\n\t                \"inLanguage\": \"es\",\n\t                \"@id\": \"https:\/\/www.rajapack.es\/blog-es\/#\/schema\/logo\/image\/\",\n\t                \"url\": \"https:\/\/www.rajapack.es\/blog-es\/wp-content\/uploads\/2021\/10\/logo-mobile@3x.png\",\n\t                \"contentUrl\": \"https:\/\/www.rajapack.es\/blog-es\/wp-content\/uploads\/2021\/10\/logo-mobile@3x.png\",\n\t                \"width\": 534,\n\t                \"height\": 114,\n\t                \"caption\": \"RAJA ES\"\n\t            },\n\t            \"image\": {\n\t                \"@id\": \"https:\/\/www.rajapack.es\/blog-es\/#\/schema\/logo\/image\/\"\n\t            },\n\t            \"sameAs\": [\n\t                \"https:\/\/www.facebook.com\/Rajapack.es\",\n\t                \"https:\/\/x.com\/RajapackES\",\n\t                \"https:\/\/www.linkedin.com\/company\/rajapack-spain\/\",\n\t                \"https:\/\/www.youtube.com\/user\/RajapackES\"\n\t            ]\n\t        },\n\t        {\n\t            \"@type\": \"Person\",\n\t            \"@id\": \"https:\/\/www.rajapack.es\/blog-es\/#\/schema\/person\/fd906758d90ebc74ad7e05e7bd1e0ee9\",\n\t            \"name\": \"Victor Perez\",\n\t            \"image\": {\n\t                \"@type\": \"ImageObject\",\n\t                \"inLanguage\": \"es\",\n\t                \"@id\": \"https:\/\/www.rajapack.es\/blog-es\/#\/schema\/person\/image\/\",\n\t                \"url\": \"https:\/\/secure.gravatar.com\/avatar\/d0d8096668b087ab3f0237abbd9b803b?s=96&d=mm&r=g\",\n\t                \"contentUrl\": \"https:\/\/secure.gravatar.com\/avatar\/d0d8096668b087ab3f0237abbd9b803b?s=96&d=mm&r=g\",\n\t                \"caption\": \"Victor Perez\"\n\t            },\n\t            \"description\": \"Web Marketer Junior\",\n\t            \"url\": \"https:\/\/www.rajapack.es\/blog-es\/author\/vperez\"\n\t        }\n\t    ]\n\t}<\/script>\n","yoast_head_json":{"title":"Rajapack en Empack 2017 los d\u00edas 7 y 8 de noviembre RAJAPACK","description":"Los pr\u00f3ximos d\u00edas 7 y 8 de noviembre se celebrar\u00e1 en Madrid la nueva edici\u00f3n de Empack en la Feria de Madrid. Rajapack estar\u00e1 en el Stand C32 (Pabell\u00f3n 9).","robots":{"index":"index","follow":"follow","max-snippet":"max-snippet:-1","max-image-preview":"max-image-preview:large","max-video-preview":"max-video-preview:-1"},"canonical":"https:\/\/www.rajapack.es\/blog-es\/rajapack-en-empack-2017-durante-los-dias-7-y-8-de-noviembre","og_locale":"es_ES","og_type":"article","og_title":"Rajapack en Empack 2017 los d\u00edas 7 y 8 de noviembre RAJAPACK","og_description":"Los pr\u00f3ximos d\u00edas 7 y 8 de noviembre se celebrar\u00e1 en Madrid la nueva edici\u00f3n de Empack en la Feria de Madrid. Rajapack estar\u00e1 en el Stand C32 (Pabell\u00f3n 9).","og_url":"https:\/\/www.rajapack.es\/blog-es\/rajapack-en-empack-2017-durante-los-dias-7-y-8-de-noviembre","og_site_name":"RAJAPACK Blog | Consejos de embalaje, log\u00edstica y m\u00e1s","article_publisher":"https:\/\/www.facebook.com\/Rajapack.es","article_published_time":"2017-11-02T07:00:10+00:00","article_modified_time":"2022-04-03T22:40:23+00:00","og_image":[{"width":850,"height":450,"url":"https:\/\/www.rajapack.es\/blog-es\/wp-content\/uploads\/2017\/10\/empack2017.jpg","type":"image\/jpeg"}],"author":"Victor Perez","twitter_card":"summary_large_image","twitter_creator":"@RajapackES","twitter_site":"@RajapackES","twitter_misc":{"Escrito por":"Victor Perez","Tiempo de lectura":"3 minutos"},"schema":{"@context":"https:\/\/schema.org","@graph":[{"@type":"Article","@id":"https:\/\/www.rajapack.es\/blog-es\/rajapack-en-empack-2017-durante-los-dias-7-y-8-de-noviembre#article","isPartOf":{"@id":"https:\/\/www.rajapack.es\/blog-es\/rajapack-en-empack-2017-durante-los-dias-7-y-8-de-noviembre"},"author":{"name":"Victor Perez","@id":"https:\/\/www.rajapack.es\/blog-es\/#\/schema\/person\/fd906758d90ebc74ad7e05e7bd1e0ee9"},"headline":"Rajapack en Empack 2017 los d\u00edas 7 y 8 de noviembre","datePublished":"2017-11-02T07:00:10+00:00","dateModified":"2022-04-03T22:40:23+00:00","mainEntityOfPage":{"@id":"https:\/\/www.rajapack.es\/blog-es\/rajapack-en-empack-2017-durante-los-dias-7-y-8-de-noviembre"},"wordCount":520,"commentCount":0,"publisher":{"@id":"https:\/\/www.rajapack.es\/blog-es\/#organization"},"image":{"@id":"https:\/\/www.rajapack.es\/blog-es\/rajapack-en-empack-2017-durante-los-dias-7-y-8-de-noviembre#primaryimage"},"thumbnailUrl":"https:\/\/www.rajapack.es\/blog-es\/wp-content\/uploads\/2017\/10\/empack2017.jpg","keywords":["embalajes"],"articleSection":["Noticias y eventos"],"inLanguage":"es","potentialAction":[{"@type":"CommentAction","name":"Comment","target":["https:\/\/www.rajapack.es\/blog-es\/rajapack-en-empack-2017-durante-los-dias-7-y-8-de-noviembre#respond"]}]},{"@type":"WebPage","@id":"https:\/\/www.rajapack.es\/blog-es\/rajapack-en-empack-2017-durante-los-dias-7-y-8-de-noviembre","url":"https:\/\/www.rajapack.es\/blog-es\/rajapack-en-empack-2017-durante-los-dias-7-y-8-de-noviembre","name":"Rajapack en Empack 2017 los d\u00edas 7 y 8 de noviembre RAJAPACK","isPartOf":{"@id":"https:\/\/www.rajapack.es\/blog-es\/#website"},"primaryImageOfPage":{"@id":"https:\/\/www.rajapack.es\/blog-es\/rajapack-en-empack-2017-durante-los-dias-7-y-8-de-noviembre#primaryimage"},"image":{"@id":"https:\/\/www.rajapack.es\/blog-es\/rajapack-en-empack-2017-durante-los-dias-7-y-8-de-noviembre#primaryimage"},"thumbnailUrl":"https:\/\/www.rajapack.es\/blog-es\/wp-content\/uploads\/2017\/10\/empack2017.jpg","datePublished":"2017-11-02T07:00:10+00:00","dateModified":"2022-04-03T22:40:23+00:00","description":"Los pr\u00f3ximos d\u00edas 7 y 8 de noviembre se celebrar\u00e1 en Madrid la nueva edici\u00f3n de Empack en la Feria de Madrid. Rajapack estar\u00e1 en el Stand C32 (Pabell\u00f3n 9).","inLanguage":"es","potentialAction":[{"@type":"ReadAction","target":["https:\/\/www.rajapack.es\/blog-es\/rajapack-en-empack-2017-durante-los-dias-7-y-8-de-noviembre"]}]},{"@type":"ImageObject","inLanguage":"es","@id":"https:\/\/www.rajapack.es\/blog-es\/rajapack-en-empack-2017-durante-los-dias-7-y-8-de-noviembre#primaryimage","url":"https:\/\/www.rajapack.es\/blog-es\/wp-content\/uploads\/2017\/10\/empack2017.jpg","contentUrl":"https:\/\/www.rajapack.es\/blog-es\/wp-content\/uploads\/2017\/10\/empack2017.jpg","width":850,"height":450},{"@type":"WebSite","@id":"https:\/\/www.rajapack.es\/blog-es\/#website","url":"https:\/\/www.rajapack.es\/blog-es\/","name":"RAJAPACK Blog | Consejos de embalaje, log\u00edstica y m\u00e1s","description":"Consejos de embalaje, logistica y m\u00e1s","publisher":{"@id":"https:\/\/www.rajapack.es\/blog-es\/#organization"},"potentialAction":[{"@type":"SearchAction","target":{"@type":"EntryPoint","urlTemplate":"https:\/\/www.rajapack.es\/blog-es\/?s={search_term_string}"},"query-input":{"@type":"PropertyValueSpecification","valueRequired":true,"valueName":"search_term_string"}}],"inLanguage":"es"},{"@type":"Organization","@id":"https:\/\/www.rajapack.es\/blog-es\/#organization","name":"RAJA ES","url":"https:\/\/www.rajapack.es\/blog-es\/","logo":{"@type":"ImageObject","inLanguage":"es","@id":"https:\/\/www.rajapack.es\/blog-es\/#\/schema\/logo\/image\/","url":"https:\/\/www.rajapack.es\/blog-es\/wp-content\/uploads\/2021\/10\/logo-mobile@3x.png","contentUrl":"https:\/\/www.rajapack.es\/blog-es\/wp-content\/uploads\/2021\/10\/logo-mobile@3x.png","width":534,"height":114,"caption":"RAJA ES"},"image":{"@id":"https:\/\/www.rajapack.es\/blog-es\/#\/schema\/logo\/image\/"},"sameAs":["https:\/\/www.facebook.com\/Rajapack.es","https:\/\/x.com\/RajapackES","https:\/\/www.linkedin.com\/company\/rajapack-spain\/","https:\/\/www.youtube.com\/user\/RajapackES"]},{"@type":"Person","@id":"https:\/\/www.rajapack.es\/blog-es\/#\/schema\/person\/fd906758d90ebc74ad7e05e7bd1e0ee9","name":"Victor Perez","image":{"@type":"ImageObject","inLanguage":"es","@id":"https:\/\/www.rajapack.es\/blog-es\/#\/schema\/person\/image\/","url":"https:\/\/secure.gravatar.com\/avatar\/d0d8096668b087ab3f0237abbd9b803b?s=96&d=mm&r=g","contentUrl":"https:\/\/secure.gravatar.com\/avatar\/d0d8096668b087ab3f0237abbd9b803b?s=96&d=mm&r=g","caption":"Victor Perez"},"description":"Web Marketer Junior","url":"https:\/\/www.rajapack.es\/blog-es\/author\/vperez"}]}},"_links":{"self":[{"href":"https:\/\/www.rajapack.es\/blog-es\/wp-json\/wp\/v2\/posts\/6501"}],"collection":[{"href":"https:\/\/www.rajapack.es\/blog-es\/wp-json\/wp\/v2\/posts"}],"about":[{"href":"https:\/\/www.rajapack.es\/blog-es\/wp-json\/wp\/v2\/types\/post"}],"author":[{"embeddable":true,"href":"https:\/\/www.rajapack.es\/blog-es\/wp-json\/wp\/v2\/users\/21"}],"replies":[{"embeddable":true,"href":"https:\/\/www.rajapack.es\/blog-es\/wp-json\/wp\/v2\/comments?post=6501"}],"version-history":[{"count":0,"href":"https:\/\/www.rajapack.es\/blog-es\/wp-json\/wp\/v2\/posts\/6501\/revisions"}],"wp:featuredmedia":[{"embeddable":true,"href":"https:\/\/www.rajapack.es\/blog-es\/wp-json\/wp\/v2\/media\/6502"}],"wp:attachment":[{"href":"https:\/\/www.rajapack.es\/blog-es\/wp-json\/wp\/v2\/media?parent=6501"}],"wp:term":[{"taxonomy":"category","embeddable":true,"href":"https:\/\/www.rajapack.es\/blog-es\/wp-json\/wp\/v2\/categories?post=6501"},{"taxonomy":"post_tag","embeddable":true,"href":"https:\/\/www.rajapack.es\/blog-es\/wp-json\/wp\/v2\/tags?post=6501"}],"curies":[{"name":"wp","href":"https:\/\/api.w.org\/{rel}","templated":true}]}}