{"id":6567,"date":"2017-11-20T18:01:16","date_gmt":"2017-11-20T16:01:16","guid":{"rendered":"https:\/\/blog-staging-es.raja-group.com\/?p=6567"},"modified":"2018-05-28T17:24:40","modified_gmt":"2018-05-28T15:24:40","slug":"mujeres-y-medio-ambiente","status":"publish","type":"post","link":"https:\/\/www.rajapack.es\/blog-es\/mujeres-y-medio-ambiente","title":{"rendered":"Mujeres y medio ambiente"},"content":{"rendered":"<p class=\"gris\">Creada en 2006\u00a0por Dani\u00e8le Kapel-Marcovici, bajo los auspicios de la fundaci\u00f3n de Francia, la Fundaci\u00f3n RAJA-Dani\u00e8le Marcovici promueve proyectos solidarios en favor de las mujeres, para su mejora de condiciones de vida, ellas son las primeras v\u00edctimas de la violencia, de las injusticias y de la pobreza\u00a0en todo el mundo.<\/p>\n<p class=\"gris\">Las acciones que promueven tienen 3 puntos principales:<\/p>\n<ul>\n<li class=\"gris\"><strong>Defender los derechos de las mujeres,<\/strong> prevenir y luchar contras las injusticias y la violencia de la que son v\u00edctimas.<\/li>\n<li class=\"gris\"><strong>Educar, formar y promover su inserci\u00f3n laboral,<\/strong> para asegurar su empoderamiento, emancipaci\u00f3n y autonom\u00eda financiera.<\/li>\n<li class=\"gris\"><strong>Ayudar a las mujeres v\u00edctimas de desigualdades<\/strong> y exclusi\u00f3n social, facilitando la reinserci\u00f3n social.<\/li>\n<\/ul>\n<p>Una de las acciones que se hace actualmente se llama <a href=\"https:\/\/www.rajapack.es\/mujeres-y-medioambiente_cms_000048.html\" target=\"_blank\" rel=\"noopener\">Mujeres y Medio Ambiente<\/a>, que por partida doble se ayuda a mujeres de alrededor del mundo y fomenta la compra de productos que ayudan al medioambiente.<\/p>\n<h2>Programa de acciones:\u00a0\u00abMujeres y Medio ambiente\u00bb<\/h2>\n<p>En setiembre de 2015 se empez\u00f3 el programa de acciones mujeres y medio ambiente que apoya a proyectos solidarios a trav\u00e9s de asociaciones en todo el mundo. El objetivo es financiar 5 proyectos solidarios de la Fundaci\u00f3n RAJA-Dani\u00e8le Marcovici:<\/p>\n<ul>\n<li><strong>Bolivia Inti Sud Soleil &#8211; Per\u00fa:<\/strong> Promueven la cocina solar para favorecer la autonom\u00eda energ\u00e9tica de las mujeres y acompa\u00f1arles en el desarrollo de su actividad econ\u00f3mica.<\/li>\n<li><strong>Rejou\u00e9 &#8211; Francia:<\/strong>\u00a0Desarrollan\u00a0un sistema de reciclaje de juguetes usados gestionado por mujeres en reinserci\u00f3n, para su posterior venta a precios solidarios.<\/li>\n<li><strong>Envol Vert &#8211; Colombia:<\/strong> Forman\u00a0a las mujeres en t\u00e9cnicas agroforestales para desarrollar sus ingresos, contribuir a la regeneraci\u00f3n de la biodiversidad en Sierra Nevada y garantizar la seguridad alimentaria de la poblaci\u00f3n.<\/li>\n<li><strong>Re-Belle &#8211; Francia:<\/strong> Luchan contra el desperdicio de alimentos mediante la transformaci\u00f3n de frutas y verduras no vendidas en confituras artesanales, en el marco de inserci\u00f3n de las mujeres.<\/li>\n<li><strong>Bolivia Inti Sud Solil &#8211; Bolivia:<\/strong>\u00a0Refuerzan la autonom\u00eda de las mujeres mediante la capacitaci\u00f3n en tecnolog\u00eda de secado solar, producci\u00f3n y comercializaci\u00f3n de frutas y hortalizas secas.<\/li>\n<\/ul>\n<p>Si desea saber m\u00e1s informaci\u00f3n sobre estos proyectos, haga click <a href=\"https:\/\/www.rajapack.es\/mujeres-y-medioambiente\/proyectos_cms_000052.html\" target=\"_blank\" rel=\"noopener\">aqu\u00ed<\/a>.<\/p>\n<h2>\u00bfC\u00f3mo se participa en el programa?<\/h2>\n<p>Hasta el 28 de febrero de 2018, por cada compra realizada entre nuestra selecci\u00f3n de 13 productos eco-responsables Rajapack destinar\u00e1 1 o 2\u20ac para financiar 5 proyectos solidarios en favor de las mujeres y el medio ambiente.<\/p>\n<p><img loading=\"lazy\" decoding=\"async\" class=\"alignleft wp-image-6631 size-medium\" src=\"https:\/\/www.rajapack.es\/blog-es\/wp-content\/uploads\/2017\/11\/productos-eco-responsables-rajapack-300x169.jpg\" alt=\"Producto eco-responsable - Mujeres y medioambiente\" width=\"300\" height=\"169\" \/>La <strong><a href=\"https:\/\/www.rajapack.es\/mujeres-y-medioambiente\/embalajes-ecoresponsables_cms_000051.html\" target=\"_blank\" rel=\"noopener\">selecci\u00f3n de productos\u00a0eco-responsables<\/a><\/strong>\u00a0para esta operaci\u00f3n son 100% reciclables.<\/p>\n<p>Se fabrican a partir de <strong>fuentes renovables<\/strong> (cart\u00f3n o papel) o est\u00e1n compuestos, total o parcialmente, de <strong>material reciclado<\/strong>. De este modo, permiten ahorrar materias primas y reducir el volumen de residuos. Gracias al proceso de reciclado de papel y cart\u00f3n, estos productos, una vez utilizados, podr\u00e1n reciclarse para dar vida a nuevos productos.<\/p>\n<p>En la selecci\u00f3n de productos hay\u00a0<strong>diferentes categor\u00edas:<\/strong> cajas de cart\u00f3n, sobres, bolsas de papel, cintas adhesivas, etiquetas, papel kraft, gavetas de cart\u00f3n, papel de secado, vasos de cart\u00f3n y palets de fibra.<\/p>\n<h2>Balance del programa<\/h2>\n<p>Los datos recogidos el pasado 31 de mayo nos indican que ya\u00a0se han recaudado en la Foundation RAJA-Dani\u00e8le Marcovici:\u00a0<strong>6&#8217;8M\u20ac<\/strong> destinados a <strong>360 proyectos<\/strong> cofinanciados, <strong>228 asociaciones <\/strong>sostenidas, <strong>78.000 mujeres<\/strong> de <strong>50 paises<\/strong> beneficiadas.<\/p>\n<p>Algunos ejemplos de contribuci\u00f3n con la acci\u00f3n de Mujeres y Medio ambiente son:<\/p>\n<ul>\n<li>Cada 10\u20ac se puede comprar 1 kit de horticultura: regadera, rastrillo y carretilla<\/li>\n<li>Cada 10\u20ac se pueden formar 3 ni\u00f1os eco-responsablemente<\/li>\n<li>Cada 10\u20ac se puede comprar 20 sacos de fertilizante org\u00e1nico<\/li>\n<\/ul>\n<p>Desde Rajapack queremos daros las gracias por apoyarnos a seguir con estos proyectos y tambi\u00e9n queremos animaros a que sig\u00e1is adquiriendo estos productos. Gracias a esta acci\u00f3n ayudamos a mejorar la situaci\u00f3n de la mujer y fomentamos el embalaje fabricado de manera respetuosa con el medio ambiente. Contacta con nosotros a trav\u00e9s del email: contacto@rajapack.es o a trav\u00e9s del tel\u00e9fono 902 20 30 06.<\/p>\n","protected":false},"excerpt":{"rendered":"<p>Creada en 2006\u00a0por Dani\u00e8le Kapel-Marcovici, bajo los auspicios de la fundaci\u00f3n de Francia, la Fundaci\u00f3n RAJA-Dani\u00e8le Marcovici promueve proyectos solidarios en favor de las mujeres, para su mejora de condiciones de vida, ellas son las primeras v\u00edctimas de la violencia, de las injusticias y de la pobreza\u00a0en todo el mundo. Te explicamos m\u00e1s en este post.<\/p>\n","protected":false},"author":49,"featured_media":7104,"comment_status":"open","ping_status":"open","sticky":false,"template":"","format":"standard","meta":{"_acf_changed":false,"footnotes":""},"categories":[6],"tags":[99,163],"class_list":["post-6567","post","type-post","status-publish","format-standard","has-post-thumbnail","hentry","category-noticias","tag-ecologia","tag-grupo-raja"],"acf":[],"yoast_head":"\n<title>Mujeres y medio ambiente RAJAPACK<\/title>\n<meta name=\"description\" content=\"Mujeres y medio ambiente: nuestro nuevo programa de acci\u00f3n. Por cada compra de un producto &quot;eco-responsable&quot; se har\u00e1 una donaci\u00f3n a la fundaci\u00f3n. En este blog te explicamos qu\u00e9 productos ayudan a esta causa y d\u00f3nde va destinado lo que se recaude. Rajapack se compromete con la causa con productos eco-responsables.\" \/>\n<meta name=\"robots\" content=\"index, follow, max-snippet:-1, max-image-preview:large, max-video-preview:-1\" \/>\n<link rel=\"canonical\" href=\"https:\/\/www.rajapack.es\/blog-es\/mujeres-y-medio-ambiente\" \/>\n<meta property=\"og:locale\" content=\"es_ES\" \/>\n<meta property=\"og:type\" content=\"article\" \/>\n<meta property=\"og:title\" content=\"Mujeres y medio ambiente RAJAPACK\" \/>\n<meta property=\"og:description\" content=\"Mujeres y medio ambiente: nuestro nuevo programa de acci\u00f3n. Por cada compra de un producto &quot;eco-responsable&quot; se har\u00e1 una donaci\u00f3n a la fundaci\u00f3n. En este blog te explicamos qu\u00e9 productos ayudan a esta causa y d\u00f3nde va destinado lo que se recaude. Rajapack se compromete con la causa con productos eco-responsables.\" \/>\n<meta property=\"og:url\" content=\"https:\/\/www.rajapack.es\/blog-es\/mujeres-y-medio-ambiente\" \/>\n<meta property=\"og:site_name\" content=\"RAJAPACK Blog | Consejos de embalaje, log\u00edstica y m\u00e1s\" \/>\n<meta property=\"article:publisher\" content=\"https:\/\/www.facebook.com\/Rajapack.es\" \/>\n<meta property=\"article:published_time\" content=\"2017-11-20T16:01:16+00:00\" \/>\n<meta property=\"article:modified_time\" content=\"2018-05-28T15:24:40+00:00\" \/>\n<meta property=\"og:image\" content=\"https:\/\/www.rajapack.es\/blog-es\/wp-content\/uploads\/2017\/11\/fondation-1-1.jpg\" \/>\n\t<meta property=\"og:image:width\" content=\"580\" \/>\n\t<meta property=\"og:image:height\" content=\"348\" \/>\n\t<meta property=\"og:image:type\" content=\"image\/jpeg\" \/>\n<meta name=\"author\" content=\"Sara Alcaraz G\u00e1lvez\" \/>\n<meta name=\"twitter:card\" content=\"summary_large_image\" \/>\n<meta name=\"twitter:creator\" content=\"@RajapackES\" \/>\n<meta name=\"twitter:site\" content=\"@RajapackES\" \/>\n<meta name=\"twitter:label1\" content=\"Escrito por\" \/>\n\t<meta name=\"twitter:data1\" content=\"Sara Alcaraz G\u00e1lvez\" \/>\n\t<meta name=\"twitter:label2\" content=\"Tiempo de lectura\" \/>\n\t<meta name=\"twitter:data2\" content=\"3 minutos\" \/>\n<script type=\"application\/ld+json\" class=\"yoast-schema-graph\">{\n\t    \"@context\": \"https:\/\/schema.org\",\n\t    \"@graph\": [\n\t        {\n\t            \"@type\": \"Article\",\n\t            \"@id\": \"https:\/\/www.rajapack.es\/blog-es\/mujeres-y-medio-ambiente#article\",\n\t            \"isPartOf\": {\n\t                \"@id\": \"https:\/\/www.rajapack.es\/blog-es\/mujeres-y-medio-ambiente\"\n\t            },\n\t            \"author\": {\n\t                \"name\": \"Sara Alcaraz G\u00e1lvez\",\n\t                \"@id\": \"https:\/\/www.rajapack.es\/blog-es\/#\/schema\/person\/354d66fd4e68e587bf52f90a52f6e0d3\"\n\t            },\n\t            \"headline\": \"Mujeres y medio ambiente\",\n\t            \"datePublished\": \"2017-11-20T16:01:16+00:00\",\n\t            \"dateModified\": \"2018-05-28T15:24:40+00:00\",\n\t            \"mainEntityOfPage\": {\n\t                \"@id\": \"https:\/\/www.rajapack.es\/blog-es\/mujeres-y-medio-ambiente\"\n\t            },\n\t            \"wordCount\": 666,\n\t            \"commentCount\": 0,\n\t            \"publisher\": {\n\t                \"@id\": \"https:\/\/www.rajapack.es\/blog-es\/#organization\"\n\t            },\n\t            \"image\": {\n\t                \"@id\": \"https:\/\/www.rajapack.es\/blog-es\/mujeres-y-medio-ambiente#primaryimage\"\n\t            },\n\t            \"thumbnailUrl\": \"https:\/\/www.rajapack.es\/blog-es\/wp-content\/uploads\/2017\/11\/fondation-1-1.jpg\",\n\t            \"keywords\": [\n\t                \"ecolog\u00eda\",\n\t                \"Grupo Raja\"\n\t            ],\n\t            \"articleSection\": [\n\t                \"Noticias y eventos\"\n\t            ],\n\t            \"inLanguage\": \"es\",\n\t            \"potentialAction\": [\n\t                {\n\t                    \"@type\": \"CommentAction\",\n\t                    \"name\": \"Comment\",\n\t                    \"target\": [\n\t                        \"https:\/\/www.rajapack.es\/blog-es\/mujeres-y-medio-ambiente#respond\"\n\t                    ]\n\t                }\n\t            ]\n\t        },\n\t        {\n\t            \"@type\": \"WebPage\",\n\t            \"@id\": \"https:\/\/www.rajapack.es\/blog-es\/mujeres-y-medio-ambiente\",\n\t            \"url\": \"https:\/\/www.rajapack.es\/blog-es\/mujeres-y-medio-ambiente\",\n\t            \"name\": \"Mujeres y medio ambiente RAJAPACK\",\n\t            \"isPartOf\": {\n\t                \"@id\": \"https:\/\/www.rajapack.es\/blog-es\/#website\"\n\t            },\n\t            \"primaryImageOfPage\": {\n\t                \"@id\": \"https:\/\/www.rajapack.es\/blog-es\/mujeres-y-medio-ambiente#primaryimage\"\n\t            },\n\t            \"image\": {\n\t                \"@id\": \"https:\/\/www.rajapack.es\/blog-es\/mujeres-y-medio-ambiente#primaryimage\"\n\t            },\n\t            \"thumbnailUrl\": \"https:\/\/www.rajapack.es\/blog-es\/wp-content\/uploads\/2017\/11\/fondation-1-1.jpg\",\n\t            \"datePublished\": \"2017-11-20T16:01:16+00:00\",\n\t            \"dateModified\": \"2018-05-28T15:24:40+00:00\",\n\t            \"description\": \"Mujeres y medio ambiente: nuestro nuevo programa de acci\u00f3n. Por cada compra de un producto \\\"eco-responsable\\\" se har\u00e1 una donaci\u00f3n a la fundaci\u00f3n. En este blog te explicamos qu\u00e9 productos ayudan a esta causa y d\u00f3nde va destinado lo que se recaude. Rajapack se compromete con la causa con productos eco-responsables.\",\n\t            \"inLanguage\": \"es\",\n\t            \"potentialAction\": [\n\t                {\n\t                    \"@type\": \"ReadAction\",\n\t                    \"target\": [\n\t                        \"https:\/\/www.rajapack.es\/blog-es\/mujeres-y-medio-ambiente\"\n\t                    ]\n\t                }\n\t            ]\n\t        },\n\t        {\n\t            \"@type\": \"ImageObject\",\n\t            \"inLanguage\": \"es\",\n\t            \"@id\": \"https:\/\/www.rajapack.es\/blog-es\/mujeres-y-medio-ambiente#primaryimage\",\n\t            \"url\": \"https:\/\/www.rajapack.es\/blog-es\/wp-content\/uploads\/2017\/11\/fondation-1-1.jpg\",\n\t            \"contentUrl\": \"https:\/\/www.rajapack.es\/blog-es\/wp-content\/uploads\/2017\/11\/fondation-1-1.jpg\",\n\t            \"width\": 580,\n\t            \"height\": 348\n\t        },\n\t        {\n\t            \"@type\": \"WebSite\",\n\t            \"@id\": \"https:\/\/www.rajapack.es\/blog-es\/#website\",\n\t            \"url\": \"https:\/\/www.rajapack.es\/blog-es\/\",\n\t            \"name\": \"RAJAPACK Blog | Consejos de embalaje, log\u00edstica y m\u00e1s\",\n\t            \"description\": \"Consejos de embalaje, logistica y m\u00e1s\",\n\t            \"publisher\": {\n\t                \"@id\": \"https:\/\/www.rajapack.es\/blog-es\/#organization\"\n\t            },\n\t            \"potentialAction\": [\n\t                {\n\t                    \"@type\": \"SearchAction\",\n\t                    \"target\": {\n\t                        \"@type\": \"EntryPoint\",\n\t                        \"urlTemplate\": \"https:\/\/www.rajapack.es\/blog-es\/?s={search_term_string}\"\n\t                    },\n\t                    \"query-input\": {\n\t                        \"@type\": \"PropertyValueSpecification\",\n\t                        \"valueRequired\": true,\n\t                        \"valueName\": \"search_term_string\"\n\t                    }\n\t                }\n\t            ],\n\t            \"inLanguage\": \"es\"\n\t        },\n\t        {\n\t            \"@type\": \"Organization\",\n\t            \"@id\": \"https:\/\/www.rajapack.es\/blog-es\/#organization\",\n\t            \"name\": \"RAJA ES\",\n\t            \"url\": \"https:\/\/www.rajapack.es\/blog-es\/\",\n\t            \"logo\": {\n\t                \"@type\": \"ImageObject\",\n\t                \"inLanguage\": \"es\",\n\t                \"@id\": \"https:\/\/www.rajapack.es\/blog-es\/#\/schema\/logo\/image\/\",\n\t                \"url\": \"https:\/\/www.rajapack.es\/blog-es\/wp-content\/uploads\/2021\/10\/logo-mobile@3x.png\",\n\t                \"contentUrl\": \"https:\/\/www.rajapack.es\/blog-es\/wp-content\/uploads\/2021\/10\/logo-mobile@3x.png\",\n\t                \"width\": 534,\n\t                \"height\": 114,\n\t                \"caption\": \"RAJA ES\"\n\t            },\n\t            \"image\": {\n\t                \"@id\": \"https:\/\/www.rajapack.es\/blog-es\/#\/schema\/logo\/image\/\"\n\t            },\n\t            \"sameAs\": [\n\t                \"https:\/\/www.facebook.com\/Rajapack.es\",\n\t                \"https:\/\/x.com\/RajapackES\",\n\t                \"https:\/\/www.linkedin.com\/company\/rajapack-spain\/\",\n\t                \"https:\/\/www.youtube.com\/user\/RajapackES\"\n\t            ]\n\t        },\n\t        {\n\t            \"@type\": \"Person\",\n\t            \"@id\": \"https:\/\/www.rajapack.es\/blog-es\/#\/schema\/person\/354d66fd4e68e587bf52f90a52f6e0d3\",\n\t            \"name\": \"Sara Alcaraz G\u00e1lvez\",\n\t            \"image\": {\n\t                \"@type\": \"ImageObject\",\n\t                \"inLanguage\": \"es\",\n\t                \"@id\": \"https:\/\/www.rajapack.es\/blog-es\/#\/schema\/person\/image\/\",\n\t                \"url\": \"https:\/\/secure.gravatar.com\/avatar\/67c8c00f9d1fb8454864b9abb11edc1d?s=96&d=mm&r=g\",\n\t                \"contentUrl\": \"https:\/\/secure.gravatar.com\/avatar\/67c8c00f9d1fb8454864b9abb11edc1d?s=96&d=mm&r=g\",\n\t                \"caption\": \"Sara Alcaraz G\u00e1lvez\"\n\t            },\n\t            \"sameAs\": [\n\t                \"https:\/\/www.linkedin.com\/in\/saraalca\/\"\n\t            ],\n\t            \"url\": \"https:\/\/www.rajapack.es\/blog-es\/author\/saraalcarazgalvez\"\n\t        }\n\t    ]\n\t}<\/script>\n","yoast_head_json":{"title":"Mujeres y medio ambiente RAJAPACK","description":"Mujeres y medio ambiente: nuestro nuevo programa de acci\u00f3n. Por cada compra de un producto \"eco-responsable\" se har\u00e1 una donaci\u00f3n a la fundaci\u00f3n. En este blog te explicamos qu\u00e9 productos ayudan a esta causa y d\u00f3nde va destinado lo que se recaude. Rajapack se compromete con la causa con productos eco-responsables.","robots":{"index":"index","follow":"follow","max-snippet":"max-snippet:-1","max-image-preview":"max-image-preview:large","max-video-preview":"max-video-preview:-1"},"canonical":"https:\/\/www.rajapack.es\/blog-es\/mujeres-y-medio-ambiente","og_locale":"es_ES","og_type":"article","og_title":"Mujeres y medio ambiente RAJAPACK","og_description":"Mujeres y medio ambiente: nuestro nuevo programa de acci\u00f3n. Por cada compra de un producto \"eco-responsable\" se har\u00e1 una donaci\u00f3n a la fundaci\u00f3n. En este blog te explicamos qu\u00e9 productos ayudan a esta causa y d\u00f3nde va destinado lo que se recaude. Rajapack se compromete con la causa con productos eco-responsables.","og_url":"https:\/\/www.rajapack.es\/blog-es\/mujeres-y-medio-ambiente","og_site_name":"RAJAPACK Blog | Consejos de embalaje, log\u00edstica y m\u00e1s","article_publisher":"https:\/\/www.facebook.com\/Rajapack.es","article_published_time":"2017-11-20T16:01:16+00:00","article_modified_time":"2018-05-28T15:24:40+00:00","og_image":[{"width":580,"height":348,"url":"https:\/\/www.rajapack.es\/blog-es\/wp-content\/uploads\/2017\/11\/fondation-1-1.jpg","type":"image\/jpeg"}],"author":"Sara Alcaraz G\u00e1lvez","twitter_card":"summary_large_image","twitter_creator":"@RajapackES","twitter_site":"@RajapackES","twitter_misc":{"Escrito por":"Sara Alcaraz G\u00e1lvez","Tiempo de lectura":"3 minutos"},"schema":{"@context":"https:\/\/schema.org","@graph":[{"@type":"Article","@id":"https:\/\/www.rajapack.es\/blog-es\/mujeres-y-medio-ambiente#article","isPartOf":{"@id":"https:\/\/www.rajapack.es\/blog-es\/mujeres-y-medio-ambiente"},"author":{"name":"Sara Alcaraz G\u00e1lvez","@id":"https:\/\/www.rajapack.es\/blog-es\/#\/schema\/person\/354d66fd4e68e587bf52f90a52f6e0d3"},"headline":"Mujeres y medio ambiente","datePublished":"2017-11-20T16:01:16+00:00","dateModified":"2018-05-28T15:24:40+00:00","mainEntityOfPage":{"@id":"https:\/\/www.rajapack.es\/blog-es\/mujeres-y-medio-ambiente"},"wordCount":666,"commentCount":0,"publisher":{"@id":"https:\/\/www.rajapack.es\/blog-es\/#organization"},"image":{"@id":"https:\/\/www.rajapack.es\/blog-es\/mujeres-y-medio-ambiente#primaryimage"},"thumbnailUrl":"https:\/\/www.rajapack.es\/blog-es\/wp-content\/uploads\/2017\/11\/fondation-1-1.jpg","keywords":["ecolog\u00eda","Grupo Raja"],"articleSection":["Noticias y eventos"],"inLanguage":"es","potentialAction":[{"@type":"CommentAction","name":"Comment","target":["https:\/\/www.rajapack.es\/blog-es\/mujeres-y-medio-ambiente#respond"]}]},{"@type":"WebPage","@id":"https:\/\/www.rajapack.es\/blog-es\/mujeres-y-medio-ambiente","url":"https:\/\/www.rajapack.es\/blog-es\/mujeres-y-medio-ambiente","name":"Mujeres y medio ambiente RAJAPACK","isPartOf":{"@id":"https:\/\/www.rajapack.es\/blog-es\/#website"},"primaryImageOfPage":{"@id":"https:\/\/www.rajapack.es\/blog-es\/mujeres-y-medio-ambiente#primaryimage"},"image":{"@id":"https:\/\/www.rajapack.es\/blog-es\/mujeres-y-medio-ambiente#primaryimage"},"thumbnailUrl":"https:\/\/www.rajapack.es\/blog-es\/wp-content\/uploads\/2017\/11\/fondation-1-1.jpg","datePublished":"2017-11-20T16:01:16+00:00","dateModified":"2018-05-28T15:24:40+00:00","description":"Mujeres y medio ambiente: nuestro nuevo programa de acci\u00f3n. Por cada compra de un producto \"eco-responsable\" se har\u00e1 una donaci\u00f3n a la fundaci\u00f3n. En este blog te explicamos qu\u00e9 productos ayudan a esta causa y d\u00f3nde va destinado lo que se recaude. Rajapack se compromete con la causa con productos eco-responsables.","inLanguage":"es","potentialAction":[{"@type":"ReadAction","target":["https:\/\/www.rajapack.es\/blog-es\/mujeres-y-medio-ambiente"]}]},{"@type":"ImageObject","inLanguage":"es","@id":"https:\/\/www.rajapack.es\/blog-es\/mujeres-y-medio-ambiente#primaryimage","url":"https:\/\/www.rajapack.es\/blog-es\/wp-content\/uploads\/2017\/11\/fondation-1-1.jpg","contentUrl":"https:\/\/www.rajapack.es\/blog-es\/wp-content\/uploads\/2017\/11\/fondation-1-1.jpg","width":580,"height":348},{"@type":"WebSite","@id":"https:\/\/www.rajapack.es\/blog-es\/#website","url":"https:\/\/www.rajapack.es\/blog-es\/","name":"RAJAPACK Blog | Consejos de embalaje, log\u00edstica y m\u00e1s","description":"Consejos de embalaje, logistica y m\u00e1s","publisher":{"@id":"https:\/\/www.rajapack.es\/blog-es\/#organization"},"potentialAction":[{"@type":"SearchAction","target":{"@type":"EntryPoint","urlTemplate":"https:\/\/www.rajapack.es\/blog-es\/?s={search_term_string}"},"query-input":{"@type":"PropertyValueSpecification","valueRequired":true,"valueName":"search_term_string"}}],"inLanguage":"es"},{"@type":"Organization","@id":"https:\/\/www.rajapack.es\/blog-es\/#organization","name":"RAJA ES","url":"https:\/\/www.rajapack.es\/blog-es\/","logo":{"@type":"ImageObject","inLanguage":"es","@id":"https:\/\/www.rajapack.es\/blog-es\/#\/schema\/logo\/image\/","url":"https:\/\/www.rajapack.es\/blog-es\/wp-content\/uploads\/2021\/10\/logo-mobile@3x.png","contentUrl":"https:\/\/www.rajapack.es\/blog-es\/wp-content\/uploads\/2021\/10\/logo-mobile@3x.png","width":534,"height":114,"caption":"RAJA ES"},"image":{"@id":"https:\/\/www.rajapack.es\/blog-es\/#\/schema\/logo\/image\/"},"sameAs":["https:\/\/www.facebook.com\/Rajapack.es","https:\/\/x.com\/RajapackES","https:\/\/www.linkedin.com\/company\/rajapack-spain\/","https:\/\/www.youtube.com\/user\/RajapackES"]},{"@type":"Person","@id":"https:\/\/www.rajapack.es\/blog-es\/#\/schema\/person\/354d66fd4e68e587bf52f90a52f6e0d3","name":"Sara Alcaraz G\u00e1lvez","image":{"@type":"ImageObject","inLanguage":"es","@id":"https:\/\/www.rajapack.es\/blog-es\/#\/schema\/person\/image\/","url":"https:\/\/secure.gravatar.com\/avatar\/67c8c00f9d1fb8454864b9abb11edc1d?s=96&d=mm&r=g","contentUrl":"https:\/\/secure.gravatar.com\/avatar\/67c8c00f9d1fb8454864b9abb11edc1d?s=96&d=mm&r=g","caption":"Sara Alcaraz G\u00e1lvez"},"sameAs":["https:\/\/www.linkedin.com\/in\/saraalca\/"],"url":"https:\/\/www.rajapack.es\/blog-es\/author\/saraalcarazgalvez"}]}},"_links":{"self":[{"href":"https:\/\/www.rajapack.es\/blog-es\/wp-json\/wp\/v2\/posts\/6567"}],"collection":[{"href":"https:\/\/www.rajapack.es\/blog-es\/wp-json\/wp\/v2\/posts"}],"about":[{"href":"https:\/\/www.rajapack.es\/blog-es\/wp-json\/wp\/v2\/types\/post"}],"author":[{"embeddable":true,"href":"https:\/\/www.rajapack.es\/blog-es\/wp-json\/wp\/v2\/users\/49"}],"replies":[{"embeddable":true,"href":"https:\/\/www.rajapack.es\/blog-es\/wp-json\/wp\/v2\/comments?post=6567"}],"version-history":[{"count":0,"href":"https:\/\/www.rajapack.es\/blog-es\/wp-json\/wp\/v2\/posts\/6567\/revisions"}],"wp:featuredmedia":[{"embeddable":true,"href":"https:\/\/www.rajapack.es\/blog-es\/wp-json\/wp\/v2\/media\/7104"}],"wp:attachment":[{"href":"https:\/\/www.rajapack.es\/blog-es\/wp-json\/wp\/v2\/media?parent=6567"}],"wp:term":[{"taxonomy":"category","embeddable":true,"href":"https:\/\/www.rajapack.es\/blog-es\/wp-json\/wp\/v2\/categories?post=6567"},{"taxonomy":"post_tag","embeddable":true,"href":"https:\/\/www.rajapack.es\/blog-es\/wp-json\/wp\/v2\/tags?post=6567"}],"curies":[{"name":"wp","href":"https:\/\/api.w.org\/{rel}","templated":true}]}}