{"id":7582,"date":"2018-01-26T12:13:38","date_gmt":"2018-01-26T10:13:38","guid":{"rendered":"https:\/\/blog-staging-es.raja-group.com\/?p=7582"},"modified":"2022-10-17T00:57:03","modified_gmt":"2022-10-16T22:57:03","slug":"evita-plastico-embalaje","status":"publish","type":"post","link":"https:\/\/www.rajapack.es\/blog-es\/evita-plastico-embalaje","title":{"rendered":"Evita el pl\u00e1stico en tu embalaje"},"content":{"rendered":"<p>Este pasado 1 de enero\u00a0<a href=\"https:\/\/www.elconfidencial.com\/tecnologia\/ciencia\/2018-01-10\/china-importacion-plastico-vertederos-espana_1503780\/\">China ha dejado de comprar \u00abbasura extranjera\u00bb<\/a>, y, en consecuencia de esto, <strong>los vertederos de toda Europa se est\u00e1n colapsando con pl\u00e1stico<\/strong>, entre ellos, por supuesto, est\u00e1n los vertederos de Espa\u00f1a. La noticia es alarmante, por eso la Comisi\u00f3n Europea piensa en que se debe crear un impuesto para reducir el uso del pl\u00e1stico, os explicamos los detalles.<\/p>\n<h2>\u00bfPor qu\u00e9 China ha dejado de comprar \u00abbasura extranjera\u00bb?<\/h2>\n<p>La situaci\u00f3n antes del 2018 era ideal, Europa y Estados Unidos consegu\u00edan librarse de muchos desechos a cambio de dinero y China consegu\u00eda que creciera su demanda de pl\u00e1stico a\u00f1o tras a\u00f1o porque su pl\u00e1stico reciclado era m\u00e1s barato que el producido nuevo. China\u00a0convert\u00eda los residuos pl\u00e1sticos en resina para fabricar otros productos de pl\u00e1stico como tuber\u00edas o botellas.<\/p>\n<p>El reciclaje de botellas funcionaba de la siguiente forma:<\/p>\n<ol>\n<li>Las personas\u00a0depositan sus botellas en el contenedor de reciclaje<\/li>\n<li>La empresa de gesti\u00f3n de residuos vende ese pl\u00e1stico a empresas privadas de reciclaje<\/li>\n<li>Estas empresas privadas las transforman en p\u00edldoras de material reciclado<\/li>\n<li>Vuelven a reiniciar el ciclo, en\u00a0el pa\u00eds emisor\u00a0o en China<\/li>\n<\/ol>\n<p>Pero\u00a0el pl\u00e1stico que recib\u00edan desde\u00a0Europa o Estados Unidos\u00a0no era siempre el ideal,\u00a0muchos pl\u00e1sticos <strong>llegaban mal clasificados o sucios<\/strong> y eran muy caros de\u00a0hacer el tratamiento para reciclar, al final, acababan de nuevo en un vertedero. China, cansada de llenar sus vertederos, empez\u00f3 lanzando la operaci\u00f3n Valla Verde, en el 2013, que ten\u00eda como objetivo que la basura que importara\u00a0fuera de mejor calidad, hasta que, finalmente, ha acabado con la compra de residuos. <strong>Ahora China es el nuevo l\u00edder mundial en desarrollo verde.<\/strong><\/p>\n<p>La consecuencia\u00a0m\u00e1s inmediata es que<strong> la basura se est\u00e1 acumulando en todo el mundo,<\/strong> y que la motivaci\u00f3n del reciclaje se est\u00e1 perdiendo debido a que las p\u00edldoras\u00a0de material reciclado se quedan en ninguna parte.<\/p>\n<p><img loading=\"lazy\" decoding=\"async\" class=\"aligncenter\" src=\"https:\/\/ichef.bbci.co.uk\/news\/624\/cpsprodpb\/BBFD\/production\/_99152184_grafico_plastico_01_nc.png\" alt=\"Gr\u00e1fico sobre la cantidad de pl\u00e1stico en el planeta.\" \/><\/p>\n<h2>\u00bfEn qu\u00e9 consiste el impuesto al pl\u00e1stico?<\/h2>\n<p>Debido a la cantidad de residuos que ahora se enfrenta el mundo entero y que resultan imposibles de reciclar, la Comisi\u00f3n Europea\u00a0ha estudiado la manera de reducirlos al m\u00e1ximo, piensan en hacer un impuesto sobre el pl\u00e1stico pero que se reparta entre los diferentes actores de la escala de valor del producto, desde el productor hasta el consumidor final, as\u00ed pretenden conseguir que <strong>quien contamine, pague,<\/strong> pero que no todo el peso de este pago caiga en el consumidor, ya que son las empresas quienes deciden el uso o no del pl\u00e1stico para sus productos. Pero de momento, <strong>no hay impuesto confirmado.<\/strong><\/p>\n<h2>Alternativas<\/h2>\n<p>\u00bfQu\u00e9 se va a hacer con todos los residuos que se est\u00e1n acumulando?<\/p>\n<ul>\n<li>Se est\u00e1n <strong>buscando otros pa\u00edses<\/strong> dispuestos a comprarlos como: Turqu\u00eda, Nideria, India, Tailandia, Vietnam, Pakist\u00e1n&#8230; Pero ninguno de estos pa\u00edses tienen la capacidad ni las regulaciones que ten\u00eda China<\/li>\n<li>Se buscan nuevos formatos de deshacerse del pl\u00e1stico: se investiga si podr\u00eda existir la manera de <strong>quemarlo para obtener energ\u00eda<\/strong> sin generar m\u00e1s contaminaci\u00f3n<\/li>\n<li>Contemplan la idea de <strong>dejar estos residuos en vertederos gigantes<\/strong>, pero esta opci\u00f3n es muy peligrosa debido a los posibles incendios que podr\u00eda generar<\/li>\n<li><strong>Modificar la forma de usar el pl\u00e1stico:<\/strong> El usuario se tiene que adaptar a usar cada vez menos pl\u00e1stico. El gobierno ya est\u00e1 estableciendo medidas para que esto sea as\u00ed, por ejemplo, <a href=\"https:\/\/www.rajapack.es\/blog-es\/normativa-bolsas-plastico-comercios-faq\/\" target=\"_blank\" rel=\"noopener noreferrer\">ahora obligan a los comercios a cobrar las bolsas de pl\u00e1stico.<\/a><\/li>\n<\/ul>\n<h2><\/h2>\n<h2>\u00bfC\u00f3mo se puede adaptar el embalaje a esto?<\/h2>\n<p>Cada d\u00eda m\u00e1s, las empresas se est\u00e1n concienciando en el medio ambiente y eligen productos eco-responsables en sus compras. Pr\u00e1cticamente la mitad de nuestras referencias (47%) son respetuosas con la naturaleza. Pero tambi\u00e9n existen alternativas ecol\u00f3gicas a los productos de pl\u00e1stico como:<\/p>\n<ul>\n<li><strong>Pl\u00e1stico de burbujas: <\/strong>Con las mismas caracter\u00edsticas que el pl\u00e1stico de burbujas cl\u00e1sico pero es de film de polietileno 50% reciclado. Este producto ayuda a reducir el consumo de materias primas. Lo podemos encontrar tambi\u00e9n en bolsas.<\/li>\n<\/ul>\n<p><a href=\"https:\/\/www.rajapack.es\/relleno-proteccion\/plastico-burbujas\/film-plastico-burbujas-reciclado-al-50pc-rajabul_PDT248586.html\" target=\"_blank\" rel=\"noopener noreferrer\"><img loading=\"lazy\" decoding=\"async\" class=\"alignnone wp-image-7598 size-thumbnail\" src=\"https:\/\/www.rajapack.es\/blog-es\/wp-content\/uploads\/2018\/01\/film-plastico-burbujas-50-reciclado-rajabul_PDT248586-150x150.jpg\" alt=\"Film pl\u00e1stico de burbujas reciclado\" width=\"150\" height=\"150\" srcset=\"https:\/\/www.rajapack.es\/blog-es\/wp-content\/uploads\/2018\/01\/film-plastico-burbujas-50-reciclado-rajabul_PDT248586-150x150.jpg 150w, https:\/\/www.rajapack.es\/blog-es\/wp-content\/uploads\/2018\/01\/film-plastico-burbujas-50-reciclado-rajabul_PDT248586-120x120.jpg 120w, https:\/\/www.rajapack.es\/blog-es\/wp-content\/uploads\/2018\/01\/film-plastico-burbujas-50-reciclado-rajabul_PDT248586-225x225.jpg 225w, https:\/\/www.rajapack.es\/blog-es\/wp-content\/uploads\/2018\/01\/film-plastico-burbujas-50-reciclado-rajabul_PDT248586-100x100.jpg 100w, https:\/\/www.rajapack.es\/blog-es\/wp-content\/uploads\/2018\/01\/film-plastico-burbujas-50-reciclado-rajabul_PDT248586.jpg 300w\" sizes=\"(max-width: 150px) 100vw, 150px\" \/><\/a><a href=\"https:\/\/www.rajapack.es\/bolsas-envases\/bolsas-plastico-para-acondicionamiento\/bolsa-plastico-burbujas-reciclado-cierre-adhesivo_OFF_ES_0315.html\" target=\"_blank\" rel=\"noopener noreferrer\"><img loading=\"lazy\" decoding=\"async\" class=\"alignnone wp-image-7602 size-thumbnail\" src=\"https:\/\/www.rajapack.es\/blog-es\/wp-content\/uploads\/2018\/01\/bolsa-plastico-burbujas-50-reciclado-con-cierre-adhesivo_OFF_ES_0315-150x150.jpg\" alt=\"Bolsa de pl\u00e1stico de burbujas reciclado\" width=\"150\" height=\"150\" srcset=\"https:\/\/www.rajapack.es\/blog-es\/wp-content\/uploads\/2018\/01\/bolsa-plastico-burbujas-50-reciclado-con-cierre-adhesivo_OFF_ES_0315-150x150.jpg 150w, https:\/\/www.rajapack.es\/blog-es\/wp-content\/uploads\/2018\/01\/bolsa-plastico-burbujas-50-reciclado-con-cierre-adhesivo_OFF_ES_0315-120x120.jpg 120w, https:\/\/www.rajapack.es\/blog-es\/wp-content\/uploads\/2018\/01\/bolsa-plastico-burbujas-50-reciclado-con-cierre-adhesivo_OFF_ES_0315-225x225.jpg 225w, https:\/\/www.rajapack.es\/blog-es\/wp-content\/uploads\/2018\/01\/bolsa-plastico-burbujas-50-reciclado-con-cierre-adhesivo_OFF_ES_0315-100x100.jpg 100w, https:\/\/www.rajapack.es\/blog-es\/wp-content\/uploads\/2018\/01\/bolsa-plastico-burbujas-50-reciclado-con-cierre-adhesivo_OFF_ES_0315.jpg 300w\" sizes=\"(max-width: 150px) 100vw, 150px\" \/><\/a><\/p>\n<ul>\n<li><strong>Chips de relleno de embalaje:\u00a0<\/strong>Est\u00e1 fabricado con almid\u00f3n de ma\u00edz y es 100% reciclable, biodegradable y compostable, sin CFC&#8217;s, soluble al agua y antiest\u00e1tico. Un buen sustituto para los rellenos de embalaje.<\/li>\n<\/ul>\n<p><a href=\"https:\/\/www.rajapack.es\/relleno-proteccion\/particulas-embalaje\/chips-embalaje-ranature_OFF_ES_0460.html\" target=\"_blank\" rel=\"noopener noreferrer\"><img loading=\"lazy\" decoding=\"async\" class=\"alignnone wp-image-7604 size-thumbnail\" src=\"https:\/\/www.rajapack.es\/blog-es\/wp-content\/uploads\/2018\/01\/chips-embalaje-renature_OFF_ES_0460-150x150.jpg\" alt=\"Chips de embalaje Renature\" width=\"150\" height=\"150\" srcset=\"https:\/\/www.rajapack.es\/blog-es\/wp-content\/uploads\/2018\/01\/chips-embalaje-renature_OFF_ES_0460-150x150.jpg 150w, https:\/\/www.rajapack.es\/blog-es\/wp-content\/uploads\/2018\/01\/chips-embalaje-renature_OFF_ES_0460-120x120.jpg 120w, https:\/\/www.rajapack.es\/blog-es\/wp-content\/uploads\/2018\/01\/chips-embalaje-renature_OFF_ES_0460-225x225.jpg 225w, https:\/\/www.rajapack.es\/blog-es\/wp-content\/uploads\/2018\/01\/chips-embalaje-renature_OFF_ES_0460-100x100.jpg 100w, https:\/\/www.rajapack.es\/blog-es\/wp-content\/uploads\/2018\/01\/chips-embalaje-renature_OFF_ES_0460.jpg 300w\" sizes=\"(max-width: 150px) 100vw, 150px\" \/><\/a><\/p>\n<ul>\n<li><strong>Relleno de papel:<\/strong> La alternativa de relleno m\u00e1s ecol\u00f3gica consiguiendo un excelente resultado, se puede encontrar en rollo (que con el uso de m\u00e1quinas se puede economizar m\u00e1s y conseguir mejores resultados) o se puede encontrar en virutas, que protege y da mucho color a las entregas.<\/li>\n<\/ul>\n<p><a href=\"https:\/\/www.rajapack.es\/relleno-proteccion\/papel-embalaje-carton-ondulado_C4020.html\" target=\"_blank\" rel=\"noopener noreferrer\"><img loading=\"lazy\" decoding=\"async\" class=\"alignnone wp-image-7618 size-thumbnail\" src=\"https:\/\/www.rajapack.es\/blog-es\/wp-content\/uploads\/2018\/01\/sistema-relleno-fillpak-tt_OFF_ES_0261-150x150.jpg\" alt=\"Papel de embalaje y cart\u00f3n\" width=\"150\" height=\"150\" srcset=\"https:\/\/www.rajapack.es\/blog-es\/wp-content\/uploads\/2018\/01\/sistema-relleno-fillpak-tt_OFF_ES_0261-150x150.jpg 150w, https:\/\/www.rajapack.es\/blog-es\/wp-content\/uploads\/2018\/01\/sistema-relleno-fillpak-tt_OFF_ES_0261-120x120.jpg 120w, https:\/\/www.rajapack.es\/blog-es\/wp-content\/uploads\/2018\/01\/sistema-relleno-fillpak-tt_OFF_ES_0261-225x225.jpg 225w, https:\/\/www.rajapack.es\/blog-es\/wp-content\/uploads\/2018\/01\/sistema-relleno-fillpak-tt_OFF_ES_0261-100x100.jpg 100w, https:\/\/www.rajapack.es\/blog-es\/wp-content\/uploads\/2018\/01\/sistema-relleno-fillpak-tt_OFF_ES_0261.jpg 300w\" sizes=\"(max-width: 150px) 100vw, 150px\" \/><\/a><a href=\"https:\/\/www.rajapack.es\/relleno-proteccion\/maquinas-sistemas-relleno_C4075.html\" target=\"_blank\" rel=\"noopener noreferrer\"><img loading=\"lazy\" decoding=\"async\" class=\"alignnone wp-image-7617 size-thumbnail\" src=\"https:\/\/www.rajapack.es\/blog-es\/wp-content\/uploads\/2018\/01\/sistema-relleno-fillpak-tt_OFF_ES_0261-1-150x150.jpg\" alt=\"M\u00e1quinas y sistemas de relleno\" width=\"150\" height=\"150\" srcset=\"https:\/\/www.rajapack.es\/blog-es\/wp-content\/uploads\/2018\/01\/sistema-relleno-fillpak-tt_OFF_ES_0261-1-150x150.jpg 150w, https:\/\/www.rajapack.es\/blog-es\/wp-content\/uploads\/2018\/01\/sistema-relleno-fillpak-tt_OFF_ES_0261-1-120x120.jpg 120w, https:\/\/www.rajapack.es\/blog-es\/wp-content\/uploads\/2018\/01\/sistema-relleno-fillpak-tt_OFF_ES_0261-1-225x225.jpg 225w, https:\/\/www.rajapack.es\/blog-es\/wp-content\/uploads\/2018\/01\/sistema-relleno-fillpak-tt_OFF_ES_0261-1-100x100.jpg 100w, https:\/\/www.rajapack.es\/blog-es\/wp-content\/uploads\/2018\/01\/sistema-relleno-fillpak-tt_OFF_ES_0261-1.jpg 300w\" sizes=\"(max-width: 150px) 100vw, 150px\" \/><\/a> \u00a0<a href=\"https:\/\/www.rajapack.es\/embalajes-para-regalo-comercio\/papel-seda-relleno\/virutas-papel-relleno-color-sizzlepak_OFF_ES_0061.html\" target=\"_blank\" rel=\"noopener noreferrer\"><img loading=\"lazy\" decoding=\"async\" class=\"alignnone wp-image-7619 size-thumbnail\" src=\"https:\/\/www.rajapack.es\/blog-es\/wp-content\/uploads\/2018\/01\/virutas-papel-para-relleno-color-sizzlepak_OFF_ES_0061-150x150.jpg\" alt=\"\" width=\"150\" height=\"150\" srcset=\"https:\/\/www.rajapack.es\/blog-es\/wp-content\/uploads\/2018\/01\/virutas-papel-para-relleno-color-sizzlepak_OFF_ES_0061-150x150.jpg 150w, https:\/\/www.rajapack.es\/blog-es\/wp-content\/uploads\/2018\/01\/virutas-papel-para-relleno-color-sizzlepak_OFF_ES_0061-120x120.jpg 120w, https:\/\/www.rajapack.es\/blog-es\/wp-content\/uploads\/2018\/01\/virutas-papel-para-relleno-color-sizzlepak_OFF_ES_0061-225x225.jpg 225w, https:\/\/www.rajapack.es\/blog-es\/wp-content\/uploads\/2018\/01\/virutas-papel-para-relleno-color-sizzlepak_OFF_ES_0061-100x100.jpg 100w, https:\/\/www.rajapack.es\/blog-es\/wp-content\/uploads\/2018\/01\/virutas-papel-para-relleno-color-sizzlepak_OFF_ES_0061.jpg 300w\" sizes=\"(max-width: 150px) 100vw, 150px\" \/><\/a><\/p>\n<ul>\n<li><strong>Bolsas de pl\u00e1stico: <\/strong>Es 100% biodegradable y respetan el medio ambiente. Es muy resistente y existe en dos colores. Este art\u00edculo es procedente de recursos renovables, se fabrica a base de almid\u00f3n de cereal. \u00a1Es la mejor alternativa a las bolsas de pl\u00e1stico!<\/li>\n<\/ul>\n<p><a href=\"https:\/\/www.rajapack.es\/embalajes-para-regalo-comercio\/bolsas-plastico-con-asas\/bolsa-biodegradable-asas-camiseta_PDT00358.html\" target=\"_blank\" rel=\"noopener noreferrer\"><img loading=\"lazy\" decoding=\"async\" class=\"alignnone wp-image-7603 size-thumbnail\" src=\"https:\/\/www.rajapack.es\/blog-es\/wp-content\/uploads\/2018\/01\/bolsa-biodegradable-con-asas-camiseta_PDT00358-150x150.jpg\" alt=\"Bolsas biodegradables\" width=\"150\" height=\"150\" srcset=\"https:\/\/www.rajapack.es\/blog-es\/wp-content\/uploads\/2018\/01\/bolsa-biodegradable-con-asas-camiseta_PDT00358-150x150.jpg 150w, https:\/\/www.rajapack.es\/blog-es\/wp-content\/uploads\/2018\/01\/bolsa-biodegradable-con-asas-camiseta_PDT00358-120x120.jpg 120w, https:\/\/www.rajapack.es\/blog-es\/wp-content\/uploads\/2018\/01\/bolsa-biodegradable-con-asas-camiseta_PDT00358-225x225.jpg 225w, https:\/\/www.rajapack.es\/blog-es\/wp-content\/uploads\/2018\/01\/bolsa-biodegradable-con-asas-camiseta_PDT00358-100x100.jpg 100w, https:\/\/www.rajapack.es\/blog-es\/wp-content\/uploads\/2018\/01\/bolsa-biodegradable-con-asas-camiseta_PDT00358.jpg 300w\" sizes=\"(max-width: 150px) 100vw, 150px\" \/><\/a><\/p>\n<ul>\n<li><strong>Sistema Geami WrapPak:<\/strong> Uno de los productos de moda actualmente y el mejor sustituto de relleno de embalaje ya que est\u00e1 hecho con papel y cart\u00f3n y protege como ninguno. 100% natural, reutilizable y reciclable.<\/li>\n<\/ul>\n<p><a href=\"https:\/\/www.rajapack.es\/maquinas-sistemas-embalaje\/maquinas-produccion-relleno\/alquiler-maquina-geami-wrappak_OFF_ES_0485.html\" target=\"_blank\" rel=\"noopener noreferrer\"><img loading=\"lazy\" decoding=\"async\" class=\"alignnone wp-image-7606 size-thumbnail\" src=\"https:\/\/www.rajapack.es\/blog-es\/wp-content\/uploads\/2018\/01\/sistema-geami-wrappak_OFF_ES_0485-150x150.jpg\" alt=\"\" width=\"150\" height=\"150\" srcset=\"https:\/\/www.rajapack.es\/blog-es\/wp-content\/uploads\/2018\/01\/sistema-geami-wrappak_OFF_ES_0485-150x150.jpg 150w, https:\/\/www.rajapack.es\/blog-es\/wp-content\/uploads\/2018\/01\/sistema-geami-wrappak_OFF_ES_0485-120x120.jpg 120w, https:\/\/www.rajapack.es\/blog-es\/wp-content\/uploads\/2018\/01\/sistema-geami-wrappak_OFF_ES_0485-225x225.jpg 225w, https:\/\/www.rajapack.es\/blog-es\/wp-content\/uploads\/2018\/01\/sistema-geami-wrappak_OFF_ES_0485-100x100.jpg 100w, https:\/\/www.rajapack.es\/blog-es\/wp-content\/uploads\/2018\/01\/sistema-geami-wrappak_OFF_ES_0485.jpg 300w\" sizes=\"(max-width: 150px) 100vw, 150px\" \/><\/a><a href=\"https:\/\/www.rajapack.es\/maquinas-sistemas-embalaje\/maquinas-produccion-relleno\/alquiler-maquina-geami-wrappak_OFF_ES_0485.html\" target=\"_blank\" rel=\"noopener noreferrer\"><img loading=\"lazy\" decoding=\"async\" class=\"alignnone wp-image-6797 size-thumbnail\" src=\"https:\/\/www.rajapack.es\/blog-es\/wp-content\/uploads\/2017\/12\/papel-para-sistema-geami-wrappak_OFF_ES_0486-150x150.jpg\" alt=\"\" width=\"150\" height=\"150\" srcset=\"https:\/\/www.rajapack.es\/blog-es\/wp-content\/uploads\/2017\/12\/papel-para-sistema-geami-wrappak_OFF_ES_0486-150x150.jpg 150w, https:\/\/www.rajapack.es\/blog-es\/wp-content\/uploads\/2017\/12\/papel-para-sistema-geami-wrappak_OFF_ES_0486-120x120.jpg 120w, https:\/\/www.rajapack.es\/blog-es\/wp-content\/uploads\/2017\/12\/papel-para-sistema-geami-wrappak_OFF_ES_0486-225x225.jpg 225w, https:\/\/www.rajapack.es\/blog-es\/wp-content\/uploads\/2017\/12\/papel-para-sistema-geami-wrappak_OFF_ES_0486-100x100.jpg 100w, https:\/\/www.rajapack.es\/blog-es\/wp-content\/uploads\/2017\/12\/papel-para-sistema-geami-wrappak_OFF_ES_0486.jpg 300w\" sizes=\"(max-width: 150px) 100vw, 150px\" \/><\/a><\/p>\n<ul>\n<li><strong>Cinta adhesiva de papel:\u00a0<\/strong>El candidato ideal para sustituir a la cinta adhesiva, cuenta con las mismas prestaciones, es reciclable junto a la caja de cart\u00f3n y es ecol\u00f3gica,\u00a0 est\u00e1n fabricadas en papel kraft sin silicona.<\/li>\n<\/ul>\n<p><a href=\"https:\/\/www.rajapack.es\/cintas-adhesivas-flejes-colas\/cintas-adhesivas-embalaje\/cinta-papel-adhesivo-rajatape_PDT01167.html\" target=\"_blank\" rel=\"noopener noreferrer\"><img loading=\"lazy\" decoding=\"async\" class=\"alignnone wp-image-7616 size-thumbnail\" src=\"https:\/\/www.rajapack.es\/blog-es\/wp-content\/uploads\/2018\/01\/cinta-adhesiva-papel-rajatape_PDT01167-150x150.jpg\" alt=\"Cinta adhesiva de papel RAJATAPE\" width=\"150\" height=\"150\" srcset=\"https:\/\/www.rajapack.es\/blog-es\/wp-content\/uploads\/2018\/01\/cinta-adhesiva-papel-rajatape_PDT01167-150x150.jpg 150w, https:\/\/www.rajapack.es\/blog-es\/wp-content\/uploads\/2018\/01\/cinta-adhesiva-papel-rajatape_PDT01167-120x120.jpg 120w, https:\/\/www.rajapack.es\/blog-es\/wp-content\/uploads\/2018\/01\/cinta-adhesiva-papel-rajatape_PDT01167-225x225.jpg 225w, https:\/\/www.rajapack.es\/blog-es\/wp-content\/uploads\/2018\/01\/cinta-adhesiva-papel-rajatape_PDT01167-100x100.jpg 100w, https:\/\/www.rajapack.es\/blog-es\/wp-content\/uploads\/2018\/01\/cinta-adhesiva-papel-rajatape_PDT01167.jpg 300w\" sizes=\"(max-width: 150px) 100vw, 150px\" \/><\/a><\/p>\n<h2>\u00bfC\u00f3mo reducir el uso del pl\u00e1stico en el embalaje?<\/h2>\n<p>Rajapack Espa\u00f1a, y todo el grupo RAJA, contribuye en el desarrollo ecol\u00f3gico y medioambiental, por eso\u00a0<a href=\"https:\/\/www.rajapack.es\/embalaje-ecologico\/simbolos_cms_000042.html\" target=\"_blank\" rel=\"noopener noreferrer\">tenemos una pol\u00edtica de 10 principios de respeto al medio ambiente<\/a>, en el que reforzamos nuestro compromiso con comercializar <strong>embalajes de cart\u00f3n reutilizable<\/strong> y contribuir a la <strong>preservaci\u00f3n de los recursos naturales.<\/strong><\/p>\n<p>Tenemos un programa solidario llamado \u00ab<strong>Mujeres y Medio Ambiente<\/strong>\u00bb que con la compra de art\u00edculos de embalaje <a href=\"https:\/\/www.rajapack.es\/mujeres-y-medioambiente\/embalajes-ecoresponsables_cms_000051.html\" target=\"_blank\" rel=\"noopener noreferrer\">eco-responsables y 100% reciclados<\/a>\u00a0se destina 1\u20ac de los beneficios a la Fundaci\u00f3n RAJA-Dani\u00e8le Marcovici.<\/p>\n<p>Todas nuestras cajas de cart\u00f3n ondulado son compatibles con el medio ambiente y apto para el reciclado, contienen un m\u00ednimo del 70% de papeles reciclados y en ning\u00fan caso son contaminantes.<\/p>\n<p>Sea como sea, entre todos podemos ayudar a reducir los residuos pl\u00e1sticos, para nosotros, es nuestro compromiso diario, <strong>\u00bflo es para tu negocio?<\/strong><\/p>\n<p>Fuentes:<\/p>\n<ul>\n<li><a href=\"https:\/\/www.elconfidencial.com\/tecnologia\/ciencia\/2018-01-10\/china-importacion-plastico-vertederos-espana_1503780\/\" target=\"_blank\" rel=\"noopener noreferrer\">El Confidencial<\/a><\/li>\n<li><a href=\"http:\/\/www.lavanguardia.com\/natural\/20180110\/434202042942\/comision-europea-propondra-impuesto-al-plastico-reducir-uso.html\" target=\"_blank\" rel=\"noopener noreferrer\">La Vanguardia<\/a><\/li>\n<li><a href=\"https:\/\/www.bloomberg.com\/news\/articles\/2018-01-10\/eu-to-propose-plastic-bag-tax-as-china-curtails-waste-imports\" target=\"_blank\" rel=\"noopener noreferrer\">Bloomberg<\/a><\/li>\n<li><a href=\"http:\/\/www.bbc.com\/mundo\/noticias-42304901\" target=\"_blank\" rel=\"noopener noreferrer\">BBC<\/a><\/li>\n<\/ul>\n<pre>Fuente foto superior: Thinkstock photos<\/pre>\n","protected":false},"excerpt":{"rendered":"<p>Este pasado 1 de enero China ha dejado de comprar \u201cbasura extranjera\u201d, y, en consecuencia de esto, los vertederos de toda Europa se est\u00e1n colapsando con pl\u00e1stico, entre ellos, por supuesto, est\u00e1n los vertederos de Espa\u00f1a. La noticia es alarmante, por eso la Comisi\u00f3n Europea piensa en que se debe crear un impuesto para reducir el uso del pl\u00e1stico, os explicamos los detalles.<\/p>\n","protected":false},"author":49,"featured_media":7679,"comment_status":"open","ping_status":"open","sticky":false,"template":"","format":"standard","meta":{"_acf_changed":false,"footnotes":""},"categories":[4],"tags":[99],"class_list":["post-7582","post","type-post","status-publish","format-standard","has-post-thumbnail","hentry","category-embalaje","tag-ecologia"],"acf":[],"yoast_head":"\n<title>Evita el pl\u00e1stico en tu embalaje RAJAPACK<\/title>\n<meta name=\"description\" content=\"En 2018 China ha dejado de comprar residuos pl\u00e1sticos y, por eso, el mundo entero se enfrenta a vertederos desbordados. Europa plantea un nuevo impuesto para las empresas que contaminan con pl\u00e1stico e incentivar el reciclaje. Esta es solo una raz\u00f3n m\u00e1s para elegir un embalaje ecoresponsable, reutilizable y reciclable.\" \/>\n<meta name=\"robots\" content=\"index, follow, max-snippet:-1, max-image-preview:large, max-video-preview:-1\" \/>\n<link rel=\"canonical\" href=\"https:\/\/www.rajapack.es\/blog-es\/evita-plastico-embalaje\" \/>\n<meta property=\"og:locale\" content=\"es_ES\" \/>\n<meta property=\"og:type\" content=\"article\" \/>\n<meta property=\"og:title\" content=\"Evita el pl\u00e1stico en tu embalaje RAJAPACK\" \/>\n<meta property=\"og:description\" content=\"En 2018 China ha dejado de comprar residuos pl\u00e1sticos y, por eso, el mundo entero se enfrenta a vertederos desbordados. Europa plantea un nuevo impuesto para las empresas que contaminan con pl\u00e1stico e incentivar el reciclaje. Esta es solo una raz\u00f3n m\u00e1s para elegir un embalaje ecoresponsable, reutilizable y reciclable.\" \/>\n<meta property=\"og:url\" content=\"https:\/\/www.rajapack.es\/blog-es\/evita-plastico-embalaje\" \/>\n<meta property=\"og:site_name\" content=\"RAJAPACK Blog | Consejos de embalaje, log\u00edstica y m\u00e1s\" \/>\n<meta property=\"article:publisher\" content=\"https:\/\/www.facebook.com\/Rajapack.es\" \/>\n<meta property=\"article:published_time\" content=\"2018-01-26T10:13:38+00:00\" \/>\n<meta property=\"article:modified_time\" content=\"2022-10-16T22:57:03+00:00\" \/>\n<meta property=\"og:image\" content=\"https:\/\/www.rajapack.es\/blog-es\/wp-content\/uploads\/2018\/01\/reciclaje.jpg\" \/>\n\t<meta property=\"og:image:width\" content=\"850\" \/>\n\t<meta property=\"og:image:height\" content=\"450\" \/>\n\t<meta property=\"og:image:type\" content=\"image\/jpeg\" \/>\n<meta name=\"author\" content=\"Sara Alcaraz G\u00e1lvez\" \/>\n<meta name=\"twitter:card\" content=\"summary_large_image\" \/>\n<meta name=\"twitter:creator\" content=\"@RajapackES\" \/>\n<meta name=\"twitter:site\" content=\"@RajapackES\" \/>\n<meta name=\"twitter:label1\" content=\"Escrito por\" \/>\n\t<meta name=\"twitter:data1\" content=\"Sara Alcaraz G\u00e1lvez\" \/>\n\t<meta name=\"twitter:label2\" content=\"Tiempo de lectura\" \/>\n\t<meta name=\"twitter:data2\" content=\"5 minutos\" \/>\n<script type=\"application\/ld+json\" class=\"yoast-schema-graph\">{\n\t    \"@context\": \"https:\/\/schema.org\",\n\t    \"@graph\": [\n\t        {\n\t            \"@type\": \"Article\",\n\t            \"@id\": \"https:\/\/www.rajapack.es\/blog-es\/evita-plastico-embalaje#article\",\n\t            \"isPartOf\": {\n\t                \"@id\": \"https:\/\/www.rajapack.es\/blog-es\/evita-plastico-embalaje\"\n\t            },\n\t            \"author\": {\n\t                \"name\": \"Sara Alcaraz G\u00e1lvez\",\n\t                \"@id\": \"https:\/\/www.rajapack.es\/blog-es\/#\/schema\/person\/354d66fd4e68e587bf52f90a52f6e0d3\"\n\t            },\n\t            \"headline\": \"Evita el pl\u00e1stico en tu embalaje\",\n\t            \"datePublished\": \"2018-01-26T10:13:38+00:00\",\n\t            \"dateModified\": \"2022-10-16T22:57:03+00:00\",\n\t            \"mainEntityOfPage\": {\n\t                \"@id\": \"https:\/\/www.rajapack.es\/blog-es\/evita-plastico-embalaje\"\n\t            },\n\t            \"wordCount\": 1078,\n\t            \"commentCount\": 2,\n\t            \"publisher\": {\n\t                \"@id\": \"https:\/\/www.rajapack.es\/blog-es\/#organization\"\n\t            },\n\t            \"image\": {\n\t                \"@id\": \"https:\/\/www.rajapack.es\/blog-es\/evita-plastico-embalaje#primaryimage\"\n\t            },\n\t            \"thumbnailUrl\": \"https:\/\/www.rajapack.es\/blog-es\/wp-content\/uploads\/2018\/01\/reciclaje.jpg\",\n\t            \"keywords\": [\n\t                \"ecolog\u00eda\"\n\t            ],\n\t            \"articleSection\": [\n\t                \"Novedades &amp; Consejos de embalaje\"\n\t            ],\n\t            \"inLanguage\": \"es\",\n\t            \"potentialAction\": [\n\t                {\n\t                    \"@type\": \"CommentAction\",\n\t                    \"name\": \"Comment\",\n\t                    \"target\": [\n\t                        \"https:\/\/www.rajapack.es\/blog-es\/evita-plastico-embalaje#respond\"\n\t                    ]\n\t                }\n\t            ]\n\t        },\n\t        {\n\t            \"@type\": \"WebPage\",\n\t            \"@id\": \"https:\/\/www.rajapack.es\/blog-es\/evita-plastico-embalaje\",\n\t            \"url\": \"https:\/\/www.rajapack.es\/blog-es\/evita-plastico-embalaje\",\n\t            \"name\": \"Evita el pl\u00e1stico en tu embalaje RAJAPACK\",\n\t            \"isPartOf\": {\n\t                \"@id\": \"https:\/\/www.rajapack.es\/blog-es\/#website\"\n\t            },\n\t            \"primaryImageOfPage\": {\n\t                \"@id\": \"https:\/\/www.rajapack.es\/blog-es\/evita-plastico-embalaje#primaryimage\"\n\t            },\n\t            \"image\": {\n\t                \"@id\": \"https:\/\/www.rajapack.es\/blog-es\/evita-plastico-embalaje#primaryimage\"\n\t            },\n\t            \"thumbnailUrl\": \"https:\/\/www.rajapack.es\/blog-es\/wp-content\/uploads\/2018\/01\/reciclaje.jpg\",\n\t            \"datePublished\": \"2018-01-26T10:13:38+00:00\",\n\t            \"dateModified\": \"2022-10-16T22:57:03+00:00\",\n\t            \"description\": \"En 2018 China ha dejado de comprar residuos pl\u00e1sticos y, por eso, el mundo entero se enfrenta a vertederos desbordados. Europa plantea un nuevo impuesto para las empresas que contaminan con pl\u00e1stico e incentivar el reciclaje. Esta es solo una raz\u00f3n m\u00e1s para elegir un embalaje ecoresponsable, reutilizable y reciclable.\",\n\t            \"inLanguage\": \"es\",\n\t            \"potentialAction\": [\n\t                {\n\t                    \"@type\": \"ReadAction\",\n\t                    \"target\": [\n\t                        \"https:\/\/www.rajapack.es\/blog-es\/evita-plastico-embalaje\"\n\t                    ]\n\t                }\n\t            ]\n\t        },\n\t        {\n\t            \"@type\": \"ImageObject\",\n\t            \"inLanguage\": \"es\",\n\t            \"@id\": \"https:\/\/www.rajapack.es\/blog-es\/evita-plastico-embalaje#primaryimage\",\n\t            \"url\": \"https:\/\/www.rajapack.es\/blog-es\/wp-content\/uploads\/2018\/01\/reciclaje.jpg\",\n\t            \"contentUrl\": \"https:\/\/www.rajapack.es\/blog-es\/wp-content\/uploads\/2018\/01\/reciclaje.jpg\",\n\t            \"width\": 850,\n\t            \"height\": 450\n\t        },\n\t        {\n\t            \"@type\": \"WebSite\",\n\t            \"@id\": \"https:\/\/www.rajapack.es\/blog-es\/#website\",\n\t            \"url\": \"https:\/\/www.rajapack.es\/blog-es\/\",\n\t            \"name\": \"RAJAPACK Blog | Consejos de embalaje, log\u00edstica y m\u00e1s\",\n\t            \"description\": \"Consejos de embalaje, logistica y m\u00e1s\",\n\t            \"publisher\": {\n\t                \"@id\": \"https:\/\/www.rajapack.es\/blog-es\/#organization\"\n\t            },\n\t            \"potentialAction\": [\n\t                {\n\t                    \"@type\": \"SearchAction\",\n\t                    \"target\": {\n\t                        \"@type\": \"EntryPoint\",\n\t                        \"urlTemplate\": \"https:\/\/www.rajapack.es\/blog-es\/?s={search_term_string}\"\n\t                    },\n\t                    \"query-input\": {\n\t                        \"@type\": \"PropertyValueSpecification\",\n\t                        \"valueRequired\": true,\n\t                        \"valueName\": \"search_term_string\"\n\t                    }\n\t                }\n\t            ],\n\t            \"inLanguage\": \"es\"\n\t        },\n\t        {\n\t            \"@type\": \"Organization\",\n\t            \"@id\": \"https:\/\/www.rajapack.es\/blog-es\/#organization\",\n\t            \"name\": \"RAJA ES\",\n\t            \"url\": \"https:\/\/www.rajapack.es\/blog-es\/\",\n\t            \"logo\": {\n\t                \"@type\": \"ImageObject\",\n\t                \"inLanguage\": \"es\",\n\t                \"@id\": \"https:\/\/www.rajapack.es\/blog-es\/#\/schema\/logo\/image\/\",\n\t                \"url\": \"https:\/\/www.rajapack.es\/blog-es\/wp-content\/uploads\/2021\/10\/logo-mobile@3x.png\",\n\t                \"contentUrl\": \"https:\/\/www.rajapack.es\/blog-es\/wp-content\/uploads\/2021\/10\/logo-mobile@3x.png\",\n\t                \"width\": 534,\n\t                \"height\": 114,\n\t                \"caption\": \"RAJA ES\"\n\t            },\n\t            \"image\": {\n\t                \"@id\": \"https:\/\/www.rajapack.es\/blog-es\/#\/schema\/logo\/image\/\"\n\t            },\n\t            \"sameAs\": [\n\t                \"https:\/\/www.facebook.com\/Rajapack.es\",\n\t                \"https:\/\/x.com\/RajapackES\",\n\t                \"https:\/\/www.linkedin.com\/company\/rajapack-spain\/\",\n\t                \"https:\/\/www.youtube.com\/user\/RajapackES\"\n\t            ]\n\t        },\n\t        {\n\t            \"@type\": \"Person\",\n\t            \"@id\": \"https:\/\/www.rajapack.es\/blog-es\/#\/schema\/person\/354d66fd4e68e587bf52f90a52f6e0d3\",\n\t            \"name\": \"Sara Alcaraz G\u00e1lvez\",\n\t            \"image\": {\n\t                \"@type\": \"ImageObject\",\n\t                \"inLanguage\": \"es\",\n\t                \"@id\": \"https:\/\/www.rajapack.es\/blog-es\/#\/schema\/person\/image\/\",\n\t                \"url\": \"https:\/\/secure.gravatar.com\/avatar\/67c8c00f9d1fb8454864b9abb11edc1d?s=96&d=mm&r=g\",\n\t                \"contentUrl\": \"https:\/\/secure.gravatar.com\/avatar\/67c8c00f9d1fb8454864b9abb11edc1d?s=96&d=mm&r=g\",\n\t                \"caption\": \"Sara Alcaraz G\u00e1lvez\"\n\t            },\n\t            \"sameAs\": [\n\t                \"https:\/\/www.linkedin.com\/in\/saraalca\/\"\n\t            ],\n\t            \"url\": \"https:\/\/www.rajapack.es\/blog-es\/author\/saraalcarazgalvez\"\n\t        }\n\t    ]\n\t}<\/script>\n","yoast_head_json":{"title":"Evita el pl\u00e1stico en tu embalaje RAJAPACK","description":"En 2018 China ha dejado de comprar residuos pl\u00e1sticos y, por eso, el mundo entero se enfrenta a vertederos desbordados. Europa plantea un nuevo impuesto para las empresas que contaminan con pl\u00e1stico e incentivar el reciclaje. Esta es solo una raz\u00f3n m\u00e1s para elegir un embalaje ecoresponsable, reutilizable y reciclable.","robots":{"index":"index","follow":"follow","max-snippet":"max-snippet:-1","max-image-preview":"max-image-preview:large","max-video-preview":"max-video-preview:-1"},"canonical":"https:\/\/www.rajapack.es\/blog-es\/evita-plastico-embalaje","og_locale":"es_ES","og_type":"article","og_title":"Evita el pl\u00e1stico en tu embalaje RAJAPACK","og_description":"En 2018 China ha dejado de comprar residuos pl\u00e1sticos y, por eso, el mundo entero se enfrenta a vertederos desbordados. Europa plantea un nuevo impuesto para las empresas que contaminan con pl\u00e1stico e incentivar el reciclaje. Esta es solo una raz\u00f3n m\u00e1s para elegir un embalaje ecoresponsable, reutilizable y reciclable.","og_url":"https:\/\/www.rajapack.es\/blog-es\/evita-plastico-embalaje","og_site_name":"RAJAPACK Blog | Consejos de embalaje, log\u00edstica y m\u00e1s","article_publisher":"https:\/\/www.facebook.com\/Rajapack.es","article_published_time":"2018-01-26T10:13:38+00:00","article_modified_time":"2022-10-16T22:57:03+00:00","og_image":[{"width":850,"height":450,"url":"https:\/\/www.rajapack.es\/blog-es\/wp-content\/uploads\/2018\/01\/reciclaje.jpg","type":"image\/jpeg"}],"author":"Sara Alcaraz G\u00e1lvez","twitter_card":"summary_large_image","twitter_creator":"@RajapackES","twitter_site":"@RajapackES","twitter_misc":{"Escrito por":"Sara Alcaraz G\u00e1lvez","Tiempo de lectura":"5 minutos"},"schema":{"@context":"https:\/\/schema.org","@graph":[{"@type":"Article","@id":"https:\/\/www.rajapack.es\/blog-es\/evita-plastico-embalaje#article","isPartOf":{"@id":"https:\/\/www.rajapack.es\/blog-es\/evita-plastico-embalaje"},"author":{"name":"Sara Alcaraz G\u00e1lvez","@id":"https:\/\/www.rajapack.es\/blog-es\/#\/schema\/person\/354d66fd4e68e587bf52f90a52f6e0d3"},"headline":"Evita el pl\u00e1stico en tu embalaje","datePublished":"2018-01-26T10:13:38+00:00","dateModified":"2022-10-16T22:57:03+00:00","mainEntityOfPage":{"@id":"https:\/\/www.rajapack.es\/blog-es\/evita-plastico-embalaje"},"wordCount":1078,"commentCount":2,"publisher":{"@id":"https:\/\/www.rajapack.es\/blog-es\/#organization"},"image":{"@id":"https:\/\/www.rajapack.es\/blog-es\/evita-plastico-embalaje#primaryimage"},"thumbnailUrl":"https:\/\/www.rajapack.es\/blog-es\/wp-content\/uploads\/2018\/01\/reciclaje.jpg","keywords":["ecolog\u00eda"],"articleSection":["Novedades &amp; Consejos de embalaje"],"inLanguage":"es","potentialAction":[{"@type":"CommentAction","name":"Comment","target":["https:\/\/www.rajapack.es\/blog-es\/evita-plastico-embalaje#respond"]}]},{"@type":"WebPage","@id":"https:\/\/www.rajapack.es\/blog-es\/evita-plastico-embalaje","url":"https:\/\/www.rajapack.es\/blog-es\/evita-plastico-embalaje","name":"Evita el pl\u00e1stico en tu embalaje RAJAPACK","isPartOf":{"@id":"https:\/\/www.rajapack.es\/blog-es\/#website"},"primaryImageOfPage":{"@id":"https:\/\/www.rajapack.es\/blog-es\/evita-plastico-embalaje#primaryimage"},"image":{"@id":"https:\/\/www.rajapack.es\/blog-es\/evita-plastico-embalaje#primaryimage"},"thumbnailUrl":"https:\/\/www.rajapack.es\/blog-es\/wp-content\/uploads\/2018\/01\/reciclaje.jpg","datePublished":"2018-01-26T10:13:38+00:00","dateModified":"2022-10-16T22:57:03+00:00","description":"En 2018 China ha dejado de comprar residuos pl\u00e1sticos y, por eso, el mundo entero se enfrenta a vertederos desbordados. Europa plantea un nuevo impuesto para las empresas que contaminan con pl\u00e1stico e incentivar el reciclaje. Esta es solo una raz\u00f3n m\u00e1s para elegir un embalaje ecoresponsable, reutilizable y reciclable.","inLanguage":"es","potentialAction":[{"@type":"ReadAction","target":["https:\/\/www.rajapack.es\/blog-es\/evita-plastico-embalaje"]}]},{"@type":"ImageObject","inLanguage":"es","@id":"https:\/\/www.rajapack.es\/blog-es\/evita-plastico-embalaje#primaryimage","url":"https:\/\/www.rajapack.es\/blog-es\/wp-content\/uploads\/2018\/01\/reciclaje.jpg","contentUrl":"https:\/\/www.rajapack.es\/blog-es\/wp-content\/uploads\/2018\/01\/reciclaje.jpg","width":850,"height":450},{"@type":"WebSite","@id":"https:\/\/www.rajapack.es\/blog-es\/#website","url":"https:\/\/www.rajapack.es\/blog-es\/","name":"RAJAPACK Blog | Consejos de embalaje, log\u00edstica y m\u00e1s","description":"Consejos de embalaje, logistica y m\u00e1s","publisher":{"@id":"https:\/\/www.rajapack.es\/blog-es\/#organization"},"potentialAction":[{"@type":"SearchAction","target":{"@type":"EntryPoint","urlTemplate":"https:\/\/www.rajapack.es\/blog-es\/?s={search_term_string}"},"query-input":{"@type":"PropertyValueSpecification","valueRequired":true,"valueName":"search_term_string"}}],"inLanguage":"es"},{"@type":"Organization","@id":"https:\/\/www.rajapack.es\/blog-es\/#organization","name":"RAJA ES","url":"https:\/\/www.rajapack.es\/blog-es\/","logo":{"@type":"ImageObject","inLanguage":"es","@id":"https:\/\/www.rajapack.es\/blog-es\/#\/schema\/logo\/image\/","url":"https:\/\/www.rajapack.es\/blog-es\/wp-content\/uploads\/2021\/10\/logo-mobile@3x.png","contentUrl":"https:\/\/www.rajapack.es\/blog-es\/wp-content\/uploads\/2021\/10\/logo-mobile@3x.png","width":534,"height":114,"caption":"RAJA ES"},"image":{"@id":"https:\/\/www.rajapack.es\/blog-es\/#\/schema\/logo\/image\/"},"sameAs":["https:\/\/www.facebook.com\/Rajapack.es","https:\/\/x.com\/RajapackES","https:\/\/www.linkedin.com\/company\/rajapack-spain\/","https:\/\/www.youtube.com\/user\/RajapackES"]},{"@type":"Person","@id":"https:\/\/www.rajapack.es\/blog-es\/#\/schema\/person\/354d66fd4e68e587bf52f90a52f6e0d3","name":"Sara Alcaraz G\u00e1lvez","image":{"@type":"ImageObject","inLanguage":"es","@id":"https:\/\/www.rajapack.es\/blog-es\/#\/schema\/person\/image\/","url":"https:\/\/secure.gravatar.com\/avatar\/67c8c00f9d1fb8454864b9abb11edc1d?s=96&d=mm&r=g","contentUrl":"https:\/\/secure.gravatar.com\/avatar\/67c8c00f9d1fb8454864b9abb11edc1d?s=96&d=mm&r=g","caption":"Sara Alcaraz G\u00e1lvez"},"sameAs":["https:\/\/www.linkedin.com\/in\/saraalca\/"],"url":"https:\/\/www.rajapack.es\/blog-es\/author\/saraalcarazgalvez"}]}},"_links":{"self":[{"href":"https:\/\/www.rajapack.es\/blog-es\/wp-json\/wp\/v2\/posts\/7582"}],"collection":[{"href":"https:\/\/www.rajapack.es\/blog-es\/wp-json\/wp\/v2\/posts"}],"about":[{"href":"https:\/\/www.rajapack.es\/blog-es\/wp-json\/wp\/v2\/types\/post"}],"author":[{"embeddable":true,"href":"https:\/\/www.rajapack.es\/blog-es\/wp-json\/wp\/v2\/users\/49"}],"replies":[{"embeddable":true,"href":"https:\/\/www.rajapack.es\/blog-es\/wp-json\/wp\/v2\/comments?post=7582"}],"version-history":[{"count":0,"href":"https:\/\/www.rajapack.es\/blog-es\/wp-json\/wp\/v2\/posts\/7582\/revisions"}],"wp:featuredmedia":[{"embeddable":true,"href":"https:\/\/www.rajapack.es\/blog-es\/wp-json\/wp\/v2\/media\/7679"}],"wp:attachment":[{"href":"https:\/\/www.rajapack.es\/blog-es\/wp-json\/wp\/v2\/media?parent=7582"}],"wp:term":[{"taxonomy":"category","embeddable":true,"href":"https:\/\/www.rajapack.es\/blog-es\/wp-json\/wp\/v2\/categories?post=7582"},{"taxonomy":"post_tag","embeddable":true,"href":"https:\/\/www.rajapack.es\/blog-es\/wp-json\/wp\/v2\/tags?post=7582"}],"curies":[{"name":"wp","href":"https:\/\/api.w.org\/{rel}","templated":true}]}}