{"id":8177,"date":"2018-03-08T09:00:54","date_gmt":"2018-03-08T07:00:54","guid":{"rendered":"https:\/\/blog-staging-es.raja-group.com\/?p=8177"},"modified":"2025-01-30T02:52:09","modified_gmt":"2025-01-30T00:52:09","slug":"mujeres-medio-ambiente-eco-responsable","status":"publish","type":"post","link":"https:\/\/www.rajapack.es\/blog-es\/mujeres-medio-ambiente-eco-responsable","title":{"rendered":"El programa \u00abMujeres y medio ambiente\u00bb contin\u00faa con 5 nuevos proyectos"},"content":{"rendered":"<p>Hoy, 8 de marzo del 2018, <strong>D\u00eda Internacional de la Mujer<\/strong>, va a ser un d\u00eda hist\u00f3rico con movimientos feministas en todo el mundo.\u00a0 Rajapack, sensible al papel de la mujer en la sociedad,\u00a0destina cada a\u00f1o fondos por medio de su Fundaci\u00f3n a defender los derechos de las mujeres en situaciones m\u00e1s desfavorecidas, o en riesgo de exclusi\u00f3n social.<\/p>\n<p>Desde setiembre de 2015, el programa de acciones \u00abMujeres y Medio ambiente\u00bb apoya a proyectos solidarios a trav\u00e9s de asociaciones en todo el mundo. <strong>Se han recaudado ya m\u00e1s de 900.000\u20ac de fondos en todo el grupo RAJA y se han apoyado m\u00e1s de 6.000 mujeres y 19 proyectos en todo el mundo.<\/strong> Se genera un plan de acciones que se organizan en torno a 3 ejes principales\u00a0en los que la mujer y el medio ambiente son los protagonistas:<\/p>\n<ul>\n<li><strong>Defender los derechos de las mujeres<\/strong>, prevenir y luchar contra las injusticias y la violencia de las que son v\u00edctimas.<\/li>\n<li><strong>Educar, formar y promover su inserci\u00f3n laboral<\/strong>, para asegurar su empoderamiento, emancipaci\u00f3n y autonom\u00eda financiera.<\/li>\n<li><strong>Ayudar a las mujeres v\u00edctimas de desigualdades<\/strong> y exclusi\u00f3n social, facilitando la reinserci\u00f3n social.<\/li>\n<\/ul>\n<p>Se han seleccionado 9 productos eco-responsables para llevar a cabo esta acci\u00f3n. Cada vez que se compre 1 paquete de los productos seleccionados destinaremos 1\u20ac a la Fundaci\u00f3n RAJA-Dani\u00e8le Marcovici. La Fundaci\u00f3n ha seleccionado 5 proyectos para el programa \u00ab<a href=\"https:\/\/www.rajapack.es\/mujeres-medioambiante_cms_000048.html\" target=\"_blank\" rel=\"noopener noreferrer\">Mujeres y Medio ambiente<\/a>\u00ab. Los fondos recaudados se transferir\u00e1n a las asociaciones que trabajan sobre el terreno. Te lo explicamos a continuaci\u00f3n:<\/p>\n<h2>Proyectos seleccionados\u00a0en el Programa \u00abMujeres y Medio ambiente\u00bb<\/h2>\n<h3>PROYECTO #1: <a href=\"http:\/\/arutam.free.fr\/\" target=\"_blank\" rel=\"noopener noreferrer\">ARUTAM<\/a><\/h3>\n<p><img loading=\"lazy\" decoding=\"async\" class=\"alignleft wp-image-8197 size-medium\" src=\"https:\/\/www.rajapack.es\/blog-es\/wp-content\/uploads\/2018\/03\/1-300x300.jpg\" alt=\"Proyecto ARUTAM para las mujeres\" width=\"300\" height=\"300\" \/><\/p>\n<p>ARUTAM quiere mejorar la calidad de vida de la comunidad Achuar Jivaro de Wachirpas utilizando el trabajo de la miel y respetando el estilo de vida y h\u00e1bitat natural de las poblaciones nativas de la Amazonia.<\/p>\n<p class=\"objectif\"><strong>OBJETIVOS<\/strong>:<\/p>\n<ul>\n<li>30 mujeres y sus familias formadas en apicultura responsable<\/li>\n<li>1 cooperativa de transformaci\u00f3n de productos derivados de la miel creada<\/li>\n<\/ul>\n<p>&nbsp;<\/p>\n<h3>PROJECTO #2 : <a href=\"http:\/\/movementfrance.com\" target=\"_blank\" rel=\"noopener noreferrer\">MOVIMIENTO FRANCIA<\/a><\/h3>\n<p><img loading=\"lazy\" decoding=\"async\" class=\"alignright wp-image-8198 size-medium\" src=\"https:\/\/www.rajapack.es\/blog-es\/wp-content\/uploads\/2018\/03\/2-300x232.jpg\" alt=\"Proyecto Movimiento Francia para las mujeres\" width=\"300\" height=\"232\" \/><\/p>\n<p>Movimiento Francia lidera el proyecto \u00abP\u00b3 Plastic, Project, Pochette\u00bb cuyo objetivo es capacitar a mujeres en situaciones precarias para que reciclen estas bolsas de pl\u00e1stico y las transformen en accesorios artesanales.<\/p>\n<p class=\"objectif\"><strong>OBJETIVOS<\/strong>:<\/p>\n<ul>\n<li>200 kg de bolsas de pl\u00e1stico recogidas por mes<\/li>\n<li>40 mujeres formadas en t\u00e9cnicas de reciclaje de aqu\u00ed a 2020<\/li>\n<\/ul>\n<h3>PROJECTO #3 : <a href=\"http:\/\/www.id-ong.org\/\" target=\"_blank\" rel=\"noopener noreferrer\">INICIATIVA DESARROLLO<\/a><\/h3>\n<p><img loading=\"lazy\" decoding=\"async\" class=\"alignleft wp-image-8199 size-medium\" src=\"https:\/\/www.rajapack.es\/blog-es\/wp-content\/uploads\/2018\/03\/3-300x300.jpg\" alt=\"Proyecto Iniciativa desarrollo para las mujeres\" width=\"300\" height=\"300\" \/><\/p>\n<p class=\"accroche\">Iniciativa Desarrollo dirige un proyecto para distribuir cocinas energ\u00e9ticamente eficientes en la Rep\u00fablica del Congo. Ahora desean asociarse\u00a0con la asociaci\u00f3n Action of International Solidarity (ASI), que acompa\u00f1a en su reinserci\u00f3n socioprofesional a muchachas j\u00f3venes en situaci\u00f3n de prostituci\u00f3n de supervivencia.<\/p>\n<p class=\"objectif\"><strong>OBJETIVOS<\/strong>:<\/p>\n<ul>\n<li>12 mujeres j\u00f3venes capacitadas en el dise\u00f1o y venta de cocinas eficientes<\/li>\n<li>500 cocinas econ\u00f3micas vendidas por a\u00f1o<\/li>\n<li>50% de madera y 45% de carb\u00f3n ahorrado por olla<\/li>\n<\/ul>\n<h3>PROJECTO #4 : <a href=\"http:\/\/www.afdi-opa.org\/\" target=\"_blank\" rel=\"noopener noreferrer\">Agricultores Franceses y Desarrollo Internacional (AFDI)<\/a><\/h3>\n<p><img loading=\"lazy\" decoding=\"async\" class=\"alignright wp-image-8200 size-medium\" src=\"https:\/\/www.rajapack.es\/blog-es\/wp-content\/uploads\/2018\/03\/4-300x300.jpg\" alt=\"Proyecto AFDI para las mujeres\" width=\"300\" height=\"300\" \/><\/p>\n<p>AFDI desea reforzar el desarrollo de 6 organizaciones exclusivas para mujeres, en asociaci\u00f3n con las Asociaciones de Organizaciones de Campesinos Profesionales de Mopti y Koulikoro. Se formar\u00e1n huertos para mejorar sus t\u00e9cnicas agr\u00edcolas (alargando el per\u00edodo de ventas, mejorando la calidad de la producci\u00f3n, diversificando los canales de comercializaci\u00f3n &#8230;), y ganando autonom\u00eda mientras encuentran su lugar en su comunidad.<\/p>\n<p class=\"objectif\"><strong>OBJETIVOS<\/strong>:<\/p>\n<ul>\n<li>350 mujeres agricultoras capacitadas en t\u00e9cnicas de agroecolog\u00eda<\/li>\n<li>25% de ahorro de agua en el riego de cultivos de hortalizas<\/li>\n<li>50% de aumento en los ingresos de todas las mujeres para 2020<\/li>\n<\/ul>\n<h3>PROJECTO #5: Asociaci\u00f3n Guadalupe Equitativa y Sostenible (AGED)<\/h3>\n<h3><img loading=\"lazy\" decoding=\"async\" class=\"alignleft wp-image-8201 size-medium\" src=\"https:\/\/www.rajapack.es\/blog-es\/wp-content\/uploads\/2018\/03\/5-300x300.jpg\" alt=\"Proyecto AGED para las mujeres\" width=\"300\" height=\"300\" \/><\/h3>\n<p class=\"accroche\">En el Caribe, las plantaciones de cacao fueron duramente golpeadas por el hurac\u00e1n Matthew en 2016. AGED\u00a0capacitar\u00e1 a las mujeres en el uso de equipos de micro-chocolate, t\u00e9cnicas de venta y administraci\u00f3n asociativa. Gracias a esta actividad realizada en asociaci\u00f3n con las cooperativas agr\u00edcolas locales, las mujeres ganar\u00e1n autonom\u00eda financiera mientras promueven los recursos de su territorio de una manera eco-responsable.<\/p>\n<p class=\"objectif\"><strong>OBJETIVOS<\/strong>:<\/p>\n<ul>\n<li>1 micro-chocolater\u00eda biol\u00f3gica y sostenible creada<\/li>\n<li>30 mujeres formadas y organizadas en cooperativas<\/li>\n<\/ul>\n<h2>\u00bfC\u00f3mo participar en el programa?<\/h2>\n<p>Hasta el 31 de agosto de 2018, por cada compra realizada entre nuestra selecci\u00f3n de 9 productos eco-responsables Rajapack destinar\u00e1 1\u20ac para financiar 5 proyectos solidarios en favor de las mujeres y el medio ambiente.<\/p>\n<p>Los productos \u00abeco-responsables\u00bb seleccionados para este a\u00f1o son:<\/p>\n<p><a href=\"https:\/\/www.rajapack.es\/mujeres-medioambiante_cms_000048.html\" target=\"_blank\" rel=\"noopener noreferrer\"><img loading=\"lazy\" decoding=\"async\" class=\"wp-image-8219 alignleft\" src=\"https:\/\/www.rajapack.es\/blog-es\/wp-content\/uploads\/2018\/03\/www.jpg\" alt=\"\" width=\"272\" height=\"272\" srcset=\"https:\/\/www.rajapack.es\/blog-es\/wp-content\/uploads\/2018\/03\/www.jpg 930w, https:\/\/www.rajapack.es\/blog-es\/wp-content\/uploads\/2018\/03\/www-430x430.jpg 430w, https:\/\/www.rajapack.es\/blog-es\/wp-content\/uploads\/2018\/03\/www-800x800.jpg 800w, https:\/\/www.rajapack.es\/blog-es\/wp-content\/uploads\/2018\/03\/www-120x120.jpg 120w, https:\/\/www.rajapack.es\/blog-es\/wp-content\/uploads\/2018\/03\/www-150x150.jpg 150w, https:\/\/www.rajapack.es\/blog-es\/wp-content\/uploads\/2018\/03\/www-768x768.jpg 768w, https:\/\/www.rajapack.es\/blog-es\/wp-content\/uploads\/2018\/03\/www-225x225.jpg 225w, https:\/\/www.rajapack.es\/blog-es\/wp-content\/uploads\/2018\/03\/www-100x100.jpg 100w\" sizes=\"(max-width: 272px) 100vw, 272px\" \/><\/a><\/p>\n<ul>\n<li><a href=\"https:\/\/www.rajapack.es\/sobres-bolsas-tubos-envio\/sobres-carton-rigido\/sobre-carton-rigipack-marron_PDT01213.html\" target=\"_blank\" rel=\"noopener noreferrer\">Sobre de cart\u00f3n Rigipack marr\u00f3n con banda adhesiva<\/a><\/li>\n<li><a href=\"https:\/\/www.rajapack.es\/relleno-proteccion\/papel-embalaje-carton-ondulado\/papel-kraft-natural-rollos-calidad-90-gr-m2-rajakraft-super_PDT01562.html\" target=\"_blank\" rel=\"noopener noreferrer\">Papel kraft natural en rollos calidad 90 gr\/m\u00b2 RAJAKRAFT Super<\/a><\/li>\n<li><a href=\"https:\/\/www.rajapack.es\/etiquetaje-senalizacion\/marcaje-industrial\/etiquetas-carton-color-color-beige_PDT176589.html\" target=\"_blank\" rel=\"noopener noreferrer\">Etiquetas de cart\u00f3n color beige<\/a><\/li>\n<li><a href=\"https:\/\/www.rajapack.es\/almacenaje-manutencion-seguridad\/gavetas-cajas-contenedores-plasticos\/gaveta-carton-almacenaje_PDT01269.html\" target=\"_blank\" rel=\"noopener noreferrer\">Gaveta de cart\u00f3n para almacenaje<\/a><\/li>\n<li><a href=\"https:\/\/www.rajapack.es\/higiene-limpieza\/papel-secado-papel-higienico\/papel-secamanos-tork-xpress_PDT00737.html\" target=\"_blank\" rel=\"noopener noreferrer\">Papel secamanos entrelazado TORK<\/a><\/li>\n<li><a href=\"https:\/\/www.rajapack.es\/cajas-carton-contenedores-cajas-postales\/cajas-para-mudanza-archivo\/caja-carton-multiusos-asas_PDT01894.html\" target=\"_blank\" rel=\"noopener noreferrer\">Caja de cart\u00f3n multiusos con asas RAJA<\/a><\/li>\n<li><a href=\"https:\/\/www.rajapack.es\/cajas-carton-contenedores-cajas-postales\/cajas-carton-altura-variable-paletizables-especificas\/caja-carton-canal-simple-adaptable-altura-variabox_PDT01532.html\" target=\"_blank\" rel=\"noopener noreferrer\">Caja Variabox canal simple con fondo autom\u00e1tico<\/a><\/li>\n<li><a href=\"https:\/\/www.rajapack.es\/cintas-adhesivas-flejes-colas\/cintas-adhesivas-embalaje\/cinta-papel-adhesivo-rajatape_PDT01167.html\" target=\"_blank\" rel=\"noopener noreferrer\">Cinta adhesiva de papel solvente RAJATAPE<\/a><\/li>\n<li><a href=\"https:\/\/www.rajapack.es\/embalajes-para-regalo-comercio\/bolsas-papel-con-asas\/bolsa-kraft-marron-o-blanca-asas-rizadas-rajashop_OFF_ES_0399.html\" target=\"_blank\" rel=\"noopener noreferrer\">Bolsa kraft marr\u00f3n o blanca con asas rizadas Rajashop<\/a><\/li>\n<\/ul>\n<p>&nbsp;<\/p>\n<p>Todos ellos son 100% reciclables y, adem\u00e1s, est\u00e1n creados a partir de materiales reciclados en una parte o en su totalidad.<\/p>\n<h2>La fundaci\u00f3n RAJA en cifras clave<\/h2>\n<p>La fundaci\u00f3n\u00a0<a href=\"http:\/\/www.fondation-raja-marcovici.com\/\" target=\"_blank\" rel=\"noopener noreferrer\">RAJA-Dan\u00e8le Marcovici<\/a>, creada en 2006, cree que las empresas en la actualidad deben implicarse a colaborar activamente en la construcci\u00f3n de una sociedad m\u00e1s justa. Por esta raz\u00f3n, promueve iniciativas a favor de las mujeres en todo el mundo. Estas son las cifras claves hasta el momento:<\/p>\n<p><img loading=\"lazy\" decoding=\"async\" class=\"aligncenter wp-image-8218 size-full\" src=\"https:\/\/www.rajapack.es\/blog-es\/wp-content\/uploads\/2018\/03\/aaa.jpg\" alt=\"Cifras clave Fundaci\u00f3n RAJA\" width=\"840\" height=\"214\" srcset=\"https:\/\/www.rajapack.es\/blog-es\/wp-content\/uploads\/2018\/03\/aaa.jpg 840w, https:\/\/www.rajapack.es\/blog-es\/wp-content\/uploads\/2018\/03\/aaa-430x110.jpg 430w, https:\/\/www.rajapack.es\/blog-es\/wp-content\/uploads\/2018\/03\/aaa-768x196.jpg 768w, https:\/\/www.rajapack.es\/blog-es\/wp-content\/uploads\/2018\/03\/aaa-375x96.jpg 375w\" sizes=\"(max-width: 840px) 100vw, 840px\" \/><\/p>\n<p>Los resultados mejoran a\u00f1o tras a\u00f1o, <strong>\u00bfTe unes a celebrar el d\u00eda de la mujer con nosotros?<\/strong> \u00a1Seguimos sumando a\u00f1os apoyando a las mujeres y el medio ambiente!<\/p>\n<p>Desde Rajapack queremos daros las gracias por apoyarnos a seguir con estos proyectos y tambi\u00e9n queremos animaros a que sig\u00e1is adquiriendo estos productos. Gracias a esta acci\u00f3n ayudamos a mejorar la situaci\u00f3n de la mujer y fomentamos el embalaje fabricado de manera respetuosa con el medio ambiente. Contacta con nosotros a trav\u00e9s del email: <strong>contacto@rajapack.es<\/strong> o a trav\u00e9s del tel\u00e9fono <strong>902 20 30 06<\/strong>.<\/p>\n","protected":false},"excerpt":{"rendered":"<p>Hoy, 8 de marzo del 2018, D\u00eda Internacional de la Mujer, va a ser un d\u00eda hist\u00f3rico con movimientos feministas en todo el mundo.\u00a0 Rajapack, sensible al papel de la mujer en la sociedad,\u00a0destina cada a\u00f1o fondos por medio de su Fundaci\u00f3n a defender los derechos de las mujeres en situaciones m\u00e1s desfavorecidas, o en riesgo de exclusi\u00f3n social. Te explicamos en este post c\u00f3mo puedes ayudar.<\/p>\n","protected":false},"author":49,"featured_media":8221,"comment_status":"open","ping_status":"open","sticky":false,"template":"","format":"standard","meta":{"_acf_changed":false,"footnotes":""},"categories":[6],"tags":[99,163],"class_list":["post-8177","post","type-post","status-publish","format-standard","has-post-thumbnail","hentry","category-noticias","tag-ecologia","tag-grupo-raja"],"acf":[],"yoast_head":"\n<title>El programa &quot;Mujeres y medio ambiente&quot; contin\u00faa con 5 nuevos proyectos RAJAPACK<\/title>\n<meta name=\"description\" content=\"8 de marzo, D\u00eda Internacional de la Mujer, con movimientos feministas en todo el mundo. Rajapack destina cada a\u00f1o fondos por medio de su Fundaci\u00f3n a defender los derechos de las mujeres en situaciones m\u00e1s desfavorecidas, o en riesgo de exclusi\u00f3n social por la compra de productos eco-responsables.\" \/>\n<meta name=\"robots\" content=\"index, follow, max-snippet:-1, max-image-preview:large, max-video-preview:-1\" \/>\n<link rel=\"canonical\" href=\"https:\/\/www.rajapack.es\/blog-es\/mujeres-medio-ambiente-eco-responsable\" \/>\n<meta property=\"og:locale\" content=\"es_ES\" \/>\n<meta property=\"og:type\" content=\"article\" \/>\n<meta property=\"og:title\" content=\"El programa &quot;Mujeres y medio ambiente&quot; contin\u00faa con 5 nuevos proyectos RAJAPACK\" \/>\n<meta property=\"og:description\" content=\"8 de marzo, D\u00eda Internacional de la Mujer, con movimientos feministas en todo el mundo. Rajapack destina cada a\u00f1o fondos por medio de su Fundaci\u00f3n a defender los derechos de las mujeres en situaciones m\u00e1s desfavorecidas, o en riesgo de exclusi\u00f3n social por la compra de productos eco-responsables.\" \/>\n<meta property=\"og:url\" content=\"https:\/\/www.rajapack.es\/blog-es\/mujeres-medio-ambiente-eco-responsable\" \/>\n<meta property=\"og:site_name\" content=\"RAJAPACK Blog | Consejos de embalaje, log\u00edstica y m\u00e1s\" \/>\n<meta property=\"article:publisher\" content=\"https:\/\/www.facebook.com\/Rajapack.es\" \/>\n<meta property=\"article:published_time\" content=\"2018-03-08T07:00:54+00:00\" \/>\n<meta property=\"article:modified_time\" content=\"2025-01-30T00:52:09+00:00\" \/>\n<meta property=\"og:image\" content=\"https:\/\/www.rajapack.es\/blog-es\/wp-content\/uploads\/2018\/03\/asad.jpg\" \/>\n\t<meta property=\"og:image:width\" content=\"850\" \/>\n\t<meta property=\"og:image:height\" content=\"450\" \/>\n\t<meta property=\"og:image:type\" content=\"image\/jpeg\" \/>\n<meta name=\"author\" content=\"Sara Alcaraz G\u00e1lvez\" \/>\n<meta name=\"twitter:card\" content=\"summary_large_image\" \/>\n<meta name=\"twitter:creator\" content=\"@RajapackES\" \/>\n<meta name=\"twitter:site\" content=\"@RajapackES\" \/>\n<meta name=\"twitter:label1\" content=\"Escrito por\" \/>\n\t<meta name=\"twitter:data1\" content=\"Sara Alcaraz G\u00e1lvez\" \/>\n\t<meta name=\"twitter:label2\" content=\"Tiempo de lectura\" \/>\n\t<meta name=\"twitter:data2\" content=\"5 minutos\" \/>\n<script type=\"application\/ld+json\" class=\"yoast-schema-graph\">{\n\t    \"@context\": \"https:\/\/schema.org\",\n\t    \"@graph\": [\n\t        {\n\t            \"@type\": \"Article\",\n\t            \"@id\": \"https:\/\/www.rajapack.es\/blog-es\/mujeres-medio-ambiente-eco-responsable#article\",\n\t            \"isPartOf\": {\n\t                \"@id\": \"https:\/\/www.rajapack.es\/blog-es\/mujeres-medio-ambiente-eco-responsable\"\n\t            },\n\t            \"author\": {\n\t                \"name\": \"Sara Alcaraz G\u00e1lvez\",\n\t                \"@id\": \"https:\/\/www.rajapack.es\/blog-es\/#\/schema\/person\/354d66fd4e68e587bf52f90a52f6e0d3\"\n\t            },\n\t            \"headline\": \"El programa \u00abMujeres y medio ambiente\u00bb contin\u00faa con 5 nuevos proyectos\",\n\t            \"datePublished\": \"2018-03-08T07:00:54+00:00\",\n\t            \"dateModified\": \"2025-01-30T00:52:09+00:00\",\n\t            \"mainEntityOfPage\": {\n\t                \"@id\": \"https:\/\/www.rajapack.es\/blog-es\/mujeres-medio-ambiente-eco-responsable\"\n\t            },\n\t            \"wordCount\": 971,\n\t            \"commentCount\": 0,\n\t            \"publisher\": {\n\t                \"@id\": \"https:\/\/www.rajapack.es\/blog-es\/#organization\"\n\t            },\n\t            \"image\": {\n\t                \"@id\": \"https:\/\/www.rajapack.es\/blog-es\/mujeres-medio-ambiente-eco-responsable#primaryimage\"\n\t            },\n\t            \"thumbnailUrl\": \"https:\/\/www.rajapack.es\/blog-es\/wp-content\/uploads\/2018\/03\/asad.jpg\",\n\t            \"keywords\": [\n\t                \"ecolog\u00eda\",\n\t                \"Grupo Raja\"\n\t            ],\n\t            \"articleSection\": [\n\t                \"Noticias y eventos\"\n\t            ],\n\t            \"inLanguage\": \"es\",\n\t            \"potentialAction\": [\n\t                {\n\t                    \"@type\": \"CommentAction\",\n\t                    \"name\": \"Comment\",\n\t                    \"target\": [\n\t                        \"https:\/\/www.rajapack.es\/blog-es\/mujeres-medio-ambiente-eco-responsable#respond\"\n\t                    ]\n\t                }\n\t            ]\n\t        },\n\t        {\n\t            \"@type\": \"WebPage\",\n\t            \"@id\": \"https:\/\/www.rajapack.es\/blog-es\/mujeres-medio-ambiente-eco-responsable\",\n\t            \"url\": \"https:\/\/www.rajapack.es\/blog-es\/mujeres-medio-ambiente-eco-responsable\",\n\t            \"name\": \"El programa \\\"Mujeres y medio ambiente\\\" contin\u00faa con 5 nuevos proyectos RAJAPACK\",\n\t            \"isPartOf\": {\n\t                \"@id\": \"https:\/\/www.rajapack.es\/blog-es\/#website\"\n\t            },\n\t            \"primaryImageOfPage\": {\n\t                \"@id\": \"https:\/\/www.rajapack.es\/blog-es\/mujeres-medio-ambiente-eco-responsable#primaryimage\"\n\t            },\n\t            \"image\": {\n\t                \"@id\": \"https:\/\/www.rajapack.es\/blog-es\/mujeres-medio-ambiente-eco-responsable#primaryimage\"\n\t            },\n\t            \"thumbnailUrl\": \"https:\/\/www.rajapack.es\/blog-es\/wp-content\/uploads\/2018\/03\/asad.jpg\",\n\t            \"datePublished\": \"2018-03-08T07:00:54+00:00\",\n\t            \"dateModified\": \"2025-01-30T00:52:09+00:00\",\n\t            \"description\": \"8 de marzo, D\u00eda Internacional de la Mujer, con movimientos feministas en todo el mundo. Rajapack destina cada a\u00f1o fondos por medio de su Fundaci\u00f3n a defender los derechos de las mujeres en situaciones m\u00e1s desfavorecidas, o en riesgo de exclusi\u00f3n social por la compra de productos eco-responsables.\",\n\t            \"inLanguage\": \"es\",\n\t            \"potentialAction\": [\n\t                {\n\t                    \"@type\": \"ReadAction\",\n\t                    \"target\": [\n\t                        \"https:\/\/www.rajapack.es\/blog-es\/mujeres-medio-ambiente-eco-responsable\"\n\t                    ]\n\t                }\n\t            ]\n\t        },\n\t        {\n\t            \"@type\": \"ImageObject\",\n\t            \"inLanguage\": \"es\",\n\t            \"@id\": \"https:\/\/www.rajapack.es\/blog-es\/mujeres-medio-ambiente-eco-responsable#primaryimage\",\n\t            \"url\": \"https:\/\/www.rajapack.es\/blog-es\/wp-content\/uploads\/2018\/03\/asad.jpg\",\n\t            \"contentUrl\": \"https:\/\/www.rajapack.es\/blog-es\/wp-content\/uploads\/2018\/03\/asad.jpg\",\n\t            \"width\": 850,\n\t            \"height\": 450\n\t        },\n\t        {\n\t            \"@type\": \"WebSite\",\n\t            \"@id\": \"https:\/\/www.rajapack.es\/blog-es\/#website\",\n\t            \"url\": \"https:\/\/www.rajapack.es\/blog-es\/\",\n\t            \"name\": \"RAJAPACK Blog | Consejos de embalaje, log\u00edstica y m\u00e1s\",\n\t            \"description\": \"Consejos de embalaje, logistica y m\u00e1s\",\n\t            \"publisher\": {\n\t                \"@id\": \"https:\/\/www.rajapack.es\/blog-es\/#organization\"\n\t            },\n\t            \"potentialAction\": [\n\t                {\n\t                    \"@type\": \"SearchAction\",\n\t                    \"target\": {\n\t                        \"@type\": \"EntryPoint\",\n\t                        \"urlTemplate\": \"https:\/\/www.rajapack.es\/blog-es\/?s={search_term_string}\"\n\t                    },\n\t                    \"query-input\": {\n\t                        \"@type\": \"PropertyValueSpecification\",\n\t                        \"valueRequired\": true,\n\t                        \"valueName\": \"search_term_string\"\n\t                    }\n\t                }\n\t            ],\n\t            \"inLanguage\": \"es\"\n\t        },\n\t        {\n\t            \"@type\": \"Organization\",\n\t            \"@id\": \"https:\/\/www.rajapack.es\/blog-es\/#organization\",\n\t            \"name\": \"RAJA ES\",\n\t            \"url\": \"https:\/\/www.rajapack.es\/blog-es\/\",\n\t            \"logo\": {\n\t                \"@type\": \"ImageObject\",\n\t                \"inLanguage\": \"es\",\n\t                \"@id\": \"https:\/\/www.rajapack.es\/blog-es\/#\/schema\/logo\/image\/\",\n\t                \"url\": \"https:\/\/www.rajapack.es\/blog-es\/wp-content\/uploads\/2021\/10\/logo-mobile@3x.png\",\n\t                \"contentUrl\": \"https:\/\/www.rajapack.es\/blog-es\/wp-content\/uploads\/2021\/10\/logo-mobile@3x.png\",\n\t                \"width\": 534,\n\t                \"height\": 114,\n\t                \"caption\": \"RAJA ES\"\n\t            },\n\t            \"image\": {\n\t                \"@id\": \"https:\/\/www.rajapack.es\/blog-es\/#\/schema\/logo\/image\/\"\n\t            },\n\t            \"sameAs\": [\n\t                \"https:\/\/www.facebook.com\/Rajapack.es\",\n\t                \"https:\/\/x.com\/RajapackES\",\n\t                \"https:\/\/www.linkedin.com\/company\/rajapack-spain\/\",\n\t                \"https:\/\/www.youtube.com\/user\/RajapackES\"\n\t            ]\n\t        },\n\t        {\n\t            \"@type\": \"Person\",\n\t            \"@id\": \"https:\/\/www.rajapack.es\/blog-es\/#\/schema\/person\/354d66fd4e68e587bf52f90a52f6e0d3\",\n\t            \"name\": \"Sara Alcaraz G\u00e1lvez\",\n\t            \"image\": {\n\t                \"@type\": \"ImageObject\",\n\t                \"inLanguage\": \"es\",\n\t                \"@id\": \"https:\/\/www.rajapack.es\/blog-es\/#\/schema\/person\/image\/\",\n\t                \"url\": \"https:\/\/secure.gravatar.com\/avatar\/67c8c00f9d1fb8454864b9abb11edc1d?s=96&d=mm&r=g\",\n\t                \"contentUrl\": \"https:\/\/secure.gravatar.com\/avatar\/67c8c00f9d1fb8454864b9abb11edc1d?s=96&d=mm&r=g\",\n\t                \"caption\": \"Sara Alcaraz G\u00e1lvez\"\n\t            },\n\t            \"sameAs\": [\n\t                \"https:\/\/www.linkedin.com\/in\/saraalca\/\"\n\t            ],\n\t            \"url\": \"https:\/\/www.rajapack.es\/blog-es\/author\/saraalcarazgalvez\"\n\t        }\n\t    ]\n\t}<\/script>\n","yoast_head_json":{"title":"El programa \"Mujeres y medio ambiente\" contin\u00faa con 5 nuevos proyectos RAJAPACK","description":"8 de marzo, D\u00eda Internacional de la Mujer, con movimientos feministas en todo el mundo. Rajapack destina cada a\u00f1o fondos por medio de su Fundaci\u00f3n a defender los derechos de las mujeres en situaciones m\u00e1s desfavorecidas, o en riesgo de exclusi\u00f3n social por la compra de productos eco-responsables.","robots":{"index":"index","follow":"follow","max-snippet":"max-snippet:-1","max-image-preview":"max-image-preview:large","max-video-preview":"max-video-preview:-1"},"canonical":"https:\/\/www.rajapack.es\/blog-es\/mujeres-medio-ambiente-eco-responsable","og_locale":"es_ES","og_type":"article","og_title":"El programa \"Mujeres y medio ambiente\" contin\u00faa con 5 nuevos proyectos RAJAPACK","og_description":"8 de marzo, D\u00eda Internacional de la Mujer, con movimientos feministas en todo el mundo. Rajapack destina cada a\u00f1o fondos por medio de su Fundaci\u00f3n a defender los derechos de las mujeres en situaciones m\u00e1s desfavorecidas, o en riesgo de exclusi\u00f3n social por la compra de productos eco-responsables.","og_url":"https:\/\/www.rajapack.es\/blog-es\/mujeres-medio-ambiente-eco-responsable","og_site_name":"RAJAPACK Blog | Consejos de embalaje, log\u00edstica y m\u00e1s","article_publisher":"https:\/\/www.facebook.com\/Rajapack.es","article_published_time":"2018-03-08T07:00:54+00:00","article_modified_time":"2025-01-30T00:52:09+00:00","og_image":[{"width":850,"height":450,"url":"https:\/\/www.rajapack.es\/blog-es\/wp-content\/uploads\/2018\/03\/asad.jpg","type":"image\/jpeg"}],"author":"Sara Alcaraz G\u00e1lvez","twitter_card":"summary_large_image","twitter_creator":"@RajapackES","twitter_site":"@RajapackES","twitter_misc":{"Escrito por":"Sara Alcaraz G\u00e1lvez","Tiempo de lectura":"5 minutos"},"schema":{"@context":"https:\/\/schema.org","@graph":[{"@type":"Article","@id":"https:\/\/www.rajapack.es\/blog-es\/mujeres-medio-ambiente-eco-responsable#article","isPartOf":{"@id":"https:\/\/www.rajapack.es\/blog-es\/mujeres-medio-ambiente-eco-responsable"},"author":{"name":"Sara Alcaraz G\u00e1lvez","@id":"https:\/\/www.rajapack.es\/blog-es\/#\/schema\/person\/354d66fd4e68e587bf52f90a52f6e0d3"},"headline":"El programa \u00abMujeres y medio ambiente\u00bb contin\u00faa con 5 nuevos proyectos","datePublished":"2018-03-08T07:00:54+00:00","dateModified":"2025-01-30T00:52:09+00:00","mainEntityOfPage":{"@id":"https:\/\/www.rajapack.es\/blog-es\/mujeres-medio-ambiente-eco-responsable"},"wordCount":971,"commentCount":0,"publisher":{"@id":"https:\/\/www.rajapack.es\/blog-es\/#organization"},"image":{"@id":"https:\/\/www.rajapack.es\/blog-es\/mujeres-medio-ambiente-eco-responsable#primaryimage"},"thumbnailUrl":"https:\/\/www.rajapack.es\/blog-es\/wp-content\/uploads\/2018\/03\/asad.jpg","keywords":["ecolog\u00eda","Grupo Raja"],"articleSection":["Noticias y eventos"],"inLanguage":"es","potentialAction":[{"@type":"CommentAction","name":"Comment","target":["https:\/\/www.rajapack.es\/blog-es\/mujeres-medio-ambiente-eco-responsable#respond"]}]},{"@type":"WebPage","@id":"https:\/\/www.rajapack.es\/blog-es\/mujeres-medio-ambiente-eco-responsable","url":"https:\/\/www.rajapack.es\/blog-es\/mujeres-medio-ambiente-eco-responsable","name":"El programa \"Mujeres y medio ambiente\" contin\u00faa con 5 nuevos proyectos RAJAPACK","isPartOf":{"@id":"https:\/\/www.rajapack.es\/blog-es\/#website"},"primaryImageOfPage":{"@id":"https:\/\/www.rajapack.es\/blog-es\/mujeres-medio-ambiente-eco-responsable#primaryimage"},"image":{"@id":"https:\/\/www.rajapack.es\/blog-es\/mujeres-medio-ambiente-eco-responsable#primaryimage"},"thumbnailUrl":"https:\/\/www.rajapack.es\/blog-es\/wp-content\/uploads\/2018\/03\/asad.jpg","datePublished":"2018-03-08T07:00:54+00:00","dateModified":"2025-01-30T00:52:09+00:00","description":"8 de marzo, D\u00eda Internacional de la Mujer, con movimientos feministas en todo el mundo. Rajapack destina cada a\u00f1o fondos por medio de su Fundaci\u00f3n a defender los derechos de las mujeres en situaciones m\u00e1s desfavorecidas, o en riesgo de exclusi\u00f3n social por la compra de productos eco-responsables.","inLanguage":"es","potentialAction":[{"@type":"ReadAction","target":["https:\/\/www.rajapack.es\/blog-es\/mujeres-medio-ambiente-eco-responsable"]}]},{"@type":"ImageObject","inLanguage":"es","@id":"https:\/\/www.rajapack.es\/blog-es\/mujeres-medio-ambiente-eco-responsable#primaryimage","url":"https:\/\/www.rajapack.es\/blog-es\/wp-content\/uploads\/2018\/03\/asad.jpg","contentUrl":"https:\/\/www.rajapack.es\/blog-es\/wp-content\/uploads\/2018\/03\/asad.jpg","width":850,"height":450},{"@type":"WebSite","@id":"https:\/\/www.rajapack.es\/blog-es\/#website","url":"https:\/\/www.rajapack.es\/blog-es\/","name":"RAJAPACK Blog | Consejos de embalaje, log\u00edstica y m\u00e1s","description":"Consejos de embalaje, logistica y m\u00e1s","publisher":{"@id":"https:\/\/www.rajapack.es\/blog-es\/#organization"},"potentialAction":[{"@type":"SearchAction","target":{"@type":"EntryPoint","urlTemplate":"https:\/\/www.rajapack.es\/blog-es\/?s={search_term_string}"},"query-input":{"@type":"PropertyValueSpecification","valueRequired":true,"valueName":"search_term_string"}}],"inLanguage":"es"},{"@type":"Organization","@id":"https:\/\/www.rajapack.es\/blog-es\/#organization","name":"RAJA ES","url":"https:\/\/www.rajapack.es\/blog-es\/","logo":{"@type":"ImageObject","inLanguage":"es","@id":"https:\/\/www.rajapack.es\/blog-es\/#\/schema\/logo\/image\/","url":"https:\/\/www.rajapack.es\/blog-es\/wp-content\/uploads\/2021\/10\/logo-mobile@3x.png","contentUrl":"https:\/\/www.rajapack.es\/blog-es\/wp-content\/uploads\/2021\/10\/logo-mobile@3x.png","width":534,"height":114,"caption":"RAJA ES"},"image":{"@id":"https:\/\/www.rajapack.es\/blog-es\/#\/schema\/logo\/image\/"},"sameAs":["https:\/\/www.facebook.com\/Rajapack.es","https:\/\/x.com\/RajapackES","https:\/\/www.linkedin.com\/company\/rajapack-spain\/","https:\/\/www.youtube.com\/user\/RajapackES"]},{"@type":"Person","@id":"https:\/\/www.rajapack.es\/blog-es\/#\/schema\/person\/354d66fd4e68e587bf52f90a52f6e0d3","name":"Sara Alcaraz G\u00e1lvez","image":{"@type":"ImageObject","inLanguage":"es","@id":"https:\/\/www.rajapack.es\/blog-es\/#\/schema\/person\/image\/","url":"https:\/\/secure.gravatar.com\/avatar\/67c8c00f9d1fb8454864b9abb11edc1d?s=96&d=mm&r=g","contentUrl":"https:\/\/secure.gravatar.com\/avatar\/67c8c00f9d1fb8454864b9abb11edc1d?s=96&d=mm&r=g","caption":"Sara Alcaraz G\u00e1lvez"},"sameAs":["https:\/\/www.linkedin.com\/in\/saraalca\/"],"url":"https:\/\/www.rajapack.es\/blog-es\/author\/saraalcarazgalvez"}]}},"_links":{"self":[{"href":"https:\/\/www.rajapack.es\/blog-es\/wp-json\/wp\/v2\/posts\/8177"}],"collection":[{"href":"https:\/\/www.rajapack.es\/blog-es\/wp-json\/wp\/v2\/posts"}],"about":[{"href":"https:\/\/www.rajapack.es\/blog-es\/wp-json\/wp\/v2\/types\/post"}],"author":[{"embeddable":true,"href":"https:\/\/www.rajapack.es\/blog-es\/wp-json\/wp\/v2\/users\/49"}],"replies":[{"embeddable":true,"href":"https:\/\/www.rajapack.es\/blog-es\/wp-json\/wp\/v2\/comments?post=8177"}],"version-history":[{"count":0,"href":"https:\/\/www.rajapack.es\/blog-es\/wp-json\/wp\/v2\/posts\/8177\/revisions"}],"wp:featuredmedia":[{"embeddable":true,"href":"https:\/\/www.rajapack.es\/blog-es\/wp-json\/wp\/v2\/media\/8221"}],"wp:attachment":[{"href":"https:\/\/www.rajapack.es\/blog-es\/wp-json\/wp\/v2\/media?parent=8177"}],"wp:term":[{"taxonomy":"category","embeddable":true,"href":"https:\/\/www.rajapack.es\/blog-es\/wp-json\/wp\/v2\/categories?post=8177"},{"taxonomy":"post_tag","embeddable":true,"href":"https:\/\/www.rajapack.es\/blog-es\/wp-json\/wp\/v2\/tags?post=8177"}],"curies":[{"name":"wp","href":"https:\/\/api.w.org\/{rel}","templated":true}]}}