{"id":8781,"date":"2018-05-04T09:00:06","date_gmt":"2018-05-04T07:00:06","guid":{"rendered":"https:\/\/blog-staging-es.raja-group.com\/?p=8781"},"modified":"2025-01-30T02:30:32","modified_gmt":"2025-01-30T00:30:32","slug":"ahorrar-embalaje-ecommerce-cajas-adaptables-altura","status":"publish","type":"post","link":"https:\/\/www.rajapack.es\/blog-es\/ahorrar-embalaje-ecommerce-cajas-adaptables-altura","title":{"rendered":"C\u00f3mo ahorrar en el embalaje de tu e-commerce con las cajas adaptables en altura"},"content":{"rendered":"<p>Llaman a la puerta y, cuando abres, te encuentras con el repartidor que te lleva ese paquete que tanto estabas deseando recibir. Firmas, recoges la caja y, aunque te extra\u00f1as de su enorme volumen, la abres con ansia. \u00bfY qu\u00e9 te encuentras? Metros y metros de papel kraft plegado innumerables veces, cinta adhesiva a gog\u00f3, una cantidad incalculable de chips de relleno y por fin, en el fondo, emerge tu peque\u00f1o objeto de deseo, sepultado en medio de un derroche de embalaje. \u00bfRealmente hab\u00eda hecho falta emplear tanto material para proteger algo tan min\u00fasculo? \u00bfPor qu\u00e9 el e-commerce en que has realizado tu compra no se ha preocupado por cuidar del medio ambiente y por <strong>ahorrar en embalaje<\/strong>?<\/p>\n<p><img loading=\"lazy\" decoding=\"async\" class=\"aligncenter size-full wp-image-8801\" src=\"https:\/\/www.rajapack.es\/blog-es\/wp-content\/uploads\/2018\/04\/embalaje-excesivo-tuit.png\" alt=\"Tuit sobre embalaje excesivo\" width=\"500\" height=\"468\" srcset=\"https:\/\/www.rajapack.es\/blog-es\/wp-content\/uploads\/2018\/04\/embalaje-excesivo-tuit.png 500w, https:\/\/www.rajapack.es\/blog-es\/wp-content\/uploads\/2018\/04\/embalaje-excesivo-tuit-430x402.png 430w, https:\/\/www.rajapack.es\/blog-es\/wp-content\/uploads\/2018\/04\/embalaje-excesivo-tuit-240x225.png 240w\" sizes=\"(max-width: 500px) 100vw, 500px\" \/><\/p>\n<blockquote class=\"twitter-tweet\">\n<p dir=\"ltr\" lang=\"en\">Really glad my children&#8217;s Tylenol arrived safe and sound. <a href=\"https:\/\/twitter.com\/hashtag\/FridayFeeling?src=hash&amp;ref_src=twsrc%5Etfw\" target=\"_blank\" rel=\"noopener\">#FridayFeeling<\/a> <a href=\"https:\/\/twitter.com\/hashtag\/excessivepackaging?src=hash&amp;ref_src=twsrc%5Etfw\" target=\"_blank\" rel=\"noopener\">#excessivepackaging<\/a> <a href=\"https:\/\/t.co\/0GrbDYMMEY\" target=\"_blank\" rel=\"noopener\">pic.twitter.com\/0GrbDYMMEY<\/a><\/p>\n<p>\u2014 Vanessa Anton (@veechic) <a href=\"https:\/\/twitter.com\/veechic\/status\/982390310536855552?ref_src=twsrc%5Etfw\" target=\"_blank\" rel=\"noopener\">6 de abril de 2018<\/a><\/p><\/blockquote>\n<h2>Embalaje en e-commerce: \u00bfpor qu\u00e9 usar cajas grandes para pedidos peque\u00f1os?<\/h2>\n<p>Si dejas ahora el lado del cliente y te colocas en los zapatos de los gestores de una tienda online, existen varias <strong>razones<\/strong> -algunas m\u00e1s descabelladas que otras- que terminan provocando la <strong><a href=\"https:\/\/www.rajapack.es\/blog-es\/embalaje-imagen-de-marca\" target=\"_blank\" rel=\"noopener\">utilizaci\u00f3n de un embalaje absurdamente desproporcionado<\/a><\/strong> para un pedido de escasa entidad.<\/p>\n<ul>\n<li><strong>Falta de stock<\/strong>: lo m\u00e1s habitual es que en el almac\u00e9n se acaben las cajas de cart\u00f3n del tama\u00f1o adecuado y, por tanto, los operarios se vean obligados a reemplazar el embalaje agotado por otro que s\u00ed est\u00e9 disponible.<\/li>\n<li><strong>Comodidad del operario:<\/strong> en otras ocasiones, acceder a la caja correcta es complicado o requiere invertir un tiempo precioso, y el operario prefiere sacrificar la presentaci\u00f3n en aras de una mayor productividad en la preparaci\u00f3n de pedidos.<\/li>\n<li><strong>Objetos con formas especiales:<\/strong> hay pedidos en los que el embalaje es un reto por la forma que presenta el contenido del paquete, y no hay m\u00e1s remedio que quedarse con un formato de caja grande para poder encajarlo.<\/li>\n<li><strong>Rapidez en la entrega:<\/strong> otra variable que se maneja es el llenado del cami\u00f3n de reparto. Si solo utilizamos paquetes peque\u00f1os, este tardar\u00e1 mucho en completarse y en comenzar su ruta para la entrega de los productos (y, por consiguiente, en concluir la ronda). En cambio, con pedidos m\u00e1s voluminosos, se reduce el n\u00famero de paquetes que repartir y la distribuci\u00f3n es mucho m\u00e1s \u00e1gil.<\/li>\n<li><strong>Prevenci\u00f3n de robos:<\/strong> a medio camino entre realidad y mito, hay e-commerces que argumentan que prefieren empaquetar productos peque\u00f1os en cajas grandes para desanimar a los ladrones. Y es que es m\u00e1s sencillo apropiarse en un descuido de un elemento de dimensiones reducidas que de una enorme caja dif\u00edcil de ocultar.<\/li>\n<\/ul>\n<p><img loading=\"lazy\" decoding=\"async\" class=\"aligncenter size-full wp-image-8805\" src=\"https:\/\/www.rajapack.es\/blog-es\/wp-content\/uploads\/2018\/04\/demasiado-embalaje-tuit.png\" alt=\"Tuit que critica el exceso de embalaje\" width=\"500\" height=\"549\" srcset=\"https:\/\/www.rajapack.es\/blog-es\/wp-content\/uploads\/2018\/04\/demasiado-embalaje-tuit.png 500w, https:\/\/www.rajapack.es\/blog-es\/wp-content\/uploads\/2018\/04\/demasiado-embalaje-tuit-392x430.png 392w, https:\/\/www.rajapack.es\/blog-es\/wp-content\/uploads\/2018\/04\/demasiado-embalaje-tuit-205x225.png 205w\" sizes=\"(max-width: 500px) 100vw, 500px\" \/><\/p>\n<blockquote class=\"twitter-tweet\">\n<p dir=\"ltr\" lang=\"en\">Thanks for the free box <a href=\"https:\/\/twitter.com\/AmazonUK?ref_src=twsrc%5Etfw\" target=\"_blank\" rel=\"noopener\">@AmazonUK<\/a> <a href=\"https:\/\/twitter.com\/hashtag\/excessivepackaging?src=hash&amp;ref_src=twsrc%5Etfw\" target=\"_blank\" rel=\"noopener\">#excessivepackaging<\/a> <a href=\"https:\/\/t.co\/4r9P2eP9eb\" target=\"_blank\" rel=\"noopener\">pic.twitter.com\/4r9P2eP9eb<\/a><\/p>\n<p>\u2014 Jen D (@Jenfr0mthebl0ck) <a href=\"https:\/\/twitter.com\/Jenfr0mthebl0ck\/status\/976172663763800064?ref_src=twsrc%5Etfw\" target=\"_blank\" rel=\"noopener\">20 de marzo de 2018<\/a><\/p><\/blockquote>\n<p>&nbsp;<\/p>\n<h2>Cajas adaptables en altura: la soluci\u00f3n para ahorrar en tu e-commerce<\/h2>\n<p>Contra todos los contratiempos anteriores se puede luchar sin sacrificar la presentaci\u00f3n de tu pedido y sin perjudicar al medio ambiente gracias a las <strong>cajas adaptables en altura<\/strong>. Sustituir todo o parte de tu stock de cajas para el embalaje de tus pedidos por las <a href=\"https:\/\/www.rajapack.es\/cajas-carton-contenedores-cajas-postales\/cajas-carton-telescopicas-altura-variable_C102020.html\" target=\"_blank\" rel=\"noopener\">cajas de altura variable<\/a> te ayudar\u00e1 a ahorrar en cuatro \u00e1mbitos:<\/p>\n<h3>1.\u00a0\u00a0\u00a0\u00a0\u00a0 Ahorro econ\u00f3mico<\/h3>\n<p><a href=\"https:\/\/www.rajapack.es\/cajas-carton-contenedores-cajas-postales\/cajas-carton-altura-variable-paletizables-especificas\/caja-carton-canal-doble-adaptable-altura-variabox_PDT01835.html\" target=\"_blank\" rel=\"noopener\"><img loading=\"lazy\" decoding=\"async\" class=\"alignright wp-image-8790 size-medium\" src=\"https:\/\/www.rajapack.es\/blog-es\/wp-content\/uploads\/2018\/04\/caja-altura-variable-variabox-canal-doble-300x300.png\" alt=\"Cajas adaptables en altura: caja Variabox de canal doble\" width=\"300\" height=\"300\" \/><\/a>Las cajas adaptables en altura proporcionar\u00e1n beneficios econ\u00f3micos a las cuentas de tu negocio por dos motivos:<\/p>\n<ul>\n<li><strong>Menos gasto en relleno y cinta adhesiva:<\/strong> al poder modular la capacidad de las cajas, no ser\u00e1 necesario compensar el espacio libre en el interior de los paquetes demasiado grandes con un exceso de relleno. Adi\u00f3s, tambi\u00e9n, al derroche en cinta adhesiva.<\/li>\n<li><strong>Descuentos por volumen:<\/strong> si, en vez de comprar pocas cajas de varios tipos, adquieres muchas de un solo tipo, podr\u00e1s beneficiarte del descuento que traen aparejado las <a href=\"https:\/\/www.rajapack.es\/grandes-cuentas_cms_000079.html\" target=\"_blank\" rel=\"noopener\">compras de gran volumen en Rajapack<\/a>.<\/li>\n<\/ul>\n<h3>2.\u00a0\u00a0\u00a0\u00a0\u00a0 Ahorro de tiempo en la preparaci\u00f3n de los pedidos<\/h3>\n<p>Con las cajas de altura variable, los operarios no perder\u00e1n ni un segundo localizando la caja acorde con el contenido que se vaya a empaquetar, ya que <strong>una misma referencia servir\u00e1 para embalar diferentes tipolog\u00edas de producto<\/strong>. De este modo, se reduce el tiempo medio necesario para la preparaci\u00f3n de cada pedido y crece la productividad por trabajador.<\/p>\n<h3>3.\u00a0\u00a0\u00a0\u00a0\u00a0 Ahorro de complicaciones en la gesti\u00f3n de tu almac\u00e9n<\/h3>\n<p>Por otro lado, menos formatos de embalaje en stock resultan en una gesti\u00f3n de almac\u00e9n m\u00e1s sencilla, dado que as\u00ed habr\u00e1 <strong>menos referencias que controlar<\/strong>. En consecuencia, la facturaci\u00f3n del gasto en embalaje ser\u00e1 bastante m\u00e1s f\u00e1cil.<\/p>\n<h3>4.\u00a0\u00a0\u00a0\u00a0\u00a0 Ahorro de espacio<\/h3>\n<p><a href=\"https:\/\/www.rajapack.es\/cajas-carton-contenedores-cajas-postales\/cajas-carton-altura-variable-paletizables-especificas\/caja-carton-canal-simple-adaptable-altura-variabox_PDT01532.html\" target=\"_blank\" rel=\"noopener\"><img loading=\"lazy\" decoding=\"async\" class=\"alignright wp-image-8785 size-full\" src=\"https:\/\/www.rajapack.es\/blog-es\/wp-content\/uploads\/2018\/04\/caja-variabox-altura-variable.png\" alt=\"Cajas adaptables en altura: caja Variabox de canal simple regulable hasta 12 alturas\" width=\"300\" height=\"296\" srcset=\"https:\/\/www.rajapack.es\/blog-es\/wp-content\/uploads\/2018\/04\/caja-variabox-altura-variable.png 300w, https:\/\/www.rajapack.es\/blog-es\/wp-content\/uploads\/2018\/04\/caja-variabox-altura-variable-228x225.png 228w, https:\/\/www.rajapack.es\/blog-es\/wp-content\/uploads\/2018\/04\/caja-variabox-altura-variable-100x100.png 100w\" sizes=\"(max-width: 300px) 100vw, 300px\" \/><\/a>Por \u00faltimo, manejar menos referencias para el embalaje no solo simplifica la gesti\u00f3n del almac\u00e9n, sino que tambi\u00e9n <strong>libera espacio<\/strong> que los e-commerces podr\u00e1n utilizar para guardar una mayor cantidad de producto disponible para sus clientes.<\/p>\n<p>&nbsp;<\/p>\n<p>Rajapack cuenta con dos tipos de <strong>cajas Variabox, adaptables en altura y con fondo autom\u00e1tico<\/strong>: las <a href=\"https:\/\/www.rajapack.es\/cajas-carton-contenedores-cajas-postales\/cajas-carton-altura-variable-paletizables-especificas\/caja-carton-canal-simple-adaptable-altura-variabox_PDT01532.html\" target=\"_blank\" rel=\"noopener\">cajas Variabox de canal simple<\/a> y las <a href=\"https:\/\/www.rajapack.es\/cajas-carton-contenedores-cajas-postales\/cajas-carton-altura-variable-paletizables-especificas\/caja-carton-canal-doble-adaptable-altura-variabox_PDT01835.html\" target=\"_blank\" rel=\"noopener\">cajas Variabox de canal doble<\/a>. Ambas referencias son ecol\u00f3gicas y 100% reciclables, pueden regularse para hasta <strong>12 alturas<\/strong> y son de montaje instant\u00e1neo. \u00a1Pru\u00e9balas ya y ahorra en tu e-commerce!<\/p>\n<div class=\"su-youtube su-u-responsive-media-yes\"><iframe loading=\"lazy\" width=\"600\" height=\"400\" src=\"https:\/\/www.youtube.com\/embed\/hMHa1ADZdbY?\" frameborder=\"0\" allowfullscreen allow=\"autoplay; encrypted-media; picture-in-picture\" title=\"\"><\/iframe><\/div>\n","protected":false},"excerpt":{"rendered":"<p>No m\u00e1s exceso de embalaje para enviar un objeto peque\u00f1o: con las cajas adaptables en altura podr\u00e1s modular tu embalaje en funci\u00f3n de las caracter\u00edsticas f\u00edsicas del producto. Descubre c\u00f3mo mejorar la imagen de tu tienda online y as\u00ed ahorrar en tu e-commerce gracias a las cajas de altura variable.<\/p>\n","protected":false},"author":31,"featured_media":8858,"comment_status":"open","ping_status":"open","sticky":false,"template":"","format":"standard","meta":{"_acf_changed":false,"footnotes":""},"categories":[545,4],"tags":[106],"class_list":["post-8781","post","type-post","status-publish","format-standard","has-post-thumbnail","hentry","category-e-commerce","category-embalaje","tag-embalajes"],"acf":[],"yoast_head":"\n<title>Cajas adaptables en altura para ahorrar en tu e-commerce | Rajapack<\/title>\n<meta name=\"description\" content=\"Descubre c\u00f3mo mejorar la imagen de tu tienda online y as\u00ed ahorrar en tu e-commerce gracias a las cajas de altura variable.\" \/>\n<meta name=\"robots\" content=\"index, follow, max-snippet:-1, max-image-preview:large, max-video-preview:-1\" \/>\n<link rel=\"canonical\" href=\"https:\/\/www.rajapack.es\/blog-es\/ahorrar-embalaje-ecommerce-cajas-adaptables-altura\" \/>\n<meta property=\"og:locale\" content=\"es_ES\" \/>\n<meta property=\"og:type\" content=\"article\" \/>\n<meta property=\"og:title\" content=\"Cajas adaptables en altura para ahorrar en tu e-commerce | Rajapack\" \/>\n<meta property=\"og:description\" content=\"Descubre c\u00f3mo mejorar la imagen de tu tienda online y as\u00ed ahorrar en tu e-commerce gracias a las cajas de altura variable.\" \/>\n<meta property=\"og:url\" content=\"https:\/\/www.rajapack.es\/blog-es\/ahorrar-embalaje-ecommerce-cajas-adaptables-altura\" \/>\n<meta property=\"og:site_name\" content=\"RAJAPACK Blog | Consejos de embalaje, log\u00edstica y m\u00e1s\" \/>\n<meta property=\"article:publisher\" content=\"https:\/\/www.facebook.com\/Rajapack.es\" \/>\n<meta property=\"article:published_time\" content=\"2018-05-04T07:00:06+00:00\" \/>\n<meta property=\"article:modified_time\" content=\"2025-01-30T00:30:32+00:00\" \/>\n<meta property=\"og:image\" content=\"https:\/\/www.rajapack.es\/blog-es\/wp-content\/uploads\/2018\/05\/cajas-adaptables-altura.jpg\" \/>\n\t<meta property=\"og:image:width\" content=\"850\" \/>\n\t<meta property=\"og:image:height\" content=\"450\" \/>\n\t<meta property=\"og:image:type\" content=\"image\/jpeg\" \/>\n<meta name=\"author\" content=\"Beatriz GONZALES\" \/>\n<meta name=\"twitter:card\" content=\"summary_large_image\" \/>\n<meta name=\"twitter:creator\" content=\"@RajapackES\" \/>\n<meta name=\"twitter:site\" content=\"@RajapackES\" \/>\n<meta name=\"twitter:label1\" content=\"Escrito por\" \/>\n\t<meta name=\"twitter:data1\" content=\"Beatriz GONZALES\" \/>\n\t<meta name=\"twitter:label2\" content=\"Tiempo de lectura\" \/>\n\t<meta name=\"twitter:data2\" content=\"4 minutos\" \/>\n<script type=\"application\/ld+json\" class=\"yoast-schema-graph\">{\n\t    \"@context\": \"https:\/\/schema.org\",\n\t    \"@graph\": [\n\t        {\n\t            \"@type\": \"Article\",\n\t            \"@id\": \"https:\/\/www.rajapack.es\/blog-es\/ahorrar-embalaje-ecommerce-cajas-adaptables-altura#article\",\n\t            \"isPartOf\": {\n\t                \"@id\": \"https:\/\/www.rajapack.es\/blog-es\/ahorrar-embalaje-ecommerce-cajas-adaptables-altura\"\n\t            },\n\t            \"author\": {\n\t                \"name\": \"Beatriz GONZALES\",\n\t                \"@id\": \"https:\/\/www.rajapack.es\/blog-es\/#\/schema\/person\/9fac94e7fcd0aa6d015f7202bd4e2b0f\"\n\t            },\n\t            \"headline\": \"C\u00f3mo ahorrar en el embalaje de tu e-commerce con las cajas adaptables en altura\",\n\t            \"datePublished\": \"2018-05-04T07:00:06+00:00\",\n\t            \"dateModified\": \"2025-01-30T00:30:32+00:00\",\n\t            \"mainEntityOfPage\": {\n\t                \"@id\": \"https:\/\/www.rajapack.es\/blog-es\/ahorrar-embalaje-ecommerce-cajas-adaptables-altura\"\n\t            },\n\t            \"wordCount\": 904,\n\t            \"commentCount\": 0,\n\t            \"publisher\": {\n\t                \"@id\": \"https:\/\/www.rajapack.es\/blog-es\/#organization\"\n\t            },\n\t            \"image\": {\n\t                \"@id\": \"https:\/\/www.rajapack.es\/blog-es\/ahorrar-embalaje-ecommerce-cajas-adaptables-altura#primaryimage\"\n\t            },\n\t            \"thumbnailUrl\": \"https:\/\/www.rajapack.es\/blog-es\/wp-content\/uploads\/2018\/05\/cajas-adaptables-altura.jpg\",\n\t            \"keywords\": [\n\t                \"embalajes\"\n\t            ],\n\t            \"articleSection\": [\n\t                \"E-commerce\",\n\t                \"Novedades &amp; Consejos de embalaje\"\n\t            ],\n\t            \"inLanguage\": \"es\",\n\t            \"potentialAction\": [\n\t                {\n\t                    \"@type\": \"CommentAction\",\n\t                    \"name\": \"Comment\",\n\t                    \"target\": [\n\t                        \"https:\/\/www.rajapack.es\/blog-es\/ahorrar-embalaje-ecommerce-cajas-adaptables-altura#respond\"\n\t                    ]\n\t                }\n\t            ]\n\t        },\n\t        {\n\t            \"@type\": \"WebPage\",\n\t            \"@id\": \"https:\/\/www.rajapack.es\/blog-es\/ahorrar-embalaje-ecommerce-cajas-adaptables-altura\",\n\t            \"url\": \"https:\/\/www.rajapack.es\/blog-es\/ahorrar-embalaje-ecommerce-cajas-adaptables-altura\",\n\t            \"name\": \"Cajas adaptables en altura para ahorrar en tu e-commerce | Rajapack\",\n\t            \"isPartOf\": {\n\t                \"@id\": \"https:\/\/www.rajapack.es\/blog-es\/#website\"\n\t            },\n\t            \"primaryImageOfPage\": {\n\t                \"@id\": \"https:\/\/www.rajapack.es\/blog-es\/ahorrar-embalaje-ecommerce-cajas-adaptables-altura#primaryimage\"\n\t            },\n\t            \"image\": {\n\t                \"@id\": \"https:\/\/www.rajapack.es\/blog-es\/ahorrar-embalaje-ecommerce-cajas-adaptables-altura#primaryimage\"\n\t            },\n\t            \"thumbnailUrl\": \"https:\/\/www.rajapack.es\/blog-es\/wp-content\/uploads\/2018\/05\/cajas-adaptables-altura.jpg\",\n\t            \"datePublished\": \"2018-05-04T07:00:06+00:00\",\n\t            \"dateModified\": \"2025-01-30T00:30:32+00:00\",\n\t            \"description\": \"Descubre c\u00f3mo mejorar la imagen de tu tienda online y as\u00ed ahorrar en tu e-commerce gracias a las cajas de altura variable.\",\n\t            \"inLanguage\": \"es\",\n\t            \"potentialAction\": [\n\t                {\n\t                    \"@type\": \"ReadAction\",\n\t                    \"target\": [\n\t                        \"https:\/\/www.rajapack.es\/blog-es\/ahorrar-embalaje-ecommerce-cajas-adaptables-altura\"\n\t                    ]\n\t                }\n\t            ]\n\t        },\n\t        {\n\t            \"@type\": \"ImageObject\",\n\t            \"inLanguage\": \"es\",\n\t            \"@id\": \"https:\/\/www.rajapack.es\/blog-es\/ahorrar-embalaje-ecommerce-cajas-adaptables-altura#primaryimage\",\n\t            \"url\": \"https:\/\/www.rajapack.es\/blog-es\/wp-content\/uploads\/2018\/05\/cajas-adaptables-altura.jpg\",\n\t            \"contentUrl\": \"https:\/\/www.rajapack.es\/blog-es\/wp-content\/uploads\/2018\/05\/cajas-adaptables-altura.jpg\",\n\t            \"width\": 850,\n\t            \"height\": 450,\n\t            \"caption\": \"C\u00f3mo ahorrar en el embalaje de tu e-commerce con las cajas adaptables en altura\"\n\t        },\n\t        {\n\t            \"@type\": \"WebSite\",\n\t            \"@id\": \"https:\/\/www.rajapack.es\/blog-es\/#website\",\n\t            \"url\": \"https:\/\/www.rajapack.es\/blog-es\/\",\n\t            \"name\": \"RAJAPACK Blog | Consejos de embalaje, log\u00edstica y m\u00e1s\",\n\t            \"description\": \"Consejos de embalaje, logistica y m\u00e1s\",\n\t            \"publisher\": {\n\t                \"@id\": \"https:\/\/www.rajapack.es\/blog-es\/#organization\"\n\t            },\n\t            \"potentialAction\": [\n\t                {\n\t                    \"@type\": \"SearchAction\",\n\t                    \"target\": {\n\t                        \"@type\": \"EntryPoint\",\n\t                        \"urlTemplate\": \"https:\/\/www.rajapack.es\/blog-es\/?s={search_term_string}\"\n\t                    },\n\t                    \"query-input\": {\n\t                        \"@type\": \"PropertyValueSpecification\",\n\t                        \"valueRequired\": true,\n\t                        \"valueName\": \"search_term_string\"\n\t                    }\n\t                }\n\t            ],\n\t            \"inLanguage\": \"es\"\n\t        },\n\t        {\n\t            \"@type\": \"Organization\",\n\t            \"@id\": \"https:\/\/www.rajapack.es\/blog-es\/#organization\",\n\t            \"name\": \"RAJA ES\",\n\t            \"url\": \"https:\/\/www.rajapack.es\/blog-es\/\",\n\t            \"logo\": {\n\t                \"@type\": \"ImageObject\",\n\t                \"inLanguage\": \"es\",\n\t                \"@id\": \"https:\/\/www.rajapack.es\/blog-es\/#\/schema\/logo\/image\/\",\n\t                \"url\": \"https:\/\/www.rajapack.es\/blog-es\/wp-content\/uploads\/2021\/10\/logo-mobile@3x.png\",\n\t                \"contentUrl\": \"https:\/\/www.rajapack.es\/blog-es\/wp-content\/uploads\/2021\/10\/logo-mobile@3x.png\",\n\t                \"width\": 534,\n\t                \"height\": 114,\n\t                \"caption\": \"RAJA ES\"\n\t            },\n\t            \"image\": {\n\t                \"@id\": \"https:\/\/www.rajapack.es\/blog-es\/#\/schema\/logo\/image\/\"\n\t            },\n\t            \"sameAs\": [\n\t                \"https:\/\/www.facebook.com\/Rajapack.es\",\n\t                \"https:\/\/x.com\/RajapackES\",\n\t                \"https:\/\/www.linkedin.com\/company\/rajapack-spain\/\",\n\t                \"https:\/\/www.youtube.com\/user\/RajapackES\"\n\t            ]\n\t        },\n\t        {\n\t            \"@type\": \"Person\",\n\t            \"@id\": \"https:\/\/www.rajapack.es\/blog-es\/#\/schema\/person\/9fac94e7fcd0aa6d015f7202bd4e2b0f\",\n\t            \"name\": \"Beatriz GONZALES\",\n\t            \"image\": {\n\t                \"@type\": \"ImageObject\",\n\t                \"inLanguage\": \"es\",\n\t                \"@id\": \"https:\/\/www.rajapack.es\/blog-es\/#\/schema\/person\/image\/\",\n\t                \"url\": \"https:\/\/secure.gravatar.com\/avatar\/8d60a8c60719946f0508b6546da3680b?s=96&d=mm&r=g\",\n\t                \"contentUrl\": \"https:\/\/secure.gravatar.com\/avatar\/8d60a8c60719946f0508b6546da3680b?s=96&d=mm&r=g\",\n\t                \"caption\": \"Beatriz GONZALES\"\n\t            },\n\t            \"description\": \"User Wordpress\",\n\t            \"url\": \"https:\/\/www.rajapack.es\/blog-es\/author\/beatriz-gonzales\"\n\t        }\n\t    ]\n\t}<\/script>\n","yoast_head_json":{"title":"Cajas adaptables en altura para ahorrar en tu e-commerce | Rajapack","description":"Descubre c\u00f3mo mejorar la imagen de tu tienda online y as\u00ed ahorrar en tu e-commerce gracias a las cajas de altura variable.","robots":{"index":"index","follow":"follow","max-snippet":"max-snippet:-1","max-image-preview":"max-image-preview:large","max-video-preview":"max-video-preview:-1"},"canonical":"https:\/\/www.rajapack.es\/blog-es\/ahorrar-embalaje-ecommerce-cajas-adaptables-altura","og_locale":"es_ES","og_type":"article","og_title":"Cajas adaptables en altura para ahorrar en tu e-commerce | Rajapack","og_description":"Descubre c\u00f3mo mejorar la imagen de tu tienda online y as\u00ed ahorrar en tu e-commerce gracias a las cajas de altura variable.","og_url":"https:\/\/www.rajapack.es\/blog-es\/ahorrar-embalaje-ecommerce-cajas-adaptables-altura","og_site_name":"RAJAPACK Blog | Consejos de embalaje, log\u00edstica y m\u00e1s","article_publisher":"https:\/\/www.facebook.com\/Rajapack.es","article_published_time":"2018-05-04T07:00:06+00:00","article_modified_time":"2025-01-30T00:30:32+00:00","og_image":[{"width":850,"height":450,"url":"https:\/\/www.rajapack.es\/blog-es\/wp-content\/uploads\/2018\/05\/cajas-adaptables-altura.jpg","type":"image\/jpeg"}],"author":"Beatriz GONZALES","twitter_card":"summary_large_image","twitter_creator":"@RajapackES","twitter_site":"@RajapackES","twitter_misc":{"Escrito por":"Beatriz GONZALES","Tiempo de lectura":"4 minutos"},"schema":{"@context":"https:\/\/schema.org","@graph":[{"@type":"Article","@id":"https:\/\/www.rajapack.es\/blog-es\/ahorrar-embalaje-ecommerce-cajas-adaptables-altura#article","isPartOf":{"@id":"https:\/\/www.rajapack.es\/blog-es\/ahorrar-embalaje-ecommerce-cajas-adaptables-altura"},"author":{"name":"Beatriz GONZALES","@id":"https:\/\/www.rajapack.es\/blog-es\/#\/schema\/person\/9fac94e7fcd0aa6d015f7202bd4e2b0f"},"headline":"C\u00f3mo ahorrar en el embalaje de tu e-commerce con las cajas adaptables en altura","datePublished":"2018-05-04T07:00:06+00:00","dateModified":"2025-01-30T00:30:32+00:00","mainEntityOfPage":{"@id":"https:\/\/www.rajapack.es\/blog-es\/ahorrar-embalaje-ecommerce-cajas-adaptables-altura"},"wordCount":904,"commentCount":0,"publisher":{"@id":"https:\/\/www.rajapack.es\/blog-es\/#organization"},"image":{"@id":"https:\/\/www.rajapack.es\/blog-es\/ahorrar-embalaje-ecommerce-cajas-adaptables-altura#primaryimage"},"thumbnailUrl":"https:\/\/www.rajapack.es\/blog-es\/wp-content\/uploads\/2018\/05\/cajas-adaptables-altura.jpg","keywords":["embalajes"],"articleSection":["E-commerce","Novedades &amp; Consejos de embalaje"],"inLanguage":"es","potentialAction":[{"@type":"CommentAction","name":"Comment","target":["https:\/\/www.rajapack.es\/blog-es\/ahorrar-embalaje-ecommerce-cajas-adaptables-altura#respond"]}]},{"@type":"WebPage","@id":"https:\/\/www.rajapack.es\/blog-es\/ahorrar-embalaje-ecommerce-cajas-adaptables-altura","url":"https:\/\/www.rajapack.es\/blog-es\/ahorrar-embalaje-ecommerce-cajas-adaptables-altura","name":"Cajas adaptables en altura para ahorrar en tu e-commerce | Rajapack","isPartOf":{"@id":"https:\/\/www.rajapack.es\/blog-es\/#website"},"primaryImageOfPage":{"@id":"https:\/\/www.rajapack.es\/blog-es\/ahorrar-embalaje-ecommerce-cajas-adaptables-altura#primaryimage"},"image":{"@id":"https:\/\/www.rajapack.es\/blog-es\/ahorrar-embalaje-ecommerce-cajas-adaptables-altura#primaryimage"},"thumbnailUrl":"https:\/\/www.rajapack.es\/blog-es\/wp-content\/uploads\/2018\/05\/cajas-adaptables-altura.jpg","datePublished":"2018-05-04T07:00:06+00:00","dateModified":"2025-01-30T00:30:32+00:00","description":"Descubre c\u00f3mo mejorar la imagen de tu tienda online y as\u00ed ahorrar en tu e-commerce gracias a las cajas de altura variable.","inLanguage":"es","potentialAction":[{"@type":"ReadAction","target":["https:\/\/www.rajapack.es\/blog-es\/ahorrar-embalaje-ecommerce-cajas-adaptables-altura"]}]},{"@type":"ImageObject","inLanguage":"es","@id":"https:\/\/www.rajapack.es\/blog-es\/ahorrar-embalaje-ecommerce-cajas-adaptables-altura#primaryimage","url":"https:\/\/www.rajapack.es\/blog-es\/wp-content\/uploads\/2018\/05\/cajas-adaptables-altura.jpg","contentUrl":"https:\/\/www.rajapack.es\/blog-es\/wp-content\/uploads\/2018\/05\/cajas-adaptables-altura.jpg","width":850,"height":450,"caption":"C\u00f3mo ahorrar en el embalaje de tu e-commerce con las cajas adaptables en altura"},{"@type":"WebSite","@id":"https:\/\/www.rajapack.es\/blog-es\/#website","url":"https:\/\/www.rajapack.es\/blog-es\/","name":"RAJAPACK Blog | Consejos de embalaje, log\u00edstica y m\u00e1s","description":"Consejos de embalaje, logistica y m\u00e1s","publisher":{"@id":"https:\/\/www.rajapack.es\/blog-es\/#organization"},"potentialAction":[{"@type":"SearchAction","target":{"@type":"EntryPoint","urlTemplate":"https:\/\/www.rajapack.es\/blog-es\/?s={search_term_string}"},"query-input":{"@type":"PropertyValueSpecification","valueRequired":true,"valueName":"search_term_string"}}],"inLanguage":"es"},{"@type":"Organization","@id":"https:\/\/www.rajapack.es\/blog-es\/#organization","name":"RAJA ES","url":"https:\/\/www.rajapack.es\/blog-es\/","logo":{"@type":"ImageObject","inLanguage":"es","@id":"https:\/\/www.rajapack.es\/blog-es\/#\/schema\/logo\/image\/","url":"https:\/\/www.rajapack.es\/blog-es\/wp-content\/uploads\/2021\/10\/logo-mobile@3x.png","contentUrl":"https:\/\/www.rajapack.es\/blog-es\/wp-content\/uploads\/2021\/10\/logo-mobile@3x.png","width":534,"height":114,"caption":"RAJA ES"},"image":{"@id":"https:\/\/www.rajapack.es\/blog-es\/#\/schema\/logo\/image\/"},"sameAs":["https:\/\/www.facebook.com\/Rajapack.es","https:\/\/x.com\/RajapackES","https:\/\/www.linkedin.com\/company\/rajapack-spain\/","https:\/\/www.youtube.com\/user\/RajapackES"]},{"@type":"Person","@id":"https:\/\/www.rajapack.es\/blog-es\/#\/schema\/person\/9fac94e7fcd0aa6d015f7202bd4e2b0f","name":"Beatriz GONZALES","image":{"@type":"ImageObject","inLanguage":"es","@id":"https:\/\/www.rajapack.es\/blog-es\/#\/schema\/person\/image\/","url":"https:\/\/secure.gravatar.com\/avatar\/8d60a8c60719946f0508b6546da3680b?s=96&d=mm&r=g","contentUrl":"https:\/\/secure.gravatar.com\/avatar\/8d60a8c60719946f0508b6546da3680b?s=96&d=mm&r=g","caption":"Beatriz GONZALES"},"description":"User Wordpress","url":"https:\/\/www.rajapack.es\/blog-es\/author\/beatriz-gonzales"}]}},"_links":{"self":[{"href":"https:\/\/www.rajapack.es\/blog-es\/wp-json\/wp\/v2\/posts\/8781"}],"collection":[{"href":"https:\/\/www.rajapack.es\/blog-es\/wp-json\/wp\/v2\/posts"}],"about":[{"href":"https:\/\/www.rajapack.es\/blog-es\/wp-json\/wp\/v2\/types\/post"}],"author":[{"embeddable":true,"href":"https:\/\/www.rajapack.es\/blog-es\/wp-json\/wp\/v2\/users\/31"}],"replies":[{"embeddable":true,"href":"https:\/\/www.rajapack.es\/blog-es\/wp-json\/wp\/v2\/comments?post=8781"}],"version-history":[{"count":0,"href":"https:\/\/www.rajapack.es\/blog-es\/wp-json\/wp\/v2\/posts\/8781\/revisions"}],"wp:featuredmedia":[{"embeddable":true,"href":"https:\/\/www.rajapack.es\/blog-es\/wp-json\/wp\/v2\/media\/8858"}],"wp:attachment":[{"href":"https:\/\/www.rajapack.es\/blog-es\/wp-json\/wp\/v2\/media?parent=8781"}],"wp:term":[{"taxonomy":"category","embeddable":true,"href":"https:\/\/www.rajapack.es\/blog-es\/wp-json\/wp\/v2\/categories?post=8781"},{"taxonomy":"post_tag","embeddable":true,"href":"https:\/\/www.rajapack.es\/blog-es\/wp-json\/wp\/v2\/tags?post=8781"}],"curies":[{"name":"wp","href":"https:\/\/api.w.org\/{rel}","templated":true}]}}