{"id":9125,"date":"2018-05-31T10:29:03","date_gmt":"2018-05-31T08:29:03","guid":{"rendered":"https:\/\/blog-staging-es.raja-group.com\/?p=9125"},"modified":"2022-10-17T03:28:08","modified_gmt":"2022-10-17T01:28:08","slug":"encuesta-uso-del-movil-ambito-profesional","status":"publish","type":"post","link":"https:\/\/www.rajapack.es\/blog-es\/encuesta-uso-del-movil-ambito-profesional","title":{"rendered":"Encuesta: El uso del m\u00f3vil en el \u00e1mbito profesional"},"content":{"rendered":"<p>El m\u00f3vil es ya el principal dispositivo de acceso a Internet entre los espa\u00f1oles, seg\u00fan el estudio\u00a0<strong>\u201cNavegantes en la red 2018\u201d<\/strong>, elaborado por\u00a0<a href=\"http:\/\/www.aimc.es\/\" target=\"_blank\" rel=\"noopener\">AIMC.<\/a>\u00a0Pero, y en el \u00e1mbito profesional, \u00bfc\u00f3mo se utiliza el m\u00f3vil?<\/p>\n<p>Aprovechando la presencia de Rajapack en varios pa\u00edses europeos, hemos realizado una encuesta a nuestros clientes y les hemos preguntado <strong>c\u00f3mo utilizan el m\u00f3vil en el \u00e1mbito profesional<\/strong>.\u00a0 Y parece ser que las compras B2B (de empresa a empresa) a trav\u00e9s del m\u00f3vil son cada vez m\u00e1s comunes tambi\u00e9n. \u00bfQuieres saber sus respuestas? Sigue leyendo.<\/p>\n<h2>\u00bfC\u00f3mo utilizan el m\u00f3vil los compradores B2B europeos?<\/h2>\n<p><strong>Los daneses son los que m\u00e1s utilizan el m\u00f3vil profesional. El 75% usan su m\u00f3vil diariamente.<\/strong><\/p>\n<p>Lejos de los resultados de Espa\u00f1a (59%) y Reino Unido, que son los mercados m\u00e1s avanzados en el uso del m\u00f3vil.\u00a0 La media de los encuestados es del 55% que se conectan regularmente por medio de su tel\u00e9fono profesional.<\/p>\n<h2>\u00bfPara qu\u00e9 utilizan el m\u00f3vil profesional?<\/h2>\n<p>En la encuesta realizada, l<strong>a mayor\u00eda de europeos dicen usar el m\u00f3vil para comprobar informaci\u00f3n de sus proveedores y p\u00e1ginas web del sector<\/strong>, excepto los profesionales daneses y alemanes que prefieren informarse en la prensa y blogs sobre temas especializados. <strong>Los espa\u00f1oles y daneses son los m\u00e1s conectados a las redes sociales, m\u00e1s del 80% usan LinkedIn como una fuente de informaci\u00f3n y negocios<\/strong>.<\/p>\n<h2>\u00bfCu\u00e1ndo consultan sus m\u00f3viles?<\/h2>\n<p>Los h\u00e1bitos var\u00edan mucho de un pa\u00eds a otro.<\/p>\n<p><strong>Los descansos de trabajo (comida, caf\u00e9&#8230;) son tiempos comunes para conectarse al m\u00f3vi<\/strong>l. El 25% de los profesionales alemanes y noruegos admiten conectarse por la noche, mientras que los polacos y suecos se conectan preferiblemente durante los desplazamientos en el trabajo.<\/p>\n<h2><strong>\u00bfConoces la p\u00e1gina m\u00f3vil de Rajapack?<\/strong><\/h2>\n<p><strong>Globalmente, el 50% de nuestros clientes encuestados ya hab\u00edan navegado por la nueva web m\u00f3vil de Rajapack<\/strong> . Y t\u00fa, \u00bfya la conoces? Danos un minuto y te lo contamos. Haz clic en el v\u00eddeo, o entra ahora en www.rajapack.es desde tu m\u00f3vil y desc\u00fabrela.<\/p>\n<div class=\"su-youtube su-u-responsive-media-yes\"><iframe loading=\"lazy\" width=\"500\" height=\"340\" src=\"https:\/\/www.youtube.com\/embed\/MogZcGrceiw?\" frameborder=\"0\" allowfullscreen allow=\"autoplay; encrypted-media; picture-in-picture\" title=\"\"><\/iframe><\/div>\n<h2><strong>\u00bfQu\u00e9 funcionalidades aprecias m\u00e1s en un sitio web m\u00f3vil?<\/strong><\/h2>\n<p>A la pregunta \u00abClasifique las funcionalidades de una web que considera m\u00e1s importantes a la hora de navegar con el m\u00f3vil\u00bb, la mayor\u00eda de las personas consultadas s<strong>eleccionan en primer lugar un buscador eficiente dentro del sitio web<\/strong> (\u00a1ha sido respuesta #1 en todos los pa\u00edses!) pero despu\u00e9s las opiniones difieren:<\/p>\n<ul>\n<li>Los compradores espa\u00f1oles consideran importante la posibilidad de repetir f\u00e1cilmente un pedido a partir del hist\u00f3rico de pedidos.<\/li>\n<li>Los daneses dan importancia a tener un hist\u00f3rico de pedidos claro y extenso.<\/li>\n<li>Los suecos prefieren disponer de listas de compra (tambi\u00e9n llamada <em>wishlist<\/em>) y poder guardar las cestas para finalizar la compra m\u00e1s tarde.<\/li>\n<li>Sin preferencias que destaquen en los otros pa\u00edses.<\/li>\n<\/ul>\n<h2><strong>M-commerce y B2B<\/strong><\/h2>\n<p>Si hablamos de compras profesionales por el m\u00f3vil nos ha sorprendido que <strong>Espa\u00f1a est\u00e9 en la <em>pole position<\/em> con un 72% de los encuestados que hab\u00edan realizado un compra profesional a trav\u00e9s del m\u00f3vil<\/strong> en los \u00faltimos 6 meses!<\/p>\n<p>La media europea ronda el 50%. Los profesionales de Francia y Noruega son los que est\u00e1n menos c\u00f3modos comprando a trav\u00e9s de un m\u00f3vil (un 40%).<\/p>\n<p>Entre los responsables de la toma de decisiones (personas encargadas de un presupuesto espec\u00edfico) una mayor\u00eda han hecho al menos 2 compras por el m\u00f3vil en los \u00faltimos 6 meses. No ha resultado una sorpresa que los profesionales que realizan m\u00e1s desplazamientos por motivo de trabajo , sean los que m\u00e1s compras realizan a trav\u00e9s del m\u00f3vil, siempre en el \u00e1mbito profesional.<\/p>\n<p>Aunque los resultados variar\u00e1n de un sector a otro, parece claro que el <strong>nuevo comprador B2B utiliza cada vez m\u00e1s el m\u00f3vil. <\/strong>Ofrecerle una\u00a0buena experiencia de navegaci\u00f3n y compra nos asegurar\u00e1 una mayor fidelidad y una posici\u00f3n preferente frente a la competencia. Seg\u00fan un estudio realizado para\u00a0Google por\u00a0<a href=\"https:\/\/www.bcg.com\/publications\/2017\/marketing-sales-digital-go-to-market-transformation-mobile-marketing-new-b2b-buyer.aspx\" target=\"_blank\" rel=\"noopener\">The Boston Consulting Group<\/a>\u00a0sobre su influencia en los negocios B2B. Hasta el 50% de las b\u00fasquedas en ese sector se realizan a trav\u00e9s de smartphones, y alcanzar\u00e1 el 70% en 2020. As\u00ed que conviene estar preparado.<\/p>\n<p><strong>\u00bfLos resultados de esta encuesta te han sorprendido? \u00bfUtilizas un m\u00f3vil profesional?<\/strong> Nos gustar\u00eda conocer tu opini\u00f3n.<\/p>\n<p>&nbsp;<\/p>\n","protected":false},"excerpt":{"rendered":"<p>El m\u00f3vil es ya el principal dispositivo de acceso a Internet entre los espa\u00f1oles, seg\u00fan el estudio\u00a0\u201cNavegantes en la red 2018\u201d, elaborado por\u00a0AIMC.\u00a0Pero, y en el \u00e1mbito profesional, \u00bfc\u00f3mo se utiliza el m\u00f3vil? Hemos hecho una encuesta a nuestros clientes de toda Europa y estos son los resultados.<\/p>\n","protected":false},"author":49,"featured_media":9129,"comment_status":"open","ping_status":"open","sticky":false,"template":"","format":"standard","meta":{"_acf_changed":false,"footnotes":""},"categories":[6],"tags":[101],"class_list":["post-9125","post","type-post","status-publish","format-standard","has-post-thumbnail","hentry","category-noticias","tag-ecommerce"],"acf":[],"yoast_head":"\n<title>Encuesta: El uso del m\u00f3vil en el \u00e1mbito profesional RAJAPACK<\/title>\n<meta name=\"description\" content=\"\u00bfQuieres saber c\u00f3mo se hace el uso del m\u00f3vil profesional en el B2B? Hemos entrevistado a nuestros clientes de toda Europa y estos son los resultados.\" \/>\n<meta name=\"robots\" content=\"index, follow, max-snippet:-1, max-image-preview:large, max-video-preview:-1\" \/>\n<link rel=\"canonical\" href=\"https:\/\/www.rajapack.es\/blog-es\/encuesta-uso-del-movil-ambito-profesional\" \/>\n<meta property=\"og:locale\" content=\"es_ES\" \/>\n<meta property=\"og:type\" content=\"article\" \/>\n<meta property=\"og:title\" content=\"Encuesta: El uso del m\u00f3vil en el \u00e1mbito profesional RAJAPACK\" \/>\n<meta property=\"og:description\" content=\"\u00bfQuieres saber c\u00f3mo se hace el uso del m\u00f3vil profesional en el B2B? Hemos entrevistado a nuestros clientes de toda Europa y estos son los resultados.\" \/>\n<meta property=\"og:url\" content=\"https:\/\/www.rajapack.es\/blog-es\/encuesta-uso-del-movil-ambito-profesional\" \/>\n<meta property=\"og:site_name\" content=\"RAJAPACK Blog | Consejos de embalaje, log\u00edstica y m\u00e1s\" \/>\n<meta property=\"article:publisher\" content=\"https:\/\/www.facebook.com\/Rajapack.es\" \/>\n<meta property=\"article:published_time\" content=\"2018-05-31T08:29:03+00:00\" \/>\n<meta property=\"article:modified_time\" content=\"2022-10-17T01:28:08+00:00\" \/>\n<meta property=\"og:image\" content=\"https:\/\/www.rajapack.es\/blog-es\/wp-content\/uploads\/2018\/05\/Encuesta-uso-del-movil-profesional-Rajapack.jpg\" \/>\n\t<meta property=\"og:image:width\" content=\"850\" \/>\n\t<meta property=\"og:image:height\" content=\"450\" \/>\n\t<meta property=\"og:image:type\" content=\"image\/jpeg\" \/>\n<meta name=\"author\" content=\"Sara Alcaraz G\u00e1lvez\" \/>\n<meta name=\"twitter:card\" content=\"summary_large_image\" \/>\n<meta name=\"twitter:creator\" content=\"@RajapackES\" \/>\n<meta name=\"twitter:site\" content=\"@RajapackES\" \/>\n<meta name=\"twitter:label1\" content=\"Escrito por\" \/>\n\t<meta name=\"twitter:data1\" content=\"Sara Alcaraz G\u00e1lvez\" \/>\n\t<meta name=\"twitter:label2\" content=\"Tiempo de lectura\" \/>\n\t<meta name=\"twitter:data2\" content=\"4 minutos\" \/>\n<script type=\"application\/ld+json\" class=\"yoast-schema-graph\">{\n\t    \"@context\": \"https:\/\/schema.org\",\n\t    \"@graph\": [\n\t        {\n\t            \"@type\": \"Article\",\n\t            \"@id\": \"https:\/\/www.rajapack.es\/blog-es\/encuesta-uso-del-movil-ambito-profesional#article\",\n\t            \"isPartOf\": {\n\t                \"@id\": \"https:\/\/www.rajapack.es\/blog-es\/encuesta-uso-del-movil-ambito-profesional\"\n\t            },\n\t            \"author\": {\n\t                \"name\": \"Sara Alcaraz G\u00e1lvez\",\n\t                \"@id\": \"https:\/\/www.rajapack.es\/blog-es\/#\/schema\/person\/354d66fd4e68e587bf52f90a52f6e0d3\"\n\t            },\n\t            \"headline\": \"Encuesta: El uso del m\u00f3vil en el \u00e1mbito profesional\",\n\t            \"datePublished\": \"2018-05-31T08:29:03+00:00\",\n\t            \"dateModified\": \"2022-10-17T01:28:08+00:00\",\n\t            \"mainEntityOfPage\": {\n\t                \"@id\": \"https:\/\/www.rajapack.es\/blog-es\/encuesta-uso-del-movil-ambito-profesional\"\n\t            },\n\t            \"wordCount\": 785,\n\t            \"commentCount\": 0,\n\t            \"publisher\": {\n\t                \"@id\": \"https:\/\/www.rajapack.es\/blog-es\/#organization\"\n\t            },\n\t            \"image\": {\n\t                \"@id\": \"https:\/\/www.rajapack.es\/blog-es\/encuesta-uso-del-movil-ambito-profesional#primaryimage\"\n\t            },\n\t            \"thumbnailUrl\": \"https:\/\/www.rajapack.es\/blog-es\/wp-content\/uploads\/2018\/05\/Encuesta-uso-del-movil-profesional-Rajapack.jpg\",\n\t            \"keywords\": [\n\t                \"ecommerce\"\n\t            ],\n\t            \"articleSection\": [\n\t                \"Noticias y eventos\"\n\t            ],\n\t            \"inLanguage\": \"es\",\n\t            \"potentialAction\": [\n\t                {\n\t                    \"@type\": \"CommentAction\",\n\t                    \"name\": \"Comment\",\n\t                    \"target\": [\n\t                        \"https:\/\/www.rajapack.es\/blog-es\/encuesta-uso-del-movil-ambito-profesional#respond\"\n\t                    ]\n\t                }\n\t            ]\n\t        },\n\t        {\n\t            \"@type\": \"WebPage\",\n\t            \"@id\": \"https:\/\/www.rajapack.es\/blog-es\/encuesta-uso-del-movil-ambito-profesional\",\n\t            \"url\": \"https:\/\/www.rajapack.es\/blog-es\/encuesta-uso-del-movil-ambito-profesional\",\n\t            \"name\": \"Encuesta: El uso del m\u00f3vil en el \u00e1mbito profesional RAJAPACK\",\n\t            \"isPartOf\": {\n\t                \"@id\": \"https:\/\/www.rajapack.es\/blog-es\/#website\"\n\t            },\n\t            \"primaryImageOfPage\": {\n\t                \"@id\": \"https:\/\/www.rajapack.es\/blog-es\/encuesta-uso-del-movil-ambito-profesional#primaryimage\"\n\t            },\n\t            \"image\": {\n\t                \"@id\": \"https:\/\/www.rajapack.es\/blog-es\/encuesta-uso-del-movil-ambito-profesional#primaryimage\"\n\t            },\n\t            \"thumbnailUrl\": \"https:\/\/www.rajapack.es\/blog-es\/wp-content\/uploads\/2018\/05\/Encuesta-uso-del-movil-profesional-Rajapack.jpg\",\n\t            \"datePublished\": \"2018-05-31T08:29:03+00:00\",\n\t            \"dateModified\": \"2022-10-17T01:28:08+00:00\",\n\t            \"description\": \"\u00bfQuieres saber c\u00f3mo se hace el uso del m\u00f3vil profesional en el B2B? Hemos entrevistado a nuestros clientes de toda Europa y estos son los resultados.\",\n\t            \"inLanguage\": \"es\",\n\t            \"potentialAction\": [\n\t                {\n\t                    \"@type\": \"ReadAction\",\n\t                    \"target\": [\n\t                        \"https:\/\/www.rajapack.es\/blog-es\/encuesta-uso-del-movil-ambito-profesional\"\n\t                    ]\n\t                }\n\t            ]\n\t        },\n\t        {\n\t            \"@type\": \"ImageObject\",\n\t            \"inLanguage\": \"es\",\n\t            \"@id\": \"https:\/\/www.rajapack.es\/blog-es\/encuesta-uso-del-movil-ambito-profesional#primaryimage\",\n\t            \"url\": \"https:\/\/www.rajapack.es\/blog-es\/wp-content\/uploads\/2018\/05\/Encuesta-uso-del-movil-profesional-Rajapack.jpg\",\n\t            \"contentUrl\": \"https:\/\/www.rajapack.es\/blog-es\/wp-content\/uploads\/2018\/05\/Encuesta-uso-del-movil-profesional-Rajapack.jpg\",\n\t            \"width\": 850,\n\t            \"height\": 450\n\t        },\n\t        {\n\t            \"@type\": \"WebSite\",\n\t            \"@id\": \"https:\/\/www.rajapack.es\/blog-es\/#website\",\n\t            \"url\": \"https:\/\/www.rajapack.es\/blog-es\/\",\n\t            \"name\": \"RAJAPACK Blog | Consejos de embalaje, log\u00edstica y m\u00e1s\",\n\t            \"description\": \"Consejos de embalaje, logistica y m\u00e1s\",\n\t            \"publisher\": {\n\t                \"@id\": \"https:\/\/www.rajapack.es\/blog-es\/#organization\"\n\t            },\n\t            \"potentialAction\": [\n\t                {\n\t                    \"@type\": \"SearchAction\",\n\t                    \"target\": {\n\t                        \"@type\": \"EntryPoint\",\n\t                        \"urlTemplate\": \"https:\/\/www.rajapack.es\/blog-es\/?s={search_term_string}\"\n\t                    },\n\t                    \"query-input\": {\n\t                        \"@type\": \"PropertyValueSpecification\",\n\t                        \"valueRequired\": true,\n\t                        \"valueName\": \"search_term_string\"\n\t                    }\n\t                }\n\t            ],\n\t            \"inLanguage\": \"es\"\n\t        },\n\t        {\n\t            \"@type\": \"Organization\",\n\t            \"@id\": \"https:\/\/www.rajapack.es\/blog-es\/#organization\",\n\t            \"name\": \"RAJA ES\",\n\t            \"url\": \"https:\/\/www.rajapack.es\/blog-es\/\",\n\t            \"logo\": {\n\t                \"@type\": \"ImageObject\",\n\t                \"inLanguage\": \"es\",\n\t                \"@id\": \"https:\/\/www.rajapack.es\/blog-es\/#\/schema\/logo\/image\/\",\n\t                \"url\": \"https:\/\/www.rajapack.es\/blog-es\/wp-content\/uploads\/2021\/10\/logo-mobile@3x.png\",\n\t                \"contentUrl\": \"https:\/\/www.rajapack.es\/blog-es\/wp-content\/uploads\/2021\/10\/logo-mobile@3x.png\",\n\t                \"width\": 534,\n\t                \"height\": 114,\n\t                \"caption\": \"RAJA ES\"\n\t            },\n\t            \"image\": {\n\t                \"@id\": \"https:\/\/www.rajapack.es\/blog-es\/#\/schema\/logo\/image\/\"\n\t            },\n\t            \"sameAs\": [\n\t                \"https:\/\/www.facebook.com\/Rajapack.es\",\n\t                \"https:\/\/x.com\/RajapackES\",\n\t                \"https:\/\/www.linkedin.com\/company\/rajapack-spain\/\",\n\t                \"https:\/\/www.youtube.com\/user\/RajapackES\"\n\t            ]\n\t        },\n\t        {\n\t            \"@type\": \"Person\",\n\t            \"@id\": \"https:\/\/www.rajapack.es\/blog-es\/#\/schema\/person\/354d66fd4e68e587bf52f90a52f6e0d3\",\n\t            \"name\": \"Sara Alcaraz G\u00e1lvez\",\n\t            \"image\": {\n\t                \"@type\": \"ImageObject\",\n\t                \"inLanguage\": \"es\",\n\t                \"@id\": \"https:\/\/www.rajapack.es\/blog-es\/#\/schema\/person\/image\/\",\n\t                \"url\": \"https:\/\/secure.gravatar.com\/avatar\/67c8c00f9d1fb8454864b9abb11edc1d?s=96&d=mm&r=g\",\n\t                \"contentUrl\": \"https:\/\/secure.gravatar.com\/avatar\/67c8c00f9d1fb8454864b9abb11edc1d?s=96&d=mm&r=g\",\n\t                \"caption\": \"Sara Alcaraz G\u00e1lvez\"\n\t            },\n\t            \"sameAs\": [\n\t                \"https:\/\/www.linkedin.com\/in\/saraalca\/\"\n\t            ],\n\t            \"url\": \"https:\/\/www.rajapack.es\/blog-es\/author\/saraalcarazgalvez\"\n\t        }\n\t    ]\n\t}<\/script>\n","yoast_head_json":{"title":"Encuesta: El uso del m\u00f3vil en el \u00e1mbito profesional RAJAPACK","description":"\u00bfQuieres saber c\u00f3mo se hace el uso del m\u00f3vil profesional en el B2B? Hemos entrevistado a nuestros clientes de toda Europa y estos son los resultados.","robots":{"index":"index","follow":"follow","max-snippet":"max-snippet:-1","max-image-preview":"max-image-preview:large","max-video-preview":"max-video-preview:-1"},"canonical":"https:\/\/www.rajapack.es\/blog-es\/encuesta-uso-del-movil-ambito-profesional","og_locale":"es_ES","og_type":"article","og_title":"Encuesta: El uso del m\u00f3vil en el \u00e1mbito profesional RAJAPACK","og_description":"\u00bfQuieres saber c\u00f3mo se hace el uso del m\u00f3vil profesional en el B2B? Hemos entrevistado a nuestros clientes de toda Europa y estos son los resultados.","og_url":"https:\/\/www.rajapack.es\/blog-es\/encuesta-uso-del-movil-ambito-profesional","og_site_name":"RAJAPACK Blog | Consejos de embalaje, log\u00edstica y m\u00e1s","article_publisher":"https:\/\/www.facebook.com\/Rajapack.es","article_published_time":"2018-05-31T08:29:03+00:00","article_modified_time":"2022-10-17T01:28:08+00:00","og_image":[{"width":850,"height":450,"url":"https:\/\/www.rajapack.es\/blog-es\/wp-content\/uploads\/2018\/05\/Encuesta-uso-del-movil-profesional-Rajapack.jpg","type":"image\/jpeg"}],"author":"Sara Alcaraz G\u00e1lvez","twitter_card":"summary_large_image","twitter_creator":"@RajapackES","twitter_site":"@RajapackES","twitter_misc":{"Escrito por":"Sara Alcaraz G\u00e1lvez","Tiempo de lectura":"4 minutos"},"schema":{"@context":"https:\/\/schema.org","@graph":[{"@type":"Article","@id":"https:\/\/www.rajapack.es\/blog-es\/encuesta-uso-del-movil-ambito-profesional#article","isPartOf":{"@id":"https:\/\/www.rajapack.es\/blog-es\/encuesta-uso-del-movil-ambito-profesional"},"author":{"name":"Sara Alcaraz G\u00e1lvez","@id":"https:\/\/www.rajapack.es\/blog-es\/#\/schema\/person\/354d66fd4e68e587bf52f90a52f6e0d3"},"headline":"Encuesta: El uso del m\u00f3vil en el \u00e1mbito profesional","datePublished":"2018-05-31T08:29:03+00:00","dateModified":"2022-10-17T01:28:08+00:00","mainEntityOfPage":{"@id":"https:\/\/www.rajapack.es\/blog-es\/encuesta-uso-del-movil-ambito-profesional"},"wordCount":785,"commentCount":0,"publisher":{"@id":"https:\/\/www.rajapack.es\/blog-es\/#organization"},"image":{"@id":"https:\/\/www.rajapack.es\/blog-es\/encuesta-uso-del-movil-ambito-profesional#primaryimage"},"thumbnailUrl":"https:\/\/www.rajapack.es\/blog-es\/wp-content\/uploads\/2018\/05\/Encuesta-uso-del-movil-profesional-Rajapack.jpg","keywords":["ecommerce"],"articleSection":["Noticias y eventos"],"inLanguage":"es","potentialAction":[{"@type":"CommentAction","name":"Comment","target":["https:\/\/www.rajapack.es\/blog-es\/encuesta-uso-del-movil-ambito-profesional#respond"]}]},{"@type":"WebPage","@id":"https:\/\/www.rajapack.es\/blog-es\/encuesta-uso-del-movil-ambito-profesional","url":"https:\/\/www.rajapack.es\/blog-es\/encuesta-uso-del-movil-ambito-profesional","name":"Encuesta: El uso del m\u00f3vil en el \u00e1mbito profesional RAJAPACK","isPartOf":{"@id":"https:\/\/www.rajapack.es\/blog-es\/#website"},"primaryImageOfPage":{"@id":"https:\/\/www.rajapack.es\/blog-es\/encuesta-uso-del-movil-ambito-profesional#primaryimage"},"image":{"@id":"https:\/\/www.rajapack.es\/blog-es\/encuesta-uso-del-movil-ambito-profesional#primaryimage"},"thumbnailUrl":"https:\/\/www.rajapack.es\/blog-es\/wp-content\/uploads\/2018\/05\/Encuesta-uso-del-movil-profesional-Rajapack.jpg","datePublished":"2018-05-31T08:29:03+00:00","dateModified":"2022-10-17T01:28:08+00:00","description":"\u00bfQuieres saber c\u00f3mo se hace el uso del m\u00f3vil profesional en el B2B? Hemos entrevistado a nuestros clientes de toda Europa y estos son los resultados.","inLanguage":"es","potentialAction":[{"@type":"ReadAction","target":["https:\/\/www.rajapack.es\/blog-es\/encuesta-uso-del-movil-ambito-profesional"]}]},{"@type":"ImageObject","inLanguage":"es","@id":"https:\/\/www.rajapack.es\/blog-es\/encuesta-uso-del-movil-ambito-profesional#primaryimage","url":"https:\/\/www.rajapack.es\/blog-es\/wp-content\/uploads\/2018\/05\/Encuesta-uso-del-movil-profesional-Rajapack.jpg","contentUrl":"https:\/\/www.rajapack.es\/blog-es\/wp-content\/uploads\/2018\/05\/Encuesta-uso-del-movil-profesional-Rajapack.jpg","width":850,"height":450},{"@type":"WebSite","@id":"https:\/\/www.rajapack.es\/blog-es\/#website","url":"https:\/\/www.rajapack.es\/blog-es\/","name":"RAJAPACK Blog | Consejos de embalaje, log\u00edstica y m\u00e1s","description":"Consejos de embalaje, logistica y m\u00e1s","publisher":{"@id":"https:\/\/www.rajapack.es\/blog-es\/#organization"},"potentialAction":[{"@type":"SearchAction","target":{"@type":"EntryPoint","urlTemplate":"https:\/\/www.rajapack.es\/blog-es\/?s={search_term_string}"},"query-input":{"@type":"PropertyValueSpecification","valueRequired":true,"valueName":"search_term_string"}}],"inLanguage":"es"},{"@type":"Organization","@id":"https:\/\/www.rajapack.es\/blog-es\/#organization","name":"RAJA ES","url":"https:\/\/www.rajapack.es\/blog-es\/","logo":{"@type":"ImageObject","inLanguage":"es","@id":"https:\/\/www.rajapack.es\/blog-es\/#\/schema\/logo\/image\/","url":"https:\/\/www.rajapack.es\/blog-es\/wp-content\/uploads\/2021\/10\/logo-mobile@3x.png","contentUrl":"https:\/\/www.rajapack.es\/blog-es\/wp-content\/uploads\/2021\/10\/logo-mobile@3x.png","width":534,"height":114,"caption":"RAJA ES"},"image":{"@id":"https:\/\/www.rajapack.es\/blog-es\/#\/schema\/logo\/image\/"},"sameAs":["https:\/\/www.facebook.com\/Rajapack.es","https:\/\/x.com\/RajapackES","https:\/\/www.linkedin.com\/company\/rajapack-spain\/","https:\/\/www.youtube.com\/user\/RajapackES"]},{"@type":"Person","@id":"https:\/\/www.rajapack.es\/blog-es\/#\/schema\/person\/354d66fd4e68e587bf52f90a52f6e0d3","name":"Sara Alcaraz G\u00e1lvez","image":{"@type":"ImageObject","inLanguage":"es","@id":"https:\/\/www.rajapack.es\/blog-es\/#\/schema\/person\/image\/","url":"https:\/\/secure.gravatar.com\/avatar\/67c8c00f9d1fb8454864b9abb11edc1d?s=96&d=mm&r=g","contentUrl":"https:\/\/secure.gravatar.com\/avatar\/67c8c00f9d1fb8454864b9abb11edc1d?s=96&d=mm&r=g","caption":"Sara Alcaraz G\u00e1lvez"},"sameAs":["https:\/\/www.linkedin.com\/in\/saraalca\/"],"url":"https:\/\/www.rajapack.es\/blog-es\/author\/saraalcarazgalvez"}]}},"_links":{"self":[{"href":"https:\/\/www.rajapack.es\/blog-es\/wp-json\/wp\/v2\/posts\/9125"}],"collection":[{"href":"https:\/\/www.rajapack.es\/blog-es\/wp-json\/wp\/v2\/posts"}],"about":[{"href":"https:\/\/www.rajapack.es\/blog-es\/wp-json\/wp\/v2\/types\/post"}],"author":[{"embeddable":true,"href":"https:\/\/www.rajapack.es\/blog-es\/wp-json\/wp\/v2\/users\/49"}],"replies":[{"embeddable":true,"href":"https:\/\/www.rajapack.es\/blog-es\/wp-json\/wp\/v2\/comments?post=9125"}],"version-history":[{"count":0,"href":"https:\/\/www.rajapack.es\/blog-es\/wp-json\/wp\/v2\/posts\/9125\/revisions"}],"wp:featuredmedia":[{"embeddable":true,"href":"https:\/\/www.rajapack.es\/blog-es\/wp-json\/wp\/v2\/media\/9129"}],"wp:attachment":[{"href":"https:\/\/www.rajapack.es\/blog-es\/wp-json\/wp\/v2\/media?parent=9125"}],"wp:term":[{"taxonomy":"category","embeddable":true,"href":"https:\/\/www.rajapack.es\/blog-es\/wp-json\/wp\/v2\/categories?post=9125"},{"taxonomy":"post_tag","embeddable":true,"href":"https:\/\/www.rajapack.es\/blog-es\/wp-json\/wp\/v2\/tags?post=9125"}],"curies":[{"name":"wp","href":"https:\/\/api.w.org\/{rel}","templated":true}]}}