{"id":922,"date":"2014-03-07T10:37:00","date_gmt":"2014-03-07T08:37:00","guid":{"rendered":"https:\/\/blog-staging-es.raja-group.com\/?p=922"},"modified":"2025-01-30T04:35:19","modified_gmt":"2025-01-30T02:35:19","slug":"8-de-marzo-dia-internacional-de-la-mujer","status":"publish","type":"post","link":"https:\/\/www.rajapack.es\/blog-es\/8-de-marzo-dia-internacional-de-la-mujer","title":{"rendered":"8 de marzo D\u00eda Internacional de la Mujer"},"content":{"rendered":"<p>&nbsp;<\/p>\n<p><img loading=\"lazy\" decoding=\"async\" class=\"alignnone size-full wp-image-923\" title=\"D\u00eda de la Mujer_Rajapack\" src=\"https:\/\/www.rajapack.es\/blog-es\/wp-content\/uploads\/2014\/03\/DiaMujer-2.jpg\" alt=\"D\u00eda de la Mujer_Rajapack\" width=\"461\" height=\"189\" srcset=\"https:\/\/www.rajapack.es\/blog-es\/wp-content\/uploads\/2014\/03\/DiaMujer-2.jpg 461w, https:\/\/www.rajapack.es\/blog-es\/wp-content\/uploads\/2014\/03\/DiaMujer-2-430x176.jpg 430w, https:\/\/www.rajapack.es\/blog-es\/wp-content\/uploads\/2014\/03\/DiaMujer-2-375x154.jpg 375w\" sizes=\"(max-width: 461px) 100vw, 461px\" \/><\/p>\n<p>En Rajapack, y en todas las empresas del Grupo RAJA, el 8 de marzo siempre es un d\u00eda muy especial, nuestra Directora General, <b>Dani\u00e8le Kapel-Marcovici<\/b> es una defensora a ultranza de los derechos de la mujer, y lo transmite en la direcci\u00f3n de todos sus equipos.<\/p>\n<p><\/p>\n<p>Como muestra de ello, y consciente de que la empresa ha de desempe\u00f1ar un importante papel en la sociedad, cre\u00f3 en 2006 la <a title=\"Fundaci\u00f3n Raja-Dani\u00e8le Marcovici\" href=\"https:\/\/www.fondation-raja-marcovici.com\/\" target=\"_blank\" rel=\"noopener noreferrer\">Fundaci\u00f3n Raja-Dani\u00e8le Marcovici<\/a> para promover iniciativas a favor de las mujeres tanto en Francia como en el resto del mundo.<\/p>\n<p>Hoy en d\u00eda, la fundaci\u00f3n est\u00e1 en el coraz\u00f3n de la pol\u00edtica de mecenazgo del Grupo RAJA y de su compromiso en favor del desarrollo sostenible. <b>220 proyectos y m\u00e1s de 40.000 mujeres<\/b> se han beneficiado de sus ayudas.<\/p>\n<p>Todav\u00eda queda mucho por hacer, pero a todos los que trabajamos en Rajapack nos gusta pensar que contribuimos de alguna forma en un proyecto que promueve valores como el respeto, la igualdad de oportunidades y la educaci\u00f3n de las mujeres en todo el mundo.<\/p>\n<p><b>\u00a1Feliz D\u00eda Internacional de la Mujer!<\/b><\/p>\n<p>Art\u00edculo relacionado<\/p>\n<p><a title=\"Fundaci\u00f3n Raja, un compromiso con la sociedad\" href=\"https:\/\/www.rajapack.es\/blog-es\/fundacion-raja-daniele-marcovici-un-compromiso-con-la-sociedad\/\" target=\"_blank\" rel=\"noopener noreferrer\">https:\/\/www.rajapack.es\/blog-es\/fundacion-raja-daniele-marcovici-un-compromiso-con-la-sociedad\/<\/a><\/p>\n","protected":false},"excerpt":{"rendered":"<p>&nbsp; En Rajapack, y en todas las empresas del Grupo RAJA, el 8 de marzo siempre es un d\u00eda muy especial, nuestra Directora General, Dani\u00e8le Kapel-Marcovici es una defensora a [&#8230;]<\/p>\n","protected":false},"author":11,"featured_media":923,"comment_status":"open","ping_status":"open","sticky":false,"template":"","format":"standard","meta":{"_acf_changed":false,"footnotes":""},"categories":[6],"tags":[],"class_list":["post-922","post","type-post","status-publish","format-standard","has-post-thumbnail","hentry","category-noticias"],"acf":[],"yoast_head":"\n<title>8 de marzo D\u00eda Internacional de la Mujer RAJAPACK<\/title>\n<meta name=\"description\" content=\"El 8 de marzo siempre es un d\u00eda muy especial, nuestra Directora General, Dani\u00e8le Kapel-Marcovici,defensora de los derechos de la mujer\" \/>\n<meta name=\"robots\" content=\"index, follow, max-snippet:-1, max-image-preview:large, max-video-preview:-1\" \/>\n<link rel=\"canonical\" href=\"https:\/\/www.rajapack.es\/blog-es\/8-de-marzo-dia-internacional-de-la-mujer\" \/>\n<meta property=\"og:locale\" content=\"es_ES\" \/>\n<meta property=\"og:type\" content=\"article\" \/>\n<meta property=\"og:title\" content=\"8 de marzo D\u00eda Internacional de la Mujer RAJAPACK\" \/>\n<meta property=\"og:description\" content=\"El 8 de marzo siempre es un d\u00eda muy especial, nuestra Directora General, Dani\u00e8le Kapel-Marcovici,defensora de los derechos de la mujer\" \/>\n<meta property=\"og:url\" content=\"https:\/\/www.rajapack.es\/blog-es\/8-de-marzo-dia-internacional-de-la-mujer\" \/>\n<meta property=\"og:site_name\" content=\"RAJAPACK Blog | Consejos de embalaje, log\u00edstica y m\u00e1s\" \/>\n<meta property=\"article:publisher\" content=\"https:\/\/www.facebook.com\/Rajapack.es\" \/>\n<meta property=\"article:published_time\" content=\"2014-03-07T08:37:00+00:00\" \/>\n<meta property=\"article:modified_time\" content=\"2025-01-30T02:35:19+00:00\" \/>\n<meta property=\"og:image\" content=\"https:\/\/www.rajapack.es\/blog-es\/wp-content\/uploads\/2014\/03\/DiaMujer-2.jpg\" \/>\n\t<meta property=\"og:image:width\" content=\"461\" \/>\n\t<meta property=\"og:image:height\" content=\"189\" \/>\n\t<meta property=\"og:image:type\" content=\"image\/jpeg\" \/>\n<meta name=\"author\" content=\"Rajapack\" \/>\n<meta name=\"twitter:card\" content=\"summary_large_image\" \/>\n<meta name=\"twitter:creator\" content=\"@RajapackES\" \/>\n<meta name=\"twitter:site\" content=\"@RajapackES\" \/>\n<meta name=\"twitter:label1\" content=\"Escrito por\" \/>\n\t<meta name=\"twitter:data1\" content=\"Rajapack\" \/>\n\t<meta name=\"twitter:label2\" content=\"Tiempo de lectura\" \/>\n\t<meta name=\"twitter:data2\" content=\"1 minuto\" \/>\n<script type=\"application\/ld+json\" class=\"yoast-schema-graph\">{\n\t    \"@context\": \"https:\/\/schema.org\",\n\t    \"@graph\": [\n\t        {\n\t            \"@type\": \"Article\",\n\t            \"@id\": \"https:\/\/www.rajapack.es\/blog-es\/8-de-marzo-dia-internacional-de-la-mujer#article\",\n\t            \"isPartOf\": {\n\t                \"@id\": \"https:\/\/www.rajapack.es\/blog-es\/8-de-marzo-dia-internacional-de-la-mujer\"\n\t            },\n\t            \"author\": {\n\t                \"name\": \"Rajapack\",\n\t                \"@id\": \"https:\/\/www.rajapack.es\/blog-es\/#\/schema\/person\/400c27752a59dd208888711c96f5fc9d\"\n\t            },\n\t            \"headline\": \"8 de marzo D\u00eda Internacional de la Mujer\",\n\t            \"datePublished\": \"2014-03-07T08:37:00+00:00\",\n\t            \"dateModified\": \"2025-01-30T02:35:19+00:00\",\n\t            \"mainEntityOfPage\": {\n\t                \"@id\": \"https:\/\/www.rajapack.es\/blog-es\/8-de-marzo-dia-internacional-de-la-mujer\"\n\t            },\n\t            \"wordCount\": 206,\n\t            \"commentCount\": 0,\n\t            \"publisher\": {\n\t                \"@id\": \"https:\/\/www.rajapack.es\/blog-es\/#organization\"\n\t            },\n\t            \"image\": {\n\t                \"@id\": \"https:\/\/www.rajapack.es\/blog-es\/8-de-marzo-dia-internacional-de-la-mujer#primaryimage\"\n\t            },\n\t            \"thumbnailUrl\": \"https:\/\/www.rajapack.es\/blog-es\/wp-content\/uploads\/2014\/03\/DiaMujer-2.jpg\",\n\t            \"articleSection\": [\n\t                \"Noticias y eventos\"\n\t            ],\n\t            \"inLanguage\": \"es\",\n\t            \"potentialAction\": [\n\t                {\n\t                    \"@type\": \"CommentAction\",\n\t                    \"name\": \"Comment\",\n\t                    \"target\": [\n\t                        \"https:\/\/www.rajapack.es\/blog-es\/8-de-marzo-dia-internacional-de-la-mujer#respond\"\n\t                    ]\n\t                }\n\t            ]\n\t        },\n\t        {\n\t            \"@type\": \"WebPage\",\n\t            \"@id\": \"https:\/\/www.rajapack.es\/blog-es\/8-de-marzo-dia-internacional-de-la-mujer\",\n\t            \"url\": \"https:\/\/www.rajapack.es\/blog-es\/8-de-marzo-dia-internacional-de-la-mujer\",\n\t            \"name\": \"8 de marzo D\u00eda Internacional de la Mujer RAJAPACK\",\n\t            \"isPartOf\": {\n\t                \"@id\": \"https:\/\/www.rajapack.es\/blog-es\/#website\"\n\t            },\n\t            \"primaryImageOfPage\": {\n\t                \"@id\": \"https:\/\/www.rajapack.es\/blog-es\/8-de-marzo-dia-internacional-de-la-mujer#primaryimage\"\n\t            },\n\t            \"image\": {\n\t                \"@id\": \"https:\/\/www.rajapack.es\/blog-es\/8-de-marzo-dia-internacional-de-la-mujer#primaryimage\"\n\t            },\n\t            \"thumbnailUrl\": \"https:\/\/www.rajapack.es\/blog-es\/wp-content\/uploads\/2014\/03\/DiaMujer-2.jpg\",\n\t            \"datePublished\": \"2014-03-07T08:37:00+00:00\",\n\t            \"dateModified\": \"2025-01-30T02:35:19+00:00\",\n\t            \"description\": \"El 8 de marzo siempre es un d\u00eda muy especial, nuestra Directora General, Dani\u00e8le Kapel-Marcovici,defensora de los derechos de la mujer\",\n\t            \"inLanguage\": \"es\",\n\t            \"potentialAction\": [\n\t                {\n\t                    \"@type\": \"ReadAction\",\n\t                    \"target\": [\n\t                        \"https:\/\/www.rajapack.es\/blog-es\/8-de-marzo-dia-internacional-de-la-mujer\"\n\t                    ]\n\t                }\n\t            ]\n\t        },\n\t        {\n\t            \"@type\": \"ImageObject\",\n\t            \"inLanguage\": \"es\",\n\t            \"@id\": \"https:\/\/www.rajapack.es\/blog-es\/8-de-marzo-dia-internacional-de-la-mujer#primaryimage\",\n\t            \"url\": \"https:\/\/www.rajapack.es\/blog-es\/wp-content\/uploads\/2014\/03\/DiaMujer-2.jpg\",\n\t            \"contentUrl\": \"https:\/\/www.rajapack.es\/blog-es\/wp-content\/uploads\/2014\/03\/DiaMujer-2.jpg\",\n\t            \"width\": 461,\n\t            \"height\": 189,\n\t            \"caption\": \"D\u00eda de la Mujer_Rakapack\"\n\t        },\n\t        {\n\t            \"@type\": \"WebSite\",\n\t            \"@id\": \"https:\/\/www.rajapack.es\/blog-es\/#website\",\n\t            \"url\": \"https:\/\/www.rajapack.es\/blog-es\/\",\n\t            \"name\": \"RAJAPACK Blog | Consejos de embalaje, log\u00edstica y m\u00e1s\",\n\t            \"description\": \"Consejos de embalaje, logistica y m\u00e1s\",\n\t            \"publisher\": {\n\t                \"@id\": \"https:\/\/www.rajapack.es\/blog-es\/#organization\"\n\t            },\n\t            \"potentialAction\": [\n\t                {\n\t                    \"@type\": \"SearchAction\",\n\t                    \"target\": {\n\t                        \"@type\": \"EntryPoint\",\n\t                        \"urlTemplate\": \"https:\/\/www.rajapack.es\/blog-es\/?s={search_term_string}\"\n\t                    },\n\t                    \"query-input\": {\n\t                        \"@type\": \"PropertyValueSpecification\",\n\t                        \"valueRequired\": true,\n\t                        \"valueName\": \"search_term_string\"\n\t                    }\n\t                }\n\t            ],\n\t            \"inLanguage\": \"es\"\n\t        },\n\t        {\n\t            \"@type\": \"Organization\",\n\t            \"@id\": \"https:\/\/www.rajapack.es\/blog-es\/#organization\",\n\t            \"name\": \"RAJA ES\",\n\t            \"url\": \"https:\/\/www.rajapack.es\/blog-es\/\",\n\t            \"logo\": {\n\t                \"@type\": \"ImageObject\",\n\t                \"inLanguage\": \"es\",\n\t                \"@id\": \"https:\/\/www.rajapack.es\/blog-es\/#\/schema\/logo\/image\/\",\n\t                \"url\": \"https:\/\/www.rajapack.es\/blog-es\/wp-content\/uploads\/2021\/10\/logo-mobile@3x.png\",\n\t                \"contentUrl\": \"https:\/\/www.rajapack.es\/blog-es\/wp-content\/uploads\/2021\/10\/logo-mobile@3x.png\",\n\t                \"width\": 534,\n\t                \"height\": 114,\n\t                \"caption\": \"RAJA ES\"\n\t            },\n\t            \"image\": {\n\t                \"@id\": \"https:\/\/www.rajapack.es\/blog-es\/#\/schema\/logo\/image\/\"\n\t            },\n\t            \"sameAs\": [\n\t                \"https:\/\/www.facebook.com\/Rajapack.es\",\n\t                \"https:\/\/x.com\/RajapackES\",\n\t                \"https:\/\/www.linkedin.com\/company\/rajapack-spain\/\",\n\t                \"https:\/\/www.youtube.com\/user\/RajapackES\"\n\t            ]\n\t        },\n\t        {\n\t            \"@type\": \"Person\",\n\t            \"@id\": \"https:\/\/www.rajapack.es\/blog-es\/#\/schema\/person\/400c27752a59dd208888711c96f5fc9d\",\n\t            \"name\": \"Rajapack\",\n\t            \"image\": {\n\t                \"@type\": \"ImageObject\",\n\t                \"inLanguage\": \"es\",\n\t                \"@id\": \"https:\/\/www.rajapack.es\/blog-es\/#\/schema\/person\/image\/\",\n\t                \"url\": \"https:\/\/secure.gravatar.com\/avatar\/38091fb406fcb37229e1256d26439fbc?s=96&d=mm&r=g\",\n\t                \"contentUrl\": \"https:\/\/secure.gravatar.com\/avatar\/38091fb406fcb37229e1256d26439fbc?s=96&d=mm&r=g\",\n\t                \"caption\": \"Rajapack\"\n\t            },\n\t            \"url\": \"https:\/\/www.rajapack.es\/blog-es\/author\/relevant_traffic\"\n\t        }\n\t    ]\n\t}<\/script>\n","yoast_head_json":{"title":"8 de marzo D\u00eda Internacional de la Mujer RAJAPACK","description":"El 8 de marzo siempre es un d\u00eda muy especial, nuestra Directora General, Dani\u00e8le Kapel-Marcovici,defensora de los derechos de la mujer","robots":{"index":"index","follow":"follow","max-snippet":"max-snippet:-1","max-image-preview":"max-image-preview:large","max-video-preview":"max-video-preview:-1"},"canonical":"https:\/\/www.rajapack.es\/blog-es\/8-de-marzo-dia-internacional-de-la-mujer","og_locale":"es_ES","og_type":"article","og_title":"8 de marzo D\u00eda Internacional de la Mujer RAJAPACK","og_description":"El 8 de marzo siempre es un d\u00eda muy especial, nuestra Directora General, Dani\u00e8le Kapel-Marcovici,defensora de los derechos de la mujer","og_url":"https:\/\/www.rajapack.es\/blog-es\/8-de-marzo-dia-internacional-de-la-mujer","og_site_name":"RAJAPACK Blog | Consejos de embalaje, log\u00edstica y m\u00e1s","article_publisher":"https:\/\/www.facebook.com\/Rajapack.es","article_published_time":"2014-03-07T08:37:00+00:00","article_modified_time":"2025-01-30T02:35:19+00:00","og_image":[{"width":461,"height":189,"url":"https:\/\/www.rajapack.es\/blog-es\/wp-content\/uploads\/2014\/03\/DiaMujer-2.jpg","type":"image\/jpeg"}],"author":"Rajapack","twitter_card":"summary_large_image","twitter_creator":"@RajapackES","twitter_site":"@RajapackES","twitter_misc":{"Escrito por":"Rajapack","Tiempo de lectura":"1 minuto"},"schema":{"@context":"https:\/\/schema.org","@graph":[{"@type":"Article","@id":"https:\/\/www.rajapack.es\/blog-es\/8-de-marzo-dia-internacional-de-la-mujer#article","isPartOf":{"@id":"https:\/\/www.rajapack.es\/blog-es\/8-de-marzo-dia-internacional-de-la-mujer"},"author":{"name":"Rajapack","@id":"https:\/\/www.rajapack.es\/blog-es\/#\/schema\/person\/400c27752a59dd208888711c96f5fc9d"},"headline":"8 de marzo D\u00eda Internacional de la Mujer","datePublished":"2014-03-07T08:37:00+00:00","dateModified":"2025-01-30T02:35:19+00:00","mainEntityOfPage":{"@id":"https:\/\/www.rajapack.es\/blog-es\/8-de-marzo-dia-internacional-de-la-mujer"},"wordCount":206,"commentCount":0,"publisher":{"@id":"https:\/\/www.rajapack.es\/blog-es\/#organization"},"image":{"@id":"https:\/\/www.rajapack.es\/blog-es\/8-de-marzo-dia-internacional-de-la-mujer#primaryimage"},"thumbnailUrl":"https:\/\/www.rajapack.es\/blog-es\/wp-content\/uploads\/2014\/03\/DiaMujer-2.jpg","articleSection":["Noticias y eventos"],"inLanguage":"es","potentialAction":[{"@type":"CommentAction","name":"Comment","target":["https:\/\/www.rajapack.es\/blog-es\/8-de-marzo-dia-internacional-de-la-mujer#respond"]}]},{"@type":"WebPage","@id":"https:\/\/www.rajapack.es\/blog-es\/8-de-marzo-dia-internacional-de-la-mujer","url":"https:\/\/www.rajapack.es\/blog-es\/8-de-marzo-dia-internacional-de-la-mujer","name":"8 de marzo D\u00eda Internacional de la Mujer RAJAPACK","isPartOf":{"@id":"https:\/\/www.rajapack.es\/blog-es\/#website"},"primaryImageOfPage":{"@id":"https:\/\/www.rajapack.es\/blog-es\/8-de-marzo-dia-internacional-de-la-mujer#primaryimage"},"image":{"@id":"https:\/\/www.rajapack.es\/blog-es\/8-de-marzo-dia-internacional-de-la-mujer#primaryimage"},"thumbnailUrl":"https:\/\/www.rajapack.es\/blog-es\/wp-content\/uploads\/2014\/03\/DiaMujer-2.jpg","datePublished":"2014-03-07T08:37:00+00:00","dateModified":"2025-01-30T02:35:19+00:00","description":"El 8 de marzo siempre es un d\u00eda muy especial, nuestra Directora General, Dani\u00e8le Kapel-Marcovici,defensora de los derechos de la mujer","inLanguage":"es","potentialAction":[{"@type":"ReadAction","target":["https:\/\/www.rajapack.es\/blog-es\/8-de-marzo-dia-internacional-de-la-mujer"]}]},{"@type":"ImageObject","inLanguage":"es","@id":"https:\/\/www.rajapack.es\/blog-es\/8-de-marzo-dia-internacional-de-la-mujer#primaryimage","url":"https:\/\/www.rajapack.es\/blog-es\/wp-content\/uploads\/2014\/03\/DiaMujer-2.jpg","contentUrl":"https:\/\/www.rajapack.es\/blog-es\/wp-content\/uploads\/2014\/03\/DiaMujer-2.jpg","width":461,"height":189,"caption":"D\u00eda de la Mujer_Rakapack"},{"@type":"WebSite","@id":"https:\/\/www.rajapack.es\/blog-es\/#website","url":"https:\/\/www.rajapack.es\/blog-es\/","name":"RAJAPACK Blog | Consejos de embalaje, log\u00edstica y m\u00e1s","description":"Consejos de embalaje, logistica y m\u00e1s","publisher":{"@id":"https:\/\/www.rajapack.es\/blog-es\/#organization"},"potentialAction":[{"@type":"SearchAction","target":{"@type":"EntryPoint","urlTemplate":"https:\/\/www.rajapack.es\/blog-es\/?s={search_term_string}"},"query-input":{"@type":"PropertyValueSpecification","valueRequired":true,"valueName":"search_term_string"}}],"inLanguage":"es"},{"@type":"Organization","@id":"https:\/\/www.rajapack.es\/blog-es\/#organization","name":"RAJA ES","url":"https:\/\/www.rajapack.es\/blog-es\/","logo":{"@type":"ImageObject","inLanguage":"es","@id":"https:\/\/www.rajapack.es\/blog-es\/#\/schema\/logo\/image\/","url":"https:\/\/www.rajapack.es\/blog-es\/wp-content\/uploads\/2021\/10\/logo-mobile@3x.png","contentUrl":"https:\/\/www.rajapack.es\/blog-es\/wp-content\/uploads\/2021\/10\/logo-mobile@3x.png","width":534,"height":114,"caption":"RAJA ES"},"image":{"@id":"https:\/\/www.rajapack.es\/blog-es\/#\/schema\/logo\/image\/"},"sameAs":["https:\/\/www.facebook.com\/Rajapack.es","https:\/\/x.com\/RajapackES","https:\/\/www.linkedin.com\/company\/rajapack-spain\/","https:\/\/www.youtube.com\/user\/RajapackES"]},{"@type":"Person","@id":"https:\/\/www.rajapack.es\/blog-es\/#\/schema\/person\/400c27752a59dd208888711c96f5fc9d","name":"Rajapack","image":{"@type":"ImageObject","inLanguage":"es","@id":"https:\/\/www.rajapack.es\/blog-es\/#\/schema\/person\/image\/","url":"https:\/\/secure.gravatar.com\/avatar\/38091fb406fcb37229e1256d26439fbc?s=96&d=mm&r=g","contentUrl":"https:\/\/secure.gravatar.com\/avatar\/38091fb406fcb37229e1256d26439fbc?s=96&d=mm&r=g","caption":"Rajapack"},"url":"https:\/\/www.rajapack.es\/blog-es\/author\/relevant_traffic"}]}},"_links":{"self":[{"href":"https:\/\/www.rajapack.es\/blog-es\/wp-json\/wp\/v2\/posts\/922"}],"collection":[{"href":"https:\/\/www.rajapack.es\/blog-es\/wp-json\/wp\/v2\/posts"}],"about":[{"href":"https:\/\/www.rajapack.es\/blog-es\/wp-json\/wp\/v2\/types\/post"}],"author":[{"embeddable":true,"href":"https:\/\/www.rajapack.es\/blog-es\/wp-json\/wp\/v2\/users\/11"}],"replies":[{"embeddable":true,"href":"https:\/\/www.rajapack.es\/blog-es\/wp-json\/wp\/v2\/comments?post=922"}],"version-history":[{"count":0,"href":"https:\/\/www.rajapack.es\/blog-es\/wp-json\/wp\/v2\/posts\/922\/revisions"}],"wp:featuredmedia":[{"embeddable":true,"href":"https:\/\/www.rajapack.es\/blog-es\/wp-json\/wp\/v2\/media\/923"}],"wp:attachment":[{"href":"https:\/\/www.rajapack.es\/blog-es\/wp-json\/wp\/v2\/media?parent=922"}],"wp:term":[{"taxonomy":"category","embeddable":true,"href":"https:\/\/www.rajapack.es\/blog-es\/wp-json\/wp\/v2\/categories?post=922"},{"taxonomy":"post_tag","embeddable":true,"href":"https:\/\/www.rajapack.es\/blog-es\/wp-json\/wp\/v2\/tags?post=922"}],"curies":[{"name":"wp","href":"https:\/\/api.w.org\/{rel}","templated":true}]}}