{"id":931,"date":"2014-03-13T17:28:25","date_gmt":"2014-03-13T15:28:25","guid":{"rendered":"https:\/\/blog-staging-es.raja-group.com\/?p=931"},"modified":"2022-04-03T23:54:03","modified_gmt":"2022-04-03T21:54:03","slug":"puesto-de-embalaje-compacto-adaptable-y-ergonomico","status":"publish","type":"post","link":"https:\/\/www.rajapack.es\/blog-es\/puesto-de-embalaje-compacto-adaptable-y-ergonomico","title":{"rendered":"Puesto de embalaje compacto \u00a1adaptable y ergon\u00f3mico!"},"content":{"rendered":"<p>&nbsp;<\/p>\n<p><a href=\"https:\/\/www.rajapack.es\/blog-es\/wp-content\/uploads\/2014\/03\/PuestoEmbalaje-2.jpg\"><img loading=\"lazy\" decoding=\"async\" class=\"alignnone wp-image-932\" src=\"https:\/\/www.rajapack.es\/blog-es\/wp-content\/uploads\/2014\/03\/PuestoEmbalaje-2.jpg\" alt=\"Puesto de embalaje\" width=\"495\" height=\"254\" srcset=\"https:\/\/www.rajapack.es\/blog-es\/wp-content\/uploads\/2014\/03\/PuestoEmbalaje-2.jpg 550w, https:\/\/www.rajapack.es\/blog-es\/wp-content\/uploads\/2014\/03\/PuestoEmbalaje-2-430x220.jpg 430w, https:\/\/www.rajapack.es\/blog-es\/wp-content\/uploads\/2014\/03\/PuestoEmbalaje-2-375x192.jpg 375w\" sizes=\"(max-width: 495px) 100vw, 495px\" \/><\/a><\/p>\n<p>Si necesitas crear un espacio de embalaje y preparaci\u00f3n de pedidos en tu almac\u00e9n o lugar de trabajo, te presentamos una de las novedades que acabamos de incorporar a nuestro cat\u00e1logo. Se trata de un <b>puesto de embalaje compacto<\/b> de la marca alemana H\u00fcdig+Rocholz.<\/p>\n<p>Adaptable y ergon\u00f3mico, admite varias posiciones para ajustarlo a tu espacio y necesidades. Una soluci\u00f3n perfecta para dejar de utilizar esa\u00a0 \u201cmesa para todo\u201d y tener un espacio organizado donde disponer de todo el material a mano: las cajas que se van a montar, la cinta adhesiva y precintadora para cerrarlas, las etiquetas\u2026 Adem\u00e1s, gracias a sus accesorios opcionales, como el soporte para pantalla plana, o el estante met\u00e1lico, puedes incorporar una pantalla de ordenador y\u00a0 una impresora para a\u00f1adir m\u00e1s funcionalidades a este puesto de embalaje.<\/p>\n<p>\u00bfQuieres ver c\u00f3mo se monta?<\/p>\n<p><a title=\"Montaje de puesto de embalaje\" href=\"http:\/\/www.youtube.com\/watch?v=wPXCKfLclHU&amp;list=UUzIY1sTKD92tWpKw4TdQCaQ\" target=\"_blank\" rel=\"noopener noreferrer\"><div class=\"su-youtube su-u-responsive-media-yes\"><iframe loading=\"lazy\" width=\"600\" height=\"400\" src=\"https:\/\/www.youtube.com\/embed\/wPXCKfLclHU?\" frameborder=\"0\" allowfullscreen allow=\"autoplay; encrypted-media; picture-in-picture\" title=\"\"><\/iframe><\/div>\n<\/a><a href=\"https:\/\/www.rajapack.es\/blog-es\/wp-content\/uploads\/2014\/03\/PuestoEmbalaje2-2.jpg\"><img loading=\"lazy\" decoding=\"async\" class=\"size-full wp-image-933 alignright\" src=\"https:\/\/www.rajapack.es\/blog-es\/wp-content\/uploads\/2014\/03\/PuestoEmbalaje2-2.jpg\" alt=\"PuestoEmbalaje2\" width=\"300\" height=\"424\" srcset=\"https:\/\/www.rajapack.es\/blog-es\/wp-content\/uploads\/2014\/03\/PuestoEmbalaje2-2.jpg 300w, https:\/\/www.rajapack.es\/blog-es\/wp-content\/uploads\/2014\/03\/PuestoEmbalaje2-2-159x225.jpg 159w\" sizes=\"(max-width: 300px) 100vw, 300px\" \/><\/a><\/p>\n<p><b>Resistente:<\/b> compuesto de 1 chasis de doble cara equipado con 4 ruedas (2 con frenos) y 1 mesa de trabajo de madera laminada, 1 estante met\u00e1lico y 1 organizador para cajas.<\/p>\n<p><b>Modulable<\/b>: permite construir un puesto de embalaje adaptado a su espacio y necesidades. Accesorios regulables cada 3 cm.<\/p>\n<p><b>Dimensiones de la estructura<\/b>: 65\/101,5 x 79&#215;200,5 cm<\/p>\n<p><b>La entrega es gratuita en toda la Espa\u00f1a Peninsular y tiene una garant\u00eda de 1 a\u00f1o. <\/b><\/p>\n<p>Visita nuestra web para ver m\u00e1s detalles y precio de este <a title=\"Puesto de embalaje compacto\" href=\"https:\/\/www.rajapack.es\/almacenaje-manutencion-seguridad\/mesas-bancos-puestos-embalaje_C703020.html\" target=\"_blank\" rel=\"noopener noreferrer\"><b>puesto de embalaje<\/b><\/a> o contacta con nuestros comerciales de Rajapack en el tel\u00e9fono <b>902 20 30 06<\/b>.<\/p>\n<p>Descubre toda nuestra gama de <b>mesas, bancos de trabajo y puestos de embalaje<\/b>:<\/p>\n<p><a title=\"mesas para almacenaje\" href=\"https:\/\/www.rajapack.es\/almacenaje-manutencion\/mesas-bancos-puestos-embalaje.html\" target=\"_blank\" rel=\"noopener noreferrer\">https:\/\/www.rajapack.es\/almacenaje-manutencion\/mesas-bancos-puestos-embalaje.html<\/a><\/p>\n","protected":false},"excerpt":{"rendered":"<p>&nbsp; Si necesitas crear un espacio de embalaje y preparaci\u00f3n de pedidos en tu almac\u00e9n o lugar de trabajo, te presentamos una de las novedades que acabamos de incorporar a [&#8230;]<\/p>\n","protected":false},"author":11,"featured_media":0,"comment_status":"open","ping_status":"open","sticky":false,"template":"","format":"standard","meta":{"_acf_changed":false,"footnotes":""},"categories":[546],"tags":[185],"class_list":["post-931","post","type-post","status-publish","format-standard","hentry","category-almacen-logistica","tag-maquinas-de-embalaje"],"acf":[],"yoast_head":"\n<title>Puesto de embalaje compacto \u00a1adaptable y ergon\u00f3mico! RAJAPACK<\/title>\n<meta name=\"description\" content=\"Te explicamos por que necesitas un puesto de embalaje compacto, \u00a1es un peque\u00f1o cambio que mejorar\u00e1 la log\u00edstica de tu almac\u00e9n!\" \/>\n<meta name=\"robots\" content=\"index, follow, max-snippet:-1, max-image-preview:large, max-video-preview:-1\" \/>\n<link rel=\"canonical\" href=\"https:\/\/www.rajapack.es\/blog-es\/puesto-de-embalaje-compacto-adaptable-y-ergonomico\" \/>\n<meta property=\"og:locale\" content=\"es_ES\" \/>\n<meta property=\"og:type\" content=\"article\" \/>\n<meta property=\"og:title\" content=\"Puesto de embalaje compacto \u00a1adaptable y ergon\u00f3mico! RAJAPACK\" \/>\n<meta property=\"og:description\" content=\"Te explicamos por que necesitas un puesto de embalaje compacto, \u00a1es un peque\u00f1o cambio que mejorar\u00e1 la log\u00edstica de tu almac\u00e9n!\" \/>\n<meta property=\"og:url\" content=\"https:\/\/www.rajapack.es\/blog-es\/puesto-de-embalaje-compacto-adaptable-y-ergonomico\" \/>\n<meta property=\"og:site_name\" content=\"RAJAPACK Blog | Consejos de embalaje, log\u00edstica y m\u00e1s\" \/>\n<meta property=\"article:publisher\" content=\"https:\/\/www.facebook.com\/Rajapack.es\" \/>\n<meta property=\"article:published_time\" content=\"2014-03-13T15:28:25+00:00\" \/>\n<meta property=\"article:modified_time\" content=\"2022-04-03T21:54:03+00:00\" \/>\n<meta property=\"og:image\" content=\"https:\/\/www.rajapack.es\/blog-es\/wp-content\/uploads\/2014\/03\/PuestoEmbalaje-2.jpg\" \/>\n<meta name=\"author\" content=\"Rajapack\" \/>\n<meta name=\"twitter:card\" content=\"summary_large_image\" \/>\n<meta name=\"twitter:creator\" content=\"@RajapackES\" \/>\n<meta name=\"twitter:site\" content=\"@RajapackES\" \/>\n<meta name=\"twitter:label1\" content=\"Escrito por\" \/>\n\t<meta name=\"twitter:data1\" content=\"Rajapack\" \/>\n\t<meta name=\"twitter:label2\" content=\"Tiempo de lectura\" \/>\n\t<meta name=\"twitter:data2\" content=\"1 minuto\" \/>\n<script type=\"application\/ld+json\" class=\"yoast-schema-graph\">{\n\t    \"@context\": \"https:\/\/schema.org\",\n\t    \"@graph\": [\n\t        {\n\t            \"@type\": \"Article\",\n\t            \"@id\": \"https:\/\/www.rajapack.es\/blog-es\/puesto-de-embalaje-compacto-adaptable-y-ergonomico#article\",\n\t            \"isPartOf\": {\n\t                \"@id\": \"https:\/\/www.rajapack.es\/blog-es\/puesto-de-embalaje-compacto-adaptable-y-ergonomico\"\n\t            },\n\t            \"author\": {\n\t                \"name\": \"Rajapack\",\n\t                \"@id\": \"https:\/\/www.rajapack.es\/blog-es\/#\/schema\/person\/400c27752a59dd208888711c96f5fc9d\"\n\t            },\n\t            \"headline\": \"Puesto de embalaje compacto \u00a1adaptable y ergon\u00f3mico!\",\n\t            \"datePublished\": \"2014-03-13T15:28:25+00:00\",\n\t            \"dateModified\": \"2022-04-03T21:54:03+00:00\",\n\t            \"mainEntityOfPage\": {\n\t                \"@id\": \"https:\/\/www.rajapack.es\/blog-es\/puesto-de-embalaje-compacto-adaptable-y-ergonomico\"\n\t            },\n\t            \"wordCount\": 299,\n\t            \"commentCount\": 0,\n\t            \"publisher\": {\n\t                \"@id\": \"https:\/\/www.rajapack.es\/blog-es\/#organization\"\n\t            },\n\t            \"image\": {\n\t                \"@id\": \"https:\/\/www.rajapack.es\/blog-es\/puesto-de-embalaje-compacto-adaptable-y-ergonomico#primaryimage\"\n\t            },\n\t            \"thumbnailUrl\": \"https:\/\/www.rajapack.es\/blog-es\/wp-content\/uploads\/2014\/03\/PuestoEmbalaje-2.jpg\",\n\t            \"keywords\": [\n\t                \"M\u00e1quinas de embalaje\"\n\t            ],\n\t            \"articleSection\": [\n\t                \"Almac\u00e9n &amp; Log\u00edstica\"\n\t            ],\n\t            \"inLanguage\": \"es\",\n\t            \"potentialAction\": [\n\t                {\n\t                    \"@type\": \"CommentAction\",\n\t                    \"name\": \"Comment\",\n\t                    \"target\": [\n\t                        \"https:\/\/www.rajapack.es\/blog-es\/puesto-de-embalaje-compacto-adaptable-y-ergonomico#respond\"\n\t                    ]\n\t                }\n\t            ]\n\t        },\n\t        {\n\t            \"@type\": \"WebPage\",\n\t            \"@id\": \"https:\/\/www.rajapack.es\/blog-es\/puesto-de-embalaje-compacto-adaptable-y-ergonomico\",\n\t            \"url\": \"https:\/\/www.rajapack.es\/blog-es\/puesto-de-embalaje-compacto-adaptable-y-ergonomico\",\n\t            \"name\": \"Puesto de embalaje compacto \u00a1adaptable y ergon\u00f3mico! RAJAPACK\",\n\t            \"isPartOf\": {\n\t                \"@id\": \"https:\/\/www.rajapack.es\/blog-es\/#website\"\n\t            },\n\t            \"primaryImageOfPage\": {\n\t                \"@id\": \"https:\/\/www.rajapack.es\/blog-es\/puesto-de-embalaje-compacto-adaptable-y-ergonomico#primaryimage\"\n\t            },\n\t            \"image\": {\n\t                \"@id\": \"https:\/\/www.rajapack.es\/blog-es\/puesto-de-embalaje-compacto-adaptable-y-ergonomico#primaryimage\"\n\t            },\n\t            \"thumbnailUrl\": \"https:\/\/www.rajapack.es\/blog-es\/wp-content\/uploads\/2014\/03\/PuestoEmbalaje-2.jpg\",\n\t            \"datePublished\": \"2014-03-13T15:28:25+00:00\",\n\t            \"dateModified\": \"2022-04-03T21:54:03+00:00\",\n\t            \"description\": \"Te explicamos por que necesitas un puesto de embalaje compacto, \u00a1es un peque\u00f1o cambio que mejorar\u00e1 la log\u00edstica de tu almac\u00e9n!\",\n\t            \"inLanguage\": \"es\",\n\t            \"potentialAction\": [\n\t                {\n\t                    \"@type\": \"ReadAction\",\n\t                    \"target\": [\n\t                        \"https:\/\/www.rajapack.es\/blog-es\/puesto-de-embalaje-compacto-adaptable-y-ergonomico\"\n\t                    ]\n\t                }\n\t            ]\n\t        },\n\t        {\n\t            \"@type\": \"ImageObject\",\n\t            \"inLanguage\": \"es\",\n\t            \"@id\": \"https:\/\/www.rajapack.es\/blog-es\/puesto-de-embalaje-compacto-adaptable-y-ergonomico#primaryimage\",\n\t            \"url\": \"https:\/\/www.rajapack.es\/blog-es\/wp-content\/uploads\/2014\/03\/PuestoEmbalaje-2.jpg\",\n\t            \"contentUrl\": \"https:\/\/www.rajapack.es\/blog-es\/wp-content\/uploads\/2014\/03\/PuestoEmbalaje-2.jpg\",\n\t            \"width\": 550,\n\t            \"height\": 282,\n\t            \"caption\": \"Puesto de embalaje\"\n\t        },\n\t        {\n\t            \"@type\": \"WebSite\",\n\t            \"@id\": \"https:\/\/www.rajapack.es\/blog-es\/#website\",\n\t            \"url\": \"https:\/\/www.rajapack.es\/blog-es\/\",\n\t            \"name\": \"RAJAPACK Blog | Consejos de embalaje, log\u00edstica y m\u00e1s\",\n\t            \"description\": \"Consejos de embalaje, logistica y m\u00e1s\",\n\t            \"publisher\": {\n\t                \"@id\": \"https:\/\/www.rajapack.es\/blog-es\/#organization\"\n\t            },\n\t            \"potentialAction\": [\n\t                {\n\t                    \"@type\": \"SearchAction\",\n\t                    \"target\": {\n\t                        \"@type\": \"EntryPoint\",\n\t                        \"urlTemplate\": \"https:\/\/www.rajapack.es\/blog-es\/?s={search_term_string}\"\n\t                    },\n\t                    \"query-input\": {\n\t                        \"@type\": \"PropertyValueSpecification\",\n\t                        \"valueRequired\": true,\n\t                        \"valueName\": \"search_term_string\"\n\t                    }\n\t                }\n\t            ],\n\t            \"inLanguage\": \"es\"\n\t        },\n\t        {\n\t            \"@type\": \"Organization\",\n\t            \"@id\": \"https:\/\/www.rajapack.es\/blog-es\/#organization\",\n\t            \"name\": \"RAJA ES\",\n\t            \"url\": \"https:\/\/www.rajapack.es\/blog-es\/\",\n\t            \"logo\": {\n\t                \"@type\": \"ImageObject\",\n\t                \"inLanguage\": \"es\",\n\t                \"@id\": \"https:\/\/www.rajapack.es\/blog-es\/#\/schema\/logo\/image\/\",\n\t                \"url\": \"https:\/\/www.rajapack.es\/blog-es\/wp-content\/uploads\/2021\/10\/logo-mobile@3x.png\",\n\t                \"contentUrl\": \"https:\/\/www.rajapack.es\/blog-es\/wp-content\/uploads\/2021\/10\/logo-mobile@3x.png\",\n\t                \"width\": 534,\n\t                \"height\": 114,\n\t                \"caption\": \"RAJA ES\"\n\t            },\n\t            \"image\": {\n\t                \"@id\": \"https:\/\/www.rajapack.es\/blog-es\/#\/schema\/logo\/image\/\"\n\t            },\n\t            \"sameAs\": [\n\t                \"https:\/\/www.facebook.com\/Rajapack.es\",\n\t                \"https:\/\/x.com\/RajapackES\",\n\t                \"https:\/\/www.linkedin.com\/company\/rajapack-spain\/\",\n\t                \"https:\/\/www.youtube.com\/user\/RajapackES\"\n\t            ]\n\t        },\n\t        {\n\t            \"@type\": \"Person\",\n\t            \"@id\": \"https:\/\/www.rajapack.es\/blog-es\/#\/schema\/person\/400c27752a59dd208888711c96f5fc9d\",\n\t            \"name\": \"Rajapack\",\n\t            \"image\": {\n\t                \"@type\": \"ImageObject\",\n\t                \"inLanguage\": \"es\",\n\t                \"@id\": \"https:\/\/www.rajapack.es\/blog-es\/#\/schema\/person\/image\/\",\n\t                \"url\": \"https:\/\/secure.gravatar.com\/avatar\/38091fb406fcb37229e1256d26439fbc?s=96&d=mm&r=g\",\n\t                \"contentUrl\": \"https:\/\/secure.gravatar.com\/avatar\/38091fb406fcb37229e1256d26439fbc?s=96&d=mm&r=g\",\n\t                \"caption\": \"Rajapack\"\n\t            },\n\t            \"url\": \"https:\/\/www.rajapack.es\/blog-es\/author\/relevant_traffic\"\n\t        }\n\t    ]\n\t}<\/script>\n","yoast_head_json":{"title":"Puesto de embalaje compacto \u00a1adaptable y ergon\u00f3mico! RAJAPACK","description":"Te explicamos por que necesitas un puesto de embalaje compacto, \u00a1es un peque\u00f1o cambio que mejorar\u00e1 la log\u00edstica de tu almac\u00e9n!","robots":{"index":"index","follow":"follow","max-snippet":"max-snippet:-1","max-image-preview":"max-image-preview:large","max-video-preview":"max-video-preview:-1"},"canonical":"https:\/\/www.rajapack.es\/blog-es\/puesto-de-embalaje-compacto-adaptable-y-ergonomico","og_locale":"es_ES","og_type":"article","og_title":"Puesto de embalaje compacto \u00a1adaptable y ergon\u00f3mico! RAJAPACK","og_description":"Te explicamos por que necesitas un puesto de embalaje compacto, \u00a1es un peque\u00f1o cambio que mejorar\u00e1 la log\u00edstica de tu almac\u00e9n!","og_url":"https:\/\/www.rajapack.es\/blog-es\/puesto-de-embalaje-compacto-adaptable-y-ergonomico","og_site_name":"RAJAPACK Blog | Consejos de embalaje, log\u00edstica y m\u00e1s","article_publisher":"https:\/\/www.facebook.com\/Rajapack.es","article_published_time":"2014-03-13T15:28:25+00:00","article_modified_time":"2022-04-03T21:54:03+00:00","og_image":[{"url":"https:\/\/www.rajapack.es\/blog-es\/wp-content\/uploads\/2014\/03\/PuestoEmbalaje-2.jpg","type":"","width":"","height":""}],"author":"Rajapack","twitter_card":"summary_large_image","twitter_creator":"@RajapackES","twitter_site":"@RajapackES","twitter_misc":{"Escrito por":"Rajapack","Tiempo de lectura":"1 minuto"},"schema":{"@context":"https:\/\/schema.org","@graph":[{"@type":"Article","@id":"https:\/\/www.rajapack.es\/blog-es\/puesto-de-embalaje-compacto-adaptable-y-ergonomico#article","isPartOf":{"@id":"https:\/\/www.rajapack.es\/blog-es\/puesto-de-embalaje-compacto-adaptable-y-ergonomico"},"author":{"name":"Rajapack","@id":"https:\/\/www.rajapack.es\/blog-es\/#\/schema\/person\/400c27752a59dd208888711c96f5fc9d"},"headline":"Puesto de embalaje compacto \u00a1adaptable y ergon\u00f3mico!","datePublished":"2014-03-13T15:28:25+00:00","dateModified":"2022-04-03T21:54:03+00:00","mainEntityOfPage":{"@id":"https:\/\/www.rajapack.es\/blog-es\/puesto-de-embalaje-compacto-adaptable-y-ergonomico"},"wordCount":299,"commentCount":0,"publisher":{"@id":"https:\/\/www.rajapack.es\/blog-es\/#organization"},"image":{"@id":"https:\/\/www.rajapack.es\/blog-es\/puesto-de-embalaje-compacto-adaptable-y-ergonomico#primaryimage"},"thumbnailUrl":"https:\/\/www.rajapack.es\/blog-es\/wp-content\/uploads\/2014\/03\/PuestoEmbalaje-2.jpg","keywords":["M\u00e1quinas de embalaje"],"articleSection":["Almac\u00e9n &amp; Log\u00edstica"],"inLanguage":"es","potentialAction":[{"@type":"CommentAction","name":"Comment","target":["https:\/\/www.rajapack.es\/blog-es\/puesto-de-embalaje-compacto-adaptable-y-ergonomico#respond"]}]},{"@type":"WebPage","@id":"https:\/\/www.rajapack.es\/blog-es\/puesto-de-embalaje-compacto-adaptable-y-ergonomico","url":"https:\/\/www.rajapack.es\/blog-es\/puesto-de-embalaje-compacto-adaptable-y-ergonomico","name":"Puesto de embalaje compacto \u00a1adaptable y ergon\u00f3mico! RAJAPACK","isPartOf":{"@id":"https:\/\/www.rajapack.es\/blog-es\/#website"},"primaryImageOfPage":{"@id":"https:\/\/www.rajapack.es\/blog-es\/puesto-de-embalaje-compacto-adaptable-y-ergonomico#primaryimage"},"image":{"@id":"https:\/\/www.rajapack.es\/blog-es\/puesto-de-embalaje-compacto-adaptable-y-ergonomico#primaryimage"},"thumbnailUrl":"https:\/\/www.rajapack.es\/blog-es\/wp-content\/uploads\/2014\/03\/PuestoEmbalaje-2.jpg","datePublished":"2014-03-13T15:28:25+00:00","dateModified":"2022-04-03T21:54:03+00:00","description":"Te explicamos por que necesitas un puesto de embalaje compacto, \u00a1es un peque\u00f1o cambio que mejorar\u00e1 la log\u00edstica de tu almac\u00e9n!","inLanguage":"es","potentialAction":[{"@type":"ReadAction","target":["https:\/\/www.rajapack.es\/blog-es\/puesto-de-embalaje-compacto-adaptable-y-ergonomico"]}]},{"@type":"ImageObject","inLanguage":"es","@id":"https:\/\/www.rajapack.es\/blog-es\/puesto-de-embalaje-compacto-adaptable-y-ergonomico#primaryimage","url":"https:\/\/www.rajapack.es\/blog-es\/wp-content\/uploads\/2014\/03\/PuestoEmbalaje-2.jpg","contentUrl":"https:\/\/www.rajapack.es\/blog-es\/wp-content\/uploads\/2014\/03\/PuestoEmbalaje-2.jpg","width":550,"height":282,"caption":"Puesto de embalaje"},{"@type":"WebSite","@id":"https:\/\/www.rajapack.es\/blog-es\/#website","url":"https:\/\/www.rajapack.es\/blog-es\/","name":"RAJAPACK Blog | Consejos de embalaje, log\u00edstica y m\u00e1s","description":"Consejos de embalaje, logistica y m\u00e1s","publisher":{"@id":"https:\/\/www.rajapack.es\/blog-es\/#organization"},"potentialAction":[{"@type":"SearchAction","target":{"@type":"EntryPoint","urlTemplate":"https:\/\/www.rajapack.es\/blog-es\/?s={search_term_string}"},"query-input":{"@type":"PropertyValueSpecification","valueRequired":true,"valueName":"search_term_string"}}],"inLanguage":"es"},{"@type":"Organization","@id":"https:\/\/www.rajapack.es\/blog-es\/#organization","name":"RAJA ES","url":"https:\/\/www.rajapack.es\/blog-es\/","logo":{"@type":"ImageObject","inLanguage":"es","@id":"https:\/\/www.rajapack.es\/blog-es\/#\/schema\/logo\/image\/","url":"https:\/\/www.rajapack.es\/blog-es\/wp-content\/uploads\/2021\/10\/logo-mobile@3x.png","contentUrl":"https:\/\/www.rajapack.es\/blog-es\/wp-content\/uploads\/2021\/10\/logo-mobile@3x.png","width":534,"height":114,"caption":"RAJA ES"},"image":{"@id":"https:\/\/www.rajapack.es\/blog-es\/#\/schema\/logo\/image\/"},"sameAs":["https:\/\/www.facebook.com\/Rajapack.es","https:\/\/x.com\/RajapackES","https:\/\/www.linkedin.com\/company\/rajapack-spain\/","https:\/\/www.youtube.com\/user\/RajapackES"]},{"@type":"Person","@id":"https:\/\/www.rajapack.es\/blog-es\/#\/schema\/person\/400c27752a59dd208888711c96f5fc9d","name":"Rajapack","image":{"@type":"ImageObject","inLanguage":"es","@id":"https:\/\/www.rajapack.es\/blog-es\/#\/schema\/person\/image\/","url":"https:\/\/secure.gravatar.com\/avatar\/38091fb406fcb37229e1256d26439fbc?s=96&d=mm&r=g","contentUrl":"https:\/\/secure.gravatar.com\/avatar\/38091fb406fcb37229e1256d26439fbc?s=96&d=mm&r=g","caption":"Rajapack"},"url":"https:\/\/www.rajapack.es\/blog-es\/author\/relevant_traffic"}]}},"_links":{"self":[{"href":"https:\/\/www.rajapack.es\/blog-es\/wp-json\/wp\/v2\/posts\/931"}],"collection":[{"href":"https:\/\/www.rajapack.es\/blog-es\/wp-json\/wp\/v2\/posts"}],"about":[{"href":"https:\/\/www.rajapack.es\/blog-es\/wp-json\/wp\/v2\/types\/post"}],"author":[{"embeddable":true,"href":"https:\/\/www.rajapack.es\/blog-es\/wp-json\/wp\/v2\/users\/11"}],"replies":[{"embeddable":true,"href":"https:\/\/www.rajapack.es\/blog-es\/wp-json\/wp\/v2\/comments?post=931"}],"version-history":[{"count":0,"href":"https:\/\/www.rajapack.es\/blog-es\/wp-json\/wp\/v2\/posts\/931\/revisions"}],"wp:attachment":[{"href":"https:\/\/www.rajapack.es\/blog-es\/wp-json\/wp\/v2\/media?parent=931"}],"wp:term":[{"taxonomy":"category","embeddable":true,"href":"https:\/\/www.rajapack.es\/blog-es\/wp-json\/wp\/v2\/categories?post=931"},{"taxonomy":"post_tag","embeddable":true,"href":"https:\/\/www.rajapack.es\/blog-es\/wp-json\/wp\/v2\/tags?post=931"}],"curies":[{"name":"wp","href":"https:\/\/api.w.org\/{rel}","templated":true}]}}