{"id":9858,"date":"2018-09-04T09:42:49","date_gmt":"2018-09-04T07:42:49","guid":{"rendered":"https:\/\/blog-staging-es.raja-group.com\/?p=9858"},"modified":"2025-01-30T04:31:50","modified_gmt":"2025-01-30T02:31:50","slug":"nuevo-catalogo-embalaje-eleccion-profesional","status":"publish","type":"post","link":"https:\/\/www.rajapack.es\/blog-es\/nuevo-catalogo-embalaje-eleccion-profesional","title":{"rendered":"Presentamos Nuevo Cat\u00e1logo: La elecci\u00f3n profesional"},"content":{"rendered":"<p>Presentamos el\u00a0<a href=\"https:\/\/www.rajapack.es\/catalogues.html\" target=\"_blank\" rel=\"noopener noreferrer\">Nuevo Cat\u00e1logo de Rajapack<\/a>, donde te mostramos todas las razones por la que elegir el embalaje de <strong>Rajapack es la mejor elecci\u00f3n profesional para tu empresa. <\/strong>En sus 400 p\u00e1ginas descubrir\u00e1s nuestra completa gama de 4000 productos en stock para que los recibas en 24\/48h.<\/p>\n<p>Almac\u00e9n, oficina o comercio, sea cual sea tu negocio y tu tama\u00f1o de empresa, tenemos el embalaje que buscas, \u00bfme acompa\u00f1as y te lo presento?<\/p>\n<h2>Rajapack, La Elecci\u00f3n Profesional<\/h2>\n<p><img loading=\"lazy\" decoding=\"async\" class=\"alignleft wp-image-9902\" src=\"https:\/\/www.rajapack.es\/blog-es\/wp-content\/uploads\/2018\/08\/ESG0918-L-300x267.png\" alt=\"Cat\u00e1logo Rajapack Setiembre 2018\" width=\"233\" height=\"207\" \/>Cumplimos 15 a\u00f1os en Espa\u00f1a y queremos celebrarlo ofreci\u00e9ndote lo mejor, porque <strong>la satisfacci\u00f3n de nuestros clientes ha sido, y sigue siendo, primordial para nosotros<\/strong>.\u00a0\u00a0En estos 15 a\u00f1os hemos seleccionado <strong>las mejores soluciones de embalaje<\/strong>, las m\u00e1s eficientes y las que m\u00e1s se adaptan a la diversidad de sectores con los que trabajamos. Pero adem\u00e1s, sabemos lo importante que es para las empresas recibir sus pedidos de embalaje a tiempo, por eso nuestros productos est\u00e1n en stock y aseguramos una <strong>entrega r\u00e1pida y eficiente.\u00a0<\/strong><\/p>\n<h3>La elecci\u00f3n de la innovaci\u00f3n y la creatividad<\/h3>\n<p>Los productos de <a href=\"https:\/\/www.rajapack.es\/eleccion-profesional_C9609.html\/\" target=\"_blank\" rel=\"noopener noreferrer\"><strong>embalaje eficientes<\/strong><\/a> ganan protagonismo en este cat\u00e1logo ya que ayudan a ahorrar tiempo y dinero. Nuestros especialistas encuentran cada d\u00eda embalajes, equipamientos y sistemas \u00abinteligentes\u00bb que responden a las inquietudes de nuestros clientes: ahorrar tiempo y espacio para preparar los paquetes, reducir el n\u00famero de roturas durante el transporte, racionalizar los pedidos y optimizar los gastos de embalaje&#8230;<\/p>\n<p>Adem\u00e1s, estamos desarrollando <strong>nuevas herramientas digitales para facilitar tus compras<\/strong>: web optimizada para m\u00f3vil, personalizaci\u00f3n online&#8230; Nuestro objetivo: mejorar tu experiencia de compra y navegaci\u00f3n por nuestra web.<\/p>\n<h3>Y si hablamos de eficiencia \u00bfQu\u00e9 tienen en com\u00fan las empresas de \u00e9xito?<\/h3>\n<p>Descubre en nuestro v\u00eddeo la respuesta en apenas 2 minutos. Play!<\/p>\n<p><iframe loading=\"lazy\" title=\"Embalaje: La elecci\u00f3n profesional para tu empresa | Rajapack\" width=\"500\" height=\"281\" src=\"https:\/\/www.youtube.com\/embed\/ztQm_CLC4J0?feature=oembed\" frameborder=\"0\" allow=\"accelerometer; autoplay; clipboard-write; encrypted-media; gyroscope; picture-in-picture; web-share\" referrerpolicy=\"strict-origin-when-cross-origin\" allowfullscreen><\/iframe><\/p>\n<h3>Haz la elecci\u00f3n profesional, elige Rajapack<\/h3>\n<ul>\n<li>M\u00e1s de 4000 productos de embalaje en stock permanente<\/li>\n<li>Entregamos en 24\/48h<\/li>\n<li>Presupuestos para grandes cantidades<\/li>\n<li>Personalizamos tus productos y fabricamos a medida<\/li>\n<li>Asesoramiento especializado<\/li>\n<li>Ofrecemos entregas a la carta: entregas parciales y en multicentros o delegaciones<\/li>\n<li>Un socio para todas tus compras<\/li>\n<li>El 93% de nuestros proveedores son europeos<\/li>\n<\/ul>\n<h3>Nuestra elecci\u00f3n, ser un socio comprometido<\/h3>\n<p>El Grupo RAJA adem\u00e1s se caracteriza por su alto compromiso con la sociedad que le rodea. La Fundaci\u00f3n RAJA Dani\u00e8le Marcovici, creada en 2006 es el fruto de ese compromiso. Y en concreto el <a href=\"https:\/\/www.rajapack.es\/mujeres-y-medioambiente_cms_000048.html\" target=\"_blank\" rel=\"noopener noreferrer\">Programa de acciones Mujeres y Medioambiente<\/a> promueve proyectos que apoyan a las mujeres en pa\u00edses en desarrollo y en la pr\u00e1ctica de actividades que est\u00e1n directamente relacionadas con la protecci\u00f3n del medio ambiente. Rajapack en cooperaci\u00f3n con sus proveedores, ha seleccionado embalajes eco-responsables para apoyar esta acci\u00f3n. Hasta el 28 de febrero de 2019, cada vez que compres alguno de los productos seleccionados, destinaremos 1\u20ac por paquete a la <a href=\"https:\/\/www.fondation-raja-marcovici.com\/\" target=\"_blank\" rel=\"noopener noreferrer\">Fundaci\u00f3n RAJA-Dani\u00e8le Marcovici<\/a>. Desde su lanzamiento, y gracias a la participaci\u00f3n de nuestros clientes,<strong> m\u00e1s de 1 mill\u00f3n de euros se ha destinado en beneficio de 29 proyectos solidarios<\/strong>.<\/p>\n<p>Si quieres saber m\u00e1s sobre nuestros programas de acci\u00f3n, \u00a1en breves tendremos un nuevo post en el blog!<\/p>\n<div class=\"su-button-center\"><a href=\"https:\/\/www.rajapack.es\/catalogues.html\" class=\"su-button su-button-style-3d\" style=\"color:#FFFFFF;background-color:#2D89EF;border-color:#246ec0;border-radius:9px\" target=\"_blank\" rel=\"noopener noreferrer\"><span style=\"color:#FFFFFF;padding:8px 24px;font-size:18px;line-height:27px;border-color:#6cadf4;border-radius:9px;text-shadow:none\"><i class=\"sui sui-shopping-cart\" style=\"font-size:18px;color:#FFFFFF\"><\/i> Solicita aqu\u00ed tu cat\u00e1logo<\/span><\/a><\/div>\n","protected":false},"excerpt":{"rendered":"<p>Presentamos el\u00a0Nuevo Cat\u00e1logo de Rajapack, donde te mostramos todas las razones por la que elegir el embalaje de Rajapack es la mejor elecci\u00f3n profesional para tu empresa. En sus 400 [&#8230;]<\/p>\n","protected":false},"author":21,"featured_media":9909,"comment_status":"open","ping_status":"open","sticky":false,"template":"","format":"standard","meta":{"_acf_changed":false,"footnotes":""},"categories":[6],"tags":[63],"class_list":["post-9858","post","type-post","status-publish","format-standard","has-post-thumbnail","hentry","category-noticias","tag-catalogo"],"acf":[],"yoast_head":"\n<title>Presentamos Nuevo Cat\u00e1logo: La elecci\u00f3n profesional RAJAPACK<\/title>\n<meta name=\"description\" content=\"\u00a1Te presentamos nuestro nuevo cat\u00e1logo: La elecci\u00f3n profesional! Todo sobre las novedades en productos de embalaje en este post del blog.\" \/>\n<meta name=\"robots\" content=\"index, follow, max-snippet:-1, max-image-preview:large, max-video-preview:-1\" \/>\n<link rel=\"canonical\" href=\"https:\/\/www.rajapack.es\/blog-es\/nuevo-catalogo-embalaje-eleccion-profesional\" \/>\n<meta property=\"og:locale\" content=\"es_ES\" \/>\n<meta property=\"og:type\" content=\"article\" \/>\n<meta property=\"og:title\" content=\"Presentamos Nuevo Cat\u00e1logo: La elecci\u00f3n profesional RAJAPACK\" \/>\n<meta property=\"og:description\" content=\"\u00a1Te presentamos nuestro nuevo cat\u00e1logo: La elecci\u00f3n profesional! Todo sobre las novedades en productos de embalaje en este post del blog.\" \/>\n<meta property=\"og:url\" content=\"https:\/\/www.rajapack.es\/blog-es\/nuevo-catalogo-embalaje-eleccion-profesional\" \/>\n<meta property=\"og:site_name\" content=\"RAJAPACK Blog | Consejos de embalaje, log\u00edstica y m\u00e1s\" \/>\n<meta property=\"article:publisher\" content=\"https:\/\/www.facebook.com\/Rajapack.es\" \/>\n<meta property=\"article:published_time\" content=\"2018-09-04T07:42:49+00:00\" \/>\n<meta property=\"article:modified_time\" content=\"2025-01-30T02:31:50+00:00\" \/>\n<meta property=\"og:image\" content=\"https:\/\/www.rajapack.es\/blog-es\/wp-content\/uploads\/2018\/09\/nuevo-catalogo-BLOG.jpg\" \/>\n\t<meta property=\"og:image:width\" content=\"850\" \/>\n\t<meta property=\"og:image:height\" content=\"450\" \/>\n\t<meta property=\"og:image:type\" content=\"image\/jpeg\" \/>\n<meta name=\"author\" content=\"Victor Perez\" \/>\n<meta name=\"twitter:card\" content=\"summary_large_image\" \/>\n<meta name=\"twitter:creator\" content=\"@RajapackES\" \/>\n<meta name=\"twitter:site\" content=\"@RajapackES\" \/>\n<meta name=\"twitter:label1\" content=\"Escrito por\" \/>\n\t<meta name=\"twitter:data1\" content=\"Victor Perez\" \/>\n\t<meta name=\"twitter:label2\" content=\"Tiempo de lectura\" \/>\n\t<meta name=\"twitter:data2\" content=\"3 minutos\" \/>\n<script type=\"application\/ld+json\" class=\"yoast-schema-graph\">{\n\t    \"@context\": \"https:\/\/schema.org\",\n\t    \"@graph\": [\n\t        {\n\t            \"@type\": \"Article\",\n\t            \"@id\": \"https:\/\/www.rajapack.es\/blog-es\/nuevo-catalogo-embalaje-eleccion-profesional#article\",\n\t            \"isPartOf\": {\n\t                \"@id\": \"https:\/\/www.rajapack.es\/blog-es\/nuevo-catalogo-embalaje-eleccion-profesional\"\n\t            },\n\t            \"author\": {\n\t                \"name\": \"Victor Perez\",\n\t                \"@id\": \"https:\/\/www.rajapack.es\/blog-es\/#\/schema\/person\/fd906758d90ebc74ad7e05e7bd1e0ee9\"\n\t            },\n\t            \"headline\": \"Presentamos Nuevo Cat\u00e1logo: La elecci\u00f3n profesional\",\n\t            \"datePublished\": \"2018-09-04T07:42:49+00:00\",\n\t            \"dateModified\": \"2025-01-30T02:31:50+00:00\",\n\t            \"mainEntityOfPage\": {\n\t                \"@id\": \"https:\/\/www.rajapack.es\/blog-es\/nuevo-catalogo-embalaje-eleccion-profesional\"\n\t            },\n\t            \"wordCount\": 574,\n\t            \"commentCount\": 2,\n\t            \"publisher\": {\n\t                \"@id\": \"https:\/\/www.rajapack.es\/blog-es\/#organization\"\n\t            },\n\t            \"image\": {\n\t                \"@id\": \"https:\/\/www.rajapack.es\/blog-es\/nuevo-catalogo-embalaje-eleccion-profesional#primaryimage\"\n\t            },\n\t            \"thumbnailUrl\": \"https:\/\/www.rajapack.es\/blog-es\/wp-content\/uploads\/2018\/09\/nuevo-catalogo-BLOG.jpg\",\n\t            \"keywords\": [\n\t                \"Cat\u00e1logo\"\n\t            ],\n\t            \"articleSection\": [\n\t                \"Noticias y eventos\"\n\t            ],\n\t            \"inLanguage\": \"es\",\n\t            \"potentialAction\": [\n\t                {\n\t                    \"@type\": \"CommentAction\",\n\t                    \"name\": \"Comment\",\n\t                    \"target\": [\n\t                        \"https:\/\/www.rajapack.es\/blog-es\/nuevo-catalogo-embalaje-eleccion-profesional#respond\"\n\t                    ]\n\t                }\n\t            ]\n\t        },\n\t        {\n\t            \"@type\": \"WebPage\",\n\t            \"@id\": \"https:\/\/www.rajapack.es\/blog-es\/nuevo-catalogo-embalaje-eleccion-profesional\",\n\t            \"url\": \"https:\/\/www.rajapack.es\/blog-es\/nuevo-catalogo-embalaje-eleccion-profesional\",\n\t            \"name\": \"Presentamos Nuevo Cat\u00e1logo: La elecci\u00f3n profesional RAJAPACK\",\n\t            \"isPartOf\": {\n\t                \"@id\": \"https:\/\/www.rajapack.es\/blog-es\/#website\"\n\t            },\n\t            \"primaryImageOfPage\": {\n\t                \"@id\": \"https:\/\/www.rajapack.es\/blog-es\/nuevo-catalogo-embalaje-eleccion-profesional#primaryimage\"\n\t            },\n\t            \"image\": {\n\t                \"@id\": \"https:\/\/www.rajapack.es\/blog-es\/nuevo-catalogo-embalaje-eleccion-profesional#primaryimage\"\n\t            },\n\t            \"thumbnailUrl\": \"https:\/\/www.rajapack.es\/blog-es\/wp-content\/uploads\/2018\/09\/nuevo-catalogo-BLOG.jpg\",\n\t            \"datePublished\": \"2018-09-04T07:42:49+00:00\",\n\t            \"dateModified\": \"2025-01-30T02:31:50+00:00\",\n\t            \"description\": \"\u00a1Te presentamos nuestro nuevo cat\u00e1logo: La elecci\u00f3n profesional! Todo sobre las novedades en productos de embalaje en este post del blog.\",\n\t            \"inLanguage\": \"es\",\n\t            \"potentialAction\": [\n\t                {\n\t                    \"@type\": \"ReadAction\",\n\t                    \"target\": [\n\t                        \"https:\/\/www.rajapack.es\/blog-es\/nuevo-catalogo-embalaje-eleccion-profesional\"\n\t                    ]\n\t                }\n\t            ]\n\t        },\n\t        {\n\t            \"@type\": \"ImageObject\",\n\t            \"inLanguage\": \"es\",\n\t            \"@id\": \"https:\/\/www.rajapack.es\/blog-es\/nuevo-catalogo-embalaje-eleccion-profesional#primaryimage\",\n\t            \"url\": \"https:\/\/www.rajapack.es\/blog-es\/wp-content\/uploads\/2018\/09\/nuevo-catalogo-BLOG.jpg\",\n\t            \"contentUrl\": \"https:\/\/www.rajapack.es\/blog-es\/wp-content\/uploads\/2018\/09\/nuevo-catalogo-BLOG.jpg\",\n\t            \"width\": 850,\n\t            \"height\": 450,\n\t            \"caption\": \"Nuevo Cat\u00e1logo Rajapack\"\n\t        },\n\t        {\n\t            \"@type\": \"WebSite\",\n\t            \"@id\": \"https:\/\/www.rajapack.es\/blog-es\/#website\",\n\t            \"url\": \"https:\/\/www.rajapack.es\/blog-es\/\",\n\t            \"name\": \"RAJAPACK Blog | Consejos de embalaje, log\u00edstica y m\u00e1s\",\n\t            \"description\": \"Consejos de embalaje, logistica y m\u00e1s\",\n\t            \"publisher\": {\n\t                \"@id\": \"https:\/\/www.rajapack.es\/blog-es\/#organization\"\n\t            },\n\t            \"potentialAction\": [\n\t                {\n\t                    \"@type\": \"SearchAction\",\n\t                    \"target\": {\n\t                        \"@type\": \"EntryPoint\",\n\t                        \"urlTemplate\": \"https:\/\/www.rajapack.es\/blog-es\/?s={search_term_string}\"\n\t                    },\n\t                    \"query-input\": {\n\t                        \"@type\": \"PropertyValueSpecification\",\n\t                        \"valueRequired\": true,\n\t                        \"valueName\": \"search_term_string\"\n\t                    }\n\t                }\n\t            ],\n\t            \"inLanguage\": \"es\"\n\t        },\n\t        {\n\t            \"@type\": \"Organization\",\n\t            \"@id\": \"https:\/\/www.rajapack.es\/blog-es\/#organization\",\n\t            \"name\": \"RAJA ES\",\n\t            \"url\": \"https:\/\/www.rajapack.es\/blog-es\/\",\n\t            \"logo\": {\n\t                \"@type\": \"ImageObject\",\n\t                \"inLanguage\": \"es\",\n\t                \"@id\": \"https:\/\/www.rajapack.es\/blog-es\/#\/schema\/logo\/image\/\",\n\t                \"url\": \"https:\/\/www.rajapack.es\/blog-es\/wp-content\/uploads\/2021\/10\/logo-mobile@3x.png\",\n\t                \"contentUrl\": \"https:\/\/www.rajapack.es\/blog-es\/wp-content\/uploads\/2021\/10\/logo-mobile@3x.png\",\n\t                \"width\": 534,\n\t                \"height\": 114,\n\t                \"caption\": \"RAJA ES\"\n\t            },\n\t            \"image\": {\n\t                \"@id\": \"https:\/\/www.rajapack.es\/blog-es\/#\/schema\/logo\/image\/\"\n\t            },\n\t            \"sameAs\": [\n\t                \"https:\/\/www.facebook.com\/Rajapack.es\",\n\t                \"https:\/\/x.com\/RajapackES\",\n\t                \"https:\/\/www.linkedin.com\/company\/rajapack-spain\/\",\n\t                \"https:\/\/www.youtube.com\/user\/RajapackES\"\n\t            ]\n\t        },\n\t        {\n\t            \"@type\": \"Person\",\n\t            \"@id\": \"https:\/\/www.rajapack.es\/blog-es\/#\/schema\/person\/fd906758d90ebc74ad7e05e7bd1e0ee9\",\n\t            \"name\": \"Victor Perez\",\n\t            \"image\": {\n\t                \"@type\": \"ImageObject\",\n\t                \"inLanguage\": \"es\",\n\t                \"@id\": \"https:\/\/www.rajapack.es\/blog-es\/#\/schema\/person\/image\/\",\n\t                \"url\": \"https:\/\/secure.gravatar.com\/avatar\/d0d8096668b087ab3f0237abbd9b803b?s=96&d=mm&r=g\",\n\t                \"contentUrl\": \"https:\/\/secure.gravatar.com\/avatar\/d0d8096668b087ab3f0237abbd9b803b?s=96&d=mm&r=g\",\n\t                \"caption\": \"Victor Perez\"\n\t            },\n\t            \"description\": \"Web Marketer Junior\",\n\t            \"url\": \"https:\/\/www.rajapack.es\/blog-es\/author\/vperez\"\n\t        }\n\t    ]\n\t}<\/script>\n","yoast_head_json":{"title":"Presentamos Nuevo Cat\u00e1logo: La elecci\u00f3n profesional RAJAPACK","description":"\u00a1Te presentamos nuestro nuevo cat\u00e1logo: La elecci\u00f3n profesional! Todo sobre las novedades en productos de embalaje en este post del blog.","robots":{"index":"index","follow":"follow","max-snippet":"max-snippet:-1","max-image-preview":"max-image-preview:large","max-video-preview":"max-video-preview:-1"},"canonical":"https:\/\/www.rajapack.es\/blog-es\/nuevo-catalogo-embalaje-eleccion-profesional","og_locale":"es_ES","og_type":"article","og_title":"Presentamos Nuevo Cat\u00e1logo: La elecci\u00f3n profesional RAJAPACK","og_description":"\u00a1Te presentamos nuestro nuevo cat\u00e1logo: La elecci\u00f3n profesional! Todo sobre las novedades en productos de embalaje en este post del blog.","og_url":"https:\/\/www.rajapack.es\/blog-es\/nuevo-catalogo-embalaje-eleccion-profesional","og_site_name":"RAJAPACK Blog | Consejos de embalaje, log\u00edstica y m\u00e1s","article_publisher":"https:\/\/www.facebook.com\/Rajapack.es","article_published_time":"2018-09-04T07:42:49+00:00","article_modified_time":"2025-01-30T02:31:50+00:00","og_image":[{"width":850,"height":450,"url":"https:\/\/www.rajapack.es\/blog-es\/wp-content\/uploads\/2018\/09\/nuevo-catalogo-BLOG.jpg","type":"image\/jpeg"}],"author":"Victor Perez","twitter_card":"summary_large_image","twitter_creator":"@RajapackES","twitter_site":"@RajapackES","twitter_misc":{"Escrito por":"Victor Perez","Tiempo de lectura":"3 minutos"},"schema":{"@context":"https:\/\/schema.org","@graph":[{"@type":"Article","@id":"https:\/\/www.rajapack.es\/blog-es\/nuevo-catalogo-embalaje-eleccion-profesional#article","isPartOf":{"@id":"https:\/\/www.rajapack.es\/blog-es\/nuevo-catalogo-embalaje-eleccion-profesional"},"author":{"name":"Victor Perez","@id":"https:\/\/www.rajapack.es\/blog-es\/#\/schema\/person\/fd906758d90ebc74ad7e05e7bd1e0ee9"},"headline":"Presentamos Nuevo Cat\u00e1logo: La elecci\u00f3n profesional","datePublished":"2018-09-04T07:42:49+00:00","dateModified":"2025-01-30T02:31:50+00:00","mainEntityOfPage":{"@id":"https:\/\/www.rajapack.es\/blog-es\/nuevo-catalogo-embalaje-eleccion-profesional"},"wordCount":574,"commentCount":2,"publisher":{"@id":"https:\/\/www.rajapack.es\/blog-es\/#organization"},"image":{"@id":"https:\/\/www.rajapack.es\/blog-es\/nuevo-catalogo-embalaje-eleccion-profesional#primaryimage"},"thumbnailUrl":"https:\/\/www.rajapack.es\/blog-es\/wp-content\/uploads\/2018\/09\/nuevo-catalogo-BLOG.jpg","keywords":["Cat\u00e1logo"],"articleSection":["Noticias y eventos"],"inLanguage":"es","potentialAction":[{"@type":"CommentAction","name":"Comment","target":["https:\/\/www.rajapack.es\/blog-es\/nuevo-catalogo-embalaje-eleccion-profesional#respond"]}]},{"@type":"WebPage","@id":"https:\/\/www.rajapack.es\/blog-es\/nuevo-catalogo-embalaje-eleccion-profesional","url":"https:\/\/www.rajapack.es\/blog-es\/nuevo-catalogo-embalaje-eleccion-profesional","name":"Presentamos Nuevo Cat\u00e1logo: La elecci\u00f3n profesional RAJAPACK","isPartOf":{"@id":"https:\/\/www.rajapack.es\/blog-es\/#website"},"primaryImageOfPage":{"@id":"https:\/\/www.rajapack.es\/blog-es\/nuevo-catalogo-embalaje-eleccion-profesional#primaryimage"},"image":{"@id":"https:\/\/www.rajapack.es\/blog-es\/nuevo-catalogo-embalaje-eleccion-profesional#primaryimage"},"thumbnailUrl":"https:\/\/www.rajapack.es\/blog-es\/wp-content\/uploads\/2018\/09\/nuevo-catalogo-BLOG.jpg","datePublished":"2018-09-04T07:42:49+00:00","dateModified":"2025-01-30T02:31:50+00:00","description":"\u00a1Te presentamos nuestro nuevo cat\u00e1logo: La elecci\u00f3n profesional! Todo sobre las novedades en productos de embalaje en este post del blog.","inLanguage":"es","potentialAction":[{"@type":"ReadAction","target":["https:\/\/www.rajapack.es\/blog-es\/nuevo-catalogo-embalaje-eleccion-profesional"]}]},{"@type":"ImageObject","inLanguage":"es","@id":"https:\/\/www.rajapack.es\/blog-es\/nuevo-catalogo-embalaje-eleccion-profesional#primaryimage","url":"https:\/\/www.rajapack.es\/blog-es\/wp-content\/uploads\/2018\/09\/nuevo-catalogo-BLOG.jpg","contentUrl":"https:\/\/www.rajapack.es\/blog-es\/wp-content\/uploads\/2018\/09\/nuevo-catalogo-BLOG.jpg","width":850,"height":450,"caption":"Nuevo Cat\u00e1logo Rajapack"},{"@type":"WebSite","@id":"https:\/\/www.rajapack.es\/blog-es\/#website","url":"https:\/\/www.rajapack.es\/blog-es\/","name":"RAJAPACK Blog | Consejos de embalaje, log\u00edstica y m\u00e1s","description":"Consejos de embalaje, logistica y m\u00e1s","publisher":{"@id":"https:\/\/www.rajapack.es\/blog-es\/#organization"},"potentialAction":[{"@type":"SearchAction","target":{"@type":"EntryPoint","urlTemplate":"https:\/\/www.rajapack.es\/blog-es\/?s={search_term_string}"},"query-input":{"@type":"PropertyValueSpecification","valueRequired":true,"valueName":"search_term_string"}}],"inLanguage":"es"},{"@type":"Organization","@id":"https:\/\/www.rajapack.es\/blog-es\/#organization","name":"RAJA ES","url":"https:\/\/www.rajapack.es\/blog-es\/","logo":{"@type":"ImageObject","inLanguage":"es","@id":"https:\/\/www.rajapack.es\/blog-es\/#\/schema\/logo\/image\/","url":"https:\/\/www.rajapack.es\/blog-es\/wp-content\/uploads\/2021\/10\/logo-mobile@3x.png","contentUrl":"https:\/\/www.rajapack.es\/blog-es\/wp-content\/uploads\/2021\/10\/logo-mobile@3x.png","width":534,"height":114,"caption":"RAJA ES"},"image":{"@id":"https:\/\/www.rajapack.es\/blog-es\/#\/schema\/logo\/image\/"},"sameAs":["https:\/\/www.facebook.com\/Rajapack.es","https:\/\/x.com\/RajapackES","https:\/\/www.linkedin.com\/company\/rajapack-spain\/","https:\/\/www.youtube.com\/user\/RajapackES"]},{"@type":"Person","@id":"https:\/\/www.rajapack.es\/blog-es\/#\/schema\/person\/fd906758d90ebc74ad7e05e7bd1e0ee9","name":"Victor Perez","image":{"@type":"ImageObject","inLanguage":"es","@id":"https:\/\/www.rajapack.es\/blog-es\/#\/schema\/person\/image\/","url":"https:\/\/secure.gravatar.com\/avatar\/d0d8096668b087ab3f0237abbd9b803b?s=96&d=mm&r=g","contentUrl":"https:\/\/secure.gravatar.com\/avatar\/d0d8096668b087ab3f0237abbd9b803b?s=96&d=mm&r=g","caption":"Victor Perez"},"description":"Web Marketer Junior","url":"https:\/\/www.rajapack.es\/blog-es\/author\/vperez"}]}},"_links":{"self":[{"href":"https:\/\/www.rajapack.es\/blog-es\/wp-json\/wp\/v2\/posts\/9858"}],"collection":[{"href":"https:\/\/www.rajapack.es\/blog-es\/wp-json\/wp\/v2\/posts"}],"about":[{"href":"https:\/\/www.rajapack.es\/blog-es\/wp-json\/wp\/v2\/types\/post"}],"author":[{"embeddable":true,"href":"https:\/\/www.rajapack.es\/blog-es\/wp-json\/wp\/v2\/users\/21"}],"replies":[{"embeddable":true,"href":"https:\/\/www.rajapack.es\/blog-es\/wp-json\/wp\/v2\/comments?post=9858"}],"version-history":[{"count":0,"href":"https:\/\/www.rajapack.es\/blog-es\/wp-json\/wp\/v2\/posts\/9858\/revisions"}],"wp:featuredmedia":[{"embeddable":true,"href":"https:\/\/www.rajapack.es\/blog-es\/wp-json\/wp\/v2\/media\/9909"}],"wp:attachment":[{"href":"https:\/\/www.rajapack.es\/blog-es\/wp-json\/wp\/v2\/media?parent=9858"}],"wp:term":[{"taxonomy":"category","embeddable":true,"href":"https:\/\/www.rajapack.es\/blog-es\/wp-json\/wp\/v2\/categories?post=9858"},{"taxonomy":"post_tag","embeddable":true,"href":"https:\/\/www.rajapack.es\/blog-es\/wp-json\/wp\/v2\/tags?post=9858"}],"curies":[{"name":"wp","href":"https:\/\/api.w.org\/{rel}","templated":true}]}}